{"id":224658,"date":"2023-05-10T07:04:25","date_gmt":"2023-05-10T10:04:25","guid":{"rendered":"https:\/\/diariotextual.com\/inicio\/?p=224658"},"modified":"2023-05-10T15:37:13","modified_gmt":"2023-05-10T18:37:13","slug":"de-pedro-contra-la-corte-estamos-frente-a-una-virtual-intervencion-federal-de-dos-provincias","status":"publish","type":"post","link":"https:\/\/diariotextual.com\/inicio\/index.php\/2023\/05\/10\/de-pedro-contra-la-corte-estamos-frente-a-una-virtual-intervencion-federal-de-dos-provincias\/","title":{"rendered":"De Pedro contra la Corte: \u201cEstamos frente a una virtual intervenci\u00f3n federal de dos provincias\u201d"},"content":{"rendered":"\n<p>El ministro del Interior,\u00a0Eduardo \u201cWado\u201d de Pedro, catalog\u00f3 de \u201cirresponsable\u201d la\u00a0<a href=\"https:\/\/diariotextual.com\/inicio\/index.php\/2023\/05\/09\/la-corte-suspendio-las-elecciones-en-san-juan-y-en-tucuman-de-este-domingo\/\" target=\"_blank\" rel=\"noreferrer noopener\">decisi\u00f3n de la Corte Suprema de suspender las elecciones previstas para el pr\u00f3ximo domingo en las provincias de Tucum\u00e1n y San Juan,<\/a>\u00a0al asegurar que el m\u00e1ximo tribunal \u201cse arroga una competencia que no tiene\u201d.<\/p>\n\n\n\n<p>Seg\u00fan expres\u00f3 en un mensaje oficial, el funcionario sostuvo que no deb\u00eda inmiscuirse porque&nbsp;\u201cse trata de partidos provinciales cuestionando normativas provinciales que deben resolver las cortes provinciales\u201d.<\/p>\n\n\n\n<p><strong>\u201cEstamos frente a una virtual intervenci\u00f3n federal de dos\u00a0provincias\u201d<\/strong>,\u00a0advirti\u00f3 De Pedro.\u00a0El titular de la cartera de Interior lo expres\u00f3 en un mensaje pronunciado desde Casa Rosada junto a la secretaria de Asuntos Pol\u00edticos de Interior, Patricia Garc\u00eda Blanco.<\/p>\n\n\n\n<p>\u201cEn el d\u00eda de hoy, tres jueces de la Corte Suprema suspendieron las elecciones de San Juan y Tucum\u00e1n 72 horas antes de la veda. Una elecci\u00f3n que se encuentra en la recta final:&nbsp;con las boletas impresas, las fuerzas pol\u00edticas ya presentaron y debatieron sus propuestas y con la ciudadan\u00eda lista para tener una jornada democr\u00e1tica en paz\u201d,&nbsp;indic\u00f3.<\/p>\n\n\n\n<p>El ministro del Interior se\u00f1al\u00f3:&nbsp;\u201cAnte un hecho de gravedad institucional como este es importante que recordemos lo que dice nuestra Constituci\u00f3n: la Naci\u00f3n Argentina es una rep\u00fablica federal.&nbsp;Las provincias mantienen su autonom\u00eda y, por lo tanto, deciden sobre su sistema electoral, su forma de votar, la fecha y sus candidatos\u201d.<\/p>\n\n\n\n<p>\u201cEsta decisi\u00f3n irresponsable de la Corte se arroga una competencia que no tiene: se trata de partidos provinciales cuestionando normativas provinciales que deben resolver las cortes provinciales. Estamos frente a una virtual intervenci\u00f3n federal de dos provincias\u201d, subray\u00f3 el funcionario nacional.<\/p>\n\n\n\n<p>Adem\u00e1s, record\u00f3 que se trata de&nbsp;\u201cuna Corte compuesta por dos jueces que aceptaron ser designados por decreto del ex presidente Macri, violando nuestras leyes, una Corte que aval\u00f3 la persecuci\u00f3n contra la vicepresidenta Cristina Kirchner\u201d.<\/p>\n\n\n\n<p>\u201cNo hay democracia posible con una Corte deslegitimada. Argentina necesita una Corte independiente, transparente y al servicio de la sociedad, no de los poderes concentrados\u201d, enfatiz\u00f3 De Pedro.<\/p>\n\n\n\n<p>Y agreg\u00f3:&nbsp;\u201cEl pr\u00f3ximo domingo 14 hay 5 elecciones en las que el relato de los medios va a chocar contra la contundencia de las urnas. Ya proscribieron a Cristina y esto es un intento de proscribir el voto de los tucumanos, tucumanas, los sanjuaninos y sanjuaninas. No es una decisi\u00f3n contra un candidato u otro: es coartar el derecho de los ciudadanos y ciudadanas a elegir y ser elegidos\u201d.<\/p>\n","protected":false},"excerpt":{"rendered":"<p>El ministro del Interior,\u00a0Eduardo \u201cWado\u201d de Pedro, catalog\u00f3 de \u201cirresponsable\u201d la\u00a0decisi\u00f3n de la Corte Suprema de suspender las elecciones previstas para el pr\u00f3ximo domingo en las provincias de Tucum\u00e1n y&hellip;<\/p>\n","protected":false},"author":4,"featured_media":213474,"comment_status":"closed","ping_status":"open","sticky":false,"template":"","format":"standard","meta":{"_acf_changed":false,"footnotes":""},"categories":[1,8],"tags":[],"class_list":["post-224658","post","type-post","status-publish","format-standard","has-post-thumbnail","hentry","category-es-noticia","category-politica"],"acf":[],"yoast_head":"<!-- This site is optimized with the Yoast SEO plugin v27.5 - https:\/\/yoast.com\/product\/yoast-seo-wordpress\/ -->\n<title>De Pedro contra la Corte: \u201cEstamos frente a una virtual intervenci\u00f3n federal de dos provincias\u201d - Diario Textual<\/title>\n<meta name=\"robots\" content=\"index, follow, max-snippet:-1, max-image-preview:large, max-video-preview:-1\" \/>\n<link rel=\"canonical\" href=\"https:\/\/diariotextual.com\/inicio\/index.php\/2023\/05\/10\/de-pedro-contra-la-corte-estamos-frente-a-una-virtual-intervencion-federal-de-dos-provincias\/\" \/>\n<meta property=\"og:locale\" content=\"es_ES\" \/>\n<meta property=\"og:type\" content=\"article\" \/>\n<meta property=\"og:title\" content=\"De Pedro contra la Corte: \u201cEstamos frente a una virtual intervenci\u00f3n federal de dos provincias\u201d - Diario Textual\" \/>\n<meta property=\"og:description\" content=\"El ministro del Interior,\u00a0Eduardo \u201cWado\u201d de Pedro, catalog\u00f3 de \u201cirresponsable\u201d la\u00a0decisi\u00f3n de la Corte Suprema de suspender las elecciones previstas para el pr\u00f3ximo domingo en las provincias de Tucum\u00e1n y&hellip;\" \/>\n<meta property=\"og:url\" content=\"https:\/\/diariotextual.com\/inicio\/index.php\/2023\/05\/10\/de-pedro-contra-la-corte-estamos-frente-a-una-virtual-intervencion-federal-de-dos-provincias\/\" \/>\n<meta property=\"og:site_name\" content=\"Diario Textual\" \/>\n<meta property=\"article:publisher\" content=\"https:\/\/www.facebook.com\/eltextual\" \/>\n<meta property=\"article:published_time\" content=\"2023-05-10T10:04:25+00:00\" \/>\n<meta property=\"article:modified_time\" content=\"2023-05-10T18:37:13+00:00\" \/>\n<meta property=\"og:image\" content=\"https:\/\/diariotextual.com\/inicio\/wp-content\/uploads\/2023\/01\/depedrowado.jpg\" \/>\n\t<meta property=\"og:image:width\" content=\"1200\" \/>\n\t<meta property=\"og:image:height\" content=\"675\" \/>\n\t<meta property=\"og:image:type\" content=\"image\/jpeg\" \/>\n<meta name=\"author\" content=\"diario2\" \/>\n<meta name=\"twitter:card\" content=\"summary_large_image\" \/>\n<meta name=\"twitter:creator\" content=\"@eltextual\" \/>\n<meta name=\"twitter:site\" content=\"@eltextual\" \/>\n<meta name=\"twitter:label1\" content=\"Escrito por\" \/>\n\t<meta name=\"twitter:data1\" content=\"diario2\" \/>\n\t<meta name=\"twitter:label2\" content=\"Tiempo de lectura\" \/>\n\t<meta name=\"twitter:data2\" content=\"2 minutos\" \/>\n<script type=\"application\/ld+json\" class=\"yoast-schema-graph\">{\"@context\":\"https:\\\/\\\/schema.org\",\"@graph\":[{\"@type\":\"Article\",\"@id\":\"https:\\\/\\\/diariotextual.com\\\/inicio\\\/index.php\\\/2023\\\/05\\\/10\\\/de-pedro-contra-la-corte-estamos-frente-a-una-virtual-intervencion-federal-de-dos-provincias\\\/#article\",\"isPartOf\":{\"@id\":\"https:\\\/\\\/diariotextual.com\\\/inicio\\\/index.php\\\/2023\\\/05\\\/10\\\/de-pedro-contra-la-corte-estamos-frente-a-una-virtual-intervencion-federal-de-dos-provincias\\\/\"},\"author\":{\"name\":\"diario2\",\"@id\":\"https:\\\/\\\/diariotextual.com\\\/inicio\\\/#\\\/schema\\\/person\\\/694f60677f23c4a530867a98f22b3768\"},\"headline\":\"De Pedro contra la Corte: \u201cEstamos frente a una virtual intervenci\u00f3n federal de dos provincias\u201d\",\"datePublished\":\"2023-05-10T10:04:25+00:00\",\"dateModified\":\"2023-05-10T18:37:13+00:00\",\"mainEntityOfPage\":{\"@id\":\"https:\\\/\\\/diariotextual.com\\\/inicio\\\/index.php\\\/2023\\\/05\\\/10\\\/de-pedro-contra-la-corte-estamos-frente-a-una-virtual-intervencion-federal-de-dos-provincias\\\/\"},\"wordCount\":449,\"publisher\":{\"@id\":\"https:\\\/\\\/diariotextual.com\\\/inicio\\\/#organization\"},\"image\":{\"@id\":\"https:\\\/\\\/diariotextual.com\\\/inicio\\\/index.php\\\/2023\\\/05\\\/10\\\/de-pedro-contra-la-corte-estamos-frente-a-una-virtual-intervencion-federal-de-dos-provincias\\\/#primaryimage\"},\"thumbnailUrl\":\"https:\\\/\\\/diariotextual.com\\\/inicio\\\/wp-content\\\/uploads\\\/2023\\\/01\\\/depedrowado.jpg\",\"articleSection\":[\"A - ES NOTICIA (van abajo)\",\"POLITICA\"],\"inLanguage\":\"es\"},{\"@type\":\"WebPage\",\"@id\":\"https:\\\/\\\/diariotextual.com\\\/inicio\\\/index.php\\\/2023\\\/05\\\/10\\\/de-pedro-contra-la-corte-estamos-frente-a-una-virtual-intervencion-federal-de-dos-provincias\\\/\",\"url\":\"https:\\\/\\\/diariotextual.com\\\/inicio\\\/index.php\\\/2023\\\/05\\\/10\\\/de-pedro-contra-la-corte-estamos-frente-a-una-virtual-intervencion-federal-de-dos-provincias\\\/\",\"name\":\"De Pedro contra la Corte: \u201cEstamos frente a una virtual intervenci\u00f3n federal de dos provincias\u201d - Diario Textual\",\"isPartOf\":{\"@id\":\"https:\\\/\\\/diariotextual.com\\\/inicio\\\/#website\"},\"primaryImageOfPage\":{\"@id\":\"https:\\\/\\\/diariotextual.com\\\/inicio\\\/index.php\\\/2023\\\/05\\\/10\\\/de-pedro-contra-la-corte-estamos-frente-a-una-virtual-intervencion-federal-de-dos-provincias\\\/#primaryimage\"},\"image\":{\"@id\":\"https:\\\/\\\/diariotextual.com\\\/inicio\\\/index.php\\\/2023\\\/05\\\/10\\\/de-pedro-contra-la-corte-estamos-frente-a-una-virtual-intervencion-federal-de-dos-provincias\\\/#primaryimage\"},\"thumbnailUrl\":\"https:\\\/\\\/diariotextual.com\\\/inicio\\\/wp-content\\\/uploads\\\/2023\\\/01\\\/depedrowado.jpg\",\"datePublished\":\"2023-05-10T10:04:25+00:00\",\"dateModified\":\"2023-05-10T18:37:13+00:00\",\"breadcrumb\":{\"@id\":\"https:\\\/\\\/diariotextual.com\\\/inicio\\\/index.php\\\/2023\\\/05\\\/10\\\/de-pedro-contra-la-corte-estamos-frente-a-una-virtual-intervencion-federal-de-dos-provincias\\\/#breadcrumb\"},\"inLanguage\":\"es\",\"potentialAction\":[{\"@type\":\"ReadAction\",\"target\":[\"https:\\\/\\\/diariotextual.com\\\/inicio\\\/index.php\\\/2023\\\/05\\\/10\\\/de-pedro-contra-la-corte-estamos-frente-a-una-virtual-intervencion-federal-de-dos-provincias\\\/\"]}]},{\"@type\":\"ImageObject\",\"inLanguage\":\"es\",\"@id\":\"https:\\\/\\\/diariotextual.com\\\/inicio\\\/index.php\\\/2023\\\/05\\\/10\\\/de-pedro-contra-la-corte-estamos-frente-a-una-virtual-intervencion-federal-de-dos-provincias\\\/#primaryimage\",\"url\":\"https:\\\/\\\/diariotextual.com\\\/inicio\\\/wp-content\\\/uploads\\\/2023\\\/01\\\/depedrowado.jpg\",\"contentUrl\":\"https:\\\/\\\/diariotextual.com\\\/inicio\\\/wp-content\\\/uploads\\\/2023\\\/01\\\/depedrowado.jpg\",\"width\":1200,\"height\":675},{\"@type\":\"BreadcrumbList\",\"@id\":\"https:\\\/\\\/diariotextual.com\\\/inicio\\\/index.php\\\/2023\\\/05\\\/10\\\/de-pedro-contra-la-corte-estamos-frente-a-una-virtual-intervencion-federal-de-dos-provincias\\\/#breadcrumb\",\"itemListElement\":[{\"@type\":\"ListItem\",\"position\":1,\"name\":\"Portada\",\"item\":\"https:\\\/\\\/diariotextual.com\\\/inicio\\\/\"},{\"@type\":\"ListItem\",\"position\":2,\"name\":\"De Pedro contra la Corte: \u201cEstamos frente a una virtual intervenci\u00f3n federal de dos provincias\u201d\"}]},{\"@type\":\"WebSite\",\"@id\":\"https:\\\/\\\/diariotextual.com\\\/inicio\\\/#website\",\"url\":\"https:\\\/\\\/diariotextual.com\\\/inicio\\\/\",\"name\":\"Diario Textual\",\"description\":\"\",\"publisher\":{\"@id\":\"https:\\\/\\\/diariotextual.com\\\/inicio\\\/#organization\"},\"potentialAction\":[{\"@type\":\"SearchAction\",\"target\":{\"@type\":\"EntryPoint\",\"urlTemplate\":\"https:\\\/\\\/diariotextual.com\\\/inicio\\\/?s={search_term_string}\"},\"query-input\":{\"@type\":\"PropertyValueSpecification\",\"valueRequired\":true,\"valueName\":\"search_term_string\"}}],\"inLanguage\":\"es\"},{\"@type\":\"Organization\",\"@id\":\"https:\\\/\\\/diariotextual.com\\\/inicio\\\/#organization\",\"name\":\"Diario Textual\",\"url\":\"https:\\\/\\\/diariotextual.com\\\/inicio\\\/\",\"logo\":{\"@type\":\"ImageObject\",\"inLanguage\":\"es\",\"@id\":\"https:\\\/\\\/diariotextual.com\\\/inicio\\\/#\\\/schema\\\/logo\\\/image\\\/\",\"url\":\"https:\\\/\\\/diariotextual.com\\\/inicio\\\/wp-content\\\/uploads\\\/2023\\\/05\\\/logotextual1.jpg\",\"contentUrl\":\"https:\\\/\\\/diariotextual.com\\\/inicio\\\/wp-content\\\/uploads\\\/2023\\\/05\\\/logotextual1.jpg\",\"width\":516,\"height\":76,\"caption\":\"Diario Textual\"},\"image\":{\"@id\":\"https:\\\/\\\/diariotextual.com\\\/inicio\\\/#\\\/schema\\\/logo\\\/image\\\/\"},\"sameAs\":[\"https:\\\/\\\/www.facebook.com\\\/eltextual\",\"https:\\\/\\\/x.com\\\/eltextual\",\"http:\\\/\\\/www.instagram.com\\\/eltextual\"]},{\"@type\":\"Person\",\"@id\":\"https:\\\/\\\/diariotextual.com\\\/inicio\\\/#\\\/schema\\\/person\\\/694f60677f23c4a530867a98f22b3768\",\"name\":\"diario2\",\"image\":{\"@type\":\"ImageObject\",\"inLanguage\":\"es\",\"@id\":\"https:\\\/\\\/secure.gravatar.com\\\/avatar\\\/5a2567495ba16b852fcd8f1ed006a2e24fcace936018ed8237e95f488ad6e0a7?s=96&d=mm&r=g\",\"url\":\"https:\\\/\\\/secure.gravatar.com\\\/avatar\\\/5a2567495ba16b852fcd8f1ed006a2e24fcace936018ed8237e95f488ad6e0a7?s=96&d=mm&r=g\",\"contentUrl\":\"https:\\\/\\\/secure.gravatar.com\\\/avatar\\\/5a2567495ba16b852fcd8f1ed006a2e24fcace936018ed8237e95f488ad6e0a7?s=96&d=mm&r=g\",\"caption\":\"diario2\"},\"url\":\"https:\\\/\\\/diariotextual.com\\\/inicio\\\/index.php\\\/author\\\/diario2\\\/\"}]}<\/script>\n<!-- \/ Yoast SEO plugin. -->","yoast_head_json":{"title":"De Pedro contra la Corte: \u201cEstamos frente a una virtual intervenci\u00f3n federal de dos provincias\u201d - Diario Textual","robots":{"index":"index","follow":"follow","max-snippet":"max-snippet:-1","max-image-preview":"max-image-preview:large","max-video-preview":"max-video-preview:-1"},"canonical":"https:\/\/diariotextual.com\/inicio\/index.php\/2023\/05\/10\/de-pedro-contra-la-corte-estamos-frente-a-una-virtual-intervencion-federal-de-dos-provincias\/","og_locale":"es_ES","og_type":"article","og_title":"De Pedro contra la Corte: \u201cEstamos frente a una virtual intervenci\u00f3n federal de dos provincias\u201d - Diario Textual","og_description":"El ministro del Interior,\u00a0Eduardo \u201cWado\u201d de Pedro, catalog\u00f3 de \u201cirresponsable\u201d la\u00a0decisi\u00f3n de la Corte Suprema de suspender las elecciones previstas para el pr\u00f3ximo domingo en las provincias de Tucum\u00e1n y&hellip;","og_url":"https:\/\/diariotextual.com\/inicio\/index.php\/2023\/05\/10\/de-pedro-contra-la-corte-estamos-frente-a-una-virtual-intervencion-federal-de-dos-provincias\/","og_site_name":"Diario Textual","article_publisher":"https:\/\/www.facebook.com\/eltextual","article_published_time":"2023-05-10T10:04:25+00:00","article_modified_time":"2023-05-10T18:37:13+00:00","og_image":[{"width":1200,"height":675,"url":"https:\/\/diariotextual.com\/inicio\/wp-content\/uploads\/2023\/01\/depedrowado.jpg","type":"image\/jpeg"}],"author":"diario2","twitter_card":"summary_large_image","twitter_creator":"@eltextual","twitter_site":"@eltextual","twitter_misc":{"Escrito por":"diario2","Tiempo de lectura":"2 minutos"},"schema":{"@context":"https:\/\/schema.org","@graph":[{"@type":"Article","@id":"https:\/\/diariotextual.com\/inicio\/index.php\/2023\/05\/10\/de-pedro-contra-la-corte-estamos-frente-a-una-virtual-intervencion-federal-de-dos-provincias\/#article","isPartOf":{"@id":"https:\/\/diariotextual.com\/inicio\/index.php\/2023\/05\/10\/de-pedro-contra-la-corte-estamos-frente-a-una-virtual-intervencion-federal-de-dos-provincias\/"},"author":{"name":"diario2","@id":"https:\/\/diariotextual.com\/inicio\/#\/schema\/person\/694f60677f23c4a530867a98f22b3768"},"headline":"De Pedro contra la Corte: \u201cEstamos frente a una virtual intervenci\u00f3n federal de dos provincias\u201d","datePublished":"2023-05-10T10:04:25+00:00","dateModified":"2023-05-10T18:37:13+00:00","mainEntityOfPage":{"@id":"https:\/\/diariotextual.com\/inicio\/index.php\/2023\/05\/10\/de-pedro-contra-la-corte-estamos-frente-a-una-virtual-intervencion-federal-de-dos-provincias\/"},"wordCount":449,"publisher":{"@id":"https:\/\/diariotextual.com\/inicio\/#organization"},"image":{"@id":"https:\/\/diariotextual.com\/inicio\/index.php\/2023\/05\/10\/de-pedro-contra-la-corte-estamos-frente-a-una-virtual-intervencion-federal-de-dos-provincias\/#primaryimage"},"thumbnailUrl":"https:\/\/diariotextual.com\/inicio\/wp-content\/uploads\/2023\/01\/depedrowado.jpg","articleSection":["A - ES NOTICIA (van abajo)","POLITICA"],"inLanguage":"es"},{"@type":"WebPage","@id":"https:\/\/diariotextual.com\/inicio\/index.php\/2023\/05\/10\/de-pedro-contra-la-corte-estamos-frente-a-una-virtual-intervencion-federal-de-dos-provincias\/","url":"https:\/\/diariotextual.com\/inicio\/index.php\/2023\/05\/10\/de-pedro-contra-la-corte-estamos-frente-a-una-virtual-intervencion-federal-de-dos-provincias\/","name":"De Pedro contra la Corte: \u201cEstamos frente a una virtual intervenci\u00f3n federal de dos provincias\u201d - Diario Textual","isPartOf":{"@id":"https:\/\/diariotextual.com\/inicio\/#website"},"primaryImageOfPage":{"@id":"https:\/\/diariotextual.com\/inicio\/index.php\/2023\/05\/10\/de-pedro-contra-la-corte-estamos-frente-a-una-virtual-intervencion-federal-de-dos-provincias\/#primaryimage"},"image":{"@id":"https:\/\/diariotextual.com\/inicio\/index.php\/2023\/05\/10\/de-pedro-contra-la-corte-estamos-frente-a-una-virtual-intervencion-federal-de-dos-provincias\/#primaryimage"},"thumbnailUrl":"https:\/\/diariotextual.com\/inicio\/wp-content\/uploads\/2023\/01\/depedrowado.jpg","datePublished":"2023-05-10T10:04:25+00:00","dateModified":"2023-05-10T18:37:13+00:00","breadcrumb":{"@id":"https:\/\/diariotextual.com\/inicio\/index.php\/2023\/05\/10\/de-pedro-contra-la-corte-estamos-frente-a-una-virtual-intervencion-federal-de-dos-provincias\/#breadcrumb"},"inLanguage":"es","potentialAction":[{"@type":"ReadAction","target":["https:\/\/diariotextual.com\/inicio\/index.php\/2023\/05\/10\/de-pedro-contra-la-corte-estamos-frente-a-una-virtual-intervencion-federal-de-dos-provincias\/"]}]},{"@type":"ImageObject","inLanguage":"es","@id":"https:\/\/diariotextual.com\/inicio\/index.php\/2023\/05\/10\/de-pedro-contra-la-corte-estamos-frente-a-una-virtual-intervencion-federal-de-dos-provincias\/#primaryimage","url":"https:\/\/diariotextual.com\/inicio\/wp-content\/uploads\/2023\/01\/depedrowado.jpg","contentUrl":"https:\/\/diariotextual.com\/inicio\/wp-content\/uploads\/2023\/01\/depedrowado.jpg","width":1200,"height":675},{"@type":"BreadcrumbList","@id":"https:\/\/diariotextual.com\/inicio\/index.php\/2023\/05\/10\/de-pedro-contra-la-corte-estamos-frente-a-una-virtual-intervencion-federal-de-dos-provincias\/#breadcrumb","itemListElement":[{"@type":"ListItem","position":1,"name":"Portada","item":"https:\/\/diariotextual.com\/inicio\/"},{"@type":"ListItem","position":2,"name":"De Pedro contra la Corte: \u201cEstamos frente a una virtual intervenci\u00f3n federal de dos provincias\u201d"}]},{"@type":"WebSite","@id":"https:\/\/diariotextual.com\/inicio\/#website","url":"https:\/\/diariotextual.com\/inicio\/","name":"Diario Textual","description":"","publisher":{"@id":"https:\/\/diariotextual.com\/inicio\/#organization"},"potentialAction":[{"@type":"SearchAction","target":{"@type":"EntryPoint","urlTemplate":"https:\/\/diariotextual.com\/inicio\/?s={search_term_string}"},"query-input":{"@type":"PropertyValueSpecification","valueRequired":true,"valueName":"search_term_string"}}],"inLanguage":"es"},{"@type":"Organization","@id":"https:\/\/diariotextual.com\/inicio\/#organization","name":"Diario Textual","url":"https:\/\/diariotextual.com\/inicio\/","logo":{"@type":"ImageObject","inLanguage":"es","@id":"https:\/\/diariotextual.com\/inicio\/#\/schema\/logo\/image\/","url":"https:\/\/diariotextual.com\/inicio\/wp-content\/uploads\/2023\/05\/logotextual1.jpg","contentUrl":"https:\/\/diariotextual.com\/inicio\/wp-content\/uploads\/2023\/05\/logotextual1.jpg","width":516,"height":76,"caption":"Diario Textual"},"image":{"@id":"https:\/\/diariotextual.com\/inicio\/#\/schema\/logo\/image\/"},"sameAs":["https:\/\/www.facebook.com\/eltextual","https:\/\/x.com\/eltextual","http:\/\/www.instagram.com\/eltextual"]},{"@type":"Person","@id":"https:\/\/diariotextual.com\/inicio\/#\/schema\/person\/694f60677f23c4a530867a98f22b3768","name":"diario2","image":{"@type":"ImageObject","inLanguage":"es","@id":"https:\/\/secure.gravatar.com\/avatar\/5a2567495ba16b852fcd8f1ed006a2e24fcace936018ed8237e95f488ad6e0a7?s=96&d=mm&r=g","url":"https:\/\/secure.gravatar.com\/avatar\/5a2567495ba16b852fcd8f1ed006a2e24fcace936018ed8237e95f488ad6e0a7?s=96&d=mm&r=g","contentUrl":"https:\/\/secure.gravatar.com\/avatar\/5a2567495ba16b852fcd8f1ed006a2e24fcace936018ed8237e95f488ad6e0a7?s=96&d=mm&r=g","caption":"diario2"},"url":"https:\/\/diariotextual.com\/inicio\/index.php\/author\/diario2\/"}]}},"_links":{"self":[{"href":"https:\/\/diariotextual.com\/inicio\/index.php\/wp-json\/wp\/v2\/posts\/224658","targetHints":{"allow":["GET"]}}],"collection":[{"href":"https:\/\/diariotextual.com\/inicio\/index.php\/wp-json\/wp\/v2\/posts"}],"about":[{"href":"https:\/\/diariotextual.com\/inicio\/index.php\/wp-json\/wp\/v2\/types\/post"}],"author":[{"embeddable":true,"href":"https:\/\/diariotextual.com\/inicio\/index.php\/wp-json\/wp\/v2\/users\/4"}],"replies":[{"embeddable":true,"href":"https:\/\/diariotextual.com\/inicio\/index.php\/wp-json\/wp\/v2\/comments?post=224658"}],"version-history":[{"count":1,"href":"https:\/\/diariotextual.com\/inicio\/index.php\/wp-json\/wp\/v2\/posts\/224658\/revisions"}],"predecessor-version":[{"id":224659,"href":"https:\/\/diariotextual.com\/inicio\/index.php\/wp-json\/wp\/v2\/posts\/224658\/revisions\/224659"}],"wp:featuredmedia":[{"embeddable":true,"href":"https:\/\/diariotextual.com\/inicio\/index.php\/wp-json\/wp\/v2\/media\/213474"}],"wp:attachment":[{"href":"https:\/\/diariotextual.com\/inicio\/index.php\/wp-json\/wp\/v2\/media?parent=224658"}],"wp:term":[{"taxonomy":"category","embeddable":true,"href":"https:\/\/diariotextual.com\/inicio\/index.php\/wp-json\/wp\/v2\/categories?post=224658"},{"taxonomy":"post_tag","embeddable":true,"href":"https:\/\/diariotextual.com\/inicio\/index.php\/wp-json\/wp\/v2\/tags?post=224658"}],"curies":[{"name":"wp","href":"https:\/\/api.w.org\/{rel}","templated":true}]}}