{"id":224704,"date":"2023-05-10T16:10:40","date_gmt":"2023-05-10T19:10:40","guid":{"rendered":"https:\/\/diariotextual.com\/inicio\/?p=224704"},"modified":"2023-05-10T18:48:20","modified_gmt":"2023-05-10T21:48:20","slug":"como-es-el-feriado-xl-del-25-de-mayo","status":"publish","type":"post","link":"https:\/\/diariotextual.com\/inicio\/index.php\/2023\/05\/10\/como-es-el-feriado-xl-del-25-de-mayo\/","title":{"rendered":"\u00bfC\u00f3mo es el feriado XL del 25 de mayo?"},"content":{"rendered":"\n<p>El mes de mayo trae varias novedades con respecto a los feriados: ya pas\u00f3 el del D\u00eda del Trabajador y ahora se viene <strong>el del 25 de mayo, que se hizo puente porque el Gobierno decret\u00f3 d\u00eda no laborable el viernes 26;<\/strong> a causa de esta raz\u00f3n se arm\u00f3 un fin de semana extra largo de cuatro d\u00edas.<\/p>\n\n\n\n<p>De esta manera, los turistas podr\u00e1n disfrutar de una escapada en el marco de un mes oto\u00f1al con varios destinos que pican en punta como las Cataratas del Iguaz\u00fa, Salta, Bariloche y el Glaciar Perito Moreno. Cabe recordar que este finde XL entra en el marco del programa PreViaje 4.<\/p>\n\n\n\n<div style=\"height:100px\" aria-hidden=\"true\" class=\"wp-block-spacer\"><\/div>\n\n\n\n<p><strong>\u00bfCu\u00e1ndo es el feriado del 25 de mayo?<\/strong><\/p>\n\n\n\n<p>El jueves 25 de mayo es el feriado inamovible por el D\u00eda de la Revoluci\u00f3n de Mayo ocurrida en 1810, un punto de inflexi\u00f3n a nivel hist\u00f3rico mediante el cual se form\u00f3 la Primera Junta de Gobierno patrio y surgi\u00f3 nuestra naci\u00f3n. El viernes 26 de mayo tambi\u00e9n fue decretado feriado por \u201cfines tur\u00edsticos\u201d, por lo que se cre\u00f3 un fin de semana largo que se extiende por cuatro d\u00edas.<\/p>\n\n\n\n<div style=\"height:100px\" aria-hidden=\"true\" class=\"wp-block-spacer\"><\/div>\n\n\n\n<p><strong>\u00bfQu\u00e9 feriados hay en 2023 en Argentina?<\/strong><\/p>\n\n\n\n<p>En nuestro pa\u00eds ya pasaron varios feriados como el de A\u00f1o Nuevo, Carnaval, Semana Santa, D\u00eda de la Memoria y el D\u00eda del Trabajador, ocurrido el 1\u00b0 de mayo y en el que casi un mill\u00f3n de turistas gastaron 29 mil millones de pesos, seg\u00fan datos provistos por el Gobierno. Los pr\u00f3ximos feriados son los siguientes se detallan a continuaci\u00f3n.<\/p>\n\n\n\n<div style=\"height:100px\" aria-hidden=\"true\" class=\"wp-block-spacer\"><\/div>\n\n\n\n<p><strong>\u00bfCu\u00e1les son los feriados inamovibles y trasladarles en 2023?<\/strong><\/p>\n\n\n\n<p><strong>Feriados inamovibles<\/strong><\/p>\n\n\n\n<p>-2 de abril (D\u00eda del Veterano y de los Ca\u00eddos en la Guerra de Malvinas)<\/p>\n\n\n\n<p>-7 de abril (Viernes Santo)<\/p>\n\n\n\n<p>-1\u00b0 de mayo (D\u00eda del Trabajador)<\/p>\n\n\n\n<p>-25 de mayo (D\u00eda de la Revoluci\u00f3n de Mayo &#8211; Cae jueves<\/p>\n\n\n\n<p>-17 de junio (Paso a la Inmortalidad del General Don Mart\u00edn Miguel de G\u00fcemes) &#8211; Cae s\u00e1bado<\/p>\n\n\n\n<p>-20 de junio (Paso a la Inmortalidad del General Manuel Belgrano) &#8211; Cae martes<\/p>\n\n\n\n<p>-9 de julio (D\u00eda de la Independencia) &#8211; Cae domingo<\/p>\n\n\n\n<p>-20 de noviembre &#8211; (D\u00eda de la Soberan\u00eda Nacional) &#8211; Cae lunes<\/p>\n\n\n\n<p>-8 de diciembre &#8211; (D\u00eda de la Inmaculada Concepci\u00f3n de Mar\u00eda) &#8211; Cae viernes<\/p>\n\n\n\n<p>-25 de diciembre &#8211; (Navidad) &#8211; Cae lunes<\/p>\n\n\n\n<div style=\"height:100px\" aria-hidden=\"true\" class=\"wp-block-spacer\"><\/div>\n\n\n\n<p><strong>Feriados Trasladables&nbsp;&nbsp;<\/strong><\/p>\n\n\n\n<p>-Viernes 26 de mayo (puente con el feriado del jueves 25 de mayo, D\u00eda de la Revoluci\u00f3n de Mayo)<\/p>\n\n\n\n<p>-Lunes 19 de junio (puente con el feriado del martes 20 de junio, Paso a la Inmortalidad del General Manuel Belgrano)<\/p>\n\n\n\n<p>-Viernes 13 de octubre (fin de semana largo, de cuatro d\u00edas, por traslado del jueves 12 de octubre -D\u00eda del Respeto a la Diversidad Cultural- al lunes 16 de octubre.<\/p>\n","protected":false},"excerpt":{"rendered":"<p>El mes de mayo trae varias novedades con respecto a los feriados: ya pas\u00f3 el del D\u00eda del Trabajador y ahora se viene el del 25 de mayo, que se&hellip;<\/p>\n","protected":false},"author":4,"featured_media":224707,"comment_status":"closed","ping_status":"open","sticky":false,"template":"","format":"standard","meta":{"_acf_changed":false,"footnotes":""},"categories":[1,12],"tags":[],"class_list":["post-224704","post","type-post","status-publish","format-standard","has-post-thumbnail","hentry","category-es-noticia","category-sociedad"],"acf":[],"yoast_head":"<!-- This site is optimized with the Yoast SEO plugin v27.5 - https:\/\/yoast.com\/product\/yoast-seo-wordpress\/ -->\n<title>\u00bfC\u00f3mo es el feriado XL del 25 de mayo? - Diario Textual<\/title>\n<meta name=\"robots\" content=\"index, follow, max-snippet:-1, max-image-preview:large, max-video-preview:-1\" \/>\n<link rel=\"canonical\" href=\"https:\/\/diariotextual.com\/inicio\/index.php\/2023\/05\/10\/como-es-el-feriado-xl-del-25-de-mayo\/\" \/>\n<meta property=\"og:locale\" content=\"es_ES\" \/>\n<meta property=\"og:type\" content=\"article\" \/>\n<meta property=\"og:title\" content=\"\u00bfC\u00f3mo es el feriado XL del 25 de mayo? - Diario Textual\" \/>\n<meta property=\"og:description\" content=\"El mes de mayo trae varias novedades con respecto a los feriados: ya pas\u00f3 el del D\u00eda del Trabajador y ahora se viene el del 25 de mayo, que se&hellip;\" \/>\n<meta property=\"og:url\" content=\"https:\/\/diariotextual.com\/inicio\/index.php\/2023\/05\/10\/como-es-el-feriado-xl-del-25-de-mayo\/\" \/>\n<meta property=\"og:site_name\" content=\"Diario Textual\" \/>\n<meta property=\"article:publisher\" content=\"https:\/\/www.facebook.com\/eltextual\" \/>\n<meta property=\"article:published_time\" content=\"2023-05-10T19:10:40+00:00\" \/>\n<meta property=\"article:modified_time\" content=\"2023-05-10T21:48:20+00:00\" \/>\n<meta property=\"og:image\" content=\"https:\/\/diariotextual.com\/inicio\/wp-content\/uploads\/2023\/05\/feriadoalmanaque444.jpg\" \/>\n\t<meta property=\"og:image:width\" content=\"770\" \/>\n\t<meta property=\"og:image:height\" content=\"416\" \/>\n\t<meta property=\"og:image:type\" content=\"image\/jpeg\" \/>\n<meta name=\"author\" content=\"diario2\" \/>\n<meta name=\"twitter:card\" content=\"summary_large_image\" \/>\n<meta name=\"twitter:creator\" content=\"@eltextual\" \/>\n<meta name=\"twitter:site\" content=\"@eltextual\" \/>\n<meta name=\"twitter:label1\" content=\"Escrito por\" \/>\n\t<meta name=\"twitter:data1\" content=\"diario2\" \/>\n\t<meta name=\"twitter:label2\" content=\"Tiempo de lectura\" \/>\n\t<meta name=\"twitter:data2\" content=\"3 minutos\" \/>\n<script type=\"application\/ld+json\" class=\"yoast-schema-graph\">{\"@context\":\"https:\\\/\\\/schema.org\",\"@graph\":[{\"@type\":\"Article\",\"@id\":\"https:\\\/\\\/diariotextual.com\\\/inicio\\\/index.php\\\/2023\\\/05\\\/10\\\/como-es-el-feriado-xl-del-25-de-mayo\\\/#article\",\"isPartOf\":{\"@id\":\"https:\\\/\\\/diariotextual.com\\\/inicio\\\/index.php\\\/2023\\\/05\\\/10\\\/como-es-el-feriado-xl-del-25-de-mayo\\\/\"},\"author\":{\"name\":\"diario2\",\"@id\":\"https:\\\/\\\/diariotextual.com\\\/inicio\\\/#\\\/schema\\\/person\\\/694f60677f23c4a530867a98f22b3768\"},\"headline\":\"\u00bfC\u00f3mo es el feriado XL del 25 de mayo?\",\"datePublished\":\"2023-05-10T19:10:40+00:00\",\"dateModified\":\"2023-05-10T21:48:20+00:00\",\"mainEntityOfPage\":{\"@id\":\"https:\\\/\\\/diariotextual.com\\\/inicio\\\/index.php\\\/2023\\\/05\\\/10\\\/como-es-el-feriado-xl-del-25-de-mayo\\\/\"},\"wordCount\":484,\"publisher\":{\"@id\":\"https:\\\/\\\/diariotextual.com\\\/inicio\\\/#organization\"},\"image\":{\"@id\":\"https:\\\/\\\/diariotextual.com\\\/inicio\\\/index.php\\\/2023\\\/05\\\/10\\\/como-es-el-feriado-xl-del-25-de-mayo\\\/#primaryimage\"},\"thumbnailUrl\":\"https:\\\/\\\/diariotextual.com\\\/inicio\\\/wp-content\\\/uploads\\\/2023\\\/05\\\/feriadoalmanaque444.jpg\",\"articleSection\":[\"A - ES NOTICIA (van abajo)\",\"SOCIEDAD\"],\"inLanguage\":\"es\"},{\"@type\":\"WebPage\",\"@id\":\"https:\\\/\\\/diariotextual.com\\\/inicio\\\/index.php\\\/2023\\\/05\\\/10\\\/como-es-el-feriado-xl-del-25-de-mayo\\\/\",\"url\":\"https:\\\/\\\/diariotextual.com\\\/inicio\\\/index.php\\\/2023\\\/05\\\/10\\\/como-es-el-feriado-xl-del-25-de-mayo\\\/\",\"name\":\"\u00bfC\u00f3mo es el feriado XL del 25 de mayo? - Diario Textual\",\"isPartOf\":{\"@id\":\"https:\\\/\\\/diariotextual.com\\\/inicio\\\/#website\"},\"primaryImageOfPage\":{\"@id\":\"https:\\\/\\\/diariotextual.com\\\/inicio\\\/index.php\\\/2023\\\/05\\\/10\\\/como-es-el-feriado-xl-del-25-de-mayo\\\/#primaryimage\"},\"image\":{\"@id\":\"https:\\\/\\\/diariotextual.com\\\/inicio\\\/index.php\\\/2023\\\/05\\\/10\\\/como-es-el-feriado-xl-del-25-de-mayo\\\/#primaryimage\"},\"thumbnailUrl\":\"https:\\\/\\\/diariotextual.com\\\/inicio\\\/wp-content\\\/uploads\\\/2023\\\/05\\\/feriadoalmanaque444.jpg\",\"datePublished\":\"2023-05-10T19:10:40+00:00\",\"dateModified\":\"2023-05-10T21:48:20+00:00\",\"breadcrumb\":{\"@id\":\"https:\\\/\\\/diariotextual.com\\\/inicio\\\/index.php\\\/2023\\\/05\\\/10\\\/como-es-el-feriado-xl-del-25-de-mayo\\\/#breadcrumb\"},\"inLanguage\":\"es\",\"potentialAction\":[{\"@type\":\"ReadAction\",\"target\":[\"https:\\\/\\\/diariotextual.com\\\/inicio\\\/index.php\\\/2023\\\/05\\\/10\\\/como-es-el-feriado-xl-del-25-de-mayo\\\/\"]}]},{\"@type\":\"ImageObject\",\"inLanguage\":\"es\",\"@id\":\"https:\\\/\\\/diariotextual.com\\\/inicio\\\/index.php\\\/2023\\\/05\\\/10\\\/como-es-el-feriado-xl-del-25-de-mayo\\\/#primaryimage\",\"url\":\"https:\\\/\\\/diariotextual.com\\\/inicio\\\/wp-content\\\/uploads\\\/2023\\\/05\\\/feriadoalmanaque444.jpg\",\"contentUrl\":\"https:\\\/\\\/diariotextual.com\\\/inicio\\\/wp-content\\\/uploads\\\/2023\\\/05\\\/feriadoalmanaque444.jpg\",\"width\":770,\"height\":416},{\"@type\":\"BreadcrumbList\",\"@id\":\"https:\\\/\\\/diariotextual.com\\\/inicio\\\/index.php\\\/2023\\\/05\\\/10\\\/como-es-el-feriado-xl-del-25-de-mayo\\\/#breadcrumb\",\"itemListElement\":[{\"@type\":\"ListItem\",\"position\":1,\"name\":\"Portada\",\"item\":\"https:\\\/\\\/diariotextual.com\\\/inicio\\\/\"},{\"@type\":\"ListItem\",\"position\":2,\"name\":\"\u00bfC\u00f3mo es el feriado XL del 25 de mayo?\"}]},{\"@type\":\"WebSite\",\"@id\":\"https:\\\/\\\/diariotextual.com\\\/inicio\\\/#website\",\"url\":\"https:\\\/\\\/diariotextual.com\\\/inicio\\\/\",\"name\":\"Diario Textual\",\"description\":\"\",\"publisher\":{\"@id\":\"https:\\\/\\\/diariotextual.com\\\/inicio\\\/#organization\"},\"potentialAction\":[{\"@type\":\"SearchAction\",\"target\":{\"@type\":\"EntryPoint\",\"urlTemplate\":\"https:\\\/\\\/diariotextual.com\\\/inicio\\\/?s={search_term_string}\"},\"query-input\":{\"@type\":\"PropertyValueSpecification\",\"valueRequired\":true,\"valueName\":\"search_term_string\"}}],\"inLanguage\":\"es\"},{\"@type\":\"Organization\",\"@id\":\"https:\\\/\\\/diariotextual.com\\\/inicio\\\/#organization\",\"name\":\"Diario Textual\",\"url\":\"https:\\\/\\\/diariotextual.com\\\/inicio\\\/\",\"logo\":{\"@type\":\"ImageObject\",\"inLanguage\":\"es\",\"@id\":\"https:\\\/\\\/diariotextual.com\\\/inicio\\\/#\\\/schema\\\/logo\\\/image\\\/\",\"url\":\"https:\\\/\\\/diariotextual.com\\\/inicio\\\/wp-content\\\/uploads\\\/2023\\\/05\\\/logotextual1.jpg\",\"contentUrl\":\"https:\\\/\\\/diariotextual.com\\\/inicio\\\/wp-content\\\/uploads\\\/2023\\\/05\\\/logotextual1.jpg\",\"width\":516,\"height\":76,\"caption\":\"Diario Textual\"},\"image\":{\"@id\":\"https:\\\/\\\/diariotextual.com\\\/inicio\\\/#\\\/schema\\\/logo\\\/image\\\/\"},\"sameAs\":[\"https:\\\/\\\/www.facebook.com\\\/eltextual\",\"https:\\\/\\\/x.com\\\/eltextual\",\"http:\\\/\\\/www.instagram.com\\\/eltextual\"]},{\"@type\":\"Person\",\"@id\":\"https:\\\/\\\/diariotextual.com\\\/inicio\\\/#\\\/schema\\\/person\\\/694f60677f23c4a530867a98f22b3768\",\"name\":\"diario2\",\"image\":{\"@type\":\"ImageObject\",\"inLanguage\":\"es\",\"@id\":\"https:\\\/\\\/secure.gravatar.com\\\/avatar\\\/5a2567495ba16b852fcd8f1ed006a2e24fcace936018ed8237e95f488ad6e0a7?s=96&d=mm&r=g\",\"url\":\"https:\\\/\\\/secure.gravatar.com\\\/avatar\\\/5a2567495ba16b852fcd8f1ed006a2e24fcace936018ed8237e95f488ad6e0a7?s=96&d=mm&r=g\",\"contentUrl\":\"https:\\\/\\\/secure.gravatar.com\\\/avatar\\\/5a2567495ba16b852fcd8f1ed006a2e24fcace936018ed8237e95f488ad6e0a7?s=96&d=mm&r=g\",\"caption\":\"diario2\"},\"url\":\"https:\\\/\\\/diariotextual.com\\\/inicio\\\/index.php\\\/author\\\/diario2\\\/\"}]}<\/script>\n<!-- \/ Yoast SEO plugin. -->","yoast_head_json":{"title":"\u00bfC\u00f3mo es el feriado XL del 25 de mayo? - Diario Textual","robots":{"index":"index","follow":"follow","max-snippet":"max-snippet:-1","max-image-preview":"max-image-preview:large","max-video-preview":"max-video-preview:-1"},"canonical":"https:\/\/diariotextual.com\/inicio\/index.php\/2023\/05\/10\/como-es-el-feriado-xl-del-25-de-mayo\/","og_locale":"es_ES","og_type":"article","og_title":"\u00bfC\u00f3mo es el feriado XL del 25 de mayo? - Diario Textual","og_description":"El mes de mayo trae varias novedades con respecto a los feriados: ya pas\u00f3 el del D\u00eda del Trabajador y ahora se viene el del 25 de mayo, que se&hellip;","og_url":"https:\/\/diariotextual.com\/inicio\/index.php\/2023\/05\/10\/como-es-el-feriado-xl-del-25-de-mayo\/","og_site_name":"Diario Textual","article_publisher":"https:\/\/www.facebook.com\/eltextual","article_published_time":"2023-05-10T19:10:40+00:00","article_modified_time":"2023-05-10T21:48:20+00:00","og_image":[{"width":770,"height":416,"url":"https:\/\/diariotextual.com\/inicio\/wp-content\/uploads\/2023\/05\/feriadoalmanaque444.jpg","type":"image\/jpeg"}],"author":"diario2","twitter_card":"summary_large_image","twitter_creator":"@eltextual","twitter_site":"@eltextual","twitter_misc":{"Escrito por":"diario2","Tiempo de lectura":"3 minutos"},"schema":{"@context":"https:\/\/schema.org","@graph":[{"@type":"Article","@id":"https:\/\/diariotextual.com\/inicio\/index.php\/2023\/05\/10\/como-es-el-feriado-xl-del-25-de-mayo\/#article","isPartOf":{"@id":"https:\/\/diariotextual.com\/inicio\/index.php\/2023\/05\/10\/como-es-el-feriado-xl-del-25-de-mayo\/"},"author":{"name":"diario2","@id":"https:\/\/diariotextual.com\/inicio\/#\/schema\/person\/694f60677f23c4a530867a98f22b3768"},"headline":"\u00bfC\u00f3mo es el feriado XL del 25 de mayo?","datePublished":"2023-05-10T19:10:40+00:00","dateModified":"2023-05-10T21:48:20+00:00","mainEntityOfPage":{"@id":"https:\/\/diariotextual.com\/inicio\/index.php\/2023\/05\/10\/como-es-el-feriado-xl-del-25-de-mayo\/"},"wordCount":484,"publisher":{"@id":"https:\/\/diariotextual.com\/inicio\/#organization"},"image":{"@id":"https:\/\/diariotextual.com\/inicio\/index.php\/2023\/05\/10\/como-es-el-feriado-xl-del-25-de-mayo\/#primaryimage"},"thumbnailUrl":"https:\/\/diariotextual.com\/inicio\/wp-content\/uploads\/2023\/05\/feriadoalmanaque444.jpg","articleSection":["A - ES NOTICIA (van abajo)","SOCIEDAD"],"inLanguage":"es"},{"@type":"WebPage","@id":"https:\/\/diariotextual.com\/inicio\/index.php\/2023\/05\/10\/como-es-el-feriado-xl-del-25-de-mayo\/","url":"https:\/\/diariotextual.com\/inicio\/index.php\/2023\/05\/10\/como-es-el-feriado-xl-del-25-de-mayo\/","name":"\u00bfC\u00f3mo es el feriado XL del 25 de mayo? - Diario Textual","isPartOf":{"@id":"https:\/\/diariotextual.com\/inicio\/#website"},"primaryImageOfPage":{"@id":"https:\/\/diariotextual.com\/inicio\/index.php\/2023\/05\/10\/como-es-el-feriado-xl-del-25-de-mayo\/#primaryimage"},"image":{"@id":"https:\/\/diariotextual.com\/inicio\/index.php\/2023\/05\/10\/como-es-el-feriado-xl-del-25-de-mayo\/#primaryimage"},"thumbnailUrl":"https:\/\/diariotextual.com\/inicio\/wp-content\/uploads\/2023\/05\/feriadoalmanaque444.jpg","datePublished":"2023-05-10T19:10:40+00:00","dateModified":"2023-05-10T21:48:20+00:00","breadcrumb":{"@id":"https:\/\/diariotextual.com\/inicio\/index.php\/2023\/05\/10\/como-es-el-feriado-xl-del-25-de-mayo\/#breadcrumb"},"inLanguage":"es","potentialAction":[{"@type":"ReadAction","target":["https:\/\/diariotextual.com\/inicio\/index.php\/2023\/05\/10\/como-es-el-feriado-xl-del-25-de-mayo\/"]}]},{"@type":"ImageObject","inLanguage":"es","@id":"https:\/\/diariotextual.com\/inicio\/index.php\/2023\/05\/10\/como-es-el-feriado-xl-del-25-de-mayo\/#primaryimage","url":"https:\/\/diariotextual.com\/inicio\/wp-content\/uploads\/2023\/05\/feriadoalmanaque444.jpg","contentUrl":"https:\/\/diariotextual.com\/inicio\/wp-content\/uploads\/2023\/05\/feriadoalmanaque444.jpg","width":770,"height":416},{"@type":"BreadcrumbList","@id":"https:\/\/diariotextual.com\/inicio\/index.php\/2023\/05\/10\/como-es-el-feriado-xl-del-25-de-mayo\/#breadcrumb","itemListElement":[{"@type":"ListItem","position":1,"name":"Portada","item":"https:\/\/diariotextual.com\/inicio\/"},{"@type":"ListItem","position":2,"name":"\u00bfC\u00f3mo es el feriado XL del 25 de mayo?"}]},{"@type":"WebSite","@id":"https:\/\/diariotextual.com\/inicio\/#website","url":"https:\/\/diariotextual.com\/inicio\/","name":"Diario Textual","description":"","publisher":{"@id":"https:\/\/diariotextual.com\/inicio\/#organization"},"potentialAction":[{"@type":"SearchAction","target":{"@type":"EntryPoint","urlTemplate":"https:\/\/diariotextual.com\/inicio\/?s={search_term_string}"},"query-input":{"@type":"PropertyValueSpecification","valueRequired":true,"valueName":"search_term_string"}}],"inLanguage":"es"},{"@type":"Organization","@id":"https:\/\/diariotextual.com\/inicio\/#organization","name":"Diario Textual","url":"https:\/\/diariotextual.com\/inicio\/","logo":{"@type":"ImageObject","inLanguage":"es","@id":"https:\/\/diariotextual.com\/inicio\/#\/schema\/logo\/image\/","url":"https:\/\/diariotextual.com\/inicio\/wp-content\/uploads\/2023\/05\/logotextual1.jpg","contentUrl":"https:\/\/diariotextual.com\/inicio\/wp-content\/uploads\/2023\/05\/logotextual1.jpg","width":516,"height":76,"caption":"Diario Textual"},"image":{"@id":"https:\/\/diariotextual.com\/inicio\/#\/schema\/logo\/image\/"},"sameAs":["https:\/\/www.facebook.com\/eltextual","https:\/\/x.com\/eltextual","http:\/\/www.instagram.com\/eltextual"]},{"@type":"Person","@id":"https:\/\/diariotextual.com\/inicio\/#\/schema\/person\/694f60677f23c4a530867a98f22b3768","name":"diario2","image":{"@type":"ImageObject","inLanguage":"es","@id":"https:\/\/secure.gravatar.com\/avatar\/5a2567495ba16b852fcd8f1ed006a2e24fcace936018ed8237e95f488ad6e0a7?s=96&d=mm&r=g","url":"https:\/\/secure.gravatar.com\/avatar\/5a2567495ba16b852fcd8f1ed006a2e24fcace936018ed8237e95f488ad6e0a7?s=96&d=mm&r=g","contentUrl":"https:\/\/secure.gravatar.com\/avatar\/5a2567495ba16b852fcd8f1ed006a2e24fcace936018ed8237e95f488ad6e0a7?s=96&d=mm&r=g","caption":"diario2"},"url":"https:\/\/diariotextual.com\/inicio\/index.php\/author\/diario2\/"}]}},"_links":{"self":[{"href":"https:\/\/diariotextual.com\/inicio\/index.php\/wp-json\/wp\/v2\/posts\/224704","targetHints":{"allow":["GET"]}}],"collection":[{"href":"https:\/\/diariotextual.com\/inicio\/index.php\/wp-json\/wp\/v2\/posts"}],"about":[{"href":"https:\/\/diariotextual.com\/inicio\/index.php\/wp-json\/wp\/v2\/types\/post"}],"author":[{"embeddable":true,"href":"https:\/\/diariotextual.com\/inicio\/index.php\/wp-json\/wp\/v2\/users\/4"}],"replies":[{"embeddable":true,"href":"https:\/\/diariotextual.com\/inicio\/index.php\/wp-json\/wp\/v2\/comments?post=224704"}],"version-history":[{"count":3,"href":"https:\/\/diariotextual.com\/inicio\/index.php\/wp-json\/wp\/v2\/posts\/224704\/revisions"}],"predecessor-version":[{"id":224708,"href":"https:\/\/diariotextual.com\/inicio\/index.php\/wp-json\/wp\/v2\/posts\/224704\/revisions\/224708"}],"wp:featuredmedia":[{"embeddable":true,"href":"https:\/\/diariotextual.com\/inicio\/index.php\/wp-json\/wp\/v2\/media\/224707"}],"wp:attachment":[{"href":"https:\/\/diariotextual.com\/inicio\/index.php\/wp-json\/wp\/v2\/media?parent=224704"}],"wp:term":[{"taxonomy":"category","embeddable":true,"href":"https:\/\/diariotextual.com\/inicio\/index.php\/wp-json\/wp\/v2\/categories?post=224704"},{"taxonomy":"post_tag","embeddable":true,"href":"https:\/\/diariotextual.com\/inicio\/index.php\/wp-json\/wp\/v2\/tags?post=224704"}],"curies":[{"name":"wp","href":"https:\/\/api.w.org\/{rel}","templated":true}]}}