{"id":224727,"date":"2023-05-11T06:50:45","date_gmt":"2023-05-11T09:50:45","guid":{"rendered":"https:\/\/diariotextual.com\/inicio\/?p=224727"},"modified":"2023-05-11T06:50:46","modified_gmt":"2023-05-11T09:50:46","slug":"con-300-deportistas-comenzo-a-jugarse-la-liga-municipal-de-voley","status":"publish","type":"post","link":"https:\/\/diariotextual.com\/inicio\/index.php\/2023\/05\/11\/con-300-deportistas-comenzo-a-jugarse-la-liga-municipal-de-voley\/","title":{"rendered":"Con 300 deportistas comenz\u00f3 a jugarse la Liga Municipal de Voley"},"content":{"rendered":"\n<p>Con actividad en Metileo, Mauricio Mayer, Catril\u00f3, Agustoni, General Pico e Intendente Alvear se desarroll\u00f3 la primera jornada del certamen que organiza la Subsecretar\u00eda de Deportes, Recreaci\u00f3n y Turismo del Ministerio de Desarrollo Social y del que participan 30 equipos de 16 localidades.<\/p>\n\n\n\n<p>El torneo re\u00fane a 300 jugadores y jugadoras mayores de 14 a\u00f1os y los equipos se dividen en dos zonas. En la \u201cA\u201d juegan Catril\u00f3, Colonia Bar\u00f3n, Mauricio Mayer, Metileo, Quem\u00fa Quem\u00fa, Monte Nievas, Miguel Can\u00e9, y Villa Mirasol, mientras que en la \u201cB\u201d lo hacen General Pico, Speluzzi, Intendente Alvear, Agustoni, La Maruja, Adolfo Van Praet, Alta Italia y Arata.<\/p>\n\n\n\n<div style=\"height:100px\" aria-hidden=\"true\" class=\"wp-block-spacer\"><\/div>\n\n\n\n<p><strong>Los resultados<\/strong><br><strong>Zona A, rama femenina:<\/strong>&nbsp;Metileo 2 (25\/17 y 25\/15) \u2013 Monte Nievas 0; Mauricio Mayer 2 (25\/10 y 25\/21) \u2013 Colonia Bar\u00f3n 0; Colonia Bar\u00f3n 2 (22\/25, 25\/16 y 15\/10) \u2013 Villa Mirasol 1; Mauricio Mayer 2 (25\/19 y 27\/25) \u2013 Villa Mirasol 0; Quem\u00fa Quem\u00fa 0 \u2013 Miguel Can\u00e9 2 (25\/11 y 25\/22)<br><strong>Masculina:<\/strong>&nbsp;Metileo 2 (21\/25; 25\/16 y 15\/10) \u2013 Monte Nievas 1; Villa Mirasol 1 \u2013 Mauricio Mayer 2 (25\/21, 19\/25 y 15\/9); Quem\u00fa Quem\u00fa 0 \u2013 Catril\u00f3 2 (25\/15 y 26\/14); Quem\u00fa Quem\u00fa 2 (25\/12 y 25\/22) \u2013 Miguel Can\u00e9 0; Catril\u00f3 2 (25\/19 y 25\/23) \u2013 Miguel Can\u00e9 0.<br><strong>Zona B, rama femenina:<\/strong>&nbsp;General Pico 2 (25\/22 y 25\/16) \u2013 La Maruja 0; General Pico 2 (25\/10 y 25\/14) \u2013 Speluzzi 0; La Maruja 1 \u2013 Speluzzi 2 (18\/25, 25\/18 y 15\/6); Alvear I 2 (25\/8 y 25\/19) \u2013 Van Praet 0; Van Praet 2 (25\/22 y 25\/23) \u2013 Alta Italia 0; Alvear I 2 (25\/4 y 25\/9) \u2013 Alta Italia 0; Alvear II 2 (12\/25; 25\/23 y 15\/12) \u2013 Agustoni 1; Alvear II 2 (25\/17 y 25\/20) \u2013 Arata 0; Agustoni 2 (25\/20 y 25\/15) \u2013 Arata 0.<br><strong>Masculina:<\/strong>&nbsp;General Pico 2 (25\/10 y 25\/10) \u2013 Speluzzi 0; Alvear 2 (25\/12 y 25\/14) &#8211; Alta Italia I 0; Agustoni 0 &#8211; Alta Italia II 2 (25\/7 y 25\/21); Alta Italia II 2 (16\/25, 25\/22 y 15\/13) \u2013 Arata 1; Agustoni 1 \u2013 Arata 2 (25\/22, 23\/25 y 15\/5).<\/p>\n\n\n\n<div style=\"height:100px\" aria-hidden=\"true\" class=\"wp-block-spacer\"><\/div>\n\n\n\n<p><strong>Las posiciones<\/strong><br><strong>Rama femenina, zona A:<\/strong>&nbsp;1) Villa Mirasol, 4 puntos; 2) Mauricio Mayer, Colonia Bar\u00f3n, Metileo, y Miguel Can\u00e9, 3; 6) Monte Nievas, y Quem\u00fa Quem\u00fa, 0.<br><strong>Zona B:<\/strong>&nbsp;1) General Pico, Alvear I, y Alvear II, 6 puntos; 4) Agustoni, 4; 5) Van Praet, y Speluzzi, 3; 7) La Maruja, 1; 8) Alta Italia, y Arata, 0.<br><strong>Rama masculina, zona A:&nbsp;<\/strong>1) Quem\u00fa Quem\u00fa, 6 puntos; 2) Metileo, Mauricio Mayer, y Catril\u00f3, 3; 5) Monte Nievas, y Villa Mirasol, 1; 7) Miguel Can\u00e9, 0.<br><strong>Zona B:&nbsp;<\/strong>1) Alta Italia II, 6 puntos; 2) Arata, 4; 3) General Pico, y Alvear, 3; 5) Agustoni, 1; 6) Speluzzi, y Alta Italia I, 0.<\/p>\n","protected":false},"excerpt":{"rendered":"<p>Con actividad en Metileo, Mauricio Mayer, Catril\u00f3, Agustoni, General Pico e Intendente Alvear se desarroll\u00f3 la primera jornada del certamen que organiza la Subsecretar\u00eda de Deportes, Recreaci\u00f3n y Turismo del&hellip;<\/p>\n","protected":false},"author":4,"featured_media":224728,"comment_status":"closed","ping_status":"open","sticky":false,"template":"","format":"standard","meta":{"_acf_changed":false,"footnotes":""},"categories":[1,3],"tags":[],"class_list":["post-224727","post","type-post","status-publish","format-standard","has-post-thumbnail","hentry","category-es-noticia","category-deportes"],"acf":[],"yoast_head":"<!-- This site is optimized with the Yoast SEO plugin v27.5 - https:\/\/yoast.com\/product\/yoast-seo-wordpress\/ -->\n<title>Con 300 deportistas comenz\u00f3 a jugarse la Liga Municipal de Voley - Diario Textual<\/title>\n<meta name=\"robots\" content=\"index, follow, max-snippet:-1, max-image-preview:large, max-video-preview:-1\" \/>\n<link rel=\"canonical\" href=\"https:\/\/diariotextual.com\/inicio\/index.php\/2023\/05\/11\/con-300-deportistas-comenzo-a-jugarse-la-liga-municipal-de-voley\/\" \/>\n<meta property=\"og:locale\" content=\"es_ES\" \/>\n<meta property=\"og:type\" content=\"article\" \/>\n<meta property=\"og:title\" content=\"Con 300 deportistas comenz\u00f3 a jugarse la Liga Municipal de Voley - Diario Textual\" \/>\n<meta property=\"og:description\" content=\"Con actividad en Metileo, Mauricio Mayer, Catril\u00f3, Agustoni, General Pico e Intendente Alvear se desarroll\u00f3 la primera jornada del certamen que organiza la Subsecretar\u00eda de Deportes, Recreaci\u00f3n y Turismo del&hellip;\" \/>\n<meta property=\"og:url\" content=\"https:\/\/diariotextual.com\/inicio\/index.php\/2023\/05\/11\/con-300-deportistas-comenzo-a-jugarse-la-liga-municipal-de-voley\/\" \/>\n<meta property=\"og:site_name\" content=\"Diario Textual\" \/>\n<meta property=\"article:publisher\" content=\"https:\/\/www.facebook.com\/eltextual\" \/>\n<meta property=\"article:published_time\" content=\"2023-05-11T09:50:45+00:00\" \/>\n<meta property=\"article:modified_time\" content=\"2023-05-11T09:50:46+00:00\" \/>\n<meta property=\"og:image\" content=\"https:\/\/diariotextual.com\/inicio\/wp-content\/uploads\/2023\/05\/voleyligamunicipal4632.jpg\" \/>\n\t<meta property=\"og:image:width\" content=\"600\" \/>\n\t<meta property=\"og:image:height\" content=\"379\" \/>\n\t<meta property=\"og:image:type\" content=\"image\/jpeg\" \/>\n<meta name=\"author\" content=\"diario2\" \/>\n<meta name=\"twitter:card\" content=\"summary_large_image\" \/>\n<meta name=\"twitter:creator\" content=\"@eltextual\" \/>\n<meta name=\"twitter:site\" content=\"@eltextual\" \/>\n<meta name=\"twitter:label1\" content=\"Escrito por\" \/>\n\t<meta name=\"twitter:data1\" content=\"diario2\" \/>\n\t<meta name=\"twitter:label2\" content=\"Tiempo de lectura\" \/>\n\t<meta name=\"twitter:data2\" content=\"3 minutos\" \/>\n<script type=\"application\/ld+json\" class=\"yoast-schema-graph\">{\"@context\":\"https:\\\/\\\/schema.org\",\"@graph\":[{\"@type\":\"Article\",\"@id\":\"https:\\\/\\\/diariotextual.com\\\/inicio\\\/index.php\\\/2023\\\/05\\\/11\\\/con-300-deportistas-comenzo-a-jugarse-la-liga-municipal-de-voley\\\/#article\",\"isPartOf\":{\"@id\":\"https:\\\/\\\/diariotextual.com\\\/inicio\\\/index.php\\\/2023\\\/05\\\/11\\\/con-300-deportistas-comenzo-a-jugarse-la-liga-municipal-de-voley\\\/\"},\"author\":{\"name\":\"diario2\",\"@id\":\"https:\\\/\\\/diariotextual.com\\\/inicio\\\/#\\\/schema\\\/person\\\/694f60677f23c4a530867a98f22b3768\"},\"headline\":\"Con 300 deportistas comenz\u00f3 a jugarse la Liga Municipal de Voley\",\"datePublished\":\"2023-05-11T09:50:45+00:00\",\"dateModified\":\"2023-05-11T09:50:46+00:00\",\"mainEntityOfPage\":{\"@id\":\"https:\\\/\\\/diariotextual.com\\\/inicio\\\/index.php\\\/2023\\\/05\\\/11\\\/con-300-deportistas-comenzo-a-jugarse-la-liga-municipal-de-voley\\\/\"},\"wordCount\":326,\"publisher\":{\"@id\":\"https:\\\/\\\/diariotextual.com\\\/inicio\\\/#organization\"},\"image\":{\"@id\":\"https:\\\/\\\/diariotextual.com\\\/inicio\\\/index.php\\\/2023\\\/05\\\/11\\\/con-300-deportistas-comenzo-a-jugarse-la-liga-municipal-de-voley\\\/#primaryimage\"},\"thumbnailUrl\":\"https:\\\/\\\/diariotextual.com\\\/inicio\\\/wp-content\\\/uploads\\\/2023\\\/05\\\/voleyligamunicipal4632.jpg\",\"articleSection\":[\"A - ES NOTICIA (van abajo)\",\"DEPORTES\"],\"inLanguage\":\"es\"},{\"@type\":\"WebPage\",\"@id\":\"https:\\\/\\\/diariotextual.com\\\/inicio\\\/index.php\\\/2023\\\/05\\\/11\\\/con-300-deportistas-comenzo-a-jugarse-la-liga-municipal-de-voley\\\/\",\"url\":\"https:\\\/\\\/diariotextual.com\\\/inicio\\\/index.php\\\/2023\\\/05\\\/11\\\/con-300-deportistas-comenzo-a-jugarse-la-liga-municipal-de-voley\\\/\",\"name\":\"Con 300 deportistas comenz\u00f3 a jugarse la Liga Municipal de Voley - Diario Textual\",\"isPartOf\":{\"@id\":\"https:\\\/\\\/diariotextual.com\\\/inicio\\\/#website\"},\"primaryImageOfPage\":{\"@id\":\"https:\\\/\\\/diariotextual.com\\\/inicio\\\/index.php\\\/2023\\\/05\\\/11\\\/con-300-deportistas-comenzo-a-jugarse-la-liga-municipal-de-voley\\\/#primaryimage\"},\"image\":{\"@id\":\"https:\\\/\\\/diariotextual.com\\\/inicio\\\/index.php\\\/2023\\\/05\\\/11\\\/con-300-deportistas-comenzo-a-jugarse-la-liga-municipal-de-voley\\\/#primaryimage\"},\"thumbnailUrl\":\"https:\\\/\\\/diariotextual.com\\\/inicio\\\/wp-content\\\/uploads\\\/2023\\\/05\\\/voleyligamunicipal4632.jpg\",\"datePublished\":\"2023-05-11T09:50:45+00:00\",\"dateModified\":\"2023-05-11T09:50:46+00:00\",\"breadcrumb\":{\"@id\":\"https:\\\/\\\/diariotextual.com\\\/inicio\\\/index.php\\\/2023\\\/05\\\/11\\\/con-300-deportistas-comenzo-a-jugarse-la-liga-municipal-de-voley\\\/#breadcrumb\"},\"inLanguage\":\"es\",\"potentialAction\":[{\"@type\":\"ReadAction\",\"target\":[\"https:\\\/\\\/diariotextual.com\\\/inicio\\\/index.php\\\/2023\\\/05\\\/11\\\/con-300-deportistas-comenzo-a-jugarse-la-liga-municipal-de-voley\\\/\"]}]},{\"@type\":\"ImageObject\",\"inLanguage\":\"es\",\"@id\":\"https:\\\/\\\/diariotextual.com\\\/inicio\\\/index.php\\\/2023\\\/05\\\/11\\\/con-300-deportistas-comenzo-a-jugarse-la-liga-municipal-de-voley\\\/#primaryimage\",\"url\":\"https:\\\/\\\/diariotextual.com\\\/inicio\\\/wp-content\\\/uploads\\\/2023\\\/05\\\/voleyligamunicipal4632.jpg\",\"contentUrl\":\"https:\\\/\\\/diariotextual.com\\\/inicio\\\/wp-content\\\/uploads\\\/2023\\\/05\\\/voleyligamunicipal4632.jpg\",\"width\":600,\"height\":379},{\"@type\":\"BreadcrumbList\",\"@id\":\"https:\\\/\\\/diariotextual.com\\\/inicio\\\/index.php\\\/2023\\\/05\\\/11\\\/con-300-deportistas-comenzo-a-jugarse-la-liga-municipal-de-voley\\\/#breadcrumb\",\"itemListElement\":[{\"@type\":\"ListItem\",\"position\":1,\"name\":\"Portada\",\"item\":\"https:\\\/\\\/diariotextual.com\\\/inicio\\\/\"},{\"@type\":\"ListItem\",\"position\":2,\"name\":\"Con 300 deportistas comenz\u00f3 a jugarse la Liga Municipal de Voley\"}]},{\"@type\":\"WebSite\",\"@id\":\"https:\\\/\\\/diariotextual.com\\\/inicio\\\/#website\",\"url\":\"https:\\\/\\\/diariotextual.com\\\/inicio\\\/\",\"name\":\"Diario Textual\",\"description\":\"\",\"publisher\":{\"@id\":\"https:\\\/\\\/diariotextual.com\\\/inicio\\\/#organization\"},\"potentialAction\":[{\"@type\":\"SearchAction\",\"target\":{\"@type\":\"EntryPoint\",\"urlTemplate\":\"https:\\\/\\\/diariotextual.com\\\/inicio\\\/?s={search_term_string}\"},\"query-input\":{\"@type\":\"PropertyValueSpecification\",\"valueRequired\":true,\"valueName\":\"search_term_string\"}}],\"inLanguage\":\"es\"},{\"@type\":\"Organization\",\"@id\":\"https:\\\/\\\/diariotextual.com\\\/inicio\\\/#organization\",\"name\":\"Diario Textual\",\"url\":\"https:\\\/\\\/diariotextual.com\\\/inicio\\\/\",\"logo\":{\"@type\":\"ImageObject\",\"inLanguage\":\"es\",\"@id\":\"https:\\\/\\\/diariotextual.com\\\/inicio\\\/#\\\/schema\\\/logo\\\/image\\\/\",\"url\":\"https:\\\/\\\/diariotextual.com\\\/inicio\\\/wp-content\\\/uploads\\\/2023\\\/05\\\/logotextual1.jpg\",\"contentUrl\":\"https:\\\/\\\/diariotextual.com\\\/inicio\\\/wp-content\\\/uploads\\\/2023\\\/05\\\/logotextual1.jpg\",\"width\":516,\"height\":76,\"caption\":\"Diario Textual\"},\"image\":{\"@id\":\"https:\\\/\\\/diariotextual.com\\\/inicio\\\/#\\\/schema\\\/logo\\\/image\\\/\"},\"sameAs\":[\"https:\\\/\\\/www.facebook.com\\\/eltextual\",\"https:\\\/\\\/x.com\\\/eltextual\",\"http:\\\/\\\/www.instagram.com\\\/eltextual\"]},{\"@type\":\"Person\",\"@id\":\"https:\\\/\\\/diariotextual.com\\\/inicio\\\/#\\\/schema\\\/person\\\/694f60677f23c4a530867a98f22b3768\",\"name\":\"diario2\",\"image\":{\"@type\":\"ImageObject\",\"inLanguage\":\"es\",\"@id\":\"https:\\\/\\\/secure.gravatar.com\\\/avatar\\\/5a2567495ba16b852fcd8f1ed006a2e24fcace936018ed8237e95f488ad6e0a7?s=96&d=mm&r=g\",\"url\":\"https:\\\/\\\/secure.gravatar.com\\\/avatar\\\/5a2567495ba16b852fcd8f1ed006a2e24fcace936018ed8237e95f488ad6e0a7?s=96&d=mm&r=g\",\"contentUrl\":\"https:\\\/\\\/secure.gravatar.com\\\/avatar\\\/5a2567495ba16b852fcd8f1ed006a2e24fcace936018ed8237e95f488ad6e0a7?s=96&d=mm&r=g\",\"caption\":\"diario2\"},\"url\":\"https:\\\/\\\/diariotextual.com\\\/inicio\\\/index.php\\\/author\\\/diario2\\\/\"}]}<\/script>\n<!-- \/ Yoast SEO plugin. -->","yoast_head_json":{"title":"Con 300 deportistas comenz\u00f3 a jugarse la Liga Municipal de Voley - Diario Textual","robots":{"index":"index","follow":"follow","max-snippet":"max-snippet:-1","max-image-preview":"max-image-preview:large","max-video-preview":"max-video-preview:-1"},"canonical":"https:\/\/diariotextual.com\/inicio\/index.php\/2023\/05\/11\/con-300-deportistas-comenzo-a-jugarse-la-liga-municipal-de-voley\/","og_locale":"es_ES","og_type":"article","og_title":"Con 300 deportistas comenz\u00f3 a jugarse la Liga Municipal de Voley - Diario Textual","og_description":"Con actividad en Metileo, Mauricio Mayer, Catril\u00f3, Agustoni, General Pico e Intendente Alvear se desarroll\u00f3 la primera jornada del certamen que organiza la Subsecretar\u00eda de Deportes, Recreaci\u00f3n y Turismo del&hellip;","og_url":"https:\/\/diariotextual.com\/inicio\/index.php\/2023\/05\/11\/con-300-deportistas-comenzo-a-jugarse-la-liga-municipal-de-voley\/","og_site_name":"Diario Textual","article_publisher":"https:\/\/www.facebook.com\/eltextual","article_published_time":"2023-05-11T09:50:45+00:00","article_modified_time":"2023-05-11T09:50:46+00:00","og_image":[{"width":600,"height":379,"url":"https:\/\/diariotextual.com\/inicio\/wp-content\/uploads\/2023\/05\/voleyligamunicipal4632.jpg","type":"image\/jpeg"}],"author":"diario2","twitter_card":"summary_large_image","twitter_creator":"@eltextual","twitter_site":"@eltextual","twitter_misc":{"Escrito por":"diario2","Tiempo de lectura":"3 minutos"},"schema":{"@context":"https:\/\/schema.org","@graph":[{"@type":"Article","@id":"https:\/\/diariotextual.com\/inicio\/index.php\/2023\/05\/11\/con-300-deportistas-comenzo-a-jugarse-la-liga-municipal-de-voley\/#article","isPartOf":{"@id":"https:\/\/diariotextual.com\/inicio\/index.php\/2023\/05\/11\/con-300-deportistas-comenzo-a-jugarse-la-liga-municipal-de-voley\/"},"author":{"name":"diario2","@id":"https:\/\/diariotextual.com\/inicio\/#\/schema\/person\/694f60677f23c4a530867a98f22b3768"},"headline":"Con 300 deportistas comenz\u00f3 a jugarse la Liga Municipal de Voley","datePublished":"2023-05-11T09:50:45+00:00","dateModified":"2023-05-11T09:50:46+00:00","mainEntityOfPage":{"@id":"https:\/\/diariotextual.com\/inicio\/index.php\/2023\/05\/11\/con-300-deportistas-comenzo-a-jugarse-la-liga-municipal-de-voley\/"},"wordCount":326,"publisher":{"@id":"https:\/\/diariotextual.com\/inicio\/#organization"},"image":{"@id":"https:\/\/diariotextual.com\/inicio\/index.php\/2023\/05\/11\/con-300-deportistas-comenzo-a-jugarse-la-liga-municipal-de-voley\/#primaryimage"},"thumbnailUrl":"https:\/\/diariotextual.com\/inicio\/wp-content\/uploads\/2023\/05\/voleyligamunicipal4632.jpg","articleSection":["A - ES NOTICIA (van abajo)","DEPORTES"],"inLanguage":"es"},{"@type":"WebPage","@id":"https:\/\/diariotextual.com\/inicio\/index.php\/2023\/05\/11\/con-300-deportistas-comenzo-a-jugarse-la-liga-municipal-de-voley\/","url":"https:\/\/diariotextual.com\/inicio\/index.php\/2023\/05\/11\/con-300-deportistas-comenzo-a-jugarse-la-liga-municipal-de-voley\/","name":"Con 300 deportistas comenz\u00f3 a jugarse la Liga Municipal de Voley - Diario Textual","isPartOf":{"@id":"https:\/\/diariotextual.com\/inicio\/#website"},"primaryImageOfPage":{"@id":"https:\/\/diariotextual.com\/inicio\/index.php\/2023\/05\/11\/con-300-deportistas-comenzo-a-jugarse-la-liga-municipal-de-voley\/#primaryimage"},"image":{"@id":"https:\/\/diariotextual.com\/inicio\/index.php\/2023\/05\/11\/con-300-deportistas-comenzo-a-jugarse-la-liga-municipal-de-voley\/#primaryimage"},"thumbnailUrl":"https:\/\/diariotextual.com\/inicio\/wp-content\/uploads\/2023\/05\/voleyligamunicipal4632.jpg","datePublished":"2023-05-11T09:50:45+00:00","dateModified":"2023-05-11T09:50:46+00:00","breadcrumb":{"@id":"https:\/\/diariotextual.com\/inicio\/index.php\/2023\/05\/11\/con-300-deportistas-comenzo-a-jugarse-la-liga-municipal-de-voley\/#breadcrumb"},"inLanguage":"es","potentialAction":[{"@type":"ReadAction","target":["https:\/\/diariotextual.com\/inicio\/index.php\/2023\/05\/11\/con-300-deportistas-comenzo-a-jugarse-la-liga-municipal-de-voley\/"]}]},{"@type":"ImageObject","inLanguage":"es","@id":"https:\/\/diariotextual.com\/inicio\/index.php\/2023\/05\/11\/con-300-deportistas-comenzo-a-jugarse-la-liga-municipal-de-voley\/#primaryimage","url":"https:\/\/diariotextual.com\/inicio\/wp-content\/uploads\/2023\/05\/voleyligamunicipal4632.jpg","contentUrl":"https:\/\/diariotextual.com\/inicio\/wp-content\/uploads\/2023\/05\/voleyligamunicipal4632.jpg","width":600,"height":379},{"@type":"BreadcrumbList","@id":"https:\/\/diariotextual.com\/inicio\/index.php\/2023\/05\/11\/con-300-deportistas-comenzo-a-jugarse-la-liga-municipal-de-voley\/#breadcrumb","itemListElement":[{"@type":"ListItem","position":1,"name":"Portada","item":"https:\/\/diariotextual.com\/inicio\/"},{"@type":"ListItem","position":2,"name":"Con 300 deportistas comenz\u00f3 a jugarse la Liga Municipal de Voley"}]},{"@type":"WebSite","@id":"https:\/\/diariotextual.com\/inicio\/#website","url":"https:\/\/diariotextual.com\/inicio\/","name":"Diario Textual","description":"","publisher":{"@id":"https:\/\/diariotextual.com\/inicio\/#organization"},"potentialAction":[{"@type":"SearchAction","target":{"@type":"EntryPoint","urlTemplate":"https:\/\/diariotextual.com\/inicio\/?s={search_term_string}"},"query-input":{"@type":"PropertyValueSpecification","valueRequired":true,"valueName":"search_term_string"}}],"inLanguage":"es"},{"@type":"Organization","@id":"https:\/\/diariotextual.com\/inicio\/#organization","name":"Diario Textual","url":"https:\/\/diariotextual.com\/inicio\/","logo":{"@type":"ImageObject","inLanguage":"es","@id":"https:\/\/diariotextual.com\/inicio\/#\/schema\/logo\/image\/","url":"https:\/\/diariotextual.com\/inicio\/wp-content\/uploads\/2023\/05\/logotextual1.jpg","contentUrl":"https:\/\/diariotextual.com\/inicio\/wp-content\/uploads\/2023\/05\/logotextual1.jpg","width":516,"height":76,"caption":"Diario Textual"},"image":{"@id":"https:\/\/diariotextual.com\/inicio\/#\/schema\/logo\/image\/"},"sameAs":["https:\/\/www.facebook.com\/eltextual","https:\/\/x.com\/eltextual","http:\/\/www.instagram.com\/eltextual"]},{"@type":"Person","@id":"https:\/\/diariotextual.com\/inicio\/#\/schema\/person\/694f60677f23c4a530867a98f22b3768","name":"diario2","image":{"@type":"ImageObject","inLanguage":"es","@id":"https:\/\/secure.gravatar.com\/avatar\/5a2567495ba16b852fcd8f1ed006a2e24fcace936018ed8237e95f488ad6e0a7?s=96&d=mm&r=g","url":"https:\/\/secure.gravatar.com\/avatar\/5a2567495ba16b852fcd8f1ed006a2e24fcace936018ed8237e95f488ad6e0a7?s=96&d=mm&r=g","contentUrl":"https:\/\/secure.gravatar.com\/avatar\/5a2567495ba16b852fcd8f1ed006a2e24fcace936018ed8237e95f488ad6e0a7?s=96&d=mm&r=g","caption":"diario2"},"url":"https:\/\/diariotextual.com\/inicio\/index.php\/author\/diario2\/"}]}},"_links":{"self":[{"href":"https:\/\/diariotextual.com\/inicio\/index.php\/wp-json\/wp\/v2\/posts\/224727","targetHints":{"allow":["GET"]}}],"collection":[{"href":"https:\/\/diariotextual.com\/inicio\/index.php\/wp-json\/wp\/v2\/posts"}],"about":[{"href":"https:\/\/diariotextual.com\/inicio\/index.php\/wp-json\/wp\/v2\/types\/post"}],"author":[{"embeddable":true,"href":"https:\/\/diariotextual.com\/inicio\/index.php\/wp-json\/wp\/v2\/users\/4"}],"replies":[{"embeddable":true,"href":"https:\/\/diariotextual.com\/inicio\/index.php\/wp-json\/wp\/v2\/comments?post=224727"}],"version-history":[{"count":1,"href":"https:\/\/diariotextual.com\/inicio\/index.php\/wp-json\/wp\/v2\/posts\/224727\/revisions"}],"predecessor-version":[{"id":224729,"href":"https:\/\/diariotextual.com\/inicio\/index.php\/wp-json\/wp\/v2\/posts\/224727\/revisions\/224729"}],"wp:featuredmedia":[{"embeddable":true,"href":"https:\/\/diariotextual.com\/inicio\/index.php\/wp-json\/wp\/v2\/media\/224728"}],"wp:attachment":[{"href":"https:\/\/diariotextual.com\/inicio\/index.php\/wp-json\/wp\/v2\/media?parent=224727"}],"wp:term":[{"taxonomy":"category","embeddable":true,"href":"https:\/\/diariotextual.com\/inicio\/index.php\/wp-json\/wp\/v2\/categories?post=224727"},{"taxonomy":"post_tag","embeddable":true,"href":"https:\/\/diariotextual.com\/inicio\/index.php\/wp-json\/wp\/v2\/tags?post=224727"}],"curies":[{"name":"wp","href":"https:\/\/api.w.org\/{rel}","templated":true}]}}