{"id":224732,"date":"2023-05-11T07:12:26","date_gmt":"2023-05-11T10:12:26","guid":{"rendered":"https:\/\/diariotextual.com\/inicio\/?p=224732"},"modified":"2023-05-11T07:14:53","modified_gmt":"2023-05-11T10:14:53","slug":"el-cantautor-leon-gamba-celebra-sus-10-anos-con-el-folklore-con-una-gran-pena","status":"publish","type":"post","link":"https:\/\/diariotextual.com\/inicio\/index.php\/2023\/05\/11\/el-cantautor-leon-gamba-celebra-sus-10-anos-con-el-folklore-con-una-gran-pena\/","title":{"rendered":"El cantautor Le\u00f3n Gamba celebra sus 10 a\u00f1os con el folklore con una gran pe\u00f1a en Santa Rosa"},"content":{"rendered":"\n<p>El cantautor y gestor cultural <strong>Le\u00f3n Gamba cumple 10 a\u00f1os desde sus primeras presentaciones en vivo cantando folklore,<\/strong> y lo celebra con una <strong>gran pe\u00f1a<\/strong> el d\u00eda viernes 12 de Mayo, a las 21.30 horas, en las instalaciones del Club El Fort\u00edn de la ciudad de Santa Rosa.<\/p>\n\n\n\n<p>Con una puesta en escena de primer nivel, se presentar\u00e1n en vivo el Grupo Ay\u00fcn (destacado en Baradero 2022) Anita Ferreyra, el Ballet Somos Querencia, Laura Gomez Weiss (destacada Espect\u00e1culos Callejeros Cosqu\u00edn 2022) Joaqu\u00edn Chiavarino y el cierre a puro baile con Fer Pereyra.<\/p>\n\n\n\n<p>Las entradas a un valor de 1600 pesos anticipadas pueden adquirirse en Rhema Tienda de m\u00fasica (H. Lagos 47) SmallCenter (Lisandro de la Torre 96) La Pecera (Uruguay 482) o por la plataforma planetaentrada.com.<\/p>\n\n\n\n<figure class=\"wp-block-image size-full\"><img fetchpriority=\"high\" decoding=\"async\" width=\"1000\" height=\"667\" src=\"https:\/\/diariotextual.com\/inicio\/wp-content\/uploads\/2018\/09\/gambaleon11.jpg\" alt=\"\" class=\"wp-image-21239\" srcset=\"https:\/\/diariotextual.com\/inicio\/wp-content\/uploads\/2018\/09\/gambaleon11.jpg 1000w, https:\/\/diariotextual.com\/inicio\/wp-content\/uploads\/2018\/09\/gambaleon11-300x200.jpg 300w, https:\/\/diariotextual.com\/inicio\/wp-content\/uploads\/2018\/09\/gambaleon11-768x512.jpg 768w, https:\/\/diariotextual.com\/inicio\/wp-content\/uploads\/2018\/09\/gambaleon11-585x390.jpg 585w, https:\/\/diariotextual.com\/inicio\/wp-content\/uploads\/2018\/09\/gambaleon11-263x175.jpg 263w\" sizes=\"(max-width: 1000px) 100vw, 1000px\" \/><\/figure>\n","protected":false},"excerpt":{"rendered":"<p>El cantautor y gestor cultural Le\u00f3n Gamba cumple 10 a\u00f1os desde sus primeras presentaciones en vivo cantando folklore, y lo celebra con una gran pe\u00f1a el d\u00eda viernes 12 de&hellip;<\/p>\n","protected":false},"author":4,"featured_media":76072,"comment_status":"closed","ping_status":"open","sticky":false,"template":"","format":"standard","meta":{"_acf_changed":false,"footnotes":""},"categories":[1,2],"tags":[],"class_list":["post-224732","post","type-post","status-publish","format-standard","has-post-thumbnail","hentry","category-es-noticia","category-cultura"],"acf":[],"yoast_head":"<!-- This site is optimized with the Yoast SEO plugin v27.5 - https:\/\/yoast.com\/product\/yoast-seo-wordpress\/ -->\n<title>El cantautor Le\u00f3n Gamba celebra sus 10 a\u00f1os con el folklore con una gran pe\u00f1a en Santa Rosa - Diario Textual<\/title>\n<meta name=\"robots\" content=\"index, follow, max-snippet:-1, max-image-preview:large, max-video-preview:-1\" \/>\n<link rel=\"canonical\" href=\"https:\/\/diariotextual.com\/inicio\/index.php\/2023\/05\/11\/el-cantautor-leon-gamba-celebra-sus-10-anos-con-el-folklore-con-una-gran-pena\/\" \/>\n<meta property=\"og:locale\" content=\"es_ES\" \/>\n<meta property=\"og:type\" content=\"article\" \/>\n<meta property=\"og:title\" content=\"El cantautor Le\u00f3n Gamba celebra sus 10 a\u00f1os con el folklore con una gran pe\u00f1a en Santa Rosa - Diario Textual\" \/>\n<meta property=\"og:description\" content=\"El cantautor y gestor cultural Le\u00f3n Gamba cumple 10 a\u00f1os desde sus primeras presentaciones en vivo cantando folklore, y lo celebra con una gran pe\u00f1a el d\u00eda viernes 12 de&hellip;\" \/>\n<meta property=\"og:url\" content=\"https:\/\/diariotextual.com\/inicio\/index.php\/2023\/05\/11\/el-cantautor-leon-gamba-celebra-sus-10-anos-con-el-folklore-con-una-gran-pena\/\" \/>\n<meta property=\"og:site_name\" content=\"Diario Textual\" \/>\n<meta property=\"article:publisher\" content=\"https:\/\/www.facebook.com\/eltextual\" \/>\n<meta property=\"article:published_time\" content=\"2023-05-11T10:12:26+00:00\" \/>\n<meta property=\"article:modified_time\" content=\"2023-05-11T10:14:53+00:00\" \/>\n<meta property=\"og:image\" content=\"https:\/\/diariotextual.com\/inicio\/wp-content\/uploads\/2020\/01\/gambaleonprecosquin2020-1.jpg\" \/>\n\t<meta property=\"og:image:width\" content=\"873\" \/>\n\t<meta property=\"og:image:height\" content=\"561\" \/>\n\t<meta property=\"og:image:type\" content=\"image\/jpeg\" \/>\n<meta name=\"author\" content=\"diario2\" \/>\n<meta name=\"twitter:card\" content=\"summary_large_image\" \/>\n<meta name=\"twitter:creator\" content=\"@eltextual\" \/>\n<meta name=\"twitter:site\" content=\"@eltextual\" \/>\n<meta name=\"twitter:label1\" content=\"Escrito por\" \/>\n\t<meta name=\"twitter:data1\" content=\"diario2\" \/>\n\t<meta name=\"twitter:label2\" content=\"Tiempo de lectura\" \/>\n\t<meta name=\"twitter:data2\" content=\"1 minuto\" \/>\n<script type=\"application\/ld+json\" class=\"yoast-schema-graph\">{\"@context\":\"https:\\\/\\\/schema.org\",\"@graph\":[{\"@type\":\"Article\",\"@id\":\"https:\\\/\\\/diariotextual.com\\\/inicio\\\/index.php\\\/2023\\\/05\\\/11\\\/el-cantautor-leon-gamba-celebra-sus-10-anos-con-el-folklore-con-una-gran-pena\\\/#article\",\"isPartOf\":{\"@id\":\"https:\\\/\\\/diariotextual.com\\\/inicio\\\/index.php\\\/2023\\\/05\\\/11\\\/el-cantautor-leon-gamba-celebra-sus-10-anos-con-el-folklore-con-una-gran-pena\\\/\"},\"author\":{\"name\":\"diario2\",\"@id\":\"https:\\\/\\\/diariotextual.com\\\/inicio\\\/#\\\/schema\\\/person\\\/694f60677f23c4a530867a98f22b3768\"},\"headline\":\"El cantautor Le\u00f3n Gamba celebra sus 10 a\u00f1os con el folklore con una gran pe\u00f1a en Santa Rosa\",\"datePublished\":\"2023-05-11T10:12:26+00:00\",\"dateModified\":\"2023-05-11T10:14:53+00:00\",\"mainEntityOfPage\":{\"@id\":\"https:\\\/\\\/diariotextual.com\\\/inicio\\\/index.php\\\/2023\\\/05\\\/11\\\/el-cantautor-leon-gamba-celebra-sus-10-anos-con-el-folklore-con-una-gran-pena\\\/\"},\"wordCount\":149,\"publisher\":{\"@id\":\"https:\\\/\\\/diariotextual.com\\\/inicio\\\/#organization\"},\"image\":{\"@id\":\"https:\\\/\\\/diariotextual.com\\\/inicio\\\/index.php\\\/2023\\\/05\\\/11\\\/el-cantautor-leon-gamba-celebra-sus-10-anos-con-el-folklore-con-una-gran-pena\\\/#primaryimage\"},\"thumbnailUrl\":\"https:\\\/\\\/diariotextual.com\\\/inicio\\\/wp-content\\\/uploads\\\/2020\\\/01\\\/gambaleonprecosquin2020-1.jpg\",\"articleSection\":[\"A - ES NOTICIA (van abajo)\",\"CULTURA\"],\"inLanguage\":\"es\"},{\"@type\":\"WebPage\",\"@id\":\"https:\\\/\\\/diariotextual.com\\\/inicio\\\/index.php\\\/2023\\\/05\\\/11\\\/el-cantautor-leon-gamba-celebra-sus-10-anos-con-el-folklore-con-una-gran-pena\\\/\",\"url\":\"https:\\\/\\\/diariotextual.com\\\/inicio\\\/index.php\\\/2023\\\/05\\\/11\\\/el-cantautor-leon-gamba-celebra-sus-10-anos-con-el-folklore-con-una-gran-pena\\\/\",\"name\":\"El cantautor Le\u00f3n Gamba celebra sus 10 a\u00f1os con el folklore con una gran pe\u00f1a en Santa Rosa - Diario Textual\",\"isPartOf\":{\"@id\":\"https:\\\/\\\/diariotextual.com\\\/inicio\\\/#website\"},\"primaryImageOfPage\":{\"@id\":\"https:\\\/\\\/diariotextual.com\\\/inicio\\\/index.php\\\/2023\\\/05\\\/11\\\/el-cantautor-leon-gamba-celebra-sus-10-anos-con-el-folklore-con-una-gran-pena\\\/#primaryimage\"},\"image\":{\"@id\":\"https:\\\/\\\/diariotextual.com\\\/inicio\\\/index.php\\\/2023\\\/05\\\/11\\\/el-cantautor-leon-gamba-celebra-sus-10-anos-con-el-folklore-con-una-gran-pena\\\/#primaryimage\"},\"thumbnailUrl\":\"https:\\\/\\\/diariotextual.com\\\/inicio\\\/wp-content\\\/uploads\\\/2020\\\/01\\\/gambaleonprecosquin2020-1.jpg\",\"datePublished\":\"2023-05-11T10:12:26+00:00\",\"dateModified\":\"2023-05-11T10:14:53+00:00\",\"breadcrumb\":{\"@id\":\"https:\\\/\\\/diariotextual.com\\\/inicio\\\/index.php\\\/2023\\\/05\\\/11\\\/el-cantautor-leon-gamba-celebra-sus-10-anos-con-el-folklore-con-una-gran-pena\\\/#breadcrumb\"},\"inLanguage\":\"es\",\"potentialAction\":[{\"@type\":\"ReadAction\",\"target\":[\"https:\\\/\\\/diariotextual.com\\\/inicio\\\/index.php\\\/2023\\\/05\\\/11\\\/el-cantautor-leon-gamba-celebra-sus-10-anos-con-el-folklore-con-una-gran-pena\\\/\"]}]},{\"@type\":\"ImageObject\",\"inLanguage\":\"es\",\"@id\":\"https:\\\/\\\/diariotextual.com\\\/inicio\\\/index.php\\\/2023\\\/05\\\/11\\\/el-cantautor-leon-gamba-celebra-sus-10-anos-con-el-folklore-con-una-gran-pena\\\/#primaryimage\",\"url\":\"https:\\\/\\\/diariotextual.com\\\/inicio\\\/wp-content\\\/uploads\\\/2020\\\/01\\\/gambaleonprecosquin2020-1.jpg\",\"contentUrl\":\"https:\\\/\\\/diariotextual.com\\\/inicio\\\/wp-content\\\/uploads\\\/2020\\\/01\\\/gambaleonprecosquin2020-1.jpg\",\"width\":873,\"height\":561},{\"@type\":\"BreadcrumbList\",\"@id\":\"https:\\\/\\\/diariotextual.com\\\/inicio\\\/index.php\\\/2023\\\/05\\\/11\\\/el-cantautor-leon-gamba-celebra-sus-10-anos-con-el-folklore-con-una-gran-pena\\\/#breadcrumb\",\"itemListElement\":[{\"@type\":\"ListItem\",\"position\":1,\"name\":\"Portada\",\"item\":\"https:\\\/\\\/diariotextual.com\\\/inicio\\\/\"},{\"@type\":\"ListItem\",\"position\":2,\"name\":\"El cantautor Le\u00f3n Gamba celebra sus 10 a\u00f1os con el folklore con una gran pe\u00f1a en Santa Rosa\"}]},{\"@type\":\"WebSite\",\"@id\":\"https:\\\/\\\/diariotextual.com\\\/inicio\\\/#website\",\"url\":\"https:\\\/\\\/diariotextual.com\\\/inicio\\\/\",\"name\":\"Diario Textual\",\"description\":\"\",\"publisher\":{\"@id\":\"https:\\\/\\\/diariotextual.com\\\/inicio\\\/#organization\"},\"potentialAction\":[{\"@type\":\"SearchAction\",\"target\":{\"@type\":\"EntryPoint\",\"urlTemplate\":\"https:\\\/\\\/diariotextual.com\\\/inicio\\\/?s={search_term_string}\"},\"query-input\":{\"@type\":\"PropertyValueSpecification\",\"valueRequired\":true,\"valueName\":\"search_term_string\"}}],\"inLanguage\":\"es\"},{\"@type\":\"Organization\",\"@id\":\"https:\\\/\\\/diariotextual.com\\\/inicio\\\/#organization\",\"name\":\"Diario Textual\",\"url\":\"https:\\\/\\\/diariotextual.com\\\/inicio\\\/\",\"logo\":{\"@type\":\"ImageObject\",\"inLanguage\":\"es\",\"@id\":\"https:\\\/\\\/diariotextual.com\\\/inicio\\\/#\\\/schema\\\/logo\\\/image\\\/\",\"url\":\"https:\\\/\\\/diariotextual.com\\\/inicio\\\/wp-content\\\/uploads\\\/2023\\\/05\\\/logotextual1.jpg\",\"contentUrl\":\"https:\\\/\\\/diariotextual.com\\\/inicio\\\/wp-content\\\/uploads\\\/2023\\\/05\\\/logotextual1.jpg\",\"width\":516,\"height\":76,\"caption\":\"Diario Textual\"},\"image\":{\"@id\":\"https:\\\/\\\/diariotextual.com\\\/inicio\\\/#\\\/schema\\\/logo\\\/image\\\/\"},\"sameAs\":[\"https:\\\/\\\/www.facebook.com\\\/eltextual\",\"https:\\\/\\\/x.com\\\/eltextual\",\"http:\\\/\\\/www.instagram.com\\\/eltextual\"]},{\"@type\":\"Person\",\"@id\":\"https:\\\/\\\/diariotextual.com\\\/inicio\\\/#\\\/schema\\\/person\\\/694f60677f23c4a530867a98f22b3768\",\"name\":\"diario2\",\"image\":{\"@type\":\"ImageObject\",\"inLanguage\":\"es\",\"@id\":\"https:\\\/\\\/secure.gravatar.com\\\/avatar\\\/5a2567495ba16b852fcd8f1ed006a2e24fcace936018ed8237e95f488ad6e0a7?s=96&d=mm&r=g\",\"url\":\"https:\\\/\\\/secure.gravatar.com\\\/avatar\\\/5a2567495ba16b852fcd8f1ed006a2e24fcace936018ed8237e95f488ad6e0a7?s=96&d=mm&r=g\",\"contentUrl\":\"https:\\\/\\\/secure.gravatar.com\\\/avatar\\\/5a2567495ba16b852fcd8f1ed006a2e24fcace936018ed8237e95f488ad6e0a7?s=96&d=mm&r=g\",\"caption\":\"diario2\"},\"url\":\"https:\\\/\\\/diariotextual.com\\\/inicio\\\/index.php\\\/author\\\/diario2\\\/\"}]}<\/script>\n<!-- \/ Yoast SEO plugin. -->","yoast_head_json":{"title":"El cantautor Le\u00f3n Gamba celebra sus 10 a\u00f1os con el folklore con una gran pe\u00f1a en Santa Rosa - Diario Textual","robots":{"index":"index","follow":"follow","max-snippet":"max-snippet:-1","max-image-preview":"max-image-preview:large","max-video-preview":"max-video-preview:-1"},"canonical":"https:\/\/diariotextual.com\/inicio\/index.php\/2023\/05\/11\/el-cantautor-leon-gamba-celebra-sus-10-anos-con-el-folklore-con-una-gran-pena\/","og_locale":"es_ES","og_type":"article","og_title":"El cantautor Le\u00f3n Gamba celebra sus 10 a\u00f1os con el folklore con una gran pe\u00f1a en Santa Rosa - Diario Textual","og_description":"El cantautor y gestor cultural Le\u00f3n Gamba cumple 10 a\u00f1os desde sus primeras presentaciones en vivo cantando folklore, y lo celebra con una gran pe\u00f1a el d\u00eda viernes 12 de&hellip;","og_url":"https:\/\/diariotextual.com\/inicio\/index.php\/2023\/05\/11\/el-cantautor-leon-gamba-celebra-sus-10-anos-con-el-folklore-con-una-gran-pena\/","og_site_name":"Diario Textual","article_publisher":"https:\/\/www.facebook.com\/eltextual","article_published_time":"2023-05-11T10:12:26+00:00","article_modified_time":"2023-05-11T10:14:53+00:00","og_image":[{"width":873,"height":561,"url":"https:\/\/diariotextual.com\/inicio\/wp-content\/uploads\/2020\/01\/gambaleonprecosquin2020-1.jpg","type":"image\/jpeg"}],"author":"diario2","twitter_card":"summary_large_image","twitter_creator":"@eltextual","twitter_site":"@eltextual","twitter_misc":{"Escrito por":"diario2","Tiempo de lectura":"1 minuto"},"schema":{"@context":"https:\/\/schema.org","@graph":[{"@type":"Article","@id":"https:\/\/diariotextual.com\/inicio\/index.php\/2023\/05\/11\/el-cantautor-leon-gamba-celebra-sus-10-anos-con-el-folklore-con-una-gran-pena\/#article","isPartOf":{"@id":"https:\/\/diariotextual.com\/inicio\/index.php\/2023\/05\/11\/el-cantautor-leon-gamba-celebra-sus-10-anos-con-el-folklore-con-una-gran-pena\/"},"author":{"name":"diario2","@id":"https:\/\/diariotextual.com\/inicio\/#\/schema\/person\/694f60677f23c4a530867a98f22b3768"},"headline":"El cantautor Le\u00f3n Gamba celebra sus 10 a\u00f1os con el folklore con una gran pe\u00f1a en Santa Rosa","datePublished":"2023-05-11T10:12:26+00:00","dateModified":"2023-05-11T10:14:53+00:00","mainEntityOfPage":{"@id":"https:\/\/diariotextual.com\/inicio\/index.php\/2023\/05\/11\/el-cantautor-leon-gamba-celebra-sus-10-anos-con-el-folklore-con-una-gran-pena\/"},"wordCount":149,"publisher":{"@id":"https:\/\/diariotextual.com\/inicio\/#organization"},"image":{"@id":"https:\/\/diariotextual.com\/inicio\/index.php\/2023\/05\/11\/el-cantautor-leon-gamba-celebra-sus-10-anos-con-el-folklore-con-una-gran-pena\/#primaryimage"},"thumbnailUrl":"https:\/\/diariotextual.com\/inicio\/wp-content\/uploads\/2020\/01\/gambaleonprecosquin2020-1.jpg","articleSection":["A - ES NOTICIA (van abajo)","CULTURA"],"inLanguage":"es"},{"@type":"WebPage","@id":"https:\/\/diariotextual.com\/inicio\/index.php\/2023\/05\/11\/el-cantautor-leon-gamba-celebra-sus-10-anos-con-el-folklore-con-una-gran-pena\/","url":"https:\/\/diariotextual.com\/inicio\/index.php\/2023\/05\/11\/el-cantautor-leon-gamba-celebra-sus-10-anos-con-el-folklore-con-una-gran-pena\/","name":"El cantautor Le\u00f3n Gamba celebra sus 10 a\u00f1os con el folklore con una gran pe\u00f1a en Santa Rosa - Diario Textual","isPartOf":{"@id":"https:\/\/diariotextual.com\/inicio\/#website"},"primaryImageOfPage":{"@id":"https:\/\/diariotextual.com\/inicio\/index.php\/2023\/05\/11\/el-cantautor-leon-gamba-celebra-sus-10-anos-con-el-folklore-con-una-gran-pena\/#primaryimage"},"image":{"@id":"https:\/\/diariotextual.com\/inicio\/index.php\/2023\/05\/11\/el-cantautor-leon-gamba-celebra-sus-10-anos-con-el-folklore-con-una-gran-pena\/#primaryimage"},"thumbnailUrl":"https:\/\/diariotextual.com\/inicio\/wp-content\/uploads\/2020\/01\/gambaleonprecosquin2020-1.jpg","datePublished":"2023-05-11T10:12:26+00:00","dateModified":"2023-05-11T10:14:53+00:00","breadcrumb":{"@id":"https:\/\/diariotextual.com\/inicio\/index.php\/2023\/05\/11\/el-cantautor-leon-gamba-celebra-sus-10-anos-con-el-folklore-con-una-gran-pena\/#breadcrumb"},"inLanguage":"es","potentialAction":[{"@type":"ReadAction","target":["https:\/\/diariotextual.com\/inicio\/index.php\/2023\/05\/11\/el-cantautor-leon-gamba-celebra-sus-10-anos-con-el-folklore-con-una-gran-pena\/"]}]},{"@type":"ImageObject","inLanguage":"es","@id":"https:\/\/diariotextual.com\/inicio\/index.php\/2023\/05\/11\/el-cantautor-leon-gamba-celebra-sus-10-anos-con-el-folklore-con-una-gran-pena\/#primaryimage","url":"https:\/\/diariotextual.com\/inicio\/wp-content\/uploads\/2020\/01\/gambaleonprecosquin2020-1.jpg","contentUrl":"https:\/\/diariotextual.com\/inicio\/wp-content\/uploads\/2020\/01\/gambaleonprecosquin2020-1.jpg","width":873,"height":561},{"@type":"BreadcrumbList","@id":"https:\/\/diariotextual.com\/inicio\/index.php\/2023\/05\/11\/el-cantautor-leon-gamba-celebra-sus-10-anos-con-el-folklore-con-una-gran-pena\/#breadcrumb","itemListElement":[{"@type":"ListItem","position":1,"name":"Portada","item":"https:\/\/diariotextual.com\/inicio\/"},{"@type":"ListItem","position":2,"name":"El cantautor Le\u00f3n Gamba celebra sus 10 a\u00f1os con el folklore con una gran pe\u00f1a en Santa Rosa"}]},{"@type":"WebSite","@id":"https:\/\/diariotextual.com\/inicio\/#website","url":"https:\/\/diariotextual.com\/inicio\/","name":"Diario Textual","description":"","publisher":{"@id":"https:\/\/diariotextual.com\/inicio\/#organization"},"potentialAction":[{"@type":"SearchAction","target":{"@type":"EntryPoint","urlTemplate":"https:\/\/diariotextual.com\/inicio\/?s={search_term_string}"},"query-input":{"@type":"PropertyValueSpecification","valueRequired":true,"valueName":"search_term_string"}}],"inLanguage":"es"},{"@type":"Organization","@id":"https:\/\/diariotextual.com\/inicio\/#organization","name":"Diario Textual","url":"https:\/\/diariotextual.com\/inicio\/","logo":{"@type":"ImageObject","inLanguage":"es","@id":"https:\/\/diariotextual.com\/inicio\/#\/schema\/logo\/image\/","url":"https:\/\/diariotextual.com\/inicio\/wp-content\/uploads\/2023\/05\/logotextual1.jpg","contentUrl":"https:\/\/diariotextual.com\/inicio\/wp-content\/uploads\/2023\/05\/logotextual1.jpg","width":516,"height":76,"caption":"Diario Textual"},"image":{"@id":"https:\/\/diariotextual.com\/inicio\/#\/schema\/logo\/image\/"},"sameAs":["https:\/\/www.facebook.com\/eltextual","https:\/\/x.com\/eltextual","http:\/\/www.instagram.com\/eltextual"]},{"@type":"Person","@id":"https:\/\/diariotextual.com\/inicio\/#\/schema\/person\/694f60677f23c4a530867a98f22b3768","name":"diario2","image":{"@type":"ImageObject","inLanguage":"es","@id":"https:\/\/secure.gravatar.com\/avatar\/5a2567495ba16b852fcd8f1ed006a2e24fcace936018ed8237e95f488ad6e0a7?s=96&d=mm&r=g","url":"https:\/\/secure.gravatar.com\/avatar\/5a2567495ba16b852fcd8f1ed006a2e24fcace936018ed8237e95f488ad6e0a7?s=96&d=mm&r=g","contentUrl":"https:\/\/secure.gravatar.com\/avatar\/5a2567495ba16b852fcd8f1ed006a2e24fcace936018ed8237e95f488ad6e0a7?s=96&d=mm&r=g","caption":"diario2"},"url":"https:\/\/diariotextual.com\/inicio\/index.php\/author\/diario2\/"}]}},"_links":{"self":[{"href":"https:\/\/diariotextual.com\/inicio\/index.php\/wp-json\/wp\/v2\/posts\/224732","targetHints":{"allow":["GET"]}}],"collection":[{"href":"https:\/\/diariotextual.com\/inicio\/index.php\/wp-json\/wp\/v2\/posts"}],"about":[{"href":"https:\/\/diariotextual.com\/inicio\/index.php\/wp-json\/wp\/v2\/types\/post"}],"author":[{"embeddable":true,"href":"https:\/\/diariotextual.com\/inicio\/index.php\/wp-json\/wp\/v2\/users\/4"}],"replies":[{"embeddable":true,"href":"https:\/\/diariotextual.com\/inicio\/index.php\/wp-json\/wp\/v2\/comments?post=224732"}],"version-history":[{"count":4,"href":"https:\/\/diariotextual.com\/inicio\/index.php\/wp-json\/wp\/v2\/posts\/224732\/revisions"}],"predecessor-version":[{"id":224736,"href":"https:\/\/diariotextual.com\/inicio\/index.php\/wp-json\/wp\/v2\/posts\/224732\/revisions\/224736"}],"wp:featuredmedia":[{"embeddable":true,"href":"https:\/\/diariotextual.com\/inicio\/index.php\/wp-json\/wp\/v2\/media\/76072"}],"wp:attachment":[{"href":"https:\/\/diariotextual.com\/inicio\/index.php\/wp-json\/wp\/v2\/media?parent=224732"}],"wp:term":[{"taxonomy":"category","embeddable":true,"href":"https:\/\/diariotextual.com\/inicio\/index.php\/wp-json\/wp\/v2\/categories?post=224732"},{"taxonomy":"post_tag","embeddable":true,"href":"https:\/\/diariotextual.com\/inicio\/index.php\/wp-json\/wp\/v2\/tags?post=224732"}],"curies":[{"name":"wp","href":"https:\/\/api.w.org\/{rel}","templated":true}]}}