{"id":224787,"date":"2023-05-11T12:01:22","date_gmt":"2023-05-11T15:01:22","guid":{"rendered":"https:\/\/diariotextual.com\/inicio\/?p=224787"},"modified":"2023-05-11T17:29:52","modified_gmt":"2023-05-11T20:29:52","slug":"recuperan-una-cabeza-de-ciervo-valuada-en-20-mil-dolares","status":"publish","type":"post","link":"https:\/\/diariotextual.com\/inicio\/index.php\/2023\/05\/11\/recuperan-una-cabeza-de-ciervo-valuada-en-20-mil-dolares\/","title":{"rendered":"Recuperan una cabeza de ciervo valuada en 20 mil d\u00f3lares"},"content":{"rendered":"\n<p class=\"wp-block-paragraph\">Personal de la Coordinaci\u00f3n de Seguridad Rural, con base en la localidad de Toay, llev\u00f3 a cabo un allanamiento en un domicilio del pasaje Maure, en el barrio del Plan 5000, y recuper\u00f3 una cabeza de ciervo colorado de 33 puntas. Este procedimiento se realiz\u00f3 como resultado de una investigaci\u00f3n iniciada a ra\u00edz de una denuncia presentada por la firma La Falsina S.A., propietarios del coto de caza Andal\u00e9n, ubicado cerca de la localidad de Naic\u00f3. \u00a0<\/p>\n\n\n\n<p class=\"wp-block-paragraph\">La denuncia fue presentada en el mes de marzo ante la Fiscal\u00eda de General Acha, luego de que el personal de la firma observara en redes sociales una fotograf\u00eda de una cabeza de ciervo colorado de 33 puntas, que hab\u00eda sido incautada en la Comisar\u00eda de Quehu\u00e9.<\/p>\n\n\n\n<p class=\"wp-block-paragraph\">Esa cabeza coincid\u00eda con la de uno de los ciervos de su propiedad, del cual ten\u00edan fotograf\u00edas mientras a\u00fan estaba vivo.<\/p>\n\n\n\n<p class=\"wp-block-paragraph\"> Este ejemplar de ciervo posee una gen\u00e9tica valiosa y hab\u00eda sido adquirido en el criadero Estancia San Pedro, de la localidad de Sierra de la Ventana, teniendo un valor estimado entre 15.000 y 20.000 d\u00f3lares.<br><\/p>\n\n\n\n<p class=\"wp-block-paragraph\">\u00abGracias al allanamiento realizado, las autoridades lograron recuperar la cabeza del ciervo denunciada, constituyendo un avance significativo en la investigaci\u00f3n\u00bb, resaltaron en un comunicado desde el Ministerio de Seguridad. \u00abEste hecho destaca la importancia del trabajo conjunto entre la Coordinaci\u00f3n de Seguridad Rural y la Fiscal\u00eda de General Acha para abordar y esclarecer casos de caza ilegal. La recuperaci\u00f3n de esta cabeza de ciervo valiosa resalta la importancia de la colaboraci\u00f3n ciudadana y la labor incansable de los organismos encargados de velar por la seguridad y el cuidado de los recursos naturales en la provincia de La Pampa\u00bb.<\/p>\n\n\n\n<p class=\"wp-block-paragraph\"><\/p>\n","protected":false},"excerpt":{"rendered":"<p>Personal de la Coordinaci\u00f3n de Seguridad Rural, con base en la localidad de Toay, llev\u00f3 a cabo un allanamiento en un domicilio del pasaje Maure, en el barrio del Plan&hellip;<\/p>\n","protected":false},"author":3,"featured_media":224789,"comment_status":"closed","ping_status":"open","sticky":false,"template":"","format":"standard","meta":{"_acf_changed":false,"footnotes":""},"categories":[1,20],"tags":[],"class_list":["post-224787","post","type-post","status-publish","format-standard","has-post-thumbnail","hentry","category-es-noticia","category-campo"],"acf":[],"yoast_head":"<!-- This site is optimized with the Yoast SEO plugin v28.4 - https:\/\/yoast.com\/product\/yoast-seo-wordpress\/ -->\n<title>Recuperan una cabeza de ciervo valuada en 20 mil d\u00f3lares - Diario Textual<\/title>\n<meta name=\"robots\" content=\"index, follow, max-snippet:-1, max-image-preview:large, max-video-preview:-1\" \/>\n<link rel=\"canonical\" href=\"https:\/\/diariotextual.com\/inicio\/index.php\/2023\/05\/11\/recuperan-una-cabeza-de-ciervo-valuada-en-20-mil-dolares\/\" \/>\n<meta property=\"og:locale\" content=\"es_ES\" \/>\n<meta property=\"og:type\" content=\"article\" \/>\n<meta property=\"og:title\" content=\"Recuperan una cabeza de ciervo valuada en 20 mil d\u00f3lares - Diario Textual\" \/>\n<meta property=\"og:description\" content=\"Personal de la Coordinaci\u00f3n de Seguridad Rural, con base en la localidad de Toay, llev\u00f3 a cabo un allanamiento en un domicilio del pasaje Maure, en el barrio del Plan&hellip;\" \/>\n<meta property=\"og:url\" content=\"https:\/\/diariotextual.com\/inicio\/index.php\/2023\/05\/11\/recuperan-una-cabeza-de-ciervo-valuada-en-20-mil-dolares\/\" \/>\n<meta property=\"og:site_name\" content=\"Diario Textual\" \/>\n<meta property=\"article:publisher\" content=\"https:\/\/www.facebook.com\/eltextual\" \/>\n<meta property=\"article:published_time\" content=\"2023-05-11T15:01:22+00:00\" \/>\n<meta property=\"article:modified_time\" content=\"2023-05-11T20:29:52+00:00\" \/>\n<meta property=\"og:image\" content=\"https:\/\/diariotextual.com\/inicio\/wp-content\/uploads\/2023\/05\/540956_20230511_105041.jpg\" \/>\n\t<meta property=\"og:image:width\" content=\"1197\" \/>\n\t<meta property=\"og:image:height\" content=\"898\" \/>\n\t<meta property=\"og:image:type\" content=\"image\/jpeg\" \/>\n<meta name=\"author\" content=\"Diario1 Diario1\" \/>\n<meta name=\"twitter:card\" content=\"summary_large_image\" \/>\n<meta name=\"twitter:creator\" content=\"@eltextual\" \/>\n<meta name=\"twitter:site\" content=\"@eltextual\" \/>\n<meta name=\"twitter:label1\" content=\"Escrito por\" \/>\n\t<meta name=\"twitter:data1\" content=\"Diario1 Diario1\" \/>\n\t<meta name=\"twitter:label2\" content=\"Tiempo de lectura\" \/>\n\t<meta name=\"twitter:data2\" content=\"2 minutos\" \/>\n<script type=\"application\/ld+json\" class=\"yoast-schema-graph\">{\"@context\":\"https:\\\/\\\/schema.org\",\"@graph\":[{\"@type\":\"Article\",\"@id\":\"https:\\\/\\\/diariotextual.com\\\/inicio\\\/index.php\\\/2023\\\/05\\\/11\\\/recuperan-una-cabeza-de-ciervo-valuada-en-20-mil-dolares\\\/#article\",\"isPartOf\":{\"@id\":\"https:\\\/\\\/diariotextual.com\\\/inicio\\\/index.php\\\/2023\\\/05\\\/11\\\/recuperan-una-cabeza-de-ciervo-valuada-en-20-mil-dolares\\\/\"},\"author\":{\"name\":\"Diario1 Diario1\",\"@id\":\"https:\\\/\\\/diariotextual.com\\\/inicio\\\/#\\\/schema\\\/person\\\/418fc4093c33e86ed41562db3508f958\"},\"headline\":\"Recuperan una cabeza de ciervo valuada en 20 mil d\u00f3lares\",\"datePublished\":\"2023-05-11T15:01:22+00:00\",\"dateModified\":\"2023-05-11T20:29:52+00:00\",\"mainEntityOfPage\":{\"@id\":\"https:\\\/\\\/diariotextual.com\\\/inicio\\\/index.php\\\/2023\\\/05\\\/11\\\/recuperan-una-cabeza-de-ciervo-valuada-en-20-mil-dolares\\\/\"},\"wordCount\":303,\"publisher\":{\"@id\":\"https:\\\/\\\/diariotextual.com\\\/inicio\\\/#organization\"},\"image\":{\"@id\":\"https:\\\/\\\/diariotextual.com\\\/inicio\\\/index.php\\\/2023\\\/05\\\/11\\\/recuperan-una-cabeza-de-ciervo-valuada-en-20-mil-dolares\\\/#primaryimage\"},\"thumbnailUrl\":\"https:\\\/\\\/diariotextual.com\\\/inicio\\\/wp-content\\\/uploads\\\/2023\\\/05\\\/540956_20230511_105041.jpg\",\"articleSection\":[\"A - ES NOTICIA (van abajo)\",\"CAMPO\"],\"inLanguage\":\"es\"},{\"@type\":\"WebPage\",\"@id\":\"https:\\\/\\\/diariotextual.com\\\/inicio\\\/index.php\\\/2023\\\/05\\\/11\\\/recuperan-una-cabeza-de-ciervo-valuada-en-20-mil-dolares\\\/\",\"url\":\"https:\\\/\\\/diariotextual.com\\\/inicio\\\/index.php\\\/2023\\\/05\\\/11\\\/recuperan-una-cabeza-de-ciervo-valuada-en-20-mil-dolares\\\/\",\"name\":\"Recuperan una cabeza de ciervo valuada en 20 mil d\u00f3lares - Diario Textual\",\"isPartOf\":{\"@id\":\"https:\\\/\\\/diariotextual.com\\\/inicio\\\/#website\"},\"primaryImageOfPage\":{\"@id\":\"https:\\\/\\\/diariotextual.com\\\/inicio\\\/index.php\\\/2023\\\/05\\\/11\\\/recuperan-una-cabeza-de-ciervo-valuada-en-20-mil-dolares\\\/#primaryimage\"},\"image\":{\"@id\":\"https:\\\/\\\/diariotextual.com\\\/inicio\\\/index.php\\\/2023\\\/05\\\/11\\\/recuperan-una-cabeza-de-ciervo-valuada-en-20-mil-dolares\\\/#primaryimage\"},\"thumbnailUrl\":\"https:\\\/\\\/diariotextual.com\\\/inicio\\\/wp-content\\\/uploads\\\/2023\\\/05\\\/540956_20230511_105041.jpg\",\"datePublished\":\"2023-05-11T15:01:22+00:00\",\"dateModified\":\"2023-05-11T20:29:52+00:00\",\"breadcrumb\":{\"@id\":\"https:\\\/\\\/diariotextual.com\\\/inicio\\\/index.php\\\/2023\\\/05\\\/11\\\/recuperan-una-cabeza-de-ciervo-valuada-en-20-mil-dolares\\\/#breadcrumb\"},\"inLanguage\":\"es\",\"potentialAction\":[{\"@type\":\"ReadAction\",\"target\":[\"https:\\\/\\\/diariotextual.com\\\/inicio\\\/index.php\\\/2023\\\/05\\\/11\\\/recuperan-una-cabeza-de-ciervo-valuada-en-20-mil-dolares\\\/\"]}]},{\"@type\":\"ImageObject\",\"inLanguage\":\"es\",\"@id\":\"https:\\\/\\\/diariotextual.com\\\/inicio\\\/index.php\\\/2023\\\/05\\\/11\\\/recuperan-una-cabeza-de-ciervo-valuada-en-20-mil-dolares\\\/#primaryimage\",\"url\":\"https:\\\/\\\/diariotextual.com\\\/inicio\\\/wp-content\\\/uploads\\\/2023\\\/05\\\/540956_20230511_105041.jpg\",\"contentUrl\":\"https:\\\/\\\/diariotextual.com\\\/inicio\\\/wp-content\\\/uploads\\\/2023\\\/05\\\/540956_20230511_105041.jpg\",\"width\":1197,\"height\":898},{\"@type\":\"BreadcrumbList\",\"@id\":\"https:\\\/\\\/diariotextual.com\\\/inicio\\\/index.php\\\/2023\\\/05\\\/11\\\/recuperan-una-cabeza-de-ciervo-valuada-en-20-mil-dolares\\\/#breadcrumb\",\"itemListElement\":[{\"@type\":\"ListItem\",\"position\":1,\"name\":\"Portada\",\"item\":\"https:\\\/\\\/diariotextual.com\\\/inicio\\\/\"},{\"@type\":\"ListItem\",\"position\":2,\"name\":\"Recuperan una cabeza de ciervo valuada en 20 mil d\u00f3lares\"}]},{\"@type\":\"WebSite\",\"@id\":\"https:\\\/\\\/diariotextual.com\\\/inicio\\\/#website\",\"url\":\"https:\\\/\\\/diariotextual.com\\\/inicio\\\/\",\"name\":\"Diario Textual\",\"description\":\"\",\"publisher\":{\"@id\":\"https:\\\/\\\/diariotextual.com\\\/inicio\\\/#organization\"},\"potentialAction\":[{\"@type\":\"SearchAction\",\"target\":{\"@type\":\"EntryPoint\",\"urlTemplate\":\"https:\\\/\\\/diariotextual.com\\\/inicio\\\/?s={search_term_string}\"},\"query-input\":{\"@type\":\"PropertyValueSpecification\",\"valueRequired\":true,\"valueName\":\"search_term_string\"}}],\"inLanguage\":\"es\"},{\"@type\":\"Organization\",\"@id\":\"https:\\\/\\\/diariotextual.com\\\/inicio\\\/#organization\",\"name\":\"Diario Textual\",\"url\":\"https:\\\/\\\/diariotextual.com\\\/inicio\\\/\",\"logo\":{\"@type\":\"ImageObject\",\"inLanguage\":\"es\",\"@id\":\"https:\\\/\\\/diariotextual.com\\\/inicio\\\/#\\\/schema\\\/logo\\\/image\\\/\",\"url\":\"https:\\\/\\\/diariotextual.com\\\/inicio\\\/wp-content\\\/uploads\\\/2023\\\/05\\\/logotextual1.jpg\",\"contentUrl\":\"https:\\\/\\\/diariotextual.com\\\/inicio\\\/wp-content\\\/uploads\\\/2023\\\/05\\\/logotextual1.jpg\",\"width\":516,\"height\":76,\"caption\":\"Diario Textual\"},\"image\":{\"@id\":\"https:\\\/\\\/diariotextual.com\\\/inicio\\\/#\\\/schema\\\/logo\\\/image\\\/\"},\"sameAs\":[\"https:\\\/\\\/www.facebook.com\\\/eltextual\",\"https:\\\/\\\/x.com\\\/eltextual\",\"http:\\\/\\\/www.instagram.com\\\/eltextual\"]},{\"@type\":\"Person\",\"@id\":\"https:\\\/\\\/diariotextual.com\\\/inicio\\\/#\\\/schema\\\/person\\\/418fc4093c33e86ed41562db3508f958\",\"name\":\"Diario1 Diario1\",\"image\":{\"@type\":\"ImageObject\",\"inLanguage\":\"es\",\"@id\":\"https:\\\/\\\/secure.gravatar.com\\\/avatar\\\/9167d280179c85bc18be67aa7eda765854300033af4896dd779b608640f2ef7a?s=96&d=mm&r=g\",\"url\":\"https:\\\/\\\/secure.gravatar.com\\\/avatar\\\/9167d280179c85bc18be67aa7eda765854300033af4896dd779b608640f2ef7a?s=96&d=mm&r=g\",\"contentUrl\":\"https:\\\/\\\/secure.gravatar.com\\\/avatar\\\/9167d280179c85bc18be67aa7eda765854300033af4896dd779b608640f2ef7a?s=96&d=mm&r=g\",\"caption\":\"Diario1 Diario1\"},\"url\":\"https:\\\/\\\/diariotextual.com\\\/inicio\\\/index.php\\\/author\\\/diario1\\\/\"}]}<\/script>\n<!-- \/ Yoast SEO plugin. -->","yoast_head_json":{"title":"Recuperan una cabeza de ciervo valuada en 20 mil d\u00f3lares - Diario Textual","robots":{"index":"index","follow":"follow","max-snippet":"max-snippet:-1","max-image-preview":"max-image-preview:large","max-video-preview":"max-video-preview:-1"},"canonical":"https:\/\/diariotextual.com\/inicio\/index.php\/2023\/05\/11\/recuperan-una-cabeza-de-ciervo-valuada-en-20-mil-dolares\/","og_locale":"es_ES","og_type":"article","og_title":"Recuperan una cabeza de ciervo valuada en 20 mil d\u00f3lares - Diario Textual","og_description":"Personal de la Coordinaci\u00f3n de Seguridad Rural, con base en la localidad de Toay, llev\u00f3 a cabo un allanamiento en un domicilio del pasaje Maure, en el barrio del Plan&hellip;","og_url":"https:\/\/diariotextual.com\/inicio\/index.php\/2023\/05\/11\/recuperan-una-cabeza-de-ciervo-valuada-en-20-mil-dolares\/","og_site_name":"Diario Textual","article_publisher":"https:\/\/www.facebook.com\/eltextual","article_published_time":"2023-05-11T15:01:22+00:00","article_modified_time":"2023-05-11T20:29:52+00:00","og_image":[{"width":1197,"height":898,"url":"https:\/\/diariotextual.com\/inicio\/wp-content\/uploads\/2023\/05\/540956_20230511_105041.jpg","type":"image\/jpeg"}],"author":"Diario1 Diario1","twitter_card":"summary_large_image","twitter_creator":"@eltextual","twitter_site":"@eltextual","twitter_misc":{"Escrito por":"Diario1 Diario1","Tiempo de lectura":"2 minutos"},"schema":{"@context":"https:\/\/schema.org","@graph":[{"@type":"Article","@id":"https:\/\/diariotextual.com\/inicio\/index.php\/2023\/05\/11\/recuperan-una-cabeza-de-ciervo-valuada-en-20-mil-dolares\/#article","isPartOf":{"@id":"https:\/\/diariotextual.com\/inicio\/index.php\/2023\/05\/11\/recuperan-una-cabeza-de-ciervo-valuada-en-20-mil-dolares\/"},"author":{"name":"Diario1 Diario1","@id":"https:\/\/diariotextual.com\/inicio\/#\/schema\/person\/418fc4093c33e86ed41562db3508f958"},"headline":"Recuperan una cabeza de ciervo valuada en 20 mil d\u00f3lares","datePublished":"2023-05-11T15:01:22+00:00","dateModified":"2023-05-11T20:29:52+00:00","mainEntityOfPage":{"@id":"https:\/\/diariotextual.com\/inicio\/index.php\/2023\/05\/11\/recuperan-una-cabeza-de-ciervo-valuada-en-20-mil-dolares\/"},"wordCount":303,"publisher":{"@id":"https:\/\/diariotextual.com\/inicio\/#organization"},"image":{"@id":"https:\/\/diariotextual.com\/inicio\/index.php\/2023\/05\/11\/recuperan-una-cabeza-de-ciervo-valuada-en-20-mil-dolares\/#primaryimage"},"thumbnailUrl":"https:\/\/diariotextual.com\/inicio\/wp-content\/uploads\/2023\/05\/540956_20230511_105041.jpg","articleSection":["A - ES NOTICIA (van abajo)","CAMPO"],"inLanguage":"es"},{"@type":"WebPage","@id":"https:\/\/diariotextual.com\/inicio\/index.php\/2023\/05\/11\/recuperan-una-cabeza-de-ciervo-valuada-en-20-mil-dolares\/","url":"https:\/\/diariotextual.com\/inicio\/index.php\/2023\/05\/11\/recuperan-una-cabeza-de-ciervo-valuada-en-20-mil-dolares\/","name":"Recuperan una cabeza de ciervo valuada en 20 mil d\u00f3lares - Diario Textual","isPartOf":{"@id":"https:\/\/diariotextual.com\/inicio\/#website"},"primaryImageOfPage":{"@id":"https:\/\/diariotextual.com\/inicio\/index.php\/2023\/05\/11\/recuperan-una-cabeza-de-ciervo-valuada-en-20-mil-dolares\/#primaryimage"},"image":{"@id":"https:\/\/diariotextual.com\/inicio\/index.php\/2023\/05\/11\/recuperan-una-cabeza-de-ciervo-valuada-en-20-mil-dolares\/#primaryimage"},"thumbnailUrl":"https:\/\/diariotextual.com\/inicio\/wp-content\/uploads\/2023\/05\/540956_20230511_105041.jpg","datePublished":"2023-05-11T15:01:22+00:00","dateModified":"2023-05-11T20:29:52+00:00","breadcrumb":{"@id":"https:\/\/diariotextual.com\/inicio\/index.php\/2023\/05\/11\/recuperan-una-cabeza-de-ciervo-valuada-en-20-mil-dolares\/#breadcrumb"},"inLanguage":"es","potentialAction":[{"@type":"ReadAction","target":["https:\/\/diariotextual.com\/inicio\/index.php\/2023\/05\/11\/recuperan-una-cabeza-de-ciervo-valuada-en-20-mil-dolares\/"]}]},{"@type":"ImageObject","inLanguage":"es","@id":"https:\/\/diariotextual.com\/inicio\/index.php\/2023\/05\/11\/recuperan-una-cabeza-de-ciervo-valuada-en-20-mil-dolares\/#primaryimage","url":"https:\/\/diariotextual.com\/inicio\/wp-content\/uploads\/2023\/05\/540956_20230511_105041.jpg","contentUrl":"https:\/\/diariotextual.com\/inicio\/wp-content\/uploads\/2023\/05\/540956_20230511_105041.jpg","width":1197,"height":898},{"@type":"BreadcrumbList","@id":"https:\/\/diariotextual.com\/inicio\/index.php\/2023\/05\/11\/recuperan-una-cabeza-de-ciervo-valuada-en-20-mil-dolares\/#breadcrumb","itemListElement":[{"@type":"ListItem","position":1,"name":"Portada","item":"https:\/\/diariotextual.com\/inicio\/"},{"@type":"ListItem","position":2,"name":"Recuperan una cabeza de ciervo valuada en 20 mil d\u00f3lares"}]},{"@type":"WebSite","@id":"https:\/\/diariotextual.com\/inicio\/#website","url":"https:\/\/diariotextual.com\/inicio\/","name":"Diario Textual","description":"","publisher":{"@id":"https:\/\/diariotextual.com\/inicio\/#organization"},"potentialAction":[{"@type":"SearchAction","target":{"@type":"EntryPoint","urlTemplate":"https:\/\/diariotextual.com\/inicio\/?s={search_term_string}"},"query-input":{"@type":"PropertyValueSpecification","valueRequired":true,"valueName":"search_term_string"}}],"inLanguage":"es"},{"@type":"Organization","@id":"https:\/\/diariotextual.com\/inicio\/#organization","name":"Diario Textual","url":"https:\/\/diariotextual.com\/inicio\/","logo":{"@type":"ImageObject","inLanguage":"es","@id":"https:\/\/diariotextual.com\/inicio\/#\/schema\/logo\/image\/","url":"https:\/\/diariotextual.com\/inicio\/wp-content\/uploads\/2023\/05\/logotextual1.jpg","contentUrl":"https:\/\/diariotextual.com\/inicio\/wp-content\/uploads\/2023\/05\/logotextual1.jpg","width":516,"height":76,"caption":"Diario Textual"},"image":{"@id":"https:\/\/diariotextual.com\/inicio\/#\/schema\/logo\/image\/"},"sameAs":["https:\/\/www.facebook.com\/eltextual","https:\/\/x.com\/eltextual","http:\/\/www.instagram.com\/eltextual"]},{"@type":"Person","@id":"https:\/\/diariotextual.com\/inicio\/#\/schema\/person\/418fc4093c33e86ed41562db3508f958","name":"Diario1 Diario1","image":{"@type":"ImageObject","inLanguage":"es","@id":"https:\/\/secure.gravatar.com\/avatar\/9167d280179c85bc18be67aa7eda765854300033af4896dd779b608640f2ef7a?s=96&d=mm&r=g","url":"https:\/\/secure.gravatar.com\/avatar\/9167d280179c85bc18be67aa7eda765854300033af4896dd779b608640f2ef7a?s=96&d=mm&r=g","contentUrl":"https:\/\/secure.gravatar.com\/avatar\/9167d280179c85bc18be67aa7eda765854300033af4896dd779b608640f2ef7a?s=96&d=mm&r=g","caption":"Diario1 Diario1"},"url":"https:\/\/diariotextual.com\/inicio\/index.php\/author\/diario1\/"}]}},"_links":{"self":[{"href":"https:\/\/diariotextual.com\/inicio\/index.php\/wp-json\/wp\/v2\/posts\/224787","targetHints":{"allow":["GET"]}}],"collection":[{"href":"https:\/\/diariotextual.com\/inicio\/index.php\/wp-json\/wp\/v2\/posts"}],"about":[{"href":"https:\/\/diariotextual.com\/inicio\/index.php\/wp-json\/wp\/v2\/types\/post"}],"author":[{"embeddable":true,"href":"https:\/\/diariotextual.com\/inicio\/index.php\/wp-json\/wp\/v2\/users\/3"}],"replies":[{"embeddable":true,"href":"https:\/\/diariotextual.com\/inicio\/index.php\/wp-json\/wp\/v2\/comments?post=224787"}],"version-history":[{"count":2,"href":"https:\/\/diariotextual.com\/inicio\/index.php\/wp-json\/wp\/v2\/posts\/224787\/revisions"}],"predecessor-version":[{"id":224791,"href":"https:\/\/diariotextual.com\/inicio\/index.php\/wp-json\/wp\/v2\/posts\/224787\/revisions\/224791"}],"wp:featuredmedia":[{"embeddable":true,"href":"https:\/\/diariotextual.com\/inicio\/index.php\/wp-json\/wp\/v2\/media\/224789"}],"wp:attachment":[{"href":"https:\/\/diariotextual.com\/inicio\/index.php\/wp-json\/wp\/v2\/media?parent=224787"}],"wp:term":[{"taxonomy":"category","embeddable":true,"href":"https:\/\/diariotextual.com\/inicio\/index.php\/wp-json\/wp\/v2\/categories?post=224787"},{"taxonomy":"post_tag","embeddable":true,"href":"https:\/\/diariotextual.com\/inicio\/index.php\/wp-json\/wp\/v2\/tags?post=224787"}],"curies":[{"name":"wp","href":"https:\/\/api.w.org\/{rel}","templated":true}]}}