{"id":224794,"date":"2023-05-11T13:56:34","date_gmt":"2023-05-11T16:56:34","guid":{"rendered":"https:\/\/diariotextual.com\/inicio\/?p=224794"},"modified":"2023-05-11T13:56:36","modified_gmt":"2023-05-11T16:56:36","slug":"acha-condenado-con-seis-meses-de-prision-efectiva-por-violencia-de-genero","status":"publish","type":"post","link":"https:\/\/diariotextual.com\/inicio\/index.php\/2023\/05\/11\/acha-condenado-con-seis-meses-de-prision-efectiva-por-violencia-de-genero\/","title":{"rendered":"Acha: condenado con seis meses de prisi\u00f3n efectiva por violencia de g\u00e9nero"},"content":{"rendered":"\n<p>A trav\u00e9s del procedimiento abreviado, el juez de control de General Acha, Diego Ariel As\u00edn, conden\u00f3 a Juan Ernesto Haspert a seis meses de prisi\u00f3n de cumplimiento efectivo como autor del delito de <strong>amenazas simples y violaci\u00f3n de domicilio, <\/strong>en concurso real entre s\u00ed; todo ello en el marco de la ley 26485 de Protecci\u00f3n integral contra las mujeres. La v\u00edctima fue una expareja.<\/p>\n\n\n\n<p>El abreviado fue convenido entre la fiscala Mar\u00eda Virginia Ant\u00f3n, el defensor oficial Marco Mezzasalma y el imputado, de 30 a\u00f1os y con antecedentes penales. Tambi\u00e9n cont\u00f3 con el consentimiento de la damnificada.<\/p>\n\n\n\n<p>\u00bfCu\u00e1les fueron los hechos? Despu\u00e9s de que concluyera el v\u00ednculo entre ambos, Haspert \u2013que \u201cen reiteradas oportunidades habr\u00eda <strong>ejercido violencia f\u00edsica, psicol\u00f3gica y verbal <\/strong>hacia la v\u00edctima\u201d\u2013 amenaz\u00f3 de muerte a la mujer. Adem\u00e1s, poco antes y durante un almuerzo familiar, el acusado <strong>\u201cse alcoholiz\u00f3 y comenz\u00f3 a proliferarle insultos y amenazas\u201d<\/strong>, expres\u00e1ndole que iba a usurparle la casa donde vive con su hijo peque\u00f1o. Tres d\u00edas despu\u00e9s, a trav\u00e9s de Whtasapp, le envi\u00f3 audios insultantes, dici\u00e9ndole \u2013entre otras cosas\u2013 que \u201cma\u00f1ana voy a ir y te voy a cambiar todas las cerraduras de la casa (\u2026), si quer\u00e9s ir a la comisar\u00eda, and\u00e1\u201d.<\/p>\n\n\n\n<p>La v\u00edctima, a trav\u00e9s de un video que el propio Haspert viraliz\u00f3, supo que este hab\u00eda ingresado a su domicilio y que estuvo en comedor \u201ctomando cerveza, fumando y escuchando m\u00fasica\u201d. Esas situaciones le generaron temor porque a\u00f1os atr\u00e1s hab\u00eda denunciado al agresor por un episodio donde ella sufri\u00f3 lesiones en el rostro y en el cuerpo.<\/p>\n\n\n\n<p>Por otra parte, la jueza de control achense, Laura Moscoso Mendieta, conden\u00f3 a Javier Alberto D\u00edaz a nueve meses de prisi\u00f3n en suspenso, por ser<strong> autor de abuso sexual simple como delito continuado, en un perjuicio de una ni\u00f1a. <\/strong>Adem\u00e1s le fij\u00f3 las siguientes reglas de conducta durante dos a\u00f1os: fijar residencia, someterse al cuidado del Ente de Pol\u00edticas Socializadoras, abstenerse de entrar en contacto con la v\u00edctima y su grupo familiar; no usar estupefacientes o abusar de bebidas alcoh\u00f3licas y realizar un tratamiento psicol\u00f3gico.<\/p>\n\n\n\n<p>El conflicto penal tambi\u00e9n se resolvi\u00f3 por la v\u00eda alternativa del juicio abreviado, convenido entre la fiscala Mar\u00eda Virginia Ant\u00f3n, el defensor oficial Claudio Mart\u00ednez Sabio y el acusado (55 a\u00f1os), quien admiti\u00f3 la autor\u00eda de los hechos. La denunciante, la madre de la v\u00edctima, tambi\u00e9n dio su conformidad cuando se le explicaron los alcances del acuerdo.<\/p>\n\n\n\n<p>\u00bfCu\u00e1les fueron esos hechos? Efectuar tocamientos a la ni\u00f1a, desde que ten\u00eda siete y hasta los nueve a\u00f1os, cada vez que iba a su casa porque es su vecina. Adem\u00e1s, \u201ccada vez que la ve\u00eda le realizaba gestos con los labios, mordi\u00e9ndoselos y con la mirada (\u2026), con intenciones lujuriosas\u201d, se detall\u00f3 en el fallo.\u200b<\/p>\n","protected":false},"excerpt":{"rendered":"<p>A trav\u00e9s del procedimiento abreviado, el juez de control de General Acha, Diego Ariel As\u00edn, conden\u00f3 a Juan Ernesto Haspert a seis meses de prisi\u00f3n de cumplimiento efectivo como autor&hellip;<\/p>\n","protected":false},"author":4,"featured_media":211107,"comment_status":"closed","ping_status":"open","sticky":false,"template":"","format":"standard","meta":{"_acf_changed":false,"footnotes":""},"categories":[1,12],"tags":[],"class_list":["post-224794","post","type-post","status-publish","format-standard","has-post-thumbnail","hentry","category-es-noticia","category-sociedad"],"acf":[],"yoast_head":"<!-- This site is optimized with the Yoast SEO plugin v27.5 - https:\/\/yoast.com\/product\/yoast-seo-wordpress\/ -->\n<title>Acha: condenado con seis meses de prisi\u00f3n efectiva por violencia de g\u00e9nero - Diario Textual<\/title>\n<meta name=\"robots\" content=\"index, follow, max-snippet:-1, max-image-preview:large, max-video-preview:-1\" \/>\n<link rel=\"canonical\" href=\"https:\/\/diariotextual.com\/inicio\/index.php\/2023\/05\/11\/acha-condenado-con-seis-meses-de-prision-efectiva-por-violencia-de-genero\/\" \/>\n<meta property=\"og:locale\" content=\"es_ES\" \/>\n<meta property=\"og:type\" content=\"article\" \/>\n<meta property=\"og:title\" content=\"Acha: condenado con seis meses de prisi\u00f3n efectiva por violencia de g\u00e9nero - Diario Textual\" \/>\n<meta property=\"og:description\" content=\"A trav\u00e9s del procedimiento abreviado, el juez de control de General Acha, Diego Ariel As\u00edn, conden\u00f3 a Juan Ernesto Haspert a seis meses de prisi\u00f3n de cumplimiento efectivo como autor&hellip;\" \/>\n<meta property=\"og:url\" content=\"https:\/\/diariotextual.com\/inicio\/index.php\/2023\/05\/11\/acha-condenado-con-seis-meses-de-prision-efectiva-por-violencia-de-genero\/\" \/>\n<meta property=\"og:site_name\" content=\"Diario Textual\" \/>\n<meta property=\"article:publisher\" content=\"https:\/\/www.facebook.com\/eltextual\" \/>\n<meta property=\"article:published_time\" content=\"2023-05-11T16:56:34+00:00\" \/>\n<meta property=\"article:modified_time\" content=\"2023-05-11T16:56:36+00:00\" \/>\n<meta property=\"og:image\" content=\"https:\/\/diariotextual.com\/inicio\/wp-content\/uploads\/2022\/12\/generalachaentrada.jpg\" \/>\n\t<meta property=\"og:image:width\" content=\"900\" \/>\n\t<meta property=\"og:image:height\" content=\"522\" \/>\n\t<meta property=\"og:image:type\" content=\"image\/jpeg\" \/>\n<meta name=\"author\" content=\"diario2\" \/>\n<meta name=\"twitter:card\" content=\"summary_large_image\" \/>\n<meta name=\"twitter:creator\" content=\"@eltextual\" \/>\n<meta name=\"twitter:site\" content=\"@eltextual\" \/>\n<meta name=\"twitter:label1\" content=\"Escrito por\" \/>\n\t<meta name=\"twitter:data1\" content=\"diario2\" \/>\n\t<meta name=\"twitter:label2\" content=\"Tiempo de lectura\" \/>\n\t<meta name=\"twitter:data2\" content=\"3 minutos\" \/>\n<script type=\"application\/ld+json\" class=\"yoast-schema-graph\">{\"@context\":\"https:\\\/\\\/schema.org\",\"@graph\":[{\"@type\":\"Article\",\"@id\":\"https:\\\/\\\/diariotextual.com\\\/inicio\\\/index.php\\\/2023\\\/05\\\/11\\\/acha-condenado-con-seis-meses-de-prision-efectiva-por-violencia-de-genero\\\/#article\",\"isPartOf\":{\"@id\":\"https:\\\/\\\/diariotextual.com\\\/inicio\\\/index.php\\\/2023\\\/05\\\/11\\\/acha-condenado-con-seis-meses-de-prision-efectiva-por-violencia-de-genero\\\/\"},\"author\":{\"name\":\"diario2\",\"@id\":\"https:\\\/\\\/diariotextual.com\\\/inicio\\\/#\\\/schema\\\/person\\\/694f60677f23c4a530867a98f22b3768\"},\"headline\":\"Acha: condenado con seis meses de prisi\u00f3n efectiva por violencia de g\u00e9nero\",\"datePublished\":\"2023-05-11T16:56:34+00:00\",\"dateModified\":\"2023-05-11T16:56:36+00:00\",\"mainEntityOfPage\":{\"@id\":\"https:\\\/\\\/diariotextual.com\\\/inicio\\\/index.php\\\/2023\\\/05\\\/11\\\/acha-condenado-con-seis-meses-de-prision-efectiva-por-violencia-de-genero\\\/\"},\"wordCount\":523,\"publisher\":{\"@id\":\"https:\\\/\\\/diariotextual.com\\\/inicio\\\/#organization\"},\"image\":{\"@id\":\"https:\\\/\\\/diariotextual.com\\\/inicio\\\/index.php\\\/2023\\\/05\\\/11\\\/acha-condenado-con-seis-meses-de-prision-efectiva-por-violencia-de-genero\\\/#primaryimage\"},\"thumbnailUrl\":\"https:\\\/\\\/diariotextual.com\\\/inicio\\\/wp-content\\\/uploads\\\/2022\\\/12\\\/generalachaentrada.jpg\",\"articleSection\":[\"A - ES NOTICIA (van abajo)\",\"SOCIEDAD\"],\"inLanguage\":\"es\"},{\"@type\":\"WebPage\",\"@id\":\"https:\\\/\\\/diariotextual.com\\\/inicio\\\/index.php\\\/2023\\\/05\\\/11\\\/acha-condenado-con-seis-meses-de-prision-efectiva-por-violencia-de-genero\\\/\",\"url\":\"https:\\\/\\\/diariotextual.com\\\/inicio\\\/index.php\\\/2023\\\/05\\\/11\\\/acha-condenado-con-seis-meses-de-prision-efectiva-por-violencia-de-genero\\\/\",\"name\":\"Acha: condenado con seis meses de prisi\u00f3n efectiva por violencia de g\u00e9nero - Diario Textual\",\"isPartOf\":{\"@id\":\"https:\\\/\\\/diariotextual.com\\\/inicio\\\/#website\"},\"primaryImageOfPage\":{\"@id\":\"https:\\\/\\\/diariotextual.com\\\/inicio\\\/index.php\\\/2023\\\/05\\\/11\\\/acha-condenado-con-seis-meses-de-prision-efectiva-por-violencia-de-genero\\\/#primaryimage\"},\"image\":{\"@id\":\"https:\\\/\\\/diariotextual.com\\\/inicio\\\/index.php\\\/2023\\\/05\\\/11\\\/acha-condenado-con-seis-meses-de-prision-efectiva-por-violencia-de-genero\\\/#primaryimage\"},\"thumbnailUrl\":\"https:\\\/\\\/diariotextual.com\\\/inicio\\\/wp-content\\\/uploads\\\/2022\\\/12\\\/generalachaentrada.jpg\",\"datePublished\":\"2023-05-11T16:56:34+00:00\",\"dateModified\":\"2023-05-11T16:56:36+00:00\",\"breadcrumb\":{\"@id\":\"https:\\\/\\\/diariotextual.com\\\/inicio\\\/index.php\\\/2023\\\/05\\\/11\\\/acha-condenado-con-seis-meses-de-prision-efectiva-por-violencia-de-genero\\\/#breadcrumb\"},\"inLanguage\":\"es\",\"potentialAction\":[{\"@type\":\"ReadAction\",\"target\":[\"https:\\\/\\\/diariotextual.com\\\/inicio\\\/index.php\\\/2023\\\/05\\\/11\\\/acha-condenado-con-seis-meses-de-prision-efectiva-por-violencia-de-genero\\\/\"]}]},{\"@type\":\"ImageObject\",\"inLanguage\":\"es\",\"@id\":\"https:\\\/\\\/diariotextual.com\\\/inicio\\\/index.php\\\/2023\\\/05\\\/11\\\/acha-condenado-con-seis-meses-de-prision-efectiva-por-violencia-de-genero\\\/#primaryimage\",\"url\":\"https:\\\/\\\/diariotextual.com\\\/inicio\\\/wp-content\\\/uploads\\\/2022\\\/12\\\/generalachaentrada.jpg\",\"contentUrl\":\"https:\\\/\\\/diariotextual.com\\\/inicio\\\/wp-content\\\/uploads\\\/2022\\\/12\\\/generalachaentrada.jpg\",\"width\":900,\"height\":522},{\"@type\":\"BreadcrumbList\",\"@id\":\"https:\\\/\\\/diariotextual.com\\\/inicio\\\/index.php\\\/2023\\\/05\\\/11\\\/acha-condenado-con-seis-meses-de-prision-efectiva-por-violencia-de-genero\\\/#breadcrumb\",\"itemListElement\":[{\"@type\":\"ListItem\",\"position\":1,\"name\":\"Portada\",\"item\":\"https:\\\/\\\/diariotextual.com\\\/inicio\\\/\"},{\"@type\":\"ListItem\",\"position\":2,\"name\":\"Acha: condenado con seis meses de prisi\u00f3n efectiva por violencia de g\u00e9nero\"}]},{\"@type\":\"WebSite\",\"@id\":\"https:\\\/\\\/diariotextual.com\\\/inicio\\\/#website\",\"url\":\"https:\\\/\\\/diariotextual.com\\\/inicio\\\/\",\"name\":\"Diario Textual\",\"description\":\"\",\"publisher\":{\"@id\":\"https:\\\/\\\/diariotextual.com\\\/inicio\\\/#organization\"},\"potentialAction\":[{\"@type\":\"SearchAction\",\"target\":{\"@type\":\"EntryPoint\",\"urlTemplate\":\"https:\\\/\\\/diariotextual.com\\\/inicio\\\/?s={search_term_string}\"},\"query-input\":{\"@type\":\"PropertyValueSpecification\",\"valueRequired\":true,\"valueName\":\"search_term_string\"}}],\"inLanguage\":\"es\"},{\"@type\":\"Organization\",\"@id\":\"https:\\\/\\\/diariotextual.com\\\/inicio\\\/#organization\",\"name\":\"Diario Textual\",\"url\":\"https:\\\/\\\/diariotextual.com\\\/inicio\\\/\",\"logo\":{\"@type\":\"ImageObject\",\"inLanguage\":\"es\",\"@id\":\"https:\\\/\\\/diariotextual.com\\\/inicio\\\/#\\\/schema\\\/logo\\\/image\\\/\",\"url\":\"https:\\\/\\\/diariotextual.com\\\/inicio\\\/wp-content\\\/uploads\\\/2023\\\/05\\\/logotextual1.jpg\",\"contentUrl\":\"https:\\\/\\\/diariotextual.com\\\/inicio\\\/wp-content\\\/uploads\\\/2023\\\/05\\\/logotextual1.jpg\",\"width\":516,\"height\":76,\"caption\":\"Diario Textual\"},\"image\":{\"@id\":\"https:\\\/\\\/diariotextual.com\\\/inicio\\\/#\\\/schema\\\/logo\\\/image\\\/\"},\"sameAs\":[\"https:\\\/\\\/www.facebook.com\\\/eltextual\",\"https:\\\/\\\/x.com\\\/eltextual\",\"http:\\\/\\\/www.instagram.com\\\/eltextual\"]},{\"@type\":\"Person\",\"@id\":\"https:\\\/\\\/diariotextual.com\\\/inicio\\\/#\\\/schema\\\/person\\\/694f60677f23c4a530867a98f22b3768\",\"name\":\"diario2\",\"image\":{\"@type\":\"ImageObject\",\"inLanguage\":\"es\",\"@id\":\"https:\\\/\\\/secure.gravatar.com\\\/avatar\\\/5a2567495ba16b852fcd8f1ed006a2e24fcace936018ed8237e95f488ad6e0a7?s=96&d=mm&r=g\",\"url\":\"https:\\\/\\\/secure.gravatar.com\\\/avatar\\\/5a2567495ba16b852fcd8f1ed006a2e24fcace936018ed8237e95f488ad6e0a7?s=96&d=mm&r=g\",\"contentUrl\":\"https:\\\/\\\/secure.gravatar.com\\\/avatar\\\/5a2567495ba16b852fcd8f1ed006a2e24fcace936018ed8237e95f488ad6e0a7?s=96&d=mm&r=g\",\"caption\":\"diario2\"},\"url\":\"https:\\\/\\\/diariotextual.com\\\/inicio\\\/index.php\\\/author\\\/diario2\\\/\"}]}<\/script>\n<!-- \/ Yoast SEO plugin. -->","yoast_head_json":{"title":"Acha: condenado con seis meses de prisi\u00f3n efectiva por violencia de g\u00e9nero - Diario Textual","robots":{"index":"index","follow":"follow","max-snippet":"max-snippet:-1","max-image-preview":"max-image-preview:large","max-video-preview":"max-video-preview:-1"},"canonical":"https:\/\/diariotextual.com\/inicio\/index.php\/2023\/05\/11\/acha-condenado-con-seis-meses-de-prision-efectiva-por-violencia-de-genero\/","og_locale":"es_ES","og_type":"article","og_title":"Acha: condenado con seis meses de prisi\u00f3n efectiva por violencia de g\u00e9nero - Diario Textual","og_description":"A trav\u00e9s del procedimiento abreviado, el juez de control de General Acha, Diego Ariel As\u00edn, conden\u00f3 a Juan Ernesto Haspert a seis meses de prisi\u00f3n de cumplimiento efectivo como autor&hellip;","og_url":"https:\/\/diariotextual.com\/inicio\/index.php\/2023\/05\/11\/acha-condenado-con-seis-meses-de-prision-efectiva-por-violencia-de-genero\/","og_site_name":"Diario Textual","article_publisher":"https:\/\/www.facebook.com\/eltextual","article_published_time":"2023-05-11T16:56:34+00:00","article_modified_time":"2023-05-11T16:56:36+00:00","og_image":[{"width":900,"height":522,"url":"https:\/\/diariotextual.com\/inicio\/wp-content\/uploads\/2022\/12\/generalachaentrada.jpg","type":"image\/jpeg"}],"author":"diario2","twitter_card":"summary_large_image","twitter_creator":"@eltextual","twitter_site":"@eltextual","twitter_misc":{"Escrito por":"diario2","Tiempo de lectura":"3 minutos"},"schema":{"@context":"https:\/\/schema.org","@graph":[{"@type":"Article","@id":"https:\/\/diariotextual.com\/inicio\/index.php\/2023\/05\/11\/acha-condenado-con-seis-meses-de-prision-efectiva-por-violencia-de-genero\/#article","isPartOf":{"@id":"https:\/\/diariotextual.com\/inicio\/index.php\/2023\/05\/11\/acha-condenado-con-seis-meses-de-prision-efectiva-por-violencia-de-genero\/"},"author":{"name":"diario2","@id":"https:\/\/diariotextual.com\/inicio\/#\/schema\/person\/694f60677f23c4a530867a98f22b3768"},"headline":"Acha: condenado con seis meses de prisi\u00f3n efectiva por violencia de g\u00e9nero","datePublished":"2023-05-11T16:56:34+00:00","dateModified":"2023-05-11T16:56:36+00:00","mainEntityOfPage":{"@id":"https:\/\/diariotextual.com\/inicio\/index.php\/2023\/05\/11\/acha-condenado-con-seis-meses-de-prision-efectiva-por-violencia-de-genero\/"},"wordCount":523,"publisher":{"@id":"https:\/\/diariotextual.com\/inicio\/#organization"},"image":{"@id":"https:\/\/diariotextual.com\/inicio\/index.php\/2023\/05\/11\/acha-condenado-con-seis-meses-de-prision-efectiva-por-violencia-de-genero\/#primaryimage"},"thumbnailUrl":"https:\/\/diariotextual.com\/inicio\/wp-content\/uploads\/2022\/12\/generalachaentrada.jpg","articleSection":["A - ES NOTICIA (van abajo)","SOCIEDAD"],"inLanguage":"es"},{"@type":"WebPage","@id":"https:\/\/diariotextual.com\/inicio\/index.php\/2023\/05\/11\/acha-condenado-con-seis-meses-de-prision-efectiva-por-violencia-de-genero\/","url":"https:\/\/diariotextual.com\/inicio\/index.php\/2023\/05\/11\/acha-condenado-con-seis-meses-de-prision-efectiva-por-violencia-de-genero\/","name":"Acha: condenado con seis meses de prisi\u00f3n efectiva por violencia de g\u00e9nero - Diario Textual","isPartOf":{"@id":"https:\/\/diariotextual.com\/inicio\/#website"},"primaryImageOfPage":{"@id":"https:\/\/diariotextual.com\/inicio\/index.php\/2023\/05\/11\/acha-condenado-con-seis-meses-de-prision-efectiva-por-violencia-de-genero\/#primaryimage"},"image":{"@id":"https:\/\/diariotextual.com\/inicio\/index.php\/2023\/05\/11\/acha-condenado-con-seis-meses-de-prision-efectiva-por-violencia-de-genero\/#primaryimage"},"thumbnailUrl":"https:\/\/diariotextual.com\/inicio\/wp-content\/uploads\/2022\/12\/generalachaentrada.jpg","datePublished":"2023-05-11T16:56:34+00:00","dateModified":"2023-05-11T16:56:36+00:00","breadcrumb":{"@id":"https:\/\/diariotextual.com\/inicio\/index.php\/2023\/05\/11\/acha-condenado-con-seis-meses-de-prision-efectiva-por-violencia-de-genero\/#breadcrumb"},"inLanguage":"es","potentialAction":[{"@type":"ReadAction","target":["https:\/\/diariotextual.com\/inicio\/index.php\/2023\/05\/11\/acha-condenado-con-seis-meses-de-prision-efectiva-por-violencia-de-genero\/"]}]},{"@type":"ImageObject","inLanguage":"es","@id":"https:\/\/diariotextual.com\/inicio\/index.php\/2023\/05\/11\/acha-condenado-con-seis-meses-de-prision-efectiva-por-violencia-de-genero\/#primaryimage","url":"https:\/\/diariotextual.com\/inicio\/wp-content\/uploads\/2022\/12\/generalachaentrada.jpg","contentUrl":"https:\/\/diariotextual.com\/inicio\/wp-content\/uploads\/2022\/12\/generalachaentrada.jpg","width":900,"height":522},{"@type":"BreadcrumbList","@id":"https:\/\/diariotextual.com\/inicio\/index.php\/2023\/05\/11\/acha-condenado-con-seis-meses-de-prision-efectiva-por-violencia-de-genero\/#breadcrumb","itemListElement":[{"@type":"ListItem","position":1,"name":"Portada","item":"https:\/\/diariotextual.com\/inicio\/"},{"@type":"ListItem","position":2,"name":"Acha: condenado con seis meses de prisi\u00f3n efectiva por violencia de g\u00e9nero"}]},{"@type":"WebSite","@id":"https:\/\/diariotextual.com\/inicio\/#website","url":"https:\/\/diariotextual.com\/inicio\/","name":"Diario Textual","description":"","publisher":{"@id":"https:\/\/diariotextual.com\/inicio\/#organization"},"potentialAction":[{"@type":"SearchAction","target":{"@type":"EntryPoint","urlTemplate":"https:\/\/diariotextual.com\/inicio\/?s={search_term_string}"},"query-input":{"@type":"PropertyValueSpecification","valueRequired":true,"valueName":"search_term_string"}}],"inLanguage":"es"},{"@type":"Organization","@id":"https:\/\/diariotextual.com\/inicio\/#organization","name":"Diario Textual","url":"https:\/\/diariotextual.com\/inicio\/","logo":{"@type":"ImageObject","inLanguage":"es","@id":"https:\/\/diariotextual.com\/inicio\/#\/schema\/logo\/image\/","url":"https:\/\/diariotextual.com\/inicio\/wp-content\/uploads\/2023\/05\/logotextual1.jpg","contentUrl":"https:\/\/diariotextual.com\/inicio\/wp-content\/uploads\/2023\/05\/logotextual1.jpg","width":516,"height":76,"caption":"Diario Textual"},"image":{"@id":"https:\/\/diariotextual.com\/inicio\/#\/schema\/logo\/image\/"},"sameAs":["https:\/\/www.facebook.com\/eltextual","https:\/\/x.com\/eltextual","http:\/\/www.instagram.com\/eltextual"]},{"@type":"Person","@id":"https:\/\/diariotextual.com\/inicio\/#\/schema\/person\/694f60677f23c4a530867a98f22b3768","name":"diario2","image":{"@type":"ImageObject","inLanguage":"es","@id":"https:\/\/secure.gravatar.com\/avatar\/5a2567495ba16b852fcd8f1ed006a2e24fcace936018ed8237e95f488ad6e0a7?s=96&d=mm&r=g","url":"https:\/\/secure.gravatar.com\/avatar\/5a2567495ba16b852fcd8f1ed006a2e24fcace936018ed8237e95f488ad6e0a7?s=96&d=mm&r=g","contentUrl":"https:\/\/secure.gravatar.com\/avatar\/5a2567495ba16b852fcd8f1ed006a2e24fcace936018ed8237e95f488ad6e0a7?s=96&d=mm&r=g","caption":"diario2"},"url":"https:\/\/diariotextual.com\/inicio\/index.php\/author\/diario2\/"}]}},"_links":{"self":[{"href":"https:\/\/diariotextual.com\/inicio\/index.php\/wp-json\/wp\/v2\/posts\/224794","targetHints":{"allow":["GET"]}}],"collection":[{"href":"https:\/\/diariotextual.com\/inicio\/index.php\/wp-json\/wp\/v2\/posts"}],"about":[{"href":"https:\/\/diariotextual.com\/inicio\/index.php\/wp-json\/wp\/v2\/types\/post"}],"author":[{"embeddable":true,"href":"https:\/\/diariotextual.com\/inicio\/index.php\/wp-json\/wp\/v2\/users\/4"}],"replies":[{"embeddable":true,"href":"https:\/\/diariotextual.com\/inicio\/index.php\/wp-json\/wp\/v2\/comments?post=224794"}],"version-history":[{"count":1,"href":"https:\/\/diariotextual.com\/inicio\/index.php\/wp-json\/wp\/v2\/posts\/224794\/revisions"}],"predecessor-version":[{"id":224795,"href":"https:\/\/diariotextual.com\/inicio\/index.php\/wp-json\/wp\/v2\/posts\/224794\/revisions\/224795"}],"wp:featuredmedia":[{"embeddable":true,"href":"https:\/\/diariotextual.com\/inicio\/index.php\/wp-json\/wp\/v2\/media\/211107"}],"wp:attachment":[{"href":"https:\/\/diariotextual.com\/inicio\/index.php\/wp-json\/wp\/v2\/media?parent=224794"}],"wp:term":[{"taxonomy":"category","embeddable":true,"href":"https:\/\/diariotextual.com\/inicio\/index.php\/wp-json\/wp\/v2\/categories?post=224794"},{"taxonomy":"post_tag","embeddable":true,"href":"https:\/\/diariotextual.com\/inicio\/index.php\/wp-json\/wp\/v2\/tags?post=224794"}],"curies":[{"name":"wp","href":"https:\/\/api.w.org\/{rel}","templated":true}]}}