{"id":224796,"date":"2023-05-11T14:40:44","date_gmt":"2023-05-11T17:40:44","guid":{"rendered":"https:\/\/diariotextual.com\/inicio\/?p=224796"},"modified":"2023-05-12T10:32:48","modified_gmt":"2023-05-12T13:32:48","slug":"picante-cruce-entre-cristina-kirchner-y-lousteau-por-economia-me-ensenaste-vos-con-la-125","status":"publish","type":"post","link":"https:\/\/diariotextual.com\/inicio\/index.php\/2023\/05\/11\/picante-cruce-entre-cristina-kirchner-y-lousteau-por-economia-me-ensenaste-vos-con-la-125\/","title":{"rendered":"Picante cruce entre Cristina Kirchner y Lousteau por econom\u00eda: \u201cMe ense\u00f1aste vos con la 125\u201d"},"content":{"rendered":"\n<p>La vicepresidenta Cristina Kirchner y el senador Mart\u00edn Lousteau protagonizaron un picante cruce durante el inicio de la sesi\u00f3n informativa del Senado, en la que particip\u00f3 el jefe de Gabinete, Agust\u00edn Rossi.<\/p>\n\n\n\n<p>El episodio se produjo al momento de izar la bandera, cuando Lousteau cuestion\u00f3 que no hab\u00eda qu\u00f3rum, en medio de quejas de otros opositores por la elecci\u00f3n del tucumano Pablo Yedlin para realizar la tarea.<\/p>\n\n\n\n<p>En respuesta, la vicepresidenta le contest\u00f3<strong>: \u201cYa deber\u00eda haber aprendido que no se necesita qu\u00f3rum para una sesi\u00f3n informativa\u201d.<\/strong><\/p>\n\n\n\n<p>\u201cDeber\u00edan aprender de econom\u00eda\u201d, retruc\u00f3 el l\u00edder de Evoluci\u00f3n. A lo que la titular de la C\u00e1mara Alta respondi\u00f3: <strong>\u201cMe ense\u00f1aste vos con la 125\u201d.<\/strong><\/p>\n\n\n\n<p>El momento fue captado por un video que r\u00e1pidamente corri\u00f3 por las redes sociales y record\u00f3 a la discusi\u00f3n que en 2008 marc\u00f3 uno de los tiempos m\u00e1s dif\u00edciles de la gesti\u00f3n de Cristina Kirchner.<\/p>\n\n\n\n<p>La resoluci\u00f3n 125 de retenciones m\u00f3viles que ide\u00f3 Lousteau cuando era su ministro de Econom\u00eda gener\u00f3 una batalla muy dura con el campo.<\/p>\n\n\n\n<p>A 15 a\u00f1os de esa situaci\u00f3n, la vicepresidenta record\u00f3 el episodio en tono de chicana al ahora referente de Juntos por el Cambio.<\/p>\n\n\n\n<blockquote class=\"twitter-tweet\"><p lang=\"es\" dir=\"ltr\">Picante cruce entre Cristina Kirchner y Lousteau por econom\u00eda: \u201cMe ense\u00f1aste vos con la 125\u201d <a href=\"https:\/\/t.co\/0ehROcTddY\">https:\/\/t.co\/0ehROcTddY<\/a> <a href=\"https:\/\/t.co\/fvwJ2f3CMn\">pic.twitter.com\/fvwJ2f3CMn<\/a><\/p>&mdash; DiarioTextual (@elTextual) <a href=\"https:\/\/twitter.com\/elTextual\/status\/1656718814820573184?ref_src=twsrc%5Etfw\">May 11, 2023<\/a><\/blockquote> <script async src=\"https:\/\/platform.twitter.com\/widgets.js\" charset=\"utf-8\"><\/script>\n","protected":false},"excerpt":{"rendered":"<p>La vicepresidenta Cristina Kirchner y el senador Mart\u00edn Lousteau protagonizaron un picante cruce durante el inicio de la sesi\u00f3n informativa del Senado, en la que particip\u00f3 el jefe de Gabinete,&hellip;<\/p>\n","protected":false},"author":4,"featured_media":201269,"comment_status":"closed","ping_status":"open","sticky":false,"template":"","format":"standard","meta":{"_acf_changed":false,"footnotes":""},"categories":[11,8],"tags":[],"class_list":["post-224796","post","type-post","status-publish","format-standard","has-post-thumbnail","hentry","category-que-pasa","category-politica"],"acf":[],"yoast_head":"<!-- This site is optimized with the Yoast SEO plugin v27.5 - https:\/\/yoast.com\/product\/yoast-seo-wordpress\/ -->\n<title>Picante cruce entre Cristina Kirchner y Lousteau por econom\u00eda: \u201cMe ense\u00f1aste vos con la 125\u201d - Diario Textual<\/title>\n<meta name=\"robots\" content=\"index, follow, max-snippet:-1, max-image-preview:large, max-video-preview:-1\" \/>\n<link rel=\"canonical\" href=\"https:\/\/diariotextual.com\/inicio\/index.php\/2023\/05\/11\/picante-cruce-entre-cristina-kirchner-y-lousteau-por-economia-me-ensenaste-vos-con-la-125\/\" \/>\n<meta property=\"og:locale\" content=\"es_ES\" \/>\n<meta property=\"og:type\" content=\"article\" \/>\n<meta property=\"og:title\" content=\"Picante cruce entre Cristina Kirchner y Lousteau por econom\u00eda: \u201cMe ense\u00f1aste vos con la 125\u201d - Diario Textual\" \/>\n<meta property=\"og:description\" content=\"La vicepresidenta Cristina Kirchner y el senador Mart\u00edn Lousteau protagonizaron un picante cruce durante el inicio de la sesi\u00f3n informativa del Senado, en la que particip\u00f3 el jefe de Gabinete,&hellip;\" \/>\n<meta property=\"og:url\" content=\"https:\/\/diariotextual.com\/inicio\/index.php\/2023\/05\/11\/picante-cruce-entre-cristina-kirchner-y-lousteau-por-economia-me-ensenaste-vos-con-la-125\/\" \/>\n<meta property=\"og:site_name\" content=\"Diario Textual\" \/>\n<meta property=\"article:publisher\" content=\"https:\/\/www.facebook.com\/eltextual\" \/>\n<meta property=\"article:published_time\" content=\"2023-05-11T17:40:44+00:00\" \/>\n<meta property=\"article:modified_time\" content=\"2023-05-12T13:32:48+00:00\" \/>\n<meta property=\"og:image\" content=\"https:\/\/diariotextual.com\/inicio\/wp-content\/uploads\/2022\/09\/fernandezcristina2022-7000.jpg\" \/>\n\t<meta property=\"og:image:width\" content=\"900\" \/>\n\t<meta property=\"og:image:height\" content=\"506\" \/>\n\t<meta property=\"og:image:type\" content=\"image\/jpeg\" \/>\n<meta name=\"author\" content=\"diario2\" \/>\n<meta name=\"twitter:card\" content=\"summary_large_image\" \/>\n<meta name=\"twitter:creator\" content=\"@eltextual\" \/>\n<meta name=\"twitter:site\" content=\"@eltextual\" \/>\n<meta name=\"twitter:label1\" content=\"Escrito por\" \/>\n\t<meta name=\"twitter:data1\" content=\"diario2\" \/>\n\t<meta name=\"twitter:label2\" content=\"Tiempo de lectura\" \/>\n\t<meta name=\"twitter:data2\" content=\"1 minuto\" \/>\n<script type=\"application\/ld+json\" class=\"yoast-schema-graph\">{\"@context\":\"https:\\\/\\\/schema.org\",\"@graph\":[{\"@type\":\"Article\",\"@id\":\"https:\\\/\\\/diariotextual.com\\\/inicio\\\/index.php\\\/2023\\\/05\\\/11\\\/picante-cruce-entre-cristina-kirchner-y-lousteau-por-economia-me-ensenaste-vos-con-la-125\\\/#article\",\"isPartOf\":{\"@id\":\"https:\\\/\\\/diariotextual.com\\\/inicio\\\/index.php\\\/2023\\\/05\\\/11\\\/picante-cruce-entre-cristina-kirchner-y-lousteau-por-economia-me-ensenaste-vos-con-la-125\\\/\"},\"author\":{\"name\":\"diario2\",\"@id\":\"https:\\\/\\\/diariotextual.com\\\/inicio\\\/#\\\/schema\\\/person\\\/694f60677f23c4a530867a98f22b3768\"},\"headline\":\"Picante cruce entre Cristina Kirchner y Lousteau por econom\u00eda: \u201cMe ense\u00f1aste vos con la 125\u201d\",\"datePublished\":\"2023-05-11T17:40:44+00:00\",\"dateModified\":\"2023-05-12T13:32:48+00:00\",\"mainEntityOfPage\":{\"@id\":\"https:\\\/\\\/diariotextual.com\\\/inicio\\\/index.php\\\/2023\\\/05\\\/11\\\/picante-cruce-entre-cristina-kirchner-y-lousteau-por-economia-me-ensenaste-vos-con-la-125\\\/\"},\"wordCount\":259,\"publisher\":{\"@id\":\"https:\\\/\\\/diariotextual.com\\\/inicio\\\/#organization\"},\"image\":{\"@id\":\"https:\\\/\\\/diariotextual.com\\\/inicio\\\/index.php\\\/2023\\\/05\\\/11\\\/picante-cruce-entre-cristina-kirchner-y-lousteau-por-economia-me-ensenaste-vos-con-la-125\\\/#primaryimage\"},\"thumbnailUrl\":\"https:\\\/\\\/diariotextual.com\\\/inicio\\\/wp-content\\\/uploads\\\/2022\\\/09\\\/fernandezcristina2022-7000.jpg\",\"articleSection\":[\"A - QUE PASA (al costado)\",\"POLITICA\"],\"inLanguage\":\"es\"},{\"@type\":\"WebPage\",\"@id\":\"https:\\\/\\\/diariotextual.com\\\/inicio\\\/index.php\\\/2023\\\/05\\\/11\\\/picante-cruce-entre-cristina-kirchner-y-lousteau-por-economia-me-ensenaste-vos-con-la-125\\\/\",\"url\":\"https:\\\/\\\/diariotextual.com\\\/inicio\\\/index.php\\\/2023\\\/05\\\/11\\\/picante-cruce-entre-cristina-kirchner-y-lousteau-por-economia-me-ensenaste-vos-con-la-125\\\/\",\"name\":\"Picante cruce entre Cristina Kirchner y Lousteau por econom\u00eda: \u201cMe ense\u00f1aste vos con la 125\u201d - Diario Textual\",\"isPartOf\":{\"@id\":\"https:\\\/\\\/diariotextual.com\\\/inicio\\\/#website\"},\"primaryImageOfPage\":{\"@id\":\"https:\\\/\\\/diariotextual.com\\\/inicio\\\/index.php\\\/2023\\\/05\\\/11\\\/picante-cruce-entre-cristina-kirchner-y-lousteau-por-economia-me-ensenaste-vos-con-la-125\\\/#primaryimage\"},\"image\":{\"@id\":\"https:\\\/\\\/diariotextual.com\\\/inicio\\\/index.php\\\/2023\\\/05\\\/11\\\/picante-cruce-entre-cristina-kirchner-y-lousteau-por-economia-me-ensenaste-vos-con-la-125\\\/#primaryimage\"},\"thumbnailUrl\":\"https:\\\/\\\/diariotextual.com\\\/inicio\\\/wp-content\\\/uploads\\\/2022\\\/09\\\/fernandezcristina2022-7000.jpg\",\"datePublished\":\"2023-05-11T17:40:44+00:00\",\"dateModified\":\"2023-05-12T13:32:48+00:00\",\"breadcrumb\":{\"@id\":\"https:\\\/\\\/diariotextual.com\\\/inicio\\\/index.php\\\/2023\\\/05\\\/11\\\/picante-cruce-entre-cristina-kirchner-y-lousteau-por-economia-me-ensenaste-vos-con-la-125\\\/#breadcrumb\"},\"inLanguage\":\"es\",\"potentialAction\":[{\"@type\":\"ReadAction\",\"target\":[\"https:\\\/\\\/diariotextual.com\\\/inicio\\\/index.php\\\/2023\\\/05\\\/11\\\/picante-cruce-entre-cristina-kirchner-y-lousteau-por-economia-me-ensenaste-vos-con-la-125\\\/\"]}]},{\"@type\":\"ImageObject\",\"inLanguage\":\"es\",\"@id\":\"https:\\\/\\\/diariotextual.com\\\/inicio\\\/index.php\\\/2023\\\/05\\\/11\\\/picante-cruce-entre-cristina-kirchner-y-lousteau-por-economia-me-ensenaste-vos-con-la-125\\\/#primaryimage\",\"url\":\"https:\\\/\\\/diariotextual.com\\\/inicio\\\/wp-content\\\/uploads\\\/2022\\\/09\\\/fernandezcristina2022-7000.jpg\",\"contentUrl\":\"https:\\\/\\\/diariotextual.com\\\/inicio\\\/wp-content\\\/uploads\\\/2022\\\/09\\\/fernandezcristina2022-7000.jpg\",\"width\":900,\"height\":506},{\"@type\":\"BreadcrumbList\",\"@id\":\"https:\\\/\\\/diariotextual.com\\\/inicio\\\/index.php\\\/2023\\\/05\\\/11\\\/picante-cruce-entre-cristina-kirchner-y-lousteau-por-economia-me-ensenaste-vos-con-la-125\\\/#breadcrumb\",\"itemListElement\":[{\"@type\":\"ListItem\",\"position\":1,\"name\":\"Portada\",\"item\":\"https:\\\/\\\/diariotextual.com\\\/inicio\\\/\"},{\"@type\":\"ListItem\",\"position\":2,\"name\":\"Picante cruce entre Cristina Kirchner y Lousteau por econom\u00eda: \u201cMe ense\u00f1aste vos con la 125\u201d\"}]},{\"@type\":\"WebSite\",\"@id\":\"https:\\\/\\\/diariotextual.com\\\/inicio\\\/#website\",\"url\":\"https:\\\/\\\/diariotextual.com\\\/inicio\\\/\",\"name\":\"Diario Textual\",\"description\":\"\",\"publisher\":{\"@id\":\"https:\\\/\\\/diariotextual.com\\\/inicio\\\/#organization\"},\"potentialAction\":[{\"@type\":\"SearchAction\",\"target\":{\"@type\":\"EntryPoint\",\"urlTemplate\":\"https:\\\/\\\/diariotextual.com\\\/inicio\\\/?s={search_term_string}\"},\"query-input\":{\"@type\":\"PropertyValueSpecification\",\"valueRequired\":true,\"valueName\":\"search_term_string\"}}],\"inLanguage\":\"es\"},{\"@type\":\"Organization\",\"@id\":\"https:\\\/\\\/diariotextual.com\\\/inicio\\\/#organization\",\"name\":\"Diario Textual\",\"url\":\"https:\\\/\\\/diariotextual.com\\\/inicio\\\/\",\"logo\":{\"@type\":\"ImageObject\",\"inLanguage\":\"es\",\"@id\":\"https:\\\/\\\/diariotextual.com\\\/inicio\\\/#\\\/schema\\\/logo\\\/image\\\/\",\"url\":\"https:\\\/\\\/diariotextual.com\\\/inicio\\\/wp-content\\\/uploads\\\/2023\\\/05\\\/logotextual1.jpg\",\"contentUrl\":\"https:\\\/\\\/diariotextual.com\\\/inicio\\\/wp-content\\\/uploads\\\/2023\\\/05\\\/logotextual1.jpg\",\"width\":516,\"height\":76,\"caption\":\"Diario Textual\"},\"image\":{\"@id\":\"https:\\\/\\\/diariotextual.com\\\/inicio\\\/#\\\/schema\\\/logo\\\/image\\\/\"},\"sameAs\":[\"https:\\\/\\\/www.facebook.com\\\/eltextual\",\"https:\\\/\\\/x.com\\\/eltextual\",\"http:\\\/\\\/www.instagram.com\\\/eltextual\"]},{\"@type\":\"Person\",\"@id\":\"https:\\\/\\\/diariotextual.com\\\/inicio\\\/#\\\/schema\\\/person\\\/694f60677f23c4a530867a98f22b3768\",\"name\":\"diario2\",\"image\":{\"@type\":\"ImageObject\",\"inLanguage\":\"es\",\"@id\":\"https:\\\/\\\/secure.gravatar.com\\\/avatar\\\/5a2567495ba16b852fcd8f1ed006a2e24fcace936018ed8237e95f488ad6e0a7?s=96&d=mm&r=g\",\"url\":\"https:\\\/\\\/secure.gravatar.com\\\/avatar\\\/5a2567495ba16b852fcd8f1ed006a2e24fcace936018ed8237e95f488ad6e0a7?s=96&d=mm&r=g\",\"contentUrl\":\"https:\\\/\\\/secure.gravatar.com\\\/avatar\\\/5a2567495ba16b852fcd8f1ed006a2e24fcace936018ed8237e95f488ad6e0a7?s=96&d=mm&r=g\",\"caption\":\"diario2\"},\"url\":\"https:\\\/\\\/diariotextual.com\\\/inicio\\\/index.php\\\/author\\\/diario2\\\/\"}]}<\/script>\n<!-- \/ Yoast SEO plugin. -->","yoast_head_json":{"title":"Picante cruce entre Cristina Kirchner y Lousteau por econom\u00eda: \u201cMe ense\u00f1aste vos con la 125\u201d - Diario Textual","robots":{"index":"index","follow":"follow","max-snippet":"max-snippet:-1","max-image-preview":"max-image-preview:large","max-video-preview":"max-video-preview:-1"},"canonical":"https:\/\/diariotextual.com\/inicio\/index.php\/2023\/05\/11\/picante-cruce-entre-cristina-kirchner-y-lousteau-por-economia-me-ensenaste-vos-con-la-125\/","og_locale":"es_ES","og_type":"article","og_title":"Picante cruce entre Cristina Kirchner y Lousteau por econom\u00eda: \u201cMe ense\u00f1aste vos con la 125\u201d - Diario Textual","og_description":"La vicepresidenta Cristina Kirchner y el senador Mart\u00edn Lousteau protagonizaron un picante cruce durante el inicio de la sesi\u00f3n informativa del Senado, en la que particip\u00f3 el jefe de Gabinete,&hellip;","og_url":"https:\/\/diariotextual.com\/inicio\/index.php\/2023\/05\/11\/picante-cruce-entre-cristina-kirchner-y-lousteau-por-economia-me-ensenaste-vos-con-la-125\/","og_site_name":"Diario Textual","article_publisher":"https:\/\/www.facebook.com\/eltextual","article_published_time":"2023-05-11T17:40:44+00:00","article_modified_time":"2023-05-12T13:32:48+00:00","og_image":[{"width":900,"height":506,"url":"https:\/\/diariotextual.com\/inicio\/wp-content\/uploads\/2022\/09\/fernandezcristina2022-7000.jpg","type":"image\/jpeg"}],"author":"diario2","twitter_card":"summary_large_image","twitter_creator":"@eltextual","twitter_site":"@eltextual","twitter_misc":{"Escrito por":"diario2","Tiempo de lectura":"1 minuto"},"schema":{"@context":"https:\/\/schema.org","@graph":[{"@type":"Article","@id":"https:\/\/diariotextual.com\/inicio\/index.php\/2023\/05\/11\/picante-cruce-entre-cristina-kirchner-y-lousteau-por-economia-me-ensenaste-vos-con-la-125\/#article","isPartOf":{"@id":"https:\/\/diariotextual.com\/inicio\/index.php\/2023\/05\/11\/picante-cruce-entre-cristina-kirchner-y-lousteau-por-economia-me-ensenaste-vos-con-la-125\/"},"author":{"name":"diario2","@id":"https:\/\/diariotextual.com\/inicio\/#\/schema\/person\/694f60677f23c4a530867a98f22b3768"},"headline":"Picante cruce entre Cristina Kirchner y Lousteau por econom\u00eda: \u201cMe ense\u00f1aste vos con la 125\u201d","datePublished":"2023-05-11T17:40:44+00:00","dateModified":"2023-05-12T13:32:48+00:00","mainEntityOfPage":{"@id":"https:\/\/diariotextual.com\/inicio\/index.php\/2023\/05\/11\/picante-cruce-entre-cristina-kirchner-y-lousteau-por-economia-me-ensenaste-vos-con-la-125\/"},"wordCount":259,"publisher":{"@id":"https:\/\/diariotextual.com\/inicio\/#organization"},"image":{"@id":"https:\/\/diariotextual.com\/inicio\/index.php\/2023\/05\/11\/picante-cruce-entre-cristina-kirchner-y-lousteau-por-economia-me-ensenaste-vos-con-la-125\/#primaryimage"},"thumbnailUrl":"https:\/\/diariotextual.com\/inicio\/wp-content\/uploads\/2022\/09\/fernandezcristina2022-7000.jpg","articleSection":["A - QUE PASA (al costado)","POLITICA"],"inLanguage":"es"},{"@type":"WebPage","@id":"https:\/\/diariotextual.com\/inicio\/index.php\/2023\/05\/11\/picante-cruce-entre-cristina-kirchner-y-lousteau-por-economia-me-ensenaste-vos-con-la-125\/","url":"https:\/\/diariotextual.com\/inicio\/index.php\/2023\/05\/11\/picante-cruce-entre-cristina-kirchner-y-lousteau-por-economia-me-ensenaste-vos-con-la-125\/","name":"Picante cruce entre Cristina Kirchner y Lousteau por econom\u00eda: \u201cMe ense\u00f1aste vos con la 125\u201d - Diario Textual","isPartOf":{"@id":"https:\/\/diariotextual.com\/inicio\/#website"},"primaryImageOfPage":{"@id":"https:\/\/diariotextual.com\/inicio\/index.php\/2023\/05\/11\/picante-cruce-entre-cristina-kirchner-y-lousteau-por-economia-me-ensenaste-vos-con-la-125\/#primaryimage"},"image":{"@id":"https:\/\/diariotextual.com\/inicio\/index.php\/2023\/05\/11\/picante-cruce-entre-cristina-kirchner-y-lousteau-por-economia-me-ensenaste-vos-con-la-125\/#primaryimage"},"thumbnailUrl":"https:\/\/diariotextual.com\/inicio\/wp-content\/uploads\/2022\/09\/fernandezcristina2022-7000.jpg","datePublished":"2023-05-11T17:40:44+00:00","dateModified":"2023-05-12T13:32:48+00:00","breadcrumb":{"@id":"https:\/\/diariotextual.com\/inicio\/index.php\/2023\/05\/11\/picante-cruce-entre-cristina-kirchner-y-lousteau-por-economia-me-ensenaste-vos-con-la-125\/#breadcrumb"},"inLanguage":"es","potentialAction":[{"@type":"ReadAction","target":["https:\/\/diariotextual.com\/inicio\/index.php\/2023\/05\/11\/picante-cruce-entre-cristina-kirchner-y-lousteau-por-economia-me-ensenaste-vos-con-la-125\/"]}]},{"@type":"ImageObject","inLanguage":"es","@id":"https:\/\/diariotextual.com\/inicio\/index.php\/2023\/05\/11\/picante-cruce-entre-cristina-kirchner-y-lousteau-por-economia-me-ensenaste-vos-con-la-125\/#primaryimage","url":"https:\/\/diariotextual.com\/inicio\/wp-content\/uploads\/2022\/09\/fernandezcristina2022-7000.jpg","contentUrl":"https:\/\/diariotextual.com\/inicio\/wp-content\/uploads\/2022\/09\/fernandezcristina2022-7000.jpg","width":900,"height":506},{"@type":"BreadcrumbList","@id":"https:\/\/diariotextual.com\/inicio\/index.php\/2023\/05\/11\/picante-cruce-entre-cristina-kirchner-y-lousteau-por-economia-me-ensenaste-vos-con-la-125\/#breadcrumb","itemListElement":[{"@type":"ListItem","position":1,"name":"Portada","item":"https:\/\/diariotextual.com\/inicio\/"},{"@type":"ListItem","position":2,"name":"Picante cruce entre Cristina Kirchner y Lousteau por econom\u00eda: \u201cMe ense\u00f1aste vos con la 125\u201d"}]},{"@type":"WebSite","@id":"https:\/\/diariotextual.com\/inicio\/#website","url":"https:\/\/diariotextual.com\/inicio\/","name":"Diario Textual","description":"","publisher":{"@id":"https:\/\/diariotextual.com\/inicio\/#organization"},"potentialAction":[{"@type":"SearchAction","target":{"@type":"EntryPoint","urlTemplate":"https:\/\/diariotextual.com\/inicio\/?s={search_term_string}"},"query-input":{"@type":"PropertyValueSpecification","valueRequired":true,"valueName":"search_term_string"}}],"inLanguage":"es"},{"@type":"Organization","@id":"https:\/\/diariotextual.com\/inicio\/#organization","name":"Diario Textual","url":"https:\/\/diariotextual.com\/inicio\/","logo":{"@type":"ImageObject","inLanguage":"es","@id":"https:\/\/diariotextual.com\/inicio\/#\/schema\/logo\/image\/","url":"https:\/\/diariotextual.com\/inicio\/wp-content\/uploads\/2023\/05\/logotextual1.jpg","contentUrl":"https:\/\/diariotextual.com\/inicio\/wp-content\/uploads\/2023\/05\/logotextual1.jpg","width":516,"height":76,"caption":"Diario Textual"},"image":{"@id":"https:\/\/diariotextual.com\/inicio\/#\/schema\/logo\/image\/"},"sameAs":["https:\/\/www.facebook.com\/eltextual","https:\/\/x.com\/eltextual","http:\/\/www.instagram.com\/eltextual"]},{"@type":"Person","@id":"https:\/\/diariotextual.com\/inicio\/#\/schema\/person\/694f60677f23c4a530867a98f22b3768","name":"diario2","image":{"@type":"ImageObject","inLanguage":"es","@id":"https:\/\/secure.gravatar.com\/avatar\/5a2567495ba16b852fcd8f1ed006a2e24fcace936018ed8237e95f488ad6e0a7?s=96&d=mm&r=g","url":"https:\/\/secure.gravatar.com\/avatar\/5a2567495ba16b852fcd8f1ed006a2e24fcace936018ed8237e95f488ad6e0a7?s=96&d=mm&r=g","contentUrl":"https:\/\/secure.gravatar.com\/avatar\/5a2567495ba16b852fcd8f1ed006a2e24fcace936018ed8237e95f488ad6e0a7?s=96&d=mm&r=g","caption":"diario2"},"url":"https:\/\/diariotextual.com\/inicio\/index.php\/author\/diario2\/"}]}},"_links":{"self":[{"href":"https:\/\/diariotextual.com\/inicio\/index.php\/wp-json\/wp\/v2\/posts\/224796","targetHints":{"allow":["GET"]}}],"collection":[{"href":"https:\/\/diariotextual.com\/inicio\/index.php\/wp-json\/wp\/v2\/posts"}],"about":[{"href":"https:\/\/diariotextual.com\/inicio\/index.php\/wp-json\/wp\/v2\/types\/post"}],"author":[{"embeddable":true,"href":"https:\/\/diariotextual.com\/inicio\/index.php\/wp-json\/wp\/v2\/users\/4"}],"replies":[{"embeddable":true,"href":"https:\/\/diariotextual.com\/inicio\/index.php\/wp-json\/wp\/v2\/comments?post=224796"}],"version-history":[{"count":3,"href":"https:\/\/diariotextual.com\/inicio\/index.php\/wp-json\/wp\/v2\/posts\/224796\/revisions"}],"predecessor-version":[{"id":224799,"href":"https:\/\/diariotextual.com\/inicio\/index.php\/wp-json\/wp\/v2\/posts\/224796\/revisions\/224799"}],"wp:featuredmedia":[{"embeddable":true,"href":"https:\/\/diariotextual.com\/inicio\/index.php\/wp-json\/wp\/v2\/media\/201269"}],"wp:attachment":[{"href":"https:\/\/diariotextual.com\/inicio\/index.php\/wp-json\/wp\/v2\/media?parent=224796"}],"wp:term":[{"taxonomy":"category","embeddable":true,"href":"https:\/\/diariotextual.com\/inicio\/index.php\/wp-json\/wp\/v2\/categories?post=224796"},{"taxonomy":"post_tag","embeddable":true,"href":"https:\/\/diariotextual.com\/inicio\/index.php\/wp-json\/wp\/v2\/tags?post=224796"}],"curies":[{"name":"wp","href":"https:\/\/api.w.org\/{rel}","templated":true}]}}