{"id":224800,"date":"2023-05-11T17:12:02","date_gmt":"2023-05-11T20:12:02","guid":{"rendered":"https:\/\/diariotextual.com\/inicio\/?p=224800"},"modified":"2023-05-11T20:58:59","modified_gmt":"2023-05-11T23:58:59","slug":"el-ministro-de-economia-de-mendoza-dijo-que-represa-el-baqueano-continua-pese-a-rechazo-de-la-pampa","status":"publish","type":"post","link":"https:\/\/diariotextual.com\/inicio\/index.php\/2023\/05\/11\/el-ministro-de-economia-de-mendoza-dijo-que-represa-el-baqueano-continua-pese-a-rechazo-de-la-pampa\/","title":{"rendered":"El ministro de Econom\u00eda de Mendoza dijo que represa El Baqueano contin\u00faa pese a rechazo de La Pampa"},"content":{"rendered":"\n<p>El ministro de Econom\u00eda y Energ\u00eda de Mendoza, <strong>Enrique Vaqui\u00e9<\/strong>, afirm\u00f3 hoy que el Gobierno provincial <strong>avanzar\u00e1 con la licitaci\u00f3n y los estudios de impacto ambiental para la construcci\u00f3n del dique El Baqueano<\/strong>, en el departamento de San Rafael, pese a la presentaci\u00f3n judicial que realiz\u00f3 la provincia de La Pampa en rechazo de la obra.<br><br>Mendoza comenz\u00f3 a planificar la construcci\u00f3n de la represa El Baqueano, sobre el R\u00edo Diamante, como un plan alternativo ante las trabas lideradas por La Pampa para la construcci\u00f3n del proyecto Portezuelo del Viento, una hidroel\u00e9ctrica multiprop\u00f3sito por la que la Naci\u00f3n ya desembols\u00f3 U$S 422 millones de un total de U$S 1.000 millones, que se efectivizan en pagos trimestrales hasta octubre de 2024.<br><br>Ante la decisi\u00f3n de Mendoza de utilizar esos fondos para el proyecto de El Baqueano, que est\u00e1 sobre otra cuenca, <a href=\"https:\/\/diariotextual.com\/inicio\/index.php\/2023\/05\/08\/ziliotto-volvio-a-la-corte-amparo-ambiental-por-el-baqueano\/\" target=\"_blank\" rel=\"noreferrer noopener\">La Pampa present\u00f3 otro recurso de amparo ante la Suprema Corte de Justicia de la Naci\u00f3n.<\/a><br><br><strong>\u201cVamos a avanzar con la licitaci\u00f3n, tenemos que cumplir con los pasos formales, cumplir con la declaraci\u00f3n de impacto ambiental, hacer los estudios geol\u00f3gicos e hidrol\u00f3gicos, que los estamos haciendo. Se licita y el proceso se contin\u00faa y se ve c\u00f3mo se sigue\u201d,<\/strong> afirm\u00f3 Vaqui\u00e9 en declaraciones a Radio Nihuil.<br><br>Vaqui\u00e9 record\u00f3 que Ziliotto, tambi\u00e9n cuestion\u00f3 ante la Corte un dique de San Juan (Tambolar) que es muy similar al Baqueano y el tribunal nunca se expidi\u00f3.<br><br>En ese sentido, el ministro sostuvo: \u201cUno puede buscar el paralelismo con San Juan. En el 2018, cuando el gobernador (Sergio) U\u00f1ac anunci\u00f3 la obra de El Tambolar, Ziliotto hizo un amparo ante la Corte Suprema y eso no ha tenido ning\u00fan curso hasta el presente\u201d.<br><br>\u201cPor entonces -continu\u00f3- <strong>La Pampa hizo un escandalete igual a este y la obra se licit\u00f3 en 2018 y en el 2019 se firm\u00f3 contrato con la UTE que hoy est\u00e1 construyendo la obra de El Tambolar2\u201d.<\/strong><br><br>En ese sentido, agreg\u00f3 que \u201cse sigue construyendo y la Corte todav\u00eda no ha dicho nada sobre la presentaci\u00f3n de La Pampa\u201d.<br><br>A diferencia de lo que ocurre con el r\u00edo Colorado, por donde pasa Portezuelo del Viento, en el Diamante, donde se planifica hacer El Baqueano, no existe un comit\u00e9 de cuenca como el Comit\u00e9 Interjurisdiccional del R\u00edo Colorado que integran las provincias de Buenos Aires, R\u00edo Negro, Neuqu\u00e9n, La Pampa y Mendoza, por las que pasa el r\u00edo.<br><br>\u201cLa cuenca del R\u00edo Colorado ten\u00eda una ley nacional que creaba un reglamento que dec\u00eda que las provincias se ten\u00edan que poner de acuerdo, y si no era as\u00ed el presidente era el que dec\u00eda qu\u00e9 provincia ten\u00eda raz\u00f3n. Eso pas\u00f3 con Portezuelo del Viento con el presidente Fern\u00e1ndez que dej\u00f3 frenada la obra\u201d, explic\u00f3.<br><br>\u201cAc\u00e1 no hay una ley nacional que cree el comit\u00e9 de cuenca, ni para el Desaguadero, ni para el Diamante, y por tanto no habr\u00eda tampoco mandato nacional\u201d, apunt\u00f3 Vaqui\u00e9.<br><br>Mendoza lleg\u00f3 a un acuerdo con la Naci\u00f3n, rubricado por el gobernador Rodolfo Suarez con el ministro de Econom\u00eda, Sergio Massa, por el cual la hidroel\u00e9ctrica El Baqueano ingresa al Programa Nacional de Obras Hidroel\u00e9ctricas, lo que dar\u00e1 previsibilidad al futuro del aprovechamiento multiprop\u00f3sito.<\/p>\n","protected":false},"excerpt":{"rendered":"<p>El ministro de Econom\u00eda y Energ\u00eda de Mendoza, Enrique Vaqui\u00e9, afirm\u00f3 hoy que el Gobierno provincial avanzar\u00e1 con la licitaci\u00f3n y los estudios de impacto ambiental para la construcci\u00f3n del&hellip;<\/p>\n","protected":false},"author":4,"featured_media":198104,"comment_status":"closed","ping_status":"open","sticky":false,"template":"","format":"standard","meta":{"_acf_changed":false,"footnotes":""},"categories":[1,8],"tags":[],"class_list":["post-224800","post","type-post","status-publish","format-standard","has-post-thumbnail","hentry","category-es-noticia","category-politica"],"acf":[],"yoast_head":"<!-- This site is optimized with the Yoast SEO plugin v27.5 - https:\/\/yoast.com\/product\/yoast-seo-wordpress\/ -->\n<title>El ministro de Econom\u00eda de Mendoza dijo que represa El Baqueano contin\u00faa pese a rechazo de La Pampa - Diario Textual<\/title>\n<meta name=\"robots\" content=\"index, follow, max-snippet:-1, max-image-preview:large, max-video-preview:-1\" \/>\n<link rel=\"canonical\" href=\"https:\/\/diariotextual.com\/inicio\/index.php\/2023\/05\/11\/el-ministro-de-economia-de-mendoza-dijo-que-represa-el-baqueano-continua-pese-a-rechazo-de-la-pampa\/\" \/>\n<meta property=\"og:locale\" content=\"es_ES\" \/>\n<meta property=\"og:type\" content=\"article\" \/>\n<meta property=\"og:title\" content=\"El ministro de Econom\u00eda de Mendoza dijo que represa El Baqueano contin\u00faa pese a rechazo de La Pampa - Diario Textual\" \/>\n<meta property=\"og:description\" content=\"El ministro de Econom\u00eda y Energ\u00eda de Mendoza, Enrique Vaqui\u00e9, afirm\u00f3 hoy que el Gobierno provincial avanzar\u00e1 con la licitaci\u00f3n y los estudios de impacto ambiental para la construcci\u00f3n del&hellip;\" \/>\n<meta property=\"og:url\" content=\"https:\/\/diariotextual.com\/inicio\/index.php\/2023\/05\/11\/el-ministro-de-economia-de-mendoza-dijo-que-represa-el-baqueano-continua-pese-a-rechazo-de-la-pampa\/\" \/>\n<meta property=\"og:site_name\" content=\"Diario Textual\" \/>\n<meta property=\"article:publisher\" content=\"https:\/\/www.facebook.com\/eltextual\" \/>\n<meta property=\"article:published_time\" content=\"2023-05-11T20:12:02+00:00\" \/>\n<meta property=\"article:modified_time\" content=\"2023-05-11T23:58:59+00:00\" \/>\n<meta property=\"og:image\" content=\"https:\/\/diariotextual.com\/inicio\/wp-content\/uploads\/2022\/08\/baqueanomendoza.jpg\" \/>\n\t<meta property=\"og:image:width\" content=\"900\" \/>\n\t<meta property=\"og:image:height\" content=\"520\" \/>\n\t<meta property=\"og:image:type\" content=\"image\/jpeg\" \/>\n<meta name=\"author\" content=\"diario2\" \/>\n<meta name=\"twitter:card\" content=\"summary_large_image\" \/>\n<meta name=\"twitter:creator\" content=\"@eltextual\" \/>\n<meta name=\"twitter:site\" content=\"@eltextual\" \/>\n<meta name=\"twitter:label1\" content=\"Escrito por\" \/>\n\t<meta name=\"twitter:data1\" content=\"diario2\" \/>\n\t<meta name=\"twitter:label2\" content=\"Tiempo de lectura\" \/>\n\t<meta name=\"twitter:data2\" content=\"3 minutos\" \/>\n<script type=\"application\/ld+json\" class=\"yoast-schema-graph\">{\"@context\":\"https:\\\/\\\/schema.org\",\"@graph\":[{\"@type\":\"Article\",\"@id\":\"https:\\\/\\\/diariotextual.com\\\/inicio\\\/index.php\\\/2023\\\/05\\\/11\\\/el-ministro-de-economia-de-mendoza-dijo-que-represa-el-baqueano-continua-pese-a-rechazo-de-la-pampa\\\/#article\",\"isPartOf\":{\"@id\":\"https:\\\/\\\/diariotextual.com\\\/inicio\\\/index.php\\\/2023\\\/05\\\/11\\\/el-ministro-de-economia-de-mendoza-dijo-que-represa-el-baqueano-continua-pese-a-rechazo-de-la-pampa\\\/\"},\"author\":{\"name\":\"diario2\",\"@id\":\"https:\\\/\\\/diariotextual.com\\\/inicio\\\/#\\\/schema\\\/person\\\/694f60677f23c4a530867a98f22b3768\"},\"headline\":\"El ministro de Econom\u00eda de Mendoza dijo que represa El Baqueano contin\u00faa pese a rechazo de La Pampa\",\"datePublished\":\"2023-05-11T20:12:02+00:00\",\"dateModified\":\"2023-05-11T23:58:59+00:00\",\"mainEntityOfPage\":{\"@id\":\"https:\\\/\\\/diariotextual.com\\\/inicio\\\/index.php\\\/2023\\\/05\\\/11\\\/el-ministro-de-economia-de-mendoza-dijo-que-represa-el-baqueano-continua-pese-a-rechazo-de-la-pampa\\\/\"},\"wordCount\":585,\"publisher\":{\"@id\":\"https:\\\/\\\/diariotextual.com\\\/inicio\\\/#organization\"},\"image\":{\"@id\":\"https:\\\/\\\/diariotextual.com\\\/inicio\\\/index.php\\\/2023\\\/05\\\/11\\\/el-ministro-de-economia-de-mendoza-dijo-que-represa-el-baqueano-continua-pese-a-rechazo-de-la-pampa\\\/#primaryimage\"},\"thumbnailUrl\":\"https:\\\/\\\/diariotextual.com\\\/inicio\\\/wp-content\\\/uploads\\\/2022\\\/08\\\/baqueanomendoza.jpg\",\"articleSection\":[\"A - ES NOTICIA (van abajo)\",\"POLITICA\"],\"inLanguage\":\"es\"},{\"@type\":\"WebPage\",\"@id\":\"https:\\\/\\\/diariotextual.com\\\/inicio\\\/index.php\\\/2023\\\/05\\\/11\\\/el-ministro-de-economia-de-mendoza-dijo-que-represa-el-baqueano-continua-pese-a-rechazo-de-la-pampa\\\/\",\"url\":\"https:\\\/\\\/diariotextual.com\\\/inicio\\\/index.php\\\/2023\\\/05\\\/11\\\/el-ministro-de-economia-de-mendoza-dijo-que-represa-el-baqueano-continua-pese-a-rechazo-de-la-pampa\\\/\",\"name\":\"El ministro de Econom\u00eda de Mendoza dijo que represa El Baqueano contin\u00faa pese a rechazo de La Pampa - Diario Textual\",\"isPartOf\":{\"@id\":\"https:\\\/\\\/diariotextual.com\\\/inicio\\\/#website\"},\"primaryImageOfPage\":{\"@id\":\"https:\\\/\\\/diariotextual.com\\\/inicio\\\/index.php\\\/2023\\\/05\\\/11\\\/el-ministro-de-economia-de-mendoza-dijo-que-represa-el-baqueano-continua-pese-a-rechazo-de-la-pampa\\\/#primaryimage\"},\"image\":{\"@id\":\"https:\\\/\\\/diariotextual.com\\\/inicio\\\/index.php\\\/2023\\\/05\\\/11\\\/el-ministro-de-economia-de-mendoza-dijo-que-represa-el-baqueano-continua-pese-a-rechazo-de-la-pampa\\\/#primaryimage\"},\"thumbnailUrl\":\"https:\\\/\\\/diariotextual.com\\\/inicio\\\/wp-content\\\/uploads\\\/2022\\\/08\\\/baqueanomendoza.jpg\",\"datePublished\":\"2023-05-11T20:12:02+00:00\",\"dateModified\":\"2023-05-11T23:58:59+00:00\",\"breadcrumb\":{\"@id\":\"https:\\\/\\\/diariotextual.com\\\/inicio\\\/index.php\\\/2023\\\/05\\\/11\\\/el-ministro-de-economia-de-mendoza-dijo-que-represa-el-baqueano-continua-pese-a-rechazo-de-la-pampa\\\/#breadcrumb\"},\"inLanguage\":\"es\",\"potentialAction\":[{\"@type\":\"ReadAction\",\"target\":[\"https:\\\/\\\/diariotextual.com\\\/inicio\\\/index.php\\\/2023\\\/05\\\/11\\\/el-ministro-de-economia-de-mendoza-dijo-que-represa-el-baqueano-continua-pese-a-rechazo-de-la-pampa\\\/\"]}]},{\"@type\":\"ImageObject\",\"inLanguage\":\"es\",\"@id\":\"https:\\\/\\\/diariotextual.com\\\/inicio\\\/index.php\\\/2023\\\/05\\\/11\\\/el-ministro-de-economia-de-mendoza-dijo-que-represa-el-baqueano-continua-pese-a-rechazo-de-la-pampa\\\/#primaryimage\",\"url\":\"https:\\\/\\\/diariotextual.com\\\/inicio\\\/wp-content\\\/uploads\\\/2022\\\/08\\\/baqueanomendoza.jpg\",\"contentUrl\":\"https:\\\/\\\/diariotextual.com\\\/inicio\\\/wp-content\\\/uploads\\\/2022\\\/08\\\/baqueanomendoza.jpg\",\"width\":900,\"height\":520},{\"@type\":\"BreadcrumbList\",\"@id\":\"https:\\\/\\\/diariotextual.com\\\/inicio\\\/index.php\\\/2023\\\/05\\\/11\\\/el-ministro-de-economia-de-mendoza-dijo-que-represa-el-baqueano-continua-pese-a-rechazo-de-la-pampa\\\/#breadcrumb\",\"itemListElement\":[{\"@type\":\"ListItem\",\"position\":1,\"name\":\"Portada\",\"item\":\"https:\\\/\\\/diariotextual.com\\\/inicio\\\/\"},{\"@type\":\"ListItem\",\"position\":2,\"name\":\"El ministro de Econom\u00eda de Mendoza dijo que represa El Baqueano contin\u00faa pese a rechazo de La Pampa\"}]},{\"@type\":\"WebSite\",\"@id\":\"https:\\\/\\\/diariotextual.com\\\/inicio\\\/#website\",\"url\":\"https:\\\/\\\/diariotextual.com\\\/inicio\\\/\",\"name\":\"Diario Textual\",\"description\":\"\",\"publisher\":{\"@id\":\"https:\\\/\\\/diariotextual.com\\\/inicio\\\/#organization\"},\"potentialAction\":[{\"@type\":\"SearchAction\",\"target\":{\"@type\":\"EntryPoint\",\"urlTemplate\":\"https:\\\/\\\/diariotextual.com\\\/inicio\\\/?s={search_term_string}\"},\"query-input\":{\"@type\":\"PropertyValueSpecification\",\"valueRequired\":true,\"valueName\":\"search_term_string\"}}],\"inLanguage\":\"es\"},{\"@type\":\"Organization\",\"@id\":\"https:\\\/\\\/diariotextual.com\\\/inicio\\\/#organization\",\"name\":\"Diario Textual\",\"url\":\"https:\\\/\\\/diariotextual.com\\\/inicio\\\/\",\"logo\":{\"@type\":\"ImageObject\",\"inLanguage\":\"es\",\"@id\":\"https:\\\/\\\/diariotextual.com\\\/inicio\\\/#\\\/schema\\\/logo\\\/image\\\/\",\"url\":\"https:\\\/\\\/diariotextual.com\\\/inicio\\\/wp-content\\\/uploads\\\/2023\\\/05\\\/logotextual1.jpg\",\"contentUrl\":\"https:\\\/\\\/diariotextual.com\\\/inicio\\\/wp-content\\\/uploads\\\/2023\\\/05\\\/logotextual1.jpg\",\"width\":516,\"height\":76,\"caption\":\"Diario Textual\"},\"image\":{\"@id\":\"https:\\\/\\\/diariotextual.com\\\/inicio\\\/#\\\/schema\\\/logo\\\/image\\\/\"},\"sameAs\":[\"https:\\\/\\\/www.facebook.com\\\/eltextual\",\"https:\\\/\\\/x.com\\\/eltextual\",\"http:\\\/\\\/www.instagram.com\\\/eltextual\"]},{\"@type\":\"Person\",\"@id\":\"https:\\\/\\\/diariotextual.com\\\/inicio\\\/#\\\/schema\\\/person\\\/694f60677f23c4a530867a98f22b3768\",\"name\":\"diario2\",\"image\":{\"@type\":\"ImageObject\",\"inLanguage\":\"es\",\"@id\":\"https:\\\/\\\/secure.gravatar.com\\\/avatar\\\/5a2567495ba16b852fcd8f1ed006a2e24fcace936018ed8237e95f488ad6e0a7?s=96&d=mm&r=g\",\"url\":\"https:\\\/\\\/secure.gravatar.com\\\/avatar\\\/5a2567495ba16b852fcd8f1ed006a2e24fcace936018ed8237e95f488ad6e0a7?s=96&d=mm&r=g\",\"contentUrl\":\"https:\\\/\\\/secure.gravatar.com\\\/avatar\\\/5a2567495ba16b852fcd8f1ed006a2e24fcace936018ed8237e95f488ad6e0a7?s=96&d=mm&r=g\",\"caption\":\"diario2\"},\"url\":\"https:\\\/\\\/diariotextual.com\\\/inicio\\\/index.php\\\/author\\\/diario2\\\/\"}]}<\/script>\n<!-- \/ Yoast SEO plugin. -->","yoast_head_json":{"title":"El ministro de Econom\u00eda de Mendoza dijo que represa El Baqueano contin\u00faa pese a rechazo de La Pampa - Diario Textual","robots":{"index":"index","follow":"follow","max-snippet":"max-snippet:-1","max-image-preview":"max-image-preview:large","max-video-preview":"max-video-preview:-1"},"canonical":"https:\/\/diariotextual.com\/inicio\/index.php\/2023\/05\/11\/el-ministro-de-economia-de-mendoza-dijo-que-represa-el-baqueano-continua-pese-a-rechazo-de-la-pampa\/","og_locale":"es_ES","og_type":"article","og_title":"El ministro de Econom\u00eda de Mendoza dijo que represa El Baqueano contin\u00faa pese a rechazo de La Pampa - Diario Textual","og_description":"El ministro de Econom\u00eda y Energ\u00eda de Mendoza, Enrique Vaqui\u00e9, afirm\u00f3 hoy que el Gobierno provincial avanzar\u00e1 con la licitaci\u00f3n y los estudios de impacto ambiental para la construcci\u00f3n del&hellip;","og_url":"https:\/\/diariotextual.com\/inicio\/index.php\/2023\/05\/11\/el-ministro-de-economia-de-mendoza-dijo-que-represa-el-baqueano-continua-pese-a-rechazo-de-la-pampa\/","og_site_name":"Diario Textual","article_publisher":"https:\/\/www.facebook.com\/eltextual","article_published_time":"2023-05-11T20:12:02+00:00","article_modified_time":"2023-05-11T23:58:59+00:00","og_image":[{"width":900,"height":520,"url":"https:\/\/diariotextual.com\/inicio\/wp-content\/uploads\/2022\/08\/baqueanomendoza.jpg","type":"image\/jpeg"}],"author":"diario2","twitter_card":"summary_large_image","twitter_creator":"@eltextual","twitter_site":"@eltextual","twitter_misc":{"Escrito por":"diario2","Tiempo de lectura":"3 minutos"},"schema":{"@context":"https:\/\/schema.org","@graph":[{"@type":"Article","@id":"https:\/\/diariotextual.com\/inicio\/index.php\/2023\/05\/11\/el-ministro-de-economia-de-mendoza-dijo-que-represa-el-baqueano-continua-pese-a-rechazo-de-la-pampa\/#article","isPartOf":{"@id":"https:\/\/diariotextual.com\/inicio\/index.php\/2023\/05\/11\/el-ministro-de-economia-de-mendoza-dijo-que-represa-el-baqueano-continua-pese-a-rechazo-de-la-pampa\/"},"author":{"name":"diario2","@id":"https:\/\/diariotextual.com\/inicio\/#\/schema\/person\/694f60677f23c4a530867a98f22b3768"},"headline":"El ministro de Econom\u00eda de Mendoza dijo que represa El Baqueano contin\u00faa pese a rechazo de La Pampa","datePublished":"2023-05-11T20:12:02+00:00","dateModified":"2023-05-11T23:58:59+00:00","mainEntityOfPage":{"@id":"https:\/\/diariotextual.com\/inicio\/index.php\/2023\/05\/11\/el-ministro-de-economia-de-mendoza-dijo-que-represa-el-baqueano-continua-pese-a-rechazo-de-la-pampa\/"},"wordCount":585,"publisher":{"@id":"https:\/\/diariotextual.com\/inicio\/#organization"},"image":{"@id":"https:\/\/diariotextual.com\/inicio\/index.php\/2023\/05\/11\/el-ministro-de-economia-de-mendoza-dijo-que-represa-el-baqueano-continua-pese-a-rechazo-de-la-pampa\/#primaryimage"},"thumbnailUrl":"https:\/\/diariotextual.com\/inicio\/wp-content\/uploads\/2022\/08\/baqueanomendoza.jpg","articleSection":["A - ES NOTICIA (van abajo)","POLITICA"],"inLanguage":"es"},{"@type":"WebPage","@id":"https:\/\/diariotextual.com\/inicio\/index.php\/2023\/05\/11\/el-ministro-de-economia-de-mendoza-dijo-que-represa-el-baqueano-continua-pese-a-rechazo-de-la-pampa\/","url":"https:\/\/diariotextual.com\/inicio\/index.php\/2023\/05\/11\/el-ministro-de-economia-de-mendoza-dijo-que-represa-el-baqueano-continua-pese-a-rechazo-de-la-pampa\/","name":"El ministro de Econom\u00eda de Mendoza dijo que represa El Baqueano contin\u00faa pese a rechazo de La Pampa - Diario Textual","isPartOf":{"@id":"https:\/\/diariotextual.com\/inicio\/#website"},"primaryImageOfPage":{"@id":"https:\/\/diariotextual.com\/inicio\/index.php\/2023\/05\/11\/el-ministro-de-economia-de-mendoza-dijo-que-represa-el-baqueano-continua-pese-a-rechazo-de-la-pampa\/#primaryimage"},"image":{"@id":"https:\/\/diariotextual.com\/inicio\/index.php\/2023\/05\/11\/el-ministro-de-economia-de-mendoza-dijo-que-represa-el-baqueano-continua-pese-a-rechazo-de-la-pampa\/#primaryimage"},"thumbnailUrl":"https:\/\/diariotextual.com\/inicio\/wp-content\/uploads\/2022\/08\/baqueanomendoza.jpg","datePublished":"2023-05-11T20:12:02+00:00","dateModified":"2023-05-11T23:58:59+00:00","breadcrumb":{"@id":"https:\/\/diariotextual.com\/inicio\/index.php\/2023\/05\/11\/el-ministro-de-economia-de-mendoza-dijo-que-represa-el-baqueano-continua-pese-a-rechazo-de-la-pampa\/#breadcrumb"},"inLanguage":"es","potentialAction":[{"@type":"ReadAction","target":["https:\/\/diariotextual.com\/inicio\/index.php\/2023\/05\/11\/el-ministro-de-economia-de-mendoza-dijo-que-represa-el-baqueano-continua-pese-a-rechazo-de-la-pampa\/"]}]},{"@type":"ImageObject","inLanguage":"es","@id":"https:\/\/diariotextual.com\/inicio\/index.php\/2023\/05\/11\/el-ministro-de-economia-de-mendoza-dijo-que-represa-el-baqueano-continua-pese-a-rechazo-de-la-pampa\/#primaryimage","url":"https:\/\/diariotextual.com\/inicio\/wp-content\/uploads\/2022\/08\/baqueanomendoza.jpg","contentUrl":"https:\/\/diariotextual.com\/inicio\/wp-content\/uploads\/2022\/08\/baqueanomendoza.jpg","width":900,"height":520},{"@type":"BreadcrumbList","@id":"https:\/\/diariotextual.com\/inicio\/index.php\/2023\/05\/11\/el-ministro-de-economia-de-mendoza-dijo-que-represa-el-baqueano-continua-pese-a-rechazo-de-la-pampa\/#breadcrumb","itemListElement":[{"@type":"ListItem","position":1,"name":"Portada","item":"https:\/\/diariotextual.com\/inicio\/"},{"@type":"ListItem","position":2,"name":"El ministro de Econom\u00eda de Mendoza dijo que represa El Baqueano contin\u00faa pese a rechazo de La Pampa"}]},{"@type":"WebSite","@id":"https:\/\/diariotextual.com\/inicio\/#website","url":"https:\/\/diariotextual.com\/inicio\/","name":"Diario Textual","description":"","publisher":{"@id":"https:\/\/diariotextual.com\/inicio\/#organization"},"potentialAction":[{"@type":"SearchAction","target":{"@type":"EntryPoint","urlTemplate":"https:\/\/diariotextual.com\/inicio\/?s={search_term_string}"},"query-input":{"@type":"PropertyValueSpecification","valueRequired":true,"valueName":"search_term_string"}}],"inLanguage":"es"},{"@type":"Organization","@id":"https:\/\/diariotextual.com\/inicio\/#organization","name":"Diario Textual","url":"https:\/\/diariotextual.com\/inicio\/","logo":{"@type":"ImageObject","inLanguage":"es","@id":"https:\/\/diariotextual.com\/inicio\/#\/schema\/logo\/image\/","url":"https:\/\/diariotextual.com\/inicio\/wp-content\/uploads\/2023\/05\/logotextual1.jpg","contentUrl":"https:\/\/diariotextual.com\/inicio\/wp-content\/uploads\/2023\/05\/logotextual1.jpg","width":516,"height":76,"caption":"Diario Textual"},"image":{"@id":"https:\/\/diariotextual.com\/inicio\/#\/schema\/logo\/image\/"},"sameAs":["https:\/\/www.facebook.com\/eltextual","https:\/\/x.com\/eltextual","http:\/\/www.instagram.com\/eltextual"]},{"@type":"Person","@id":"https:\/\/diariotextual.com\/inicio\/#\/schema\/person\/694f60677f23c4a530867a98f22b3768","name":"diario2","image":{"@type":"ImageObject","inLanguage":"es","@id":"https:\/\/secure.gravatar.com\/avatar\/5a2567495ba16b852fcd8f1ed006a2e24fcace936018ed8237e95f488ad6e0a7?s=96&d=mm&r=g","url":"https:\/\/secure.gravatar.com\/avatar\/5a2567495ba16b852fcd8f1ed006a2e24fcace936018ed8237e95f488ad6e0a7?s=96&d=mm&r=g","contentUrl":"https:\/\/secure.gravatar.com\/avatar\/5a2567495ba16b852fcd8f1ed006a2e24fcace936018ed8237e95f488ad6e0a7?s=96&d=mm&r=g","caption":"diario2"},"url":"https:\/\/diariotextual.com\/inicio\/index.php\/author\/diario2\/"}]}},"_links":{"self":[{"href":"https:\/\/diariotextual.com\/inicio\/index.php\/wp-json\/wp\/v2\/posts\/224800","targetHints":{"allow":["GET"]}}],"collection":[{"href":"https:\/\/diariotextual.com\/inicio\/index.php\/wp-json\/wp\/v2\/posts"}],"about":[{"href":"https:\/\/diariotextual.com\/inicio\/index.php\/wp-json\/wp\/v2\/types\/post"}],"author":[{"embeddable":true,"href":"https:\/\/diariotextual.com\/inicio\/index.php\/wp-json\/wp\/v2\/users\/4"}],"replies":[{"embeddable":true,"href":"https:\/\/diariotextual.com\/inicio\/index.php\/wp-json\/wp\/v2\/comments?post=224800"}],"version-history":[{"count":2,"href":"https:\/\/diariotextual.com\/inicio\/index.php\/wp-json\/wp\/v2\/posts\/224800\/revisions"}],"predecessor-version":[{"id":224803,"href":"https:\/\/diariotextual.com\/inicio\/index.php\/wp-json\/wp\/v2\/posts\/224800\/revisions\/224803"}],"wp:featuredmedia":[{"embeddable":true,"href":"https:\/\/diariotextual.com\/inicio\/index.php\/wp-json\/wp\/v2\/media\/198104"}],"wp:attachment":[{"href":"https:\/\/diariotextual.com\/inicio\/index.php\/wp-json\/wp\/v2\/media?parent=224800"}],"wp:term":[{"taxonomy":"category","embeddable":true,"href":"https:\/\/diariotextual.com\/inicio\/index.php\/wp-json\/wp\/v2\/categories?post=224800"},{"taxonomy":"post_tag","embeddable":true,"href":"https:\/\/diariotextual.com\/inicio\/index.php\/wp-json\/wp\/v2\/tags?post=224800"}],"curies":[{"name":"wp","href":"https:\/\/api.w.org\/{rel}","templated":true}]}}