{"id":22527,"date":"2018-10-05T08:11:42","date_gmt":"2018-10-05T11:11:42","guid":{"rendered":"http:\/\/diariotextual.com\/inicio\/?p=22527"},"modified":"2018-10-05T09:52:24","modified_gmt":"2018-10-05T12:52:24","slug":"nobel-la-paz-una-exesclava-del-estados-islamico-medico","status":"publish","type":"post","link":"https:\/\/diariotextual.com\/inicio\/index.php\/2018\/10\/05\/nobel-la-paz-una-exesclava-del-estados-islamico-medico\/","title":{"rendered":"El Nobel de la Paz, a una exesclava del Estado Isl\u00e1mico y a un m\u00e9dico"},"content":{"rendered":"<p>El comit\u00e9 Nobel noruego ha anunciado este viernes en Oslo que los elegidos para recibir el <strong>Nobel de la Paz<\/strong> este a\u00f1o son la yazid\u00ed <strong>Nadia Murad<\/strong>, exesclava del grupo yihadista Estado Isl\u00e1mico, y el congole\u00f1o <strong>Denis Mukwege<\/strong>, un ginec\u00f3logo que cura a mujeres violadas en Rep\u00fablica Democr\u00e1tica del Congo, por \u00absus esfuerzos para poner fin al uso de la violencia sexual como arma de guerra\u00bb.<\/p>\n<p>Tanto Murad como Mukwege hab\u00edan sido ya galardonados con el premio Sajarov, la activista en el a\u00f1o 2016 y el ginec\u00f3logo en 2014.<\/p>\n<p><strong>Mukwege (1955) \u00abha dedicado su vida a defender a las v\u00edctimas de violencia sexual en tiempos de guerra\u00bb y Murad \u00abes el testigo que cuenta de los abusos perpetrados contra ella y contra otros\u00bb<\/strong>, argument\u00f3 el comit\u00e9 del Nobel para conceder el galard\u00f3n.<\/p>\n<p>El m\u00e9dico y su equipo \u00abhan tratado a miles de pacientes que fueron v\u00edctimas de estos asaltos\u00bb.<\/p>\n<p>Asimismo, Mukwege ha condenado \u00abla impunidad de las violaciones masivas y ha criticado al gobierno del Congo y de otros pa\u00edses por no hacer lo suficiente para parar la violencia sexual contra las mujeres como estrategia y arma de guerra\u00bb.<\/p>\n<p>En cuanto a Murad (1995), el Comit\u00e9 Nobel record\u00f3 que es \u00abuna de las cerca de 3.000 ni\u00f1as y mujeres que han sufrido abusos sexuales como parte de la estrategia militar del Estado Isl\u00e1mico que usaban ese tipo de violencia como un arma contra los yazid\u00edes y otras minor\u00edas religiosas\u00bb<\/p>\n<p>Adem\u00e1s, destac\u00f3 que \u00abtras tres meses de cautiverio logr\u00f3 escapar y empez\u00f3 a denunciar los abusos que hab\u00edan sufrido ella y otras mujeres\u00bb.<\/p>\n<p>\u00abTuvo el extraordinario coraje de contar su propio sufrimiento y de ayudar a otras v\u00edctimas\u00bb, dijo el Comit\u00e9 Nobel.<\/p>\n<p>El anuncio era uno de los m\u00e1s esperados en esta edici\u00f3n de los Nobel, que en esta ocasi\u00f3n no cont\u00f3 con su premio m\u00e1s prestigioso -junto con el de la Paz-, el de Literatura, aplazado un a\u00f1o a causa de un esc\u00e1ndalo sexual que sacudi\u00f3 a la Academia.<\/p>\n<p>Los cinco miembros del comit\u00e9 deb\u00edan decidir qui\u00e9n de los 331 candidatos -individuales u organizaciones- propuestas era el digno merecedor del premio.<\/p>\n<p>&nbsp;<\/p>\n<p>&nbsp;<\/p>\n","protected":false},"excerpt":{"rendered":"<p>El comit\u00e9 Nobel noruego ha anunciado este viernes en Oslo que los elegidos para recibir el Nobel de la Paz este a\u00f1o son la yazid\u00ed Nadia Murad, exesclava del grupo&hellip;<\/p>\n","protected":false},"author":3,"featured_media":22529,"comment_status":"closed","ping_status":"open","sticky":false,"template":"","format":"standard","meta":{"_acf_changed":false,"footnotes":""},"categories":[11,319,7],"tags":[],"class_list":["post-22527","post","type-post","status-publish","format-standard","has-post-thumbnail","hentry","category-que-pasa","category-a-temporales","category-mundo"],"acf":[],"yoast_head":"<!-- This site is optimized with the Yoast SEO plugin v27.5 - https:\/\/yoast.com\/product\/yoast-seo-wordpress\/ -->\n<title>El Nobel de la Paz, a una exesclava del Estado Isl\u00e1mico y a un m\u00e9dico - Diario Textual<\/title>\n<meta name=\"robots\" content=\"index, follow, max-snippet:-1, max-image-preview:large, max-video-preview:-1\" \/>\n<link rel=\"canonical\" href=\"https:\/\/diariotextual.com\/inicio\/index.php\/2018\/10\/05\/nobel-la-paz-una-exesclava-del-estados-islamico-medico\/\" \/>\n<meta property=\"og:locale\" content=\"es_ES\" \/>\n<meta property=\"og:type\" content=\"article\" \/>\n<meta property=\"og:title\" content=\"El Nobel de la Paz, a una exesclava del Estado Isl\u00e1mico y a un m\u00e9dico - Diario Textual\" \/>\n<meta property=\"og:description\" content=\"El comit\u00e9 Nobel noruego ha anunciado este viernes en Oslo que los elegidos para recibir el Nobel de la Paz este a\u00f1o son la yazid\u00ed Nadia Murad, exesclava del grupo&hellip;\" \/>\n<meta property=\"og:url\" content=\"https:\/\/diariotextual.com\/inicio\/index.php\/2018\/10\/05\/nobel-la-paz-una-exesclava-del-estados-islamico-medico\/\" \/>\n<meta property=\"og:site_name\" content=\"Diario Textual\" \/>\n<meta property=\"article:publisher\" content=\"https:\/\/www.facebook.com\/eltextual\" \/>\n<meta property=\"article:published_time\" content=\"2018-10-05T11:11:42+00:00\" \/>\n<meta property=\"article:modified_time\" content=\"2018-10-05T12:52:24+00:00\" \/>\n<meta property=\"og:image\" content=\"https:\/\/diariotextual.com\/inicio\/wp-content\/uploads\/2018\/10\/nobeldelapaz2018-1.jpg\" \/>\n\t<meta property=\"og:image:width\" content=\"660\" \/>\n\t<meta property=\"og:image:height\" content=\"495\" \/>\n\t<meta property=\"og:image:type\" content=\"image\/jpeg\" \/>\n<meta name=\"author\" content=\"Diario1 Diario1\" \/>\n<meta name=\"twitter:card\" content=\"summary_large_image\" \/>\n<meta name=\"twitter:creator\" content=\"@eltextual\" \/>\n<meta name=\"twitter:site\" content=\"@eltextual\" \/>\n<meta name=\"twitter:label1\" content=\"Escrito por\" \/>\n\t<meta name=\"twitter:data1\" content=\"Diario1 Diario1\" \/>\n\t<meta name=\"twitter:label2\" content=\"Tiempo de lectura\" \/>\n\t<meta name=\"twitter:data2\" content=\"2 minutos\" \/>\n<script type=\"application\/ld+json\" class=\"yoast-schema-graph\">{\"@context\":\"https:\\\/\\\/schema.org\",\"@graph\":[{\"@type\":\"Article\",\"@id\":\"https:\\\/\\\/diariotextual.com\\\/inicio\\\/index.php\\\/2018\\\/10\\\/05\\\/nobel-la-paz-una-exesclava-del-estados-islamico-medico\\\/#article\",\"isPartOf\":{\"@id\":\"https:\\\/\\\/diariotextual.com\\\/inicio\\\/index.php\\\/2018\\\/10\\\/05\\\/nobel-la-paz-una-exesclava-del-estados-islamico-medico\\\/\"},\"author\":{\"name\":\"Diario1 Diario1\",\"@id\":\"https:\\\/\\\/diariotextual.com\\\/inicio\\\/#\\\/schema\\\/person\\\/418fc4093c33e86ed41562db3508f958\"},\"headline\":\"El Nobel de la Paz, a una exesclava del Estado Isl\u00e1mico y a un m\u00e9dico\",\"datePublished\":\"2018-10-05T11:11:42+00:00\",\"dateModified\":\"2018-10-05T12:52:24+00:00\",\"mainEntityOfPage\":{\"@id\":\"https:\\\/\\\/diariotextual.com\\\/inicio\\\/index.php\\\/2018\\\/10\\\/05\\\/nobel-la-paz-una-exesclava-del-estados-islamico-medico\\\/\"},\"wordCount\":393,\"publisher\":{\"@id\":\"https:\\\/\\\/diariotextual.com\\\/inicio\\\/#organization\"},\"image\":{\"@id\":\"https:\\\/\\\/diariotextual.com\\\/inicio\\\/index.php\\\/2018\\\/10\\\/05\\\/nobel-la-paz-una-exesclava-del-estados-islamico-medico\\\/#primaryimage\"},\"thumbnailUrl\":\"https:\\\/\\\/diariotextual.com\\\/inicio\\\/wp-content\\\/uploads\\\/2018\\\/10\\\/nobeldelapaz2018-1.jpg\",\"articleSection\":[\"A - QUE PASA (al costado)\",\"A - TEMPORALES\",\"MUNDO\"],\"inLanguage\":\"es\"},{\"@type\":\"WebPage\",\"@id\":\"https:\\\/\\\/diariotextual.com\\\/inicio\\\/index.php\\\/2018\\\/10\\\/05\\\/nobel-la-paz-una-exesclava-del-estados-islamico-medico\\\/\",\"url\":\"https:\\\/\\\/diariotextual.com\\\/inicio\\\/index.php\\\/2018\\\/10\\\/05\\\/nobel-la-paz-una-exesclava-del-estados-islamico-medico\\\/\",\"name\":\"El Nobel de la Paz, a una exesclava del Estado Isl\u00e1mico y a un m\u00e9dico - Diario Textual\",\"isPartOf\":{\"@id\":\"https:\\\/\\\/diariotextual.com\\\/inicio\\\/#website\"},\"primaryImageOfPage\":{\"@id\":\"https:\\\/\\\/diariotextual.com\\\/inicio\\\/index.php\\\/2018\\\/10\\\/05\\\/nobel-la-paz-una-exesclava-del-estados-islamico-medico\\\/#primaryimage\"},\"image\":{\"@id\":\"https:\\\/\\\/diariotextual.com\\\/inicio\\\/index.php\\\/2018\\\/10\\\/05\\\/nobel-la-paz-una-exesclava-del-estados-islamico-medico\\\/#primaryimage\"},\"thumbnailUrl\":\"https:\\\/\\\/diariotextual.com\\\/inicio\\\/wp-content\\\/uploads\\\/2018\\\/10\\\/nobeldelapaz2018-1.jpg\",\"datePublished\":\"2018-10-05T11:11:42+00:00\",\"dateModified\":\"2018-10-05T12:52:24+00:00\",\"breadcrumb\":{\"@id\":\"https:\\\/\\\/diariotextual.com\\\/inicio\\\/index.php\\\/2018\\\/10\\\/05\\\/nobel-la-paz-una-exesclava-del-estados-islamico-medico\\\/#breadcrumb\"},\"inLanguage\":\"es\",\"potentialAction\":[{\"@type\":\"ReadAction\",\"target\":[\"https:\\\/\\\/diariotextual.com\\\/inicio\\\/index.php\\\/2018\\\/10\\\/05\\\/nobel-la-paz-una-exesclava-del-estados-islamico-medico\\\/\"]}]},{\"@type\":\"ImageObject\",\"inLanguage\":\"es\",\"@id\":\"https:\\\/\\\/diariotextual.com\\\/inicio\\\/index.php\\\/2018\\\/10\\\/05\\\/nobel-la-paz-una-exesclava-del-estados-islamico-medico\\\/#primaryimage\",\"url\":\"https:\\\/\\\/diariotextual.com\\\/inicio\\\/wp-content\\\/uploads\\\/2018\\\/10\\\/nobeldelapaz2018-1.jpg\",\"contentUrl\":\"https:\\\/\\\/diariotextual.com\\\/inicio\\\/wp-content\\\/uploads\\\/2018\\\/10\\\/nobeldelapaz2018-1.jpg\",\"width\":660,\"height\":495},{\"@type\":\"BreadcrumbList\",\"@id\":\"https:\\\/\\\/diariotextual.com\\\/inicio\\\/index.php\\\/2018\\\/10\\\/05\\\/nobel-la-paz-una-exesclava-del-estados-islamico-medico\\\/#breadcrumb\",\"itemListElement\":[{\"@type\":\"ListItem\",\"position\":1,\"name\":\"Portada\",\"item\":\"https:\\\/\\\/diariotextual.com\\\/inicio\\\/\"},{\"@type\":\"ListItem\",\"position\":2,\"name\":\"El Nobel de la Paz, a una exesclava del Estado Isl\u00e1mico y a un m\u00e9dico\"}]},{\"@type\":\"WebSite\",\"@id\":\"https:\\\/\\\/diariotextual.com\\\/inicio\\\/#website\",\"url\":\"https:\\\/\\\/diariotextual.com\\\/inicio\\\/\",\"name\":\"Diario Textual\",\"description\":\"\",\"publisher\":{\"@id\":\"https:\\\/\\\/diariotextual.com\\\/inicio\\\/#organization\"},\"potentialAction\":[{\"@type\":\"SearchAction\",\"target\":{\"@type\":\"EntryPoint\",\"urlTemplate\":\"https:\\\/\\\/diariotextual.com\\\/inicio\\\/?s={search_term_string}\"},\"query-input\":{\"@type\":\"PropertyValueSpecification\",\"valueRequired\":true,\"valueName\":\"search_term_string\"}}],\"inLanguage\":\"es\"},{\"@type\":\"Organization\",\"@id\":\"https:\\\/\\\/diariotextual.com\\\/inicio\\\/#organization\",\"name\":\"Diario Textual\",\"url\":\"https:\\\/\\\/diariotextual.com\\\/inicio\\\/\",\"logo\":{\"@type\":\"ImageObject\",\"inLanguage\":\"es\",\"@id\":\"https:\\\/\\\/diariotextual.com\\\/inicio\\\/#\\\/schema\\\/logo\\\/image\\\/\",\"url\":\"https:\\\/\\\/diariotextual.com\\\/inicio\\\/wp-content\\\/uploads\\\/2023\\\/05\\\/logotextual1.jpg\",\"contentUrl\":\"https:\\\/\\\/diariotextual.com\\\/inicio\\\/wp-content\\\/uploads\\\/2023\\\/05\\\/logotextual1.jpg\",\"width\":516,\"height\":76,\"caption\":\"Diario Textual\"},\"image\":{\"@id\":\"https:\\\/\\\/diariotextual.com\\\/inicio\\\/#\\\/schema\\\/logo\\\/image\\\/\"},\"sameAs\":[\"https:\\\/\\\/www.facebook.com\\\/eltextual\",\"https:\\\/\\\/x.com\\\/eltextual\",\"http:\\\/\\\/www.instagram.com\\\/eltextual\"]},{\"@type\":\"Person\",\"@id\":\"https:\\\/\\\/diariotextual.com\\\/inicio\\\/#\\\/schema\\\/person\\\/418fc4093c33e86ed41562db3508f958\",\"name\":\"Diario1 Diario1\",\"image\":{\"@type\":\"ImageObject\",\"inLanguage\":\"es\",\"@id\":\"https:\\\/\\\/secure.gravatar.com\\\/avatar\\\/9167d280179c85bc18be67aa7eda765854300033af4896dd779b608640f2ef7a?s=96&d=mm&r=g\",\"url\":\"https:\\\/\\\/secure.gravatar.com\\\/avatar\\\/9167d280179c85bc18be67aa7eda765854300033af4896dd779b608640f2ef7a?s=96&d=mm&r=g\",\"contentUrl\":\"https:\\\/\\\/secure.gravatar.com\\\/avatar\\\/9167d280179c85bc18be67aa7eda765854300033af4896dd779b608640f2ef7a?s=96&d=mm&r=g\",\"caption\":\"Diario1 Diario1\"},\"url\":\"https:\\\/\\\/diariotextual.com\\\/inicio\\\/index.php\\\/author\\\/diario1\\\/\"}]}<\/script>\n<!-- \/ Yoast SEO plugin. -->","yoast_head_json":{"title":"El Nobel de la Paz, a una exesclava del Estado Isl\u00e1mico y a un m\u00e9dico - Diario Textual","robots":{"index":"index","follow":"follow","max-snippet":"max-snippet:-1","max-image-preview":"max-image-preview:large","max-video-preview":"max-video-preview:-1"},"canonical":"https:\/\/diariotextual.com\/inicio\/index.php\/2018\/10\/05\/nobel-la-paz-una-exesclava-del-estados-islamico-medico\/","og_locale":"es_ES","og_type":"article","og_title":"El Nobel de la Paz, a una exesclava del Estado Isl\u00e1mico y a un m\u00e9dico - Diario Textual","og_description":"El comit\u00e9 Nobel noruego ha anunciado este viernes en Oslo que los elegidos para recibir el Nobel de la Paz este a\u00f1o son la yazid\u00ed Nadia Murad, exesclava del grupo&hellip;","og_url":"https:\/\/diariotextual.com\/inicio\/index.php\/2018\/10\/05\/nobel-la-paz-una-exesclava-del-estados-islamico-medico\/","og_site_name":"Diario Textual","article_publisher":"https:\/\/www.facebook.com\/eltextual","article_published_time":"2018-10-05T11:11:42+00:00","article_modified_time":"2018-10-05T12:52:24+00:00","og_image":[{"width":660,"height":495,"url":"https:\/\/diariotextual.com\/inicio\/wp-content\/uploads\/2018\/10\/nobeldelapaz2018-1.jpg","type":"image\/jpeg"}],"author":"Diario1 Diario1","twitter_card":"summary_large_image","twitter_creator":"@eltextual","twitter_site":"@eltextual","twitter_misc":{"Escrito por":"Diario1 Diario1","Tiempo de lectura":"2 minutos"},"schema":{"@context":"https:\/\/schema.org","@graph":[{"@type":"Article","@id":"https:\/\/diariotextual.com\/inicio\/index.php\/2018\/10\/05\/nobel-la-paz-una-exesclava-del-estados-islamico-medico\/#article","isPartOf":{"@id":"https:\/\/diariotextual.com\/inicio\/index.php\/2018\/10\/05\/nobel-la-paz-una-exesclava-del-estados-islamico-medico\/"},"author":{"name":"Diario1 Diario1","@id":"https:\/\/diariotextual.com\/inicio\/#\/schema\/person\/418fc4093c33e86ed41562db3508f958"},"headline":"El Nobel de la Paz, a una exesclava del Estado Isl\u00e1mico y a un m\u00e9dico","datePublished":"2018-10-05T11:11:42+00:00","dateModified":"2018-10-05T12:52:24+00:00","mainEntityOfPage":{"@id":"https:\/\/diariotextual.com\/inicio\/index.php\/2018\/10\/05\/nobel-la-paz-una-exesclava-del-estados-islamico-medico\/"},"wordCount":393,"publisher":{"@id":"https:\/\/diariotextual.com\/inicio\/#organization"},"image":{"@id":"https:\/\/diariotextual.com\/inicio\/index.php\/2018\/10\/05\/nobel-la-paz-una-exesclava-del-estados-islamico-medico\/#primaryimage"},"thumbnailUrl":"https:\/\/diariotextual.com\/inicio\/wp-content\/uploads\/2018\/10\/nobeldelapaz2018-1.jpg","articleSection":["A - QUE PASA (al costado)","A - TEMPORALES","MUNDO"],"inLanguage":"es"},{"@type":"WebPage","@id":"https:\/\/diariotextual.com\/inicio\/index.php\/2018\/10\/05\/nobel-la-paz-una-exesclava-del-estados-islamico-medico\/","url":"https:\/\/diariotextual.com\/inicio\/index.php\/2018\/10\/05\/nobel-la-paz-una-exesclava-del-estados-islamico-medico\/","name":"El Nobel de la Paz, a una exesclava del Estado Isl\u00e1mico y a un m\u00e9dico - Diario Textual","isPartOf":{"@id":"https:\/\/diariotextual.com\/inicio\/#website"},"primaryImageOfPage":{"@id":"https:\/\/diariotextual.com\/inicio\/index.php\/2018\/10\/05\/nobel-la-paz-una-exesclava-del-estados-islamico-medico\/#primaryimage"},"image":{"@id":"https:\/\/diariotextual.com\/inicio\/index.php\/2018\/10\/05\/nobel-la-paz-una-exesclava-del-estados-islamico-medico\/#primaryimage"},"thumbnailUrl":"https:\/\/diariotextual.com\/inicio\/wp-content\/uploads\/2018\/10\/nobeldelapaz2018-1.jpg","datePublished":"2018-10-05T11:11:42+00:00","dateModified":"2018-10-05T12:52:24+00:00","breadcrumb":{"@id":"https:\/\/diariotextual.com\/inicio\/index.php\/2018\/10\/05\/nobel-la-paz-una-exesclava-del-estados-islamico-medico\/#breadcrumb"},"inLanguage":"es","potentialAction":[{"@type":"ReadAction","target":["https:\/\/diariotextual.com\/inicio\/index.php\/2018\/10\/05\/nobel-la-paz-una-exesclava-del-estados-islamico-medico\/"]}]},{"@type":"ImageObject","inLanguage":"es","@id":"https:\/\/diariotextual.com\/inicio\/index.php\/2018\/10\/05\/nobel-la-paz-una-exesclava-del-estados-islamico-medico\/#primaryimage","url":"https:\/\/diariotextual.com\/inicio\/wp-content\/uploads\/2018\/10\/nobeldelapaz2018-1.jpg","contentUrl":"https:\/\/diariotextual.com\/inicio\/wp-content\/uploads\/2018\/10\/nobeldelapaz2018-1.jpg","width":660,"height":495},{"@type":"BreadcrumbList","@id":"https:\/\/diariotextual.com\/inicio\/index.php\/2018\/10\/05\/nobel-la-paz-una-exesclava-del-estados-islamico-medico\/#breadcrumb","itemListElement":[{"@type":"ListItem","position":1,"name":"Portada","item":"https:\/\/diariotextual.com\/inicio\/"},{"@type":"ListItem","position":2,"name":"El Nobel de la Paz, a una exesclava del Estado Isl\u00e1mico y a un m\u00e9dico"}]},{"@type":"WebSite","@id":"https:\/\/diariotextual.com\/inicio\/#website","url":"https:\/\/diariotextual.com\/inicio\/","name":"Diario Textual","description":"","publisher":{"@id":"https:\/\/diariotextual.com\/inicio\/#organization"},"potentialAction":[{"@type":"SearchAction","target":{"@type":"EntryPoint","urlTemplate":"https:\/\/diariotextual.com\/inicio\/?s={search_term_string}"},"query-input":{"@type":"PropertyValueSpecification","valueRequired":true,"valueName":"search_term_string"}}],"inLanguage":"es"},{"@type":"Organization","@id":"https:\/\/diariotextual.com\/inicio\/#organization","name":"Diario Textual","url":"https:\/\/diariotextual.com\/inicio\/","logo":{"@type":"ImageObject","inLanguage":"es","@id":"https:\/\/diariotextual.com\/inicio\/#\/schema\/logo\/image\/","url":"https:\/\/diariotextual.com\/inicio\/wp-content\/uploads\/2023\/05\/logotextual1.jpg","contentUrl":"https:\/\/diariotextual.com\/inicio\/wp-content\/uploads\/2023\/05\/logotextual1.jpg","width":516,"height":76,"caption":"Diario Textual"},"image":{"@id":"https:\/\/diariotextual.com\/inicio\/#\/schema\/logo\/image\/"},"sameAs":["https:\/\/www.facebook.com\/eltextual","https:\/\/x.com\/eltextual","http:\/\/www.instagram.com\/eltextual"]},{"@type":"Person","@id":"https:\/\/diariotextual.com\/inicio\/#\/schema\/person\/418fc4093c33e86ed41562db3508f958","name":"Diario1 Diario1","image":{"@type":"ImageObject","inLanguage":"es","@id":"https:\/\/secure.gravatar.com\/avatar\/9167d280179c85bc18be67aa7eda765854300033af4896dd779b608640f2ef7a?s=96&d=mm&r=g","url":"https:\/\/secure.gravatar.com\/avatar\/9167d280179c85bc18be67aa7eda765854300033af4896dd779b608640f2ef7a?s=96&d=mm&r=g","contentUrl":"https:\/\/secure.gravatar.com\/avatar\/9167d280179c85bc18be67aa7eda765854300033af4896dd779b608640f2ef7a?s=96&d=mm&r=g","caption":"Diario1 Diario1"},"url":"https:\/\/diariotextual.com\/inicio\/index.php\/author\/diario1\/"}]}},"_links":{"self":[{"href":"https:\/\/diariotextual.com\/inicio\/index.php\/wp-json\/wp\/v2\/posts\/22527","targetHints":{"allow":["GET"]}}],"collection":[{"href":"https:\/\/diariotextual.com\/inicio\/index.php\/wp-json\/wp\/v2\/posts"}],"about":[{"href":"https:\/\/diariotextual.com\/inicio\/index.php\/wp-json\/wp\/v2\/types\/post"}],"author":[{"embeddable":true,"href":"https:\/\/diariotextual.com\/inicio\/index.php\/wp-json\/wp\/v2\/users\/3"}],"replies":[{"embeddable":true,"href":"https:\/\/diariotextual.com\/inicio\/index.php\/wp-json\/wp\/v2\/comments?post=22527"}],"version-history":[{"count":4,"href":"https:\/\/diariotextual.com\/inicio\/index.php\/wp-json\/wp\/v2\/posts\/22527\/revisions"}],"predecessor-version":[{"id":22532,"href":"https:\/\/diariotextual.com\/inicio\/index.php\/wp-json\/wp\/v2\/posts\/22527\/revisions\/22532"}],"wp:featuredmedia":[{"embeddable":true,"href":"https:\/\/diariotextual.com\/inicio\/index.php\/wp-json\/wp\/v2\/media\/22529"}],"wp:attachment":[{"href":"https:\/\/diariotextual.com\/inicio\/index.php\/wp-json\/wp\/v2\/media?parent=22527"}],"wp:term":[{"taxonomy":"category","embeddable":true,"href":"https:\/\/diariotextual.com\/inicio\/index.php\/wp-json\/wp\/v2\/categories?post=22527"},{"taxonomy":"post_tag","embeddable":true,"href":"https:\/\/diariotextual.com\/inicio\/index.php\/wp-json\/wp\/v2\/tags?post=22527"}],"curies":[{"name":"wp","href":"https:\/\/api.w.org\/{rel}","templated":true}]}}