{"id":22535,"date":"2018-10-05T08:52:54","date_gmt":"2018-10-05T11:52:54","guid":{"rendered":"http:\/\/diariotextual.com\/inicio\/?p=22535"},"modified":"2018-10-05T10:54:48","modified_gmt":"2018-10-05T13:54:48","slug":"marin-la-cabeza-pj-le-pide-macri-rehaga-presupuesto","status":"publish","type":"post","link":"https:\/\/diariotextual.com\/inicio\/index.php\/2018\/10\/05\/marin-la-cabeza-pj-le-pide-macri-rehaga-presupuesto\/","title":{"rendered":"Con Mar\u00edn a la cabeza, el PJ le pide a Macri que rehaga el Presupuesto"},"content":{"rendered":"<p>La Mesa de Acci\u00f3n Pol\u00edtica del Partido Justicialista, que encabeza el pampeano\u00a0<strong>Rub\u00e9n Mar\u00edn<\/strong>\u00a0junto al sanjuanino\u00a0<strong>Jos\u00e9 Luis Gioja<\/strong>\u00a0y el gobernador de Formosa,\u00a0<strong>Gildo Insfr\u00e1n,<\/strong>\u00a0resolvi\u00f3 que le pedir\u00e1 formalmente al Poder Ejecutivo que rehaga el Presupuesto 2019, al que calific\u00f3 como \u201cinvotable\u201d. El \u00f3rgano partidario buscar\u00e1 apoyos a esa iniciativa en otros sectores de la oposici\u00f3n.<\/p>\n<p>\u201cSolicitaremos al Ejecutivo que<strong> reenv\u00ede un nuevo Proyecto contemplando los intereses nacionales<\/strong>. Es el proyecto del FMI, no tiene en cuenta los reales intereses del pueblo argentino y ni siquiera cumple con los preceptos constitucionales\u00bb, dijeron los dirigentes que forman parte de la Mesa de Acci\u00f3n Pol\u00edtica, que se reunieron en la sede ubicada en la calle Matheu, seg\u00fan public\u00f3 <a href=\"https:\/\/www.letrap.com.ar\/nota\/2018-10-4-19-23-0-el-pj-le-pedira-formalmente-al-ejecutivo-que-rehaga-el-presupuesto\" target=\"_blank\" rel=\"noopener\"><strong>Letra P<\/strong><\/a>.<\/p>\n<p>El PJ intentar\u00e1 sumar a su iniciativa a otros bloques de la oposici\u00f3n que no forman parte del peronismo de manera org\u00e1nica, entre los que, cree, puede conseguir el apoyo de diputados del Frente Renovador.<\/p>\n<p>Adem\u00e1s de la resoluci\u00f3n en torno al Presupuesto, la Mesa de Acci\u00f3n Pol\u00edtica anunci\u00f3 la incorporaci\u00f3n de dos nuevos miembros plenos, los sindicalistas\u00a0<strong>Hugo Moyano<\/strong>\u00a0(Camioneros) y\u00a0<strong>Ricardo Pignanelli<\/strong>\u00a0(SMATA). \u00abSeguiremos trabajando para consolidar la unidad partidaria agrandando el espacio para que m\u00e1s compa\u00f1eros y compa\u00f1eras nos acompa\u00f1en a trabajar para derrotar a este modelo conservador-liberal que encarna este Gobierno\u00bb, dijeron los dirigentes.<\/p>\n<p>&nbsp;<\/p>\n<p>&nbsp;<\/p>\n","protected":false},"excerpt":{"rendered":"<p>La Mesa de Acci\u00f3n Pol\u00edtica del Partido Justicialista, que encabeza el pampeano\u00a0Rub\u00e9n Mar\u00edn\u00a0junto al sanjuanino\u00a0Jos\u00e9 Luis Gioja\u00a0y el gobernador de Formosa,\u00a0Gildo Insfr\u00e1n,\u00a0resolvi\u00f3 que le pedir\u00e1 formalmente al Poder Ejecutivo que&hellip;<\/p>\n","protected":false},"author":3,"featured_media":22536,"comment_status":"closed","ping_status":"open","sticky":false,"template":"","format":"standard","meta":{"_acf_changed":false,"footnotes":""},"categories":[4,11,8],"tags":[],"class_list":["post-22535","post","type-post","status-publish","format-standard","has-post-thumbnail","hentry","category-destacadas","category-que-pasa","category-politica"],"acf":[],"yoast_head":"<!-- This site is optimized with the Yoast SEO plugin v27.5 - https:\/\/yoast.com\/product\/yoast-seo-wordpress\/ -->\n<title>Con Mar\u00edn a la cabeza, el PJ le pide a Macri que rehaga el Presupuesto - Diario Textual<\/title>\n<meta name=\"robots\" content=\"index, follow, max-snippet:-1, max-image-preview:large, max-video-preview:-1\" \/>\n<link rel=\"canonical\" href=\"https:\/\/diariotextual.com\/inicio\/index.php\/2018\/10\/05\/marin-la-cabeza-pj-le-pide-macri-rehaga-presupuesto\/\" \/>\n<meta property=\"og:locale\" content=\"es_ES\" \/>\n<meta property=\"og:type\" content=\"article\" \/>\n<meta property=\"og:title\" content=\"Con Mar\u00edn a la cabeza, el PJ le pide a Macri que rehaga el Presupuesto - Diario Textual\" \/>\n<meta property=\"og:description\" content=\"La Mesa de Acci\u00f3n Pol\u00edtica del Partido Justicialista, que encabeza el pampeano\u00a0Rub\u00e9n Mar\u00edn\u00a0junto al sanjuanino\u00a0Jos\u00e9 Luis Gioja\u00a0y el gobernador de Formosa,\u00a0Gildo Insfr\u00e1n,\u00a0resolvi\u00f3 que le pedir\u00e1 formalmente al Poder Ejecutivo que&hellip;\" \/>\n<meta property=\"og:url\" content=\"https:\/\/diariotextual.com\/inicio\/index.php\/2018\/10\/05\/marin-la-cabeza-pj-le-pide-macri-rehaga-presupuesto\/\" \/>\n<meta property=\"og:site_name\" content=\"Diario Textual\" \/>\n<meta property=\"article:publisher\" content=\"https:\/\/www.facebook.com\/eltextual\" \/>\n<meta property=\"article:published_time\" content=\"2018-10-05T11:52:54+00:00\" \/>\n<meta property=\"article:modified_time\" content=\"2018-10-05T13:54:48+00:00\" \/>\n<meta property=\"og:image\" content=\"https:\/\/diariotextual.com\/inicio\/wp-content\/uploads\/2018\/10\/pjmesaaccionpoliticamarin1.jpg\" \/>\n\t<meta property=\"og:image:width\" content=\"1500\" \/>\n\t<meta property=\"og:image:height\" content=\"900\" \/>\n\t<meta property=\"og:image:type\" content=\"image\/jpeg\" \/>\n<meta name=\"author\" content=\"Diario1 Diario1\" \/>\n<meta name=\"twitter:card\" content=\"summary_large_image\" \/>\n<meta name=\"twitter:creator\" content=\"@eltextual\" \/>\n<meta name=\"twitter:site\" content=\"@eltextual\" \/>\n<meta name=\"twitter:label1\" content=\"Escrito por\" \/>\n\t<meta name=\"twitter:data1\" content=\"Diario1 Diario1\" \/>\n\t<meta name=\"twitter:label2\" content=\"Tiempo de lectura\" \/>\n\t<meta name=\"twitter:data2\" content=\"1 minuto\" \/>\n<script type=\"application\/ld+json\" class=\"yoast-schema-graph\">{\"@context\":\"https:\\\/\\\/schema.org\",\"@graph\":[{\"@type\":\"Article\",\"@id\":\"https:\\\/\\\/diariotextual.com\\\/inicio\\\/index.php\\\/2018\\\/10\\\/05\\\/marin-la-cabeza-pj-le-pide-macri-rehaga-presupuesto\\\/#article\",\"isPartOf\":{\"@id\":\"https:\\\/\\\/diariotextual.com\\\/inicio\\\/index.php\\\/2018\\\/10\\\/05\\\/marin-la-cabeza-pj-le-pide-macri-rehaga-presupuesto\\\/\"},\"author\":{\"name\":\"Diario1 Diario1\",\"@id\":\"https:\\\/\\\/diariotextual.com\\\/inicio\\\/#\\\/schema\\\/person\\\/418fc4093c33e86ed41562db3508f958\"},\"headline\":\"Con Mar\u00edn a la cabeza, el PJ le pide a Macri que rehaga el Presupuesto\",\"datePublished\":\"2018-10-05T11:52:54+00:00\",\"dateModified\":\"2018-10-05T13:54:48+00:00\",\"mainEntityOfPage\":{\"@id\":\"https:\\\/\\\/diariotextual.com\\\/inicio\\\/index.php\\\/2018\\\/10\\\/05\\\/marin-la-cabeza-pj-le-pide-macri-rehaga-presupuesto\\\/\"},\"wordCount\":257,\"publisher\":{\"@id\":\"https:\\\/\\\/diariotextual.com\\\/inicio\\\/#organization\"},\"image\":{\"@id\":\"https:\\\/\\\/diariotextual.com\\\/inicio\\\/index.php\\\/2018\\\/10\\\/05\\\/marin-la-cabeza-pj-le-pide-macri-rehaga-presupuesto\\\/#primaryimage\"},\"thumbnailUrl\":\"https:\\\/\\\/diariotextual.com\\\/inicio\\\/wp-content\\\/uploads\\\/2018\\\/10\\\/pjmesaaccionpoliticamarin1.jpg\",\"articleSection\":[\"A - DESTACADAS (mod 16)\",\"A - QUE PASA (al costado)\",\"POLITICA\"],\"inLanguage\":\"es\"},{\"@type\":\"WebPage\",\"@id\":\"https:\\\/\\\/diariotextual.com\\\/inicio\\\/index.php\\\/2018\\\/10\\\/05\\\/marin-la-cabeza-pj-le-pide-macri-rehaga-presupuesto\\\/\",\"url\":\"https:\\\/\\\/diariotextual.com\\\/inicio\\\/index.php\\\/2018\\\/10\\\/05\\\/marin-la-cabeza-pj-le-pide-macri-rehaga-presupuesto\\\/\",\"name\":\"Con Mar\u00edn a la cabeza, el PJ le pide a Macri que rehaga el Presupuesto - Diario Textual\",\"isPartOf\":{\"@id\":\"https:\\\/\\\/diariotextual.com\\\/inicio\\\/#website\"},\"primaryImageOfPage\":{\"@id\":\"https:\\\/\\\/diariotextual.com\\\/inicio\\\/index.php\\\/2018\\\/10\\\/05\\\/marin-la-cabeza-pj-le-pide-macri-rehaga-presupuesto\\\/#primaryimage\"},\"image\":{\"@id\":\"https:\\\/\\\/diariotextual.com\\\/inicio\\\/index.php\\\/2018\\\/10\\\/05\\\/marin-la-cabeza-pj-le-pide-macri-rehaga-presupuesto\\\/#primaryimage\"},\"thumbnailUrl\":\"https:\\\/\\\/diariotextual.com\\\/inicio\\\/wp-content\\\/uploads\\\/2018\\\/10\\\/pjmesaaccionpoliticamarin1.jpg\",\"datePublished\":\"2018-10-05T11:52:54+00:00\",\"dateModified\":\"2018-10-05T13:54:48+00:00\",\"breadcrumb\":{\"@id\":\"https:\\\/\\\/diariotextual.com\\\/inicio\\\/index.php\\\/2018\\\/10\\\/05\\\/marin-la-cabeza-pj-le-pide-macri-rehaga-presupuesto\\\/#breadcrumb\"},\"inLanguage\":\"es\",\"potentialAction\":[{\"@type\":\"ReadAction\",\"target\":[\"https:\\\/\\\/diariotextual.com\\\/inicio\\\/index.php\\\/2018\\\/10\\\/05\\\/marin-la-cabeza-pj-le-pide-macri-rehaga-presupuesto\\\/\"]}]},{\"@type\":\"ImageObject\",\"inLanguage\":\"es\",\"@id\":\"https:\\\/\\\/diariotextual.com\\\/inicio\\\/index.php\\\/2018\\\/10\\\/05\\\/marin-la-cabeza-pj-le-pide-macri-rehaga-presupuesto\\\/#primaryimage\",\"url\":\"https:\\\/\\\/diariotextual.com\\\/inicio\\\/wp-content\\\/uploads\\\/2018\\\/10\\\/pjmesaaccionpoliticamarin1.jpg\",\"contentUrl\":\"https:\\\/\\\/diariotextual.com\\\/inicio\\\/wp-content\\\/uploads\\\/2018\\\/10\\\/pjmesaaccionpoliticamarin1.jpg\",\"width\":1500,\"height\":900},{\"@type\":\"BreadcrumbList\",\"@id\":\"https:\\\/\\\/diariotextual.com\\\/inicio\\\/index.php\\\/2018\\\/10\\\/05\\\/marin-la-cabeza-pj-le-pide-macri-rehaga-presupuesto\\\/#breadcrumb\",\"itemListElement\":[{\"@type\":\"ListItem\",\"position\":1,\"name\":\"Portada\",\"item\":\"https:\\\/\\\/diariotextual.com\\\/inicio\\\/\"},{\"@type\":\"ListItem\",\"position\":2,\"name\":\"Con Mar\u00edn a la cabeza, el PJ le pide a Macri que rehaga el Presupuesto\"}]},{\"@type\":\"WebSite\",\"@id\":\"https:\\\/\\\/diariotextual.com\\\/inicio\\\/#website\",\"url\":\"https:\\\/\\\/diariotextual.com\\\/inicio\\\/\",\"name\":\"Diario Textual\",\"description\":\"\",\"publisher\":{\"@id\":\"https:\\\/\\\/diariotextual.com\\\/inicio\\\/#organization\"},\"potentialAction\":[{\"@type\":\"SearchAction\",\"target\":{\"@type\":\"EntryPoint\",\"urlTemplate\":\"https:\\\/\\\/diariotextual.com\\\/inicio\\\/?s={search_term_string}\"},\"query-input\":{\"@type\":\"PropertyValueSpecification\",\"valueRequired\":true,\"valueName\":\"search_term_string\"}}],\"inLanguage\":\"es\"},{\"@type\":\"Organization\",\"@id\":\"https:\\\/\\\/diariotextual.com\\\/inicio\\\/#organization\",\"name\":\"Diario Textual\",\"url\":\"https:\\\/\\\/diariotextual.com\\\/inicio\\\/\",\"logo\":{\"@type\":\"ImageObject\",\"inLanguage\":\"es\",\"@id\":\"https:\\\/\\\/diariotextual.com\\\/inicio\\\/#\\\/schema\\\/logo\\\/image\\\/\",\"url\":\"https:\\\/\\\/diariotextual.com\\\/inicio\\\/wp-content\\\/uploads\\\/2023\\\/05\\\/logotextual1.jpg\",\"contentUrl\":\"https:\\\/\\\/diariotextual.com\\\/inicio\\\/wp-content\\\/uploads\\\/2023\\\/05\\\/logotextual1.jpg\",\"width\":516,\"height\":76,\"caption\":\"Diario Textual\"},\"image\":{\"@id\":\"https:\\\/\\\/diariotextual.com\\\/inicio\\\/#\\\/schema\\\/logo\\\/image\\\/\"},\"sameAs\":[\"https:\\\/\\\/www.facebook.com\\\/eltextual\",\"https:\\\/\\\/x.com\\\/eltextual\",\"http:\\\/\\\/www.instagram.com\\\/eltextual\"]},{\"@type\":\"Person\",\"@id\":\"https:\\\/\\\/diariotextual.com\\\/inicio\\\/#\\\/schema\\\/person\\\/418fc4093c33e86ed41562db3508f958\",\"name\":\"Diario1 Diario1\",\"image\":{\"@type\":\"ImageObject\",\"inLanguage\":\"es\",\"@id\":\"https:\\\/\\\/secure.gravatar.com\\\/avatar\\\/9167d280179c85bc18be67aa7eda765854300033af4896dd779b608640f2ef7a?s=96&d=mm&r=g\",\"url\":\"https:\\\/\\\/secure.gravatar.com\\\/avatar\\\/9167d280179c85bc18be67aa7eda765854300033af4896dd779b608640f2ef7a?s=96&d=mm&r=g\",\"contentUrl\":\"https:\\\/\\\/secure.gravatar.com\\\/avatar\\\/9167d280179c85bc18be67aa7eda765854300033af4896dd779b608640f2ef7a?s=96&d=mm&r=g\",\"caption\":\"Diario1 Diario1\"},\"url\":\"https:\\\/\\\/diariotextual.com\\\/inicio\\\/index.php\\\/author\\\/diario1\\\/\"}]}<\/script>\n<!-- \/ Yoast SEO plugin. -->","yoast_head_json":{"title":"Con Mar\u00edn a la cabeza, el PJ le pide a Macri que rehaga el Presupuesto - Diario Textual","robots":{"index":"index","follow":"follow","max-snippet":"max-snippet:-1","max-image-preview":"max-image-preview:large","max-video-preview":"max-video-preview:-1"},"canonical":"https:\/\/diariotextual.com\/inicio\/index.php\/2018\/10\/05\/marin-la-cabeza-pj-le-pide-macri-rehaga-presupuesto\/","og_locale":"es_ES","og_type":"article","og_title":"Con Mar\u00edn a la cabeza, el PJ le pide a Macri que rehaga el Presupuesto - Diario Textual","og_description":"La Mesa de Acci\u00f3n Pol\u00edtica del Partido Justicialista, que encabeza el pampeano\u00a0Rub\u00e9n Mar\u00edn\u00a0junto al sanjuanino\u00a0Jos\u00e9 Luis Gioja\u00a0y el gobernador de Formosa,\u00a0Gildo Insfr\u00e1n,\u00a0resolvi\u00f3 que le pedir\u00e1 formalmente al Poder Ejecutivo que&hellip;","og_url":"https:\/\/diariotextual.com\/inicio\/index.php\/2018\/10\/05\/marin-la-cabeza-pj-le-pide-macri-rehaga-presupuesto\/","og_site_name":"Diario Textual","article_publisher":"https:\/\/www.facebook.com\/eltextual","article_published_time":"2018-10-05T11:52:54+00:00","article_modified_time":"2018-10-05T13:54:48+00:00","og_image":[{"width":1500,"height":900,"url":"https:\/\/diariotextual.com\/inicio\/wp-content\/uploads\/2018\/10\/pjmesaaccionpoliticamarin1.jpg","type":"image\/jpeg"}],"author":"Diario1 Diario1","twitter_card":"summary_large_image","twitter_creator":"@eltextual","twitter_site":"@eltextual","twitter_misc":{"Escrito por":"Diario1 Diario1","Tiempo de lectura":"1 minuto"},"schema":{"@context":"https:\/\/schema.org","@graph":[{"@type":"Article","@id":"https:\/\/diariotextual.com\/inicio\/index.php\/2018\/10\/05\/marin-la-cabeza-pj-le-pide-macri-rehaga-presupuesto\/#article","isPartOf":{"@id":"https:\/\/diariotextual.com\/inicio\/index.php\/2018\/10\/05\/marin-la-cabeza-pj-le-pide-macri-rehaga-presupuesto\/"},"author":{"name":"Diario1 Diario1","@id":"https:\/\/diariotextual.com\/inicio\/#\/schema\/person\/418fc4093c33e86ed41562db3508f958"},"headline":"Con Mar\u00edn a la cabeza, el PJ le pide a Macri que rehaga el Presupuesto","datePublished":"2018-10-05T11:52:54+00:00","dateModified":"2018-10-05T13:54:48+00:00","mainEntityOfPage":{"@id":"https:\/\/diariotextual.com\/inicio\/index.php\/2018\/10\/05\/marin-la-cabeza-pj-le-pide-macri-rehaga-presupuesto\/"},"wordCount":257,"publisher":{"@id":"https:\/\/diariotextual.com\/inicio\/#organization"},"image":{"@id":"https:\/\/diariotextual.com\/inicio\/index.php\/2018\/10\/05\/marin-la-cabeza-pj-le-pide-macri-rehaga-presupuesto\/#primaryimage"},"thumbnailUrl":"https:\/\/diariotextual.com\/inicio\/wp-content\/uploads\/2018\/10\/pjmesaaccionpoliticamarin1.jpg","articleSection":["A - DESTACADAS (mod 16)","A - QUE PASA (al costado)","POLITICA"],"inLanguage":"es"},{"@type":"WebPage","@id":"https:\/\/diariotextual.com\/inicio\/index.php\/2018\/10\/05\/marin-la-cabeza-pj-le-pide-macri-rehaga-presupuesto\/","url":"https:\/\/diariotextual.com\/inicio\/index.php\/2018\/10\/05\/marin-la-cabeza-pj-le-pide-macri-rehaga-presupuesto\/","name":"Con Mar\u00edn a la cabeza, el PJ le pide a Macri que rehaga el Presupuesto - Diario Textual","isPartOf":{"@id":"https:\/\/diariotextual.com\/inicio\/#website"},"primaryImageOfPage":{"@id":"https:\/\/diariotextual.com\/inicio\/index.php\/2018\/10\/05\/marin-la-cabeza-pj-le-pide-macri-rehaga-presupuesto\/#primaryimage"},"image":{"@id":"https:\/\/diariotextual.com\/inicio\/index.php\/2018\/10\/05\/marin-la-cabeza-pj-le-pide-macri-rehaga-presupuesto\/#primaryimage"},"thumbnailUrl":"https:\/\/diariotextual.com\/inicio\/wp-content\/uploads\/2018\/10\/pjmesaaccionpoliticamarin1.jpg","datePublished":"2018-10-05T11:52:54+00:00","dateModified":"2018-10-05T13:54:48+00:00","breadcrumb":{"@id":"https:\/\/diariotextual.com\/inicio\/index.php\/2018\/10\/05\/marin-la-cabeza-pj-le-pide-macri-rehaga-presupuesto\/#breadcrumb"},"inLanguage":"es","potentialAction":[{"@type":"ReadAction","target":["https:\/\/diariotextual.com\/inicio\/index.php\/2018\/10\/05\/marin-la-cabeza-pj-le-pide-macri-rehaga-presupuesto\/"]}]},{"@type":"ImageObject","inLanguage":"es","@id":"https:\/\/diariotextual.com\/inicio\/index.php\/2018\/10\/05\/marin-la-cabeza-pj-le-pide-macri-rehaga-presupuesto\/#primaryimage","url":"https:\/\/diariotextual.com\/inicio\/wp-content\/uploads\/2018\/10\/pjmesaaccionpoliticamarin1.jpg","contentUrl":"https:\/\/diariotextual.com\/inicio\/wp-content\/uploads\/2018\/10\/pjmesaaccionpoliticamarin1.jpg","width":1500,"height":900},{"@type":"BreadcrumbList","@id":"https:\/\/diariotextual.com\/inicio\/index.php\/2018\/10\/05\/marin-la-cabeza-pj-le-pide-macri-rehaga-presupuesto\/#breadcrumb","itemListElement":[{"@type":"ListItem","position":1,"name":"Portada","item":"https:\/\/diariotextual.com\/inicio\/"},{"@type":"ListItem","position":2,"name":"Con Mar\u00edn a la cabeza, el PJ le pide a Macri que rehaga el Presupuesto"}]},{"@type":"WebSite","@id":"https:\/\/diariotextual.com\/inicio\/#website","url":"https:\/\/diariotextual.com\/inicio\/","name":"Diario Textual","description":"","publisher":{"@id":"https:\/\/diariotextual.com\/inicio\/#organization"},"potentialAction":[{"@type":"SearchAction","target":{"@type":"EntryPoint","urlTemplate":"https:\/\/diariotextual.com\/inicio\/?s={search_term_string}"},"query-input":{"@type":"PropertyValueSpecification","valueRequired":true,"valueName":"search_term_string"}}],"inLanguage":"es"},{"@type":"Organization","@id":"https:\/\/diariotextual.com\/inicio\/#organization","name":"Diario Textual","url":"https:\/\/diariotextual.com\/inicio\/","logo":{"@type":"ImageObject","inLanguage":"es","@id":"https:\/\/diariotextual.com\/inicio\/#\/schema\/logo\/image\/","url":"https:\/\/diariotextual.com\/inicio\/wp-content\/uploads\/2023\/05\/logotextual1.jpg","contentUrl":"https:\/\/diariotextual.com\/inicio\/wp-content\/uploads\/2023\/05\/logotextual1.jpg","width":516,"height":76,"caption":"Diario Textual"},"image":{"@id":"https:\/\/diariotextual.com\/inicio\/#\/schema\/logo\/image\/"},"sameAs":["https:\/\/www.facebook.com\/eltextual","https:\/\/x.com\/eltextual","http:\/\/www.instagram.com\/eltextual"]},{"@type":"Person","@id":"https:\/\/diariotextual.com\/inicio\/#\/schema\/person\/418fc4093c33e86ed41562db3508f958","name":"Diario1 Diario1","image":{"@type":"ImageObject","inLanguage":"es","@id":"https:\/\/secure.gravatar.com\/avatar\/9167d280179c85bc18be67aa7eda765854300033af4896dd779b608640f2ef7a?s=96&d=mm&r=g","url":"https:\/\/secure.gravatar.com\/avatar\/9167d280179c85bc18be67aa7eda765854300033af4896dd779b608640f2ef7a?s=96&d=mm&r=g","contentUrl":"https:\/\/secure.gravatar.com\/avatar\/9167d280179c85bc18be67aa7eda765854300033af4896dd779b608640f2ef7a?s=96&d=mm&r=g","caption":"Diario1 Diario1"},"url":"https:\/\/diariotextual.com\/inicio\/index.php\/author\/diario1\/"}]}},"_links":{"self":[{"href":"https:\/\/diariotextual.com\/inicio\/index.php\/wp-json\/wp\/v2\/posts\/22535","targetHints":{"allow":["GET"]}}],"collection":[{"href":"https:\/\/diariotextual.com\/inicio\/index.php\/wp-json\/wp\/v2\/posts"}],"about":[{"href":"https:\/\/diariotextual.com\/inicio\/index.php\/wp-json\/wp\/v2\/types\/post"}],"author":[{"embeddable":true,"href":"https:\/\/diariotextual.com\/inicio\/index.php\/wp-json\/wp\/v2\/users\/3"}],"replies":[{"embeddable":true,"href":"https:\/\/diariotextual.com\/inicio\/index.php\/wp-json\/wp\/v2\/comments?post=22535"}],"version-history":[{"count":1,"href":"https:\/\/diariotextual.com\/inicio\/index.php\/wp-json\/wp\/v2\/posts\/22535\/revisions"}],"predecessor-version":[{"id":22537,"href":"https:\/\/diariotextual.com\/inicio\/index.php\/wp-json\/wp\/v2\/posts\/22535\/revisions\/22537"}],"wp:featuredmedia":[{"embeddable":true,"href":"https:\/\/diariotextual.com\/inicio\/index.php\/wp-json\/wp\/v2\/media\/22536"}],"wp:attachment":[{"href":"https:\/\/diariotextual.com\/inicio\/index.php\/wp-json\/wp\/v2\/media?parent=22535"}],"wp:term":[{"taxonomy":"category","embeddable":true,"href":"https:\/\/diariotextual.com\/inicio\/index.php\/wp-json\/wp\/v2\/categories?post=22535"},{"taxonomy":"post_tag","embeddable":true,"href":"https:\/\/diariotextual.com\/inicio\/index.php\/wp-json\/wp\/v2\/tags?post=22535"}],"curies":[{"name":"wp","href":"https:\/\/api.w.org\/{rel}","templated":true}]}}