{"id":225452,"date":"2023-05-15T13:15:45","date_gmt":"2023-05-15T16:15:45","guid":{"rendered":"https:\/\/diariotextual.com\/inicio\/?p=225452"},"modified":"2023-05-15T13:15:49","modified_gmt":"2023-05-15T16:15:49","slug":"dos-jovenes-condenados-por-querer-robar-un-celular-y-darle-puntazos-a-la-victima","status":"publish","type":"post","link":"https:\/\/diariotextual.com\/inicio\/index.php\/2023\/05\/15\/dos-jovenes-condenados-por-querer-robar-un-celular-y-darle-puntazos-a-la-victima\/","title":{"rendered":"Dos j\u00f3venes condenados por querer robar un celular y darle puntazos a la v\u00edctima"},"content":{"rendered":"\n<p>Dos j\u00f3venes de 20 y 23 a\u00f1os fueron condenados hoy con prisi\u00f3n efectiva <strong>por haber agredido con puntazos a un adolescente de 18 durante un intento por robarle el celular<\/strong>. Adem\u00e1s, a una de los imputados, que estaba en libertad condicional, se le unific\u00f3 la pena con otra anterior.<\/p>\n\n\n\n<p>Alejo Ezequiel Otamendi Fern\u00e1ndez (20) y Axel Agust\u00edn Pintos (23) recibieron dos a\u00f1os y seis meses de prisi\u00f3n de cumplimiento efectivo, por ser coautores del delito de robo calificado por la utilizaci\u00f3n de un arma en grado de tentativa y, a su vez, fueron declarados reincidentes.<\/p>\n\n\n\n<p>En el caso de Pintos, que en octubre de 2021 hab\u00eda recibido otra condena de dos a\u00f1os y seis meses y que desde agosto del a\u00f1o pasado gozaba del beneficio de la libertad condicional, se le sumaron ambas penas en una \u00fanica a tres a\u00f1os, once meses y 18 d\u00edas de prisi\u00f3n.<\/p>\n\n\n\n<p>Los hechos ocurrieron el 7 de marzo, pasado el mediod\u00eda, en el barrio Plan 5000, cuando <strong>un joven de 18 a\u00f1os iba desde el colegio \u201cEdgar Morisoli\u201d hacia el polideportivo de la zona. En esas circunstancias fue interceptado por ambos acusados, quienes le sustrajeron un celular. La v\u00edctima los persigui\u00f3 a pie y cuando les pidi\u00f3 que le devuelvan el tel\u00e9fono, los agresores comenzaron a pegarles con los pu\u00f1os, lo tiraron al piso, le dieron patadas en la cabeza y le propinaron puntazos en los brazos y en el costal izquierdo.<\/strong><\/p>\n\n\n\n<p>Cuando una persona acudi\u00f3 a ayudarlo, Otamendi Fern\u00e1ndez y Pintos huyeron y fueron detenidos por la polic\u00eda en Varela y Utrac\u00e1n, luego que se desprendieran del celular y del punz\u00f3n.<\/p>\n\n\n\n<p>La sentencia condenatoria fue dictada por el juez de audiencia santarrose\u00f1o, Daniel S\u00e1ez Zamora, a partir de un acuerdo de juicio abreviado presentado por la fiscala Leticia Pordomingo y la defensora oficial Gabriela Brizzi, con el consentimiento de los imputados, quienes aceptaron su responsabilidad penal.<\/p>\n\n\n\n<p>\u201cCon respecto a la pena pretendida por la fiscal\u00eda, si bien est\u00e1 dentro de lo legalmente previsto, no puedo apartarme de lo acordado\u201d por las limitaciones que prev\u00e9 el C\u00f3digo Procesal Penal, se\u00f1al\u00f3 S\u00e1ez Zamora en el fallo.<\/p>\n\n\n\n<p>\u201cEn cuanto a la situaci\u00f3n de los antecedentes de cada uno de los acusados, entiendo que, en funci\u00f3n de ellos y lo dispuesto por el art\u00edculo 50 del C\u00f3digo Penal, ambos incurrieron en un nuevo delito dentro de los plazos all\u00ed establecidos, por lo que corresponde mantenerles la condici\u00f3n de reincidentes\u201d, concluy\u00f3.\u200b<\/p>\n","protected":false},"excerpt":{"rendered":"<p>Dos j\u00f3venes de 20 y 23 a\u00f1os fueron condenados hoy con prisi\u00f3n efectiva por haber agredido con puntazos a un adolescente de 18 durante un intento por robarle el celular.&hellip;<\/p>\n","protected":false},"author":4,"featured_media":58311,"comment_status":"closed","ping_status":"open","sticky":false,"template":"","format":"standard","meta":{"_acf_changed":false,"footnotes":""},"categories":[1,12],"tags":[],"class_list":["post-225452","post","type-post","status-publish","format-standard","has-post-thumbnail","hentry","category-es-noticia","category-sociedad"],"acf":[],"yoast_head":"<!-- This site is optimized with the Yoast SEO plugin v27.5 - https:\/\/yoast.com\/product\/yoast-seo-wordpress\/ -->\n<title>Dos j\u00f3venes condenados por querer robar un celular y darle puntazos a la v\u00edctima - Diario Textual<\/title>\n<meta name=\"robots\" content=\"index, follow, max-snippet:-1, max-image-preview:large, max-video-preview:-1\" \/>\n<link rel=\"canonical\" href=\"https:\/\/diariotextual.com\/inicio\/index.php\/2023\/05\/15\/dos-jovenes-condenados-por-querer-robar-un-celular-y-darle-puntazos-a-la-victima\/\" \/>\n<meta property=\"og:locale\" content=\"es_ES\" \/>\n<meta property=\"og:type\" content=\"article\" \/>\n<meta property=\"og:title\" content=\"Dos j\u00f3venes condenados por querer robar un celular y darle puntazos a la v\u00edctima - Diario Textual\" \/>\n<meta property=\"og:description\" content=\"Dos j\u00f3venes de 20 y 23 a\u00f1os fueron condenados hoy con prisi\u00f3n efectiva por haber agredido con puntazos a un adolescente de 18 durante un intento por robarle el celular.&hellip;\" \/>\n<meta property=\"og:url\" content=\"https:\/\/diariotextual.com\/inicio\/index.php\/2023\/05\/15\/dos-jovenes-condenados-por-querer-robar-un-celular-y-darle-puntazos-a-la-victima\/\" \/>\n<meta property=\"og:site_name\" content=\"Diario Textual\" \/>\n<meta property=\"article:publisher\" content=\"https:\/\/www.facebook.com\/eltextual\" \/>\n<meta property=\"article:published_time\" content=\"2023-05-15T16:15:45+00:00\" \/>\n<meta property=\"article:modified_time\" content=\"2023-05-15T16:15:49+00:00\" \/>\n<meta property=\"og:image\" content=\"https:\/\/diariotextual.com\/inicio\/wp-content\/uploads\/2019\/08\/robocartera.jpg\" \/>\n\t<meta property=\"og:image:width\" content=\"1140\" \/>\n\t<meta property=\"og:image:height\" content=\"550\" \/>\n\t<meta property=\"og:image:type\" content=\"image\/jpeg\" \/>\n<meta name=\"author\" content=\"diario2\" \/>\n<meta name=\"twitter:card\" content=\"summary_large_image\" \/>\n<meta name=\"twitter:creator\" content=\"@eltextual\" \/>\n<meta name=\"twitter:site\" content=\"@eltextual\" \/>\n<meta name=\"twitter:label1\" content=\"Escrito por\" \/>\n\t<meta name=\"twitter:data1\" content=\"diario2\" \/>\n\t<meta name=\"twitter:label2\" content=\"Tiempo de lectura\" \/>\n\t<meta name=\"twitter:data2\" content=\"2 minutos\" \/>\n<script type=\"application\/ld+json\" class=\"yoast-schema-graph\">{\"@context\":\"https:\\\/\\\/schema.org\",\"@graph\":[{\"@type\":\"Article\",\"@id\":\"https:\\\/\\\/diariotextual.com\\\/inicio\\\/index.php\\\/2023\\\/05\\\/15\\\/dos-jovenes-condenados-por-querer-robar-un-celular-y-darle-puntazos-a-la-victima\\\/#article\",\"isPartOf\":{\"@id\":\"https:\\\/\\\/diariotextual.com\\\/inicio\\\/index.php\\\/2023\\\/05\\\/15\\\/dos-jovenes-condenados-por-querer-robar-un-celular-y-darle-puntazos-a-la-victima\\\/\"},\"author\":{\"name\":\"diario2\",\"@id\":\"https:\\\/\\\/diariotextual.com\\\/inicio\\\/#\\\/schema\\\/person\\\/694f60677f23c4a530867a98f22b3768\"},\"headline\":\"Dos j\u00f3venes condenados por querer robar un celular y darle puntazos a la v\u00edctima\",\"datePublished\":\"2023-05-15T16:15:45+00:00\",\"dateModified\":\"2023-05-15T16:15:49+00:00\",\"mainEntityOfPage\":{\"@id\":\"https:\\\/\\\/diariotextual.com\\\/inicio\\\/index.php\\\/2023\\\/05\\\/15\\\/dos-jovenes-condenados-por-querer-robar-un-celular-y-darle-puntazos-a-la-victima\\\/\"},\"wordCount\":443,\"publisher\":{\"@id\":\"https:\\\/\\\/diariotextual.com\\\/inicio\\\/#organization\"},\"image\":{\"@id\":\"https:\\\/\\\/diariotextual.com\\\/inicio\\\/index.php\\\/2023\\\/05\\\/15\\\/dos-jovenes-condenados-por-querer-robar-un-celular-y-darle-puntazos-a-la-victima\\\/#primaryimage\"},\"thumbnailUrl\":\"https:\\\/\\\/diariotextual.com\\\/inicio\\\/wp-content\\\/uploads\\\/2019\\\/08\\\/robocartera.jpg\",\"articleSection\":[\"A - ES NOTICIA (van abajo)\",\"SOCIEDAD\"],\"inLanguage\":\"es\"},{\"@type\":\"WebPage\",\"@id\":\"https:\\\/\\\/diariotextual.com\\\/inicio\\\/index.php\\\/2023\\\/05\\\/15\\\/dos-jovenes-condenados-por-querer-robar-un-celular-y-darle-puntazos-a-la-victima\\\/\",\"url\":\"https:\\\/\\\/diariotextual.com\\\/inicio\\\/index.php\\\/2023\\\/05\\\/15\\\/dos-jovenes-condenados-por-querer-robar-un-celular-y-darle-puntazos-a-la-victima\\\/\",\"name\":\"Dos j\u00f3venes condenados por querer robar un celular y darle puntazos a la v\u00edctima - Diario Textual\",\"isPartOf\":{\"@id\":\"https:\\\/\\\/diariotextual.com\\\/inicio\\\/#website\"},\"primaryImageOfPage\":{\"@id\":\"https:\\\/\\\/diariotextual.com\\\/inicio\\\/index.php\\\/2023\\\/05\\\/15\\\/dos-jovenes-condenados-por-querer-robar-un-celular-y-darle-puntazos-a-la-victima\\\/#primaryimage\"},\"image\":{\"@id\":\"https:\\\/\\\/diariotextual.com\\\/inicio\\\/index.php\\\/2023\\\/05\\\/15\\\/dos-jovenes-condenados-por-querer-robar-un-celular-y-darle-puntazos-a-la-victima\\\/#primaryimage\"},\"thumbnailUrl\":\"https:\\\/\\\/diariotextual.com\\\/inicio\\\/wp-content\\\/uploads\\\/2019\\\/08\\\/robocartera.jpg\",\"datePublished\":\"2023-05-15T16:15:45+00:00\",\"dateModified\":\"2023-05-15T16:15:49+00:00\",\"breadcrumb\":{\"@id\":\"https:\\\/\\\/diariotextual.com\\\/inicio\\\/index.php\\\/2023\\\/05\\\/15\\\/dos-jovenes-condenados-por-querer-robar-un-celular-y-darle-puntazos-a-la-victima\\\/#breadcrumb\"},\"inLanguage\":\"es\",\"potentialAction\":[{\"@type\":\"ReadAction\",\"target\":[\"https:\\\/\\\/diariotextual.com\\\/inicio\\\/index.php\\\/2023\\\/05\\\/15\\\/dos-jovenes-condenados-por-querer-robar-un-celular-y-darle-puntazos-a-la-victima\\\/\"]}]},{\"@type\":\"ImageObject\",\"inLanguage\":\"es\",\"@id\":\"https:\\\/\\\/diariotextual.com\\\/inicio\\\/index.php\\\/2023\\\/05\\\/15\\\/dos-jovenes-condenados-por-querer-robar-un-celular-y-darle-puntazos-a-la-victima\\\/#primaryimage\",\"url\":\"https:\\\/\\\/diariotextual.com\\\/inicio\\\/wp-content\\\/uploads\\\/2019\\\/08\\\/robocartera.jpg\",\"contentUrl\":\"https:\\\/\\\/diariotextual.com\\\/inicio\\\/wp-content\\\/uploads\\\/2019\\\/08\\\/robocartera.jpg\",\"width\":1140,\"height\":550},{\"@type\":\"BreadcrumbList\",\"@id\":\"https:\\\/\\\/diariotextual.com\\\/inicio\\\/index.php\\\/2023\\\/05\\\/15\\\/dos-jovenes-condenados-por-querer-robar-un-celular-y-darle-puntazos-a-la-victima\\\/#breadcrumb\",\"itemListElement\":[{\"@type\":\"ListItem\",\"position\":1,\"name\":\"Portada\",\"item\":\"https:\\\/\\\/diariotextual.com\\\/inicio\\\/\"},{\"@type\":\"ListItem\",\"position\":2,\"name\":\"Dos j\u00f3venes condenados por querer robar un celular y darle puntazos a la v\u00edctima\"}]},{\"@type\":\"WebSite\",\"@id\":\"https:\\\/\\\/diariotextual.com\\\/inicio\\\/#website\",\"url\":\"https:\\\/\\\/diariotextual.com\\\/inicio\\\/\",\"name\":\"Diario Textual\",\"description\":\"\",\"publisher\":{\"@id\":\"https:\\\/\\\/diariotextual.com\\\/inicio\\\/#organization\"},\"potentialAction\":[{\"@type\":\"SearchAction\",\"target\":{\"@type\":\"EntryPoint\",\"urlTemplate\":\"https:\\\/\\\/diariotextual.com\\\/inicio\\\/?s={search_term_string}\"},\"query-input\":{\"@type\":\"PropertyValueSpecification\",\"valueRequired\":true,\"valueName\":\"search_term_string\"}}],\"inLanguage\":\"es\"},{\"@type\":\"Organization\",\"@id\":\"https:\\\/\\\/diariotextual.com\\\/inicio\\\/#organization\",\"name\":\"Diario Textual\",\"url\":\"https:\\\/\\\/diariotextual.com\\\/inicio\\\/\",\"logo\":{\"@type\":\"ImageObject\",\"inLanguage\":\"es\",\"@id\":\"https:\\\/\\\/diariotextual.com\\\/inicio\\\/#\\\/schema\\\/logo\\\/image\\\/\",\"url\":\"https:\\\/\\\/diariotextual.com\\\/inicio\\\/wp-content\\\/uploads\\\/2023\\\/05\\\/logotextual1.jpg\",\"contentUrl\":\"https:\\\/\\\/diariotextual.com\\\/inicio\\\/wp-content\\\/uploads\\\/2023\\\/05\\\/logotextual1.jpg\",\"width\":516,\"height\":76,\"caption\":\"Diario Textual\"},\"image\":{\"@id\":\"https:\\\/\\\/diariotextual.com\\\/inicio\\\/#\\\/schema\\\/logo\\\/image\\\/\"},\"sameAs\":[\"https:\\\/\\\/www.facebook.com\\\/eltextual\",\"https:\\\/\\\/x.com\\\/eltextual\",\"http:\\\/\\\/www.instagram.com\\\/eltextual\"]},{\"@type\":\"Person\",\"@id\":\"https:\\\/\\\/diariotextual.com\\\/inicio\\\/#\\\/schema\\\/person\\\/694f60677f23c4a530867a98f22b3768\",\"name\":\"diario2\",\"image\":{\"@type\":\"ImageObject\",\"inLanguage\":\"es\",\"@id\":\"https:\\\/\\\/secure.gravatar.com\\\/avatar\\\/5a2567495ba16b852fcd8f1ed006a2e24fcace936018ed8237e95f488ad6e0a7?s=96&d=mm&r=g\",\"url\":\"https:\\\/\\\/secure.gravatar.com\\\/avatar\\\/5a2567495ba16b852fcd8f1ed006a2e24fcace936018ed8237e95f488ad6e0a7?s=96&d=mm&r=g\",\"contentUrl\":\"https:\\\/\\\/secure.gravatar.com\\\/avatar\\\/5a2567495ba16b852fcd8f1ed006a2e24fcace936018ed8237e95f488ad6e0a7?s=96&d=mm&r=g\",\"caption\":\"diario2\"},\"url\":\"https:\\\/\\\/diariotextual.com\\\/inicio\\\/index.php\\\/author\\\/diario2\\\/\"}]}<\/script>\n<!-- \/ Yoast SEO plugin. -->","yoast_head_json":{"title":"Dos j\u00f3venes condenados por querer robar un celular y darle puntazos a la v\u00edctima - Diario Textual","robots":{"index":"index","follow":"follow","max-snippet":"max-snippet:-1","max-image-preview":"max-image-preview:large","max-video-preview":"max-video-preview:-1"},"canonical":"https:\/\/diariotextual.com\/inicio\/index.php\/2023\/05\/15\/dos-jovenes-condenados-por-querer-robar-un-celular-y-darle-puntazos-a-la-victima\/","og_locale":"es_ES","og_type":"article","og_title":"Dos j\u00f3venes condenados por querer robar un celular y darle puntazos a la v\u00edctima - Diario Textual","og_description":"Dos j\u00f3venes de 20 y 23 a\u00f1os fueron condenados hoy con prisi\u00f3n efectiva por haber agredido con puntazos a un adolescente de 18 durante un intento por robarle el celular.&hellip;","og_url":"https:\/\/diariotextual.com\/inicio\/index.php\/2023\/05\/15\/dos-jovenes-condenados-por-querer-robar-un-celular-y-darle-puntazos-a-la-victima\/","og_site_name":"Diario Textual","article_publisher":"https:\/\/www.facebook.com\/eltextual","article_published_time":"2023-05-15T16:15:45+00:00","article_modified_time":"2023-05-15T16:15:49+00:00","og_image":[{"width":1140,"height":550,"url":"https:\/\/diariotextual.com\/inicio\/wp-content\/uploads\/2019\/08\/robocartera.jpg","type":"image\/jpeg"}],"author":"diario2","twitter_card":"summary_large_image","twitter_creator":"@eltextual","twitter_site":"@eltextual","twitter_misc":{"Escrito por":"diario2","Tiempo de lectura":"2 minutos"},"schema":{"@context":"https:\/\/schema.org","@graph":[{"@type":"Article","@id":"https:\/\/diariotextual.com\/inicio\/index.php\/2023\/05\/15\/dos-jovenes-condenados-por-querer-robar-un-celular-y-darle-puntazos-a-la-victima\/#article","isPartOf":{"@id":"https:\/\/diariotextual.com\/inicio\/index.php\/2023\/05\/15\/dos-jovenes-condenados-por-querer-robar-un-celular-y-darle-puntazos-a-la-victima\/"},"author":{"name":"diario2","@id":"https:\/\/diariotextual.com\/inicio\/#\/schema\/person\/694f60677f23c4a530867a98f22b3768"},"headline":"Dos j\u00f3venes condenados por querer robar un celular y darle puntazos a la v\u00edctima","datePublished":"2023-05-15T16:15:45+00:00","dateModified":"2023-05-15T16:15:49+00:00","mainEntityOfPage":{"@id":"https:\/\/diariotextual.com\/inicio\/index.php\/2023\/05\/15\/dos-jovenes-condenados-por-querer-robar-un-celular-y-darle-puntazos-a-la-victima\/"},"wordCount":443,"publisher":{"@id":"https:\/\/diariotextual.com\/inicio\/#organization"},"image":{"@id":"https:\/\/diariotextual.com\/inicio\/index.php\/2023\/05\/15\/dos-jovenes-condenados-por-querer-robar-un-celular-y-darle-puntazos-a-la-victima\/#primaryimage"},"thumbnailUrl":"https:\/\/diariotextual.com\/inicio\/wp-content\/uploads\/2019\/08\/robocartera.jpg","articleSection":["A - ES NOTICIA (van abajo)","SOCIEDAD"],"inLanguage":"es"},{"@type":"WebPage","@id":"https:\/\/diariotextual.com\/inicio\/index.php\/2023\/05\/15\/dos-jovenes-condenados-por-querer-robar-un-celular-y-darle-puntazos-a-la-victima\/","url":"https:\/\/diariotextual.com\/inicio\/index.php\/2023\/05\/15\/dos-jovenes-condenados-por-querer-robar-un-celular-y-darle-puntazos-a-la-victima\/","name":"Dos j\u00f3venes condenados por querer robar un celular y darle puntazos a la v\u00edctima - Diario Textual","isPartOf":{"@id":"https:\/\/diariotextual.com\/inicio\/#website"},"primaryImageOfPage":{"@id":"https:\/\/diariotextual.com\/inicio\/index.php\/2023\/05\/15\/dos-jovenes-condenados-por-querer-robar-un-celular-y-darle-puntazos-a-la-victima\/#primaryimage"},"image":{"@id":"https:\/\/diariotextual.com\/inicio\/index.php\/2023\/05\/15\/dos-jovenes-condenados-por-querer-robar-un-celular-y-darle-puntazos-a-la-victima\/#primaryimage"},"thumbnailUrl":"https:\/\/diariotextual.com\/inicio\/wp-content\/uploads\/2019\/08\/robocartera.jpg","datePublished":"2023-05-15T16:15:45+00:00","dateModified":"2023-05-15T16:15:49+00:00","breadcrumb":{"@id":"https:\/\/diariotextual.com\/inicio\/index.php\/2023\/05\/15\/dos-jovenes-condenados-por-querer-robar-un-celular-y-darle-puntazos-a-la-victima\/#breadcrumb"},"inLanguage":"es","potentialAction":[{"@type":"ReadAction","target":["https:\/\/diariotextual.com\/inicio\/index.php\/2023\/05\/15\/dos-jovenes-condenados-por-querer-robar-un-celular-y-darle-puntazos-a-la-victima\/"]}]},{"@type":"ImageObject","inLanguage":"es","@id":"https:\/\/diariotextual.com\/inicio\/index.php\/2023\/05\/15\/dos-jovenes-condenados-por-querer-robar-un-celular-y-darle-puntazos-a-la-victima\/#primaryimage","url":"https:\/\/diariotextual.com\/inicio\/wp-content\/uploads\/2019\/08\/robocartera.jpg","contentUrl":"https:\/\/diariotextual.com\/inicio\/wp-content\/uploads\/2019\/08\/robocartera.jpg","width":1140,"height":550},{"@type":"BreadcrumbList","@id":"https:\/\/diariotextual.com\/inicio\/index.php\/2023\/05\/15\/dos-jovenes-condenados-por-querer-robar-un-celular-y-darle-puntazos-a-la-victima\/#breadcrumb","itemListElement":[{"@type":"ListItem","position":1,"name":"Portada","item":"https:\/\/diariotextual.com\/inicio\/"},{"@type":"ListItem","position":2,"name":"Dos j\u00f3venes condenados por querer robar un celular y darle puntazos a la v\u00edctima"}]},{"@type":"WebSite","@id":"https:\/\/diariotextual.com\/inicio\/#website","url":"https:\/\/diariotextual.com\/inicio\/","name":"Diario Textual","description":"","publisher":{"@id":"https:\/\/diariotextual.com\/inicio\/#organization"},"potentialAction":[{"@type":"SearchAction","target":{"@type":"EntryPoint","urlTemplate":"https:\/\/diariotextual.com\/inicio\/?s={search_term_string}"},"query-input":{"@type":"PropertyValueSpecification","valueRequired":true,"valueName":"search_term_string"}}],"inLanguage":"es"},{"@type":"Organization","@id":"https:\/\/diariotextual.com\/inicio\/#organization","name":"Diario Textual","url":"https:\/\/diariotextual.com\/inicio\/","logo":{"@type":"ImageObject","inLanguage":"es","@id":"https:\/\/diariotextual.com\/inicio\/#\/schema\/logo\/image\/","url":"https:\/\/diariotextual.com\/inicio\/wp-content\/uploads\/2023\/05\/logotextual1.jpg","contentUrl":"https:\/\/diariotextual.com\/inicio\/wp-content\/uploads\/2023\/05\/logotextual1.jpg","width":516,"height":76,"caption":"Diario Textual"},"image":{"@id":"https:\/\/diariotextual.com\/inicio\/#\/schema\/logo\/image\/"},"sameAs":["https:\/\/www.facebook.com\/eltextual","https:\/\/x.com\/eltextual","http:\/\/www.instagram.com\/eltextual"]},{"@type":"Person","@id":"https:\/\/diariotextual.com\/inicio\/#\/schema\/person\/694f60677f23c4a530867a98f22b3768","name":"diario2","image":{"@type":"ImageObject","inLanguage":"es","@id":"https:\/\/secure.gravatar.com\/avatar\/5a2567495ba16b852fcd8f1ed006a2e24fcace936018ed8237e95f488ad6e0a7?s=96&d=mm&r=g","url":"https:\/\/secure.gravatar.com\/avatar\/5a2567495ba16b852fcd8f1ed006a2e24fcace936018ed8237e95f488ad6e0a7?s=96&d=mm&r=g","contentUrl":"https:\/\/secure.gravatar.com\/avatar\/5a2567495ba16b852fcd8f1ed006a2e24fcace936018ed8237e95f488ad6e0a7?s=96&d=mm&r=g","caption":"diario2"},"url":"https:\/\/diariotextual.com\/inicio\/index.php\/author\/diario2\/"}]}},"_links":{"self":[{"href":"https:\/\/diariotextual.com\/inicio\/index.php\/wp-json\/wp\/v2\/posts\/225452","targetHints":{"allow":["GET"]}}],"collection":[{"href":"https:\/\/diariotextual.com\/inicio\/index.php\/wp-json\/wp\/v2\/posts"}],"about":[{"href":"https:\/\/diariotextual.com\/inicio\/index.php\/wp-json\/wp\/v2\/types\/post"}],"author":[{"embeddable":true,"href":"https:\/\/diariotextual.com\/inicio\/index.php\/wp-json\/wp\/v2\/users\/4"}],"replies":[{"embeddable":true,"href":"https:\/\/diariotextual.com\/inicio\/index.php\/wp-json\/wp\/v2\/comments?post=225452"}],"version-history":[{"count":2,"href":"https:\/\/diariotextual.com\/inicio\/index.php\/wp-json\/wp\/v2\/posts\/225452\/revisions"}],"predecessor-version":[{"id":225454,"href":"https:\/\/diariotextual.com\/inicio\/index.php\/wp-json\/wp\/v2\/posts\/225452\/revisions\/225454"}],"wp:featuredmedia":[{"embeddable":true,"href":"https:\/\/diariotextual.com\/inicio\/index.php\/wp-json\/wp\/v2\/media\/58311"}],"wp:attachment":[{"href":"https:\/\/diariotextual.com\/inicio\/index.php\/wp-json\/wp\/v2\/media?parent=225452"}],"wp:term":[{"taxonomy":"category","embeddable":true,"href":"https:\/\/diariotextual.com\/inicio\/index.php\/wp-json\/wp\/v2\/categories?post=225452"},{"taxonomy":"post_tag","embeddable":true,"href":"https:\/\/diariotextual.com\/inicio\/index.php\/wp-json\/wp\/v2\/tags?post=225452"}],"curies":[{"name":"wp","href":"https:\/\/api.w.org\/{rel}","templated":true}]}}