{"id":225458,"date":"2023-05-15T13:51:37","date_gmt":"2023-05-15T16:51:37","guid":{"rendered":"https:\/\/diariotextual.com\/inicio\/?p=225458"},"modified":"2023-05-15T13:51:39","modified_gmt":"2023-05-15T16:51:39","slug":"denuncian-actos-vandalicos-contra-algunos-medidores-de-energia-en-santa-rosa","status":"publish","type":"post","link":"https:\/\/diariotextual.com\/inicio\/index.php\/2023\/05\/15\/denuncian-actos-vandalicos-contra-algunos-medidores-de-energia-en-santa-rosa\/","title":{"rendered":"Denuncian actos vand\u00e1licos contra algunos medidores de energ\u00eda en Santa Rosa"},"content":{"rendered":"\n<p>Este ultimo fin de semana se produjeron varios actos de vandalismo contra medidores de energ\u00eda el\u00e9ctrica ubicados en algunos comercios del centro de Santa Rosa. Los hechos, cuyos autores se desconocen, fueron denunciados ante las autoridades policiales por el personal de la Cooperativa Popular de Electricidad (CPE), que acudi\u00f3 a los locales respondiendo a reclamos individuales por falta de tensi\u00f3n.<\/p>\n\n\n\n<p>Cuando arrib\u00f3 a cada lugar, el personal de Guardia de la Cooperativa pudo constatar que en los comercios \u2014en total ocho, ubicados sobre avenida San Mart\u00edn, Alsina, Avellaneda, Sarmiento, Lagos, Hip\u00f3lito Yrigoyen, Coronel Gil y avenida Spinetto\u2014, se hab\u00edan producido cortes de los cables con carga (positivos), neutros y antifraudes. En uno de los compartimentos se encontr\u00f3 una tijera de podar \u201cpegada\u201d al cable de carga, debido al cortocircuito que origin\u00f3.<\/p>\n\n\n\n<p>Estas maniobras podr\u00edan haber provocado accidentes mortales, incendios o da\u00f1os severos de artefactos e instalaciones. La CPE procedi\u00f3 a la reparaci\u00f3n de los conductores de ingreso a los medidores y realiz\u00f3 las denuncias correspondientes.<\/p>\n","protected":false},"excerpt":{"rendered":"<p>Este ultimo fin de semana se produjeron varios actos de vandalismo contra medidores de energ\u00eda el\u00e9ctrica ubicados en algunos comercios del centro de Santa Rosa. Los hechos, cuyos autores se&hellip;<\/p>\n","protected":false},"author":4,"featured_media":225459,"comment_status":"closed","ping_status":"open","sticky":false,"template":"","format":"standard","meta":{"_acf_changed":false,"footnotes":""},"categories":[1,12],"tags":[],"class_list":["post-225458","post","type-post","status-publish","format-standard","has-post-thumbnail","hentry","category-es-noticia","category-sociedad"],"acf":[],"yoast_head":"<!-- This site is optimized with the Yoast SEO plugin v27.5 - https:\/\/yoast.com\/product\/yoast-seo-wordpress\/ -->\n<title>Denuncian actos vand\u00e1licos contra algunos medidores de energ\u00eda en Santa Rosa - Diario Textual<\/title>\n<meta name=\"robots\" content=\"index, follow, max-snippet:-1, max-image-preview:large, max-video-preview:-1\" \/>\n<link rel=\"canonical\" href=\"https:\/\/diariotextual.com\/inicio\/index.php\/2023\/05\/15\/denuncian-actos-vandalicos-contra-algunos-medidores-de-energia-en-santa-rosa\/\" \/>\n<meta property=\"og:locale\" content=\"es_ES\" \/>\n<meta property=\"og:type\" content=\"article\" \/>\n<meta property=\"og:title\" content=\"Denuncian actos vand\u00e1licos contra algunos medidores de energ\u00eda en Santa Rosa - Diario Textual\" \/>\n<meta property=\"og:description\" content=\"Este ultimo fin de semana se produjeron varios actos de vandalismo contra medidores de energ\u00eda el\u00e9ctrica ubicados en algunos comercios del centro de Santa Rosa. Los hechos, cuyos autores se&hellip;\" \/>\n<meta property=\"og:url\" content=\"https:\/\/diariotextual.com\/inicio\/index.php\/2023\/05\/15\/denuncian-actos-vandalicos-contra-algunos-medidores-de-energia-en-santa-rosa\/\" \/>\n<meta property=\"og:site_name\" content=\"Diario Textual\" \/>\n<meta property=\"article:publisher\" content=\"https:\/\/www.facebook.com\/eltextual\" \/>\n<meta property=\"article:published_time\" content=\"2023-05-15T16:51:37+00:00\" \/>\n<meta property=\"article:modified_time\" content=\"2023-05-15T16:51:39+00:00\" \/>\n<meta property=\"og:image\" content=\"https:\/\/diariotextual.com\/inicio\/wp-content\/uploads\/2023\/05\/vandalismomedidorescpe.jpeg\" \/>\n\t<meta property=\"og:image:width\" content=\"720\" \/>\n\t<meta property=\"og:image:height\" content=\"555\" \/>\n\t<meta property=\"og:image:type\" content=\"image\/jpeg\" \/>\n<meta name=\"author\" content=\"diario2\" \/>\n<meta name=\"twitter:card\" content=\"summary_large_image\" \/>\n<meta name=\"twitter:creator\" content=\"@eltextual\" \/>\n<meta name=\"twitter:site\" content=\"@eltextual\" \/>\n<meta name=\"twitter:label1\" content=\"Escrito por\" \/>\n\t<meta name=\"twitter:data1\" content=\"diario2\" \/>\n\t<meta name=\"twitter:label2\" content=\"Tiempo de lectura\" \/>\n\t<meta name=\"twitter:data2\" content=\"1 minuto\" \/>\n<script type=\"application\/ld+json\" class=\"yoast-schema-graph\">{\"@context\":\"https:\\\/\\\/schema.org\",\"@graph\":[{\"@type\":\"Article\",\"@id\":\"https:\\\/\\\/diariotextual.com\\\/inicio\\\/index.php\\\/2023\\\/05\\\/15\\\/denuncian-actos-vandalicos-contra-algunos-medidores-de-energia-en-santa-rosa\\\/#article\",\"isPartOf\":{\"@id\":\"https:\\\/\\\/diariotextual.com\\\/inicio\\\/index.php\\\/2023\\\/05\\\/15\\\/denuncian-actos-vandalicos-contra-algunos-medidores-de-energia-en-santa-rosa\\\/\"},\"author\":{\"name\":\"diario2\",\"@id\":\"https:\\\/\\\/diariotextual.com\\\/inicio\\\/#\\\/schema\\\/person\\\/694f60677f23c4a530867a98f22b3768\"},\"headline\":\"Denuncian actos vand\u00e1licos contra algunos medidores de energ\u00eda en Santa Rosa\",\"datePublished\":\"2023-05-15T16:51:37+00:00\",\"dateModified\":\"2023-05-15T16:51:39+00:00\",\"mainEntityOfPage\":{\"@id\":\"https:\\\/\\\/diariotextual.com\\\/inicio\\\/index.php\\\/2023\\\/05\\\/15\\\/denuncian-actos-vandalicos-contra-algunos-medidores-de-energia-en-santa-rosa\\\/\"},\"wordCount\":187,\"publisher\":{\"@id\":\"https:\\\/\\\/diariotextual.com\\\/inicio\\\/#organization\"},\"image\":{\"@id\":\"https:\\\/\\\/diariotextual.com\\\/inicio\\\/index.php\\\/2023\\\/05\\\/15\\\/denuncian-actos-vandalicos-contra-algunos-medidores-de-energia-en-santa-rosa\\\/#primaryimage\"},\"thumbnailUrl\":\"https:\\\/\\\/diariotextual.com\\\/inicio\\\/wp-content\\\/uploads\\\/2023\\\/05\\\/vandalismomedidorescpe.jpeg\",\"articleSection\":[\"A - ES NOTICIA (van abajo)\",\"SOCIEDAD\"],\"inLanguage\":\"es\"},{\"@type\":\"WebPage\",\"@id\":\"https:\\\/\\\/diariotextual.com\\\/inicio\\\/index.php\\\/2023\\\/05\\\/15\\\/denuncian-actos-vandalicos-contra-algunos-medidores-de-energia-en-santa-rosa\\\/\",\"url\":\"https:\\\/\\\/diariotextual.com\\\/inicio\\\/index.php\\\/2023\\\/05\\\/15\\\/denuncian-actos-vandalicos-contra-algunos-medidores-de-energia-en-santa-rosa\\\/\",\"name\":\"Denuncian actos vand\u00e1licos contra algunos medidores de energ\u00eda en Santa Rosa - Diario Textual\",\"isPartOf\":{\"@id\":\"https:\\\/\\\/diariotextual.com\\\/inicio\\\/#website\"},\"primaryImageOfPage\":{\"@id\":\"https:\\\/\\\/diariotextual.com\\\/inicio\\\/index.php\\\/2023\\\/05\\\/15\\\/denuncian-actos-vandalicos-contra-algunos-medidores-de-energia-en-santa-rosa\\\/#primaryimage\"},\"image\":{\"@id\":\"https:\\\/\\\/diariotextual.com\\\/inicio\\\/index.php\\\/2023\\\/05\\\/15\\\/denuncian-actos-vandalicos-contra-algunos-medidores-de-energia-en-santa-rosa\\\/#primaryimage\"},\"thumbnailUrl\":\"https:\\\/\\\/diariotextual.com\\\/inicio\\\/wp-content\\\/uploads\\\/2023\\\/05\\\/vandalismomedidorescpe.jpeg\",\"datePublished\":\"2023-05-15T16:51:37+00:00\",\"dateModified\":\"2023-05-15T16:51:39+00:00\",\"breadcrumb\":{\"@id\":\"https:\\\/\\\/diariotextual.com\\\/inicio\\\/index.php\\\/2023\\\/05\\\/15\\\/denuncian-actos-vandalicos-contra-algunos-medidores-de-energia-en-santa-rosa\\\/#breadcrumb\"},\"inLanguage\":\"es\",\"potentialAction\":[{\"@type\":\"ReadAction\",\"target\":[\"https:\\\/\\\/diariotextual.com\\\/inicio\\\/index.php\\\/2023\\\/05\\\/15\\\/denuncian-actos-vandalicos-contra-algunos-medidores-de-energia-en-santa-rosa\\\/\"]}]},{\"@type\":\"ImageObject\",\"inLanguage\":\"es\",\"@id\":\"https:\\\/\\\/diariotextual.com\\\/inicio\\\/index.php\\\/2023\\\/05\\\/15\\\/denuncian-actos-vandalicos-contra-algunos-medidores-de-energia-en-santa-rosa\\\/#primaryimage\",\"url\":\"https:\\\/\\\/diariotextual.com\\\/inicio\\\/wp-content\\\/uploads\\\/2023\\\/05\\\/vandalismomedidorescpe.jpeg\",\"contentUrl\":\"https:\\\/\\\/diariotextual.com\\\/inicio\\\/wp-content\\\/uploads\\\/2023\\\/05\\\/vandalismomedidorescpe.jpeg\",\"width\":720,\"height\":555},{\"@type\":\"BreadcrumbList\",\"@id\":\"https:\\\/\\\/diariotextual.com\\\/inicio\\\/index.php\\\/2023\\\/05\\\/15\\\/denuncian-actos-vandalicos-contra-algunos-medidores-de-energia-en-santa-rosa\\\/#breadcrumb\",\"itemListElement\":[{\"@type\":\"ListItem\",\"position\":1,\"name\":\"Portada\",\"item\":\"https:\\\/\\\/diariotextual.com\\\/inicio\\\/\"},{\"@type\":\"ListItem\",\"position\":2,\"name\":\"Denuncian actos vand\u00e1licos contra algunos medidores de energ\u00eda en Santa Rosa\"}]},{\"@type\":\"WebSite\",\"@id\":\"https:\\\/\\\/diariotextual.com\\\/inicio\\\/#website\",\"url\":\"https:\\\/\\\/diariotextual.com\\\/inicio\\\/\",\"name\":\"Diario Textual\",\"description\":\"\",\"publisher\":{\"@id\":\"https:\\\/\\\/diariotextual.com\\\/inicio\\\/#organization\"},\"potentialAction\":[{\"@type\":\"SearchAction\",\"target\":{\"@type\":\"EntryPoint\",\"urlTemplate\":\"https:\\\/\\\/diariotextual.com\\\/inicio\\\/?s={search_term_string}\"},\"query-input\":{\"@type\":\"PropertyValueSpecification\",\"valueRequired\":true,\"valueName\":\"search_term_string\"}}],\"inLanguage\":\"es\"},{\"@type\":\"Organization\",\"@id\":\"https:\\\/\\\/diariotextual.com\\\/inicio\\\/#organization\",\"name\":\"Diario Textual\",\"url\":\"https:\\\/\\\/diariotextual.com\\\/inicio\\\/\",\"logo\":{\"@type\":\"ImageObject\",\"inLanguage\":\"es\",\"@id\":\"https:\\\/\\\/diariotextual.com\\\/inicio\\\/#\\\/schema\\\/logo\\\/image\\\/\",\"url\":\"https:\\\/\\\/diariotextual.com\\\/inicio\\\/wp-content\\\/uploads\\\/2023\\\/05\\\/logotextual1.jpg\",\"contentUrl\":\"https:\\\/\\\/diariotextual.com\\\/inicio\\\/wp-content\\\/uploads\\\/2023\\\/05\\\/logotextual1.jpg\",\"width\":516,\"height\":76,\"caption\":\"Diario Textual\"},\"image\":{\"@id\":\"https:\\\/\\\/diariotextual.com\\\/inicio\\\/#\\\/schema\\\/logo\\\/image\\\/\"},\"sameAs\":[\"https:\\\/\\\/www.facebook.com\\\/eltextual\",\"https:\\\/\\\/x.com\\\/eltextual\",\"http:\\\/\\\/www.instagram.com\\\/eltextual\"]},{\"@type\":\"Person\",\"@id\":\"https:\\\/\\\/diariotextual.com\\\/inicio\\\/#\\\/schema\\\/person\\\/694f60677f23c4a530867a98f22b3768\",\"name\":\"diario2\",\"image\":{\"@type\":\"ImageObject\",\"inLanguage\":\"es\",\"@id\":\"https:\\\/\\\/secure.gravatar.com\\\/avatar\\\/5a2567495ba16b852fcd8f1ed006a2e24fcace936018ed8237e95f488ad6e0a7?s=96&d=mm&r=g\",\"url\":\"https:\\\/\\\/secure.gravatar.com\\\/avatar\\\/5a2567495ba16b852fcd8f1ed006a2e24fcace936018ed8237e95f488ad6e0a7?s=96&d=mm&r=g\",\"contentUrl\":\"https:\\\/\\\/secure.gravatar.com\\\/avatar\\\/5a2567495ba16b852fcd8f1ed006a2e24fcace936018ed8237e95f488ad6e0a7?s=96&d=mm&r=g\",\"caption\":\"diario2\"},\"url\":\"https:\\\/\\\/diariotextual.com\\\/inicio\\\/index.php\\\/author\\\/diario2\\\/\"}]}<\/script>\n<!-- \/ Yoast SEO plugin. -->","yoast_head_json":{"title":"Denuncian actos vand\u00e1licos contra algunos medidores de energ\u00eda en Santa Rosa - Diario Textual","robots":{"index":"index","follow":"follow","max-snippet":"max-snippet:-1","max-image-preview":"max-image-preview:large","max-video-preview":"max-video-preview:-1"},"canonical":"https:\/\/diariotextual.com\/inicio\/index.php\/2023\/05\/15\/denuncian-actos-vandalicos-contra-algunos-medidores-de-energia-en-santa-rosa\/","og_locale":"es_ES","og_type":"article","og_title":"Denuncian actos vand\u00e1licos contra algunos medidores de energ\u00eda en Santa Rosa - Diario Textual","og_description":"Este ultimo fin de semana se produjeron varios actos de vandalismo contra medidores de energ\u00eda el\u00e9ctrica ubicados en algunos comercios del centro de Santa Rosa. Los hechos, cuyos autores se&hellip;","og_url":"https:\/\/diariotextual.com\/inicio\/index.php\/2023\/05\/15\/denuncian-actos-vandalicos-contra-algunos-medidores-de-energia-en-santa-rosa\/","og_site_name":"Diario Textual","article_publisher":"https:\/\/www.facebook.com\/eltextual","article_published_time":"2023-05-15T16:51:37+00:00","article_modified_time":"2023-05-15T16:51:39+00:00","og_image":[{"width":720,"height":555,"url":"https:\/\/diariotextual.com\/inicio\/wp-content\/uploads\/2023\/05\/vandalismomedidorescpe.jpeg","type":"image\/jpeg"}],"author":"diario2","twitter_card":"summary_large_image","twitter_creator":"@eltextual","twitter_site":"@eltextual","twitter_misc":{"Escrito por":"diario2","Tiempo de lectura":"1 minuto"},"schema":{"@context":"https:\/\/schema.org","@graph":[{"@type":"Article","@id":"https:\/\/diariotextual.com\/inicio\/index.php\/2023\/05\/15\/denuncian-actos-vandalicos-contra-algunos-medidores-de-energia-en-santa-rosa\/#article","isPartOf":{"@id":"https:\/\/diariotextual.com\/inicio\/index.php\/2023\/05\/15\/denuncian-actos-vandalicos-contra-algunos-medidores-de-energia-en-santa-rosa\/"},"author":{"name":"diario2","@id":"https:\/\/diariotextual.com\/inicio\/#\/schema\/person\/694f60677f23c4a530867a98f22b3768"},"headline":"Denuncian actos vand\u00e1licos contra algunos medidores de energ\u00eda en Santa Rosa","datePublished":"2023-05-15T16:51:37+00:00","dateModified":"2023-05-15T16:51:39+00:00","mainEntityOfPage":{"@id":"https:\/\/diariotextual.com\/inicio\/index.php\/2023\/05\/15\/denuncian-actos-vandalicos-contra-algunos-medidores-de-energia-en-santa-rosa\/"},"wordCount":187,"publisher":{"@id":"https:\/\/diariotextual.com\/inicio\/#organization"},"image":{"@id":"https:\/\/diariotextual.com\/inicio\/index.php\/2023\/05\/15\/denuncian-actos-vandalicos-contra-algunos-medidores-de-energia-en-santa-rosa\/#primaryimage"},"thumbnailUrl":"https:\/\/diariotextual.com\/inicio\/wp-content\/uploads\/2023\/05\/vandalismomedidorescpe.jpeg","articleSection":["A - ES NOTICIA (van abajo)","SOCIEDAD"],"inLanguage":"es"},{"@type":"WebPage","@id":"https:\/\/diariotextual.com\/inicio\/index.php\/2023\/05\/15\/denuncian-actos-vandalicos-contra-algunos-medidores-de-energia-en-santa-rosa\/","url":"https:\/\/diariotextual.com\/inicio\/index.php\/2023\/05\/15\/denuncian-actos-vandalicos-contra-algunos-medidores-de-energia-en-santa-rosa\/","name":"Denuncian actos vand\u00e1licos contra algunos medidores de energ\u00eda en Santa Rosa - Diario Textual","isPartOf":{"@id":"https:\/\/diariotextual.com\/inicio\/#website"},"primaryImageOfPage":{"@id":"https:\/\/diariotextual.com\/inicio\/index.php\/2023\/05\/15\/denuncian-actos-vandalicos-contra-algunos-medidores-de-energia-en-santa-rosa\/#primaryimage"},"image":{"@id":"https:\/\/diariotextual.com\/inicio\/index.php\/2023\/05\/15\/denuncian-actos-vandalicos-contra-algunos-medidores-de-energia-en-santa-rosa\/#primaryimage"},"thumbnailUrl":"https:\/\/diariotextual.com\/inicio\/wp-content\/uploads\/2023\/05\/vandalismomedidorescpe.jpeg","datePublished":"2023-05-15T16:51:37+00:00","dateModified":"2023-05-15T16:51:39+00:00","breadcrumb":{"@id":"https:\/\/diariotextual.com\/inicio\/index.php\/2023\/05\/15\/denuncian-actos-vandalicos-contra-algunos-medidores-de-energia-en-santa-rosa\/#breadcrumb"},"inLanguage":"es","potentialAction":[{"@type":"ReadAction","target":["https:\/\/diariotextual.com\/inicio\/index.php\/2023\/05\/15\/denuncian-actos-vandalicos-contra-algunos-medidores-de-energia-en-santa-rosa\/"]}]},{"@type":"ImageObject","inLanguage":"es","@id":"https:\/\/diariotextual.com\/inicio\/index.php\/2023\/05\/15\/denuncian-actos-vandalicos-contra-algunos-medidores-de-energia-en-santa-rosa\/#primaryimage","url":"https:\/\/diariotextual.com\/inicio\/wp-content\/uploads\/2023\/05\/vandalismomedidorescpe.jpeg","contentUrl":"https:\/\/diariotextual.com\/inicio\/wp-content\/uploads\/2023\/05\/vandalismomedidorescpe.jpeg","width":720,"height":555},{"@type":"BreadcrumbList","@id":"https:\/\/diariotextual.com\/inicio\/index.php\/2023\/05\/15\/denuncian-actos-vandalicos-contra-algunos-medidores-de-energia-en-santa-rosa\/#breadcrumb","itemListElement":[{"@type":"ListItem","position":1,"name":"Portada","item":"https:\/\/diariotextual.com\/inicio\/"},{"@type":"ListItem","position":2,"name":"Denuncian actos vand\u00e1licos contra algunos medidores de energ\u00eda en Santa Rosa"}]},{"@type":"WebSite","@id":"https:\/\/diariotextual.com\/inicio\/#website","url":"https:\/\/diariotextual.com\/inicio\/","name":"Diario Textual","description":"","publisher":{"@id":"https:\/\/diariotextual.com\/inicio\/#organization"},"potentialAction":[{"@type":"SearchAction","target":{"@type":"EntryPoint","urlTemplate":"https:\/\/diariotextual.com\/inicio\/?s={search_term_string}"},"query-input":{"@type":"PropertyValueSpecification","valueRequired":true,"valueName":"search_term_string"}}],"inLanguage":"es"},{"@type":"Organization","@id":"https:\/\/diariotextual.com\/inicio\/#organization","name":"Diario Textual","url":"https:\/\/diariotextual.com\/inicio\/","logo":{"@type":"ImageObject","inLanguage":"es","@id":"https:\/\/diariotextual.com\/inicio\/#\/schema\/logo\/image\/","url":"https:\/\/diariotextual.com\/inicio\/wp-content\/uploads\/2023\/05\/logotextual1.jpg","contentUrl":"https:\/\/diariotextual.com\/inicio\/wp-content\/uploads\/2023\/05\/logotextual1.jpg","width":516,"height":76,"caption":"Diario Textual"},"image":{"@id":"https:\/\/diariotextual.com\/inicio\/#\/schema\/logo\/image\/"},"sameAs":["https:\/\/www.facebook.com\/eltextual","https:\/\/x.com\/eltextual","http:\/\/www.instagram.com\/eltextual"]},{"@type":"Person","@id":"https:\/\/diariotextual.com\/inicio\/#\/schema\/person\/694f60677f23c4a530867a98f22b3768","name":"diario2","image":{"@type":"ImageObject","inLanguage":"es","@id":"https:\/\/secure.gravatar.com\/avatar\/5a2567495ba16b852fcd8f1ed006a2e24fcace936018ed8237e95f488ad6e0a7?s=96&d=mm&r=g","url":"https:\/\/secure.gravatar.com\/avatar\/5a2567495ba16b852fcd8f1ed006a2e24fcace936018ed8237e95f488ad6e0a7?s=96&d=mm&r=g","contentUrl":"https:\/\/secure.gravatar.com\/avatar\/5a2567495ba16b852fcd8f1ed006a2e24fcace936018ed8237e95f488ad6e0a7?s=96&d=mm&r=g","caption":"diario2"},"url":"https:\/\/diariotextual.com\/inicio\/index.php\/author\/diario2\/"}]}},"_links":{"self":[{"href":"https:\/\/diariotextual.com\/inicio\/index.php\/wp-json\/wp\/v2\/posts\/225458","targetHints":{"allow":["GET"]}}],"collection":[{"href":"https:\/\/diariotextual.com\/inicio\/index.php\/wp-json\/wp\/v2\/posts"}],"about":[{"href":"https:\/\/diariotextual.com\/inicio\/index.php\/wp-json\/wp\/v2\/types\/post"}],"author":[{"embeddable":true,"href":"https:\/\/diariotextual.com\/inicio\/index.php\/wp-json\/wp\/v2\/users\/4"}],"replies":[{"embeddable":true,"href":"https:\/\/diariotextual.com\/inicio\/index.php\/wp-json\/wp\/v2\/comments?post=225458"}],"version-history":[{"count":1,"href":"https:\/\/diariotextual.com\/inicio\/index.php\/wp-json\/wp\/v2\/posts\/225458\/revisions"}],"predecessor-version":[{"id":225460,"href":"https:\/\/diariotextual.com\/inicio\/index.php\/wp-json\/wp\/v2\/posts\/225458\/revisions\/225460"}],"wp:featuredmedia":[{"embeddable":true,"href":"https:\/\/diariotextual.com\/inicio\/index.php\/wp-json\/wp\/v2\/media\/225459"}],"wp:attachment":[{"href":"https:\/\/diariotextual.com\/inicio\/index.php\/wp-json\/wp\/v2\/media?parent=225458"}],"wp:term":[{"taxonomy":"category","embeddable":true,"href":"https:\/\/diariotextual.com\/inicio\/index.php\/wp-json\/wp\/v2\/categories?post=225458"},{"taxonomy":"post_tag","embeddable":true,"href":"https:\/\/diariotextual.com\/inicio\/index.php\/wp-json\/wp\/v2\/tags?post=225458"}],"curies":[{"name":"wp","href":"https:\/\/api.w.org\/{rel}","templated":true}]}}