{"id":225559,"date":"2023-05-15T21:37:29","date_gmt":"2023-05-16T00:37:29","guid":{"rendered":"https:\/\/diariotextual.com\/inicio\/?p=225559"},"modified":"2023-05-15T21:37:31","modified_gmt":"2023-05-16T00:37:31","slug":"la-tejedora-pampeana-mabel-carripilon-fue-reconocida-con-el-premio-hacedores-2023","status":"publish","type":"post","link":"https:\/\/diariotextual.com\/inicio\/index.php\/2023\/05\/15\/la-tejedora-pampeana-mabel-carripilon-fue-reconocida-con-el-premio-hacedores-2023\/","title":{"rendered":"La tejedora pampeana Mabel Carripil\u00f3n fue reconocida con el Premio Hacedores 2023"},"content":{"rendered":"\n<p>La artesana pampeana <strong>Mabel Lis Carripil\u00f3n<\/strong> fue reconocida con el <strong>Premio Hacedores 2023 <\/strong>por su labor como tejedora en telar tradicional.<\/p>\n\n\n\n<p>La premiaci\u00f3n se concret\u00f3 en la Ciudad de Buenos Aires, en la Manzana de las Luces, en el marco de la celebraci\u00f3n de los 30 a\u00f1os del Centro Internacional para la Conservaci\u00f3n del Patrimonio (CICOP).<\/p>\n\n\n\n<p>El CICOP es una organizaci\u00f3n no gubernamental que trabaja en pos del conocimiento y conservaci\u00f3n del patrimonio cultural. Promueve la preservaci\u00f3n de los caracteres identitarios de cada pueblo, la puesta en valor de conjuntos urbanos o rurales, el rescate de las expresiones artesanales, art\u00edsticas y el cuidado de las t\u00e9cnicas y saberes tradicionales.<\/p>\n\n\n\n<p><strong>La artesana Mabel Lis Carripil\u00f3n, cuya producci\u00f3n est\u00e1 presente en el Mercado Artesanal de La Pampa, sorprendi\u00f3 en sus \u00faltimos trabajos con una innovaci\u00f3n en sus tejidos en la que uni\u00f3 diferentes t\u00e9cnicas con resultados exquisitos<\/strong>. <\/p>\n\n\n\n<figure class=\"wp-block-image size-full is-resized\"><img fetchpriority=\"high\" decoding=\"async\" src=\"https:\/\/diariotextual.com\/inicio\/wp-content\/uploads\/2023\/05\/carripilonpremio7432543.jpg\" alt=\"\" class=\"wp-image-225560\" width=\"731\" height=\"487\" srcset=\"https:\/\/diariotextual.com\/inicio\/wp-content\/uploads\/2023\/05\/carripilonpremio7432543.jpg 1000w, https:\/\/diariotextual.com\/inicio\/wp-content\/uploads\/2023\/05\/carripilonpremio7432543-300x200.jpg 300w, https:\/\/diariotextual.com\/inicio\/wp-content\/uploads\/2023\/05\/carripilonpremio7432543-768x512.jpg 768w, https:\/\/diariotextual.com\/inicio\/wp-content\/uploads\/2023\/05\/carripilonpremio7432543-585x390.jpg 585w, https:\/\/diariotextual.com\/inicio\/wp-content\/uploads\/2023\/05\/carripilonpremio7432543-263x175.jpg 263w\" sizes=\"(max-width: 731px) 100vw, 731px\" \/><\/figure>\n\n\n\n<p>El Mercado Artesanal de la Secretar\u00eda de Turismo de la Provincia de La Pampa, tiene como objetivo la preservaci\u00f3n de las manifestaciones culturales y art\u00edsticas, fomentando la conservaci\u00f3n de las t\u00e9cnicas artesanales de los abor\u00edgenes que habitaron el inh\u00f3spito y arenoso paisaje, en donde se logr\u00f3 un equilibrio entre el hombre y la naturaleza, que se refleja en la expresi\u00f3n de las piezas transmitidas por generaciones.<\/p>\n\n\n\n<p>Mabel Lis es oriunda de Santa Isabel y pertenece a una familia de artesanos a trav\u00e9s de generaciones: es hija de Irma Cabral, artesana creadora de excelentes ponchos y medias mantas y es nieta de Claudia, artesana ranquel oriunda de Emilio Mitre. Tambi\u00e9n su hermana Anal\u00eda junto a su hija realizan trabajos en telar y contin\u00faan transmitiendo el saber familiar y el patrimonio cultural inmaterial pampeano.<\/p>\n\n\n\n<p>Estuvieron presentes en el acto de premiaci\u00f3n la Directora de Producciones Artesanales Andrea Pombar y el director de la Casa de La Pampa, Pablo Rubio.<\/p>\n\n\n\n<p>En el mismo evento fueron distinguidos con el Premio a la Trayectoria 2023 el juje\u00f1o N\u00e9stor Abraham Jose, arquitecto especializado en Preservaci\u00f3n y Conservaci\u00f3n del Patrimonio y el arquitecto Leonardo Lupiano, de Tierra del Fuego, Master en Rehabilitaci\u00f3n del Patrimonio.<\/p>\n","protected":false},"excerpt":{"rendered":"<p>La artesana pampeana Mabel Lis Carripil\u00f3n fue reconocida con el Premio Hacedores 2023 por su labor como tejedora en telar tradicional. La premiaci\u00f3n se concret\u00f3 en la Ciudad de Buenos&hellip;<\/p>\n","protected":false},"author":4,"featured_media":225561,"comment_status":"closed","ping_status":"open","sticky":false,"template":"","format":"standard","meta":{"_acf_changed":false,"footnotes":""},"categories":[1,2],"tags":[],"class_list":["post-225559","post","type-post","status-publish","format-standard","has-post-thumbnail","hentry","category-es-noticia","category-cultura"],"acf":[],"yoast_head":"<!-- This site is optimized with the Yoast SEO plugin v27.5 - https:\/\/yoast.com\/product\/yoast-seo-wordpress\/ -->\n<title>La tejedora pampeana Mabel Carripil\u00f3n fue reconocida con el Premio Hacedores 2023 - Diario Textual<\/title>\n<meta name=\"robots\" content=\"index, follow, max-snippet:-1, max-image-preview:large, max-video-preview:-1\" \/>\n<link rel=\"canonical\" href=\"https:\/\/diariotextual.com\/inicio\/index.php\/2023\/05\/15\/la-tejedora-pampeana-mabel-carripilon-fue-reconocida-con-el-premio-hacedores-2023\/\" \/>\n<meta property=\"og:locale\" content=\"es_ES\" \/>\n<meta property=\"og:type\" content=\"article\" \/>\n<meta property=\"og:title\" content=\"La tejedora pampeana Mabel Carripil\u00f3n fue reconocida con el Premio Hacedores 2023 - Diario Textual\" \/>\n<meta property=\"og:description\" content=\"La artesana pampeana Mabel Lis Carripil\u00f3n fue reconocida con el Premio Hacedores 2023 por su labor como tejedora en telar tradicional. La premiaci\u00f3n se concret\u00f3 en la Ciudad de Buenos&hellip;\" \/>\n<meta property=\"og:url\" content=\"https:\/\/diariotextual.com\/inicio\/index.php\/2023\/05\/15\/la-tejedora-pampeana-mabel-carripilon-fue-reconocida-con-el-premio-hacedores-2023\/\" \/>\n<meta property=\"og:site_name\" content=\"Diario Textual\" \/>\n<meta property=\"article:publisher\" content=\"https:\/\/www.facebook.com\/eltextual\" \/>\n<meta property=\"article:published_time\" content=\"2023-05-16T00:37:29+00:00\" \/>\n<meta property=\"article:modified_time\" content=\"2023-05-16T00:37:31+00:00\" \/>\n<meta property=\"og:image\" content=\"https:\/\/diariotextual.com\/inicio\/wp-content\/uploads\/2023\/05\/carripilontejedorapremio43543.jpg\" \/>\n\t<meta property=\"og:image:width\" content=\"1000\" \/>\n\t<meta property=\"og:image:height\" content=\"667\" \/>\n\t<meta property=\"og:image:type\" content=\"image\/jpeg\" \/>\n<meta name=\"author\" content=\"diario2\" \/>\n<meta name=\"twitter:card\" content=\"summary_large_image\" \/>\n<meta name=\"twitter:creator\" content=\"@eltextual\" \/>\n<meta name=\"twitter:site\" content=\"@eltextual\" \/>\n<meta name=\"twitter:label1\" content=\"Escrito por\" \/>\n\t<meta name=\"twitter:data1\" content=\"diario2\" \/>\n\t<meta name=\"twitter:label2\" content=\"Tiempo de lectura\" \/>\n\t<meta name=\"twitter:data2\" content=\"2 minutos\" \/>\n<script type=\"application\/ld+json\" class=\"yoast-schema-graph\">{\"@context\":\"https:\\\/\\\/schema.org\",\"@graph\":[{\"@type\":\"Article\",\"@id\":\"https:\\\/\\\/diariotextual.com\\\/inicio\\\/index.php\\\/2023\\\/05\\\/15\\\/la-tejedora-pampeana-mabel-carripilon-fue-reconocida-con-el-premio-hacedores-2023\\\/#article\",\"isPartOf\":{\"@id\":\"https:\\\/\\\/diariotextual.com\\\/inicio\\\/index.php\\\/2023\\\/05\\\/15\\\/la-tejedora-pampeana-mabel-carripilon-fue-reconocida-con-el-premio-hacedores-2023\\\/\"},\"author\":{\"name\":\"diario2\",\"@id\":\"https:\\\/\\\/diariotextual.com\\\/inicio\\\/#\\\/schema\\\/person\\\/694f60677f23c4a530867a98f22b3768\"},\"headline\":\"La tejedora pampeana Mabel Carripil\u00f3n fue reconocida con el Premio Hacedores 2023\",\"datePublished\":\"2023-05-16T00:37:29+00:00\",\"dateModified\":\"2023-05-16T00:37:31+00:00\",\"mainEntityOfPage\":{\"@id\":\"https:\\\/\\\/diariotextual.com\\\/inicio\\\/index.php\\\/2023\\\/05\\\/15\\\/la-tejedora-pampeana-mabel-carripilon-fue-reconocida-con-el-premio-hacedores-2023\\\/\"},\"wordCount\":383,\"publisher\":{\"@id\":\"https:\\\/\\\/diariotextual.com\\\/inicio\\\/#organization\"},\"image\":{\"@id\":\"https:\\\/\\\/diariotextual.com\\\/inicio\\\/index.php\\\/2023\\\/05\\\/15\\\/la-tejedora-pampeana-mabel-carripilon-fue-reconocida-con-el-premio-hacedores-2023\\\/#primaryimage\"},\"thumbnailUrl\":\"https:\\\/\\\/diariotextual.com\\\/inicio\\\/wp-content\\\/uploads\\\/2023\\\/05\\\/carripilontejedorapremio43543.jpg\",\"articleSection\":[\"A - ES NOTICIA (van abajo)\",\"CULTURA\"],\"inLanguage\":\"es\"},{\"@type\":\"WebPage\",\"@id\":\"https:\\\/\\\/diariotextual.com\\\/inicio\\\/index.php\\\/2023\\\/05\\\/15\\\/la-tejedora-pampeana-mabel-carripilon-fue-reconocida-con-el-premio-hacedores-2023\\\/\",\"url\":\"https:\\\/\\\/diariotextual.com\\\/inicio\\\/index.php\\\/2023\\\/05\\\/15\\\/la-tejedora-pampeana-mabel-carripilon-fue-reconocida-con-el-premio-hacedores-2023\\\/\",\"name\":\"La tejedora pampeana Mabel Carripil\u00f3n fue reconocida con el Premio Hacedores 2023 - Diario Textual\",\"isPartOf\":{\"@id\":\"https:\\\/\\\/diariotextual.com\\\/inicio\\\/#website\"},\"primaryImageOfPage\":{\"@id\":\"https:\\\/\\\/diariotextual.com\\\/inicio\\\/index.php\\\/2023\\\/05\\\/15\\\/la-tejedora-pampeana-mabel-carripilon-fue-reconocida-con-el-premio-hacedores-2023\\\/#primaryimage\"},\"image\":{\"@id\":\"https:\\\/\\\/diariotextual.com\\\/inicio\\\/index.php\\\/2023\\\/05\\\/15\\\/la-tejedora-pampeana-mabel-carripilon-fue-reconocida-con-el-premio-hacedores-2023\\\/#primaryimage\"},\"thumbnailUrl\":\"https:\\\/\\\/diariotextual.com\\\/inicio\\\/wp-content\\\/uploads\\\/2023\\\/05\\\/carripilontejedorapremio43543.jpg\",\"datePublished\":\"2023-05-16T00:37:29+00:00\",\"dateModified\":\"2023-05-16T00:37:31+00:00\",\"breadcrumb\":{\"@id\":\"https:\\\/\\\/diariotextual.com\\\/inicio\\\/index.php\\\/2023\\\/05\\\/15\\\/la-tejedora-pampeana-mabel-carripilon-fue-reconocida-con-el-premio-hacedores-2023\\\/#breadcrumb\"},\"inLanguage\":\"es\",\"potentialAction\":[{\"@type\":\"ReadAction\",\"target\":[\"https:\\\/\\\/diariotextual.com\\\/inicio\\\/index.php\\\/2023\\\/05\\\/15\\\/la-tejedora-pampeana-mabel-carripilon-fue-reconocida-con-el-premio-hacedores-2023\\\/\"]}]},{\"@type\":\"ImageObject\",\"inLanguage\":\"es\",\"@id\":\"https:\\\/\\\/diariotextual.com\\\/inicio\\\/index.php\\\/2023\\\/05\\\/15\\\/la-tejedora-pampeana-mabel-carripilon-fue-reconocida-con-el-premio-hacedores-2023\\\/#primaryimage\",\"url\":\"https:\\\/\\\/diariotextual.com\\\/inicio\\\/wp-content\\\/uploads\\\/2023\\\/05\\\/carripilontejedorapremio43543.jpg\",\"contentUrl\":\"https:\\\/\\\/diariotextual.com\\\/inicio\\\/wp-content\\\/uploads\\\/2023\\\/05\\\/carripilontejedorapremio43543.jpg\",\"width\":1000,\"height\":667},{\"@type\":\"BreadcrumbList\",\"@id\":\"https:\\\/\\\/diariotextual.com\\\/inicio\\\/index.php\\\/2023\\\/05\\\/15\\\/la-tejedora-pampeana-mabel-carripilon-fue-reconocida-con-el-premio-hacedores-2023\\\/#breadcrumb\",\"itemListElement\":[{\"@type\":\"ListItem\",\"position\":1,\"name\":\"Portada\",\"item\":\"https:\\\/\\\/diariotextual.com\\\/inicio\\\/\"},{\"@type\":\"ListItem\",\"position\":2,\"name\":\"La tejedora pampeana Mabel Carripil\u00f3n fue reconocida con el Premio Hacedores 2023\"}]},{\"@type\":\"WebSite\",\"@id\":\"https:\\\/\\\/diariotextual.com\\\/inicio\\\/#website\",\"url\":\"https:\\\/\\\/diariotextual.com\\\/inicio\\\/\",\"name\":\"Diario Textual\",\"description\":\"\",\"publisher\":{\"@id\":\"https:\\\/\\\/diariotextual.com\\\/inicio\\\/#organization\"},\"potentialAction\":[{\"@type\":\"SearchAction\",\"target\":{\"@type\":\"EntryPoint\",\"urlTemplate\":\"https:\\\/\\\/diariotextual.com\\\/inicio\\\/?s={search_term_string}\"},\"query-input\":{\"@type\":\"PropertyValueSpecification\",\"valueRequired\":true,\"valueName\":\"search_term_string\"}}],\"inLanguage\":\"es\"},{\"@type\":\"Organization\",\"@id\":\"https:\\\/\\\/diariotextual.com\\\/inicio\\\/#organization\",\"name\":\"Diario Textual\",\"url\":\"https:\\\/\\\/diariotextual.com\\\/inicio\\\/\",\"logo\":{\"@type\":\"ImageObject\",\"inLanguage\":\"es\",\"@id\":\"https:\\\/\\\/diariotextual.com\\\/inicio\\\/#\\\/schema\\\/logo\\\/image\\\/\",\"url\":\"https:\\\/\\\/diariotextual.com\\\/inicio\\\/wp-content\\\/uploads\\\/2023\\\/05\\\/logotextual1.jpg\",\"contentUrl\":\"https:\\\/\\\/diariotextual.com\\\/inicio\\\/wp-content\\\/uploads\\\/2023\\\/05\\\/logotextual1.jpg\",\"width\":516,\"height\":76,\"caption\":\"Diario Textual\"},\"image\":{\"@id\":\"https:\\\/\\\/diariotextual.com\\\/inicio\\\/#\\\/schema\\\/logo\\\/image\\\/\"},\"sameAs\":[\"https:\\\/\\\/www.facebook.com\\\/eltextual\",\"https:\\\/\\\/x.com\\\/eltextual\",\"http:\\\/\\\/www.instagram.com\\\/eltextual\"]},{\"@type\":\"Person\",\"@id\":\"https:\\\/\\\/diariotextual.com\\\/inicio\\\/#\\\/schema\\\/person\\\/694f60677f23c4a530867a98f22b3768\",\"name\":\"diario2\",\"image\":{\"@type\":\"ImageObject\",\"inLanguage\":\"es\",\"@id\":\"https:\\\/\\\/secure.gravatar.com\\\/avatar\\\/5a2567495ba16b852fcd8f1ed006a2e24fcace936018ed8237e95f488ad6e0a7?s=96&d=mm&r=g\",\"url\":\"https:\\\/\\\/secure.gravatar.com\\\/avatar\\\/5a2567495ba16b852fcd8f1ed006a2e24fcace936018ed8237e95f488ad6e0a7?s=96&d=mm&r=g\",\"contentUrl\":\"https:\\\/\\\/secure.gravatar.com\\\/avatar\\\/5a2567495ba16b852fcd8f1ed006a2e24fcace936018ed8237e95f488ad6e0a7?s=96&d=mm&r=g\",\"caption\":\"diario2\"},\"url\":\"https:\\\/\\\/diariotextual.com\\\/inicio\\\/index.php\\\/author\\\/diario2\\\/\"}]}<\/script>\n<!-- \/ Yoast SEO plugin. -->","yoast_head_json":{"title":"La tejedora pampeana Mabel Carripil\u00f3n fue reconocida con el Premio Hacedores 2023 - Diario Textual","robots":{"index":"index","follow":"follow","max-snippet":"max-snippet:-1","max-image-preview":"max-image-preview:large","max-video-preview":"max-video-preview:-1"},"canonical":"https:\/\/diariotextual.com\/inicio\/index.php\/2023\/05\/15\/la-tejedora-pampeana-mabel-carripilon-fue-reconocida-con-el-premio-hacedores-2023\/","og_locale":"es_ES","og_type":"article","og_title":"La tejedora pampeana Mabel Carripil\u00f3n fue reconocida con el Premio Hacedores 2023 - Diario Textual","og_description":"La artesana pampeana Mabel Lis Carripil\u00f3n fue reconocida con el Premio Hacedores 2023 por su labor como tejedora en telar tradicional. La premiaci\u00f3n se concret\u00f3 en la Ciudad de Buenos&hellip;","og_url":"https:\/\/diariotextual.com\/inicio\/index.php\/2023\/05\/15\/la-tejedora-pampeana-mabel-carripilon-fue-reconocida-con-el-premio-hacedores-2023\/","og_site_name":"Diario Textual","article_publisher":"https:\/\/www.facebook.com\/eltextual","article_published_time":"2023-05-16T00:37:29+00:00","article_modified_time":"2023-05-16T00:37:31+00:00","og_image":[{"width":1000,"height":667,"url":"https:\/\/diariotextual.com\/inicio\/wp-content\/uploads\/2023\/05\/carripilontejedorapremio43543.jpg","type":"image\/jpeg"}],"author":"diario2","twitter_card":"summary_large_image","twitter_creator":"@eltextual","twitter_site":"@eltextual","twitter_misc":{"Escrito por":"diario2","Tiempo de lectura":"2 minutos"},"schema":{"@context":"https:\/\/schema.org","@graph":[{"@type":"Article","@id":"https:\/\/diariotextual.com\/inicio\/index.php\/2023\/05\/15\/la-tejedora-pampeana-mabel-carripilon-fue-reconocida-con-el-premio-hacedores-2023\/#article","isPartOf":{"@id":"https:\/\/diariotextual.com\/inicio\/index.php\/2023\/05\/15\/la-tejedora-pampeana-mabel-carripilon-fue-reconocida-con-el-premio-hacedores-2023\/"},"author":{"name":"diario2","@id":"https:\/\/diariotextual.com\/inicio\/#\/schema\/person\/694f60677f23c4a530867a98f22b3768"},"headline":"La tejedora pampeana Mabel Carripil\u00f3n fue reconocida con el Premio Hacedores 2023","datePublished":"2023-05-16T00:37:29+00:00","dateModified":"2023-05-16T00:37:31+00:00","mainEntityOfPage":{"@id":"https:\/\/diariotextual.com\/inicio\/index.php\/2023\/05\/15\/la-tejedora-pampeana-mabel-carripilon-fue-reconocida-con-el-premio-hacedores-2023\/"},"wordCount":383,"publisher":{"@id":"https:\/\/diariotextual.com\/inicio\/#organization"},"image":{"@id":"https:\/\/diariotextual.com\/inicio\/index.php\/2023\/05\/15\/la-tejedora-pampeana-mabel-carripilon-fue-reconocida-con-el-premio-hacedores-2023\/#primaryimage"},"thumbnailUrl":"https:\/\/diariotextual.com\/inicio\/wp-content\/uploads\/2023\/05\/carripilontejedorapremio43543.jpg","articleSection":["A - ES NOTICIA (van abajo)","CULTURA"],"inLanguage":"es"},{"@type":"WebPage","@id":"https:\/\/diariotextual.com\/inicio\/index.php\/2023\/05\/15\/la-tejedora-pampeana-mabel-carripilon-fue-reconocida-con-el-premio-hacedores-2023\/","url":"https:\/\/diariotextual.com\/inicio\/index.php\/2023\/05\/15\/la-tejedora-pampeana-mabel-carripilon-fue-reconocida-con-el-premio-hacedores-2023\/","name":"La tejedora pampeana Mabel Carripil\u00f3n fue reconocida con el Premio Hacedores 2023 - Diario Textual","isPartOf":{"@id":"https:\/\/diariotextual.com\/inicio\/#website"},"primaryImageOfPage":{"@id":"https:\/\/diariotextual.com\/inicio\/index.php\/2023\/05\/15\/la-tejedora-pampeana-mabel-carripilon-fue-reconocida-con-el-premio-hacedores-2023\/#primaryimage"},"image":{"@id":"https:\/\/diariotextual.com\/inicio\/index.php\/2023\/05\/15\/la-tejedora-pampeana-mabel-carripilon-fue-reconocida-con-el-premio-hacedores-2023\/#primaryimage"},"thumbnailUrl":"https:\/\/diariotextual.com\/inicio\/wp-content\/uploads\/2023\/05\/carripilontejedorapremio43543.jpg","datePublished":"2023-05-16T00:37:29+00:00","dateModified":"2023-05-16T00:37:31+00:00","breadcrumb":{"@id":"https:\/\/diariotextual.com\/inicio\/index.php\/2023\/05\/15\/la-tejedora-pampeana-mabel-carripilon-fue-reconocida-con-el-premio-hacedores-2023\/#breadcrumb"},"inLanguage":"es","potentialAction":[{"@type":"ReadAction","target":["https:\/\/diariotextual.com\/inicio\/index.php\/2023\/05\/15\/la-tejedora-pampeana-mabel-carripilon-fue-reconocida-con-el-premio-hacedores-2023\/"]}]},{"@type":"ImageObject","inLanguage":"es","@id":"https:\/\/diariotextual.com\/inicio\/index.php\/2023\/05\/15\/la-tejedora-pampeana-mabel-carripilon-fue-reconocida-con-el-premio-hacedores-2023\/#primaryimage","url":"https:\/\/diariotextual.com\/inicio\/wp-content\/uploads\/2023\/05\/carripilontejedorapremio43543.jpg","contentUrl":"https:\/\/diariotextual.com\/inicio\/wp-content\/uploads\/2023\/05\/carripilontejedorapremio43543.jpg","width":1000,"height":667},{"@type":"BreadcrumbList","@id":"https:\/\/diariotextual.com\/inicio\/index.php\/2023\/05\/15\/la-tejedora-pampeana-mabel-carripilon-fue-reconocida-con-el-premio-hacedores-2023\/#breadcrumb","itemListElement":[{"@type":"ListItem","position":1,"name":"Portada","item":"https:\/\/diariotextual.com\/inicio\/"},{"@type":"ListItem","position":2,"name":"La tejedora pampeana Mabel Carripil\u00f3n fue reconocida con el Premio Hacedores 2023"}]},{"@type":"WebSite","@id":"https:\/\/diariotextual.com\/inicio\/#website","url":"https:\/\/diariotextual.com\/inicio\/","name":"Diario Textual","description":"","publisher":{"@id":"https:\/\/diariotextual.com\/inicio\/#organization"},"potentialAction":[{"@type":"SearchAction","target":{"@type":"EntryPoint","urlTemplate":"https:\/\/diariotextual.com\/inicio\/?s={search_term_string}"},"query-input":{"@type":"PropertyValueSpecification","valueRequired":true,"valueName":"search_term_string"}}],"inLanguage":"es"},{"@type":"Organization","@id":"https:\/\/diariotextual.com\/inicio\/#organization","name":"Diario Textual","url":"https:\/\/diariotextual.com\/inicio\/","logo":{"@type":"ImageObject","inLanguage":"es","@id":"https:\/\/diariotextual.com\/inicio\/#\/schema\/logo\/image\/","url":"https:\/\/diariotextual.com\/inicio\/wp-content\/uploads\/2023\/05\/logotextual1.jpg","contentUrl":"https:\/\/diariotextual.com\/inicio\/wp-content\/uploads\/2023\/05\/logotextual1.jpg","width":516,"height":76,"caption":"Diario Textual"},"image":{"@id":"https:\/\/diariotextual.com\/inicio\/#\/schema\/logo\/image\/"},"sameAs":["https:\/\/www.facebook.com\/eltextual","https:\/\/x.com\/eltextual","http:\/\/www.instagram.com\/eltextual"]},{"@type":"Person","@id":"https:\/\/diariotextual.com\/inicio\/#\/schema\/person\/694f60677f23c4a530867a98f22b3768","name":"diario2","image":{"@type":"ImageObject","inLanguage":"es","@id":"https:\/\/secure.gravatar.com\/avatar\/5a2567495ba16b852fcd8f1ed006a2e24fcace936018ed8237e95f488ad6e0a7?s=96&d=mm&r=g","url":"https:\/\/secure.gravatar.com\/avatar\/5a2567495ba16b852fcd8f1ed006a2e24fcace936018ed8237e95f488ad6e0a7?s=96&d=mm&r=g","contentUrl":"https:\/\/secure.gravatar.com\/avatar\/5a2567495ba16b852fcd8f1ed006a2e24fcace936018ed8237e95f488ad6e0a7?s=96&d=mm&r=g","caption":"diario2"},"url":"https:\/\/diariotextual.com\/inicio\/index.php\/author\/diario2\/"}]}},"_links":{"self":[{"href":"https:\/\/diariotextual.com\/inicio\/index.php\/wp-json\/wp\/v2\/posts\/225559","targetHints":{"allow":["GET"]}}],"collection":[{"href":"https:\/\/diariotextual.com\/inicio\/index.php\/wp-json\/wp\/v2\/posts"}],"about":[{"href":"https:\/\/diariotextual.com\/inicio\/index.php\/wp-json\/wp\/v2\/types\/post"}],"author":[{"embeddable":true,"href":"https:\/\/diariotextual.com\/inicio\/index.php\/wp-json\/wp\/v2\/users\/4"}],"replies":[{"embeddable":true,"href":"https:\/\/diariotextual.com\/inicio\/index.php\/wp-json\/wp\/v2\/comments?post=225559"}],"version-history":[{"count":1,"href":"https:\/\/diariotextual.com\/inicio\/index.php\/wp-json\/wp\/v2\/posts\/225559\/revisions"}],"predecessor-version":[{"id":225562,"href":"https:\/\/diariotextual.com\/inicio\/index.php\/wp-json\/wp\/v2\/posts\/225559\/revisions\/225562"}],"wp:featuredmedia":[{"embeddable":true,"href":"https:\/\/diariotextual.com\/inicio\/index.php\/wp-json\/wp\/v2\/media\/225561"}],"wp:attachment":[{"href":"https:\/\/diariotextual.com\/inicio\/index.php\/wp-json\/wp\/v2\/media?parent=225559"}],"wp:term":[{"taxonomy":"category","embeddable":true,"href":"https:\/\/diariotextual.com\/inicio\/index.php\/wp-json\/wp\/v2\/categories?post=225559"},{"taxonomy":"post_tag","embeddable":true,"href":"https:\/\/diariotextual.com\/inicio\/index.php\/wp-json\/wp\/v2\/tags?post=225559"}],"curies":[{"name":"wp","href":"https:\/\/api.w.org\/{rel}","templated":true}]}}