{"id":225564,"date":"2023-05-16T16:20:00","date_gmt":"2023-05-16T19:20:00","guid":{"rendered":"https:\/\/diariotextual.com\/inicio\/?p=225564"},"modified":"2023-05-17T18:20:10","modified_gmt":"2023-05-17T21:20:10","slug":"el-gobierno-y-docentes-en-paritarias-por-casos-de-violencia-en-escuelas","status":"publish","type":"post","link":"https:\/\/diariotextual.com\/inicio\/index.php\/2023\/05\/16\/el-gobierno-y-docentes-en-paritarias-por-casos-de-violencia-en-escuelas\/","title":{"rendered":"Gobierno y gremios acuerdan mesa interministerial para abordar casos de violencia escolar"},"content":{"rendered":"\n<p>Los gremios docentes Utelpa y AMET, y el Gobierno, acordaron este martes en paritaria la conformaci\u00f3n de una mesa interministerial para abordar la violencia en el \u00e1mbito escolar.<\/p>\n\n\n\n<p>Las partes acordaron tambi\u00e9n convocar para este jueves a la comisi\u00f3n de salud para evaluar condiciones laborales y el 23 reunir a la comisi\u00f3n de educaci\u00f3n para&nbsp;rediscutir la funci\u00f3n de algunos cargos.<\/p>\n\n\n\n<p>La reuni\u00f3n se llev\u00f3 adelante en la Subsecretar\u00eda de Coordinaci\u00f3n y, adem\u00e1s de los gremios, hubo presencia de docentes autoconvocados. La paritaria pas\u00f3 a cuarto intermedio hasta el 15 de junio a las 10 horas.<\/p>\n\n\n\n<p>La secretaria general de Utelpa, Rosana Gugliara, dio a conocer un comunicado de prensa. \u201cNo nos enferma el trabajo, nos enferman las condiciones laborales, por ello el pedido de una pronta respuesta\u201d, dijo.<\/p>\n\n\n\n<figure class=\"wp-block-image size-large\"><img fetchpriority=\"high\" decoding=\"async\" width=\"1024\" height=\"682\" src=\"https:\/\/diariotextual.com\/inicio\/wp-content\/uploads\/2023\/05\/paritariadocenteutelpaviolenciaescolar2023-1-1024x682.jpeg\" alt=\"\" class=\"wp-image-225645\" srcset=\"https:\/\/diariotextual.com\/inicio\/wp-content\/uploads\/2023\/05\/paritariadocenteutelpaviolenciaescolar2023-1-1024x682.jpeg 1024w, https:\/\/diariotextual.com\/inicio\/wp-content\/uploads\/2023\/05\/paritariadocenteutelpaviolenciaescolar2023-1-300x200.jpeg 300w, https:\/\/diariotextual.com\/inicio\/wp-content\/uploads\/2023\/05\/paritariadocenteutelpaviolenciaescolar2023-1-768x512.jpeg 768w, https:\/\/diariotextual.com\/inicio\/wp-content\/uploads\/2023\/05\/paritariadocenteutelpaviolenciaescolar2023-1-1536x1023.jpeg 1536w, https:\/\/diariotextual.com\/inicio\/wp-content\/uploads\/2023\/05\/paritariadocenteutelpaviolenciaescolar2023-1-1170x780.jpeg 1170w, https:\/\/diariotextual.com\/inicio\/wp-content\/uploads\/2023\/05\/paritariadocenteutelpaviolenciaescolar2023-1-585x390.jpeg 585w, https:\/\/diariotextual.com\/inicio\/wp-content\/uploads\/2023\/05\/paritariadocenteutelpaviolenciaescolar2023-1-263x175.jpeg 263w, https:\/\/diariotextual.com\/inicio\/wp-content\/uploads\/2023\/05\/paritariadocenteutelpaviolenciaescolar2023-1.jpeg 1600w\" sizes=\"(max-width: 1024px) 100vw, 1024px\" \/><\/figure>\n\n\n\n<p>\u201cDe la paritaria nos llevamos una Mesa de Trabajo para discutir cargos y tareas, a realizarse en lo inmediato; una Reuni\u00f3n Central Interministerial; y un nuevo encuentro paritario el 15 de junio\u201d, finaliz\u00f3.<\/p>\n\n\n\n<p><strong>La paritaria se abri\u00f3 frente a la presi\u00f3n de docentes autoconvocados, que alertaron de los casos de violencia en las escuelas.<\/strong> Entregaron una nota al Ministerio de Educaci\u00f3n y Utelpa. Incluso le pidieron al sindicato de Utelpa que convocara a un paro.<\/p>\n\n\n\n<p>En ese marco, desde Utelpa hicieron un plenario y dijeron que esos pedidos iban en \u201cconsonancia\u201d con sus reclamos ante el Gobierno. Definieron no hacer un paro, pero reiteraron el reclamo por paritarias para tratar el conflicto.<\/p>\n\n\n\n<p>Desde el Gobierno, inicialmente, se trat\u00f3 de bajar un tono al pedido: la subsecretaria de Educaci\u00f3n, Marcela Feuerschvenger, dijo que no hab\u00eda \u201cuna escalada de violencia\u201d en las escuelas y record\u00f3 que desde el a\u00f1o pasado se reformul\u00f3 un protocolo para abordar esos episodios en las instituciones educativas. Posteriormente, frente a la presi\u00f3n, se oficializ\u00f3 la convocatoria a la paritaria.<\/p>\n\n\n\n<p>Los <strong>autovonvocados<\/strong>, adem\u00e1s, <strong>el viernes pasado le entregaron una nota al gobernador Sergio Ziliotto, con 1700 firmas.<\/strong><\/p>\n\n\n\n<figure class=\"wp-block-embed is-type-wp-embed is-provider-diario-textual wp-block-embed-diario-textual\"><div class=\"wp-block-embed__wrapper\">\n<blockquote class=\"wp-embedded-content\" data-secret=\"RzxAYEirOh\"><a href=\"https:\/\/diariotextual.com\/inicio\/index.php\/2023\/05\/03\/autoconvocados-apuran-a-utelpa-y-reclaman-paro-por-violencia-en-las-escuelas\/\">Autoconvocados \u201capuran\u201d a Utelpa y reclaman paro por violencia en las escuelas<\/a><\/blockquote><iframe class=\"wp-embedded-content\" sandbox=\"allow-scripts\" security=\"restricted\" style=\"position: absolute; clip: rect(1px, 1px, 1px, 1px);\" title=\"\u00abAutoconvocados \u201capuran\u201d a Utelpa y reclaman paro por violencia en las escuelas\u00bb \u2014 Diario Textual\" src=\"https:\/\/diariotextual.com\/inicio\/index.php\/2023\/05\/03\/autoconvocados-apuran-a-utelpa-y-reclaman-paro-por-violencia-en-las-escuelas\/embed\/#?secret=EZAuaxXs62#?secret=RzxAYEirOh\" data-secret=\"RzxAYEirOh\" width=\"600\" height=\"338\" frameborder=\"0\" marginwidth=\"0\" marginheight=\"0\" scrolling=\"no\"><\/iframe>\n<\/div><\/figure>\n\n\n\n<p><\/p>\n","protected":false},"excerpt":{"rendered":"<p>Los gremios docentes Utelpa y AMET, y el Gobierno, acordaron este martes en paritaria la conformaci\u00f3n de una mesa interministerial para abordar la violencia en el \u00e1mbito escolar. Las partes&hellip;<\/p>\n","protected":false},"author":3,"featured_media":225644,"comment_status":"closed","ping_status":"open","sticky":false,"template":"","format":"standard","meta":{"_acf_changed":false,"footnotes":""},"categories":[11,12],"tags":[],"class_list":["post-225564","post","type-post","status-publish","format-standard","has-post-thumbnail","hentry","category-que-pasa","category-sociedad"],"acf":[],"yoast_head":"<!-- This site is optimized with the Yoast SEO plugin v27.5 - https:\/\/yoast.com\/product\/yoast-seo-wordpress\/ -->\n<title>Gobierno y gremios acuerdan mesa interministerial para abordar casos de violencia escolar - Diario Textual<\/title>\n<meta name=\"robots\" content=\"index, follow, max-snippet:-1, max-image-preview:large, max-video-preview:-1\" \/>\n<link rel=\"canonical\" href=\"https:\/\/diariotextual.com\/inicio\/index.php\/2023\/05\/16\/el-gobierno-y-docentes-en-paritarias-por-casos-de-violencia-en-escuelas\/\" \/>\n<meta property=\"og:locale\" content=\"es_ES\" \/>\n<meta property=\"og:type\" content=\"article\" \/>\n<meta property=\"og:title\" content=\"Gobierno y gremios acuerdan mesa interministerial para abordar casos de violencia escolar - Diario Textual\" \/>\n<meta property=\"og:description\" content=\"Los gremios docentes Utelpa y AMET, y el Gobierno, acordaron este martes en paritaria la conformaci\u00f3n de una mesa interministerial para abordar la violencia en el \u00e1mbito escolar. Las partes&hellip;\" \/>\n<meta property=\"og:url\" content=\"https:\/\/diariotextual.com\/inicio\/index.php\/2023\/05\/16\/el-gobierno-y-docentes-en-paritarias-por-casos-de-violencia-en-escuelas\/\" \/>\n<meta property=\"og:site_name\" content=\"Diario Textual\" \/>\n<meta property=\"article:publisher\" content=\"https:\/\/www.facebook.com\/eltextual\" \/>\n<meta property=\"article:published_time\" content=\"2023-05-16T19:20:00+00:00\" \/>\n<meta property=\"article:modified_time\" content=\"2023-05-17T21:20:10+00:00\" \/>\n<meta property=\"og:image\" content=\"https:\/\/diariotextual.com\/inicio\/wp-content\/uploads\/2023\/05\/paritariadocenteutelpaviolenciaescolarviolenciaescuelas2023-02.jpeg\" \/>\n\t<meta property=\"og:image:width\" content=\"1600\" \/>\n\t<meta property=\"og:image:height\" content=\"1066\" \/>\n\t<meta property=\"og:image:type\" content=\"image\/jpeg\" \/>\n<meta name=\"author\" content=\"Diario1 Diario1\" \/>\n<meta name=\"twitter:card\" content=\"summary_large_image\" \/>\n<meta name=\"twitter:creator\" content=\"@eltextual\" \/>\n<meta name=\"twitter:site\" content=\"@eltextual\" \/>\n<meta name=\"twitter:label1\" content=\"Escrito por\" \/>\n\t<meta name=\"twitter:data1\" content=\"Diario1 Diario1\" \/>\n\t<meta name=\"twitter:label2\" content=\"Tiempo de lectura\" \/>\n\t<meta name=\"twitter:data2\" content=\"2 minutos\" \/>\n<script type=\"application\/ld+json\" class=\"yoast-schema-graph\">{\"@context\":\"https:\\\/\\\/schema.org\",\"@graph\":[{\"@type\":\"Article\",\"@id\":\"https:\\\/\\\/diariotextual.com\\\/inicio\\\/index.php\\\/2023\\\/05\\\/16\\\/el-gobierno-y-docentes-en-paritarias-por-casos-de-violencia-en-escuelas\\\/#article\",\"isPartOf\":{\"@id\":\"https:\\\/\\\/diariotextual.com\\\/inicio\\\/index.php\\\/2023\\\/05\\\/16\\\/el-gobierno-y-docentes-en-paritarias-por-casos-de-violencia-en-escuelas\\\/\"},\"author\":{\"name\":\"Diario1 Diario1\",\"@id\":\"https:\\\/\\\/diariotextual.com\\\/inicio\\\/#\\\/schema\\\/person\\\/418fc4093c33e86ed41562db3508f958\"},\"headline\":\"Gobierno y gremios acuerdan mesa interministerial para abordar casos de violencia escolar\",\"datePublished\":\"2023-05-16T19:20:00+00:00\",\"dateModified\":\"2023-05-17T21:20:10+00:00\",\"mainEntityOfPage\":{\"@id\":\"https:\\\/\\\/diariotextual.com\\\/inicio\\\/index.php\\\/2023\\\/05\\\/16\\\/el-gobierno-y-docentes-en-paritarias-por-casos-de-violencia-en-escuelas\\\/\"},\"wordCount\":351,\"publisher\":{\"@id\":\"https:\\\/\\\/diariotextual.com\\\/inicio\\\/#organization\"},\"image\":{\"@id\":\"https:\\\/\\\/diariotextual.com\\\/inicio\\\/index.php\\\/2023\\\/05\\\/16\\\/el-gobierno-y-docentes-en-paritarias-por-casos-de-violencia-en-escuelas\\\/#primaryimage\"},\"thumbnailUrl\":\"https:\\\/\\\/diariotextual.com\\\/inicio\\\/wp-content\\\/uploads\\\/2023\\\/05\\\/paritariadocenteutelpaviolenciaescolarviolenciaescuelas2023-02.jpeg\",\"articleSection\":[\"A - QUE PASA (al costado)\",\"SOCIEDAD\"],\"inLanguage\":\"es\"},{\"@type\":\"WebPage\",\"@id\":\"https:\\\/\\\/diariotextual.com\\\/inicio\\\/index.php\\\/2023\\\/05\\\/16\\\/el-gobierno-y-docentes-en-paritarias-por-casos-de-violencia-en-escuelas\\\/\",\"url\":\"https:\\\/\\\/diariotextual.com\\\/inicio\\\/index.php\\\/2023\\\/05\\\/16\\\/el-gobierno-y-docentes-en-paritarias-por-casos-de-violencia-en-escuelas\\\/\",\"name\":\"Gobierno y gremios acuerdan mesa interministerial para abordar casos de violencia escolar - Diario Textual\",\"isPartOf\":{\"@id\":\"https:\\\/\\\/diariotextual.com\\\/inicio\\\/#website\"},\"primaryImageOfPage\":{\"@id\":\"https:\\\/\\\/diariotextual.com\\\/inicio\\\/index.php\\\/2023\\\/05\\\/16\\\/el-gobierno-y-docentes-en-paritarias-por-casos-de-violencia-en-escuelas\\\/#primaryimage\"},\"image\":{\"@id\":\"https:\\\/\\\/diariotextual.com\\\/inicio\\\/index.php\\\/2023\\\/05\\\/16\\\/el-gobierno-y-docentes-en-paritarias-por-casos-de-violencia-en-escuelas\\\/#primaryimage\"},\"thumbnailUrl\":\"https:\\\/\\\/diariotextual.com\\\/inicio\\\/wp-content\\\/uploads\\\/2023\\\/05\\\/paritariadocenteutelpaviolenciaescolarviolenciaescuelas2023-02.jpeg\",\"datePublished\":\"2023-05-16T19:20:00+00:00\",\"dateModified\":\"2023-05-17T21:20:10+00:00\",\"breadcrumb\":{\"@id\":\"https:\\\/\\\/diariotextual.com\\\/inicio\\\/index.php\\\/2023\\\/05\\\/16\\\/el-gobierno-y-docentes-en-paritarias-por-casos-de-violencia-en-escuelas\\\/#breadcrumb\"},\"inLanguage\":\"es\",\"potentialAction\":[{\"@type\":\"ReadAction\",\"target\":[\"https:\\\/\\\/diariotextual.com\\\/inicio\\\/index.php\\\/2023\\\/05\\\/16\\\/el-gobierno-y-docentes-en-paritarias-por-casos-de-violencia-en-escuelas\\\/\"]}]},{\"@type\":\"ImageObject\",\"inLanguage\":\"es\",\"@id\":\"https:\\\/\\\/diariotextual.com\\\/inicio\\\/index.php\\\/2023\\\/05\\\/16\\\/el-gobierno-y-docentes-en-paritarias-por-casos-de-violencia-en-escuelas\\\/#primaryimage\",\"url\":\"https:\\\/\\\/diariotextual.com\\\/inicio\\\/wp-content\\\/uploads\\\/2023\\\/05\\\/paritariadocenteutelpaviolenciaescolarviolenciaescuelas2023-02.jpeg\",\"contentUrl\":\"https:\\\/\\\/diariotextual.com\\\/inicio\\\/wp-content\\\/uploads\\\/2023\\\/05\\\/paritariadocenteutelpaviolenciaescolarviolenciaescuelas2023-02.jpeg\",\"width\":1600,\"height\":1066},{\"@type\":\"BreadcrumbList\",\"@id\":\"https:\\\/\\\/diariotextual.com\\\/inicio\\\/index.php\\\/2023\\\/05\\\/16\\\/el-gobierno-y-docentes-en-paritarias-por-casos-de-violencia-en-escuelas\\\/#breadcrumb\",\"itemListElement\":[{\"@type\":\"ListItem\",\"position\":1,\"name\":\"Portada\",\"item\":\"https:\\\/\\\/diariotextual.com\\\/inicio\\\/\"},{\"@type\":\"ListItem\",\"position\":2,\"name\":\"Gobierno y gremios acuerdan mesa interministerial para abordar casos de violencia escolar\"}]},{\"@type\":\"WebSite\",\"@id\":\"https:\\\/\\\/diariotextual.com\\\/inicio\\\/#website\",\"url\":\"https:\\\/\\\/diariotextual.com\\\/inicio\\\/\",\"name\":\"Diario Textual\",\"description\":\"\",\"publisher\":{\"@id\":\"https:\\\/\\\/diariotextual.com\\\/inicio\\\/#organization\"},\"potentialAction\":[{\"@type\":\"SearchAction\",\"target\":{\"@type\":\"EntryPoint\",\"urlTemplate\":\"https:\\\/\\\/diariotextual.com\\\/inicio\\\/?s={search_term_string}\"},\"query-input\":{\"@type\":\"PropertyValueSpecification\",\"valueRequired\":true,\"valueName\":\"search_term_string\"}}],\"inLanguage\":\"es\"},{\"@type\":\"Organization\",\"@id\":\"https:\\\/\\\/diariotextual.com\\\/inicio\\\/#organization\",\"name\":\"Diario Textual\",\"url\":\"https:\\\/\\\/diariotextual.com\\\/inicio\\\/\",\"logo\":{\"@type\":\"ImageObject\",\"inLanguage\":\"es\",\"@id\":\"https:\\\/\\\/diariotextual.com\\\/inicio\\\/#\\\/schema\\\/logo\\\/image\\\/\",\"url\":\"https:\\\/\\\/diariotextual.com\\\/inicio\\\/wp-content\\\/uploads\\\/2023\\\/05\\\/logotextual1.jpg\",\"contentUrl\":\"https:\\\/\\\/diariotextual.com\\\/inicio\\\/wp-content\\\/uploads\\\/2023\\\/05\\\/logotextual1.jpg\",\"width\":516,\"height\":76,\"caption\":\"Diario Textual\"},\"image\":{\"@id\":\"https:\\\/\\\/diariotextual.com\\\/inicio\\\/#\\\/schema\\\/logo\\\/image\\\/\"},\"sameAs\":[\"https:\\\/\\\/www.facebook.com\\\/eltextual\",\"https:\\\/\\\/x.com\\\/eltextual\",\"http:\\\/\\\/www.instagram.com\\\/eltextual\"]},{\"@type\":\"Person\",\"@id\":\"https:\\\/\\\/diariotextual.com\\\/inicio\\\/#\\\/schema\\\/person\\\/418fc4093c33e86ed41562db3508f958\",\"name\":\"Diario1 Diario1\",\"image\":{\"@type\":\"ImageObject\",\"inLanguage\":\"es\",\"@id\":\"https:\\\/\\\/secure.gravatar.com\\\/avatar\\\/9167d280179c85bc18be67aa7eda765854300033af4896dd779b608640f2ef7a?s=96&d=mm&r=g\",\"url\":\"https:\\\/\\\/secure.gravatar.com\\\/avatar\\\/9167d280179c85bc18be67aa7eda765854300033af4896dd779b608640f2ef7a?s=96&d=mm&r=g\",\"contentUrl\":\"https:\\\/\\\/secure.gravatar.com\\\/avatar\\\/9167d280179c85bc18be67aa7eda765854300033af4896dd779b608640f2ef7a?s=96&d=mm&r=g\",\"caption\":\"Diario1 Diario1\"},\"url\":\"https:\\\/\\\/diariotextual.com\\\/inicio\\\/index.php\\\/author\\\/diario1\\\/\"}]}<\/script>\n<!-- \/ Yoast SEO plugin. -->","yoast_head_json":{"title":"Gobierno y gremios acuerdan mesa interministerial para abordar casos de violencia escolar - Diario Textual","robots":{"index":"index","follow":"follow","max-snippet":"max-snippet:-1","max-image-preview":"max-image-preview:large","max-video-preview":"max-video-preview:-1"},"canonical":"https:\/\/diariotextual.com\/inicio\/index.php\/2023\/05\/16\/el-gobierno-y-docentes-en-paritarias-por-casos-de-violencia-en-escuelas\/","og_locale":"es_ES","og_type":"article","og_title":"Gobierno y gremios acuerdan mesa interministerial para abordar casos de violencia escolar - Diario Textual","og_description":"Los gremios docentes Utelpa y AMET, y el Gobierno, acordaron este martes en paritaria la conformaci\u00f3n de una mesa interministerial para abordar la violencia en el \u00e1mbito escolar. Las partes&hellip;","og_url":"https:\/\/diariotextual.com\/inicio\/index.php\/2023\/05\/16\/el-gobierno-y-docentes-en-paritarias-por-casos-de-violencia-en-escuelas\/","og_site_name":"Diario Textual","article_publisher":"https:\/\/www.facebook.com\/eltextual","article_published_time":"2023-05-16T19:20:00+00:00","article_modified_time":"2023-05-17T21:20:10+00:00","og_image":[{"width":1600,"height":1066,"url":"https:\/\/diariotextual.com\/inicio\/wp-content\/uploads\/2023\/05\/paritariadocenteutelpaviolenciaescolarviolenciaescuelas2023-02.jpeg","type":"image\/jpeg"}],"author":"Diario1 Diario1","twitter_card":"summary_large_image","twitter_creator":"@eltextual","twitter_site":"@eltextual","twitter_misc":{"Escrito por":"Diario1 Diario1","Tiempo de lectura":"2 minutos"},"schema":{"@context":"https:\/\/schema.org","@graph":[{"@type":"Article","@id":"https:\/\/diariotextual.com\/inicio\/index.php\/2023\/05\/16\/el-gobierno-y-docentes-en-paritarias-por-casos-de-violencia-en-escuelas\/#article","isPartOf":{"@id":"https:\/\/diariotextual.com\/inicio\/index.php\/2023\/05\/16\/el-gobierno-y-docentes-en-paritarias-por-casos-de-violencia-en-escuelas\/"},"author":{"name":"Diario1 Diario1","@id":"https:\/\/diariotextual.com\/inicio\/#\/schema\/person\/418fc4093c33e86ed41562db3508f958"},"headline":"Gobierno y gremios acuerdan mesa interministerial para abordar casos de violencia escolar","datePublished":"2023-05-16T19:20:00+00:00","dateModified":"2023-05-17T21:20:10+00:00","mainEntityOfPage":{"@id":"https:\/\/diariotextual.com\/inicio\/index.php\/2023\/05\/16\/el-gobierno-y-docentes-en-paritarias-por-casos-de-violencia-en-escuelas\/"},"wordCount":351,"publisher":{"@id":"https:\/\/diariotextual.com\/inicio\/#organization"},"image":{"@id":"https:\/\/diariotextual.com\/inicio\/index.php\/2023\/05\/16\/el-gobierno-y-docentes-en-paritarias-por-casos-de-violencia-en-escuelas\/#primaryimage"},"thumbnailUrl":"https:\/\/diariotextual.com\/inicio\/wp-content\/uploads\/2023\/05\/paritariadocenteutelpaviolenciaescolarviolenciaescuelas2023-02.jpeg","articleSection":["A - QUE PASA (al costado)","SOCIEDAD"],"inLanguage":"es"},{"@type":"WebPage","@id":"https:\/\/diariotextual.com\/inicio\/index.php\/2023\/05\/16\/el-gobierno-y-docentes-en-paritarias-por-casos-de-violencia-en-escuelas\/","url":"https:\/\/diariotextual.com\/inicio\/index.php\/2023\/05\/16\/el-gobierno-y-docentes-en-paritarias-por-casos-de-violencia-en-escuelas\/","name":"Gobierno y gremios acuerdan mesa interministerial para abordar casos de violencia escolar - Diario Textual","isPartOf":{"@id":"https:\/\/diariotextual.com\/inicio\/#website"},"primaryImageOfPage":{"@id":"https:\/\/diariotextual.com\/inicio\/index.php\/2023\/05\/16\/el-gobierno-y-docentes-en-paritarias-por-casos-de-violencia-en-escuelas\/#primaryimage"},"image":{"@id":"https:\/\/diariotextual.com\/inicio\/index.php\/2023\/05\/16\/el-gobierno-y-docentes-en-paritarias-por-casos-de-violencia-en-escuelas\/#primaryimage"},"thumbnailUrl":"https:\/\/diariotextual.com\/inicio\/wp-content\/uploads\/2023\/05\/paritariadocenteutelpaviolenciaescolarviolenciaescuelas2023-02.jpeg","datePublished":"2023-05-16T19:20:00+00:00","dateModified":"2023-05-17T21:20:10+00:00","breadcrumb":{"@id":"https:\/\/diariotextual.com\/inicio\/index.php\/2023\/05\/16\/el-gobierno-y-docentes-en-paritarias-por-casos-de-violencia-en-escuelas\/#breadcrumb"},"inLanguage":"es","potentialAction":[{"@type":"ReadAction","target":["https:\/\/diariotextual.com\/inicio\/index.php\/2023\/05\/16\/el-gobierno-y-docentes-en-paritarias-por-casos-de-violencia-en-escuelas\/"]}]},{"@type":"ImageObject","inLanguage":"es","@id":"https:\/\/diariotextual.com\/inicio\/index.php\/2023\/05\/16\/el-gobierno-y-docentes-en-paritarias-por-casos-de-violencia-en-escuelas\/#primaryimage","url":"https:\/\/diariotextual.com\/inicio\/wp-content\/uploads\/2023\/05\/paritariadocenteutelpaviolenciaescolarviolenciaescuelas2023-02.jpeg","contentUrl":"https:\/\/diariotextual.com\/inicio\/wp-content\/uploads\/2023\/05\/paritariadocenteutelpaviolenciaescolarviolenciaescuelas2023-02.jpeg","width":1600,"height":1066},{"@type":"BreadcrumbList","@id":"https:\/\/diariotextual.com\/inicio\/index.php\/2023\/05\/16\/el-gobierno-y-docentes-en-paritarias-por-casos-de-violencia-en-escuelas\/#breadcrumb","itemListElement":[{"@type":"ListItem","position":1,"name":"Portada","item":"https:\/\/diariotextual.com\/inicio\/"},{"@type":"ListItem","position":2,"name":"Gobierno y gremios acuerdan mesa interministerial para abordar casos de violencia escolar"}]},{"@type":"WebSite","@id":"https:\/\/diariotextual.com\/inicio\/#website","url":"https:\/\/diariotextual.com\/inicio\/","name":"Diario Textual","description":"","publisher":{"@id":"https:\/\/diariotextual.com\/inicio\/#organization"},"potentialAction":[{"@type":"SearchAction","target":{"@type":"EntryPoint","urlTemplate":"https:\/\/diariotextual.com\/inicio\/?s={search_term_string}"},"query-input":{"@type":"PropertyValueSpecification","valueRequired":true,"valueName":"search_term_string"}}],"inLanguage":"es"},{"@type":"Organization","@id":"https:\/\/diariotextual.com\/inicio\/#organization","name":"Diario Textual","url":"https:\/\/diariotextual.com\/inicio\/","logo":{"@type":"ImageObject","inLanguage":"es","@id":"https:\/\/diariotextual.com\/inicio\/#\/schema\/logo\/image\/","url":"https:\/\/diariotextual.com\/inicio\/wp-content\/uploads\/2023\/05\/logotextual1.jpg","contentUrl":"https:\/\/diariotextual.com\/inicio\/wp-content\/uploads\/2023\/05\/logotextual1.jpg","width":516,"height":76,"caption":"Diario Textual"},"image":{"@id":"https:\/\/diariotextual.com\/inicio\/#\/schema\/logo\/image\/"},"sameAs":["https:\/\/www.facebook.com\/eltextual","https:\/\/x.com\/eltextual","http:\/\/www.instagram.com\/eltextual"]},{"@type":"Person","@id":"https:\/\/diariotextual.com\/inicio\/#\/schema\/person\/418fc4093c33e86ed41562db3508f958","name":"Diario1 Diario1","image":{"@type":"ImageObject","inLanguage":"es","@id":"https:\/\/secure.gravatar.com\/avatar\/9167d280179c85bc18be67aa7eda765854300033af4896dd779b608640f2ef7a?s=96&d=mm&r=g","url":"https:\/\/secure.gravatar.com\/avatar\/9167d280179c85bc18be67aa7eda765854300033af4896dd779b608640f2ef7a?s=96&d=mm&r=g","contentUrl":"https:\/\/secure.gravatar.com\/avatar\/9167d280179c85bc18be67aa7eda765854300033af4896dd779b608640f2ef7a?s=96&d=mm&r=g","caption":"Diario1 Diario1"},"url":"https:\/\/diariotextual.com\/inicio\/index.php\/author\/diario1\/"}]}},"_links":{"self":[{"href":"https:\/\/diariotextual.com\/inicio\/index.php\/wp-json\/wp\/v2\/posts\/225564","targetHints":{"allow":["GET"]}}],"collection":[{"href":"https:\/\/diariotextual.com\/inicio\/index.php\/wp-json\/wp\/v2\/posts"}],"about":[{"href":"https:\/\/diariotextual.com\/inicio\/index.php\/wp-json\/wp\/v2\/types\/post"}],"author":[{"embeddable":true,"href":"https:\/\/diariotextual.com\/inicio\/index.php\/wp-json\/wp\/v2\/users\/3"}],"replies":[{"embeddable":true,"href":"https:\/\/diariotextual.com\/inicio\/index.php\/wp-json\/wp\/v2\/comments?post=225564"}],"version-history":[{"count":14,"href":"https:\/\/diariotextual.com\/inicio\/index.php\/wp-json\/wp\/v2\/posts\/225564\/revisions"}],"predecessor-version":[{"id":225647,"href":"https:\/\/diariotextual.com\/inicio\/index.php\/wp-json\/wp\/v2\/posts\/225564\/revisions\/225647"}],"wp:featuredmedia":[{"embeddable":true,"href":"https:\/\/diariotextual.com\/inicio\/index.php\/wp-json\/wp\/v2\/media\/225644"}],"wp:attachment":[{"href":"https:\/\/diariotextual.com\/inicio\/index.php\/wp-json\/wp\/v2\/media?parent=225564"}],"wp:term":[{"taxonomy":"category","embeddable":true,"href":"https:\/\/diariotextual.com\/inicio\/index.php\/wp-json\/wp\/v2\/categories?post=225564"},{"taxonomy":"post_tag","embeddable":true,"href":"https:\/\/diariotextual.com\/inicio\/index.php\/wp-json\/wp\/v2\/tags?post=225564"}],"curies":[{"name":"wp","href":"https:\/\/api.w.org\/{rel}","templated":true}]}}