{"id":225587,"date":"2023-05-16T07:32:35","date_gmt":"2023-05-16T10:32:35","guid":{"rendered":"https:\/\/diariotextual.com\/inicio\/?p=225587"},"modified":"2023-05-16T09:35:02","modified_gmt":"2023-05-16T12:35:02","slug":"como-acceder-a-la-tarjeta-social-para-personas-celiacas","status":"publish","type":"post","link":"https:\/\/diariotextual.com\/inicio\/index.php\/2023\/05\/16\/como-acceder-a-la-tarjeta-social-para-personas-celiacas\/","title":{"rendered":"C\u00f3mo acceder a la Tarjeta Social para personas cel\u00edacas"},"content":{"rendered":"\n<p>El Gobierno provincial asiste a personas con celiaqu\u00eda, a trav\u00e9s del programa<strong> Tarjeta Social y Multiplicadores en Educaci\u00f3n Alimentaria Nutricional.<\/strong><\/p>\n\n\n\n<p>Esta iniciativa se lleva adelante desde la Direcci\u00f3n General de Planificaci\u00f3n y Evaluaci\u00f3n de Proyectos (DGPyEPS) y tiene por objetivo lograr una alimentaci\u00f3n arm\u00f3nica y adecuada de este grupo poblacional.<\/p>\n\n\n\n<p>Los <strong>requisitos <\/strong>para acceder a la tarjeta son:<br>\u2022\u00a0 Presentaci\u00f3n de certificado m\u00e9dico con diagn\u00f3stico<br>\u2022\u00a0 Realizaci\u00f3n de encuesta social Pilquen<br>\u2022\u00a0 No poseer obra social ni prepaga<br>\u2022\u00a0 Residencia en la Provincia<br><br>La prestaci\u00f3n consta de un <strong>dep\u00f3sito monetario mensual<\/strong> destinado a la compra de alimentos sin TACC (trigo, avena, cebada y centeno).<\/p>\n\n\n\n<p>En caso de consultas las personas pueden comunicarse al n\u00famero de tel\u00e9fono 0800-999-8663 (Ministerio de Desarrollo Social de La Pampa).<\/p>\n\n\n\n<p>Por otra parte, se implementan programas con caracter\u00edsticas educativas y promocionales, como lo es Multiplicadores en Educaci\u00f3n Alimentaria Nutricional (EAN). El mismo se desarrolla en toda la Provincia a partir de encuentros regionales, donde se brindan herramientas te\u00f3rico-pr\u00e1cticas para generar cambios de h\u00e1bito en la poblaci\u00f3n y favorecer una vida m\u00e1s saludable.<\/p>\n\n\n\n<p>Todas las actividades que se implementan desde el Ministerio de Desarrollo Social, son en el marco de los Objetivos de Desarrollo Sostenible, con la intenci\u00f3n de lograr un futuro mejor y m\u00e1s sostenible para todas las personas.<\/p>\n\n\n\n<p>En el marco de la semana del D\u00eda Mundial de la Celiaqu\u00eda, la titular de la (DGPyEPS), Laura Ramborger, junto a Anabel Romero y Soledad Mart\u00ednez; con la representante del \u00a0Ministerio de Salud, Carolina Gallo, presentaron recientemente el Programa Tarjeta Social para personas con celiaqu\u00eda y Multiplicadores en Educaci\u00f3n Alimentaria Nutricional (EAN), en el que participaron alrededor de 50 personas, con el fin de brindar informaci\u00f3n a la comunidad sobre su implementaci\u00f3n.<\/p>\n\n\n\n<p>La actividad form\u00f3 parte de la agenda de la Semana Mundial de la Celiaqu\u00eda, organizadas por ACELA. Se realiz\u00f3 de manera virtual la \u201cJornada: D\u00eda Internacional de la Enfermedad Cel\u00edaca\u201d, organizada por la Direcci\u00f3n Nacional de Seguridad Alimentaria y la Direcci\u00f3n de Pol\u00edticas de Seguridad Alimentaria pertenecientes a la Secretar\u00eda de Inclusi\u00f3n Social del Ministerio de Desarrollo Social de la Naci\u00f3n. All\u00ed se\u00a0present\u00f3 el Informe de Monitoreo sobre la l\u00ednea de proyectos de Asistencia Alimentaria y Educaci\u00f3n Alimentaria Nutricional (EAN) para titulares de derecho con celiaqu\u00eda y dos experiencias provinciales implementadas en Neuqu\u00e9n y Buenos Aires.<\/p>\n\n\n\n<p>Estas jornadas de exposiciones y talleres, resultaron en ricos espacios de intercambio y aprendizaje colectivo.<\/p>\n","protected":false},"excerpt":{"rendered":"<p>El Gobierno provincial asiste a personas con celiaqu\u00eda, a trav\u00e9s del programa Tarjeta Social y Multiplicadores en Educaci\u00f3n Alimentaria Nutricional. Esta iniciativa se lleva adelante desde la Direcci\u00f3n General de&hellip;<\/p>\n","protected":false},"author":4,"featured_media":20165,"comment_status":"closed","ping_status":"open","sticky":false,"template":"","format":"standard","meta":{"_acf_changed":false,"footnotes":""},"categories":[1,12],"tags":[],"class_list":["post-225587","post","type-post","status-publish","format-standard","has-post-thumbnail","hentry","category-es-noticia","category-sociedad"],"acf":[],"yoast_head":"<!-- This site is optimized with the Yoast SEO plugin v27.5 - https:\/\/yoast.com\/product\/yoast-seo-wordpress\/ -->\n<title>C\u00f3mo acceder a la Tarjeta Social para personas cel\u00edacas - Diario Textual<\/title>\n<meta name=\"robots\" content=\"index, follow, max-snippet:-1, max-image-preview:large, max-video-preview:-1\" \/>\n<link rel=\"canonical\" href=\"https:\/\/diariotextual.com\/inicio\/index.php\/2023\/05\/16\/como-acceder-a-la-tarjeta-social-para-personas-celiacas\/\" \/>\n<meta property=\"og:locale\" content=\"es_ES\" \/>\n<meta property=\"og:type\" content=\"article\" \/>\n<meta property=\"og:title\" content=\"C\u00f3mo acceder a la Tarjeta Social para personas cel\u00edacas - Diario Textual\" \/>\n<meta property=\"og:description\" content=\"El Gobierno provincial asiste a personas con celiaqu\u00eda, a trav\u00e9s del programa Tarjeta Social y Multiplicadores en Educaci\u00f3n Alimentaria Nutricional. Esta iniciativa se lleva adelante desde la Direcci\u00f3n General de&hellip;\" \/>\n<meta property=\"og:url\" content=\"https:\/\/diariotextual.com\/inicio\/index.php\/2023\/05\/16\/como-acceder-a-la-tarjeta-social-para-personas-celiacas\/\" \/>\n<meta property=\"og:site_name\" content=\"Diario Textual\" \/>\n<meta property=\"article:publisher\" content=\"https:\/\/www.facebook.com\/eltextual\" \/>\n<meta property=\"article:published_time\" content=\"2023-05-16T10:32:35+00:00\" \/>\n<meta property=\"article:modified_time\" content=\"2023-05-16T12:35:02+00:00\" \/>\n<meta property=\"og:image\" content=\"https:\/\/diariotextual.com\/inicio\/wp-content\/uploads\/2018\/09\/gondolaceliacos.jpg\" \/>\n\t<meta property=\"og:image:width\" content=\"1024\" \/>\n\t<meta property=\"og:image:height\" content=\"576\" \/>\n\t<meta property=\"og:image:type\" content=\"image\/jpeg\" \/>\n<meta name=\"author\" content=\"diario2\" \/>\n<meta name=\"twitter:card\" content=\"summary_large_image\" \/>\n<meta name=\"twitter:creator\" content=\"@eltextual\" \/>\n<meta name=\"twitter:site\" content=\"@eltextual\" \/>\n<meta name=\"twitter:label1\" content=\"Escrito por\" \/>\n\t<meta name=\"twitter:data1\" content=\"diario2\" \/>\n\t<meta name=\"twitter:label2\" content=\"Tiempo de lectura\" \/>\n\t<meta name=\"twitter:data2\" content=\"2 minutos\" \/>\n<script type=\"application\/ld+json\" class=\"yoast-schema-graph\">{\"@context\":\"https:\\\/\\\/schema.org\",\"@graph\":[{\"@type\":\"Article\",\"@id\":\"https:\\\/\\\/diariotextual.com\\\/inicio\\\/index.php\\\/2023\\\/05\\\/16\\\/como-acceder-a-la-tarjeta-social-para-personas-celiacas\\\/#article\",\"isPartOf\":{\"@id\":\"https:\\\/\\\/diariotextual.com\\\/inicio\\\/index.php\\\/2023\\\/05\\\/16\\\/como-acceder-a-la-tarjeta-social-para-personas-celiacas\\\/\"},\"author\":{\"name\":\"diario2\",\"@id\":\"https:\\\/\\\/diariotextual.com\\\/inicio\\\/#\\\/schema\\\/person\\\/694f60677f23c4a530867a98f22b3768\"},\"headline\":\"C\u00f3mo acceder a la Tarjeta Social para personas cel\u00edacas\",\"datePublished\":\"2023-05-16T10:32:35+00:00\",\"dateModified\":\"2023-05-16T12:35:02+00:00\",\"mainEntityOfPage\":{\"@id\":\"https:\\\/\\\/diariotextual.com\\\/inicio\\\/index.php\\\/2023\\\/05\\\/16\\\/como-acceder-a-la-tarjeta-social-para-personas-celiacas\\\/\"},\"wordCount\":449,\"publisher\":{\"@id\":\"https:\\\/\\\/diariotextual.com\\\/inicio\\\/#organization\"},\"image\":{\"@id\":\"https:\\\/\\\/diariotextual.com\\\/inicio\\\/index.php\\\/2023\\\/05\\\/16\\\/como-acceder-a-la-tarjeta-social-para-personas-celiacas\\\/#primaryimage\"},\"thumbnailUrl\":\"https:\\\/\\\/diariotextual.com\\\/inicio\\\/wp-content\\\/uploads\\\/2018\\\/09\\\/gondolaceliacos.jpg\",\"articleSection\":[\"A - ES NOTICIA (van abajo)\",\"SOCIEDAD\"],\"inLanguage\":\"es\"},{\"@type\":\"WebPage\",\"@id\":\"https:\\\/\\\/diariotextual.com\\\/inicio\\\/index.php\\\/2023\\\/05\\\/16\\\/como-acceder-a-la-tarjeta-social-para-personas-celiacas\\\/\",\"url\":\"https:\\\/\\\/diariotextual.com\\\/inicio\\\/index.php\\\/2023\\\/05\\\/16\\\/como-acceder-a-la-tarjeta-social-para-personas-celiacas\\\/\",\"name\":\"C\u00f3mo acceder a la Tarjeta Social para personas cel\u00edacas - Diario Textual\",\"isPartOf\":{\"@id\":\"https:\\\/\\\/diariotextual.com\\\/inicio\\\/#website\"},\"primaryImageOfPage\":{\"@id\":\"https:\\\/\\\/diariotextual.com\\\/inicio\\\/index.php\\\/2023\\\/05\\\/16\\\/como-acceder-a-la-tarjeta-social-para-personas-celiacas\\\/#primaryimage\"},\"image\":{\"@id\":\"https:\\\/\\\/diariotextual.com\\\/inicio\\\/index.php\\\/2023\\\/05\\\/16\\\/como-acceder-a-la-tarjeta-social-para-personas-celiacas\\\/#primaryimage\"},\"thumbnailUrl\":\"https:\\\/\\\/diariotextual.com\\\/inicio\\\/wp-content\\\/uploads\\\/2018\\\/09\\\/gondolaceliacos.jpg\",\"datePublished\":\"2023-05-16T10:32:35+00:00\",\"dateModified\":\"2023-05-16T12:35:02+00:00\",\"breadcrumb\":{\"@id\":\"https:\\\/\\\/diariotextual.com\\\/inicio\\\/index.php\\\/2023\\\/05\\\/16\\\/como-acceder-a-la-tarjeta-social-para-personas-celiacas\\\/#breadcrumb\"},\"inLanguage\":\"es\",\"potentialAction\":[{\"@type\":\"ReadAction\",\"target\":[\"https:\\\/\\\/diariotextual.com\\\/inicio\\\/index.php\\\/2023\\\/05\\\/16\\\/como-acceder-a-la-tarjeta-social-para-personas-celiacas\\\/\"]}]},{\"@type\":\"ImageObject\",\"inLanguage\":\"es\",\"@id\":\"https:\\\/\\\/diariotextual.com\\\/inicio\\\/index.php\\\/2023\\\/05\\\/16\\\/como-acceder-a-la-tarjeta-social-para-personas-celiacas\\\/#primaryimage\",\"url\":\"https:\\\/\\\/diariotextual.com\\\/inicio\\\/wp-content\\\/uploads\\\/2018\\\/09\\\/gondolaceliacos.jpg\",\"contentUrl\":\"https:\\\/\\\/diariotextual.com\\\/inicio\\\/wp-content\\\/uploads\\\/2018\\\/09\\\/gondolaceliacos.jpg\",\"width\":1024,\"height\":576},{\"@type\":\"BreadcrumbList\",\"@id\":\"https:\\\/\\\/diariotextual.com\\\/inicio\\\/index.php\\\/2023\\\/05\\\/16\\\/como-acceder-a-la-tarjeta-social-para-personas-celiacas\\\/#breadcrumb\",\"itemListElement\":[{\"@type\":\"ListItem\",\"position\":1,\"name\":\"Portada\",\"item\":\"https:\\\/\\\/diariotextual.com\\\/inicio\\\/\"},{\"@type\":\"ListItem\",\"position\":2,\"name\":\"C\u00f3mo acceder a la Tarjeta Social para personas cel\u00edacas\"}]},{\"@type\":\"WebSite\",\"@id\":\"https:\\\/\\\/diariotextual.com\\\/inicio\\\/#website\",\"url\":\"https:\\\/\\\/diariotextual.com\\\/inicio\\\/\",\"name\":\"Diario Textual\",\"description\":\"\",\"publisher\":{\"@id\":\"https:\\\/\\\/diariotextual.com\\\/inicio\\\/#organization\"},\"potentialAction\":[{\"@type\":\"SearchAction\",\"target\":{\"@type\":\"EntryPoint\",\"urlTemplate\":\"https:\\\/\\\/diariotextual.com\\\/inicio\\\/?s={search_term_string}\"},\"query-input\":{\"@type\":\"PropertyValueSpecification\",\"valueRequired\":true,\"valueName\":\"search_term_string\"}}],\"inLanguage\":\"es\"},{\"@type\":\"Organization\",\"@id\":\"https:\\\/\\\/diariotextual.com\\\/inicio\\\/#organization\",\"name\":\"Diario Textual\",\"url\":\"https:\\\/\\\/diariotextual.com\\\/inicio\\\/\",\"logo\":{\"@type\":\"ImageObject\",\"inLanguage\":\"es\",\"@id\":\"https:\\\/\\\/diariotextual.com\\\/inicio\\\/#\\\/schema\\\/logo\\\/image\\\/\",\"url\":\"https:\\\/\\\/diariotextual.com\\\/inicio\\\/wp-content\\\/uploads\\\/2023\\\/05\\\/logotextual1.jpg\",\"contentUrl\":\"https:\\\/\\\/diariotextual.com\\\/inicio\\\/wp-content\\\/uploads\\\/2023\\\/05\\\/logotextual1.jpg\",\"width\":516,\"height\":76,\"caption\":\"Diario Textual\"},\"image\":{\"@id\":\"https:\\\/\\\/diariotextual.com\\\/inicio\\\/#\\\/schema\\\/logo\\\/image\\\/\"},\"sameAs\":[\"https:\\\/\\\/www.facebook.com\\\/eltextual\",\"https:\\\/\\\/x.com\\\/eltextual\",\"http:\\\/\\\/www.instagram.com\\\/eltextual\"]},{\"@type\":\"Person\",\"@id\":\"https:\\\/\\\/diariotextual.com\\\/inicio\\\/#\\\/schema\\\/person\\\/694f60677f23c4a530867a98f22b3768\",\"name\":\"diario2\",\"image\":{\"@type\":\"ImageObject\",\"inLanguage\":\"es\",\"@id\":\"https:\\\/\\\/secure.gravatar.com\\\/avatar\\\/5a2567495ba16b852fcd8f1ed006a2e24fcace936018ed8237e95f488ad6e0a7?s=96&d=mm&r=g\",\"url\":\"https:\\\/\\\/secure.gravatar.com\\\/avatar\\\/5a2567495ba16b852fcd8f1ed006a2e24fcace936018ed8237e95f488ad6e0a7?s=96&d=mm&r=g\",\"contentUrl\":\"https:\\\/\\\/secure.gravatar.com\\\/avatar\\\/5a2567495ba16b852fcd8f1ed006a2e24fcace936018ed8237e95f488ad6e0a7?s=96&d=mm&r=g\",\"caption\":\"diario2\"},\"url\":\"https:\\\/\\\/diariotextual.com\\\/inicio\\\/index.php\\\/author\\\/diario2\\\/\"}]}<\/script>\n<!-- \/ Yoast SEO plugin. -->","yoast_head_json":{"title":"C\u00f3mo acceder a la Tarjeta Social para personas cel\u00edacas - Diario Textual","robots":{"index":"index","follow":"follow","max-snippet":"max-snippet:-1","max-image-preview":"max-image-preview:large","max-video-preview":"max-video-preview:-1"},"canonical":"https:\/\/diariotextual.com\/inicio\/index.php\/2023\/05\/16\/como-acceder-a-la-tarjeta-social-para-personas-celiacas\/","og_locale":"es_ES","og_type":"article","og_title":"C\u00f3mo acceder a la Tarjeta Social para personas cel\u00edacas - Diario Textual","og_description":"El Gobierno provincial asiste a personas con celiaqu\u00eda, a trav\u00e9s del programa Tarjeta Social y Multiplicadores en Educaci\u00f3n Alimentaria Nutricional. Esta iniciativa se lleva adelante desde la Direcci\u00f3n General de&hellip;","og_url":"https:\/\/diariotextual.com\/inicio\/index.php\/2023\/05\/16\/como-acceder-a-la-tarjeta-social-para-personas-celiacas\/","og_site_name":"Diario Textual","article_publisher":"https:\/\/www.facebook.com\/eltextual","article_published_time":"2023-05-16T10:32:35+00:00","article_modified_time":"2023-05-16T12:35:02+00:00","og_image":[{"width":1024,"height":576,"url":"https:\/\/diariotextual.com\/inicio\/wp-content\/uploads\/2018\/09\/gondolaceliacos.jpg","type":"image\/jpeg"}],"author":"diario2","twitter_card":"summary_large_image","twitter_creator":"@eltextual","twitter_site":"@eltextual","twitter_misc":{"Escrito por":"diario2","Tiempo de lectura":"2 minutos"},"schema":{"@context":"https:\/\/schema.org","@graph":[{"@type":"Article","@id":"https:\/\/diariotextual.com\/inicio\/index.php\/2023\/05\/16\/como-acceder-a-la-tarjeta-social-para-personas-celiacas\/#article","isPartOf":{"@id":"https:\/\/diariotextual.com\/inicio\/index.php\/2023\/05\/16\/como-acceder-a-la-tarjeta-social-para-personas-celiacas\/"},"author":{"name":"diario2","@id":"https:\/\/diariotextual.com\/inicio\/#\/schema\/person\/694f60677f23c4a530867a98f22b3768"},"headline":"C\u00f3mo acceder a la Tarjeta Social para personas cel\u00edacas","datePublished":"2023-05-16T10:32:35+00:00","dateModified":"2023-05-16T12:35:02+00:00","mainEntityOfPage":{"@id":"https:\/\/diariotextual.com\/inicio\/index.php\/2023\/05\/16\/como-acceder-a-la-tarjeta-social-para-personas-celiacas\/"},"wordCount":449,"publisher":{"@id":"https:\/\/diariotextual.com\/inicio\/#organization"},"image":{"@id":"https:\/\/diariotextual.com\/inicio\/index.php\/2023\/05\/16\/como-acceder-a-la-tarjeta-social-para-personas-celiacas\/#primaryimage"},"thumbnailUrl":"https:\/\/diariotextual.com\/inicio\/wp-content\/uploads\/2018\/09\/gondolaceliacos.jpg","articleSection":["A - ES NOTICIA (van abajo)","SOCIEDAD"],"inLanguage":"es"},{"@type":"WebPage","@id":"https:\/\/diariotextual.com\/inicio\/index.php\/2023\/05\/16\/como-acceder-a-la-tarjeta-social-para-personas-celiacas\/","url":"https:\/\/diariotextual.com\/inicio\/index.php\/2023\/05\/16\/como-acceder-a-la-tarjeta-social-para-personas-celiacas\/","name":"C\u00f3mo acceder a la Tarjeta Social para personas cel\u00edacas - Diario Textual","isPartOf":{"@id":"https:\/\/diariotextual.com\/inicio\/#website"},"primaryImageOfPage":{"@id":"https:\/\/diariotextual.com\/inicio\/index.php\/2023\/05\/16\/como-acceder-a-la-tarjeta-social-para-personas-celiacas\/#primaryimage"},"image":{"@id":"https:\/\/diariotextual.com\/inicio\/index.php\/2023\/05\/16\/como-acceder-a-la-tarjeta-social-para-personas-celiacas\/#primaryimage"},"thumbnailUrl":"https:\/\/diariotextual.com\/inicio\/wp-content\/uploads\/2018\/09\/gondolaceliacos.jpg","datePublished":"2023-05-16T10:32:35+00:00","dateModified":"2023-05-16T12:35:02+00:00","breadcrumb":{"@id":"https:\/\/diariotextual.com\/inicio\/index.php\/2023\/05\/16\/como-acceder-a-la-tarjeta-social-para-personas-celiacas\/#breadcrumb"},"inLanguage":"es","potentialAction":[{"@type":"ReadAction","target":["https:\/\/diariotextual.com\/inicio\/index.php\/2023\/05\/16\/como-acceder-a-la-tarjeta-social-para-personas-celiacas\/"]}]},{"@type":"ImageObject","inLanguage":"es","@id":"https:\/\/diariotextual.com\/inicio\/index.php\/2023\/05\/16\/como-acceder-a-la-tarjeta-social-para-personas-celiacas\/#primaryimage","url":"https:\/\/diariotextual.com\/inicio\/wp-content\/uploads\/2018\/09\/gondolaceliacos.jpg","contentUrl":"https:\/\/diariotextual.com\/inicio\/wp-content\/uploads\/2018\/09\/gondolaceliacos.jpg","width":1024,"height":576},{"@type":"BreadcrumbList","@id":"https:\/\/diariotextual.com\/inicio\/index.php\/2023\/05\/16\/como-acceder-a-la-tarjeta-social-para-personas-celiacas\/#breadcrumb","itemListElement":[{"@type":"ListItem","position":1,"name":"Portada","item":"https:\/\/diariotextual.com\/inicio\/"},{"@type":"ListItem","position":2,"name":"C\u00f3mo acceder a la Tarjeta Social para personas cel\u00edacas"}]},{"@type":"WebSite","@id":"https:\/\/diariotextual.com\/inicio\/#website","url":"https:\/\/diariotextual.com\/inicio\/","name":"Diario Textual","description":"","publisher":{"@id":"https:\/\/diariotextual.com\/inicio\/#organization"},"potentialAction":[{"@type":"SearchAction","target":{"@type":"EntryPoint","urlTemplate":"https:\/\/diariotextual.com\/inicio\/?s={search_term_string}"},"query-input":{"@type":"PropertyValueSpecification","valueRequired":true,"valueName":"search_term_string"}}],"inLanguage":"es"},{"@type":"Organization","@id":"https:\/\/diariotextual.com\/inicio\/#organization","name":"Diario Textual","url":"https:\/\/diariotextual.com\/inicio\/","logo":{"@type":"ImageObject","inLanguage":"es","@id":"https:\/\/diariotextual.com\/inicio\/#\/schema\/logo\/image\/","url":"https:\/\/diariotextual.com\/inicio\/wp-content\/uploads\/2023\/05\/logotextual1.jpg","contentUrl":"https:\/\/diariotextual.com\/inicio\/wp-content\/uploads\/2023\/05\/logotextual1.jpg","width":516,"height":76,"caption":"Diario Textual"},"image":{"@id":"https:\/\/diariotextual.com\/inicio\/#\/schema\/logo\/image\/"},"sameAs":["https:\/\/www.facebook.com\/eltextual","https:\/\/x.com\/eltextual","http:\/\/www.instagram.com\/eltextual"]},{"@type":"Person","@id":"https:\/\/diariotextual.com\/inicio\/#\/schema\/person\/694f60677f23c4a530867a98f22b3768","name":"diario2","image":{"@type":"ImageObject","inLanguage":"es","@id":"https:\/\/secure.gravatar.com\/avatar\/5a2567495ba16b852fcd8f1ed006a2e24fcace936018ed8237e95f488ad6e0a7?s=96&d=mm&r=g","url":"https:\/\/secure.gravatar.com\/avatar\/5a2567495ba16b852fcd8f1ed006a2e24fcace936018ed8237e95f488ad6e0a7?s=96&d=mm&r=g","contentUrl":"https:\/\/secure.gravatar.com\/avatar\/5a2567495ba16b852fcd8f1ed006a2e24fcace936018ed8237e95f488ad6e0a7?s=96&d=mm&r=g","caption":"diario2"},"url":"https:\/\/diariotextual.com\/inicio\/index.php\/author\/diario2\/"}]}},"_links":{"self":[{"href":"https:\/\/diariotextual.com\/inicio\/index.php\/wp-json\/wp\/v2\/posts\/225587","targetHints":{"allow":["GET"]}}],"collection":[{"href":"https:\/\/diariotextual.com\/inicio\/index.php\/wp-json\/wp\/v2\/posts"}],"about":[{"href":"https:\/\/diariotextual.com\/inicio\/index.php\/wp-json\/wp\/v2\/types\/post"}],"author":[{"embeddable":true,"href":"https:\/\/diariotextual.com\/inicio\/index.php\/wp-json\/wp\/v2\/users\/4"}],"replies":[{"embeddable":true,"href":"https:\/\/diariotextual.com\/inicio\/index.php\/wp-json\/wp\/v2\/comments?post=225587"}],"version-history":[{"count":1,"href":"https:\/\/diariotextual.com\/inicio\/index.php\/wp-json\/wp\/v2\/posts\/225587\/revisions"}],"predecessor-version":[{"id":225588,"href":"https:\/\/diariotextual.com\/inicio\/index.php\/wp-json\/wp\/v2\/posts\/225587\/revisions\/225588"}],"wp:featuredmedia":[{"embeddable":true,"href":"https:\/\/diariotextual.com\/inicio\/index.php\/wp-json\/wp\/v2\/media\/20165"}],"wp:attachment":[{"href":"https:\/\/diariotextual.com\/inicio\/index.php\/wp-json\/wp\/v2\/media?parent=225587"}],"wp:term":[{"taxonomy":"category","embeddable":true,"href":"https:\/\/diariotextual.com\/inicio\/index.php\/wp-json\/wp\/v2\/categories?post=225587"},{"taxonomy":"post_tag","embeddable":true,"href":"https:\/\/diariotextual.com\/inicio\/index.php\/wp-json\/wp\/v2\/tags?post=225587"}],"curies":[{"name":"wp","href":"https:\/\/api.w.org\/{rel}","templated":true}]}}