{"id":225624,"date":"2023-05-16T13:02:39","date_gmt":"2023-05-16T16:02:39","guid":{"rendered":"https:\/\/diariotextual.com\/inicio\/?p=225624"},"modified":"2023-05-16T18:44:20","modified_gmt":"2023-05-16T21:44:20","slug":"la-corte-suprema-levanto-la-suspension-de-las-elecciones-de-tucuman","status":"publish","type":"post","link":"https:\/\/diariotextual.com\/inicio\/index.php\/2023\/05\/16\/la-corte-suprema-levanto-la-suspension-de-las-elecciones-de-tucuman\/","title":{"rendered":"La Corte Suprema levant\u00f3 la suspensi\u00f3n de las elecciones de Tucum\u00e1n"},"content":{"rendered":"\n<p>La Corte Suprema de Justicia de la Naci\u00f3n resolvi\u00f3 disponer el <strong>levantamiento de la suspensi\u00f3n de la elecci\u00f3n a gobernador y vicegobernador de la Provincia de Tucum\u00e1n<\/strong> que hab\u00eda ordenado la semana pasada. <\/p>\n\n\n\n<p>La resoluci\u00f3n -que lleva la firma de los ministros Horacio Rosatti, Carlos Rosenkrantz y Juan Carlos Maqueda- se limit\u00f3 a revocar la medida cautelar pero <strong>a\u00fan no se pronunci\u00f3 sobre la cuesti\u00f3n de fondo que es si Juan Manzur est\u00e1 habilitado o no para ser candidato.<\/strong><\/p>\n\n\n\n<p>El m\u00e1ximo tribunal consider\u00f3 que \u201cdada la renuncia a la candidatura impugnada \u2013aceptada por la Junta Electoral Provincial mediante la resoluci\u00f3n 317\/2023 del 12 de mayo de 2023- corresponde admitir el pedido de levantamiento efectuado por la Provincia de Tucum\u00e1n\u201d.<\/p>\n\n\n\n<p>Con esta decisi\u00f3n del m\u00e1ximo tribunal los tucumanos est\u00e1n en condiciones de votar en una fecha pr\u00f3xima que -de acuerdo a las \u00faltimas declaraciones de las autoridades provinciales- podr\u00edan ser en el mes de junio.<\/p>\n\n\n\n<p><a href=\"javascript:void(0)\"><\/a><\/p>\n","protected":false},"excerpt":{"rendered":"<p>La Corte Suprema de Justicia de la Naci\u00f3n resolvi\u00f3 disponer el levantamiento de la suspensi\u00f3n de la elecci\u00f3n a gobernador y vicegobernador de la Provincia de Tucum\u00e1n que hab\u00eda ordenado&hellip;<\/p>\n","protected":false},"author":4,"featured_media":211703,"comment_status":"closed","ping_status":"open","sticky":false,"template":"","format":"standard","meta":{"_acf_changed":false,"footnotes":""},"categories":[1,8],"tags":[2425],"class_list":["post-225624","post","type-post","status-publish","format-standard","has-post-thumbnail","hentry","category-es-noticia","category-politica","tag-tucuman"],"acf":[],"yoast_head":"<!-- This site is optimized with the Yoast SEO plugin v27.5 - https:\/\/yoast.com\/product\/yoast-seo-wordpress\/ -->\n<title>La Corte Suprema levant\u00f3 la suspensi\u00f3n de las elecciones de Tucum\u00e1n - Diario Textual<\/title>\n<meta name=\"robots\" content=\"index, follow, max-snippet:-1, max-image-preview:large, max-video-preview:-1\" \/>\n<link rel=\"canonical\" href=\"https:\/\/diariotextual.com\/inicio\/index.php\/2023\/05\/16\/la-corte-suprema-levanto-la-suspension-de-las-elecciones-de-tucuman\/\" \/>\n<meta property=\"og:locale\" content=\"es_ES\" \/>\n<meta property=\"og:type\" content=\"article\" \/>\n<meta property=\"og:title\" content=\"La Corte Suprema levant\u00f3 la suspensi\u00f3n de las elecciones de Tucum\u00e1n - Diario Textual\" \/>\n<meta property=\"og:description\" content=\"La Corte Suprema de Justicia de la Naci\u00f3n resolvi\u00f3 disponer el levantamiento de la suspensi\u00f3n de la elecci\u00f3n a gobernador y vicegobernador de la Provincia de Tucum\u00e1n que hab\u00eda ordenado&hellip;\" \/>\n<meta property=\"og:url\" content=\"https:\/\/diariotextual.com\/inicio\/index.php\/2023\/05\/16\/la-corte-suprema-levanto-la-suspension-de-las-elecciones-de-tucuman\/\" \/>\n<meta property=\"og:site_name\" content=\"Diario Textual\" \/>\n<meta property=\"article:publisher\" content=\"https:\/\/www.facebook.com\/eltextual\" \/>\n<meta property=\"article:published_time\" content=\"2023-05-16T16:02:39+00:00\" \/>\n<meta property=\"article:modified_time\" content=\"2023-05-16T21:44:20+00:00\" \/>\n<meta property=\"og:image\" content=\"https:\/\/diariotextual.com\/inicio\/wp-content\/uploads\/2022\/12\/cortesuprema2022.jpg\" \/>\n\t<meta property=\"og:image:width\" content=\"900\" \/>\n\t<meta property=\"og:image:height\" content=\"595\" \/>\n\t<meta property=\"og:image:type\" content=\"image\/jpeg\" \/>\n<meta name=\"author\" content=\"diario2\" \/>\n<meta name=\"twitter:card\" content=\"summary_large_image\" \/>\n<meta name=\"twitter:creator\" content=\"@eltextual\" \/>\n<meta name=\"twitter:site\" content=\"@eltextual\" \/>\n<meta name=\"twitter:label1\" content=\"Escrito por\" \/>\n\t<meta name=\"twitter:data1\" content=\"diario2\" \/>\n\t<meta name=\"twitter:label2\" content=\"Tiempo de lectura\" \/>\n\t<meta name=\"twitter:data2\" content=\"1 minuto\" \/>\n<script type=\"application\/ld+json\" class=\"yoast-schema-graph\">{\"@context\":\"https:\\\/\\\/schema.org\",\"@graph\":[{\"@type\":\"Article\",\"@id\":\"https:\\\/\\\/diariotextual.com\\\/inicio\\\/index.php\\\/2023\\\/05\\\/16\\\/la-corte-suprema-levanto-la-suspension-de-las-elecciones-de-tucuman\\\/#article\",\"isPartOf\":{\"@id\":\"https:\\\/\\\/diariotextual.com\\\/inicio\\\/index.php\\\/2023\\\/05\\\/16\\\/la-corte-suprema-levanto-la-suspension-de-las-elecciones-de-tucuman\\\/\"},\"author\":{\"name\":\"diario2\",\"@id\":\"https:\\\/\\\/diariotextual.com\\\/inicio\\\/#\\\/schema\\\/person\\\/694f60677f23c4a530867a98f22b3768\"},\"headline\":\"La Corte Suprema levant\u00f3 la suspensi\u00f3n de las elecciones de Tucum\u00e1n\",\"datePublished\":\"2023-05-16T16:02:39+00:00\",\"dateModified\":\"2023-05-16T21:44:20+00:00\",\"mainEntityOfPage\":{\"@id\":\"https:\\\/\\\/diariotextual.com\\\/inicio\\\/index.php\\\/2023\\\/05\\\/16\\\/la-corte-suprema-levanto-la-suspension-de-las-elecciones-de-tucuman\\\/\"},\"wordCount\":181,\"publisher\":{\"@id\":\"https:\\\/\\\/diariotextual.com\\\/inicio\\\/#organization\"},\"image\":{\"@id\":\"https:\\\/\\\/diariotextual.com\\\/inicio\\\/index.php\\\/2023\\\/05\\\/16\\\/la-corte-suprema-levanto-la-suspension-de-las-elecciones-de-tucuman\\\/#primaryimage\"},\"thumbnailUrl\":\"https:\\\/\\\/diariotextual.com\\\/inicio\\\/wp-content\\\/uploads\\\/2022\\\/12\\\/cortesuprema2022.jpg\",\"keywords\":[\"tucuman\"],\"articleSection\":[\"A - ES NOTICIA (van abajo)\",\"POLITICA\"],\"inLanguage\":\"es\"},{\"@type\":\"WebPage\",\"@id\":\"https:\\\/\\\/diariotextual.com\\\/inicio\\\/index.php\\\/2023\\\/05\\\/16\\\/la-corte-suprema-levanto-la-suspension-de-las-elecciones-de-tucuman\\\/\",\"url\":\"https:\\\/\\\/diariotextual.com\\\/inicio\\\/index.php\\\/2023\\\/05\\\/16\\\/la-corte-suprema-levanto-la-suspension-de-las-elecciones-de-tucuman\\\/\",\"name\":\"La Corte Suprema levant\u00f3 la suspensi\u00f3n de las elecciones de Tucum\u00e1n - Diario Textual\",\"isPartOf\":{\"@id\":\"https:\\\/\\\/diariotextual.com\\\/inicio\\\/#website\"},\"primaryImageOfPage\":{\"@id\":\"https:\\\/\\\/diariotextual.com\\\/inicio\\\/index.php\\\/2023\\\/05\\\/16\\\/la-corte-suprema-levanto-la-suspension-de-las-elecciones-de-tucuman\\\/#primaryimage\"},\"image\":{\"@id\":\"https:\\\/\\\/diariotextual.com\\\/inicio\\\/index.php\\\/2023\\\/05\\\/16\\\/la-corte-suprema-levanto-la-suspension-de-las-elecciones-de-tucuman\\\/#primaryimage\"},\"thumbnailUrl\":\"https:\\\/\\\/diariotextual.com\\\/inicio\\\/wp-content\\\/uploads\\\/2022\\\/12\\\/cortesuprema2022.jpg\",\"datePublished\":\"2023-05-16T16:02:39+00:00\",\"dateModified\":\"2023-05-16T21:44:20+00:00\",\"breadcrumb\":{\"@id\":\"https:\\\/\\\/diariotextual.com\\\/inicio\\\/index.php\\\/2023\\\/05\\\/16\\\/la-corte-suprema-levanto-la-suspension-de-las-elecciones-de-tucuman\\\/#breadcrumb\"},\"inLanguage\":\"es\",\"potentialAction\":[{\"@type\":\"ReadAction\",\"target\":[\"https:\\\/\\\/diariotextual.com\\\/inicio\\\/index.php\\\/2023\\\/05\\\/16\\\/la-corte-suprema-levanto-la-suspension-de-las-elecciones-de-tucuman\\\/\"]}]},{\"@type\":\"ImageObject\",\"inLanguage\":\"es\",\"@id\":\"https:\\\/\\\/diariotextual.com\\\/inicio\\\/index.php\\\/2023\\\/05\\\/16\\\/la-corte-suprema-levanto-la-suspension-de-las-elecciones-de-tucuman\\\/#primaryimage\",\"url\":\"https:\\\/\\\/diariotextual.com\\\/inicio\\\/wp-content\\\/uploads\\\/2022\\\/12\\\/cortesuprema2022.jpg\",\"contentUrl\":\"https:\\\/\\\/diariotextual.com\\\/inicio\\\/wp-content\\\/uploads\\\/2022\\\/12\\\/cortesuprema2022.jpg\",\"width\":900,\"height\":595},{\"@type\":\"BreadcrumbList\",\"@id\":\"https:\\\/\\\/diariotextual.com\\\/inicio\\\/index.php\\\/2023\\\/05\\\/16\\\/la-corte-suprema-levanto-la-suspension-de-las-elecciones-de-tucuman\\\/#breadcrumb\",\"itemListElement\":[{\"@type\":\"ListItem\",\"position\":1,\"name\":\"Portada\",\"item\":\"https:\\\/\\\/diariotextual.com\\\/inicio\\\/\"},{\"@type\":\"ListItem\",\"position\":2,\"name\":\"La Corte Suprema levant\u00f3 la suspensi\u00f3n de las elecciones de Tucum\u00e1n\"}]},{\"@type\":\"WebSite\",\"@id\":\"https:\\\/\\\/diariotextual.com\\\/inicio\\\/#website\",\"url\":\"https:\\\/\\\/diariotextual.com\\\/inicio\\\/\",\"name\":\"Diario Textual\",\"description\":\"\",\"publisher\":{\"@id\":\"https:\\\/\\\/diariotextual.com\\\/inicio\\\/#organization\"},\"potentialAction\":[{\"@type\":\"SearchAction\",\"target\":{\"@type\":\"EntryPoint\",\"urlTemplate\":\"https:\\\/\\\/diariotextual.com\\\/inicio\\\/?s={search_term_string}\"},\"query-input\":{\"@type\":\"PropertyValueSpecification\",\"valueRequired\":true,\"valueName\":\"search_term_string\"}}],\"inLanguage\":\"es\"},{\"@type\":\"Organization\",\"@id\":\"https:\\\/\\\/diariotextual.com\\\/inicio\\\/#organization\",\"name\":\"Diario Textual\",\"url\":\"https:\\\/\\\/diariotextual.com\\\/inicio\\\/\",\"logo\":{\"@type\":\"ImageObject\",\"inLanguage\":\"es\",\"@id\":\"https:\\\/\\\/diariotextual.com\\\/inicio\\\/#\\\/schema\\\/logo\\\/image\\\/\",\"url\":\"https:\\\/\\\/diariotextual.com\\\/inicio\\\/wp-content\\\/uploads\\\/2023\\\/05\\\/logotextual1.jpg\",\"contentUrl\":\"https:\\\/\\\/diariotextual.com\\\/inicio\\\/wp-content\\\/uploads\\\/2023\\\/05\\\/logotextual1.jpg\",\"width\":516,\"height\":76,\"caption\":\"Diario Textual\"},\"image\":{\"@id\":\"https:\\\/\\\/diariotextual.com\\\/inicio\\\/#\\\/schema\\\/logo\\\/image\\\/\"},\"sameAs\":[\"https:\\\/\\\/www.facebook.com\\\/eltextual\",\"https:\\\/\\\/x.com\\\/eltextual\",\"http:\\\/\\\/www.instagram.com\\\/eltextual\"]},{\"@type\":\"Person\",\"@id\":\"https:\\\/\\\/diariotextual.com\\\/inicio\\\/#\\\/schema\\\/person\\\/694f60677f23c4a530867a98f22b3768\",\"name\":\"diario2\",\"image\":{\"@type\":\"ImageObject\",\"inLanguage\":\"es\",\"@id\":\"https:\\\/\\\/secure.gravatar.com\\\/avatar\\\/5a2567495ba16b852fcd8f1ed006a2e24fcace936018ed8237e95f488ad6e0a7?s=96&d=mm&r=g\",\"url\":\"https:\\\/\\\/secure.gravatar.com\\\/avatar\\\/5a2567495ba16b852fcd8f1ed006a2e24fcace936018ed8237e95f488ad6e0a7?s=96&d=mm&r=g\",\"contentUrl\":\"https:\\\/\\\/secure.gravatar.com\\\/avatar\\\/5a2567495ba16b852fcd8f1ed006a2e24fcace936018ed8237e95f488ad6e0a7?s=96&d=mm&r=g\",\"caption\":\"diario2\"},\"url\":\"https:\\\/\\\/diariotextual.com\\\/inicio\\\/index.php\\\/author\\\/diario2\\\/\"}]}<\/script>\n<!-- \/ Yoast SEO plugin. -->","yoast_head_json":{"title":"La Corte Suprema levant\u00f3 la suspensi\u00f3n de las elecciones de Tucum\u00e1n - Diario Textual","robots":{"index":"index","follow":"follow","max-snippet":"max-snippet:-1","max-image-preview":"max-image-preview:large","max-video-preview":"max-video-preview:-1"},"canonical":"https:\/\/diariotextual.com\/inicio\/index.php\/2023\/05\/16\/la-corte-suprema-levanto-la-suspension-de-las-elecciones-de-tucuman\/","og_locale":"es_ES","og_type":"article","og_title":"La Corte Suprema levant\u00f3 la suspensi\u00f3n de las elecciones de Tucum\u00e1n - Diario Textual","og_description":"La Corte Suprema de Justicia de la Naci\u00f3n resolvi\u00f3 disponer el levantamiento de la suspensi\u00f3n de la elecci\u00f3n a gobernador y vicegobernador de la Provincia de Tucum\u00e1n que hab\u00eda ordenado&hellip;","og_url":"https:\/\/diariotextual.com\/inicio\/index.php\/2023\/05\/16\/la-corte-suprema-levanto-la-suspension-de-las-elecciones-de-tucuman\/","og_site_name":"Diario Textual","article_publisher":"https:\/\/www.facebook.com\/eltextual","article_published_time":"2023-05-16T16:02:39+00:00","article_modified_time":"2023-05-16T21:44:20+00:00","og_image":[{"width":900,"height":595,"url":"https:\/\/diariotextual.com\/inicio\/wp-content\/uploads\/2022\/12\/cortesuprema2022.jpg","type":"image\/jpeg"}],"author":"diario2","twitter_card":"summary_large_image","twitter_creator":"@eltextual","twitter_site":"@eltextual","twitter_misc":{"Escrito por":"diario2","Tiempo de lectura":"1 minuto"},"schema":{"@context":"https:\/\/schema.org","@graph":[{"@type":"Article","@id":"https:\/\/diariotextual.com\/inicio\/index.php\/2023\/05\/16\/la-corte-suprema-levanto-la-suspension-de-las-elecciones-de-tucuman\/#article","isPartOf":{"@id":"https:\/\/diariotextual.com\/inicio\/index.php\/2023\/05\/16\/la-corte-suprema-levanto-la-suspension-de-las-elecciones-de-tucuman\/"},"author":{"name":"diario2","@id":"https:\/\/diariotextual.com\/inicio\/#\/schema\/person\/694f60677f23c4a530867a98f22b3768"},"headline":"La Corte Suprema levant\u00f3 la suspensi\u00f3n de las elecciones de Tucum\u00e1n","datePublished":"2023-05-16T16:02:39+00:00","dateModified":"2023-05-16T21:44:20+00:00","mainEntityOfPage":{"@id":"https:\/\/diariotextual.com\/inicio\/index.php\/2023\/05\/16\/la-corte-suprema-levanto-la-suspension-de-las-elecciones-de-tucuman\/"},"wordCount":181,"publisher":{"@id":"https:\/\/diariotextual.com\/inicio\/#organization"},"image":{"@id":"https:\/\/diariotextual.com\/inicio\/index.php\/2023\/05\/16\/la-corte-suprema-levanto-la-suspension-de-las-elecciones-de-tucuman\/#primaryimage"},"thumbnailUrl":"https:\/\/diariotextual.com\/inicio\/wp-content\/uploads\/2022\/12\/cortesuprema2022.jpg","keywords":["tucuman"],"articleSection":["A - ES NOTICIA (van abajo)","POLITICA"],"inLanguage":"es"},{"@type":"WebPage","@id":"https:\/\/diariotextual.com\/inicio\/index.php\/2023\/05\/16\/la-corte-suprema-levanto-la-suspension-de-las-elecciones-de-tucuman\/","url":"https:\/\/diariotextual.com\/inicio\/index.php\/2023\/05\/16\/la-corte-suprema-levanto-la-suspension-de-las-elecciones-de-tucuman\/","name":"La Corte Suprema levant\u00f3 la suspensi\u00f3n de las elecciones de Tucum\u00e1n - Diario Textual","isPartOf":{"@id":"https:\/\/diariotextual.com\/inicio\/#website"},"primaryImageOfPage":{"@id":"https:\/\/diariotextual.com\/inicio\/index.php\/2023\/05\/16\/la-corte-suprema-levanto-la-suspension-de-las-elecciones-de-tucuman\/#primaryimage"},"image":{"@id":"https:\/\/diariotextual.com\/inicio\/index.php\/2023\/05\/16\/la-corte-suprema-levanto-la-suspension-de-las-elecciones-de-tucuman\/#primaryimage"},"thumbnailUrl":"https:\/\/diariotextual.com\/inicio\/wp-content\/uploads\/2022\/12\/cortesuprema2022.jpg","datePublished":"2023-05-16T16:02:39+00:00","dateModified":"2023-05-16T21:44:20+00:00","breadcrumb":{"@id":"https:\/\/diariotextual.com\/inicio\/index.php\/2023\/05\/16\/la-corte-suprema-levanto-la-suspension-de-las-elecciones-de-tucuman\/#breadcrumb"},"inLanguage":"es","potentialAction":[{"@type":"ReadAction","target":["https:\/\/diariotextual.com\/inicio\/index.php\/2023\/05\/16\/la-corte-suprema-levanto-la-suspension-de-las-elecciones-de-tucuman\/"]}]},{"@type":"ImageObject","inLanguage":"es","@id":"https:\/\/diariotextual.com\/inicio\/index.php\/2023\/05\/16\/la-corte-suprema-levanto-la-suspension-de-las-elecciones-de-tucuman\/#primaryimage","url":"https:\/\/diariotextual.com\/inicio\/wp-content\/uploads\/2022\/12\/cortesuprema2022.jpg","contentUrl":"https:\/\/diariotextual.com\/inicio\/wp-content\/uploads\/2022\/12\/cortesuprema2022.jpg","width":900,"height":595},{"@type":"BreadcrumbList","@id":"https:\/\/diariotextual.com\/inicio\/index.php\/2023\/05\/16\/la-corte-suprema-levanto-la-suspension-de-las-elecciones-de-tucuman\/#breadcrumb","itemListElement":[{"@type":"ListItem","position":1,"name":"Portada","item":"https:\/\/diariotextual.com\/inicio\/"},{"@type":"ListItem","position":2,"name":"La Corte Suprema levant\u00f3 la suspensi\u00f3n de las elecciones de Tucum\u00e1n"}]},{"@type":"WebSite","@id":"https:\/\/diariotextual.com\/inicio\/#website","url":"https:\/\/diariotextual.com\/inicio\/","name":"Diario Textual","description":"","publisher":{"@id":"https:\/\/diariotextual.com\/inicio\/#organization"},"potentialAction":[{"@type":"SearchAction","target":{"@type":"EntryPoint","urlTemplate":"https:\/\/diariotextual.com\/inicio\/?s={search_term_string}"},"query-input":{"@type":"PropertyValueSpecification","valueRequired":true,"valueName":"search_term_string"}}],"inLanguage":"es"},{"@type":"Organization","@id":"https:\/\/diariotextual.com\/inicio\/#organization","name":"Diario Textual","url":"https:\/\/diariotextual.com\/inicio\/","logo":{"@type":"ImageObject","inLanguage":"es","@id":"https:\/\/diariotextual.com\/inicio\/#\/schema\/logo\/image\/","url":"https:\/\/diariotextual.com\/inicio\/wp-content\/uploads\/2023\/05\/logotextual1.jpg","contentUrl":"https:\/\/diariotextual.com\/inicio\/wp-content\/uploads\/2023\/05\/logotextual1.jpg","width":516,"height":76,"caption":"Diario Textual"},"image":{"@id":"https:\/\/diariotextual.com\/inicio\/#\/schema\/logo\/image\/"},"sameAs":["https:\/\/www.facebook.com\/eltextual","https:\/\/x.com\/eltextual","http:\/\/www.instagram.com\/eltextual"]},{"@type":"Person","@id":"https:\/\/diariotextual.com\/inicio\/#\/schema\/person\/694f60677f23c4a530867a98f22b3768","name":"diario2","image":{"@type":"ImageObject","inLanguage":"es","@id":"https:\/\/secure.gravatar.com\/avatar\/5a2567495ba16b852fcd8f1ed006a2e24fcace936018ed8237e95f488ad6e0a7?s=96&d=mm&r=g","url":"https:\/\/secure.gravatar.com\/avatar\/5a2567495ba16b852fcd8f1ed006a2e24fcace936018ed8237e95f488ad6e0a7?s=96&d=mm&r=g","contentUrl":"https:\/\/secure.gravatar.com\/avatar\/5a2567495ba16b852fcd8f1ed006a2e24fcace936018ed8237e95f488ad6e0a7?s=96&d=mm&r=g","caption":"diario2"},"url":"https:\/\/diariotextual.com\/inicio\/index.php\/author\/diario2\/"}]}},"_links":{"self":[{"href":"https:\/\/diariotextual.com\/inicio\/index.php\/wp-json\/wp\/v2\/posts\/225624","targetHints":{"allow":["GET"]}}],"collection":[{"href":"https:\/\/diariotextual.com\/inicio\/index.php\/wp-json\/wp\/v2\/posts"}],"about":[{"href":"https:\/\/diariotextual.com\/inicio\/index.php\/wp-json\/wp\/v2\/types\/post"}],"author":[{"embeddable":true,"href":"https:\/\/diariotextual.com\/inicio\/index.php\/wp-json\/wp\/v2\/users\/4"}],"replies":[{"embeddable":true,"href":"https:\/\/diariotextual.com\/inicio\/index.php\/wp-json\/wp\/v2\/comments?post=225624"}],"version-history":[{"count":3,"href":"https:\/\/diariotextual.com\/inicio\/index.php\/wp-json\/wp\/v2\/posts\/225624\/revisions"}],"predecessor-version":[{"id":225627,"href":"https:\/\/diariotextual.com\/inicio\/index.php\/wp-json\/wp\/v2\/posts\/225624\/revisions\/225627"}],"wp:featuredmedia":[{"embeddable":true,"href":"https:\/\/diariotextual.com\/inicio\/index.php\/wp-json\/wp\/v2\/media\/211703"}],"wp:attachment":[{"href":"https:\/\/diariotextual.com\/inicio\/index.php\/wp-json\/wp\/v2\/media?parent=225624"}],"wp:term":[{"taxonomy":"category","embeddable":true,"href":"https:\/\/diariotextual.com\/inicio\/index.php\/wp-json\/wp\/v2\/categories?post=225624"},{"taxonomy":"post_tag","embeddable":true,"href":"https:\/\/diariotextual.com\/inicio\/index.php\/wp-json\/wp\/v2\/tags?post=225624"}],"curies":[{"name":"wp","href":"https:\/\/api.w.org\/{rel}","templated":true}]}}