{"id":225693,"date":"2023-05-17T07:16:02","date_gmt":"2023-05-17T10:16:02","guid":{"rendered":"https:\/\/diariotextual.com\/inicio\/?p=225693"},"modified":"2023-05-17T07:18:36","modified_gmt":"2023-05-17T10:18:36","slug":"premios-gardel-2023-trueno-se-llevo-el-oro-por-su-album-bien-o-mal","status":"publish","type":"post","link":"https:\/\/diariotextual.com\/inicio\/index.php\/2023\/05\/17\/premios-gardel-2023-trueno-se-llevo-el-oro-por-su-album-bien-o-mal\/","title":{"rendered":"Premios Gardel 2023: Trueno se llev\u00f3 el Oro por su \u00e1lbum Bien o mal"},"content":{"rendered":"\n<p>La 25\u00ba edici\u00f3n de los <strong>premios Gardel <\/strong>se desarroll\u00f3 este marte en el estadio Movistar Arena y tuvo al r<strong>apero Trueno como el ganador de la estatuilla de Oro<\/strong>, en reconocimiento en la categor\u00eda \u00c1lbum del a\u00f1o por Bien o mal.\u00a0\u00a0<\/p>\n\n\n\n<p>\u201cSi no fuera por mi familia de m\u00fasicos, no tendr\u00eda este sentimiento, nos vamos a morir con el micr\u00f3fono en la mano, porque esto nos da vida. No s\u00e9 qu\u00e9 decir porque no me esperaba esto a mis 21 a\u00f1os\u201d, dijo Trueno, quien se perfilaba como el favorito al ser el artista m\u00e1s nominado.<\/p>\n\n\n\n<p>Adem\u00e1s del Gardel de Oro, el joven cantante tambi\u00e9n se adjudic\u00f3 los premios por Mejor \u00e1lbum de m\u00fasica urbana, con Bien o mal; y por Mejor grabaci\u00f3n del a\u00f1o, con Argentina, canci\u00f3n que cant\u00f3 junto con Nathy Peluso.<\/p>\n\n\n\n<p>El evento cont\u00f3 con la conducci\u00f3n de Iv\u00e1n de Pineda y acudieron artistas nacionales que obtuvieron un reconocimiento por su labor musical en 48 rubros distintos. Si bien se desarroll\u00f3 por la noche, la primera lista de ganadores se dio a conocer a las 14 en una ceremonia previa en el teatro V\u00f3rterix.<\/p>\n\n\n\n<p>La ceremonia cont\u00f3 con algunas presentaciones en vivo, que fueron llevadas a cabo por artistas nominados. Los que dieron la bienvenida fueron Los Fabulosos Cadillacs con \u201cMatador\u201d.<\/p>\n\n\n\n<p>Tambi\u00e9n estuvieron Mar\u00eda Becerra, Trueno, Rei, Le\u00f3n Gieco, V\u00edctor Heredia, Amelita Baltar, Ra\u00fal Lavi\u00e9, Peipper, DJ Tao, L-Gante, La Joaqui y Callejero Fino.<\/p>\n\n\n\n<blockquote class=\"twitter-tweet\"><p lang=\"es\" dir=\"ltr\">Trueno junto a Victor Heredia interpretando Tierra Zanta en los Premios Gardel 2023 <a href=\"https:\/\/t.co\/sv8WV3KMjX\">pic.twitter.com\/sv8WV3KMjX<\/a><\/p>&mdash; \u13aa \u2115 \u012c (@Aaaanaias) <a href=\"https:\/\/twitter.com\/Aaaanaias\/status\/1658636528774524929?ref_src=twsrc%5Etfw\">May 17, 2023<\/a><\/blockquote> <script async src=\"https:\/\/platform.twitter.com\/widgets.js\" charset=\"utf-8\"><\/script>\n\n\n\n<p>Entre los momentos m\u00e1s emotivos de la noche se destac\u00f3 el reconocimiento por la trayectoria a Amelita Baltar y Ra\u00fal Lavi\u00e9. Este \u00faltimo brind\u00f3 un discurso cuando subi\u00f3 al escenario a recibir su premio que sensibiliz\u00f3 a muchos.<\/p>\n\n\n\n<p>El artista m\u00e1s nominado hab\u00eda sido Trueno, con nueve, en siete categor\u00edas. El cantante urbano era seguido de Dante Spinetta, con siete, y Babas\u00f3nicos, con seis.<\/p>\n\n\n\n<p>Por otro lado, Tini los segu\u00eda desde atr\u00e1s con cinco categor\u00edas, una m\u00e1s que Mar\u00eda Becerra, Los Aut\u00e9nticos Decadentes, Bizarrap, Fito P\u00e1ez, Ciro y Los Persas y Luciano Pereyra.<\/p>\n\n\n\n<p>Todos los ganadores de los Premios Gardel 2023<\/p>\n\n\n\n<p>\u00c1lbum del a\u00f1o: \u201cBien o mal\u201d &#8211; Trueno<\/p>\n\n\n\n<p>Canci\u00f3n del a\u00f1o: \u201cLa Triple T\u201d &#8211; Tini Stoessel<\/p>\n\n\n\n<p>Grabaci\u00f3n del a\u00f1o: Argentina &#8211; Trueno y Nathy Peluso<\/p>\n\n\n\n<p>Ingenier\u00eda de grabaci\u00f3n: Mesa dulce &#8211; Dante Spinetta. Ingenieros: Oscar Herrera, Mariano L\u00f3pez y Randy Merril<\/p>\n\n\n\n<p>Mejor \u00e1lbum artista de cuarteto: No me pueden parar &#8211; Ulises Bueno<\/p>\n\n\n\n<p>Mejor \u00e1lbum artista de folklore: Agua de flores &#8211; Paola Bernal<\/p>\n\n\n\n<p>Mejor \u00e1lbum artista de rock: Leb\u00f3n &amp; Co vol.2 &#8211; David Leb\u00f3n<\/p>\n\n\n\n<p>Mejor \u00e1lbum artista de tango: Cabeza negra &#8211; Julieta Laso<\/p>\n\n\n\n<p>Mejor \u00e1lbum artista de pop: Antigua &#8211; Hilda Lizarazu<\/p>\n\n\n\n<p>Mejor \u00e1lbum artista rom\u00e1ntico &#8211; mel\u00f3dico: Emociones &#8211; Mar\u00eda Jos\u00e9 Demare<\/p>\n\n\n\n<p>Mejor \u00e1lbum artista tropical: Evidencias &#8211; Dalila<\/p>\n\n\n\n<p>Mejor \u00c1lbum Banda de Sonido de Cine\/Televisi\u00f3n\/Producci\u00f3n audiovisual: The house (Soundtrack from the Netflix special) &#8211; Gustavo Santaolalla<\/p>\n\n\n\n<p>Mejor \u00e1lbum canci\u00f3n de autor: El hombrecito del mar &#8211; Le\u00f3n Gieco<\/p>\n\n\n\n<p>Mejor \u00e1lbum conceptual: Futurolog\u00eda arlt &#8211; Fito P\u00e1ez<\/p>\n\n\n\n<p>Mejor \u00e1lbum de chamam\u00e9: Mar\u00eda Elena Sosa 40 a\u00f1os &#8211; Maria Elena Sosa , Antonio Tarrago Ros, Jorge Rojas, Teresa Parodi &amp; Facundo Toro<\/p>\n\n\n\n<p>Mejor \u00e1lbum de jazz: Stick shot &#8211; Pipi Piazzolla Tr\u00edo<\/p>\n\n\n\n<p>Mejor \u00e1lbum de m\u00fasica urbana: Bien o mal &#8211; Trueno<\/p>\n\n\n\n<p>Mejor \u00e1lbum de Reggae\/Ska: Viva Pericos! &#8211; Los Pericos<\/p>\n\n\n\n<p>Mejor \u00e1lbum de Rock pesado\/Punk: \u00cdntimo extemo &#8211; 30 A\u00f1os &#8211; A.N.I.M.A.L<\/p>\n\n\n\n<p>Mejor \u00e1lbum en vivo: Tilcara: El recital &#8211; Divididos<\/p>\n\n\n\n<p>Mejor \u00e1lbum folklore alternativo: Salve &#8211; Noelia Sinkunas<\/p>\n\n\n\n<p>Mejor \u00e1lbum grupo de cuarteto: Sin l\u00edmites (10 noches m\u00e1gicas en el Gran Rex) &#8211; La Konga<\/p>\n\n\n\n<p>Mejor \u00e1lbum Pop alternativo: Shasei &#8211; Benito Cerati<\/p>\n\n\n\n<p>Mejor canci\u00f3n de rock: \u201cEl lado oscuro del coraz\u00f3n\u201d &#8211; Dante Spinetta<\/p>\n\n\n\n<p>Mejor \u00e1lbum grupo de rock: Dopelganga &#8211; Eruca Sativa<\/p>\n\n\n\n<p>Mejor \u00e1lbum grupo pop: El big blue &#8211; Bandalos Chinos<\/p>\n\n\n\n<p>Mejor \u00e1lbum grupo tropical: La ruta del oro &#8211; Los Palmeras<\/p>\n\n\n\n<p>Mejor \u00e1lbum infantil: Piojos y piojitos 3 &#8211; Piojos y Piojitos<\/p>\n\n\n\n<p>Mejor \u00c1lbum Instrumental-Fusi\u00f3n-World Music: Tamboreras por el mundo, vol. 1 &#8211; Vivi Pozzeb\u00f3n<\/p>\n\n\n\n<p>Mejor \u00e1lbum de m\u00fasica electr\u00f3nica: Future Memories &#8211; Hern\u00e1n Catt\u00e1neo &amp; Soundexile<\/p>\n\n\n\n<p>Mejor \u00c1lbum Orquesta Y\/o Grupo De Tango Y\/o Instrumental: El hilo invisible &#8211; Lidia Borda y Luis Borda<\/p>\n\n\n\n<p>Mejor \u00e1lbum rock alternativo: Trinchera avanzada &#8211; Babas\u00f3nicos<\/p>\n\n\n\n<p>Mejor canci\u00f3n de cuarteto: \u201cYa no vuelvas (Versi\u00f3n cuarteto)\u201d &#8211; Luck Ra, La K\u2019onga &amp; Ke Personajes<\/p>\n\n\n\n<p>Mejor canci\u00f3n de folklore: \u201cYo canto versos\u201d &#8211; Maggie Cullen<\/p>\n\n\n\n<p>Mejor canci\u00f3n de m\u00fasica urbana: \u201cQuevedo: Bzrp music sessions, vol. 52\u2033 &#8211; Bizarrap &amp; Quevedo<\/p>\n\n\n\n<p>Mejor canci\u00f3n pop: \u201cMuchachos, ahora nos volvimos a ilusionar\u201d &#8211; La Mosca Tse-Tse<\/p>\n\n\n\n<p>Mejor canci\u00f3n de tango: \u201cOda a las huelgas patag\u00f3nicas\u201d &#8211; Quinteto Negro La Boca (Feat. Ana Sof\u00eda Stamponi &amp; Ernesto Zeppa)<\/p>\n\n\n\n<p>Mejor canci\u00f3n tropical: \u201cInocente (En vivo en el Luna Park)\u201d &#8211; La Delio Valdez &amp; Karina<\/p>\n\n\n\n<p>Mejor colaboraci\u00f3n: \u201cBailando\u201d &#8211; Los Aut\u00e9nticos Decadentes &amp; Miranda!<\/p>\n\n\n\n<p>Mejor colaboraci\u00f3n de m\u00fasica urbana: \u201cSudaka\u201d &#8211; Dante Spinetta &amp; Trueno<\/p>\n\n\n\n<p>Mejor colecci\u00f3n de cat\u00e1logo: \u201cEn vivo Teatro Coliseo 1975\u2033 &#8211; Invisible<\/p>\n\n\n\n<p>Mejor dise\u00f1o de portada: Cabeza negra &#8211; Int\u00e9rprete: Julieta Laso Dise\u00f1ador: Alejandro Ros<\/p>\n\n\n\n<p>Mejor nuevo artista: Mi propia casa &#8211; Noelia Recalde<\/p>\n\n\n\n<p>Mejor videoclip corto: \u201cDisciplina\u201d &#8211; Int\u00e9rprete: Lali Directora: Rocio Gastaldi<\/p>\n\n\n\n<p>Mejor videoclip largo: Seremos primavera en vivo en La Ballena Azul &#8211; Int\u00e9rprete: Eruca Sativa Director: Diego \u201cChaca\u201d Dorrego<\/p>\n","protected":false},"excerpt":{"rendered":"<p>La 25\u00ba edici\u00f3n de los premios Gardel se desarroll\u00f3 este marte en el estadio Movistar Arena y tuvo al rapero Trueno como el ganador de la estatuilla de Oro, en&hellip;<\/p>\n","protected":false},"author":4,"featured_media":225695,"comment_status":"closed","ping_status":"open","sticky":false,"template":"","format":"standard","meta":{"_acf_changed":false,"footnotes":""},"categories":[1,2],"tags":[],"class_list":["post-225693","post","type-post","status-publish","format-standard","has-post-thumbnail","hentry","category-es-noticia","category-cultura"],"acf":[],"yoast_head":"<!-- This site is optimized with the Yoast SEO plugin v27.5 - https:\/\/yoast.com\/product\/yoast-seo-wordpress\/ -->\n<title>Premios Gardel 2023: Trueno se llev\u00f3 el Oro por su \u00e1lbum Bien o mal - Diario Textual<\/title>\n<meta name=\"robots\" content=\"index, follow, max-snippet:-1, max-image-preview:large, max-video-preview:-1\" \/>\n<link rel=\"canonical\" href=\"https:\/\/diariotextual.com\/inicio\/index.php\/2023\/05\/17\/premios-gardel-2023-trueno-se-llevo-el-oro-por-su-album-bien-o-mal\/\" \/>\n<meta property=\"og:locale\" content=\"es_ES\" \/>\n<meta property=\"og:type\" content=\"article\" \/>\n<meta property=\"og:title\" content=\"Premios Gardel 2023: Trueno se llev\u00f3 el Oro por su \u00e1lbum Bien o mal - Diario Textual\" \/>\n<meta property=\"og:description\" content=\"La 25\u00ba edici\u00f3n de los premios Gardel se desarroll\u00f3 este marte en el estadio Movistar Arena y tuvo al rapero Trueno como el ganador de la estatuilla de Oro, en&hellip;\" \/>\n<meta property=\"og:url\" content=\"https:\/\/diariotextual.com\/inicio\/index.php\/2023\/05\/17\/premios-gardel-2023-trueno-se-llevo-el-oro-por-su-album-bien-o-mal\/\" \/>\n<meta property=\"og:site_name\" content=\"Diario Textual\" \/>\n<meta property=\"article:publisher\" content=\"https:\/\/www.facebook.com\/eltextual\" \/>\n<meta property=\"article:published_time\" content=\"2023-05-17T10:16:02+00:00\" \/>\n<meta property=\"article:modified_time\" content=\"2023-05-17T10:18:36+00:00\" \/>\n<meta property=\"og:image\" content=\"https:\/\/diariotextual.com\/inicio\/wp-content\/uploads\/2023\/05\/truenopremiosgardel2023.jpg\" \/>\n\t<meta property=\"og:image:width\" content=\"1080\" \/>\n\t<meta property=\"og:image:height\" content=\"716\" \/>\n\t<meta property=\"og:image:type\" content=\"image\/jpeg\" \/>\n<meta name=\"author\" content=\"diario2\" \/>\n<meta name=\"twitter:card\" content=\"summary_large_image\" \/>\n<meta name=\"twitter:creator\" content=\"@eltextual\" \/>\n<meta name=\"twitter:site\" content=\"@eltextual\" \/>\n<meta name=\"twitter:label1\" content=\"Escrito por\" \/>\n\t<meta name=\"twitter:data1\" content=\"diario2\" \/>\n\t<meta name=\"twitter:label2\" content=\"Tiempo de lectura\" \/>\n\t<meta name=\"twitter:data2\" content=\"4 minutos\" \/>\n<script type=\"application\/ld+json\" class=\"yoast-schema-graph\">{\"@context\":\"https:\\\/\\\/schema.org\",\"@graph\":[{\"@type\":\"Article\",\"@id\":\"https:\\\/\\\/diariotextual.com\\\/inicio\\\/index.php\\\/2023\\\/05\\\/17\\\/premios-gardel-2023-trueno-se-llevo-el-oro-por-su-album-bien-o-mal\\\/#article\",\"isPartOf\":{\"@id\":\"https:\\\/\\\/diariotextual.com\\\/inicio\\\/index.php\\\/2023\\\/05\\\/17\\\/premios-gardel-2023-trueno-se-llevo-el-oro-por-su-album-bien-o-mal\\\/\"},\"author\":{\"name\":\"diario2\",\"@id\":\"https:\\\/\\\/diariotextual.com\\\/inicio\\\/#\\\/schema\\\/person\\\/694f60677f23c4a530867a98f22b3768\"},\"headline\":\"Premios Gardel 2023: Trueno se llev\u00f3 el Oro por su \u00e1lbum Bien o mal\",\"datePublished\":\"2023-05-17T10:16:02+00:00\",\"dateModified\":\"2023-05-17T10:18:36+00:00\",\"mainEntityOfPage\":{\"@id\":\"https:\\\/\\\/diariotextual.com\\\/inicio\\\/index.php\\\/2023\\\/05\\\/17\\\/premios-gardel-2023-trueno-se-llevo-el-oro-por-su-album-bien-o-mal\\\/\"},\"wordCount\":998,\"publisher\":{\"@id\":\"https:\\\/\\\/diariotextual.com\\\/inicio\\\/#organization\"},\"image\":{\"@id\":\"https:\\\/\\\/diariotextual.com\\\/inicio\\\/index.php\\\/2023\\\/05\\\/17\\\/premios-gardel-2023-trueno-se-llevo-el-oro-por-su-album-bien-o-mal\\\/#primaryimage\"},\"thumbnailUrl\":\"https:\\\/\\\/diariotextual.com\\\/inicio\\\/wp-content\\\/uploads\\\/2023\\\/05\\\/truenopremiosgardel2023.jpg\",\"articleSection\":[\"A - ES NOTICIA (van abajo)\",\"CULTURA\"],\"inLanguage\":\"es\"},{\"@type\":\"WebPage\",\"@id\":\"https:\\\/\\\/diariotextual.com\\\/inicio\\\/index.php\\\/2023\\\/05\\\/17\\\/premios-gardel-2023-trueno-se-llevo-el-oro-por-su-album-bien-o-mal\\\/\",\"url\":\"https:\\\/\\\/diariotextual.com\\\/inicio\\\/index.php\\\/2023\\\/05\\\/17\\\/premios-gardel-2023-trueno-se-llevo-el-oro-por-su-album-bien-o-mal\\\/\",\"name\":\"Premios Gardel 2023: Trueno se llev\u00f3 el Oro por su \u00e1lbum Bien o mal - Diario Textual\",\"isPartOf\":{\"@id\":\"https:\\\/\\\/diariotextual.com\\\/inicio\\\/#website\"},\"primaryImageOfPage\":{\"@id\":\"https:\\\/\\\/diariotextual.com\\\/inicio\\\/index.php\\\/2023\\\/05\\\/17\\\/premios-gardel-2023-trueno-se-llevo-el-oro-por-su-album-bien-o-mal\\\/#primaryimage\"},\"image\":{\"@id\":\"https:\\\/\\\/diariotextual.com\\\/inicio\\\/index.php\\\/2023\\\/05\\\/17\\\/premios-gardel-2023-trueno-se-llevo-el-oro-por-su-album-bien-o-mal\\\/#primaryimage\"},\"thumbnailUrl\":\"https:\\\/\\\/diariotextual.com\\\/inicio\\\/wp-content\\\/uploads\\\/2023\\\/05\\\/truenopremiosgardel2023.jpg\",\"datePublished\":\"2023-05-17T10:16:02+00:00\",\"dateModified\":\"2023-05-17T10:18:36+00:00\",\"breadcrumb\":{\"@id\":\"https:\\\/\\\/diariotextual.com\\\/inicio\\\/index.php\\\/2023\\\/05\\\/17\\\/premios-gardel-2023-trueno-se-llevo-el-oro-por-su-album-bien-o-mal\\\/#breadcrumb\"},\"inLanguage\":\"es\",\"potentialAction\":[{\"@type\":\"ReadAction\",\"target\":[\"https:\\\/\\\/diariotextual.com\\\/inicio\\\/index.php\\\/2023\\\/05\\\/17\\\/premios-gardel-2023-trueno-se-llevo-el-oro-por-su-album-bien-o-mal\\\/\"]}]},{\"@type\":\"ImageObject\",\"inLanguage\":\"es\",\"@id\":\"https:\\\/\\\/diariotextual.com\\\/inicio\\\/index.php\\\/2023\\\/05\\\/17\\\/premios-gardel-2023-trueno-se-llevo-el-oro-por-su-album-bien-o-mal\\\/#primaryimage\",\"url\":\"https:\\\/\\\/diariotextual.com\\\/inicio\\\/wp-content\\\/uploads\\\/2023\\\/05\\\/truenopremiosgardel2023.jpg\",\"contentUrl\":\"https:\\\/\\\/diariotextual.com\\\/inicio\\\/wp-content\\\/uploads\\\/2023\\\/05\\\/truenopremiosgardel2023.jpg\",\"width\":1080,\"height\":716},{\"@type\":\"BreadcrumbList\",\"@id\":\"https:\\\/\\\/diariotextual.com\\\/inicio\\\/index.php\\\/2023\\\/05\\\/17\\\/premios-gardel-2023-trueno-se-llevo-el-oro-por-su-album-bien-o-mal\\\/#breadcrumb\",\"itemListElement\":[{\"@type\":\"ListItem\",\"position\":1,\"name\":\"Portada\",\"item\":\"https:\\\/\\\/diariotextual.com\\\/inicio\\\/\"},{\"@type\":\"ListItem\",\"position\":2,\"name\":\"Premios Gardel 2023: Trueno se llev\u00f3 el Oro por su \u00e1lbum Bien o mal\"}]},{\"@type\":\"WebSite\",\"@id\":\"https:\\\/\\\/diariotextual.com\\\/inicio\\\/#website\",\"url\":\"https:\\\/\\\/diariotextual.com\\\/inicio\\\/\",\"name\":\"Diario Textual\",\"description\":\"\",\"publisher\":{\"@id\":\"https:\\\/\\\/diariotextual.com\\\/inicio\\\/#organization\"},\"potentialAction\":[{\"@type\":\"SearchAction\",\"target\":{\"@type\":\"EntryPoint\",\"urlTemplate\":\"https:\\\/\\\/diariotextual.com\\\/inicio\\\/?s={search_term_string}\"},\"query-input\":{\"@type\":\"PropertyValueSpecification\",\"valueRequired\":true,\"valueName\":\"search_term_string\"}}],\"inLanguage\":\"es\"},{\"@type\":\"Organization\",\"@id\":\"https:\\\/\\\/diariotextual.com\\\/inicio\\\/#organization\",\"name\":\"Diario Textual\",\"url\":\"https:\\\/\\\/diariotextual.com\\\/inicio\\\/\",\"logo\":{\"@type\":\"ImageObject\",\"inLanguage\":\"es\",\"@id\":\"https:\\\/\\\/diariotextual.com\\\/inicio\\\/#\\\/schema\\\/logo\\\/image\\\/\",\"url\":\"https:\\\/\\\/diariotextual.com\\\/inicio\\\/wp-content\\\/uploads\\\/2023\\\/05\\\/logotextual1.jpg\",\"contentUrl\":\"https:\\\/\\\/diariotextual.com\\\/inicio\\\/wp-content\\\/uploads\\\/2023\\\/05\\\/logotextual1.jpg\",\"width\":516,\"height\":76,\"caption\":\"Diario Textual\"},\"image\":{\"@id\":\"https:\\\/\\\/diariotextual.com\\\/inicio\\\/#\\\/schema\\\/logo\\\/image\\\/\"},\"sameAs\":[\"https:\\\/\\\/www.facebook.com\\\/eltextual\",\"https:\\\/\\\/x.com\\\/eltextual\",\"http:\\\/\\\/www.instagram.com\\\/eltextual\"]},{\"@type\":\"Person\",\"@id\":\"https:\\\/\\\/diariotextual.com\\\/inicio\\\/#\\\/schema\\\/person\\\/694f60677f23c4a530867a98f22b3768\",\"name\":\"diario2\",\"image\":{\"@type\":\"ImageObject\",\"inLanguage\":\"es\",\"@id\":\"https:\\\/\\\/secure.gravatar.com\\\/avatar\\\/5a2567495ba16b852fcd8f1ed006a2e24fcace936018ed8237e95f488ad6e0a7?s=96&d=mm&r=g\",\"url\":\"https:\\\/\\\/secure.gravatar.com\\\/avatar\\\/5a2567495ba16b852fcd8f1ed006a2e24fcace936018ed8237e95f488ad6e0a7?s=96&d=mm&r=g\",\"contentUrl\":\"https:\\\/\\\/secure.gravatar.com\\\/avatar\\\/5a2567495ba16b852fcd8f1ed006a2e24fcace936018ed8237e95f488ad6e0a7?s=96&d=mm&r=g\",\"caption\":\"diario2\"},\"url\":\"https:\\\/\\\/diariotextual.com\\\/inicio\\\/index.php\\\/author\\\/diario2\\\/\"}]}<\/script>\n<!-- \/ Yoast SEO plugin. -->","yoast_head_json":{"title":"Premios Gardel 2023: Trueno se llev\u00f3 el Oro por su \u00e1lbum Bien o mal - Diario Textual","robots":{"index":"index","follow":"follow","max-snippet":"max-snippet:-1","max-image-preview":"max-image-preview:large","max-video-preview":"max-video-preview:-1"},"canonical":"https:\/\/diariotextual.com\/inicio\/index.php\/2023\/05\/17\/premios-gardel-2023-trueno-se-llevo-el-oro-por-su-album-bien-o-mal\/","og_locale":"es_ES","og_type":"article","og_title":"Premios Gardel 2023: Trueno se llev\u00f3 el Oro por su \u00e1lbum Bien o mal - Diario Textual","og_description":"La 25\u00ba edici\u00f3n de los premios Gardel se desarroll\u00f3 este marte en el estadio Movistar Arena y tuvo al rapero Trueno como el ganador de la estatuilla de Oro, en&hellip;","og_url":"https:\/\/diariotextual.com\/inicio\/index.php\/2023\/05\/17\/premios-gardel-2023-trueno-se-llevo-el-oro-por-su-album-bien-o-mal\/","og_site_name":"Diario Textual","article_publisher":"https:\/\/www.facebook.com\/eltextual","article_published_time":"2023-05-17T10:16:02+00:00","article_modified_time":"2023-05-17T10:18:36+00:00","og_image":[{"width":1080,"height":716,"url":"https:\/\/diariotextual.com\/inicio\/wp-content\/uploads\/2023\/05\/truenopremiosgardel2023.jpg","type":"image\/jpeg"}],"author":"diario2","twitter_card":"summary_large_image","twitter_creator":"@eltextual","twitter_site":"@eltextual","twitter_misc":{"Escrito por":"diario2","Tiempo de lectura":"4 minutos"},"schema":{"@context":"https:\/\/schema.org","@graph":[{"@type":"Article","@id":"https:\/\/diariotextual.com\/inicio\/index.php\/2023\/05\/17\/premios-gardel-2023-trueno-se-llevo-el-oro-por-su-album-bien-o-mal\/#article","isPartOf":{"@id":"https:\/\/diariotextual.com\/inicio\/index.php\/2023\/05\/17\/premios-gardel-2023-trueno-se-llevo-el-oro-por-su-album-bien-o-mal\/"},"author":{"name":"diario2","@id":"https:\/\/diariotextual.com\/inicio\/#\/schema\/person\/694f60677f23c4a530867a98f22b3768"},"headline":"Premios Gardel 2023: Trueno se llev\u00f3 el Oro por su \u00e1lbum Bien o mal","datePublished":"2023-05-17T10:16:02+00:00","dateModified":"2023-05-17T10:18:36+00:00","mainEntityOfPage":{"@id":"https:\/\/diariotextual.com\/inicio\/index.php\/2023\/05\/17\/premios-gardel-2023-trueno-se-llevo-el-oro-por-su-album-bien-o-mal\/"},"wordCount":998,"publisher":{"@id":"https:\/\/diariotextual.com\/inicio\/#organization"},"image":{"@id":"https:\/\/diariotextual.com\/inicio\/index.php\/2023\/05\/17\/premios-gardel-2023-trueno-se-llevo-el-oro-por-su-album-bien-o-mal\/#primaryimage"},"thumbnailUrl":"https:\/\/diariotextual.com\/inicio\/wp-content\/uploads\/2023\/05\/truenopremiosgardel2023.jpg","articleSection":["A - ES NOTICIA (van abajo)","CULTURA"],"inLanguage":"es"},{"@type":"WebPage","@id":"https:\/\/diariotextual.com\/inicio\/index.php\/2023\/05\/17\/premios-gardel-2023-trueno-se-llevo-el-oro-por-su-album-bien-o-mal\/","url":"https:\/\/diariotextual.com\/inicio\/index.php\/2023\/05\/17\/premios-gardel-2023-trueno-se-llevo-el-oro-por-su-album-bien-o-mal\/","name":"Premios Gardel 2023: Trueno se llev\u00f3 el Oro por su \u00e1lbum Bien o mal - Diario Textual","isPartOf":{"@id":"https:\/\/diariotextual.com\/inicio\/#website"},"primaryImageOfPage":{"@id":"https:\/\/diariotextual.com\/inicio\/index.php\/2023\/05\/17\/premios-gardel-2023-trueno-se-llevo-el-oro-por-su-album-bien-o-mal\/#primaryimage"},"image":{"@id":"https:\/\/diariotextual.com\/inicio\/index.php\/2023\/05\/17\/premios-gardel-2023-trueno-se-llevo-el-oro-por-su-album-bien-o-mal\/#primaryimage"},"thumbnailUrl":"https:\/\/diariotextual.com\/inicio\/wp-content\/uploads\/2023\/05\/truenopremiosgardel2023.jpg","datePublished":"2023-05-17T10:16:02+00:00","dateModified":"2023-05-17T10:18:36+00:00","breadcrumb":{"@id":"https:\/\/diariotextual.com\/inicio\/index.php\/2023\/05\/17\/premios-gardel-2023-trueno-se-llevo-el-oro-por-su-album-bien-o-mal\/#breadcrumb"},"inLanguage":"es","potentialAction":[{"@type":"ReadAction","target":["https:\/\/diariotextual.com\/inicio\/index.php\/2023\/05\/17\/premios-gardel-2023-trueno-se-llevo-el-oro-por-su-album-bien-o-mal\/"]}]},{"@type":"ImageObject","inLanguage":"es","@id":"https:\/\/diariotextual.com\/inicio\/index.php\/2023\/05\/17\/premios-gardel-2023-trueno-se-llevo-el-oro-por-su-album-bien-o-mal\/#primaryimage","url":"https:\/\/diariotextual.com\/inicio\/wp-content\/uploads\/2023\/05\/truenopremiosgardel2023.jpg","contentUrl":"https:\/\/diariotextual.com\/inicio\/wp-content\/uploads\/2023\/05\/truenopremiosgardel2023.jpg","width":1080,"height":716},{"@type":"BreadcrumbList","@id":"https:\/\/diariotextual.com\/inicio\/index.php\/2023\/05\/17\/premios-gardel-2023-trueno-se-llevo-el-oro-por-su-album-bien-o-mal\/#breadcrumb","itemListElement":[{"@type":"ListItem","position":1,"name":"Portada","item":"https:\/\/diariotextual.com\/inicio\/"},{"@type":"ListItem","position":2,"name":"Premios Gardel 2023: Trueno se llev\u00f3 el Oro por su \u00e1lbum Bien o mal"}]},{"@type":"WebSite","@id":"https:\/\/diariotextual.com\/inicio\/#website","url":"https:\/\/diariotextual.com\/inicio\/","name":"Diario Textual","description":"","publisher":{"@id":"https:\/\/diariotextual.com\/inicio\/#organization"},"potentialAction":[{"@type":"SearchAction","target":{"@type":"EntryPoint","urlTemplate":"https:\/\/diariotextual.com\/inicio\/?s={search_term_string}"},"query-input":{"@type":"PropertyValueSpecification","valueRequired":true,"valueName":"search_term_string"}}],"inLanguage":"es"},{"@type":"Organization","@id":"https:\/\/diariotextual.com\/inicio\/#organization","name":"Diario Textual","url":"https:\/\/diariotextual.com\/inicio\/","logo":{"@type":"ImageObject","inLanguage":"es","@id":"https:\/\/diariotextual.com\/inicio\/#\/schema\/logo\/image\/","url":"https:\/\/diariotextual.com\/inicio\/wp-content\/uploads\/2023\/05\/logotextual1.jpg","contentUrl":"https:\/\/diariotextual.com\/inicio\/wp-content\/uploads\/2023\/05\/logotextual1.jpg","width":516,"height":76,"caption":"Diario Textual"},"image":{"@id":"https:\/\/diariotextual.com\/inicio\/#\/schema\/logo\/image\/"},"sameAs":["https:\/\/www.facebook.com\/eltextual","https:\/\/x.com\/eltextual","http:\/\/www.instagram.com\/eltextual"]},{"@type":"Person","@id":"https:\/\/diariotextual.com\/inicio\/#\/schema\/person\/694f60677f23c4a530867a98f22b3768","name":"diario2","image":{"@type":"ImageObject","inLanguage":"es","@id":"https:\/\/secure.gravatar.com\/avatar\/5a2567495ba16b852fcd8f1ed006a2e24fcace936018ed8237e95f488ad6e0a7?s=96&d=mm&r=g","url":"https:\/\/secure.gravatar.com\/avatar\/5a2567495ba16b852fcd8f1ed006a2e24fcace936018ed8237e95f488ad6e0a7?s=96&d=mm&r=g","contentUrl":"https:\/\/secure.gravatar.com\/avatar\/5a2567495ba16b852fcd8f1ed006a2e24fcace936018ed8237e95f488ad6e0a7?s=96&d=mm&r=g","caption":"diario2"},"url":"https:\/\/diariotextual.com\/inicio\/index.php\/author\/diario2\/"}]}},"_links":{"self":[{"href":"https:\/\/diariotextual.com\/inicio\/index.php\/wp-json\/wp\/v2\/posts\/225693","targetHints":{"allow":["GET"]}}],"collection":[{"href":"https:\/\/diariotextual.com\/inicio\/index.php\/wp-json\/wp\/v2\/posts"}],"about":[{"href":"https:\/\/diariotextual.com\/inicio\/index.php\/wp-json\/wp\/v2\/types\/post"}],"author":[{"embeddable":true,"href":"https:\/\/diariotextual.com\/inicio\/index.php\/wp-json\/wp\/v2\/users\/4"}],"replies":[{"embeddable":true,"href":"https:\/\/diariotextual.com\/inicio\/index.php\/wp-json\/wp\/v2\/comments?post=225693"}],"version-history":[{"count":2,"href":"https:\/\/diariotextual.com\/inicio\/index.php\/wp-json\/wp\/v2\/posts\/225693\/revisions"}],"predecessor-version":[{"id":225700,"href":"https:\/\/diariotextual.com\/inicio\/index.php\/wp-json\/wp\/v2\/posts\/225693\/revisions\/225700"}],"wp:featuredmedia":[{"embeddable":true,"href":"https:\/\/diariotextual.com\/inicio\/index.php\/wp-json\/wp\/v2\/media\/225695"}],"wp:attachment":[{"href":"https:\/\/diariotextual.com\/inicio\/index.php\/wp-json\/wp\/v2\/media?parent=225693"}],"wp:term":[{"taxonomy":"category","embeddable":true,"href":"https:\/\/diariotextual.com\/inicio\/index.php\/wp-json\/wp\/v2\/categories?post=225693"},{"taxonomy":"post_tag","embeddable":true,"href":"https:\/\/diariotextual.com\/inicio\/index.php\/wp-json\/wp\/v2\/tags?post=225693"}],"curies":[{"name":"wp","href":"https:\/\/api.w.org\/{rel}","templated":true}]}}