{"id":225701,"date":"2023-05-17T07:43:49","date_gmt":"2023-05-17T10:43:49","guid":{"rendered":"https:\/\/diariotextual.com\/inicio\/?p=225701"},"modified":"2023-05-17T10:27:31","modified_gmt":"2023-05-17T13:27:31","slug":"semana-de-la-miel-el-98-de-la-produccion-provincial-se-exporta-al-resto-del-pais","status":"publish","type":"post","link":"https:\/\/diariotextual.com\/inicio\/index.php\/2023\/05\/17\/semana-de-la-miel-el-98-de-la-produccion-provincial-se-exporta-al-resto-del-pais\/","title":{"rendered":"\u201cSemana de la Miel\u201d: el 98% de la producci\u00f3n provincial se exporta"},"content":{"rendered":"\n<p>La <strong>producci\u00f3n ap\u00edcola de La Pampa<\/strong> crece paulatinamente contando en la actualidad con m\u00e1s de 400 apicultores, que cuentan con 233.427 colmenas, 5 fraccionadoras de miles y&nbsp; 66 salas de extracci\u00f3n de miel distribuidas en los diversos departamentos.<\/p>\n\n\n\n<p>Seg\u00fan los datos brindados por la Direcci\u00f3n de Ganader\u00eda<strong>, en la \u00faltima temporada de 2022 se obtuvieron 7 mil toneladas miel<\/strong>, equivalentes a 23.334 tambores (unidad de comercializaci\u00f3n), lo gener\u00f3 un importante ingreso de divisas. Las colmenas declaradas no necesariamente se encuentran en inmediaciones de las localidades, las diversas modalidades de producci\u00f3n y la escala productiva generan que algunos productores sean \u201cfijistas\u201d y otros realicen trashumancia intra y extra provincial.<\/p>\n\n\n\n<p>En la actualidad <strong>el 98% de la producci\u00f3n de miel provincial tiene como destino la exportaci\u00f3n, representando la Provincia el 12% de las exportaciones nacionales.<\/strong> En este marco y con el fin de potenciar el crecimiento del sector desde el Ministerio de la Producci\u00f3n se cuenta con una l\u00ednea de cr\u00e9dito a tasa bonificada destinada a la actividad ap\u00edcola.<\/p>\n\n\n\n<p>El cr\u00e9dito puede utilizarse por un lado para la inversi\u00f3n en colmenas, dispone una suma de $ 20.000 por colmena a adquirir, con un plazo de 36 meses y con una bonificaci\u00f3n de tasa de hasta 15%. Y por otro lado, para capital de trabajo y otros activos: para los productores en actividad dispone de una suma de hasta $10.000 por colmena declarada; mientras que&nbsp; para productores iniciales dispone de una suma de hasta $ 10.000 por colmena a adquirir. Siendo el plazo total de 12 meses, con una bonificaci\u00f3n de tasa de hasta 15%.<\/p>\n\n\n\n<p>Siendo el monto m\u00e1ximo global destinado para cada productor de $6.000.000.<\/p>\n\n\n\n<p>Desde la<strong> Cooperativa Ap\u00edcola Patagoni<\/strong>a, con sede en el Parque Agroalimentario de General Pico se llevar\u00e1n a cabo visitas guiadas al complejo de la ciudad norte\u00f1a, las cuales comenzar\u00e1n el 22 de mayo, destinadas sobre todo a las escuelas, pero tambi\u00e9n al p\u00fablico en general interesado en esta actividad productiva. \u201cLa actividad que cuenta con el acompa\u00f1amiento del Ministerio de la Producci\u00f3n, tiene como fin dar a conocer el proceso productivo que se lleva a cabo con la miel, por ello adem\u00e1s de la recorrida por la planta, se proyectan videos y se brinda informaci\u00f3n y folleter\u00eda\u201d, explic\u00f3 Hugo Quitllet, secretario de la Cooperativa, a la Agencia Provincial de Noticias.<\/p>\n\n\n\n<p>La Cooperativa Ap\u00edcola est\u00e1 ubicada en calle Jos\u00e9 Kozac 55, Parque Agroalimentario de General Pico, y se puede reservar turno al 02302-15307760 o al mail: capipatagonia@yahoo.com.ar<\/p>\n\n\n\n<p>Para mayor informaci\u00f3n, comunicarse con la Direcci\u00f3n de Ganader\u00eda Tel: 02954 &#8211; 452634<\/p>\n\n\n\n<p>02954 \u2013 452600 internos: 1312 \/ 1412<\/p>\n","protected":false},"excerpt":{"rendered":"<p>La producci\u00f3n ap\u00edcola de La Pampa crece paulatinamente contando en la actualidad con m\u00e1s de 400 apicultores, que cuentan con 233.427 colmenas, 5 fraccionadoras de miles y&nbsp; 66 salas de&hellip;<\/p>\n","protected":false},"author":4,"featured_media":16511,"comment_status":"closed","ping_status":"open","sticky":false,"template":"","format":"standard","meta":{"_acf_changed":false,"footnotes":""},"categories":[1,12],"tags":[7540,2416],"class_list":["post-225701","post","type-post","status-publish","format-standard","has-post-thumbnail","hentry","category-es-noticia","category-sociedad","tag-apicultura","tag-miel"],"acf":[],"yoast_head":"<!-- This site is optimized with the Yoast SEO plugin v27.5 - https:\/\/yoast.com\/product\/yoast-seo-wordpress\/ -->\n<title>\u201cSemana de la Miel\u201d: el 98% de la producci\u00f3n provincial se exporta - Diario Textual<\/title>\n<meta name=\"robots\" content=\"index, follow, max-snippet:-1, max-image-preview:large, max-video-preview:-1\" \/>\n<link rel=\"canonical\" href=\"https:\/\/diariotextual.com\/inicio\/index.php\/2023\/05\/17\/semana-de-la-miel-el-98-de-la-produccion-provincial-se-exporta-al-resto-del-pais\/\" \/>\n<meta property=\"og:locale\" content=\"es_ES\" \/>\n<meta property=\"og:type\" content=\"article\" \/>\n<meta property=\"og:title\" content=\"\u201cSemana de la Miel\u201d: el 98% de la producci\u00f3n provincial se exporta - Diario Textual\" \/>\n<meta property=\"og:description\" content=\"La producci\u00f3n ap\u00edcola de La Pampa crece paulatinamente contando en la actualidad con m\u00e1s de 400 apicultores, que cuentan con 233.427 colmenas, 5 fraccionadoras de miles y&nbsp; 66 salas de&hellip;\" \/>\n<meta property=\"og:url\" content=\"https:\/\/diariotextual.com\/inicio\/index.php\/2023\/05\/17\/semana-de-la-miel-el-98-de-la-produccion-provincial-se-exporta-al-resto-del-pais\/\" \/>\n<meta property=\"og:site_name\" content=\"Diario Textual\" \/>\n<meta property=\"article:publisher\" content=\"https:\/\/www.facebook.com\/eltextual\" \/>\n<meta property=\"article:published_time\" content=\"2023-05-17T10:43:49+00:00\" \/>\n<meta property=\"article:modified_time\" content=\"2023-05-17T13:27:31+00:00\" \/>\n<meta property=\"og:image\" content=\"https:\/\/diariotextual.com\/inicio\/wp-content\/uploads\/2018\/08\/abejasapicolaexpo345.jpg\" \/>\n\t<meta property=\"og:image:width\" content=\"702\" \/>\n\t<meta property=\"og:image:height\" content=\"394\" \/>\n\t<meta property=\"og:image:type\" content=\"image\/jpeg\" \/>\n<meta name=\"author\" content=\"diario2\" \/>\n<meta name=\"twitter:card\" content=\"summary_large_image\" \/>\n<meta name=\"twitter:creator\" content=\"@eltextual\" \/>\n<meta name=\"twitter:site\" content=\"@eltextual\" \/>\n<meta name=\"twitter:label1\" content=\"Escrito por\" \/>\n\t<meta name=\"twitter:data1\" content=\"diario2\" \/>\n\t<meta name=\"twitter:label2\" content=\"Tiempo de lectura\" \/>\n\t<meta name=\"twitter:data2\" content=\"2 minutos\" \/>\n<script type=\"application\/ld+json\" class=\"yoast-schema-graph\">{\"@context\":\"https:\\\/\\\/schema.org\",\"@graph\":[{\"@type\":\"Article\",\"@id\":\"https:\\\/\\\/diariotextual.com\\\/inicio\\\/index.php\\\/2023\\\/05\\\/17\\\/semana-de-la-miel-el-98-de-la-produccion-provincial-se-exporta-al-resto-del-pais\\\/#article\",\"isPartOf\":{\"@id\":\"https:\\\/\\\/diariotextual.com\\\/inicio\\\/index.php\\\/2023\\\/05\\\/17\\\/semana-de-la-miel-el-98-de-la-produccion-provincial-se-exporta-al-resto-del-pais\\\/\"},\"author\":{\"name\":\"diario2\",\"@id\":\"https:\\\/\\\/diariotextual.com\\\/inicio\\\/#\\\/schema\\\/person\\\/694f60677f23c4a530867a98f22b3768\"},\"headline\":\"\u201cSemana de la Miel\u201d: el 98% de la producci\u00f3n provincial se exporta\",\"datePublished\":\"2023-05-17T10:43:49+00:00\",\"dateModified\":\"2023-05-17T13:27:31+00:00\",\"mainEntityOfPage\":{\"@id\":\"https:\\\/\\\/diariotextual.com\\\/inicio\\\/index.php\\\/2023\\\/05\\\/17\\\/semana-de-la-miel-el-98-de-la-produccion-provincial-se-exporta-al-resto-del-pais\\\/\"},\"wordCount\":452,\"publisher\":{\"@id\":\"https:\\\/\\\/diariotextual.com\\\/inicio\\\/#organization\"},\"image\":{\"@id\":\"https:\\\/\\\/diariotextual.com\\\/inicio\\\/index.php\\\/2023\\\/05\\\/17\\\/semana-de-la-miel-el-98-de-la-produccion-provincial-se-exporta-al-resto-del-pais\\\/#primaryimage\"},\"thumbnailUrl\":\"https:\\\/\\\/diariotextual.com\\\/inicio\\\/wp-content\\\/uploads\\\/2018\\\/08\\\/abejasapicolaexpo345.jpg\",\"keywords\":[\"apicultura\",\"miel\"],\"articleSection\":[\"A - ES NOTICIA (van abajo)\",\"SOCIEDAD\"],\"inLanguage\":\"es\"},{\"@type\":\"WebPage\",\"@id\":\"https:\\\/\\\/diariotextual.com\\\/inicio\\\/index.php\\\/2023\\\/05\\\/17\\\/semana-de-la-miel-el-98-de-la-produccion-provincial-se-exporta-al-resto-del-pais\\\/\",\"url\":\"https:\\\/\\\/diariotextual.com\\\/inicio\\\/index.php\\\/2023\\\/05\\\/17\\\/semana-de-la-miel-el-98-de-la-produccion-provincial-se-exporta-al-resto-del-pais\\\/\",\"name\":\"\u201cSemana de la Miel\u201d: el 98% de la producci\u00f3n provincial se exporta - Diario Textual\",\"isPartOf\":{\"@id\":\"https:\\\/\\\/diariotextual.com\\\/inicio\\\/#website\"},\"primaryImageOfPage\":{\"@id\":\"https:\\\/\\\/diariotextual.com\\\/inicio\\\/index.php\\\/2023\\\/05\\\/17\\\/semana-de-la-miel-el-98-de-la-produccion-provincial-se-exporta-al-resto-del-pais\\\/#primaryimage\"},\"image\":{\"@id\":\"https:\\\/\\\/diariotextual.com\\\/inicio\\\/index.php\\\/2023\\\/05\\\/17\\\/semana-de-la-miel-el-98-de-la-produccion-provincial-se-exporta-al-resto-del-pais\\\/#primaryimage\"},\"thumbnailUrl\":\"https:\\\/\\\/diariotextual.com\\\/inicio\\\/wp-content\\\/uploads\\\/2018\\\/08\\\/abejasapicolaexpo345.jpg\",\"datePublished\":\"2023-05-17T10:43:49+00:00\",\"dateModified\":\"2023-05-17T13:27:31+00:00\",\"breadcrumb\":{\"@id\":\"https:\\\/\\\/diariotextual.com\\\/inicio\\\/index.php\\\/2023\\\/05\\\/17\\\/semana-de-la-miel-el-98-de-la-produccion-provincial-se-exporta-al-resto-del-pais\\\/#breadcrumb\"},\"inLanguage\":\"es\",\"potentialAction\":[{\"@type\":\"ReadAction\",\"target\":[\"https:\\\/\\\/diariotextual.com\\\/inicio\\\/index.php\\\/2023\\\/05\\\/17\\\/semana-de-la-miel-el-98-de-la-produccion-provincial-se-exporta-al-resto-del-pais\\\/\"]}]},{\"@type\":\"ImageObject\",\"inLanguage\":\"es\",\"@id\":\"https:\\\/\\\/diariotextual.com\\\/inicio\\\/index.php\\\/2023\\\/05\\\/17\\\/semana-de-la-miel-el-98-de-la-produccion-provincial-se-exporta-al-resto-del-pais\\\/#primaryimage\",\"url\":\"https:\\\/\\\/diariotextual.com\\\/inicio\\\/wp-content\\\/uploads\\\/2018\\\/08\\\/abejasapicolaexpo345.jpg\",\"contentUrl\":\"https:\\\/\\\/diariotextual.com\\\/inicio\\\/wp-content\\\/uploads\\\/2018\\\/08\\\/abejasapicolaexpo345.jpg\",\"width\":702,\"height\":394},{\"@type\":\"BreadcrumbList\",\"@id\":\"https:\\\/\\\/diariotextual.com\\\/inicio\\\/index.php\\\/2023\\\/05\\\/17\\\/semana-de-la-miel-el-98-de-la-produccion-provincial-se-exporta-al-resto-del-pais\\\/#breadcrumb\",\"itemListElement\":[{\"@type\":\"ListItem\",\"position\":1,\"name\":\"Portada\",\"item\":\"https:\\\/\\\/diariotextual.com\\\/inicio\\\/\"},{\"@type\":\"ListItem\",\"position\":2,\"name\":\"\u201cSemana de la Miel\u201d: el 98% de la producci\u00f3n provincial se exporta\"}]},{\"@type\":\"WebSite\",\"@id\":\"https:\\\/\\\/diariotextual.com\\\/inicio\\\/#website\",\"url\":\"https:\\\/\\\/diariotextual.com\\\/inicio\\\/\",\"name\":\"Diario Textual\",\"description\":\"\",\"publisher\":{\"@id\":\"https:\\\/\\\/diariotextual.com\\\/inicio\\\/#organization\"},\"potentialAction\":[{\"@type\":\"SearchAction\",\"target\":{\"@type\":\"EntryPoint\",\"urlTemplate\":\"https:\\\/\\\/diariotextual.com\\\/inicio\\\/?s={search_term_string}\"},\"query-input\":{\"@type\":\"PropertyValueSpecification\",\"valueRequired\":true,\"valueName\":\"search_term_string\"}}],\"inLanguage\":\"es\"},{\"@type\":\"Organization\",\"@id\":\"https:\\\/\\\/diariotextual.com\\\/inicio\\\/#organization\",\"name\":\"Diario Textual\",\"url\":\"https:\\\/\\\/diariotextual.com\\\/inicio\\\/\",\"logo\":{\"@type\":\"ImageObject\",\"inLanguage\":\"es\",\"@id\":\"https:\\\/\\\/diariotextual.com\\\/inicio\\\/#\\\/schema\\\/logo\\\/image\\\/\",\"url\":\"https:\\\/\\\/diariotextual.com\\\/inicio\\\/wp-content\\\/uploads\\\/2023\\\/05\\\/logotextual1.jpg\",\"contentUrl\":\"https:\\\/\\\/diariotextual.com\\\/inicio\\\/wp-content\\\/uploads\\\/2023\\\/05\\\/logotextual1.jpg\",\"width\":516,\"height\":76,\"caption\":\"Diario Textual\"},\"image\":{\"@id\":\"https:\\\/\\\/diariotextual.com\\\/inicio\\\/#\\\/schema\\\/logo\\\/image\\\/\"},\"sameAs\":[\"https:\\\/\\\/www.facebook.com\\\/eltextual\",\"https:\\\/\\\/x.com\\\/eltextual\",\"http:\\\/\\\/www.instagram.com\\\/eltextual\"]},{\"@type\":\"Person\",\"@id\":\"https:\\\/\\\/diariotextual.com\\\/inicio\\\/#\\\/schema\\\/person\\\/694f60677f23c4a530867a98f22b3768\",\"name\":\"diario2\",\"image\":{\"@type\":\"ImageObject\",\"inLanguage\":\"es\",\"@id\":\"https:\\\/\\\/secure.gravatar.com\\\/avatar\\\/5a2567495ba16b852fcd8f1ed006a2e24fcace936018ed8237e95f488ad6e0a7?s=96&d=mm&r=g\",\"url\":\"https:\\\/\\\/secure.gravatar.com\\\/avatar\\\/5a2567495ba16b852fcd8f1ed006a2e24fcace936018ed8237e95f488ad6e0a7?s=96&d=mm&r=g\",\"contentUrl\":\"https:\\\/\\\/secure.gravatar.com\\\/avatar\\\/5a2567495ba16b852fcd8f1ed006a2e24fcace936018ed8237e95f488ad6e0a7?s=96&d=mm&r=g\",\"caption\":\"diario2\"},\"url\":\"https:\\\/\\\/diariotextual.com\\\/inicio\\\/index.php\\\/author\\\/diario2\\\/\"}]}<\/script>\n<!-- \/ Yoast SEO plugin. -->","yoast_head_json":{"title":"\u201cSemana de la Miel\u201d: el 98% de la producci\u00f3n provincial se exporta - Diario Textual","robots":{"index":"index","follow":"follow","max-snippet":"max-snippet:-1","max-image-preview":"max-image-preview:large","max-video-preview":"max-video-preview:-1"},"canonical":"https:\/\/diariotextual.com\/inicio\/index.php\/2023\/05\/17\/semana-de-la-miel-el-98-de-la-produccion-provincial-se-exporta-al-resto-del-pais\/","og_locale":"es_ES","og_type":"article","og_title":"\u201cSemana de la Miel\u201d: el 98% de la producci\u00f3n provincial se exporta - Diario Textual","og_description":"La producci\u00f3n ap\u00edcola de La Pampa crece paulatinamente contando en la actualidad con m\u00e1s de 400 apicultores, que cuentan con 233.427 colmenas, 5 fraccionadoras de miles y&nbsp; 66 salas de&hellip;","og_url":"https:\/\/diariotextual.com\/inicio\/index.php\/2023\/05\/17\/semana-de-la-miel-el-98-de-la-produccion-provincial-se-exporta-al-resto-del-pais\/","og_site_name":"Diario Textual","article_publisher":"https:\/\/www.facebook.com\/eltextual","article_published_time":"2023-05-17T10:43:49+00:00","article_modified_time":"2023-05-17T13:27:31+00:00","og_image":[{"width":702,"height":394,"url":"https:\/\/diariotextual.com\/inicio\/wp-content\/uploads\/2018\/08\/abejasapicolaexpo345.jpg","type":"image\/jpeg"}],"author":"diario2","twitter_card":"summary_large_image","twitter_creator":"@eltextual","twitter_site":"@eltextual","twitter_misc":{"Escrito por":"diario2","Tiempo de lectura":"2 minutos"},"schema":{"@context":"https:\/\/schema.org","@graph":[{"@type":"Article","@id":"https:\/\/diariotextual.com\/inicio\/index.php\/2023\/05\/17\/semana-de-la-miel-el-98-de-la-produccion-provincial-se-exporta-al-resto-del-pais\/#article","isPartOf":{"@id":"https:\/\/diariotextual.com\/inicio\/index.php\/2023\/05\/17\/semana-de-la-miel-el-98-de-la-produccion-provincial-se-exporta-al-resto-del-pais\/"},"author":{"name":"diario2","@id":"https:\/\/diariotextual.com\/inicio\/#\/schema\/person\/694f60677f23c4a530867a98f22b3768"},"headline":"\u201cSemana de la Miel\u201d: el 98% de la producci\u00f3n provincial se exporta","datePublished":"2023-05-17T10:43:49+00:00","dateModified":"2023-05-17T13:27:31+00:00","mainEntityOfPage":{"@id":"https:\/\/diariotextual.com\/inicio\/index.php\/2023\/05\/17\/semana-de-la-miel-el-98-de-la-produccion-provincial-se-exporta-al-resto-del-pais\/"},"wordCount":452,"publisher":{"@id":"https:\/\/diariotextual.com\/inicio\/#organization"},"image":{"@id":"https:\/\/diariotextual.com\/inicio\/index.php\/2023\/05\/17\/semana-de-la-miel-el-98-de-la-produccion-provincial-se-exporta-al-resto-del-pais\/#primaryimage"},"thumbnailUrl":"https:\/\/diariotextual.com\/inicio\/wp-content\/uploads\/2018\/08\/abejasapicolaexpo345.jpg","keywords":["apicultura","miel"],"articleSection":["A - ES NOTICIA (van abajo)","SOCIEDAD"],"inLanguage":"es"},{"@type":"WebPage","@id":"https:\/\/diariotextual.com\/inicio\/index.php\/2023\/05\/17\/semana-de-la-miel-el-98-de-la-produccion-provincial-se-exporta-al-resto-del-pais\/","url":"https:\/\/diariotextual.com\/inicio\/index.php\/2023\/05\/17\/semana-de-la-miel-el-98-de-la-produccion-provincial-se-exporta-al-resto-del-pais\/","name":"\u201cSemana de la Miel\u201d: el 98% de la producci\u00f3n provincial se exporta - Diario Textual","isPartOf":{"@id":"https:\/\/diariotextual.com\/inicio\/#website"},"primaryImageOfPage":{"@id":"https:\/\/diariotextual.com\/inicio\/index.php\/2023\/05\/17\/semana-de-la-miel-el-98-de-la-produccion-provincial-se-exporta-al-resto-del-pais\/#primaryimage"},"image":{"@id":"https:\/\/diariotextual.com\/inicio\/index.php\/2023\/05\/17\/semana-de-la-miel-el-98-de-la-produccion-provincial-se-exporta-al-resto-del-pais\/#primaryimage"},"thumbnailUrl":"https:\/\/diariotextual.com\/inicio\/wp-content\/uploads\/2018\/08\/abejasapicolaexpo345.jpg","datePublished":"2023-05-17T10:43:49+00:00","dateModified":"2023-05-17T13:27:31+00:00","breadcrumb":{"@id":"https:\/\/diariotextual.com\/inicio\/index.php\/2023\/05\/17\/semana-de-la-miel-el-98-de-la-produccion-provincial-se-exporta-al-resto-del-pais\/#breadcrumb"},"inLanguage":"es","potentialAction":[{"@type":"ReadAction","target":["https:\/\/diariotextual.com\/inicio\/index.php\/2023\/05\/17\/semana-de-la-miel-el-98-de-la-produccion-provincial-se-exporta-al-resto-del-pais\/"]}]},{"@type":"ImageObject","inLanguage":"es","@id":"https:\/\/diariotextual.com\/inicio\/index.php\/2023\/05\/17\/semana-de-la-miel-el-98-de-la-produccion-provincial-se-exporta-al-resto-del-pais\/#primaryimage","url":"https:\/\/diariotextual.com\/inicio\/wp-content\/uploads\/2018\/08\/abejasapicolaexpo345.jpg","contentUrl":"https:\/\/diariotextual.com\/inicio\/wp-content\/uploads\/2018\/08\/abejasapicolaexpo345.jpg","width":702,"height":394},{"@type":"BreadcrumbList","@id":"https:\/\/diariotextual.com\/inicio\/index.php\/2023\/05\/17\/semana-de-la-miel-el-98-de-la-produccion-provincial-se-exporta-al-resto-del-pais\/#breadcrumb","itemListElement":[{"@type":"ListItem","position":1,"name":"Portada","item":"https:\/\/diariotextual.com\/inicio\/"},{"@type":"ListItem","position":2,"name":"\u201cSemana de la Miel\u201d: el 98% de la producci\u00f3n provincial se exporta"}]},{"@type":"WebSite","@id":"https:\/\/diariotextual.com\/inicio\/#website","url":"https:\/\/diariotextual.com\/inicio\/","name":"Diario Textual","description":"","publisher":{"@id":"https:\/\/diariotextual.com\/inicio\/#organization"},"potentialAction":[{"@type":"SearchAction","target":{"@type":"EntryPoint","urlTemplate":"https:\/\/diariotextual.com\/inicio\/?s={search_term_string}"},"query-input":{"@type":"PropertyValueSpecification","valueRequired":true,"valueName":"search_term_string"}}],"inLanguage":"es"},{"@type":"Organization","@id":"https:\/\/diariotextual.com\/inicio\/#organization","name":"Diario Textual","url":"https:\/\/diariotextual.com\/inicio\/","logo":{"@type":"ImageObject","inLanguage":"es","@id":"https:\/\/diariotextual.com\/inicio\/#\/schema\/logo\/image\/","url":"https:\/\/diariotextual.com\/inicio\/wp-content\/uploads\/2023\/05\/logotextual1.jpg","contentUrl":"https:\/\/diariotextual.com\/inicio\/wp-content\/uploads\/2023\/05\/logotextual1.jpg","width":516,"height":76,"caption":"Diario Textual"},"image":{"@id":"https:\/\/diariotextual.com\/inicio\/#\/schema\/logo\/image\/"},"sameAs":["https:\/\/www.facebook.com\/eltextual","https:\/\/x.com\/eltextual","http:\/\/www.instagram.com\/eltextual"]},{"@type":"Person","@id":"https:\/\/diariotextual.com\/inicio\/#\/schema\/person\/694f60677f23c4a530867a98f22b3768","name":"diario2","image":{"@type":"ImageObject","inLanguage":"es","@id":"https:\/\/secure.gravatar.com\/avatar\/5a2567495ba16b852fcd8f1ed006a2e24fcace936018ed8237e95f488ad6e0a7?s=96&d=mm&r=g","url":"https:\/\/secure.gravatar.com\/avatar\/5a2567495ba16b852fcd8f1ed006a2e24fcace936018ed8237e95f488ad6e0a7?s=96&d=mm&r=g","contentUrl":"https:\/\/secure.gravatar.com\/avatar\/5a2567495ba16b852fcd8f1ed006a2e24fcace936018ed8237e95f488ad6e0a7?s=96&d=mm&r=g","caption":"diario2"},"url":"https:\/\/diariotextual.com\/inicio\/index.php\/author\/diario2\/"}]}},"_links":{"self":[{"href":"https:\/\/diariotextual.com\/inicio\/index.php\/wp-json\/wp\/v2\/posts\/225701","targetHints":{"allow":["GET"]}}],"collection":[{"href":"https:\/\/diariotextual.com\/inicio\/index.php\/wp-json\/wp\/v2\/posts"}],"about":[{"href":"https:\/\/diariotextual.com\/inicio\/index.php\/wp-json\/wp\/v2\/types\/post"}],"author":[{"embeddable":true,"href":"https:\/\/diariotextual.com\/inicio\/index.php\/wp-json\/wp\/v2\/users\/4"}],"replies":[{"embeddable":true,"href":"https:\/\/diariotextual.com\/inicio\/index.php\/wp-json\/wp\/v2\/comments?post=225701"}],"version-history":[{"count":4,"href":"https:\/\/diariotextual.com\/inicio\/index.php\/wp-json\/wp\/v2\/posts\/225701\/revisions"}],"predecessor-version":[{"id":225711,"href":"https:\/\/diariotextual.com\/inicio\/index.php\/wp-json\/wp\/v2\/posts\/225701\/revisions\/225711"}],"wp:featuredmedia":[{"embeddable":true,"href":"https:\/\/diariotextual.com\/inicio\/index.php\/wp-json\/wp\/v2\/media\/16511"}],"wp:attachment":[{"href":"https:\/\/diariotextual.com\/inicio\/index.php\/wp-json\/wp\/v2\/media?parent=225701"}],"wp:term":[{"taxonomy":"category","embeddable":true,"href":"https:\/\/diariotextual.com\/inicio\/index.php\/wp-json\/wp\/v2\/categories?post=225701"},{"taxonomy":"post_tag","embeddable":true,"href":"https:\/\/diariotextual.com\/inicio\/index.php\/wp-json\/wp\/v2\/tags?post=225701"}],"curies":[{"name":"wp","href":"https:\/\/api.w.org\/{rel}","templated":true}]}}