{"id":225745,"date":"2023-05-17T13:07:24","date_gmt":"2023-05-17T16:07:24","guid":{"rendered":"https:\/\/diariotextual.com\/inicio\/?p=225745"},"modified":"2023-05-17T21:45:21","modified_gmt":"2023-05-18T00:45:21","slug":"la-fiscalia-pidio-7-anos-de-prision-para-el-medico-rigutto","status":"publish","type":"post","link":"https:\/\/diariotextual.com\/inicio\/index.php\/2023\/05\/17\/la-fiscalia-pidio-7-anos-de-prision-para-el-medico-rigutto\/","title":{"rendered":"La Fiscal\u00eda pidi\u00f3 7 a\u00f1os de prisi\u00f3n para el m\u00e9dico Rigutto"},"content":{"rendered":"\n<p>El Ministerio P\u00fablico Fiscal pidi\u00f3 hoy siete a\u00f1os de prisi\u00f3n para el m\u00e9dico<strong> Jorge Rigutto<\/strong>, durante los alegatos de clausura realizados en la Sala 7 del fuero penal del Centro Judicial de Santa Rosa. La sentencia se conocer\u00e1 el viernes 2 de junio al mediod\u00eda.<\/p>\n\n\n\n<p>Los fiscales Walter Martos, Cristian Alejandro Casais y Marcos Sacco requirieron esa pena por considerar que qued\u00f3 probado el delito de abuso sexual con acceso carnal y enmarcaron la conducta del imputado en el art\u00edculo 119, tercer p\u00e1rrafo, del C\u00f3digo Penal que expresa que la pena ser\u00e1 de 6 a 15 a\u00f1os de prisi\u00f3n cuando \u201chubiere acceso carnal por v\u00eda anal, vaginal u oral o realizare otros actos an\u00e1logos introduciendo objetos o partes del cuerpo por alguna de las dos primeras v\u00edas\u201d.<\/p>\n\n\n\n<p>A su vez, el querellante particular, Jos\u00e9 Mario Aguerrido, que intervino en el proceso en representaci\u00f3n de la v\u00edctima, si bien encuadr\u00f3 el accionar de Rigutto en ese mismo art\u00edculo, pidi\u00f3 que la sanci\u00f3n sea de ocho a\u00f1os por el da\u00f1o grave que se ocasion\u00f3 a la salud de la mujer.<\/p>\n\n\n\n<p>Por el contrario, el defensor particular del acusado, Marcos Paz, aleg\u00f3 por la absoluci\u00f3n, al se\u00f1alar que los hechos no se demostraron y que tampoco se reunieron pruebas como para dictar una condena.<\/p>\n\n\n\n<p>La Audiencia de Juicio, integrada por los jueces Carlos Besi, como presidente, y Daniel S\u00e1ez Zamora y la jueza Alejandra Ongaro, dar\u00e1 a conocer el veredicto el 2 de junio a las 12.<\/p>\n\n\n\n<p>El juicio se desarroll\u00f3 durante seis jornadas, en las que el acusado declar\u00f3 dos meses y se oyeron el testimonio de la v\u00edctima en C\u00e1mara Gesell y los de varios testigos de las partes.\u200b<\/p>\n","protected":false},"excerpt":{"rendered":"<p>El Ministerio P\u00fablico Fiscal pidi\u00f3 hoy siete a\u00f1os de prisi\u00f3n para el m\u00e9dico Jorge Rigutto, durante los alegatos de clausura realizados en la Sala 7 del fuero penal del Centro&hellip;<\/p>\n","protected":false},"author":4,"featured_media":225746,"comment_status":"closed","ping_status":"open","sticky":false,"template":"","format":"standard","meta":{"_acf_changed":false,"footnotes":""},"categories":[1,12],"tags":[],"class_list":["post-225745","post","type-post","status-publish","format-standard","has-post-thumbnail","hentry","category-es-noticia","category-sociedad"],"acf":[],"yoast_head":"<!-- This site is optimized with the Yoast SEO plugin v27.5 - https:\/\/yoast.com\/product\/yoast-seo-wordpress\/ -->\n<title>La Fiscal\u00eda pidi\u00f3 7 a\u00f1os de prisi\u00f3n para el m\u00e9dico Rigutto - Diario Textual<\/title>\n<meta name=\"robots\" content=\"index, follow, max-snippet:-1, max-image-preview:large, max-video-preview:-1\" \/>\n<link rel=\"canonical\" href=\"https:\/\/diariotextual.com\/inicio\/index.php\/2023\/05\/17\/la-fiscalia-pidio-7-anos-de-prision-para-el-medico-rigutto\/\" \/>\n<meta property=\"og:locale\" content=\"es_ES\" \/>\n<meta property=\"og:type\" content=\"article\" \/>\n<meta property=\"og:title\" content=\"La Fiscal\u00eda pidi\u00f3 7 a\u00f1os de prisi\u00f3n para el m\u00e9dico Rigutto - Diario Textual\" \/>\n<meta property=\"og:description\" content=\"El Ministerio P\u00fablico Fiscal pidi\u00f3 hoy siete a\u00f1os de prisi\u00f3n para el m\u00e9dico Jorge Rigutto, durante los alegatos de clausura realizados en la Sala 7 del fuero penal del Centro&hellip;\" \/>\n<meta property=\"og:url\" content=\"https:\/\/diariotextual.com\/inicio\/index.php\/2023\/05\/17\/la-fiscalia-pidio-7-anos-de-prision-para-el-medico-rigutto\/\" \/>\n<meta property=\"og:site_name\" content=\"Diario Textual\" \/>\n<meta property=\"article:publisher\" content=\"https:\/\/www.facebook.com\/eltextual\" \/>\n<meta property=\"article:published_time\" content=\"2023-05-17T16:07:24+00:00\" \/>\n<meta property=\"article:modified_time\" content=\"2023-05-18T00:45:21+00:00\" \/>\n<meta property=\"og:image\" content=\"https:\/\/diariotextual.com\/inicio\/wp-content\/uploads\/2023\/05\/riguttoalegatos5436545.jpg\" \/>\n\t<meta property=\"og:image:width\" content=\"1000\" \/>\n\t<meta property=\"og:image:height\" content=\"647\" \/>\n\t<meta property=\"og:image:type\" content=\"image\/jpeg\" \/>\n<meta name=\"author\" content=\"diario2\" \/>\n<meta name=\"twitter:card\" content=\"summary_large_image\" \/>\n<meta name=\"twitter:creator\" content=\"@eltextual\" \/>\n<meta name=\"twitter:site\" content=\"@eltextual\" \/>\n<meta name=\"twitter:label1\" content=\"Escrito por\" \/>\n\t<meta name=\"twitter:data1\" content=\"diario2\" \/>\n\t<meta name=\"twitter:label2\" content=\"Tiempo de lectura\" \/>\n\t<meta name=\"twitter:data2\" content=\"2 minutos\" \/>\n<script type=\"application\/ld+json\" class=\"yoast-schema-graph\">{\"@context\":\"https:\\\/\\\/schema.org\",\"@graph\":[{\"@type\":\"Article\",\"@id\":\"https:\\\/\\\/diariotextual.com\\\/inicio\\\/index.php\\\/2023\\\/05\\\/17\\\/la-fiscalia-pidio-7-anos-de-prision-para-el-medico-rigutto\\\/#article\",\"isPartOf\":{\"@id\":\"https:\\\/\\\/diariotextual.com\\\/inicio\\\/index.php\\\/2023\\\/05\\\/17\\\/la-fiscalia-pidio-7-anos-de-prision-para-el-medico-rigutto\\\/\"},\"author\":{\"name\":\"diario2\",\"@id\":\"https:\\\/\\\/diariotextual.com\\\/inicio\\\/#\\\/schema\\\/person\\\/694f60677f23c4a530867a98f22b3768\"},\"headline\":\"La Fiscal\u00eda pidi\u00f3 7 a\u00f1os de prisi\u00f3n para el m\u00e9dico Rigutto\",\"datePublished\":\"2023-05-17T16:07:24+00:00\",\"dateModified\":\"2023-05-18T00:45:21+00:00\",\"mainEntityOfPage\":{\"@id\":\"https:\\\/\\\/diariotextual.com\\\/inicio\\\/index.php\\\/2023\\\/05\\\/17\\\/la-fiscalia-pidio-7-anos-de-prision-para-el-medico-rigutto\\\/\"},\"wordCount\":309,\"publisher\":{\"@id\":\"https:\\\/\\\/diariotextual.com\\\/inicio\\\/#organization\"},\"image\":{\"@id\":\"https:\\\/\\\/diariotextual.com\\\/inicio\\\/index.php\\\/2023\\\/05\\\/17\\\/la-fiscalia-pidio-7-anos-de-prision-para-el-medico-rigutto\\\/#primaryimage\"},\"thumbnailUrl\":\"https:\\\/\\\/diariotextual.com\\\/inicio\\\/wp-content\\\/uploads\\\/2023\\\/05\\\/riguttoalegatos5436545.jpg\",\"articleSection\":[\"A - ES NOTICIA (van abajo)\",\"SOCIEDAD\"],\"inLanguage\":\"es\"},{\"@type\":\"WebPage\",\"@id\":\"https:\\\/\\\/diariotextual.com\\\/inicio\\\/index.php\\\/2023\\\/05\\\/17\\\/la-fiscalia-pidio-7-anos-de-prision-para-el-medico-rigutto\\\/\",\"url\":\"https:\\\/\\\/diariotextual.com\\\/inicio\\\/index.php\\\/2023\\\/05\\\/17\\\/la-fiscalia-pidio-7-anos-de-prision-para-el-medico-rigutto\\\/\",\"name\":\"La Fiscal\u00eda pidi\u00f3 7 a\u00f1os de prisi\u00f3n para el m\u00e9dico Rigutto - Diario Textual\",\"isPartOf\":{\"@id\":\"https:\\\/\\\/diariotextual.com\\\/inicio\\\/#website\"},\"primaryImageOfPage\":{\"@id\":\"https:\\\/\\\/diariotextual.com\\\/inicio\\\/index.php\\\/2023\\\/05\\\/17\\\/la-fiscalia-pidio-7-anos-de-prision-para-el-medico-rigutto\\\/#primaryimage\"},\"image\":{\"@id\":\"https:\\\/\\\/diariotextual.com\\\/inicio\\\/index.php\\\/2023\\\/05\\\/17\\\/la-fiscalia-pidio-7-anos-de-prision-para-el-medico-rigutto\\\/#primaryimage\"},\"thumbnailUrl\":\"https:\\\/\\\/diariotextual.com\\\/inicio\\\/wp-content\\\/uploads\\\/2023\\\/05\\\/riguttoalegatos5436545.jpg\",\"datePublished\":\"2023-05-17T16:07:24+00:00\",\"dateModified\":\"2023-05-18T00:45:21+00:00\",\"breadcrumb\":{\"@id\":\"https:\\\/\\\/diariotextual.com\\\/inicio\\\/index.php\\\/2023\\\/05\\\/17\\\/la-fiscalia-pidio-7-anos-de-prision-para-el-medico-rigutto\\\/#breadcrumb\"},\"inLanguage\":\"es\",\"potentialAction\":[{\"@type\":\"ReadAction\",\"target\":[\"https:\\\/\\\/diariotextual.com\\\/inicio\\\/index.php\\\/2023\\\/05\\\/17\\\/la-fiscalia-pidio-7-anos-de-prision-para-el-medico-rigutto\\\/\"]}]},{\"@type\":\"ImageObject\",\"inLanguage\":\"es\",\"@id\":\"https:\\\/\\\/diariotextual.com\\\/inicio\\\/index.php\\\/2023\\\/05\\\/17\\\/la-fiscalia-pidio-7-anos-de-prision-para-el-medico-rigutto\\\/#primaryimage\",\"url\":\"https:\\\/\\\/diariotextual.com\\\/inicio\\\/wp-content\\\/uploads\\\/2023\\\/05\\\/riguttoalegatos5436545.jpg\",\"contentUrl\":\"https:\\\/\\\/diariotextual.com\\\/inicio\\\/wp-content\\\/uploads\\\/2023\\\/05\\\/riguttoalegatos5436545.jpg\",\"width\":1000,\"height\":647},{\"@type\":\"BreadcrumbList\",\"@id\":\"https:\\\/\\\/diariotextual.com\\\/inicio\\\/index.php\\\/2023\\\/05\\\/17\\\/la-fiscalia-pidio-7-anos-de-prision-para-el-medico-rigutto\\\/#breadcrumb\",\"itemListElement\":[{\"@type\":\"ListItem\",\"position\":1,\"name\":\"Portada\",\"item\":\"https:\\\/\\\/diariotextual.com\\\/inicio\\\/\"},{\"@type\":\"ListItem\",\"position\":2,\"name\":\"La Fiscal\u00eda pidi\u00f3 7 a\u00f1os de prisi\u00f3n para el m\u00e9dico Rigutto\"}]},{\"@type\":\"WebSite\",\"@id\":\"https:\\\/\\\/diariotextual.com\\\/inicio\\\/#website\",\"url\":\"https:\\\/\\\/diariotextual.com\\\/inicio\\\/\",\"name\":\"Diario Textual\",\"description\":\"\",\"publisher\":{\"@id\":\"https:\\\/\\\/diariotextual.com\\\/inicio\\\/#organization\"},\"potentialAction\":[{\"@type\":\"SearchAction\",\"target\":{\"@type\":\"EntryPoint\",\"urlTemplate\":\"https:\\\/\\\/diariotextual.com\\\/inicio\\\/?s={search_term_string}\"},\"query-input\":{\"@type\":\"PropertyValueSpecification\",\"valueRequired\":true,\"valueName\":\"search_term_string\"}}],\"inLanguage\":\"es\"},{\"@type\":\"Organization\",\"@id\":\"https:\\\/\\\/diariotextual.com\\\/inicio\\\/#organization\",\"name\":\"Diario Textual\",\"url\":\"https:\\\/\\\/diariotextual.com\\\/inicio\\\/\",\"logo\":{\"@type\":\"ImageObject\",\"inLanguage\":\"es\",\"@id\":\"https:\\\/\\\/diariotextual.com\\\/inicio\\\/#\\\/schema\\\/logo\\\/image\\\/\",\"url\":\"https:\\\/\\\/diariotextual.com\\\/inicio\\\/wp-content\\\/uploads\\\/2023\\\/05\\\/logotextual1.jpg\",\"contentUrl\":\"https:\\\/\\\/diariotextual.com\\\/inicio\\\/wp-content\\\/uploads\\\/2023\\\/05\\\/logotextual1.jpg\",\"width\":516,\"height\":76,\"caption\":\"Diario Textual\"},\"image\":{\"@id\":\"https:\\\/\\\/diariotextual.com\\\/inicio\\\/#\\\/schema\\\/logo\\\/image\\\/\"},\"sameAs\":[\"https:\\\/\\\/www.facebook.com\\\/eltextual\",\"https:\\\/\\\/x.com\\\/eltextual\",\"http:\\\/\\\/www.instagram.com\\\/eltextual\"]},{\"@type\":\"Person\",\"@id\":\"https:\\\/\\\/diariotextual.com\\\/inicio\\\/#\\\/schema\\\/person\\\/694f60677f23c4a530867a98f22b3768\",\"name\":\"diario2\",\"image\":{\"@type\":\"ImageObject\",\"inLanguage\":\"es\",\"@id\":\"https:\\\/\\\/secure.gravatar.com\\\/avatar\\\/5a2567495ba16b852fcd8f1ed006a2e24fcace936018ed8237e95f488ad6e0a7?s=96&d=mm&r=g\",\"url\":\"https:\\\/\\\/secure.gravatar.com\\\/avatar\\\/5a2567495ba16b852fcd8f1ed006a2e24fcace936018ed8237e95f488ad6e0a7?s=96&d=mm&r=g\",\"contentUrl\":\"https:\\\/\\\/secure.gravatar.com\\\/avatar\\\/5a2567495ba16b852fcd8f1ed006a2e24fcace936018ed8237e95f488ad6e0a7?s=96&d=mm&r=g\",\"caption\":\"diario2\"},\"url\":\"https:\\\/\\\/diariotextual.com\\\/inicio\\\/index.php\\\/author\\\/diario2\\\/\"}]}<\/script>\n<!-- \/ Yoast SEO plugin. -->","yoast_head_json":{"title":"La Fiscal\u00eda pidi\u00f3 7 a\u00f1os de prisi\u00f3n para el m\u00e9dico Rigutto - Diario Textual","robots":{"index":"index","follow":"follow","max-snippet":"max-snippet:-1","max-image-preview":"max-image-preview:large","max-video-preview":"max-video-preview:-1"},"canonical":"https:\/\/diariotextual.com\/inicio\/index.php\/2023\/05\/17\/la-fiscalia-pidio-7-anos-de-prision-para-el-medico-rigutto\/","og_locale":"es_ES","og_type":"article","og_title":"La Fiscal\u00eda pidi\u00f3 7 a\u00f1os de prisi\u00f3n para el m\u00e9dico Rigutto - Diario Textual","og_description":"El Ministerio P\u00fablico Fiscal pidi\u00f3 hoy siete a\u00f1os de prisi\u00f3n para el m\u00e9dico Jorge Rigutto, durante los alegatos de clausura realizados en la Sala 7 del fuero penal del Centro&hellip;","og_url":"https:\/\/diariotextual.com\/inicio\/index.php\/2023\/05\/17\/la-fiscalia-pidio-7-anos-de-prision-para-el-medico-rigutto\/","og_site_name":"Diario Textual","article_publisher":"https:\/\/www.facebook.com\/eltextual","article_published_time":"2023-05-17T16:07:24+00:00","article_modified_time":"2023-05-18T00:45:21+00:00","og_image":[{"width":1000,"height":647,"url":"https:\/\/diariotextual.com\/inicio\/wp-content\/uploads\/2023\/05\/riguttoalegatos5436545.jpg","type":"image\/jpeg"}],"author":"diario2","twitter_card":"summary_large_image","twitter_creator":"@eltextual","twitter_site":"@eltextual","twitter_misc":{"Escrito por":"diario2","Tiempo de lectura":"2 minutos"},"schema":{"@context":"https:\/\/schema.org","@graph":[{"@type":"Article","@id":"https:\/\/diariotextual.com\/inicio\/index.php\/2023\/05\/17\/la-fiscalia-pidio-7-anos-de-prision-para-el-medico-rigutto\/#article","isPartOf":{"@id":"https:\/\/diariotextual.com\/inicio\/index.php\/2023\/05\/17\/la-fiscalia-pidio-7-anos-de-prision-para-el-medico-rigutto\/"},"author":{"name":"diario2","@id":"https:\/\/diariotextual.com\/inicio\/#\/schema\/person\/694f60677f23c4a530867a98f22b3768"},"headline":"La Fiscal\u00eda pidi\u00f3 7 a\u00f1os de prisi\u00f3n para el m\u00e9dico Rigutto","datePublished":"2023-05-17T16:07:24+00:00","dateModified":"2023-05-18T00:45:21+00:00","mainEntityOfPage":{"@id":"https:\/\/diariotextual.com\/inicio\/index.php\/2023\/05\/17\/la-fiscalia-pidio-7-anos-de-prision-para-el-medico-rigutto\/"},"wordCount":309,"publisher":{"@id":"https:\/\/diariotextual.com\/inicio\/#organization"},"image":{"@id":"https:\/\/diariotextual.com\/inicio\/index.php\/2023\/05\/17\/la-fiscalia-pidio-7-anos-de-prision-para-el-medico-rigutto\/#primaryimage"},"thumbnailUrl":"https:\/\/diariotextual.com\/inicio\/wp-content\/uploads\/2023\/05\/riguttoalegatos5436545.jpg","articleSection":["A - ES NOTICIA (van abajo)","SOCIEDAD"],"inLanguage":"es"},{"@type":"WebPage","@id":"https:\/\/diariotextual.com\/inicio\/index.php\/2023\/05\/17\/la-fiscalia-pidio-7-anos-de-prision-para-el-medico-rigutto\/","url":"https:\/\/diariotextual.com\/inicio\/index.php\/2023\/05\/17\/la-fiscalia-pidio-7-anos-de-prision-para-el-medico-rigutto\/","name":"La Fiscal\u00eda pidi\u00f3 7 a\u00f1os de prisi\u00f3n para el m\u00e9dico Rigutto - Diario Textual","isPartOf":{"@id":"https:\/\/diariotextual.com\/inicio\/#website"},"primaryImageOfPage":{"@id":"https:\/\/diariotextual.com\/inicio\/index.php\/2023\/05\/17\/la-fiscalia-pidio-7-anos-de-prision-para-el-medico-rigutto\/#primaryimage"},"image":{"@id":"https:\/\/diariotextual.com\/inicio\/index.php\/2023\/05\/17\/la-fiscalia-pidio-7-anos-de-prision-para-el-medico-rigutto\/#primaryimage"},"thumbnailUrl":"https:\/\/diariotextual.com\/inicio\/wp-content\/uploads\/2023\/05\/riguttoalegatos5436545.jpg","datePublished":"2023-05-17T16:07:24+00:00","dateModified":"2023-05-18T00:45:21+00:00","breadcrumb":{"@id":"https:\/\/diariotextual.com\/inicio\/index.php\/2023\/05\/17\/la-fiscalia-pidio-7-anos-de-prision-para-el-medico-rigutto\/#breadcrumb"},"inLanguage":"es","potentialAction":[{"@type":"ReadAction","target":["https:\/\/diariotextual.com\/inicio\/index.php\/2023\/05\/17\/la-fiscalia-pidio-7-anos-de-prision-para-el-medico-rigutto\/"]}]},{"@type":"ImageObject","inLanguage":"es","@id":"https:\/\/diariotextual.com\/inicio\/index.php\/2023\/05\/17\/la-fiscalia-pidio-7-anos-de-prision-para-el-medico-rigutto\/#primaryimage","url":"https:\/\/diariotextual.com\/inicio\/wp-content\/uploads\/2023\/05\/riguttoalegatos5436545.jpg","contentUrl":"https:\/\/diariotextual.com\/inicio\/wp-content\/uploads\/2023\/05\/riguttoalegatos5436545.jpg","width":1000,"height":647},{"@type":"BreadcrumbList","@id":"https:\/\/diariotextual.com\/inicio\/index.php\/2023\/05\/17\/la-fiscalia-pidio-7-anos-de-prision-para-el-medico-rigutto\/#breadcrumb","itemListElement":[{"@type":"ListItem","position":1,"name":"Portada","item":"https:\/\/diariotextual.com\/inicio\/"},{"@type":"ListItem","position":2,"name":"La Fiscal\u00eda pidi\u00f3 7 a\u00f1os de prisi\u00f3n para el m\u00e9dico Rigutto"}]},{"@type":"WebSite","@id":"https:\/\/diariotextual.com\/inicio\/#website","url":"https:\/\/diariotextual.com\/inicio\/","name":"Diario Textual","description":"","publisher":{"@id":"https:\/\/diariotextual.com\/inicio\/#organization"},"potentialAction":[{"@type":"SearchAction","target":{"@type":"EntryPoint","urlTemplate":"https:\/\/diariotextual.com\/inicio\/?s={search_term_string}"},"query-input":{"@type":"PropertyValueSpecification","valueRequired":true,"valueName":"search_term_string"}}],"inLanguage":"es"},{"@type":"Organization","@id":"https:\/\/diariotextual.com\/inicio\/#organization","name":"Diario Textual","url":"https:\/\/diariotextual.com\/inicio\/","logo":{"@type":"ImageObject","inLanguage":"es","@id":"https:\/\/diariotextual.com\/inicio\/#\/schema\/logo\/image\/","url":"https:\/\/diariotextual.com\/inicio\/wp-content\/uploads\/2023\/05\/logotextual1.jpg","contentUrl":"https:\/\/diariotextual.com\/inicio\/wp-content\/uploads\/2023\/05\/logotextual1.jpg","width":516,"height":76,"caption":"Diario Textual"},"image":{"@id":"https:\/\/diariotextual.com\/inicio\/#\/schema\/logo\/image\/"},"sameAs":["https:\/\/www.facebook.com\/eltextual","https:\/\/x.com\/eltextual","http:\/\/www.instagram.com\/eltextual"]},{"@type":"Person","@id":"https:\/\/diariotextual.com\/inicio\/#\/schema\/person\/694f60677f23c4a530867a98f22b3768","name":"diario2","image":{"@type":"ImageObject","inLanguage":"es","@id":"https:\/\/secure.gravatar.com\/avatar\/5a2567495ba16b852fcd8f1ed006a2e24fcace936018ed8237e95f488ad6e0a7?s=96&d=mm&r=g","url":"https:\/\/secure.gravatar.com\/avatar\/5a2567495ba16b852fcd8f1ed006a2e24fcace936018ed8237e95f488ad6e0a7?s=96&d=mm&r=g","contentUrl":"https:\/\/secure.gravatar.com\/avatar\/5a2567495ba16b852fcd8f1ed006a2e24fcace936018ed8237e95f488ad6e0a7?s=96&d=mm&r=g","caption":"diario2"},"url":"https:\/\/diariotextual.com\/inicio\/index.php\/author\/diario2\/"}]}},"_links":{"self":[{"href":"https:\/\/diariotextual.com\/inicio\/index.php\/wp-json\/wp\/v2\/posts\/225745","targetHints":{"allow":["GET"]}}],"collection":[{"href":"https:\/\/diariotextual.com\/inicio\/index.php\/wp-json\/wp\/v2\/posts"}],"about":[{"href":"https:\/\/diariotextual.com\/inicio\/index.php\/wp-json\/wp\/v2\/types\/post"}],"author":[{"embeddable":true,"href":"https:\/\/diariotextual.com\/inicio\/index.php\/wp-json\/wp\/v2\/users\/4"}],"replies":[{"embeddable":true,"href":"https:\/\/diariotextual.com\/inicio\/index.php\/wp-json\/wp\/v2\/comments?post=225745"}],"version-history":[{"count":1,"href":"https:\/\/diariotextual.com\/inicio\/index.php\/wp-json\/wp\/v2\/posts\/225745\/revisions"}],"predecessor-version":[{"id":225747,"href":"https:\/\/diariotextual.com\/inicio\/index.php\/wp-json\/wp\/v2\/posts\/225745\/revisions\/225747"}],"wp:featuredmedia":[{"embeddable":true,"href":"https:\/\/diariotextual.com\/inicio\/index.php\/wp-json\/wp\/v2\/media\/225746"}],"wp:attachment":[{"href":"https:\/\/diariotextual.com\/inicio\/index.php\/wp-json\/wp\/v2\/media?parent=225745"}],"wp:term":[{"taxonomy":"category","embeddable":true,"href":"https:\/\/diariotextual.com\/inicio\/index.php\/wp-json\/wp\/v2\/categories?post=225745"},{"taxonomy":"post_tag","embeddable":true,"href":"https:\/\/diariotextual.com\/inicio\/index.php\/wp-json\/wp\/v2\/tags?post=225745"}],"curies":[{"name":"wp","href":"https:\/\/api.w.org\/{rel}","templated":true}]}}