{"id":225786,"date":"2023-05-18T07:18:17","date_gmt":"2023-05-18T10:18:17","guid":{"rendered":"https:\/\/diariotextual.com\/inicio\/?p=225786"},"modified":"2023-05-18T07:18:19","modified_gmt":"2023-05-18T10:18:19","slug":"plan-mi-casa-1-cuatro-familias-de-monte-nievas-recibieron-sus-viviendas","status":"publish","type":"post","link":"https:\/\/diariotextual.com\/inicio\/index.php\/2023\/05\/18\/plan-mi-casa-1-cuatro-familias-de-monte-nievas-recibieron-sus-viviendas\/","title":{"rendered":"Plan Mi Casa 1: cuatro familias de Monte Nievas recibieron sus viviendas"},"content":{"rendered":"\n<p>El titular IPAV, Jorge Lezcano, encabez\u00f3 este mi\u00e9rcoles el acto de entrega de cuatro viviendas a familias de Monte Nievas construidas a trav\u00e9s del Plan Mi Casa 1, en el cual el Gobierno provincial aporta la totalidad de los fondos y las comunas tienen a su cargo la construcci\u00f3n y adjudicaci\u00f3n de las unidades habitacionales.<\/p>\n\n\n\n<p>El funcionario provincial estuvo acompa\u00f1ado por el intendente local, Germ\u00e1n Wilberger, y la gerenta de Planificaci\u00f3n y Adjudicaciones del organismo, Erica Riboyra. Adem\u00e1s, cada familia recibi\u00f3 una biblioteca del Programa \u201cLibros y Casas\u201d.<\/p>\n\n\n\n<p>Lezcano, habl\u00f3 en nombre del Gobierno provincial y traslad\u00f3 los saludos del gobernador Sergio Ziliotto. \u201cEntregar viviendas es muy grato y es la tercera vez en esta gesti\u00f3n que venimos a Monte Nievas. Vemos como est\u00e1 la localidad y como su intendente se preocupa por las obras. Y ya hay otras cuatro casas en ejecuci\u00f3n. Hoy aqu\u00ed me dec\u00eda la gerenta que hay familias que ya recibieron su vivienda y que hoy vienen a acompa\u00f1ar este momento. Eso es el Plan Mi Casa y debemos mantenerlo\u201d, dijo.<\/p>\n\n\n\n<p>\u201cComo dice el gobernador -agreg\u00f3- debemos diversificar: tenemos programas nacionales, provinciales y los municipios ya comienzan a tener el propio para que cada uno de los estamentos d\u00e9 soluciones. Este \u201cMi Casa\u201d tiene otros objetivos que hacen a la pol\u00edtica de Estado como movilizar la econom\u00eda y generar trabajo\u201d.<\/p>\n\n\n\n<p>Remarc\u00f3 adem\u00e1s que \u201cluego viene el recupero de la cuota que queda al municipio y ah\u00ed es donde son ustedes desde la localidad quienes se comprometen. Y esa relaci\u00f3n entre soluciones coordinadas es lo que nos permite darles soluciones a quienes m\u00e1s lo necesitan. Felicitaciones a estas familias, disfruten y ojal\u00e1 podamos volver pronto a Monte Nievas a inaugurar las cuatro que est\u00e1n en marcha porque de eso se trata rendir cuentas\u201d.<\/p>\n\n\n\n<p>Intendente<\/p>\n\n\n\n<p>El intendente agradeci\u00f3 al gobernador por esta entrega. \u201cEs un d\u00eda especial. Con esta vivienda ya van 14 entregadas y tenemos otras cuatro en construcci\u00f3n. Tanto el Gobierno provincial como el IPAV&nbsp; nos dan este mecanismo de construcci\u00f3n que nos lleva la responsabilidad de cumplir en tiempo y forma para poder entregarlas. Ahora viene la obligaci\u00f3n del pago de la cuota para que este plan siga funcionando&nbsp; y seguir construyendo m\u00e1s viviendas para las localidad. Disfrutan las viviendas y convivan en armon\u00eda para lograr el desarrollo de Monte Nievas\u201d, finaliz\u00f3 el jefe comunal.<\/p>\n\n\n\n<p>Adjudicataria<\/p>\n\n\n\n<p>La adjudicataria Natalia Borghi dijo que se trata de un d\u00eda especial \u201cporque accedemos a la vivienda propia y comenzamos un nuevo proyecto de vida. Tambi\u00e9n estamos dando un techo seguro y digno a nuestros hijos. Agradecemos a todas las autoridades y nos comprometemos a cumplir nuestras obligaciones para que m\u00e1s familias puedan vivir este momento en que se cumplen nuestros sue\u00f1os\u201d.<\/p>\n","protected":false},"excerpt":{"rendered":"<p>El titular IPAV, Jorge Lezcano, encabez\u00f3 este mi\u00e9rcoles el acto de entrega de cuatro viviendas a familias de Monte Nievas construidas a trav\u00e9s del Plan Mi Casa 1, en el&hellip;<\/p>\n","protected":false},"author":4,"featured_media":225787,"comment_status":"closed","ping_status":"open","sticky":false,"template":"","format":"standard","meta":{"_acf_changed":false,"footnotes":""},"categories":[1,12],"tags":[],"class_list":["post-225786","post","type-post","status-publish","format-standard","has-post-thumbnail","hentry","category-es-noticia","category-sociedad"],"acf":[],"yoast_head":"<!-- This site is optimized with the Yoast SEO plugin v27.5 - https:\/\/yoast.com\/product\/yoast-seo-wordpress\/ -->\n<title>Plan Mi Casa 1: cuatro familias de Monte Nievas recibieron sus viviendas - Diario Textual<\/title>\n<meta name=\"robots\" content=\"index, follow, max-snippet:-1, max-image-preview:large, max-video-preview:-1\" \/>\n<link rel=\"canonical\" href=\"https:\/\/diariotextual.com\/inicio\/index.php\/2023\/05\/18\/plan-mi-casa-1-cuatro-familias-de-monte-nievas-recibieron-sus-viviendas\/\" \/>\n<meta property=\"og:locale\" content=\"es_ES\" \/>\n<meta property=\"og:type\" content=\"article\" \/>\n<meta property=\"og:title\" content=\"Plan Mi Casa 1: cuatro familias de Monte Nievas recibieron sus viviendas - Diario Textual\" \/>\n<meta property=\"og:description\" content=\"El titular IPAV, Jorge Lezcano, encabez\u00f3 este mi\u00e9rcoles el acto de entrega de cuatro viviendas a familias de Monte Nievas construidas a trav\u00e9s del Plan Mi Casa 1, en el&hellip;\" \/>\n<meta property=\"og:url\" content=\"https:\/\/diariotextual.com\/inicio\/index.php\/2023\/05\/18\/plan-mi-casa-1-cuatro-familias-de-monte-nievas-recibieron-sus-viviendas\/\" \/>\n<meta property=\"og:site_name\" content=\"Diario Textual\" \/>\n<meta property=\"article:publisher\" content=\"https:\/\/www.facebook.com\/eltextual\" \/>\n<meta property=\"article:published_time\" content=\"2023-05-18T10:18:17+00:00\" \/>\n<meta property=\"article:modified_time\" content=\"2023-05-18T10:18:19+00:00\" \/>\n<meta property=\"og:image\" content=\"https:\/\/diariotextual.com\/inicio\/wp-content\/uploads\/2023\/05\/montenievasviviendas6432.jpg\" \/>\n\t<meta property=\"og:image:width\" content=\"900\" \/>\n\t<meta property=\"og:image:height\" content=\"565\" \/>\n\t<meta property=\"og:image:type\" content=\"image\/jpeg\" \/>\n<meta name=\"author\" content=\"diario2\" \/>\n<meta name=\"twitter:card\" content=\"summary_large_image\" \/>\n<meta name=\"twitter:creator\" content=\"@eltextual\" \/>\n<meta name=\"twitter:site\" content=\"@eltextual\" \/>\n<meta name=\"twitter:label1\" content=\"Escrito por\" \/>\n\t<meta name=\"twitter:data1\" content=\"diario2\" \/>\n\t<meta name=\"twitter:label2\" content=\"Tiempo de lectura\" \/>\n\t<meta name=\"twitter:data2\" content=\"3 minutos\" \/>\n<script type=\"application\/ld+json\" class=\"yoast-schema-graph\">{\"@context\":\"https:\\\/\\\/schema.org\",\"@graph\":[{\"@type\":\"Article\",\"@id\":\"https:\\\/\\\/diariotextual.com\\\/inicio\\\/index.php\\\/2023\\\/05\\\/18\\\/plan-mi-casa-1-cuatro-familias-de-monte-nievas-recibieron-sus-viviendas\\\/#article\",\"isPartOf\":{\"@id\":\"https:\\\/\\\/diariotextual.com\\\/inicio\\\/index.php\\\/2023\\\/05\\\/18\\\/plan-mi-casa-1-cuatro-familias-de-monte-nievas-recibieron-sus-viviendas\\\/\"},\"author\":{\"name\":\"diario2\",\"@id\":\"https:\\\/\\\/diariotextual.com\\\/inicio\\\/#\\\/schema\\\/person\\\/694f60677f23c4a530867a98f22b3768\"},\"headline\":\"Plan Mi Casa 1: cuatro familias de Monte Nievas recibieron sus viviendas\",\"datePublished\":\"2023-05-18T10:18:17+00:00\",\"dateModified\":\"2023-05-18T10:18:19+00:00\",\"mainEntityOfPage\":{\"@id\":\"https:\\\/\\\/diariotextual.com\\\/inicio\\\/index.php\\\/2023\\\/05\\\/18\\\/plan-mi-casa-1-cuatro-familias-de-monte-nievas-recibieron-sus-viviendas\\\/\"},\"wordCount\":493,\"publisher\":{\"@id\":\"https:\\\/\\\/diariotextual.com\\\/inicio\\\/#organization\"},\"image\":{\"@id\":\"https:\\\/\\\/diariotextual.com\\\/inicio\\\/index.php\\\/2023\\\/05\\\/18\\\/plan-mi-casa-1-cuatro-familias-de-monte-nievas-recibieron-sus-viviendas\\\/#primaryimage\"},\"thumbnailUrl\":\"https:\\\/\\\/diariotextual.com\\\/inicio\\\/wp-content\\\/uploads\\\/2023\\\/05\\\/montenievasviviendas6432.jpg\",\"articleSection\":[\"A - ES NOTICIA (van abajo)\",\"SOCIEDAD\"],\"inLanguage\":\"es\"},{\"@type\":\"WebPage\",\"@id\":\"https:\\\/\\\/diariotextual.com\\\/inicio\\\/index.php\\\/2023\\\/05\\\/18\\\/plan-mi-casa-1-cuatro-familias-de-monte-nievas-recibieron-sus-viviendas\\\/\",\"url\":\"https:\\\/\\\/diariotextual.com\\\/inicio\\\/index.php\\\/2023\\\/05\\\/18\\\/plan-mi-casa-1-cuatro-familias-de-monte-nievas-recibieron-sus-viviendas\\\/\",\"name\":\"Plan Mi Casa 1: cuatro familias de Monte Nievas recibieron sus viviendas - Diario Textual\",\"isPartOf\":{\"@id\":\"https:\\\/\\\/diariotextual.com\\\/inicio\\\/#website\"},\"primaryImageOfPage\":{\"@id\":\"https:\\\/\\\/diariotextual.com\\\/inicio\\\/index.php\\\/2023\\\/05\\\/18\\\/plan-mi-casa-1-cuatro-familias-de-monte-nievas-recibieron-sus-viviendas\\\/#primaryimage\"},\"image\":{\"@id\":\"https:\\\/\\\/diariotextual.com\\\/inicio\\\/index.php\\\/2023\\\/05\\\/18\\\/plan-mi-casa-1-cuatro-familias-de-monte-nievas-recibieron-sus-viviendas\\\/#primaryimage\"},\"thumbnailUrl\":\"https:\\\/\\\/diariotextual.com\\\/inicio\\\/wp-content\\\/uploads\\\/2023\\\/05\\\/montenievasviviendas6432.jpg\",\"datePublished\":\"2023-05-18T10:18:17+00:00\",\"dateModified\":\"2023-05-18T10:18:19+00:00\",\"breadcrumb\":{\"@id\":\"https:\\\/\\\/diariotextual.com\\\/inicio\\\/index.php\\\/2023\\\/05\\\/18\\\/plan-mi-casa-1-cuatro-familias-de-monte-nievas-recibieron-sus-viviendas\\\/#breadcrumb\"},\"inLanguage\":\"es\",\"potentialAction\":[{\"@type\":\"ReadAction\",\"target\":[\"https:\\\/\\\/diariotextual.com\\\/inicio\\\/index.php\\\/2023\\\/05\\\/18\\\/plan-mi-casa-1-cuatro-familias-de-monte-nievas-recibieron-sus-viviendas\\\/\"]}]},{\"@type\":\"ImageObject\",\"inLanguage\":\"es\",\"@id\":\"https:\\\/\\\/diariotextual.com\\\/inicio\\\/index.php\\\/2023\\\/05\\\/18\\\/plan-mi-casa-1-cuatro-familias-de-monte-nievas-recibieron-sus-viviendas\\\/#primaryimage\",\"url\":\"https:\\\/\\\/diariotextual.com\\\/inicio\\\/wp-content\\\/uploads\\\/2023\\\/05\\\/montenievasviviendas6432.jpg\",\"contentUrl\":\"https:\\\/\\\/diariotextual.com\\\/inicio\\\/wp-content\\\/uploads\\\/2023\\\/05\\\/montenievasviviendas6432.jpg\",\"width\":900,\"height\":565},{\"@type\":\"BreadcrumbList\",\"@id\":\"https:\\\/\\\/diariotextual.com\\\/inicio\\\/index.php\\\/2023\\\/05\\\/18\\\/plan-mi-casa-1-cuatro-familias-de-monte-nievas-recibieron-sus-viviendas\\\/#breadcrumb\",\"itemListElement\":[{\"@type\":\"ListItem\",\"position\":1,\"name\":\"Portada\",\"item\":\"https:\\\/\\\/diariotextual.com\\\/inicio\\\/\"},{\"@type\":\"ListItem\",\"position\":2,\"name\":\"Plan Mi Casa 1: cuatro familias de Monte Nievas recibieron sus viviendas\"}]},{\"@type\":\"WebSite\",\"@id\":\"https:\\\/\\\/diariotextual.com\\\/inicio\\\/#website\",\"url\":\"https:\\\/\\\/diariotextual.com\\\/inicio\\\/\",\"name\":\"Diario Textual\",\"description\":\"\",\"publisher\":{\"@id\":\"https:\\\/\\\/diariotextual.com\\\/inicio\\\/#organization\"},\"potentialAction\":[{\"@type\":\"SearchAction\",\"target\":{\"@type\":\"EntryPoint\",\"urlTemplate\":\"https:\\\/\\\/diariotextual.com\\\/inicio\\\/?s={search_term_string}\"},\"query-input\":{\"@type\":\"PropertyValueSpecification\",\"valueRequired\":true,\"valueName\":\"search_term_string\"}}],\"inLanguage\":\"es\"},{\"@type\":\"Organization\",\"@id\":\"https:\\\/\\\/diariotextual.com\\\/inicio\\\/#organization\",\"name\":\"Diario Textual\",\"url\":\"https:\\\/\\\/diariotextual.com\\\/inicio\\\/\",\"logo\":{\"@type\":\"ImageObject\",\"inLanguage\":\"es\",\"@id\":\"https:\\\/\\\/diariotextual.com\\\/inicio\\\/#\\\/schema\\\/logo\\\/image\\\/\",\"url\":\"https:\\\/\\\/diariotextual.com\\\/inicio\\\/wp-content\\\/uploads\\\/2023\\\/05\\\/logotextual1.jpg\",\"contentUrl\":\"https:\\\/\\\/diariotextual.com\\\/inicio\\\/wp-content\\\/uploads\\\/2023\\\/05\\\/logotextual1.jpg\",\"width\":516,\"height\":76,\"caption\":\"Diario Textual\"},\"image\":{\"@id\":\"https:\\\/\\\/diariotextual.com\\\/inicio\\\/#\\\/schema\\\/logo\\\/image\\\/\"},\"sameAs\":[\"https:\\\/\\\/www.facebook.com\\\/eltextual\",\"https:\\\/\\\/x.com\\\/eltextual\",\"http:\\\/\\\/www.instagram.com\\\/eltextual\"]},{\"@type\":\"Person\",\"@id\":\"https:\\\/\\\/diariotextual.com\\\/inicio\\\/#\\\/schema\\\/person\\\/694f60677f23c4a530867a98f22b3768\",\"name\":\"diario2\",\"image\":{\"@type\":\"ImageObject\",\"inLanguage\":\"es\",\"@id\":\"https:\\\/\\\/secure.gravatar.com\\\/avatar\\\/5a2567495ba16b852fcd8f1ed006a2e24fcace936018ed8237e95f488ad6e0a7?s=96&d=mm&r=g\",\"url\":\"https:\\\/\\\/secure.gravatar.com\\\/avatar\\\/5a2567495ba16b852fcd8f1ed006a2e24fcace936018ed8237e95f488ad6e0a7?s=96&d=mm&r=g\",\"contentUrl\":\"https:\\\/\\\/secure.gravatar.com\\\/avatar\\\/5a2567495ba16b852fcd8f1ed006a2e24fcace936018ed8237e95f488ad6e0a7?s=96&d=mm&r=g\",\"caption\":\"diario2\"},\"url\":\"https:\\\/\\\/diariotextual.com\\\/inicio\\\/index.php\\\/author\\\/diario2\\\/\"}]}<\/script>\n<!-- \/ Yoast SEO plugin. -->","yoast_head_json":{"title":"Plan Mi Casa 1: cuatro familias de Monte Nievas recibieron sus viviendas - Diario Textual","robots":{"index":"index","follow":"follow","max-snippet":"max-snippet:-1","max-image-preview":"max-image-preview:large","max-video-preview":"max-video-preview:-1"},"canonical":"https:\/\/diariotextual.com\/inicio\/index.php\/2023\/05\/18\/plan-mi-casa-1-cuatro-familias-de-monte-nievas-recibieron-sus-viviendas\/","og_locale":"es_ES","og_type":"article","og_title":"Plan Mi Casa 1: cuatro familias de Monte Nievas recibieron sus viviendas - Diario Textual","og_description":"El titular IPAV, Jorge Lezcano, encabez\u00f3 este mi\u00e9rcoles el acto de entrega de cuatro viviendas a familias de Monte Nievas construidas a trav\u00e9s del Plan Mi Casa 1, en el&hellip;","og_url":"https:\/\/diariotextual.com\/inicio\/index.php\/2023\/05\/18\/plan-mi-casa-1-cuatro-familias-de-monte-nievas-recibieron-sus-viviendas\/","og_site_name":"Diario Textual","article_publisher":"https:\/\/www.facebook.com\/eltextual","article_published_time":"2023-05-18T10:18:17+00:00","article_modified_time":"2023-05-18T10:18:19+00:00","og_image":[{"width":900,"height":565,"url":"https:\/\/diariotextual.com\/inicio\/wp-content\/uploads\/2023\/05\/montenievasviviendas6432.jpg","type":"image\/jpeg"}],"author":"diario2","twitter_card":"summary_large_image","twitter_creator":"@eltextual","twitter_site":"@eltextual","twitter_misc":{"Escrito por":"diario2","Tiempo de lectura":"3 minutos"},"schema":{"@context":"https:\/\/schema.org","@graph":[{"@type":"Article","@id":"https:\/\/diariotextual.com\/inicio\/index.php\/2023\/05\/18\/plan-mi-casa-1-cuatro-familias-de-monte-nievas-recibieron-sus-viviendas\/#article","isPartOf":{"@id":"https:\/\/diariotextual.com\/inicio\/index.php\/2023\/05\/18\/plan-mi-casa-1-cuatro-familias-de-monte-nievas-recibieron-sus-viviendas\/"},"author":{"name":"diario2","@id":"https:\/\/diariotextual.com\/inicio\/#\/schema\/person\/694f60677f23c4a530867a98f22b3768"},"headline":"Plan Mi Casa 1: cuatro familias de Monte Nievas recibieron sus viviendas","datePublished":"2023-05-18T10:18:17+00:00","dateModified":"2023-05-18T10:18:19+00:00","mainEntityOfPage":{"@id":"https:\/\/diariotextual.com\/inicio\/index.php\/2023\/05\/18\/plan-mi-casa-1-cuatro-familias-de-monte-nievas-recibieron-sus-viviendas\/"},"wordCount":493,"publisher":{"@id":"https:\/\/diariotextual.com\/inicio\/#organization"},"image":{"@id":"https:\/\/diariotextual.com\/inicio\/index.php\/2023\/05\/18\/plan-mi-casa-1-cuatro-familias-de-monte-nievas-recibieron-sus-viviendas\/#primaryimage"},"thumbnailUrl":"https:\/\/diariotextual.com\/inicio\/wp-content\/uploads\/2023\/05\/montenievasviviendas6432.jpg","articleSection":["A - ES NOTICIA (van abajo)","SOCIEDAD"],"inLanguage":"es"},{"@type":"WebPage","@id":"https:\/\/diariotextual.com\/inicio\/index.php\/2023\/05\/18\/plan-mi-casa-1-cuatro-familias-de-monte-nievas-recibieron-sus-viviendas\/","url":"https:\/\/diariotextual.com\/inicio\/index.php\/2023\/05\/18\/plan-mi-casa-1-cuatro-familias-de-monte-nievas-recibieron-sus-viviendas\/","name":"Plan Mi Casa 1: cuatro familias de Monte Nievas recibieron sus viviendas - Diario Textual","isPartOf":{"@id":"https:\/\/diariotextual.com\/inicio\/#website"},"primaryImageOfPage":{"@id":"https:\/\/diariotextual.com\/inicio\/index.php\/2023\/05\/18\/plan-mi-casa-1-cuatro-familias-de-monte-nievas-recibieron-sus-viviendas\/#primaryimage"},"image":{"@id":"https:\/\/diariotextual.com\/inicio\/index.php\/2023\/05\/18\/plan-mi-casa-1-cuatro-familias-de-monte-nievas-recibieron-sus-viviendas\/#primaryimage"},"thumbnailUrl":"https:\/\/diariotextual.com\/inicio\/wp-content\/uploads\/2023\/05\/montenievasviviendas6432.jpg","datePublished":"2023-05-18T10:18:17+00:00","dateModified":"2023-05-18T10:18:19+00:00","breadcrumb":{"@id":"https:\/\/diariotextual.com\/inicio\/index.php\/2023\/05\/18\/plan-mi-casa-1-cuatro-familias-de-monte-nievas-recibieron-sus-viviendas\/#breadcrumb"},"inLanguage":"es","potentialAction":[{"@type":"ReadAction","target":["https:\/\/diariotextual.com\/inicio\/index.php\/2023\/05\/18\/plan-mi-casa-1-cuatro-familias-de-monte-nievas-recibieron-sus-viviendas\/"]}]},{"@type":"ImageObject","inLanguage":"es","@id":"https:\/\/diariotextual.com\/inicio\/index.php\/2023\/05\/18\/plan-mi-casa-1-cuatro-familias-de-monte-nievas-recibieron-sus-viviendas\/#primaryimage","url":"https:\/\/diariotextual.com\/inicio\/wp-content\/uploads\/2023\/05\/montenievasviviendas6432.jpg","contentUrl":"https:\/\/diariotextual.com\/inicio\/wp-content\/uploads\/2023\/05\/montenievasviviendas6432.jpg","width":900,"height":565},{"@type":"BreadcrumbList","@id":"https:\/\/diariotextual.com\/inicio\/index.php\/2023\/05\/18\/plan-mi-casa-1-cuatro-familias-de-monte-nievas-recibieron-sus-viviendas\/#breadcrumb","itemListElement":[{"@type":"ListItem","position":1,"name":"Portada","item":"https:\/\/diariotextual.com\/inicio\/"},{"@type":"ListItem","position":2,"name":"Plan Mi Casa 1: cuatro familias de Monte Nievas recibieron sus viviendas"}]},{"@type":"WebSite","@id":"https:\/\/diariotextual.com\/inicio\/#website","url":"https:\/\/diariotextual.com\/inicio\/","name":"Diario Textual","description":"","publisher":{"@id":"https:\/\/diariotextual.com\/inicio\/#organization"},"potentialAction":[{"@type":"SearchAction","target":{"@type":"EntryPoint","urlTemplate":"https:\/\/diariotextual.com\/inicio\/?s={search_term_string}"},"query-input":{"@type":"PropertyValueSpecification","valueRequired":true,"valueName":"search_term_string"}}],"inLanguage":"es"},{"@type":"Organization","@id":"https:\/\/diariotextual.com\/inicio\/#organization","name":"Diario Textual","url":"https:\/\/diariotextual.com\/inicio\/","logo":{"@type":"ImageObject","inLanguage":"es","@id":"https:\/\/diariotextual.com\/inicio\/#\/schema\/logo\/image\/","url":"https:\/\/diariotextual.com\/inicio\/wp-content\/uploads\/2023\/05\/logotextual1.jpg","contentUrl":"https:\/\/diariotextual.com\/inicio\/wp-content\/uploads\/2023\/05\/logotextual1.jpg","width":516,"height":76,"caption":"Diario Textual"},"image":{"@id":"https:\/\/diariotextual.com\/inicio\/#\/schema\/logo\/image\/"},"sameAs":["https:\/\/www.facebook.com\/eltextual","https:\/\/x.com\/eltextual","http:\/\/www.instagram.com\/eltextual"]},{"@type":"Person","@id":"https:\/\/diariotextual.com\/inicio\/#\/schema\/person\/694f60677f23c4a530867a98f22b3768","name":"diario2","image":{"@type":"ImageObject","inLanguage":"es","@id":"https:\/\/secure.gravatar.com\/avatar\/5a2567495ba16b852fcd8f1ed006a2e24fcace936018ed8237e95f488ad6e0a7?s=96&d=mm&r=g","url":"https:\/\/secure.gravatar.com\/avatar\/5a2567495ba16b852fcd8f1ed006a2e24fcace936018ed8237e95f488ad6e0a7?s=96&d=mm&r=g","contentUrl":"https:\/\/secure.gravatar.com\/avatar\/5a2567495ba16b852fcd8f1ed006a2e24fcace936018ed8237e95f488ad6e0a7?s=96&d=mm&r=g","caption":"diario2"},"url":"https:\/\/diariotextual.com\/inicio\/index.php\/author\/diario2\/"}]}},"_links":{"self":[{"href":"https:\/\/diariotextual.com\/inicio\/index.php\/wp-json\/wp\/v2\/posts\/225786","targetHints":{"allow":["GET"]}}],"collection":[{"href":"https:\/\/diariotextual.com\/inicio\/index.php\/wp-json\/wp\/v2\/posts"}],"about":[{"href":"https:\/\/diariotextual.com\/inicio\/index.php\/wp-json\/wp\/v2\/types\/post"}],"author":[{"embeddable":true,"href":"https:\/\/diariotextual.com\/inicio\/index.php\/wp-json\/wp\/v2\/users\/4"}],"replies":[{"embeddable":true,"href":"https:\/\/diariotextual.com\/inicio\/index.php\/wp-json\/wp\/v2\/comments?post=225786"}],"version-history":[{"count":1,"href":"https:\/\/diariotextual.com\/inicio\/index.php\/wp-json\/wp\/v2\/posts\/225786\/revisions"}],"predecessor-version":[{"id":225788,"href":"https:\/\/diariotextual.com\/inicio\/index.php\/wp-json\/wp\/v2\/posts\/225786\/revisions\/225788"}],"wp:featuredmedia":[{"embeddable":true,"href":"https:\/\/diariotextual.com\/inicio\/index.php\/wp-json\/wp\/v2\/media\/225787"}],"wp:attachment":[{"href":"https:\/\/diariotextual.com\/inicio\/index.php\/wp-json\/wp\/v2\/media?parent=225786"}],"wp:term":[{"taxonomy":"category","embeddable":true,"href":"https:\/\/diariotextual.com\/inicio\/index.php\/wp-json\/wp\/v2\/categories?post=225786"},{"taxonomy":"post_tag","embeddable":true,"href":"https:\/\/diariotextual.com\/inicio\/index.php\/wp-json\/wp\/v2\/tags?post=225786"}],"curies":[{"name":"wp","href":"https:\/\/api.w.org\/{rel}","templated":true}]}}