{"id":225814,"date":"2023-05-18T09:50:26","date_gmt":"2023-05-18T12:50:26","guid":{"rendered":"https:\/\/diariotextual.com\/inicio\/?p=225814"},"modified":"2023-05-18T15:26:48","modified_gmt":"2023-05-18T18:26:48","slug":"llovio-y-trajo-algo-de-alivio-en-medio-de-la-sequia","status":"publish","type":"post","link":"https:\/\/diariotextual.com\/inicio\/index.php\/2023\/05\/18\/llovio-y-trajo-algo-de-alivio-en-medio-de-la-sequia\/","title":{"rendered":"Llovi\u00f3 y trajo algo de alivio en medio de la sequ\u00eda"},"content":{"rendered":"\n<p class=\"wp-block-paragraph\">Con registros modestos, hubo lluvias en buena parte de la provincia. Las precipitaciones trajeron un poco de alivio en medio de una sequ\u00eda que afecta a la provincia.<\/p>\n\n\n\n<p class=\"wp-block-paragraph\">Seg\u00fan informaron desde la Direcci\u00f3n de Comunicaciones de la Polic\u00eda, entre las 9 de ayer y la misma hora de este jueves, en Monte Nievas cayeron 16 mil\u00edmetros; Castex, 15; Winifreda, 20; Mayer, 17; y Luan Toro, 9.<\/p>\n\n\n\n<p class=\"wp-block-paragraph\">En Loventuel, 17; Tel\u00e9n, 17; Carro Quemado, 15; El Durazno, 17; Victorica, 12; y Toay, 20.<\/p>\n\n\n\n<p class=\"wp-block-paragraph\">En Santa Rosa, 15; Anguil, 20; Catril\u00f3, 17; Uriburu, 20; Lonquimay, 19; y La Gloria, 17.<\/p>\n\n\n\n<p class=\"wp-block-paragraph\">En Cereales, 18; Riglos, 15; Anchorena, 18; Rol\u00f3n, 16; Macach\u00edn, 10; y Doblas, 9.<\/p>\n\n\n\n<p class=\"wp-block-paragraph\">En Villa Mirasol, 32; Bar\u00f3n, 23; Can\u00e9, 18; Quem\u00fa, 16; y Relmo, 22.<\/p>\n\n\n\n<p class=\"wp-block-paragraph\">En Rancul, 26; Parera, 18; Pichi Huinca, 17; La Maruja, 12; Foster, 10; Alta Italia, 25; y Maisonave, 18.<\/p>\n\n\n\n<p class=\"wp-block-paragraph\">En Realic\u00f3, 27; Van Praet, 14; Falucho, 24; Embajador Martini, 25; Luiggi, 24; Lagos, 19; Sarah, 15; Larroud\u00e9, 13; Alvear, 14; V\u00e9rtiz, 30; y Ceballos, 20.<\/p>\n\n\n\n<p class=\"wp-block-paragraph\">En Arata, 20; Trenel, 28; Metileo, 30; Speluzzi, 23; Agustoni, 20; Dorila, 20; y General Pico, 21.<\/p>\n\n\n\n<p class=\"wp-block-paragraph\">En General Acha, 13; Quehu\u00e9, 13; Santa Mar\u00eda, 5; Padre Buodo, 9; Ataliva Roca, 14; y Unanue, 6.<\/p>\n\n\n\n<p class=\"wp-block-paragraph\">En Guatrach\u00e9, 5; Alpachiri, 1; Campos, 18; Santa Teresa, 16; y Per\u00fa, 3.<\/p>\n\n\n\n<p class=\"wp-block-paragraph\">En Abramo, 7,5; Bernasconi, 5; San Mart\u00edn, 1; y Jacinto Arauz, 3.<\/p>\n\n\n\n<p class=\"wp-block-paragraph\">En Santa Isabel, 16; Algarrobo del Aguila, 9; Chacharramendi, 4; y Colonia Chica, 17.<\/p>\n","protected":false},"excerpt":{"rendered":"<p>Con registros modestos, hubo lluvias en buena parte de la provincia. Las precipitaciones trajeron un poco de alivio en medio de una sequ\u00eda que afecta a la provincia. Seg\u00fan informaron&hellip;<\/p>\n","protected":false},"author":3,"featured_media":219777,"comment_status":"closed","ping_status":"open","sticky":false,"template":"","format":"standard","meta":{"_acf_changed":false,"footnotes":""},"categories":[1,20],"tags":[],"class_list":["post-225814","post","type-post","status-publish","format-standard","has-post-thumbnail","hentry","category-es-noticia","category-campo"],"acf":[],"yoast_head":"<!-- This site is optimized with the Yoast SEO plugin v28.4 - https:\/\/yoast.com\/product\/yoast-seo-wordpress\/ -->\n<title>Llovi\u00f3 y trajo algo de alivio en medio de la sequ\u00eda - Diario Textual<\/title>\n<meta name=\"robots\" content=\"index, follow, max-snippet:-1, max-image-preview:large, max-video-preview:-1\" \/>\n<link rel=\"canonical\" href=\"https:\/\/diariotextual.com\/inicio\/index.php\/2023\/05\/18\/llovio-y-trajo-algo-de-alivio-en-medio-de-la-sequia\/\" \/>\n<meta property=\"og:locale\" content=\"es_ES\" \/>\n<meta property=\"og:type\" content=\"article\" \/>\n<meta property=\"og:title\" content=\"Llovi\u00f3 y trajo algo de alivio en medio de la sequ\u00eda - Diario Textual\" \/>\n<meta property=\"og:description\" content=\"Con registros modestos, hubo lluvias en buena parte de la provincia. Las precipitaciones trajeron un poco de alivio en medio de una sequ\u00eda que afecta a la provincia. Seg\u00fan informaron&hellip;\" \/>\n<meta property=\"og:url\" content=\"https:\/\/diariotextual.com\/inicio\/index.php\/2023\/05\/18\/llovio-y-trajo-algo-de-alivio-en-medio-de-la-sequia\/\" \/>\n<meta property=\"og:site_name\" content=\"Diario Textual\" \/>\n<meta property=\"article:publisher\" content=\"https:\/\/www.facebook.com\/eltextual\" \/>\n<meta property=\"article:published_time\" content=\"2023-05-18T12:50:26+00:00\" \/>\n<meta property=\"article:modified_time\" content=\"2023-05-18T18:26:48+00:00\" \/>\n<meta property=\"og:image\" content=\"https:\/\/diariotextual.com\/inicio\/wp-content\/uploads\/2023\/03\/campostormentas.jpg\" \/>\n\t<meta property=\"og:image:width\" content=\"900\" \/>\n\t<meta property=\"og:image:height\" content=\"506\" \/>\n\t<meta property=\"og:image:type\" content=\"image\/jpeg\" \/>\n<meta name=\"author\" content=\"Diario1 Diario1\" \/>\n<meta name=\"twitter:card\" content=\"summary_large_image\" \/>\n<meta name=\"twitter:creator\" content=\"@eltextual\" \/>\n<meta name=\"twitter:site\" content=\"@eltextual\" \/>\n<meta name=\"twitter:label1\" content=\"Escrito por\" \/>\n\t<meta name=\"twitter:data1\" content=\"Diario1 Diario1\" \/>\n\t<meta name=\"twitter:label2\" content=\"Tiempo de lectura\" \/>\n\t<meta name=\"twitter:data2\" content=\"2 minutos\" \/>\n<script type=\"application\/ld+json\" class=\"yoast-schema-graph\">{\"@context\":\"https:\\\/\\\/schema.org\",\"@graph\":[{\"@type\":\"Article\",\"@id\":\"https:\\\/\\\/diariotextual.com\\\/inicio\\\/index.php\\\/2023\\\/05\\\/18\\\/llovio-y-trajo-algo-de-alivio-en-medio-de-la-sequia\\\/#article\",\"isPartOf\":{\"@id\":\"https:\\\/\\\/diariotextual.com\\\/inicio\\\/index.php\\\/2023\\\/05\\\/18\\\/llovio-y-trajo-algo-de-alivio-en-medio-de-la-sequia\\\/\"},\"author\":{\"name\":\"Diario1 Diario1\",\"@id\":\"https:\\\/\\\/diariotextual.com\\\/inicio\\\/#\\\/schema\\\/person\\\/418fc4093c33e86ed41562db3508f958\"},\"headline\":\"Llovi\u00f3 y trajo algo de alivio en medio de la sequ\u00eda\",\"datePublished\":\"2023-05-18T12:50:26+00:00\",\"dateModified\":\"2023-05-18T18:26:48+00:00\",\"mainEntityOfPage\":{\"@id\":\"https:\\\/\\\/diariotextual.com\\\/inicio\\\/index.php\\\/2023\\\/05\\\/18\\\/llovio-y-trajo-algo-de-alivio-en-medio-de-la-sequia\\\/\"},\"wordCount\":195,\"publisher\":{\"@id\":\"https:\\\/\\\/diariotextual.com\\\/inicio\\\/#organization\"},\"image\":{\"@id\":\"https:\\\/\\\/diariotextual.com\\\/inicio\\\/index.php\\\/2023\\\/05\\\/18\\\/llovio-y-trajo-algo-de-alivio-en-medio-de-la-sequia\\\/#primaryimage\"},\"thumbnailUrl\":\"https:\\\/\\\/diariotextual.com\\\/inicio\\\/wp-content\\\/uploads\\\/2023\\\/03\\\/campostormentas.jpg\",\"articleSection\":[\"A - ES NOTICIA (van abajo)\",\"CAMPO\"],\"inLanguage\":\"es\"},{\"@type\":\"WebPage\",\"@id\":\"https:\\\/\\\/diariotextual.com\\\/inicio\\\/index.php\\\/2023\\\/05\\\/18\\\/llovio-y-trajo-algo-de-alivio-en-medio-de-la-sequia\\\/\",\"url\":\"https:\\\/\\\/diariotextual.com\\\/inicio\\\/index.php\\\/2023\\\/05\\\/18\\\/llovio-y-trajo-algo-de-alivio-en-medio-de-la-sequia\\\/\",\"name\":\"Llovi\u00f3 y trajo algo de alivio en medio de la sequ\u00eda - Diario Textual\",\"isPartOf\":{\"@id\":\"https:\\\/\\\/diariotextual.com\\\/inicio\\\/#website\"},\"primaryImageOfPage\":{\"@id\":\"https:\\\/\\\/diariotextual.com\\\/inicio\\\/index.php\\\/2023\\\/05\\\/18\\\/llovio-y-trajo-algo-de-alivio-en-medio-de-la-sequia\\\/#primaryimage\"},\"image\":{\"@id\":\"https:\\\/\\\/diariotextual.com\\\/inicio\\\/index.php\\\/2023\\\/05\\\/18\\\/llovio-y-trajo-algo-de-alivio-en-medio-de-la-sequia\\\/#primaryimage\"},\"thumbnailUrl\":\"https:\\\/\\\/diariotextual.com\\\/inicio\\\/wp-content\\\/uploads\\\/2023\\\/03\\\/campostormentas.jpg\",\"datePublished\":\"2023-05-18T12:50:26+00:00\",\"dateModified\":\"2023-05-18T18:26:48+00:00\",\"breadcrumb\":{\"@id\":\"https:\\\/\\\/diariotextual.com\\\/inicio\\\/index.php\\\/2023\\\/05\\\/18\\\/llovio-y-trajo-algo-de-alivio-en-medio-de-la-sequia\\\/#breadcrumb\"},\"inLanguage\":\"es\",\"potentialAction\":[{\"@type\":\"ReadAction\",\"target\":[\"https:\\\/\\\/diariotextual.com\\\/inicio\\\/index.php\\\/2023\\\/05\\\/18\\\/llovio-y-trajo-algo-de-alivio-en-medio-de-la-sequia\\\/\"]}]},{\"@type\":\"ImageObject\",\"inLanguage\":\"es\",\"@id\":\"https:\\\/\\\/diariotextual.com\\\/inicio\\\/index.php\\\/2023\\\/05\\\/18\\\/llovio-y-trajo-algo-de-alivio-en-medio-de-la-sequia\\\/#primaryimage\",\"url\":\"https:\\\/\\\/diariotextual.com\\\/inicio\\\/wp-content\\\/uploads\\\/2023\\\/03\\\/campostormentas.jpg\",\"contentUrl\":\"https:\\\/\\\/diariotextual.com\\\/inicio\\\/wp-content\\\/uploads\\\/2023\\\/03\\\/campostormentas.jpg\",\"width\":900,\"height\":506},{\"@type\":\"BreadcrumbList\",\"@id\":\"https:\\\/\\\/diariotextual.com\\\/inicio\\\/index.php\\\/2023\\\/05\\\/18\\\/llovio-y-trajo-algo-de-alivio-en-medio-de-la-sequia\\\/#breadcrumb\",\"itemListElement\":[{\"@type\":\"ListItem\",\"position\":1,\"name\":\"Portada\",\"item\":\"https:\\\/\\\/diariotextual.com\\\/inicio\\\/\"},{\"@type\":\"ListItem\",\"position\":2,\"name\":\"Llovi\u00f3 y trajo algo de alivio en medio de la sequ\u00eda\"}]},{\"@type\":\"WebSite\",\"@id\":\"https:\\\/\\\/diariotextual.com\\\/inicio\\\/#website\",\"url\":\"https:\\\/\\\/diariotextual.com\\\/inicio\\\/\",\"name\":\"Diario Textual\",\"description\":\"\",\"publisher\":{\"@id\":\"https:\\\/\\\/diariotextual.com\\\/inicio\\\/#organization\"},\"potentialAction\":[{\"@type\":\"SearchAction\",\"target\":{\"@type\":\"EntryPoint\",\"urlTemplate\":\"https:\\\/\\\/diariotextual.com\\\/inicio\\\/?s={search_term_string}\"},\"query-input\":{\"@type\":\"PropertyValueSpecification\",\"valueRequired\":true,\"valueName\":\"search_term_string\"}}],\"inLanguage\":\"es\"},{\"@type\":\"Organization\",\"@id\":\"https:\\\/\\\/diariotextual.com\\\/inicio\\\/#organization\",\"name\":\"Diario Textual\",\"url\":\"https:\\\/\\\/diariotextual.com\\\/inicio\\\/\",\"logo\":{\"@type\":\"ImageObject\",\"inLanguage\":\"es\",\"@id\":\"https:\\\/\\\/diariotextual.com\\\/inicio\\\/#\\\/schema\\\/logo\\\/image\\\/\",\"url\":\"https:\\\/\\\/diariotextual.com\\\/inicio\\\/wp-content\\\/uploads\\\/2023\\\/05\\\/logotextual1.jpg\",\"contentUrl\":\"https:\\\/\\\/diariotextual.com\\\/inicio\\\/wp-content\\\/uploads\\\/2023\\\/05\\\/logotextual1.jpg\",\"width\":516,\"height\":76,\"caption\":\"Diario Textual\"},\"image\":{\"@id\":\"https:\\\/\\\/diariotextual.com\\\/inicio\\\/#\\\/schema\\\/logo\\\/image\\\/\"},\"sameAs\":[\"https:\\\/\\\/www.facebook.com\\\/eltextual\",\"https:\\\/\\\/x.com\\\/eltextual\",\"http:\\\/\\\/www.instagram.com\\\/eltextual\"]},{\"@type\":\"Person\",\"@id\":\"https:\\\/\\\/diariotextual.com\\\/inicio\\\/#\\\/schema\\\/person\\\/418fc4093c33e86ed41562db3508f958\",\"name\":\"Diario1 Diario1\",\"image\":{\"@type\":\"ImageObject\",\"inLanguage\":\"es\",\"@id\":\"https:\\\/\\\/secure.gravatar.com\\\/avatar\\\/9167d280179c85bc18be67aa7eda765854300033af4896dd779b608640f2ef7a?s=96&d=mm&r=g\",\"url\":\"https:\\\/\\\/secure.gravatar.com\\\/avatar\\\/9167d280179c85bc18be67aa7eda765854300033af4896dd779b608640f2ef7a?s=96&d=mm&r=g\",\"contentUrl\":\"https:\\\/\\\/secure.gravatar.com\\\/avatar\\\/9167d280179c85bc18be67aa7eda765854300033af4896dd779b608640f2ef7a?s=96&d=mm&r=g\",\"caption\":\"Diario1 Diario1\"},\"url\":\"https:\\\/\\\/diariotextual.com\\\/inicio\\\/index.php\\\/author\\\/diario1\\\/\"}]}<\/script>\n<!-- \/ Yoast SEO plugin. -->","yoast_head_json":{"title":"Llovi\u00f3 y trajo algo de alivio en medio de la sequ\u00eda - Diario Textual","robots":{"index":"index","follow":"follow","max-snippet":"max-snippet:-1","max-image-preview":"max-image-preview:large","max-video-preview":"max-video-preview:-1"},"canonical":"https:\/\/diariotextual.com\/inicio\/index.php\/2023\/05\/18\/llovio-y-trajo-algo-de-alivio-en-medio-de-la-sequia\/","og_locale":"es_ES","og_type":"article","og_title":"Llovi\u00f3 y trajo algo de alivio en medio de la sequ\u00eda - Diario Textual","og_description":"Con registros modestos, hubo lluvias en buena parte de la provincia. Las precipitaciones trajeron un poco de alivio en medio de una sequ\u00eda que afecta a la provincia. Seg\u00fan informaron&hellip;","og_url":"https:\/\/diariotextual.com\/inicio\/index.php\/2023\/05\/18\/llovio-y-trajo-algo-de-alivio-en-medio-de-la-sequia\/","og_site_name":"Diario Textual","article_publisher":"https:\/\/www.facebook.com\/eltextual","article_published_time":"2023-05-18T12:50:26+00:00","article_modified_time":"2023-05-18T18:26:48+00:00","og_image":[{"width":900,"height":506,"url":"https:\/\/diariotextual.com\/inicio\/wp-content\/uploads\/2023\/03\/campostormentas.jpg","type":"image\/jpeg"}],"author":"Diario1 Diario1","twitter_card":"summary_large_image","twitter_creator":"@eltextual","twitter_site":"@eltextual","twitter_misc":{"Escrito por":"Diario1 Diario1","Tiempo de lectura":"2 minutos"},"schema":{"@context":"https:\/\/schema.org","@graph":[{"@type":"Article","@id":"https:\/\/diariotextual.com\/inicio\/index.php\/2023\/05\/18\/llovio-y-trajo-algo-de-alivio-en-medio-de-la-sequia\/#article","isPartOf":{"@id":"https:\/\/diariotextual.com\/inicio\/index.php\/2023\/05\/18\/llovio-y-trajo-algo-de-alivio-en-medio-de-la-sequia\/"},"author":{"name":"Diario1 Diario1","@id":"https:\/\/diariotextual.com\/inicio\/#\/schema\/person\/418fc4093c33e86ed41562db3508f958"},"headline":"Llovi\u00f3 y trajo algo de alivio en medio de la sequ\u00eda","datePublished":"2023-05-18T12:50:26+00:00","dateModified":"2023-05-18T18:26:48+00:00","mainEntityOfPage":{"@id":"https:\/\/diariotextual.com\/inicio\/index.php\/2023\/05\/18\/llovio-y-trajo-algo-de-alivio-en-medio-de-la-sequia\/"},"wordCount":195,"publisher":{"@id":"https:\/\/diariotextual.com\/inicio\/#organization"},"image":{"@id":"https:\/\/diariotextual.com\/inicio\/index.php\/2023\/05\/18\/llovio-y-trajo-algo-de-alivio-en-medio-de-la-sequia\/#primaryimage"},"thumbnailUrl":"https:\/\/diariotextual.com\/inicio\/wp-content\/uploads\/2023\/03\/campostormentas.jpg","articleSection":["A - ES NOTICIA (van abajo)","CAMPO"],"inLanguage":"es"},{"@type":"WebPage","@id":"https:\/\/diariotextual.com\/inicio\/index.php\/2023\/05\/18\/llovio-y-trajo-algo-de-alivio-en-medio-de-la-sequia\/","url":"https:\/\/diariotextual.com\/inicio\/index.php\/2023\/05\/18\/llovio-y-trajo-algo-de-alivio-en-medio-de-la-sequia\/","name":"Llovi\u00f3 y trajo algo de alivio en medio de la sequ\u00eda - Diario Textual","isPartOf":{"@id":"https:\/\/diariotextual.com\/inicio\/#website"},"primaryImageOfPage":{"@id":"https:\/\/diariotextual.com\/inicio\/index.php\/2023\/05\/18\/llovio-y-trajo-algo-de-alivio-en-medio-de-la-sequia\/#primaryimage"},"image":{"@id":"https:\/\/diariotextual.com\/inicio\/index.php\/2023\/05\/18\/llovio-y-trajo-algo-de-alivio-en-medio-de-la-sequia\/#primaryimage"},"thumbnailUrl":"https:\/\/diariotextual.com\/inicio\/wp-content\/uploads\/2023\/03\/campostormentas.jpg","datePublished":"2023-05-18T12:50:26+00:00","dateModified":"2023-05-18T18:26:48+00:00","breadcrumb":{"@id":"https:\/\/diariotextual.com\/inicio\/index.php\/2023\/05\/18\/llovio-y-trajo-algo-de-alivio-en-medio-de-la-sequia\/#breadcrumb"},"inLanguage":"es","potentialAction":[{"@type":"ReadAction","target":["https:\/\/diariotextual.com\/inicio\/index.php\/2023\/05\/18\/llovio-y-trajo-algo-de-alivio-en-medio-de-la-sequia\/"]}]},{"@type":"ImageObject","inLanguage":"es","@id":"https:\/\/diariotextual.com\/inicio\/index.php\/2023\/05\/18\/llovio-y-trajo-algo-de-alivio-en-medio-de-la-sequia\/#primaryimage","url":"https:\/\/diariotextual.com\/inicio\/wp-content\/uploads\/2023\/03\/campostormentas.jpg","contentUrl":"https:\/\/diariotextual.com\/inicio\/wp-content\/uploads\/2023\/03\/campostormentas.jpg","width":900,"height":506},{"@type":"BreadcrumbList","@id":"https:\/\/diariotextual.com\/inicio\/index.php\/2023\/05\/18\/llovio-y-trajo-algo-de-alivio-en-medio-de-la-sequia\/#breadcrumb","itemListElement":[{"@type":"ListItem","position":1,"name":"Portada","item":"https:\/\/diariotextual.com\/inicio\/"},{"@type":"ListItem","position":2,"name":"Llovi\u00f3 y trajo algo de alivio en medio de la sequ\u00eda"}]},{"@type":"WebSite","@id":"https:\/\/diariotextual.com\/inicio\/#website","url":"https:\/\/diariotextual.com\/inicio\/","name":"Diario Textual","description":"","publisher":{"@id":"https:\/\/diariotextual.com\/inicio\/#organization"},"potentialAction":[{"@type":"SearchAction","target":{"@type":"EntryPoint","urlTemplate":"https:\/\/diariotextual.com\/inicio\/?s={search_term_string}"},"query-input":{"@type":"PropertyValueSpecification","valueRequired":true,"valueName":"search_term_string"}}],"inLanguage":"es"},{"@type":"Organization","@id":"https:\/\/diariotextual.com\/inicio\/#organization","name":"Diario Textual","url":"https:\/\/diariotextual.com\/inicio\/","logo":{"@type":"ImageObject","inLanguage":"es","@id":"https:\/\/diariotextual.com\/inicio\/#\/schema\/logo\/image\/","url":"https:\/\/diariotextual.com\/inicio\/wp-content\/uploads\/2023\/05\/logotextual1.jpg","contentUrl":"https:\/\/diariotextual.com\/inicio\/wp-content\/uploads\/2023\/05\/logotextual1.jpg","width":516,"height":76,"caption":"Diario Textual"},"image":{"@id":"https:\/\/diariotextual.com\/inicio\/#\/schema\/logo\/image\/"},"sameAs":["https:\/\/www.facebook.com\/eltextual","https:\/\/x.com\/eltextual","http:\/\/www.instagram.com\/eltextual"]},{"@type":"Person","@id":"https:\/\/diariotextual.com\/inicio\/#\/schema\/person\/418fc4093c33e86ed41562db3508f958","name":"Diario1 Diario1","image":{"@type":"ImageObject","inLanguage":"es","@id":"https:\/\/secure.gravatar.com\/avatar\/9167d280179c85bc18be67aa7eda765854300033af4896dd779b608640f2ef7a?s=96&d=mm&r=g","url":"https:\/\/secure.gravatar.com\/avatar\/9167d280179c85bc18be67aa7eda765854300033af4896dd779b608640f2ef7a?s=96&d=mm&r=g","contentUrl":"https:\/\/secure.gravatar.com\/avatar\/9167d280179c85bc18be67aa7eda765854300033af4896dd779b608640f2ef7a?s=96&d=mm&r=g","caption":"Diario1 Diario1"},"url":"https:\/\/diariotextual.com\/inicio\/index.php\/author\/diario1\/"}]}},"_links":{"self":[{"href":"https:\/\/diariotextual.com\/inicio\/index.php\/wp-json\/wp\/v2\/posts\/225814","targetHints":{"allow":["GET"]}}],"collection":[{"href":"https:\/\/diariotextual.com\/inicio\/index.php\/wp-json\/wp\/v2\/posts"}],"about":[{"href":"https:\/\/diariotextual.com\/inicio\/index.php\/wp-json\/wp\/v2\/types\/post"}],"author":[{"embeddable":true,"href":"https:\/\/diariotextual.com\/inicio\/index.php\/wp-json\/wp\/v2\/users\/3"}],"replies":[{"embeddable":true,"href":"https:\/\/diariotextual.com\/inicio\/index.php\/wp-json\/wp\/v2\/comments?post=225814"}],"version-history":[{"count":2,"href":"https:\/\/diariotextual.com\/inicio\/index.php\/wp-json\/wp\/v2\/posts\/225814\/revisions"}],"predecessor-version":[{"id":225816,"href":"https:\/\/diariotextual.com\/inicio\/index.php\/wp-json\/wp\/v2\/posts\/225814\/revisions\/225816"}],"wp:featuredmedia":[{"embeddable":true,"href":"https:\/\/diariotextual.com\/inicio\/index.php\/wp-json\/wp\/v2\/media\/219777"}],"wp:attachment":[{"href":"https:\/\/diariotextual.com\/inicio\/index.php\/wp-json\/wp\/v2\/media?parent=225814"}],"wp:term":[{"taxonomy":"category","embeddable":true,"href":"https:\/\/diariotextual.com\/inicio\/index.php\/wp-json\/wp\/v2\/categories?post=225814"},{"taxonomy":"post_tag","embeddable":true,"href":"https:\/\/diariotextual.com\/inicio\/index.php\/wp-json\/wp\/v2\/tags?post=225814"}],"curies":[{"name":"wp","href":"https:\/\/api.w.org\/{rel}","templated":true}]}}