{"id":225844,"date":"2023-05-18T13:05:53","date_gmt":"2023-05-18T16:05:53","guid":{"rendered":"https:\/\/diariotextual.com\/inicio\/?p=225844"},"modified":"2023-05-18T13:05:55","modified_gmt":"2023-05-18T16:05:55","slug":"unanue-padre-denuncio-que-le-impiden-ver-a-su-hijo-de-seis-anos","status":"publish","type":"post","link":"https:\/\/diariotextual.com\/inicio\/index.php\/2023\/05\/18\/unanue-padre-denuncio-que-le-impiden-ver-a-su-hijo-de-seis-anos\/","title":{"rendered":"Unanue: padre denunci\u00f3 que le impiden ver a su hijo de seis a\u00f1os"},"content":{"rendered":"\n<p>Jos\u00e9 Luis Lorda, un trabajador rural de la zona de Unanue, denunci\u00f3 p\u00fablicamente que hace un mes le impiden ver a su hijo de seis a\u00f1os. Por eso<strong> reclam\u00f3 mayor celeridad a la Justicia de General Acha<\/strong>, donde se tramita un expediente, y a Ni\u00f1ez, Adolescencia y Familia, el organismo provincial supuestamente encargado de la revinculaci\u00f3n.<\/p>\n\n\n\n<p>El progenitor revel\u00f3 que <strong>el peque\u00f1o vive con su madre en La Adela<\/strong>, en el sur de La Pampa. Explic\u00f3 que tiene un r\u00e9gimen de visitas acordado para los domingos de 10 a 17 en compa\u00f1\u00eda de un familiar, pero en los \u00faltimos tres fines de semana la madre no asisti\u00f3 con el peque\u00f1o al sitio acordado. \u201cTengo una resoluci\u00f3n de un juez de Acha para poder ver a mi hijo una vez por semana\u201d, precis\u00f3 el hombre.<\/p>\n\n\n\n<p>\u201cLos \u00faltimos tres domingos (la progenitora) no me lo entreg\u00f3. No se presenta al encuentro de entrega, pautado frente a la comisar\u00eda de La Adela\u201d, detall\u00f3 a Diario Textual. Se quej\u00f3 porque a su entender el juez \u201cno hace nada\u201d y en Santa Rosa \u201cno resuelven\u201d. \u201cDefensor\u00eda deber\u00eda realizar la revinculaci\u00f3n\u201d, denunci\u00f3.<\/p>\n\n\n\n<p>Lorda, quien vivi\u00f3 unos tres a\u00f1os en pareja con la mujer, se separ\u00f3 a los tres meses de vida del menor.<\/p>\n","protected":false},"excerpt":{"rendered":"<p>Jos\u00e9 Luis Lorda, un trabajador rural de la zona de Unanue, denunci\u00f3 p\u00fablicamente que hace un mes le impiden ver a su hijo de seis a\u00f1os. Por eso reclam\u00f3 mayor&hellip;<\/p>\n","protected":false},"author":4,"featured_media":225845,"comment_status":"closed","ping_status":"open","sticky":false,"template":"","format":"standard","meta":{"_acf_changed":false,"footnotes":""},"categories":[1,12],"tags":[],"class_list":["post-225844","post","type-post","status-publish","format-standard","has-post-thumbnail","hentry","category-es-noticia","category-sociedad"],"acf":[],"yoast_head":"<!-- This site is optimized with the Yoast SEO plugin v27.5 - https:\/\/yoast.com\/product\/yoast-seo-wordpress\/ -->\n<title>Unanue: padre denunci\u00f3 que le impiden ver a su hijo de seis a\u00f1os - Diario Textual<\/title>\n<meta name=\"robots\" content=\"index, follow, max-snippet:-1, max-image-preview:large, max-video-preview:-1\" \/>\n<link rel=\"canonical\" href=\"https:\/\/diariotextual.com\/inicio\/index.php\/2023\/05\/18\/unanue-padre-denuncio-que-le-impiden-ver-a-su-hijo-de-seis-anos\/\" \/>\n<meta property=\"og:locale\" content=\"es_ES\" \/>\n<meta property=\"og:type\" content=\"article\" \/>\n<meta property=\"og:title\" content=\"Unanue: padre denunci\u00f3 que le impiden ver a su hijo de seis a\u00f1os - Diario Textual\" \/>\n<meta property=\"og:description\" content=\"Jos\u00e9 Luis Lorda, un trabajador rural de la zona de Unanue, denunci\u00f3 p\u00fablicamente que hace un mes le impiden ver a su hijo de seis a\u00f1os. Por eso reclam\u00f3 mayor&hellip;\" \/>\n<meta property=\"og:url\" content=\"https:\/\/diariotextual.com\/inicio\/index.php\/2023\/05\/18\/unanue-padre-denuncio-que-le-impiden-ver-a-su-hijo-de-seis-anos\/\" \/>\n<meta property=\"og:site_name\" content=\"Diario Textual\" \/>\n<meta property=\"article:publisher\" content=\"https:\/\/www.facebook.com\/eltextual\" \/>\n<meta property=\"article:published_time\" content=\"2023-05-18T16:05:53+00:00\" \/>\n<meta property=\"article:modified_time\" content=\"2023-05-18T16:05:55+00:00\" \/>\n<meta property=\"og:image\" content=\"https:\/\/diariotextual.com\/inicio\/wp-content\/uploads\/2023\/05\/unanueacceso64546.jpg\" \/>\n\t<meta property=\"og:image:width\" content=\"797\" \/>\n\t<meta property=\"og:image:height\" content=\"501\" \/>\n\t<meta property=\"og:image:type\" content=\"image\/jpeg\" \/>\n<meta name=\"author\" content=\"diario2\" \/>\n<meta name=\"twitter:card\" content=\"summary_large_image\" \/>\n<meta name=\"twitter:creator\" content=\"@eltextual\" \/>\n<meta name=\"twitter:site\" content=\"@eltextual\" \/>\n<meta name=\"twitter:label1\" content=\"Escrito por\" \/>\n\t<meta name=\"twitter:data1\" content=\"diario2\" \/>\n\t<meta name=\"twitter:label2\" content=\"Tiempo de lectura\" \/>\n\t<meta name=\"twitter:data2\" content=\"1 minuto\" \/>\n<script type=\"application\/ld+json\" class=\"yoast-schema-graph\">{\"@context\":\"https:\\\/\\\/schema.org\",\"@graph\":[{\"@type\":\"Article\",\"@id\":\"https:\\\/\\\/diariotextual.com\\\/inicio\\\/index.php\\\/2023\\\/05\\\/18\\\/unanue-padre-denuncio-que-le-impiden-ver-a-su-hijo-de-seis-anos\\\/#article\",\"isPartOf\":{\"@id\":\"https:\\\/\\\/diariotextual.com\\\/inicio\\\/index.php\\\/2023\\\/05\\\/18\\\/unanue-padre-denuncio-que-le-impiden-ver-a-su-hijo-de-seis-anos\\\/\"},\"author\":{\"name\":\"diario2\",\"@id\":\"https:\\\/\\\/diariotextual.com\\\/inicio\\\/#\\\/schema\\\/person\\\/694f60677f23c4a530867a98f22b3768\"},\"headline\":\"Unanue: padre denunci\u00f3 que le impiden ver a su hijo de seis a\u00f1os\",\"datePublished\":\"2023-05-18T16:05:53+00:00\",\"dateModified\":\"2023-05-18T16:05:55+00:00\",\"mainEntityOfPage\":{\"@id\":\"https:\\\/\\\/diariotextual.com\\\/inicio\\\/index.php\\\/2023\\\/05\\\/18\\\/unanue-padre-denuncio-que-le-impiden-ver-a-su-hijo-de-seis-anos\\\/\"},\"wordCount\":233,\"publisher\":{\"@id\":\"https:\\\/\\\/diariotextual.com\\\/inicio\\\/#organization\"},\"image\":{\"@id\":\"https:\\\/\\\/diariotextual.com\\\/inicio\\\/index.php\\\/2023\\\/05\\\/18\\\/unanue-padre-denuncio-que-le-impiden-ver-a-su-hijo-de-seis-anos\\\/#primaryimage\"},\"thumbnailUrl\":\"https:\\\/\\\/diariotextual.com\\\/inicio\\\/wp-content\\\/uploads\\\/2023\\\/05\\\/unanueacceso64546.jpg\",\"articleSection\":[\"A - ES NOTICIA (van abajo)\",\"SOCIEDAD\"],\"inLanguage\":\"es\"},{\"@type\":\"WebPage\",\"@id\":\"https:\\\/\\\/diariotextual.com\\\/inicio\\\/index.php\\\/2023\\\/05\\\/18\\\/unanue-padre-denuncio-que-le-impiden-ver-a-su-hijo-de-seis-anos\\\/\",\"url\":\"https:\\\/\\\/diariotextual.com\\\/inicio\\\/index.php\\\/2023\\\/05\\\/18\\\/unanue-padre-denuncio-que-le-impiden-ver-a-su-hijo-de-seis-anos\\\/\",\"name\":\"Unanue: padre denunci\u00f3 que le impiden ver a su hijo de seis a\u00f1os - Diario Textual\",\"isPartOf\":{\"@id\":\"https:\\\/\\\/diariotextual.com\\\/inicio\\\/#website\"},\"primaryImageOfPage\":{\"@id\":\"https:\\\/\\\/diariotextual.com\\\/inicio\\\/index.php\\\/2023\\\/05\\\/18\\\/unanue-padre-denuncio-que-le-impiden-ver-a-su-hijo-de-seis-anos\\\/#primaryimage\"},\"image\":{\"@id\":\"https:\\\/\\\/diariotextual.com\\\/inicio\\\/index.php\\\/2023\\\/05\\\/18\\\/unanue-padre-denuncio-que-le-impiden-ver-a-su-hijo-de-seis-anos\\\/#primaryimage\"},\"thumbnailUrl\":\"https:\\\/\\\/diariotextual.com\\\/inicio\\\/wp-content\\\/uploads\\\/2023\\\/05\\\/unanueacceso64546.jpg\",\"datePublished\":\"2023-05-18T16:05:53+00:00\",\"dateModified\":\"2023-05-18T16:05:55+00:00\",\"breadcrumb\":{\"@id\":\"https:\\\/\\\/diariotextual.com\\\/inicio\\\/index.php\\\/2023\\\/05\\\/18\\\/unanue-padre-denuncio-que-le-impiden-ver-a-su-hijo-de-seis-anos\\\/#breadcrumb\"},\"inLanguage\":\"es\",\"potentialAction\":[{\"@type\":\"ReadAction\",\"target\":[\"https:\\\/\\\/diariotextual.com\\\/inicio\\\/index.php\\\/2023\\\/05\\\/18\\\/unanue-padre-denuncio-que-le-impiden-ver-a-su-hijo-de-seis-anos\\\/\"]}]},{\"@type\":\"ImageObject\",\"inLanguage\":\"es\",\"@id\":\"https:\\\/\\\/diariotextual.com\\\/inicio\\\/index.php\\\/2023\\\/05\\\/18\\\/unanue-padre-denuncio-que-le-impiden-ver-a-su-hijo-de-seis-anos\\\/#primaryimage\",\"url\":\"https:\\\/\\\/diariotextual.com\\\/inicio\\\/wp-content\\\/uploads\\\/2023\\\/05\\\/unanueacceso64546.jpg\",\"contentUrl\":\"https:\\\/\\\/diariotextual.com\\\/inicio\\\/wp-content\\\/uploads\\\/2023\\\/05\\\/unanueacceso64546.jpg\",\"width\":797,\"height\":501,\"caption\":\"GE DIGITAL CAMERA\"},{\"@type\":\"BreadcrumbList\",\"@id\":\"https:\\\/\\\/diariotextual.com\\\/inicio\\\/index.php\\\/2023\\\/05\\\/18\\\/unanue-padre-denuncio-que-le-impiden-ver-a-su-hijo-de-seis-anos\\\/#breadcrumb\",\"itemListElement\":[{\"@type\":\"ListItem\",\"position\":1,\"name\":\"Portada\",\"item\":\"https:\\\/\\\/diariotextual.com\\\/inicio\\\/\"},{\"@type\":\"ListItem\",\"position\":2,\"name\":\"Unanue: padre denunci\u00f3 que le impiden ver a su hijo de seis a\u00f1os\"}]},{\"@type\":\"WebSite\",\"@id\":\"https:\\\/\\\/diariotextual.com\\\/inicio\\\/#website\",\"url\":\"https:\\\/\\\/diariotextual.com\\\/inicio\\\/\",\"name\":\"Diario Textual\",\"description\":\"\",\"publisher\":{\"@id\":\"https:\\\/\\\/diariotextual.com\\\/inicio\\\/#organization\"},\"potentialAction\":[{\"@type\":\"SearchAction\",\"target\":{\"@type\":\"EntryPoint\",\"urlTemplate\":\"https:\\\/\\\/diariotextual.com\\\/inicio\\\/?s={search_term_string}\"},\"query-input\":{\"@type\":\"PropertyValueSpecification\",\"valueRequired\":true,\"valueName\":\"search_term_string\"}}],\"inLanguage\":\"es\"},{\"@type\":\"Organization\",\"@id\":\"https:\\\/\\\/diariotextual.com\\\/inicio\\\/#organization\",\"name\":\"Diario Textual\",\"url\":\"https:\\\/\\\/diariotextual.com\\\/inicio\\\/\",\"logo\":{\"@type\":\"ImageObject\",\"inLanguage\":\"es\",\"@id\":\"https:\\\/\\\/diariotextual.com\\\/inicio\\\/#\\\/schema\\\/logo\\\/image\\\/\",\"url\":\"https:\\\/\\\/diariotextual.com\\\/inicio\\\/wp-content\\\/uploads\\\/2023\\\/05\\\/logotextual1.jpg\",\"contentUrl\":\"https:\\\/\\\/diariotextual.com\\\/inicio\\\/wp-content\\\/uploads\\\/2023\\\/05\\\/logotextual1.jpg\",\"width\":516,\"height\":76,\"caption\":\"Diario Textual\"},\"image\":{\"@id\":\"https:\\\/\\\/diariotextual.com\\\/inicio\\\/#\\\/schema\\\/logo\\\/image\\\/\"},\"sameAs\":[\"https:\\\/\\\/www.facebook.com\\\/eltextual\",\"https:\\\/\\\/x.com\\\/eltextual\",\"http:\\\/\\\/www.instagram.com\\\/eltextual\"]},{\"@type\":\"Person\",\"@id\":\"https:\\\/\\\/diariotextual.com\\\/inicio\\\/#\\\/schema\\\/person\\\/694f60677f23c4a530867a98f22b3768\",\"name\":\"diario2\",\"image\":{\"@type\":\"ImageObject\",\"inLanguage\":\"es\",\"@id\":\"https:\\\/\\\/secure.gravatar.com\\\/avatar\\\/5a2567495ba16b852fcd8f1ed006a2e24fcace936018ed8237e95f488ad6e0a7?s=96&d=mm&r=g\",\"url\":\"https:\\\/\\\/secure.gravatar.com\\\/avatar\\\/5a2567495ba16b852fcd8f1ed006a2e24fcace936018ed8237e95f488ad6e0a7?s=96&d=mm&r=g\",\"contentUrl\":\"https:\\\/\\\/secure.gravatar.com\\\/avatar\\\/5a2567495ba16b852fcd8f1ed006a2e24fcace936018ed8237e95f488ad6e0a7?s=96&d=mm&r=g\",\"caption\":\"diario2\"},\"url\":\"https:\\\/\\\/diariotextual.com\\\/inicio\\\/index.php\\\/author\\\/diario2\\\/\"}]}<\/script>\n<!-- \/ Yoast SEO plugin. -->","yoast_head_json":{"title":"Unanue: padre denunci\u00f3 que le impiden ver a su hijo de seis a\u00f1os - Diario Textual","robots":{"index":"index","follow":"follow","max-snippet":"max-snippet:-1","max-image-preview":"max-image-preview:large","max-video-preview":"max-video-preview:-1"},"canonical":"https:\/\/diariotextual.com\/inicio\/index.php\/2023\/05\/18\/unanue-padre-denuncio-que-le-impiden-ver-a-su-hijo-de-seis-anos\/","og_locale":"es_ES","og_type":"article","og_title":"Unanue: padre denunci\u00f3 que le impiden ver a su hijo de seis a\u00f1os - Diario Textual","og_description":"Jos\u00e9 Luis Lorda, un trabajador rural de la zona de Unanue, denunci\u00f3 p\u00fablicamente que hace un mes le impiden ver a su hijo de seis a\u00f1os. Por eso reclam\u00f3 mayor&hellip;","og_url":"https:\/\/diariotextual.com\/inicio\/index.php\/2023\/05\/18\/unanue-padre-denuncio-que-le-impiden-ver-a-su-hijo-de-seis-anos\/","og_site_name":"Diario Textual","article_publisher":"https:\/\/www.facebook.com\/eltextual","article_published_time":"2023-05-18T16:05:53+00:00","article_modified_time":"2023-05-18T16:05:55+00:00","og_image":[{"width":797,"height":501,"url":"https:\/\/diariotextual.com\/inicio\/wp-content\/uploads\/2023\/05\/unanueacceso64546.jpg","type":"image\/jpeg"}],"author":"diario2","twitter_card":"summary_large_image","twitter_creator":"@eltextual","twitter_site":"@eltextual","twitter_misc":{"Escrito por":"diario2","Tiempo de lectura":"1 minuto"},"schema":{"@context":"https:\/\/schema.org","@graph":[{"@type":"Article","@id":"https:\/\/diariotextual.com\/inicio\/index.php\/2023\/05\/18\/unanue-padre-denuncio-que-le-impiden-ver-a-su-hijo-de-seis-anos\/#article","isPartOf":{"@id":"https:\/\/diariotextual.com\/inicio\/index.php\/2023\/05\/18\/unanue-padre-denuncio-que-le-impiden-ver-a-su-hijo-de-seis-anos\/"},"author":{"name":"diario2","@id":"https:\/\/diariotextual.com\/inicio\/#\/schema\/person\/694f60677f23c4a530867a98f22b3768"},"headline":"Unanue: padre denunci\u00f3 que le impiden ver a su hijo de seis a\u00f1os","datePublished":"2023-05-18T16:05:53+00:00","dateModified":"2023-05-18T16:05:55+00:00","mainEntityOfPage":{"@id":"https:\/\/diariotextual.com\/inicio\/index.php\/2023\/05\/18\/unanue-padre-denuncio-que-le-impiden-ver-a-su-hijo-de-seis-anos\/"},"wordCount":233,"publisher":{"@id":"https:\/\/diariotextual.com\/inicio\/#organization"},"image":{"@id":"https:\/\/diariotextual.com\/inicio\/index.php\/2023\/05\/18\/unanue-padre-denuncio-que-le-impiden-ver-a-su-hijo-de-seis-anos\/#primaryimage"},"thumbnailUrl":"https:\/\/diariotextual.com\/inicio\/wp-content\/uploads\/2023\/05\/unanueacceso64546.jpg","articleSection":["A - ES NOTICIA (van abajo)","SOCIEDAD"],"inLanguage":"es"},{"@type":"WebPage","@id":"https:\/\/diariotextual.com\/inicio\/index.php\/2023\/05\/18\/unanue-padre-denuncio-que-le-impiden-ver-a-su-hijo-de-seis-anos\/","url":"https:\/\/diariotextual.com\/inicio\/index.php\/2023\/05\/18\/unanue-padre-denuncio-que-le-impiden-ver-a-su-hijo-de-seis-anos\/","name":"Unanue: padre denunci\u00f3 que le impiden ver a su hijo de seis a\u00f1os - Diario Textual","isPartOf":{"@id":"https:\/\/diariotextual.com\/inicio\/#website"},"primaryImageOfPage":{"@id":"https:\/\/diariotextual.com\/inicio\/index.php\/2023\/05\/18\/unanue-padre-denuncio-que-le-impiden-ver-a-su-hijo-de-seis-anos\/#primaryimage"},"image":{"@id":"https:\/\/diariotextual.com\/inicio\/index.php\/2023\/05\/18\/unanue-padre-denuncio-que-le-impiden-ver-a-su-hijo-de-seis-anos\/#primaryimage"},"thumbnailUrl":"https:\/\/diariotextual.com\/inicio\/wp-content\/uploads\/2023\/05\/unanueacceso64546.jpg","datePublished":"2023-05-18T16:05:53+00:00","dateModified":"2023-05-18T16:05:55+00:00","breadcrumb":{"@id":"https:\/\/diariotextual.com\/inicio\/index.php\/2023\/05\/18\/unanue-padre-denuncio-que-le-impiden-ver-a-su-hijo-de-seis-anos\/#breadcrumb"},"inLanguage":"es","potentialAction":[{"@type":"ReadAction","target":["https:\/\/diariotextual.com\/inicio\/index.php\/2023\/05\/18\/unanue-padre-denuncio-que-le-impiden-ver-a-su-hijo-de-seis-anos\/"]}]},{"@type":"ImageObject","inLanguage":"es","@id":"https:\/\/diariotextual.com\/inicio\/index.php\/2023\/05\/18\/unanue-padre-denuncio-que-le-impiden-ver-a-su-hijo-de-seis-anos\/#primaryimage","url":"https:\/\/diariotextual.com\/inicio\/wp-content\/uploads\/2023\/05\/unanueacceso64546.jpg","contentUrl":"https:\/\/diariotextual.com\/inicio\/wp-content\/uploads\/2023\/05\/unanueacceso64546.jpg","width":797,"height":501,"caption":"GE DIGITAL CAMERA"},{"@type":"BreadcrumbList","@id":"https:\/\/diariotextual.com\/inicio\/index.php\/2023\/05\/18\/unanue-padre-denuncio-que-le-impiden-ver-a-su-hijo-de-seis-anos\/#breadcrumb","itemListElement":[{"@type":"ListItem","position":1,"name":"Portada","item":"https:\/\/diariotextual.com\/inicio\/"},{"@type":"ListItem","position":2,"name":"Unanue: padre denunci\u00f3 que le impiden ver a su hijo de seis a\u00f1os"}]},{"@type":"WebSite","@id":"https:\/\/diariotextual.com\/inicio\/#website","url":"https:\/\/diariotextual.com\/inicio\/","name":"Diario Textual","description":"","publisher":{"@id":"https:\/\/diariotextual.com\/inicio\/#organization"},"potentialAction":[{"@type":"SearchAction","target":{"@type":"EntryPoint","urlTemplate":"https:\/\/diariotextual.com\/inicio\/?s={search_term_string}"},"query-input":{"@type":"PropertyValueSpecification","valueRequired":true,"valueName":"search_term_string"}}],"inLanguage":"es"},{"@type":"Organization","@id":"https:\/\/diariotextual.com\/inicio\/#organization","name":"Diario Textual","url":"https:\/\/diariotextual.com\/inicio\/","logo":{"@type":"ImageObject","inLanguage":"es","@id":"https:\/\/diariotextual.com\/inicio\/#\/schema\/logo\/image\/","url":"https:\/\/diariotextual.com\/inicio\/wp-content\/uploads\/2023\/05\/logotextual1.jpg","contentUrl":"https:\/\/diariotextual.com\/inicio\/wp-content\/uploads\/2023\/05\/logotextual1.jpg","width":516,"height":76,"caption":"Diario Textual"},"image":{"@id":"https:\/\/diariotextual.com\/inicio\/#\/schema\/logo\/image\/"},"sameAs":["https:\/\/www.facebook.com\/eltextual","https:\/\/x.com\/eltextual","http:\/\/www.instagram.com\/eltextual"]},{"@type":"Person","@id":"https:\/\/diariotextual.com\/inicio\/#\/schema\/person\/694f60677f23c4a530867a98f22b3768","name":"diario2","image":{"@type":"ImageObject","inLanguage":"es","@id":"https:\/\/secure.gravatar.com\/avatar\/5a2567495ba16b852fcd8f1ed006a2e24fcace936018ed8237e95f488ad6e0a7?s=96&d=mm&r=g","url":"https:\/\/secure.gravatar.com\/avatar\/5a2567495ba16b852fcd8f1ed006a2e24fcace936018ed8237e95f488ad6e0a7?s=96&d=mm&r=g","contentUrl":"https:\/\/secure.gravatar.com\/avatar\/5a2567495ba16b852fcd8f1ed006a2e24fcace936018ed8237e95f488ad6e0a7?s=96&d=mm&r=g","caption":"diario2"},"url":"https:\/\/diariotextual.com\/inicio\/index.php\/author\/diario2\/"}]}},"_links":{"self":[{"href":"https:\/\/diariotextual.com\/inicio\/index.php\/wp-json\/wp\/v2\/posts\/225844","targetHints":{"allow":["GET"]}}],"collection":[{"href":"https:\/\/diariotextual.com\/inicio\/index.php\/wp-json\/wp\/v2\/posts"}],"about":[{"href":"https:\/\/diariotextual.com\/inicio\/index.php\/wp-json\/wp\/v2\/types\/post"}],"author":[{"embeddable":true,"href":"https:\/\/diariotextual.com\/inicio\/index.php\/wp-json\/wp\/v2\/users\/4"}],"replies":[{"embeddable":true,"href":"https:\/\/diariotextual.com\/inicio\/index.php\/wp-json\/wp\/v2\/comments?post=225844"}],"version-history":[{"count":1,"href":"https:\/\/diariotextual.com\/inicio\/index.php\/wp-json\/wp\/v2\/posts\/225844\/revisions"}],"predecessor-version":[{"id":225846,"href":"https:\/\/diariotextual.com\/inicio\/index.php\/wp-json\/wp\/v2\/posts\/225844\/revisions\/225846"}],"wp:featuredmedia":[{"embeddable":true,"href":"https:\/\/diariotextual.com\/inicio\/index.php\/wp-json\/wp\/v2\/media\/225845"}],"wp:attachment":[{"href":"https:\/\/diariotextual.com\/inicio\/index.php\/wp-json\/wp\/v2\/media?parent=225844"}],"wp:term":[{"taxonomy":"category","embeddable":true,"href":"https:\/\/diariotextual.com\/inicio\/index.php\/wp-json\/wp\/v2\/categories?post=225844"},{"taxonomy":"post_tag","embeddable":true,"href":"https:\/\/diariotextual.com\/inicio\/index.php\/wp-json\/wp\/v2\/tags?post=225844"}],"curies":[{"name":"wp","href":"https:\/\/api.w.org\/{rel}","templated":true}]}}