{"id":225954,"date":"2023-05-19T12:43:20","date_gmt":"2023-05-19T15:43:20","guid":{"rendered":"https:\/\/diariotextual.com\/inicio\/?p=225954"},"modified":"2023-05-19T18:49:22","modified_gmt":"2023-05-19T21:49:22","slug":"acha-y-25-de-mayo-condenas-por-abuso-sexual-violencia-de-genero-lesiones-y-dano","status":"publish","type":"post","link":"https:\/\/diariotextual.com\/inicio\/index.php\/2023\/05\/19\/acha-y-25-de-mayo-condenas-por-abuso-sexual-violencia-de-genero-lesiones-y-dano\/","title":{"rendered":"Acha y 25 de Mayo: condenas por abuso sexual, violencia de g\u00e9nero, lesiones y da\u00f1o"},"content":{"rendered":"\n<p>Los jueces y juezas de control de la Tercera Circunscripci\u00f3n Judicial condenaron a <strong>tres hombres por los delitos de abuso sexual simple, suministro de material pornogr\u00e1fico, tenencia ileg\u00edtima de arma de fuego, da\u00f1o, lesiones leves agravadas por el v\u00ednculo, amenazas simples y desobediencia judicial. L<\/strong>as tres causas se resolvieron a trav\u00e9s de juicios abreviados y, en una de ellas, la pena de prisi\u00f3n fue de cumplimiento efectivo.<\/p>\n\n\n\n<p>Walter Gustavo Font\u00e1n (23 a\u00f1os) recibi\u00f3 dos meses de prisi\u00f3n efectiva por el delito de da\u00f1o \u2013m\u00e1s la declaraci\u00f3n reincidente\u2013, al romper el vidrio central del port\u00f3n principal de una agencia de autos en General Acha, con el fin de sustraer una camioneta Amarok que estaba a la venta y cuya llave se encontraba sobre el limpiaparabrisas. Al no poder darle arranque se retir\u00f3 del lugar. Ello ocurri\u00f3 en la madrugada del 31 de marzo pasado.<\/p>\n\n\n\n<p>La sentencia fue dictada por la jueza de control achense, Laura Moscoso Mendieta, y el abreviado lo convinieron el fiscal Juan Bautista M\u00e9ndez, el defensor oficial Marco Mezzasalma y el imputado. El damnificado, al ser informado de su alcance, indic\u00f3 que ese mismo d\u00eda hizo arreglar el vidrio y que no ten\u00eda inter\u00e9s en recuperar el dinero a trav\u00e9s del acusado.<\/p>\n\n\n\n<div style=\"height:100px\" aria-hidden=\"true\" class=\"wp-block-spacer\"><\/div>\n\n\n\n<p><strong>\u201cOjal\u00e1 te mueras\u201d<\/strong><\/p>\n\n\n\n<p>A su vez, su colega Diego Ariel Asin conden\u00f3 a Miguel \u00c1ngel Salazar a seis meses de prisi\u00f3n en suspenso como autor de los delitos de lesiones leves agravadas por el v\u00ednculo, amenazas simples y desobediencia judicial en cuatro oportunidades en concurso real; enmarcando los hechos en la ley 26485 de Protecci\u00f3n Integral contra la Mujer.<\/p>\n\n\n\n<p>El 18 de diciembre pasado Salazar (35 a\u00f1os) <strong>le peg\u00f3 una trompada en la boca a su pareja<\/strong>, en la vivienda que comparten en General Acha, y le dijo \u201cojala que te mueras\u201d y \u201cte voy a matar, y pasar por arriba con el auto\u201d. A los 10 d\u00edas, la jueza Alejandra Moscoso Mendieta le dict\u00f3 una exclusi\u00f3n del hogar, incluyendo una prohibici\u00f3n de acercamiento y contacto con la v\u00edctima.<\/p>\n\n\n\n<p>Sin embargo, entre fines de enero y febrero el acusado <strong>desobedeci\u00f3 cuatro veces <\/strong>esas medidas de protecci\u00f3n. Dos tratando de contactarse con ella v\u00eda telef\u00f3nicamente, una tercera al acerc\u00e1rsele en un local bailable y la restante cuando ingresando a la vivienda de la v\u00edctima cuando se hab\u00eda ausentado temporariamente.<\/p>\n\n\n\n<p>El abreviado fue acordado entre la fiscala Mar\u00eda Virginia Ant\u00f3n, el defensor oficial Claudio Mart\u00ednez Sabio y el acusado. Adem\u00e1s a Salazar le fijaron reglas de conducta durante dos a\u00f1os: establecer residencia; someterse al cuidado del Ente de Pol\u00edticas Socializadoras; abstenerse de modo absoluto de entrar en contacto con la v\u00edctima; no usar estupefacientes ni abusar de bebidas alcoh\u00f3licas y realizar un tratamiento psicol\u00f3gico.<\/p>\n\n\n\n<div style=\"height:100px\" aria-hidden=\"true\" class=\"wp-block-spacer\"><\/div>\n\n\n\n<p><strong>Material pornogr\u00e1fico<\/strong><\/p>\n\n\n\n<p>Por otro lado, <strong>en 25 de Mayo<\/strong>, la jueza de control Daniela Johana Mart\u00ednez conden\u00f3 Jos\u00e9 Acricio Guti\u00e9rrez a tres a\u00f1os de prisi\u00f3n de ejecuci\u00f3n condicional por ser autor de los delitos de abuso sexual simple calificado y suministro de material pornogr\u00e1fico, como delito continuado, y tenencia ileg\u00edtima de arma de fuego, en perjuicio de dos ni\u00f1os y una ni\u00f1a. Los hechos se encuadraron en las leyes 26485 de Protecci\u00f3n Integral a la Mujer y 26061 de Protecci\u00f3n integral de los derechos de ni\u00f1as, ni\u00f1os y adolescentes.<\/p>\n\n\n\n<p>El abreviado lo presentaron la fiscala de esa ciudad, Eugenia Paola Bolzan, el defensor Diego Armando Araujo y el imputado, de 55 a\u00f1os. La progenitora de las v\u00edctimas tambi\u00e9n brind\u00f3 su consentimiento.<\/p>\n\n\n\n<p>Adem\u00e1s a Guti\u00e9rrez se le impusieron pautas de conducta por tres a\u00f1os (fijar residencia, someterse al cuidado del Ente de Pol\u00edticas Socializadoras, no concurrir al domicilio de la denunciante y sus hijos, abstenerse de modo absoluto de entrar en contacto con ellos y efectuar un tratamiento psicol\u00f3gico).<\/p>\n\n\n\n<p>\u00bfCu\u00e1les fueron los hechos? Guti\u00e9rrez <strong>abus\u00f3 de una ni\u00f1a de seis a\u00f1os mediante tocamientos y le dijo al hermanito de ella, de siete, que estaba viendo la escena, \u201cno digas nada porque te corro a la calle\u201d. <\/strong>A su vez, en reiteradas ocasiones, le suministr\u00f3 a ambos y a un tercer hermano de nueve a\u00f1os, material pornogr\u00e1fico.<\/p>\n\n\n\n<p>Con respecto al delito de tenencia ileg\u00edtima de arma de fuego, durante un allanamiento a su domicilio, se le secuestr\u00f3 una carabina Winchester sobre la que no ten\u00eda autorizaci\u00f3n para su tenencia, transporte ni portaci\u00f3n.<\/p>\n\n\n\n<p>Cabe recordar que en los procedimientos de juicio abreviado, una salida alternativa al conflicto penal, los jueces y juezas no pueden imponer sanciones m\u00e1s severas que las requeridas por el Ministerio P\u00fablico Fiscal.<\/p>\n","protected":false},"excerpt":{"rendered":"<p>Los jueces y juezas de control de la Tercera Circunscripci\u00f3n Judicial condenaron a tres hombres por los delitos de abuso sexual simple, suministro de material pornogr\u00e1fico, tenencia ileg\u00edtima de arma&hellip;<\/p>\n","protected":false},"author":4,"featured_media":127018,"comment_status":"closed","ping_status":"open","sticky":false,"template":"","format":"standard","meta":{"_acf_changed":false,"footnotes":""},"categories":[1,12],"tags":[],"class_list":["post-225954","post","type-post","status-publish","format-standard","has-post-thumbnail","hentry","category-es-noticia","category-sociedad"],"acf":[],"yoast_head":"<!-- This site is optimized with the Yoast SEO plugin v27.5 - https:\/\/yoast.com\/product\/yoast-seo-wordpress\/ -->\n<title>Acha y 25 de Mayo: condenas por abuso sexual, violencia de g\u00e9nero, lesiones y da\u00f1o - Diario Textual<\/title>\n<meta name=\"robots\" content=\"index, follow, max-snippet:-1, max-image-preview:large, max-video-preview:-1\" \/>\n<link rel=\"canonical\" href=\"https:\/\/diariotextual.com\/inicio\/index.php\/2023\/05\/19\/acha-y-25-de-mayo-condenas-por-abuso-sexual-violencia-de-genero-lesiones-y-dano\/\" \/>\n<meta property=\"og:locale\" content=\"es_ES\" \/>\n<meta property=\"og:type\" content=\"article\" \/>\n<meta property=\"og:title\" content=\"Acha y 25 de Mayo: condenas por abuso sexual, violencia de g\u00e9nero, lesiones y da\u00f1o - Diario Textual\" \/>\n<meta property=\"og:description\" content=\"Los jueces y juezas de control de la Tercera Circunscripci\u00f3n Judicial condenaron a tres hombres por los delitos de abuso sexual simple, suministro de material pornogr\u00e1fico, tenencia ileg\u00edtima de arma&hellip;\" \/>\n<meta property=\"og:url\" content=\"https:\/\/diariotextual.com\/inicio\/index.php\/2023\/05\/19\/acha-y-25-de-mayo-condenas-por-abuso-sexual-violencia-de-genero-lesiones-y-dano\/\" \/>\n<meta property=\"og:site_name\" content=\"Diario Textual\" \/>\n<meta property=\"article:publisher\" content=\"https:\/\/www.facebook.com\/eltextual\" \/>\n<meta property=\"article:published_time\" content=\"2023-05-19T15:43:20+00:00\" \/>\n<meta property=\"article:modified_time\" content=\"2023-05-19T21:49:22+00:00\" \/>\n<meta property=\"og:image\" content=\"https:\/\/diariotextual.com\/inicio\/wp-content\/uploads\/2020\/12\/abusoviolacionyotecreo001.jpg\" \/>\n\t<meta property=\"og:image:width\" content=\"1077\" \/>\n\t<meta property=\"og:image:height\" content=\"776\" \/>\n\t<meta property=\"og:image:type\" content=\"image\/jpeg\" \/>\n<meta name=\"author\" content=\"diario2\" \/>\n<meta name=\"twitter:card\" content=\"summary_large_image\" \/>\n<meta name=\"twitter:creator\" content=\"@eltextual\" \/>\n<meta name=\"twitter:site\" content=\"@eltextual\" \/>\n<meta name=\"twitter:label1\" content=\"Escrito por\" \/>\n\t<meta name=\"twitter:data1\" content=\"diario2\" \/>\n\t<meta name=\"twitter:label2\" content=\"Tiempo de lectura\" \/>\n\t<meta name=\"twitter:data2\" content=\"4 minutos\" \/>\n<script type=\"application\/ld+json\" class=\"yoast-schema-graph\">{\"@context\":\"https:\\\/\\\/schema.org\",\"@graph\":[{\"@type\":\"Article\",\"@id\":\"https:\\\/\\\/diariotextual.com\\\/inicio\\\/index.php\\\/2023\\\/05\\\/19\\\/acha-y-25-de-mayo-condenas-por-abuso-sexual-violencia-de-genero-lesiones-y-dano\\\/#article\",\"isPartOf\":{\"@id\":\"https:\\\/\\\/diariotextual.com\\\/inicio\\\/index.php\\\/2023\\\/05\\\/19\\\/acha-y-25-de-mayo-condenas-por-abuso-sexual-violencia-de-genero-lesiones-y-dano\\\/\"},\"author\":{\"name\":\"diario2\",\"@id\":\"https:\\\/\\\/diariotextual.com\\\/inicio\\\/#\\\/schema\\\/person\\\/694f60677f23c4a530867a98f22b3768\"},\"headline\":\"Acha y 25 de Mayo: condenas por abuso sexual, violencia de g\u00e9nero, lesiones y da\u00f1o\",\"datePublished\":\"2023-05-19T15:43:20+00:00\",\"dateModified\":\"2023-05-19T21:49:22+00:00\",\"mainEntityOfPage\":{\"@id\":\"https:\\\/\\\/diariotextual.com\\\/inicio\\\/index.php\\\/2023\\\/05\\\/19\\\/acha-y-25-de-mayo-condenas-por-abuso-sexual-violencia-de-genero-lesiones-y-dano\\\/\"},\"wordCount\":821,\"publisher\":{\"@id\":\"https:\\\/\\\/diariotextual.com\\\/inicio\\\/#organization\"},\"image\":{\"@id\":\"https:\\\/\\\/diariotextual.com\\\/inicio\\\/index.php\\\/2023\\\/05\\\/19\\\/acha-y-25-de-mayo-condenas-por-abuso-sexual-violencia-de-genero-lesiones-y-dano\\\/#primaryimage\"},\"thumbnailUrl\":\"https:\\\/\\\/diariotextual.com\\\/inicio\\\/wp-content\\\/uploads\\\/2020\\\/12\\\/abusoviolacionyotecreo001.jpg\",\"articleSection\":[\"A - ES NOTICIA (van abajo)\",\"SOCIEDAD\"],\"inLanguage\":\"es\"},{\"@type\":\"WebPage\",\"@id\":\"https:\\\/\\\/diariotextual.com\\\/inicio\\\/index.php\\\/2023\\\/05\\\/19\\\/acha-y-25-de-mayo-condenas-por-abuso-sexual-violencia-de-genero-lesiones-y-dano\\\/\",\"url\":\"https:\\\/\\\/diariotextual.com\\\/inicio\\\/index.php\\\/2023\\\/05\\\/19\\\/acha-y-25-de-mayo-condenas-por-abuso-sexual-violencia-de-genero-lesiones-y-dano\\\/\",\"name\":\"Acha y 25 de Mayo: condenas por abuso sexual, violencia de g\u00e9nero, lesiones y da\u00f1o - Diario Textual\",\"isPartOf\":{\"@id\":\"https:\\\/\\\/diariotextual.com\\\/inicio\\\/#website\"},\"primaryImageOfPage\":{\"@id\":\"https:\\\/\\\/diariotextual.com\\\/inicio\\\/index.php\\\/2023\\\/05\\\/19\\\/acha-y-25-de-mayo-condenas-por-abuso-sexual-violencia-de-genero-lesiones-y-dano\\\/#primaryimage\"},\"image\":{\"@id\":\"https:\\\/\\\/diariotextual.com\\\/inicio\\\/index.php\\\/2023\\\/05\\\/19\\\/acha-y-25-de-mayo-condenas-por-abuso-sexual-violencia-de-genero-lesiones-y-dano\\\/#primaryimage\"},\"thumbnailUrl\":\"https:\\\/\\\/diariotextual.com\\\/inicio\\\/wp-content\\\/uploads\\\/2020\\\/12\\\/abusoviolacionyotecreo001.jpg\",\"datePublished\":\"2023-05-19T15:43:20+00:00\",\"dateModified\":\"2023-05-19T21:49:22+00:00\",\"breadcrumb\":{\"@id\":\"https:\\\/\\\/diariotextual.com\\\/inicio\\\/index.php\\\/2023\\\/05\\\/19\\\/acha-y-25-de-mayo-condenas-por-abuso-sexual-violencia-de-genero-lesiones-y-dano\\\/#breadcrumb\"},\"inLanguage\":\"es\",\"potentialAction\":[{\"@type\":\"ReadAction\",\"target\":[\"https:\\\/\\\/diariotextual.com\\\/inicio\\\/index.php\\\/2023\\\/05\\\/19\\\/acha-y-25-de-mayo-condenas-por-abuso-sexual-violencia-de-genero-lesiones-y-dano\\\/\"]}]},{\"@type\":\"ImageObject\",\"inLanguage\":\"es\",\"@id\":\"https:\\\/\\\/diariotextual.com\\\/inicio\\\/index.php\\\/2023\\\/05\\\/19\\\/acha-y-25-de-mayo-condenas-por-abuso-sexual-violencia-de-genero-lesiones-y-dano\\\/#primaryimage\",\"url\":\"https:\\\/\\\/diariotextual.com\\\/inicio\\\/wp-content\\\/uploads\\\/2020\\\/12\\\/abusoviolacionyotecreo001.jpg\",\"contentUrl\":\"https:\\\/\\\/diariotextual.com\\\/inicio\\\/wp-content\\\/uploads\\\/2020\\\/12\\\/abusoviolacionyotecreo001.jpg\",\"width\":1077,\"height\":776},{\"@type\":\"BreadcrumbList\",\"@id\":\"https:\\\/\\\/diariotextual.com\\\/inicio\\\/index.php\\\/2023\\\/05\\\/19\\\/acha-y-25-de-mayo-condenas-por-abuso-sexual-violencia-de-genero-lesiones-y-dano\\\/#breadcrumb\",\"itemListElement\":[{\"@type\":\"ListItem\",\"position\":1,\"name\":\"Portada\",\"item\":\"https:\\\/\\\/diariotextual.com\\\/inicio\\\/\"},{\"@type\":\"ListItem\",\"position\":2,\"name\":\"Acha y 25 de Mayo: condenas por abuso sexual, violencia de g\u00e9nero, lesiones y da\u00f1o\"}]},{\"@type\":\"WebSite\",\"@id\":\"https:\\\/\\\/diariotextual.com\\\/inicio\\\/#website\",\"url\":\"https:\\\/\\\/diariotextual.com\\\/inicio\\\/\",\"name\":\"Diario Textual\",\"description\":\"\",\"publisher\":{\"@id\":\"https:\\\/\\\/diariotextual.com\\\/inicio\\\/#organization\"},\"potentialAction\":[{\"@type\":\"SearchAction\",\"target\":{\"@type\":\"EntryPoint\",\"urlTemplate\":\"https:\\\/\\\/diariotextual.com\\\/inicio\\\/?s={search_term_string}\"},\"query-input\":{\"@type\":\"PropertyValueSpecification\",\"valueRequired\":true,\"valueName\":\"search_term_string\"}}],\"inLanguage\":\"es\"},{\"@type\":\"Organization\",\"@id\":\"https:\\\/\\\/diariotextual.com\\\/inicio\\\/#organization\",\"name\":\"Diario Textual\",\"url\":\"https:\\\/\\\/diariotextual.com\\\/inicio\\\/\",\"logo\":{\"@type\":\"ImageObject\",\"inLanguage\":\"es\",\"@id\":\"https:\\\/\\\/diariotextual.com\\\/inicio\\\/#\\\/schema\\\/logo\\\/image\\\/\",\"url\":\"https:\\\/\\\/diariotextual.com\\\/inicio\\\/wp-content\\\/uploads\\\/2023\\\/05\\\/logotextual1.jpg\",\"contentUrl\":\"https:\\\/\\\/diariotextual.com\\\/inicio\\\/wp-content\\\/uploads\\\/2023\\\/05\\\/logotextual1.jpg\",\"width\":516,\"height\":76,\"caption\":\"Diario Textual\"},\"image\":{\"@id\":\"https:\\\/\\\/diariotextual.com\\\/inicio\\\/#\\\/schema\\\/logo\\\/image\\\/\"},\"sameAs\":[\"https:\\\/\\\/www.facebook.com\\\/eltextual\",\"https:\\\/\\\/x.com\\\/eltextual\",\"http:\\\/\\\/www.instagram.com\\\/eltextual\"]},{\"@type\":\"Person\",\"@id\":\"https:\\\/\\\/diariotextual.com\\\/inicio\\\/#\\\/schema\\\/person\\\/694f60677f23c4a530867a98f22b3768\",\"name\":\"diario2\",\"image\":{\"@type\":\"ImageObject\",\"inLanguage\":\"es\",\"@id\":\"https:\\\/\\\/secure.gravatar.com\\\/avatar\\\/5a2567495ba16b852fcd8f1ed006a2e24fcace936018ed8237e95f488ad6e0a7?s=96&d=mm&r=g\",\"url\":\"https:\\\/\\\/secure.gravatar.com\\\/avatar\\\/5a2567495ba16b852fcd8f1ed006a2e24fcace936018ed8237e95f488ad6e0a7?s=96&d=mm&r=g\",\"contentUrl\":\"https:\\\/\\\/secure.gravatar.com\\\/avatar\\\/5a2567495ba16b852fcd8f1ed006a2e24fcace936018ed8237e95f488ad6e0a7?s=96&d=mm&r=g\",\"caption\":\"diario2\"},\"url\":\"https:\\\/\\\/diariotextual.com\\\/inicio\\\/index.php\\\/author\\\/diario2\\\/\"}]}<\/script>\n<!-- \/ Yoast SEO plugin. -->","yoast_head_json":{"title":"Acha y 25 de Mayo: condenas por abuso sexual, violencia de g\u00e9nero, lesiones y da\u00f1o - Diario Textual","robots":{"index":"index","follow":"follow","max-snippet":"max-snippet:-1","max-image-preview":"max-image-preview:large","max-video-preview":"max-video-preview:-1"},"canonical":"https:\/\/diariotextual.com\/inicio\/index.php\/2023\/05\/19\/acha-y-25-de-mayo-condenas-por-abuso-sexual-violencia-de-genero-lesiones-y-dano\/","og_locale":"es_ES","og_type":"article","og_title":"Acha y 25 de Mayo: condenas por abuso sexual, violencia de g\u00e9nero, lesiones y da\u00f1o - Diario Textual","og_description":"Los jueces y juezas de control de la Tercera Circunscripci\u00f3n Judicial condenaron a tres hombres por los delitos de abuso sexual simple, suministro de material pornogr\u00e1fico, tenencia ileg\u00edtima de arma&hellip;","og_url":"https:\/\/diariotextual.com\/inicio\/index.php\/2023\/05\/19\/acha-y-25-de-mayo-condenas-por-abuso-sexual-violencia-de-genero-lesiones-y-dano\/","og_site_name":"Diario Textual","article_publisher":"https:\/\/www.facebook.com\/eltextual","article_published_time":"2023-05-19T15:43:20+00:00","article_modified_time":"2023-05-19T21:49:22+00:00","og_image":[{"width":1077,"height":776,"url":"https:\/\/diariotextual.com\/inicio\/wp-content\/uploads\/2020\/12\/abusoviolacionyotecreo001.jpg","type":"image\/jpeg"}],"author":"diario2","twitter_card":"summary_large_image","twitter_creator":"@eltextual","twitter_site":"@eltextual","twitter_misc":{"Escrito por":"diario2","Tiempo de lectura":"4 minutos"},"schema":{"@context":"https:\/\/schema.org","@graph":[{"@type":"Article","@id":"https:\/\/diariotextual.com\/inicio\/index.php\/2023\/05\/19\/acha-y-25-de-mayo-condenas-por-abuso-sexual-violencia-de-genero-lesiones-y-dano\/#article","isPartOf":{"@id":"https:\/\/diariotextual.com\/inicio\/index.php\/2023\/05\/19\/acha-y-25-de-mayo-condenas-por-abuso-sexual-violencia-de-genero-lesiones-y-dano\/"},"author":{"name":"diario2","@id":"https:\/\/diariotextual.com\/inicio\/#\/schema\/person\/694f60677f23c4a530867a98f22b3768"},"headline":"Acha y 25 de Mayo: condenas por abuso sexual, violencia de g\u00e9nero, lesiones y da\u00f1o","datePublished":"2023-05-19T15:43:20+00:00","dateModified":"2023-05-19T21:49:22+00:00","mainEntityOfPage":{"@id":"https:\/\/diariotextual.com\/inicio\/index.php\/2023\/05\/19\/acha-y-25-de-mayo-condenas-por-abuso-sexual-violencia-de-genero-lesiones-y-dano\/"},"wordCount":821,"publisher":{"@id":"https:\/\/diariotextual.com\/inicio\/#organization"},"image":{"@id":"https:\/\/diariotextual.com\/inicio\/index.php\/2023\/05\/19\/acha-y-25-de-mayo-condenas-por-abuso-sexual-violencia-de-genero-lesiones-y-dano\/#primaryimage"},"thumbnailUrl":"https:\/\/diariotextual.com\/inicio\/wp-content\/uploads\/2020\/12\/abusoviolacionyotecreo001.jpg","articleSection":["A - ES NOTICIA (van abajo)","SOCIEDAD"],"inLanguage":"es"},{"@type":"WebPage","@id":"https:\/\/diariotextual.com\/inicio\/index.php\/2023\/05\/19\/acha-y-25-de-mayo-condenas-por-abuso-sexual-violencia-de-genero-lesiones-y-dano\/","url":"https:\/\/diariotextual.com\/inicio\/index.php\/2023\/05\/19\/acha-y-25-de-mayo-condenas-por-abuso-sexual-violencia-de-genero-lesiones-y-dano\/","name":"Acha y 25 de Mayo: condenas por abuso sexual, violencia de g\u00e9nero, lesiones y da\u00f1o - Diario Textual","isPartOf":{"@id":"https:\/\/diariotextual.com\/inicio\/#website"},"primaryImageOfPage":{"@id":"https:\/\/diariotextual.com\/inicio\/index.php\/2023\/05\/19\/acha-y-25-de-mayo-condenas-por-abuso-sexual-violencia-de-genero-lesiones-y-dano\/#primaryimage"},"image":{"@id":"https:\/\/diariotextual.com\/inicio\/index.php\/2023\/05\/19\/acha-y-25-de-mayo-condenas-por-abuso-sexual-violencia-de-genero-lesiones-y-dano\/#primaryimage"},"thumbnailUrl":"https:\/\/diariotextual.com\/inicio\/wp-content\/uploads\/2020\/12\/abusoviolacionyotecreo001.jpg","datePublished":"2023-05-19T15:43:20+00:00","dateModified":"2023-05-19T21:49:22+00:00","breadcrumb":{"@id":"https:\/\/diariotextual.com\/inicio\/index.php\/2023\/05\/19\/acha-y-25-de-mayo-condenas-por-abuso-sexual-violencia-de-genero-lesiones-y-dano\/#breadcrumb"},"inLanguage":"es","potentialAction":[{"@type":"ReadAction","target":["https:\/\/diariotextual.com\/inicio\/index.php\/2023\/05\/19\/acha-y-25-de-mayo-condenas-por-abuso-sexual-violencia-de-genero-lesiones-y-dano\/"]}]},{"@type":"ImageObject","inLanguage":"es","@id":"https:\/\/diariotextual.com\/inicio\/index.php\/2023\/05\/19\/acha-y-25-de-mayo-condenas-por-abuso-sexual-violencia-de-genero-lesiones-y-dano\/#primaryimage","url":"https:\/\/diariotextual.com\/inicio\/wp-content\/uploads\/2020\/12\/abusoviolacionyotecreo001.jpg","contentUrl":"https:\/\/diariotextual.com\/inicio\/wp-content\/uploads\/2020\/12\/abusoviolacionyotecreo001.jpg","width":1077,"height":776},{"@type":"BreadcrumbList","@id":"https:\/\/diariotextual.com\/inicio\/index.php\/2023\/05\/19\/acha-y-25-de-mayo-condenas-por-abuso-sexual-violencia-de-genero-lesiones-y-dano\/#breadcrumb","itemListElement":[{"@type":"ListItem","position":1,"name":"Portada","item":"https:\/\/diariotextual.com\/inicio\/"},{"@type":"ListItem","position":2,"name":"Acha y 25 de Mayo: condenas por abuso sexual, violencia de g\u00e9nero, lesiones y da\u00f1o"}]},{"@type":"WebSite","@id":"https:\/\/diariotextual.com\/inicio\/#website","url":"https:\/\/diariotextual.com\/inicio\/","name":"Diario Textual","description":"","publisher":{"@id":"https:\/\/diariotextual.com\/inicio\/#organization"},"potentialAction":[{"@type":"SearchAction","target":{"@type":"EntryPoint","urlTemplate":"https:\/\/diariotextual.com\/inicio\/?s={search_term_string}"},"query-input":{"@type":"PropertyValueSpecification","valueRequired":true,"valueName":"search_term_string"}}],"inLanguage":"es"},{"@type":"Organization","@id":"https:\/\/diariotextual.com\/inicio\/#organization","name":"Diario Textual","url":"https:\/\/diariotextual.com\/inicio\/","logo":{"@type":"ImageObject","inLanguage":"es","@id":"https:\/\/diariotextual.com\/inicio\/#\/schema\/logo\/image\/","url":"https:\/\/diariotextual.com\/inicio\/wp-content\/uploads\/2023\/05\/logotextual1.jpg","contentUrl":"https:\/\/diariotextual.com\/inicio\/wp-content\/uploads\/2023\/05\/logotextual1.jpg","width":516,"height":76,"caption":"Diario Textual"},"image":{"@id":"https:\/\/diariotextual.com\/inicio\/#\/schema\/logo\/image\/"},"sameAs":["https:\/\/www.facebook.com\/eltextual","https:\/\/x.com\/eltextual","http:\/\/www.instagram.com\/eltextual"]},{"@type":"Person","@id":"https:\/\/diariotextual.com\/inicio\/#\/schema\/person\/694f60677f23c4a530867a98f22b3768","name":"diario2","image":{"@type":"ImageObject","inLanguage":"es","@id":"https:\/\/secure.gravatar.com\/avatar\/5a2567495ba16b852fcd8f1ed006a2e24fcace936018ed8237e95f488ad6e0a7?s=96&d=mm&r=g","url":"https:\/\/secure.gravatar.com\/avatar\/5a2567495ba16b852fcd8f1ed006a2e24fcace936018ed8237e95f488ad6e0a7?s=96&d=mm&r=g","contentUrl":"https:\/\/secure.gravatar.com\/avatar\/5a2567495ba16b852fcd8f1ed006a2e24fcace936018ed8237e95f488ad6e0a7?s=96&d=mm&r=g","caption":"diario2"},"url":"https:\/\/diariotextual.com\/inicio\/index.php\/author\/diario2\/"}]}},"_links":{"self":[{"href":"https:\/\/diariotextual.com\/inicio\/index.php\/wp-json\/wp\/v2\/posts\/225954","targetHints":{"allow":["GET"]}}],"collection":[{"href":"https:\/\/diariotextual.com\/inicio\/index.php\/wp-json\/wp\/v2\/posts"}],"about":[{"href":"https:\/\/diariotextual.com\/inicio\/index.php\/wp-json\/wp\/v2\/types\/post"}],"author":[{"embeddable":true,"href":"https:\/\/diariotextual.com\/inicio\/index.php\/wp-json\/wp\/v2\/users\/4"}],"replies":[{"embeddable":true,"href":"https:\/\/diariotextual.com\/inicio\/index.php\/wp-json\/wp\/v2\/comments?post=225954"}],"version-history":[{"count":2,"href":"https:\/\/diariotextual.com\/inicio\/index.php\/wp-json\/wp\/v2\/posts\/225954\/revisions"}],"predecessor-version":[{"id":225958,"href":"https:\/\/diariotextual.com\/inicio\/index.php\/wp-json\/wp\/v2\/posts\/225954\/revisions\/225958"}],"wp:featuredmedia":[{"embeddable":true,"href":"https:\/\/diariotextual.com\/inicio\/index.php\/wp-json\/wp\/v2\/media\/127018"}],"wp:attachment":[{"href":"https:\/\/diariotextual.com\/inicio\/index.php\/wp-json\/wp\/v2\/media?parent=225954"}],"wp:term":[{"taxonomy":"category","embeddable":true,"href":"https:\/\/diariotextual.com\/inicio\/index.php\/wp-json\/wp\/v2\/categories?post=225954"},{"taxonomy":"post_tag","embeddable":true,"href":"https:\/\/diariotextual.com\/inicio\/index.php\/wp-json\/wp\/v2\/tags?post=225954"}],"curies":[{"name":"wp","href":"https:\/\/api.w.org\/{rel}","templated":true}]}}