{"id":225963,"date":"2023-05-19T12:50:29","date_gmt":"2023-05-19T15:50:29","guid":{"rendered":"https:\/\/diariotextual.com\/inicio\/?p=225963"},"modified":"2023-05-19T12:50:31","modified_gmt":"2023-05-19T15:50:31","slug":"inteligencia-artificial-en-la-justicia-no-hay-que-verla-con-desconfianza-si-con-prudencia","status":"publish","type":"post","link":"https:\/\/diariotextual.com\/inicio\/index.php\/2023\/05\/19\/inteligencia-artificial-en-la-justicia-no-hay-que-verla-con-desconfianza-si-con-prudencia\/","title":{"rendered":"Inteligencia artificial en la Justicia: \u201cNo hay que verla con desconfianza; s\u00ed con prudencia\u201d"},"content":{"rendered":"\n<p>El ministro del Superior Tribunal de Justicia, Eduardo Fern\u00e1ndez Mend\u00eda, particip\u00f3 a distancia del Foro Internacional sobre <strong>Inteligencia Artificial y los Derechos Humanos<\/strong>, organizado por la Universidad Cat\u00f3lica de Colombia.<\/p>\n\n\n\n<p>Durante la charla expres\u00f3 que \u201choy la \u00e9tica, frente a la tecnolog\u00eda, parece una criptomoneda devaluada, una autobomba que sale a apagar incendios o los viejos consejos medicinales de la abuela; a la que solo acceden algunos. No digo que haya que ver a la tecnolog\u00eda con desconfianza, pero s\u00ed con prudencia\u201d.<\/p>\n\n\n\n<p>\u201cHay una dificultad real y es que la \u00e9tica judicial est\u00e1 devaluada por la modernidad l\u00edquida \u2013agreg\u00f3\u2013. Es como un t\u00e9mpano flotando a la deriva, que genera curiosidad y preocupaci\u00f3n en unos pocos, frente a una tecnolog\u00eda que lleg\u00f3 con todo el merchandising y que no busca colaborar con la administraci\u00f3n de justicia sino ser la expresi\u00f3n de la tecnocracia eficiente, aunque cara y no universal\u201d.<\/p>\n\n\n\n<p>Fern\u00e1ndez Mend\u00eda, al referirse a las nuevas tecnolog\u00edas y la inteligencia artificial, remarc\u00f3 que \u201cante un proyecto elaborado por un robot hay que mirarlo imbuido de una mirada humana, racional y con sentido jur\u00eddico\u201d. <\/p>\n\n\n\n<p>A\u00f1adi\u00f3 que \u201cuno puede confiar en una computadora, pero no delegar las cuestiones cognitivas a la t\u00e9cnica porque siempre debemos pensar que detr\u00e1s del resultado de un litigio hay personas esperando\u201d.<\/p>\n\n\n\n<p>La conferencia fue organizada por la Direcci\u00f3n de Derecho de Posgrado, llev\u00f3 como t\u00edtulo \u201cPuntos de convergencia y divergencia\u201d y se realiz\u00f3 bajo dos modalidades. Una presencial, en el auditorio de la Universidad, y otra a distancia v\u00eda Zoom.<\/p>\n\n\n\n<p>Los disertantes analizaron el impacto de la inteligencia artificial en los derechos humanos, con un enfoque particular acerca de su invasi\u00f3n en \u00e1reas como la libertad de expresi\u00f3n, la privacidad, la discriminaci\u00f3n y el debido proceso.<\/p>\n\n\n\n<p>Fern\u00e1ndez Mend\u00eda, en el cierre de su alocuci\u00f3n, enumer\u00f3 una serie de <strong>pautas a tener en consideraci\u00f3n en el manejo de las nuevas tecnolog\u00edas y la inteligencia artificial<\/strong>. En tal sentido, manifest\u00f3 que \u201cnunca debemos olvidarnos de la centralidad humana, es decir darle a cada uno lo suyo. A los litigantes, a los abogados y a la magistratura. Eso es indelegable\u201d.<\/p>\n\n\n\n<p>Tambi\u00e9n destac\u00f3 que \u201chay que recuperar la racionalidad humana, que se est\u00e1 debilitando, con la ayuda de la tecnolog\u00eda\u201d e inst\u00f3 a \u201cmantener la duda razonable y no que prevalezca la mecanicidad, porque la duda forma parte de cada expediente judicial\u201d.<\/p>\n\n\n\n<p>Finalmente enfatiz\u00f3 que \u201cno tenemos que perder la capacidad de ponderaci\u00f3n porque, en materia judicial, no todos los casos son iguales\u201d.\u200b<\/p>\n","protected":false},"excerpt":{"rendered":"<p>El ministro del Superior Tribunal de Justicia, Eduardo Fern\u00e1ndez Mend\u00eda, particip\u00f3 a distancia del Foro Internacional sobre Inteligencia Artificial y los Derechos Humanos, organizado por la Universidad Cat\u00f3lica de Colombia.&hellip;<\/p>\n","protected":false},"author":4,"featured_media":191710,"comment_status":"closed","ping_status":"open","sticky":false,"template":"","format":"standard","meta":{"_acf_changed":false,"footnotes":""},"categories":[1,12],"tags":[7541,5294],"class_list":["post-225963","post","type-post","status-publish","format-standard","has-post-thumbnail","hentry","category-es-noticia","category-sociedad","tag-ai","tag-inteligencia-artificial"],"acf":[],"yoast_head":"<!-- This site is optimized with the Yoast SEO plugin v27.5 - https:\/\/yoast.com\/product\/yoast-seo-wordpress\/ -->\n<title>Inteligencia artificial en la Justicia: \u201cNo hay que verla con desconfianza; s\u00ed con prudencia\u201d - Diario Textual<\/title>\n<meta name=\"robots\" content=\"index, follow, max-snippet:-1, max-image-preview:large, max-video-preview:-1\" \/>\n<link rel=\"canonical\" href=\"https:\/\/diariotextual.com\/inicio\/index.php\/2023\/05\/19\/inteligencia-artificial-en-la-justicia-no-hay-que-verla-con-desconfianza-si-con-prudencia\/\" \/>\n<meta property=\"og:locale\" content=\"es_ES\" \/>\n<meta property=\"og:type\" content=\"article\" \/>\n<meta property=\"og:title\" content=\"Inteligencia artificial en la Justicia: \u201cNo hay que verla con desconfianza; s\u00ed con prudencia\u201d - Diario Textual\" \/>\n<meta property=\"og:description\" content=\"El ministro del Superior Tribunal de Justicia, Eduardo Fern\u00e1ndez Mend\u00eda, particip\u00f3 a distancia del Foro Internacional sobre Inteligencia Artificial y los Derechos Humanos, organizado por la Universidad Cat\u00f3lica de Colombia.&hellip;\" \/>\n<meta property=\"og:url\" content=\"https:\/\/diariotextual.com\/inicio\/index.php\/2023\/05\/19\/inteligencia-artificial-en-la-justicia-no-hay-que-verla-con-desconfianza-si-con-prudencia\/\" \/>\n<meta property=\"og:site_name\" content=\"Diario Textual\" \/>\n<meta property=\"article:publisher\" content=\"https:\/\/www.facebook.com\/eltextual\" \/>\n<meta property=\"article:published_time\" content=\"2023-05-19T15:50:29+00:00\" \/>\n<meta property=\"article:modified_time\" content=\"2023-05-19T15:50:31+00:00\" \/>\n<meta property=\"og:image\" content=\"https:\/\/diariotextual.com\/inicio\/wp-content\/uploads\/2022\/06\/innovaciontecnologia344.jpeg\" \/>\n\t<meta property=\"og:image:width\" content=\"1200\" \/>\n\t<meta property=\"og:image:height\" content=\"675\" \/>\n\t<meta property=\"og:image:type\" content=\"image\/jpeg\" \/>\n<meta name=\"author\" content=\"diario2\" \/>\n<meta name=\"twitter:card\" content=\"summary_large_image\" \/>\n<meta name=\"twitter:creator\" content=\"@eltextual\" \/>\n<meta name=\"twitter:site\" content=\"@eltextual\" \/>\n<meta name=\"twitter:label1\" content=\"Escrito por\" \/>\n\t<meta name=\"twitter:data1\" content=\"diario2\" \/>\n\t<meta name=\"twitter:label2\" content=\"Tiempo de lectura\" \/>\n\t<meta name=\"twitter:data2\" content=\"2 minutos\" \/>\n<script type=\"application\/ld+json\" class=\"yoast-schema-graph\">{\"@context\":\"https:\\\/\\\/schema.org\",\"@graph\":[{\"@type\":\"Article\",\"@id\":\"https:\\\/\\\/diariotextual.com\\\/inicio\\\/index.php\\\/2023\\\/05\\\/19\\\/inteligencia-artificial-en-la-justicia-no-hay-que-verla-con-desconfianza-si-con-prudencia\\\/#article\",\"isPartOf\":{\"@id\":\"https:\\\/\\\/diariotextual.com\\\/inicio\\\/index.php\\\/2023\\\/05\\\/19\\\/inteligencia-artificial-en-la-justicia-no-hay-que-verla-con-desconfianza-si-con-prudencia\\\/\"},\"author\":{\"name\":\"diario2\",\"@id\":\"https:\\\/\\\/diariotextual.com\\\/inicio\\\/#\\\/schema\\\/person\\\/694f60677f23c4a530867a98f22b3768\"},\"headline\":\"Inteligencia artificial en la Justicia: \u201cNo hay que verla con desconfianza; s\u00ed con prudencia\u201d\",\"datePublished\":\"2023-05-19T15:50:29+00:00\",\"dateModified\":\"2023-05-19T15:50:31+00:00\",\"mainEntityOfPage\":{\"@id\":\"https:\\\/\\\/diariotextual.com\\\/inicio\\\/index.php\\\/2023\\\/05\\\/19\\\/inteligencia-artificial-en-la-justicia-no-hay-que-verla-con-desconfianza-si-con-prudencia\\\/\"},\"wordCount\":457,\"publisher\":{\"@id\":\"https:\\\/\\\/diariotextual.com\\\/inicio\\\/#organization\"},\"image\":{\"@id\":\"https:\\\/\\\/diariotextual.com\\\/inicio\\\/index.php\\\/2023\\\/05\\\/19\\\/inteligencia-artificial-en-la-justicia-no-hay-que-verla-con-desconfianza-si-con-prudencia\\\/#primaryimage\"},\"thumbnailUrl\":\"https:\\\/\\\/diariotextual.com\\\/inicio\\\/wp-content\\\/uploads\\\/2022\\\/06\\\/innovaciontecnologia344.jpeg\",\"keywords\":[\"ai\",\"inteligencia artificial\"],\"articleSection\":[\"A - ES NOTICIA (van abajo)\",\"SOCIEDAD\"],\"inLanguage\":\"es\"},{\"@type\":\"WebPage\",\"@id\":\"https:\\\/\\\/diariotextual.com\\\/inicio\\\/index.php\\\/2023\\\/05\\\/19\\\/inteligencia-artificial-en-la-justicia-no-hay-que-verla-con-desconfianza-si-con-prudencia\\\/\",\"url\":\"https:\\\/\\\/diariotextual.com\\\/inicio\\\/index.php\\\/2023\\\/05\\\/19\\\/inteligencia-artificial-en-la-justicia-no-hay-que-verla-con-desconfianza-si-con-prudencia\\\/\",\"name\":\"Inteligencia artificial en la Justicia: \u201cNo hay que verla con desconfianza; s\u00ed con prudencia\u201d - Diario Textual\",\"isPartOf\":{\"@id\":\"https:\\\/\\\/diariotextual.com\\\/inicio\\\/#website\"},\"primaryImageOfPage\":{\"@id\":\"https:\\\/\\\/diariotextual.com\\\/inicio\\\/index.php\\\/2023\\\/05\\\/19\\\/inteligencia-artificial-en-la-justicia-no-hay-que-verla-con-desconfianza-si-con-prudencia\\\/#primaryimage\"},\"image\":{\"@id\":\"https:\\\/\\\/diariotextual.com\\\/inicio\\\/index.php\\\/2023\\\/05\\\/19\\\/inteligencia-artificial-en-la-justicia-no-hay-que-verla-con-desconfianza-si-con-prudencia\\\/#primaryimage\"},\"thumbnailUrl\":\"https:\\\/\\\/diariotextual.com\\\/inicio\\\/wp-content\\\/uploads\\\/2022\\\/06\\\/innovaciontecnologia344.jpeg\",\"datePublished\":\"2023-05-19T15:50:29+00:00\",\"dateModified\":\"2023-05-19T15:50:31+00:00\",\"breadcrumb\":{\"@id\":\"https:\\\/\\\/diariotextual.com\\\/inicio\\\/index.php\\\/2023\\\/05\\\/19\\\/inteligencia-artificial-en-la-justicia-no-hay-que-verla-con-desconfianza-si-con-prudencia\\\/#breadcrumb\"},\"inLanguage\":\"es\",\"potentialAction\":[{\"@type\":\"ReadAction\",\"target\":[\"https:\\\/\\\/diariotextual.com\\\/inicio\\\/index.php\\\/2023\\\/05\\\/19\\\/inteligencia-artificial-en-la-justicia-no-hay-que-verla-con-desconfianza-si-con-prudencia\\\/\"]}]},{\"@type\":\"ImageObject\",\"inLanguage\":\"es\",\"@id\":\"https:\\\/\\\/diariotextual.com\\\/inicio\\\/index.php\\\/2023\\\/05\\\/19\\\/inteligencia-artificial-en-la-justicia-no-hay-que-verla-con-desconfianza-si-con-prudencia\\\/#primaryimage\",\"url\":\"https:\\\/\\\/diariotextual.com\\\/inicio\\\/wp-content\\\/uploads\\\/2022\\\/06\\\/innovaciontecnologia344.jpeg\",\"contentUrl\":\"https:\\\/\\\/diariotextual.com\\\/inicio\\\/wp-content\\\/uploads\\\/2022\\\/06\\\/innovaciontecnologia344.jpeg\",\"width\":1200,\"height\":675},{\"@type\":\"BreadcrumbList\",\"@id\":\"https:\\\/\\\/diariotextual.com\\\/inicio\\\/index.php\\\/2023\\\/05\\\/19\\\/inteligencia-artificial-en-la-justicia-no-hay-que-verla-con-desconfianza-si-con-prudencia\\\/#breadcrumb\",\"itemListElement\":[{\"@type\":\"ListItem\",\"position\":1,\"name\":\"Portada\",\"item\":\"https:\\\/\\\/diariotextual.com\\\/inicio\\\/\"},{\"@type\":\"ListItem\",\"position\":2,\"name\":\"Inteligencia artificial en la Justicia: \u201cNo hay que verla con desconfianza; s\u00ed con prudencia\u201d\"}]},{\"@type\":\"WebSite\",\"@id\":\"https:\\\/\\\/diariotextual.com\\\/inicio\\\/#website\",\"url\":\"https:\\\/\\\/diariotextual.com\\\/inicio\\\/\",\"name\":\"Diario Textual\",\"description\":\"\",\"publisher\":{\"@id\":\"https:\\\/\\\/diariotextual.com\\\/inicio\\\/#organization\"},\"potentialAction\":[{\"@type\":\"SearchAction\",\"target\":{\"@type\":\"EntryPoint\",\"urlTemplate\":\"https:\\\/\\\/diariotextual.com\\\/inicio\\\/?s={search_term_string}\"},\"query-input\":{\"@type\":\"PropertyValueSpecification\",\"valueRequired\":true,\"valueName\":\"search_term_string\"}}],\"inLanguage\":\"es\"},{\"@type\":\"Organization\",\"@id\":\"https:\\\/\\\/diariotextual.com\\\/inicio\\\/#organization\",\"name\":\"Diario Textual\",\"url\":\"https:\\\/\\\/diariotextual.com\\\/inicio\\\/\",\"logo\":{\"@type\":\"ImageObject\",\"inLanguage\":\"es\",\"@id\":\"https:\\\/\\\/diariotextual.com\\\/inicio\\\/#\\\/schema\\\/logo\\\/image\\\/\",\"url\":\"https:\\\/\\\/diariotextual.com\\\/inicio\\\/wp-content\\\/uploads\\\/2023\\\/05\\\/logotextual1.jpg\",\"contentUrl\":\"https:\\\/\\\/diariotextual.com\\\/inicio\\\/wp-content\\\/uploads\\\/2023\\\/05\\\/logotextual1.jpg\",\"width\":516,\"height\":76,\"caption\":\"Diario Textual\"},\"image\":{\"@id\":\"https:\\\/\\\/diariotextual.com\\\/inicio\\\/#\\\/schema\\\/logo\\\/image\\\/\"},\"sameAs\":[\"https:\\\/\\\/www.facebook.com\\\/eltextual\",\"https:\\\/\\\/x.com\\\/eltextual\",\"http:\\\/\\\/www.instagram.com\\\/eltextual\"]},{\"@type\":\"Person\",\"@id\":\"https:\\\/\\\/diariotextual.com\\\/inicio\\\/#\\\/schema\\\/person\\\/694f60677f23c4a530867a98f22b3768\",\"name\":\"diario2\",\"image\":{\"@type\":\"ImageObject\",\"inLanguage\":\"es\",\"@id\":\"https:\\\/\\\/secure.gravatar.com\\\/avatar\\\/5a2567495ba16b852fcd8f1ed006a2e24fcace936018ed8237e95f488ad6e0a7?s=96&d=mm&r=g\",\"url\":\"https:\\\/\\\/secure.gravatar.com\\\/avatar\\\/5a2567495ba16b852fcd8f1ed006a2e24fcace936018ed8237e95f488ad6e0a7?s=96&d=mm&r=g\",\"contentUrl\":\"https:\\\/\\\/secure.gravatar.com\\\/avatar\\\/5a2567495ba16b852fcd8f1ed006a2e24fcace936018ed8237e95f488ad6e0a7?s=96&d=mm&r=g\",\"caption\":\"diario2\"},\"url\":\"https:\\\/\\\/diariotextual.com\\\/inicio\\\/index.php\\\/author\\\/diario2\\\/\"}]}<\/script>\n<!-- \/ Yoast SEO plugin. -->","yoast_head_json":{"title":"Inteligencia artificial en la Justicia: \u201cNo hay que verla con desconfianza; s\u00ed con prudencia\u201d - Diario Textual","robots":{"index":"index","follow":"follow","max-snippet":"max-snippet:-1","max-image-preview":"max-image-preview:large","max-video-preview":"max-video-preview:-1"},"canonical":"https:\/\/diariotextual.com\/inicio\/index.php\/2023\/05\/19\/inteligencia-artificial-en-la-justicia-no-hay-que-verla-con-desconfianza-si-con-prudencia\/","og_locale":"es_ES","og_type":"article","og_title":"Inteligencia artificial en la Justicia: \u201cNo hay que verla con desconfianza; s\u00ed con prudencia\u201d - Diario Textual","og_description":"El ministro del Superior Tribunal de Justicia, Eduardo Fern\u00e1ndez Mend\u00eda, particip\u00f3 a distancia del Foro Internacional sobre Inteligencia Artificial y los Derechos Humanos, organizado por la Universidad Cat\u00f3lica de Colombia.&hellip;","og_url":"https:\/\/diariotextual.com\/inicio\/index.php\/2023\/05\/19\/inteligencia-artificial-en-la-justicia-no-hay-que-verla-con-desconfianza-si-con-prudencia\/","og_site_name":"Diario Textual","article_publisher":"https:\/\/www.facebook.com\/eltextual","article_published_time":"2023-05-19T15:50:29+00:00","article_modified_time":"2023-05-19T15:50:31+00:00","og_image":[{"width":1200,"height":675,"url":"https:\/\/diariotextual.com\/inicio\/wp-content\/uploads\/2022\/06\/innovaciontecnologia344.jpeg","type":"image\/jpeg"}],"author":"diario2","twitter_card":"summary_large_image","twitter_creator":"@eltextual","twitter_site":"@eltextual","twitter_misc":{"Escrito por":"diario2","Tiempo de lectura":"2 minutos"},"schema":{"@context":"https:\/\/schema.org","@graph":[{"@type":"Article","@id":"https:\/\/diariotextual.com\/inicio\/index.php\/2023\/05\/19\/inteligencia-artificial-en-la-justicia-no-hay-que-verla-con-desconfianza-si-con-prudencia\/#article","isPartOf":{"@id":"https:\/\/diariotextual.com\/inicio\/index.php\/2023\/05\/19\/inteligencia-artificial-en-la-justicia-no-hay-que-verla-con-desconfianza-si-con-prudencia\/"},"author":{"name":"diario2","@id":"https:\/\/diariotextual.com\/inicio\/#\/schema\/person\/694f60677f23c4a530867a98f22b3768"},"headline":"Inteligencia artificial en la Justicia: \u201cNo hay que verla con desconfianza; s\u00ed con prudencia\u201d","datePublished":"2023-05-19T15:50:29+00:00","dateModified":"2023-05-19T15:50:31+00:00","mainEntityOfPage":{"@id":"https:\/\/diariotextual.com\/inicio\/index.php\/2023\/05\/19\/inteligencia-artificial-en-la-justicia-no-hay-que-verla-con-desconfianza-si-con-prudencia\/"},"wordCount":457,"publisher":{"@id":"https:\/\/diariotextual.com\/inicio\/#organization"},"image":{"@id":"https:\/\/diariotextual.com\/inicio\/index.php\/2023\/05\/19\/inteligencia-artificial-en-la-justicia-no-hay-que-verla-con-desconfianza-si-con-prudencia\/#primaryimage"},"thumbnailUrl":"https:\/\/diariotextual.com\/inicio\/wp-content\/uploads\/2022\/06\/innovaciontecnologia344.jpeg","keywords":["ai","inteligencia artificial"],"articleSection":["A - ES NOTICIA (van abajo)","SOCIEDAD"],"inLanguage":"es"},{"@type":"WebPage","@id":"https:\/\/diariotextual.com\/inicio\/index.php\/2023\/05\/19\/inteligencia-artificial-en-la-justicia-no-hay-que-verla-con-desconfianza-si-con-prudencia\/","url":"https:\/\/diariotextual.com\/inicio\/index.php\/2023\/05\/19\/inteligencia-artificial-en-la-justicia-no-hay-que-verla-con-desconfianza-si-con-prudencia\/","name":"Inteligencia artificial en la Justicia: \u201cNo hay que verla con desconfianza; s\u00ed con prudencia\u201d - Diario Textual","isPartOf":{"@id":"https:\/\/diariotextual.com\/inicio\/#website"},"primaryImageOfPage":{"@id":"https:\/\/diariotextual.com\/inicio\/index.php\/2023\/05\/19\/inteligencia-artificial-en-la-justicia-no-hay-que-verla-con-desconfianza-si-con-prudencia\/#primaryimage"},"image":{"@id":"https:\/\/diariotextual.com\/inicio\/index.php\/2023\/05\/19\/inteligencia-artificial-en-la-justicia-no-hay-que-verla-con-desconfianza-si-con-prudencia\/#primaryimage"},"thumbnailUrl":"https:\/\/diariotextual.com\/inicio\/wp-content\/uploads\/2022\/06\/innovaciontecnologia344.jpeg","datePublished":"2023-05-19T15:50:29+00:00","dateModified":"2023-05-19T15:50:31+00:00","breadcrumb":{"@id":"https:\/\/diariotextual.com\/inicio\/index.php\/2023\/05\/19\/inteligencia-artificial-en-la-justicia-no-hay-que-verla-con-desconfianza-si-con-prudencia\/#breadcrumb"},"inLanguage":"es","potentialAction":[{"@type":"ReadAction","target":["https:\/\/diariotextual.com\/inicio\/index.php\/2023\/05\/19\/inteligencia-artificial-en-la-justicia-no-hay-que-verla-con-desconfianza-si-con-prudencia\/"]}]},{"@type":"ImageObject","inLanguage":"es","@id":"https:\/\/diariotextual.com\/inicio\/index.php\/2023\/05\/19\/inteligencia-artificial-en-la-justicia-no-hay-que-verla-con-desconfianza-si-con-prudencia\/#primaryimage","url":"https:\/\/diariotextual.com\/inicio\/wp-content\/uploads\/2022\/06\/innovaciontecnologia344.jpeg","contentUrl":"https:\/\/diariotextual.com\/inicio\/wp-content\/uploads\/2022\/06\/innovaciontecnologia344.jpeg","width":1200,"height":675},{"@type":"BreadcrumbList","@id":"https:\/\/diariotextual.com\/inicio\/index.php\/2023\/05\/19\/inteligencia-artificial-en-la-justicia-no-hay-que-verla-con-desconfianza-si-con-prudencia\/#breadcrumb","itemListElement":[{"@type":"ListItem","position":1,"name":"Portada","item":"https:\/\/diariotextual.com\/inicio\/"},{"@type":"ListItem","position":2,"name":"Inteligencia artificial en la Justicia: \u201cNo hay que verla con desconfianza; s\u00ed con prudencia\u201d"}]},{"@type":"WebSite","@id":"https:\/\/diariotextual.com\/inicio\/#website","url":"https:\/\/diariotextual.com\/inicio\/","name":"Diario Textual","description":"","publisher":{"@id":"https:\/\/diariotextual.com\/inicio\/#organization"},"potentialAction":[{"@type":"SearchAction","target":{"@type":"EntryPoint","urlTemplate":"https:\/\/diariotextual.com\/inicio\/?s={search_term_string}"},"query-input":{"@type":"PropertyValueSpecification","valueRequired":true,"valueName":"search_term_string"}}],"inLanguage":"es"},{"@type":"Organization","@id":"https:\/\/diariotextual.com\/inicio\/#organization","name":"Diario Textual","url":"https:\/\/diariotextual.com\/inicio\/","logo":{"@type":"ImageObject","inLanguage":"es","@id":"https:\/\/diariotextual.com\/inicio\/#\/schema\/logo\/image\/","url":"https:\/\/diariotextual.com\/inicio\/wp-content\/uploads\/2023\/05\/logotextual1.jpg","contentUrl":"https:\/\/diariotextual.com\/inicio\/wp-content\/uploads\/2023\/05\/logotextual1.jpg","width":516,"height":76,"caption":"Diario Textual"},"image":{"@id":"https:\/\/diariotextual.com\/inicio\/#\/schema\/logo\/image\/"},"sameAs":["https:\/\/www.facebook.com\/eltextual","https:\/\/x.com\/eltextual","http:\/\/www.instagram.com\/eltextual"]},{"@type":"Person","@id":"https:\/\/diariotextual.com\/inicio\/#\/schema\/person\/694f60677f23c4a530867a98f22b3768","name":"diario2","image":{"@type":"ImageObject","inLanguage":"es","@id":"https:\/\/secure.gravatar.com\/avatar\/5a2567495ba16b852fcd8f1ed006a2e24fcace936018ed8237e95f488ad6e0a7?s=96&d=mm&r=g","url":"https:\/\/secure.gravatar.com\/avatar\/5a2567495ba16b852fcd8f1ed006a2e24fcace936018ed8237e95f488ad6e0a7?s=96&d=mm&r=g","contentUrl":"https:\/\/secure.gravatar.com\/avatar\/5a2567495ba16b852fcd8f1ed006a2e24fcace936018ed8237e95f488ad6e0a7?s=96&d=mm&r=g","caption":"diario2"},"url":"https:\/\/diariotextual.com\/inicio\/index.php\/author\/diario2\/"}]}},"_links":{"self":[{"href":"https:\/\/diariotextual.com\/inicio\/index.php\/wp-json\/wp\/v2\/posts\/225963","targetHints":{"allow":["GET"]}}],"collection":[{"href":"https:\/\/diariotextual.com\/inicio\/index.php\/wp-json\/wp\/v2\/posts"}],"about":[{"href":"https:\/\/diariotextual.com\/inicio\/index.php\/wp-json\/wp\/v2\/types\/post"}],"author":[{"embeddable":true,"href":"https:\/\/diariotextual.com\/inicio\/index.php\/wp-json\/wp\/v2\/users\/4"}],"replies":[{"embeddable":true,"href":"https:\/\/diariotextual.com\/inicio\/index.php\/wp-json\/wp\/v2\/comments?post=225963"}],"version-history":[{"count":2,"href":"https:\/\/diariotextual.com\/inicio\/index.php\/wp-json\/wp\/v2\/posts\/225963\/revisions"}],"predecessor-version":[{"id":225970,"href":"https:\/\/diariotextual.com\/inicio\/index.php\/wp-json\/wp\/v2\/posts\/225963\/revisions\/225970"}],"wp:featuredmedia":[{"embeddable":true,"href":"https:\/\/diariotextual.com\/inicio\/index.php\/wp-json\/wp\/v2\/media\/191710"}],"wp:attachment":[{"href":"https:\/\/diariotextual.com\/inicio\/index.php\/wp-json\/wp\/v2\/media?parent=225963"}],"wp:term":[{"taxonomy":"category","embeddable":true,"href":"https:\/\/diariotextual.com\/inicio\/index.php\/wp-json\/wp\/v2\/categories?post=225963"},{"taxonomy":"post_tag","embeddable":true,"href":"https:\/\/diariotextual.com\/inicio\/index.php\/wp-json\/wp\/v2\/tags?post=225963"}],"curies":[{"name":"wp","href":"https:\/\/api.w.org\/{rel}","templated":true}]}}