{"id":225988,"date":"2023-05-19T14:20:16","date_gmt":"2023-05-19T17:20:16","guid":{"rendered":"https:\/\/diariotextual.com\/inicio\/?p=225988"},"modified":"2023-05-20T11:43:04","modified_gmt":"2023-05-20T14:43:04","slug":"covid-recomiendan-que-la-mayoria-de-las-personas-reciban-solo-un-refuerzo-por-ano","status":"publish","type":"post","link":"https:\/\/diariotextual.com\/inicio\/index.php\/2023\/05\/19\/covid-recomiendan-que-la-mayoria-de-las-personas-reciban-solo-un-refuerzo-por-ano\/","title":{"rendered":"Covid: recomiendan que la mayor\u00eda de las personas reciban solo un refuerzo por a\u00f1o"},"content":{"rendered":"\n<p>La ministra de Salud de la Naci\u00f3n, <strong>Carla Vizzotti<\/strong>, junto a los y las referentes de Salud de todo el pa\u00eds informaron que de acuerdo a la reciente actualizaci\u00f3n de las r<strong>ecomendaciones para la vacunaci\u00f3n de refuerzo contra Covid-19<\/strong> se indic\u00f3 que los grupos de mayor riesgo reciban una dosis de refuerzo a 6 meses de la \u00faltima dosis aplicada; mientras que las personas de riesgo medio reciban un refuerzo a los 6 meses de la \u00faltima dosis aplicada y posteriormente un refuerzo por a\u00f1o; y que las personas de bajo riesgo actualicen su refuerzo de manera anual.<\/p>\n\n\n\n<p>Vizzotti presidi\u00f3 este jueves la segunda jornada de una nueva edici\u00f3n presencial del <strong>Consejo Federal de Salud (Cofesa) <\/strong>que se desarroll\u00f3 desde el lunes en el Centro Cultural Kirchner donde se analizaron los principales desaf\u00edos de la agenda sanitaria y seguir avanzando en el dise\u00f1o e implementaci\u00f3n de pol\u00edticas transversales y con mirada federal en todo el territorio.<\/p>\n\n\n\n<p>Entre los temas, la directora nacional de Epidemiolog\u00eda e Informaci\u00f3n estrat\u00e9gica, Anal\u00eda Rearte, realiz\u00f3 una <strong>presentaci\u00f3n sobre circulaci\u00f3n de virus respiratorios<\/strong> (SARS-CoV-2, Influenza y Virus sincitial respiratorio) durante la cual remarc\u00f3 que en lo que va del a\u00f1o todav\u00eda es menor la circulaci\u00f3n en relaci\u00f3n con el 2022. Sin embargo, advirti\u00f3 que <strong>comenz\u00f3 a registrarse un aumento de la circulaci\u00f3n del virus sincitial respiratorio y en las consultas e internaciones por bronquiolitis. <\/strong>Ante una situaci\u00f3n que puede cambiar durante el invierno, la funcionaria subray\u00f3 la importancia de mantener en todas las jurisdicciones las unidades de monitoreo ambulatorio para seguir vigilando y generando la informaci\u00f3n necesaria, lo cual form\u00f3 parte de los consensos alcanzados por las y los representantes de las jurisdicciones.<\/p>\n\n\n\n<figure class=\"wp-block-image size-full\"><img fetchpriority=\"high\" decoding=\"async\" width=\"900\" height=\"591\" src=\"https:\/\/diariotextual.com\/inicio\/wp-content\/uploads\/2023\/05\/saludministros233.jpg\" alt=\"\" class=\"wp-image-225989\" srcset=\"https:\/\/diariotextual.com\/inicio\/wp-content\/uploads\/2023\/05\/saludministros233.jpg 900w, https:\/\/diariotextual.com\/inicio\/wp-content\/uploads\/2023\/05\/saludministros233-300x197.jpg 300w, https:\/\/diariotextual.com\/inicio\/wp-content\/uploads\/2023\/05\/saludministros233-768x504.jpg 768w, https:\/\/diariotextual.com\/inicio\/wp-content\/uploads\/2023\/05\/saludministros233-585x384.jpg 585w\" sizes=\"(max-width: 900px) 100vw, 900px\" \/><\/figure>\n\n\n\n<p>Asimismo, la directora indic\u00f3 que \u201cestamos trabajando con cada una de las jurisdicciones en la gu\u00eda de abordaje integral de invierno que incluye todas las estrategias de vigilancia con todas las estrategias de vacunaci\u00f3n, tratamiento y dem\u00e1s, esperamos terminarla esta semana para publicarla\u201d. <\/p>\n\n\n\n<p>Siguiendo en esa l\u00ednea, el subsecretario de Estrategias Sanitarias, Juan Manuel Castelli, coment\u00f3 los <strong>avances de la vacunaci\u00f3n antigripal,<\/strong> que se inici\u00f3 el 17 de marzo pasado con el fin de disminuir complicaciones graves, hospitalizaciones y muertes relacionadas a esta enfermedad.<\/p>\n\n\n\n<p>El funcionario se refiri\u00f3 adem\u00e1s a la reciente actualizaci\u00f3n de las recomendaciones para la vacunaci\u00f3n de refuerzo contra Covid-19, que en acuerdo con lo propuesto por la Comisi\u00f3n Nacional de Inmunizaciones (CoNaIn) indica que <strong>los grupos de mayor riesgo reciban una dosis de refuerzo a 6 meses de la \u00faltima dosis aplicada; mientras que las personas de riesgo medio reciban un refuerzo a los 6 meses de la \u00faltima dosis aplicada y posteriormente un refuerzo por a\u00f1o; y que las personas de bajo riesgo actualicen su refuerzo de manera anual. Tambi\u00e9n llam\u00f3 a aprovechar oportunidades y reiter\u00f3 la posibilidad de coadministrar las vacunas contra gripe y Covid-19 como estrategia principal en los grupos priorizados.<\/strong><\/p>\n","protected":false},"excerpt":{"rendered":"<p>La ministra de Salud de la Naci\u00f3n, Carla Vizzotti, junto a los y las referentes de Salud de todo el pa\u00eds informaron que de acuerdo a la reciente actualizaci\u00f3n de&hellip;<\/p>\n","protected":false},"author":4,"featured_media":147564,"comment_status":"closed","ping_status":"open","sticky":false,"template":"","format":"standard","meta":{"_acf_changed":false,"footnotes":""},"categories":[1,11,12],"tags":[],"class_list":["post-225988","post","type-post","status-publish","format-standard","has-post-thumbnail","hentry","category-es-noticia","category-que-pasa","category-sociedad"],"acf":[],"yoast_head":"<!-- This site is optimized with the Yoast SEO plugin v27.5 - https:\/\/yoast.com\/product\/yoast-seo-wordpress\/ -->\n<title>Covid: recomiendan que la mayor\u00eda de las personas reciban solo un refuerzo por a\u00f1o - Diario Textual<\/title>\n<meta name=\"robots\" content=\"index, follow, max-snippet:-1, max-image-preview:large, max-video-preview:-1\" \/>\n<link rel=\"canonical\" href=\"https:\/\/diariotextual.com\/inicio\/index.php\/2023\/05\/19\/covid-recomiendan-que-la-mayoria-de-las-personas-reciban-solo-un-refuerzo-por-ano\/\" \/>\n<meta property=\"og:locale\" content=\"es_ES\" \/>\n<meta property=\"og:type\" content=\"article\" \/>\n<meta property=\"og:title\" content=\"Covid: recomiendan que la mayor\u00eda de las personas reciban solo un refuerzo por a\u00f1o - Diario Textual\" \/>\n<meta property=\"og:description\" content=\"La ministra de Salud de la Naci\u00f3n, Carla Vizzotti, junto a los y las referentes de Salud de todo el pa\u00eds informaron que de acuerdo a la reciente actualizaci\u00f3n de&hellip;\" \/>\n<meta property=\"og:url\" content=\"https:\/\/diariotextual.com\/inicio\/index.php\/2023\/05\/19\/covid-recomiendan-que-la-mayoria-de-las-personas-reciban-solo-un-refuerzo-por-ano\/\" \/>\n<meta property=\"og:site_name\" content=\"Diario Textual\" \/>\n<meta property=\"article:publisher\" content=\"https:\/\/www.facebook.com\/eltextual\" \/>\n<meta property=\"article:published_time\" content=\"2023-05-19T17:20:16+00:00\" \/>\n<meta property=\"article:modified_time\" content=\"2023-05-20T14:43:04+00:00\" \/>\n<meta property=\"og:image\" content=\"https:\/\/diariotextual.com\/inicio\/wp-content\/uploads\/2021\/05\/vacunacioncovid.jpg\" \/>\n\t<meta property=\"og:image:width\" content=\"1280\" \/>\n\t<meta property=\"og:image:height\" content=\"852\" \/>\n\t<meta property=\"og:image:type\" content=\"image\/jpeg\" \/>\n<meta name=\"author\" content=\"diario2\" \/>\n<meta name=\"twitter:card\" content=\"summary_large_image\" \/>\n<meta name=\"twitter:creator\" content=\"@eltextual\" \/>\n<meta name=\"twitter:site\" content=\"@eltextual\" \/>\n<meta name=\"twitter:label1\" content=\"Escrito por\" \/>\n\t<meta name=\"twitter:data1\" content=\"diario2\" \/>\n\t<meta name=\"twitter:label2\" content=\"Tiempo de lectura\" \/>\n\t<meta name=\"twitter:data2\" content=\"3 minutos\" \/>\n<script type=\"application\/ld+json\" class=\"yoast-schema-graph\">{\"@context\":\"https:\\\/\\\/schema.org\",\"@graph\":[{\"@type\":\"Article\",\"@id\":\"https:\\\/\\\/diariotextual.com\\\/inicio\\\/index.php\\\/2023\\\/05\\\/19\\\/covid-recomiendan-que-la-mayoria-de-las-personas-reciban-solo-un-refuerzo-por-ano\\\/#article\",\"isPartOf\":{\"@id\":\"https:\\\/\\\/diariotextual.com\\\/inicio\\\/index.php\\\/2023\\\/05\\\/19\\\/covid-recomiendan-que-la-mayoria-de-las-personas-reciban-solo-un-refuerzo-por-ano\\\/\"},\"author\":{\"name\":\"diario2\",\"@id\":\"https:\\\/\\\/diariotextual.com\\\/inicio\\\/#\\\/schema\\\/person\\\/694f60677f23c4a530867a98f22b3768\"},\"headline\":\"Covid: recomiendan que la mayor\u00eda de las personas reciban solo un refuerzo por a\u00f1o\",\"datePublished\":\"2023-05-19T17:20:16+00:00\",\"dateModified\":\"2023-05-20T14:43:04+00:00\",\"mainEntityOfPage\":{\"@id\":\"https:\\\/\\\/diariotextual.com\\\/inicio\\\/index.php\\\/2023\\\/05\\\/19\\\/covid-recomiendan-que-la-mayoria-de-las-personas-reciban-solo-un-refuerzo-por-ano\\\/\"},\"wordCount\":519,\"publisher\":{\"@id\":\"https:\\\/\\\/diariotextual.com\\\/inicio\\\/#organization\"},\"image\":{\"@id\":\"https:\\\/\\\/diariotextual.com\\\/inicio\\\/index.php\\\/2023\\\/05\\\/19\\\/covid-recomiendan-que-la-mayoria-de-las-personas-reciban-solo-un-refuerzo-por-ano\\\/#primaryimage\"},\"thumbnailUrl\":\"https:\\\/\\\/diariotextual.com\\\/inicio\\\/wp-content\\\/uploads\\\/2021\\\/05\\\/vacunacioncovid.jpg\",\"articleSection\":[\"A - ES NOTICIA (van abajo)\",\"A - QUE PASA (al costado)\",\"SOCIEDAD\"],\"inLanguage\":\"es\"},{\"@type\":\"WebPage\",\"@id\":\"https:\\\/\\\/diariotextual.com\\\/inicio\\\/index.php\\\/2023\\\/05\\\/19\\\/covid-recomiendan-que-la-mayoria-de-las-personas-reciban-solo-un-refuerzo-por-ano\\\/\",\"url\":\"https:\\\/\\\/diariotextual.com\\\/inicio\\\/index.php\\\/2023\\\/05\\\/19\\\/covid-recomiendan-que-la-mayoria-de-las-personas-reciban-solo-un-refuerzo-por-ano\\\/\",\"name\":\"Covid: recomiendan que la mayor\u00eda de las personas reciban solo un refuerzo por a\u00f1o - Diario Textual\",\"isPartOf\":{\"@id\":\"https:\\\/\\\/diariotextual.com\\\/inicio\\\/#website\"},\"primaryImageOfPage\":{\"@id\":\"https:\\\/\\\/diariotextual.com\\\/inicio\\\/index.php\\\/2023\\\/05\\\/19\\\/covid-recomiendan-que-la-mayoria-de-las-personas-reciban-solo-un-refuerzo-por-ano\\\/#primaryimage\"},\"image\":{\"@id\":\"https:\\\/\\\/diariotextual.com\\\/inicio\\\/index.php\\\/2023\\\/05\\\/19\\\/covid-recomiendan-que-la-mayoria-de-las-personas-reciban-solo-un-refuerzo-por-ano\\\/#primaryimage\"},\"thumbnailUrl\":\"https:\\\/\\\/diariotextual.com\\\/inicio\\\/wp-content\\\/uploads\\\/2021\\\/05\\\/vacunacioncovid.jpg\",\"datePublished\":\"2023-05-19T17:20:16+00:00\",\"dateModified\":\"2023-05-20T14:43:04+00:00\",\"breadcrumb\":{\"@id\":\"https:\\\/\\\/diariotextual.com\\\/inicio\\\/index.php\\\/2023\\\/05\\\/19\\\/covid-recomiendan-que-la-mayoria-de-las-personas-reciban-solo-un-refuerzo-por-ano\\\/#breadcrumb\"},\"inLanguage\":\"es\",\"potentialAction\":[{\"@type\":\"ReadAction\",\"target\":[\"https:\\\/\\\/diariotextual.com\\\/inicio\\\/index.php\\\/2023\\\/05\\\/19\\\/covid-recomiendan-que-la-mayoria-de-las-personas-reciban-solo-un-refuerzo-por-ano\\\/\"]}]},{\"@type\":\"ImageObject\",\"inLanguage\":\"es\",\"@id\":\"https:\\\/\\\/diariotextual.com\\\/inicio\\\/index.php\\\/2023\\\/05\\\/19\\\/covid-recomiendan-que-la-mayoria-de-las-personas-reciban-solo-un-refuerzo-por-ano\\\/#primaryimage\",\"url\":\"https:\\\/\\\/diariotextual.com\\\/inicio\\\/wp-content\\\/uploads\\\/2021\\\/05\\\/vacunacioncovid.jpg\",\"contentUrl\":\"https:\\\/\\\/diariotextual.com\\\/inicio\\\/wp-content\\\/uploads\\\/2021\\\/05\\\/vacunacioncovid.jpg\",\"width\":1280,\"height\":852},{\"@type\":\"BreadcrumbList\",\"@id\":\"https:\\\/\\\/diariotextual.com\\\/inicio\\\/index.php\\\/2023\\\/05\\\/19\\\/covid-recomiendan-que-la-mayoria-de-las-personas-reciban-solo-un-refuerzo-por-ano\\\/#breadcrumb\",\"itemListElement\":[{\"@type\":\"ListItem\",\"position\":1,\"name\":\"Portada\",\"item\":\"https:\\\/\\\/diariotextual.com\\\/inicio\\\/\"},{\"@type\":\"ListItem\",\"position\":2,\"name\":\"Covid: recomiendan que la mayor\u00eda de las personas reciban solo un refuerzo por a\u00f1o\"}]},{\"@type\":\"WebSite\",\"@id\":\"https:\\\/\\\/diariotextual.com\\\/inicio\\\/#website\",\"url\":\"https:\\\/\\\/diariotextual.com\\\/inicio\\\/\",\"name\":\"Diario Textual\",\"description\":\"\",\"publisher\":{\"@id\":\"https:\\\/\\\/diariotextual.com\\\/inicio\\\/#organization\"},\"potentialAction\":[{\"@type\":\"SearchAction\",\"target\":{\"@type\":\"EntryPoint\",\"urlTemplate\":\"https:\\\/\\\/diariotextual.com\\\/inicio\\\/?s={search_term_string}\"},\"query-input\":{\"@type\":\"PropertyValueSpecification\",\"valueRequired\":true,\"valueName\":\"search_term_string\"}}],\"inLanguage\":\"es\"},{\"@type\":\"Organization\",\"@id\":\"https:\\\/\\\/diariotextual.com\\\/inicio\\\/#organization\",\"name\":\"Diario Textual\",\"url\":\"https:\\\/\\\/diariotextual.com\\\/inicio\\\/\",\"logo\":{\"@type\":\"ImageObject\",\"inLanguage\":\"es\",\"@id\":\"https:\\\/\\\/diariotextual.com\\\/inicio\\\/#\\\/schema\\\/logo\\\/image\\\/\",\"url\":\"https:\\\/\\\/diariotextual.com\\\/inicio\\\/wp-content\\\/uploads\\\/2023\\\/05\\\/logotextual1.jpg\",\"contentUrl\":\"https:\\\/\\\/diariotextual.com\\\/inicio\\\/wp-content\\\/uploads\\\/2023\\\/05\\\/logotextual1.jpg\",\"width\":516,\"height\":76,\"caption\":\"Diario Textual\"},\"image\":{\"@id\":\"https:\\\/\\\/diariotextual.com\\\/inicio\\\/#\\\/schema\\\/logo\\\/image\\\/\"},\"sameAs\":[\"https:\\\/\\\/www.facebook.com\\\/eltextual\",\"https:\\\/\\\/x.com\\\/eltextual\",\"http:\\\/\\\/www.instagram.com\\\/eltextual\"]},{\"@type\":\"Person\",\"@id\":\"https:\\\/\\\/diariotextual.com\\\/inicio\\\/#\\\/schema\\\/person\\\/694f60677f23c4a530867a98f22b3768\",\"name\":\"diario2\",\"image\":{\"@type\":\"ImageObject\",\"inLanguage\":\"es\",\"@id\":\"https:\\\/\\\/secure.gravatar.com\\\/avatar\\\/5a2567495ba16b852fcd8f1ed006a2e24fcace936018ed8237e95f488ad6e0a7?s=96&d=mm&r=g\",\"url\":\"https:\\\/\\\/secure.gravatar.com\\\/avatar\\\/5a2567495ba16b852fcd8f1ed006a2e24fcace936018ed8237e95f488ad6e0a7?s=96&d=mm&r=g\",\"contentUrl\":\"https:\\\/\\\/secure.gravatar.com\\\/avatar\\\/5a2567495ba16b852fcd8f1ed006a2e24fcace936018ed8237e95f488ad6e0a7?s=96&d=mm&r=g\",\"caption\":\"diario2\"},\"url\":\"https:\\\/\\\/diariotextual.com\\\/inicio\\\/index.php\\\/author\\\/diario2\\\/\"}]}<\/script>\n<!-- \/ Yoast SEO plugin. -->","yoast_head_json":{"title":"Covid: recomiendan que la mayor\u00eda de las personas reciban solo un refuerzo por a\u00f1o - Diario Textual","robots":{"index":"index","follow":"follow","max-snippet":"max-snippet:-1","max-image-preview":"max-image-preview:large","max-video-preview":"max-video-preview:-1"},"canonical":"https:\/\/diariotextual.com\/inicio\/index.php\/2023\/05\/19\/covid-recomiendan-que-la-mayoria-de-las-personas-reciban-solo-un-refuerzo-por-ano\/","og_locale":"es_ES","og_type":"article","og_title":"Covid: recomiendan que la mayor\u00eda de las personas reciban solo un refuerzo por a\u00f1o - Diario Textual","og_description":"La ministra de Salud de la Naci\u00f3n, Carla Vizzotti, junto a los y las referentes de Salud de todo el pa\u00eds informaron que de acuerdo a la reciente actualizaci\u00f3n de&hellip;","og_url":"https:\/\/diariotextual.com\/inicio\/index.php\/2023\/05\/19\/covid-recomiendan-que-la-mayoria-de-las-personas-reciban-solo-un-refuerzo-por-ano\/","og_site_name":"Diario Textual","article_publisher":"https:\/\/www.facebook.com\/eltextual","article_published_time":"2023-05-19T17:20:16+00:00","article_modified_time":"2023-05-20T14:43:04+00:00","og_image":[{"width":1280,"height":852,"url":"https:\/\/diariotextual.com\/inicio\/wp-content\/uploads\/2021\/05\/vacunacioncovid.jpg","type":"image\/jpeg"}],"author":"diario2","twitter_card":"summary_large_image","twitter_creator":"@eltextual","twitter_site":"@eltextual","twitter_misc":{"Escrito por":"diario2","Tiempo de lectura":"3 minutos"},"schema":{"@context":"https:\/\/schema.org","@graph":[{"@type":"Article","@id":"https:\/\/diariotextual.com\/inicio\/index.php\/2023\/05\/19\/covid-recomiendan-que-la-mayoria-de-las-personas-reciban-solo-un-refuerzo-por-ano\/#article","isPartOf":{"@id":"https:\/\/diariotextual.com\/inicio\/index.php\/2023\/05\/19\/covid-recomiendan-que-la-mayoria-de-las-personas-reciban-solo-un-refuerzo-por-ano\/"},"author":{"name":"diario2","@id":"https:\/\/diariotextual.com\/inicio\/#\/schema\/person\/694f60677f23c4a530867a98f22b3768"},"headline":"Covid: recomiendan que la mayor\u00eda de las personas reciban solo un refuerzo por a\u00f1o","datePublished":"2023-05-19T17:20:16+00:00","dateModified":"2023-05-20T14:43:04+00:00","mainEntityOfPage":{"@id":"https:\/\/diariotextual.com\/inicio\/index.php\/2023\/05\/19\/covid-recomiendan-que-la-mayoria-de-las-personas-reciban-solo-un-refuerzo-por-ano\/"},"wordCount":519,"publisher":{"@id":"https:\/\/diariotextual.com\/inicio\/#organization"},"image":{"@id":"https:\/\/diariotextual.com\/inicio\/index.php\/2023\/05\/19\/covid-recomiendan-que-la-mayoria-de-las-personas-reciban-solo-un-refuerzo-por-ano\/#primaryimage"},"thumbnailUrl":"https:\/\/diariotextual.com\/inicio\/wp-content\/uploads\/2021\/05\/vacunacioncovid.jpg","articleSection":["A - ES NOTICIA (van abajo)","A - QUE PASA (al costado)","SOCIEDAD"],"inLanguage":"es"},{"@type":"WebPage","@id":"https:\/\/diariotextual.com\/inicio\/index.php\/2023\/05\/19\/covid-recomiendan-que-la-mayoria-de-las-personas-reciban-solo-un-refuerzo-por-ano\/","url":"https:\/\/diariotextual.com\/inicio\/index.php\/2023\/05\/19\/covid-recomiendan-que-la-mayoria-de-las-personas-reciban-solo-un-refuerzo-por-ano\/","name":"Covid: recomiendan que la mayor\u00eda de las personas reciban solo un refuerzo por a\u00f1o - Diario Textual","isPartOf":{"@id":"https:\/\/diariotextual.com\/inicio\/#website"},"primaryImageOfPage":{"@id":"https:\/\/diariotextual.com\/inicio\/index.php\/2023\/05\/19\/covid-recomiendan-que-la-mayoria-de-las-personas-reciban-solo-un-refuerzo-por-ano\/#primaryimage"},"image":{"@id":"https:\/\/diariotextual.com\/inicio\/index.php\/2023\/05\/19\/covid-recomiendan-que-la-mayoria-de-las-personas-reciban-solo-un-refuerzo-por-ano\/#primaryimage"},"thumbnailUrl":"https:\/\/diariotextual.com\/inicio\/wp-content\/uploads\/2021\/05\/vacunacioncovid.jpg","datePublished":"2023-05-19T17:20:16+00:00","dateModified":"2023-05-20T14:43:04+00:00","breadcrumb":{"@id":"https:\/\/diariotextual.com\/inicio\/index.php\/2023\/05\/19\/covid-recomiendan-que-la-mayoria-de-las-personas-reciban-solo-un-refuerzo-por-ano\/#breadcrumb"},"inLanguage":"es","potentialAction":[{"@type":"ReadAction","target":["https:\/\/diariotextual.com\/inicio\/index.php\/2023\/05\/19\/covid-recomiendan-que-la-mayoria-de-las-personas-reciban-solo-un-refuerzo-por-ano\/"]}]},{"@type":"ImageObject","inLanguage":"es","@id":"https:\/\/diariotextual.com\/inicio\/index.php\/2023\/05\/19\/covid-recomiendan-que-la-mayoria-de-las-personas-reciban-solo-un-refuerzo-por-ano\/#primaryimage","url":"https:\/\/diariotextual.com\/inicio\/wp-content\/uploads\/2021\/05\/vacunacioncovid.jpg","contentUrl":"https:\/\/diariotextual.com\/inicio\/wp-content\/uploads\/2021\/05\/vacunacioncovid.jpg","width":1280,"height":852},{"@type":"BreadcrumbList","@id":"https:\/\/diariotextual.com\/inicio\/index.php\/2023\/05\/19\/covid-recomiendan-que-la-mayoria-de-las-personas-reciban-solo-un-refuerzo-por-ano\/#breadcrumb","itemListElement":[{"@type":"ListItem","position":1,"name":"Portada","item":"https:\/\/diariotextual.com\/inicio\/"},{"@type":"ListItem","position":2,"name":"Covid: recomiendan que la mayor\u00eda de las personas reciban solo un refuerzo por a\u00f1o"}]},{"@type":"WebSite","@id":"https:\/\/diariotextual.com\/inicio\/#website","url":"https:\/\/diariotextual.com\/inicio\/","name":"Diario Textual","description":"","publisher":{"@id":"https:\/\/diariotextual.com\/inicio\/#organization"},"potentialAction":[{"@type":"SearchAction","target":{"@type":"EntryPoint","urlTemplate":"https:\/\/diariotextual.com\/inicio\/?s={search_term_string}"},"query-input":{"@type":"PropertyValueSpecification","valueRequired":true,"valueName":"search_term_string"}}],"inLanguage":"es"},{"@type":"Organization","@id":"https:\/\/diariotextual.com\/inicio\/#organization","name":"Diario Textual","url":"https:\/\/diariotextual.com\/inicio\/","logo":{"@type":"ImageObject","inLanguage":"es","@id":"https:\/\/diariotextual.com\/inicio\/#\/schema\/logo\/image\/","url":"https:\/\/diariotextual.com\/inicio\/wp-content\/uploads\/2023\/05\/logotextual1.jpg","contentUrl":"https:\/\/diariotextual.com\/inicio\/wp-content\/uploads\/2023\/05\/logotextual1.jpg","width":516,"height":76,"caption":"Diario Textual"},"image":{"@id":"https:\/\/diariotextual.com\/inicio\/#\/schema\/logo\/image\/"},"sameAs":["https:\/\/www.facebook.com\/eltextual","https:\/\/x.com\/eltextual","http:\/\/www.instagram.com\/eltextual"]},{"@type":"Person","@id":"https:\/\/diariotextual.com\/inicio\/#\/schema\/person\/694f60677f23c4a530867a98f22b3768","name":"diario2","image":{"@type":"ImageObject","inLanguage":"es","@id":"https:\/\/secure.gravatar.com\/avatar\/5a2567495ba16b852fcd8f1ed006a2e24fcace936018ed8237e95f488ad6e0a7?s=96&d=mm&r=g","url":"https:\/\/secure.gravatar.com\/avatar\/5a2567495ba16b852fcd8f1ed006a2e24fcace936018ed8237e95f488ad6e0a7?s=96&d=mm&r=g","contentUrl":"https:\/\/secure.gravatar.com\/avatar\/5a2567495ba16b852fcd8f1ed006a2e24fcace936018ed8237e95f488ad6e0a7?s=96&d=mm&r=g","caption":"diario2"},"url":"https:\/\/diariotextual.com\/inicio\/index.php\/author\/diario2\/"}]}},"_links":{"self":[{"href":"https:\/\/diariotextual.com\/inicio\/index.php\/wp-json\/wp\/v2\/posts\/225988","targetHints":{"allow":["GET"]}}],"collection":[{"href":"https:\/\/diariotextual.com\/inicio\/index.php\/wp-json\/wp\/v2\/posts"}],"about":[{"href":"https:\/\/diariotextual.com\/inicio\/index.php\/wp-json\/wp\/v2\/types\/post"}],"author":[{"embeddable":true,"href":"https:\/\/diariotextual.com\/inicio\/index.php\/wp-json\/wp\/v2\/users\/4"}],"replies":[{"embeddable":true,"href":"https:\/\/diariotextual.com\/inicio\/index.php\/wp-json\/wp\/v2\/comments?post=225988"}],"version-history":[{"count":2,"href":"https:\/\/diariotextual.com\/inicio\/index.php\/wp-json\/wp\/v2\/posts\/225988\/revisions"}],"predecessor-version":[{"id":225993,"href":"https:\/\/diariotextual.com\/inicio\/index.php\/wp-json\/wp\/v2\/posts\/225988\/revisions\/225993"}],"wp:featuredmedia":[{"embeddable":true,"href":"https:\/\/diariotextual.com\/inicio\/index.php\/wp-json\/wp\/v2\/media\/147564"}],"wp:attachment":[{"href":"https:\/\/diariotextual.com\/inicio\/index.php\/wp-json\/wp\/v2\/media?parent=225988"}],"wp:term":[{"taxonomy":"category","embeddable":true,"href":"https:\/\/diariotextual.com\/inicio\/index.php\/wp-json\/wp\/v2\/categories?post=225988"},{"taxonomy":"post_tag","embeddable":true,"href":"https:\/\/diariotextual.com\/inicio\/index.php\/wp-json\/wp\/v2\/tags?post=225988"}],"curies":[{"name":"wp","href":"https:\/\/api.w.org\/{rel}","templated":true}]}}