{"id":226018,"date":"2023-05-19T19:21:55","date_gmt":"2023-05-19T22:21:55","guid":{"rendered":"https:\/\/diariotextual.com\/inicio\/?p=226018"},"modified":"2023-05-19T19:21:57","modified_gmt":"2023-05-19T22:21:57","slug":"activan-sistema-inteligente-para-la-provision-de-agua-potable-en-realico","status":"publish","type":"post","link":"https:\/\/diariotextual.com\/inicio\/index.php\/2023\/05\/19\/activan-sistema-inteligente-para-la-provision-de-agua-potable-en-realico\/","title":{"rendered":"Activan sistema inteligente para la provisi\u00f3n de agua potable en Realic\u00f3"},"content":{"rendered":"\n<p>La Cooperativa de Agua de Realic\u00f3 recibi\u00f3 un financiamiento del Gobierno de la Provincia para realizar la automatizaci\u00f3n remota del sistema de extracci\u00f3n, potabilizaci\u00f3n y distribuci\u00f3n de agua, que permitir\u00e1 una mejora sustancial en la calidad del servicio, seguridad en el abastecimiento y un manejo m\u00e1s eficiente del acu\u00edfero.&nbsp;<\/p>\n\n\n\n<p>El aporte econ\u00f3mico lo realiz\u00f3 la Administraci\u00f3n Provincial del Agua a trav\u00e9s de uno de sus programas descentralizados destinados a mantener, ampliar o instalar infraestructuras de saneamiento, que otorguen bienestar en las poblaciones. Estos refuerzos econ\u00f3micos son destinados a comunas y entes prestadores de servicios con la \u00fanica finalidad de colaborar con la calidad de vida de las y los pampeanos.<br>Esta obra permite optimizar la extracci\u00f3n de agua de los pozos para cuidar la calidad del agua y combinar el funcionamiento de los pozos para llevar a la red con la mezcla \u00f3ptima.<\/p>\n\n\n\n<p>Norma Falco, gerenta de la COPAGUA, explic\u00f3 a la Agencia Provincial de Noticias\u00a0 que \u201cesta obra trata de un sistema inteligente que comanda todo el sistema, tanto de captaci\u00f3n como de impulsi\u00f3n, elevaci\u00f3n y clorado, esto significa todo el sistema de agua corriente\u201d.<\/p>\n\n\n\n<p>\u201cDesde la central de comando las computadoras van determinando el funcionamiento de las bombas de acuerdo a las demandas que existen en el consumo de agua, y es ah\u00ed donde se activan o apagan seg\u00fan la necesidad, a su vez coordina los tiempos con las bombas elevadoras para llevar el agua a la cisterna, de acuerdo a los niveles. Lo que permite este sistema es una mejora sustancial de aprovechamiento del recurso y una mezcla exacta de lo que se necesita para obtener un agua de calidad\u201d.<\/p>\n\n\n\n<p>En esta primera etapa se realizaron los trabajos que incluye a diez pozos de bombeo, elevaci\u00f3n y clorado, en la segunda etapa est\u00e1 previsto poner los pozos faltantes en el mismo programa de automatizaci\u00f3n.\u00a0<\/p>\n\n\n\n<p>\u201cHoy en d\u00eda el resto de las perforaciones dependen de los operarios que van monitoreando el sistema, realizan las acciones de forma manual para que el agua haga el recorrido apropiado, el nuevo sistema que involucra a diez pozos, est\u00e1 todo automatizado por medio de pantallas que indican las actividades y alarmas se conoce el proceso en tiempo real\u201d, finaliz\u00f3.<\/p>\n\n\n\n<p>Uno de los objetivos principales de la APA en esta gesti\u00f3n es aumentar su presencia en la prestaci\u00f3n de los Servicios P\u00fablicos de Agua y Saneamiento de la Provincia.<\/p>\n\n\n\n<p>Con este objetivo, a trav\u00e9s de su personal t\u00e9cnico visita peri\u00f3dicamente a cada una de las localidades de la Provincia controlando los servicios de agua y cloacas para conocer sus problemas y necesidades m\u00e1s urgentes. Como resultado de estas acciones se pudo observar que la mayor\u00eda de los servicios requer\u00eda la ejecuci\u00f3n de trabajos que, si bien no representaban grandes inversiones, no estaban muchas veces al alcance de los entes prestadores.<\/p>\n\n\n\n<p><\/p>\n","protected":false},"excerpt":{"rendered":"<p>La Cooperativa de Agua de Realic\u00f3 recibi\u00f3 un financiamiento del Gobierno de la Provincia para realizar la automatizaci\u00f3n remota del sistema de extracci\u00f3n, potabilizaci\u00f3n y distribuci\u00f3n de agua, que permitir\u00e1&hellip;<\/p>\n","protected":false},"author":4,"featured_media":226020,"comment_status":"closed","ping_status":"open","sticky":false,"template":"","format":"standard","meta":{"_acf_changed":false,"footnotes":""},"categories":[1,12],"tags":[],"class_list":["post-226018","post","type-post","status-publish","format-standard","has-post-thumbnail","hentry","category-es-noticia","category-sociedad"],"acf":[],"yoast_head":"<!-- This site is optimized with the Yoast SEO plugin v27.5 - https:\/\/yoast.com\/product\/yoast-seo-wordpress\/ -->\n<title>Activan sistema inteligente para la provisi\u00f3n de agua potable en Realic\u00f3 - Diario Textual<\/title>\n<meta name=\"robots\" content=\"index, follow, max-snippet:-1, max-image-preview:large, max-video-preview:-1\" \/>\n<link rel=\"canonical\" href=\"https:\/\/diariotextual.com\/inicio\/index.php\/2023\/05\/19\/activan-sistema-inteligente-para-la-provision-de-agua-potable-en-realico\/\" \/>\n<meta property=\"og:locale\" content=\"es_ES\" \/>\n<meta property=\"og:type\" content=\"article\" \/>\n<meta property=\"og:title\" content=\"Activan sistema inteligente para la provisi\u00f3n de agua potable en Realic\u00f3 - Diario Textual\" \/>\n<meta property=\"og:description\" content=\"La Cooperativa de Agua de Realic\u00f3 recibi\u00f3 un financiamiento del Gobierno de la Provincia para realizar la automatizaci\u00f3n remota del sistema de extracci\u00f3n, potabilizaci\u00f3n y distribuci\u00f3n de agua, que permitir\u00e1&hellip;\" \/>\n<meta property=\"og:url\" content=\"https:\/\/diariotextual.com\/inicio\/index.php\/2023\/05\/19\/activan-sistema-inteligente-para-la-provision-de-agua-potable-en-realico\/\" \/>\n<meta property=\"og:site_name\" content=\"Diario Textual\" \/>\n<meta property=\"article:publisher\" content=\"https:\/\/www.facebook.com\/eltextual\" \/>\n<meta property=\"article:published_time\" content=\"2023-05-19T22:21:55+00:00\" \/>\n<meta property=\"article:modified_time\" content=\"2023-05-19T22:21:57+00:00\" \/>\n<meta property=\"og:image\" content=\"https:\/\/diariotextual.com\/inicio\/wp-content\/uploads\/2023\/05\/aguapotablerealico654646.jpg\" \/>\n\t<meta property=\"og:image:width\" content=\"844\" \/>\n\t<meta property=\"og:image:height\" content=\"545\" \/>\n\t<meta property=\"og:image:type\" content=\"image\/jpeg\" \/>\n<meta name=\"author\" content=\"diario2\" \/>\n<meta name=\"twitter:card\" content=\"summary_large_image\" \/>\n<meta name=\"twitter:creator\" content=\"@eltextual\" \/>\n<meta name=\"twitter:site\" content=\"@eltextual\" \/>\n<meta name=\"twitter:label1\" content=\"Escrito por\" \/>\n\t<meta name=\"twitter:data1\" content=\"diario2\" \/>\n\t<meta name=\"twitter:label2\" content=\"Tiempo de lectura\" \/>\n\t<meta name=\"twitter:data2\" content=\"3 minutos\" \/>\n<script type=\"application\/ld+json\" class=\"yoast-schema-graph\">{\"@context\":\"https:\\\/\\\/schema.org\",\"@graph\":[{\"@type\":\"Article\",\"@id\":\"https:\\\/\\\/diariotextual.com\\\/inicio\\\/index.php\\\/2023\\\/05\\\/19\\\/activan-sistema-inteligente-para-la-provision-de-agua-potable-en-realico\\\/#article\",\"isPartOf\":{\"@id\":\"https:\\\/\\\/diariotextual.com\\\/inicio\\\/index.php\\\/2023\\\/05\\\/19\\\/activan-sistema-inteligente-para-la-provision-de-agua-potable-en-realico\\\/\"},\"author\":{\"name\":\"diario2\",\"@id\":\"https:\\\/\\\/diariotextual.com\\\/inicio\\\/#\\\/schema\\\/person\\\/694f60677f23c4a530867a98f22b3768\"},\"headline\":\"Activan sistema inteligente para la provisi\u00f3n de agua potable en Realic\u00f3\",\"datePublished\":\"2023-05-19T22:21:55+00:00\",\"dateModified\":\"2023-05-19T22:21:57+00:00\",\"mainEntityOfPage\":{\"@id\":\"https:\\\/\\\/diariotextual.com\\\/inicio\\\/index.php\\\/2023\\\/05\\\/19\\\/activan-sistema-inteligente-para-la-provision-de-agua-potable-en-realico\\\/\"},\"wordCount\":508,\"publisher\":{\"@id\":\"https:\\\/\\\/diariotextual.com\\\/inicio\\\/#organization\"},\"image\":{\"@id\":\"https:\\\/\\\/diariotextual.com\\\/inicio\\\/index.php\\\/2023\\\/05\\\/19\\\/activan-sistema-inteligente-para-la-provision-de-agua-potable-en-realico\\\/#primaryimage\"},\"thumbnailUrl\":\"https:\\\/\\\/diariotextual.com\\\/inicio\\\/wp-content\\\/uploads\\\/2023\\\/05\\\/aguapotablerealico654646.jpg\",\"articleSection\":[\"A - ES NOTICIA (van abajo)\",\"SOCIEDAD\"],\"inLanguage\":\"es\"},{\"@type\":\"WebPage\",\"@id\":\"https:\\\/\\\/diariotextual.com\\\/inicio\\\/index.php\\\/2023\\\/05\\\/19\\\/activan-sistema-inteligente-para-la-provision-de-agua-potable-en-realico\\\/\",\"url\":\"https:\\\/\\\/diariotextual.com\\\/inicio\\\/index.php\\\/2023\\\/05\\\/19\\\/activan-sistema-inteligente-para-la-provision-de-agua-potable-en-realico\\\/\",\"name\":\"Activan sistema inteligente para la provisi\u00f3n de agua potable en Realic\u00f3 - Diario Textual\",\"isPartOf\":{\"@id\":\"https:\\\/\\\/diariotextual.com\\\/inicio\\\/#website\"},\"primaryImageOfPage\":{\"@id\":\"https:\\\/\\\/diariotextual.com\\\/inicio\\\/index.php\\\/2023\\\/05\\\/19\\\/activan-sistema-inteligente-para-la-provision-de-agua-potable-en-realico\\\/#primaryimage\"},\"image\":{\"@id\":\"https:\\\/\\\/diariotextual.com\\\/inicio\\\/index.php\\\/2023\\\/05\\\/19\\\/activan-sistema-inteligente-para-la-provision-de-agua-potable-en-realico\\\/#primaryimage\"},\"thumbnailUrl\":\"https:\\\/\\\/diariotextual.com\\\/inicio\\\/wp-content\\\/uploads\\\/2023\\\/05\\\/aguapotablerealico654646.jpg\",\"datePublished\":\"2023-05-19T22:21:55+00:00\",\"dateModified\":\"2023-05-19T22:21:57+00:00\",\"breadcrumb\":{\"@id\":\"https:\\\/\\\/diariotextual.com\\\/inicio\\\/index.php\\\/2023\\\/05\\\/19\\\/activan-sistema-inteligente-para-la-provision-de-agua-potable-en-realico\\\/#breadcrumb\"},\"inLanguage\":\"es\",\"potentialAction\":[{\"@type\":\"ReadAction\",\"target\":[\"https:\\\/\\\/diariotextual.com\\\/inicio\\\/index.php\\\/2023\\\/05\\\/19\\\/activan-sistema-inteligente-para-la-provision-de-agua-potable-en-realico\\\/\"]}]},{\"@type\":\"ImageObject\",\"inLanguage\":\"es\",\"@id\":\"https:\\\/\\\/diariotextual.com\\\/inicio\\\/index.php\\\/2023\\\/05\\\/19\\\/activan-sistema-inteligente-para-la-provision-de-agua-potable-en-realico\\\/#primaryimage\",\"url\":\"https:\\\/\\\/diariotextual.com\\\/inicio\\\/wp-content\\\/uploads\\\/2023\\\/05\\\/aguapotablerealico654646.jpg\",\"contentUrl\":\"https:\\\/\\\/diariotextual.com\\\/inicio\\\/wp-content\\\/uploads\\\/2023\\\/05\\\/aguapotablerealico654646.jpg\",\"width\":844,\"height\":545},{\"@type\":\"BreadcrumbList\",\"@id\":\"https:\\\/\\\/diariotextual.com\\\/inicio\\\/index.php\\\/2023\\\/05\\\/19\\\/activan-sistema-inteligente-para-la-provision-de-agua-potable-en-realico\\\/#breadcrumb\",\"itemListElement\":[{\"@type\":\"ListItem\",\"position\":1,\"name\":\"Portada\",\"item\":\"https:\\\/\\\/diariotextual.com\\\/inicio\\\/\"},{\"@type\":\"ListItem\",\"position\":2,\"name\":\"Activan sistema inteligente para la provisi\u00f3n de agua potable en Realic\u00f3\"}]},{\"@type\":\"WebSite\",\"@id\":\"https:\\\/\\\/diariotextual.com\\\/inicio\\\/#website\",\"url\":\"https:\\\/\\\/diariotextual.com\\\/inicio\\\/\",\"name\":\"Diario Textual\",\"description\":\"\",\"publisher\":{\"@id\":\"https:\\\/\\\/diariotextual.com\\\/inicio\\\/#organization\"},\"potentialAction\":[{\"@type\":\"SearchAction\",\"target\":{\"@type\":\"EntryPoint\",\"urlTemplate\":\"https:\\\/\\\/diariotextual.com\\\/inicio\\\/?s={search_term_string}\"},\"query-input\":{\"@type\":\"PropertyValueSpecification\",\"valueRequired\":true,\"valueName\":\"search_term_string\"}}],\"inLanguage\":\"es\"},{\"@type\":\"Organization\",\"@id\":\"https:\\\/\\\/diariotextual.com\\\/inicio\\\/#organization\",\"name\":\"Diario Textual\",\"url\":\"https:\\\/\\\/diariotextual.com\\\/inicio\\\/\",\"logo\":{\"@type\":\"ImageObject\",\"inLanguage\":\"es\",\"@id\":\"https:\\\/\\\/diariotextual.com\\\/inicio\\\/#\\\/schema\\\/logo\\\/image\\\/\",\"url\":\"https:\\\/\\\/diariotextual.com\\\/inicio\\\/wp-content\\\/uploads\\\/2023\\\/05\\\/logotextual1.jpg\",\"contentUrl\":\"https:\\\/\\\/diariotextual.com\\\/inicio\\\/wp-content\\\/uploads\\\/2023\\\/05\\\/logotextual1.jpg\",\"width\":516,\"height\":76,\"caption\":\"Diario Textual\"},\"image\":{\"@id\":\"https:\\\/\\\/diariotextual.com\\\/inicio\\\/#\\\/schema\\\/logo\\\/image\\\/\"},\"sameAs\":[\"https:\\\/\\\/www.facebook.com\\\/eltextual\",\"https:\\\/\\\/x.com\\\/eltextual\",\"http:\\\/\\\/www.instagram.com\\\/eltextual\"]},{\"@type\":\"Person\",\"@id\":\"https:\\\/\\\/diariotextual.com\\\/inicio\\\/#\\\/schema\\\/person\\\/694f60677f23c4a530867a98f22b3768\",\"name\":\"diario2\",\"image\":{\"@type\":\"ImageObject\",\"inLanguage\":\"es\",\"@id\":\"https:\\\/\\\/secure.gravatar.com\\\/avatar\\\/5a2567495ba16b852fcd8f1ed006a2e24fcace936018ed8237e95f488ad6e0a7?s=96&d=mm&r=g\",\"url\":\"https:\\\/\\\/secure.gravatar.com\\\/avatar\\\/5a2567495ba16b852fcd8f1ed006a2e24fcace936018ed8237e95f488ad6e0a7?s=96&d=mm&r=g\",\"contentUrl\":\"https:\\\/\\\/secure.gravatar.com\\\/avatar\\\/5a2567495ba16b852fcd8f1ed006a2e24fcace936018ed8237e95f488ad6e0a7?s=96&d=mm&r=g\",\"caption\":\"diario2\"},\"url\":\"https:\\\/\\\/diariotextual.com\\\/inicio\\\/index.php\\\/author\\\/diario2\\\/\"}]}<\/script>\n<!-- \/ Yoast SEO plugin. -->","yoast_head_json":{"title":"Activan sistema inteligente para la provisi\u00f3n de agua potable en Realic\u00f3 - Diario Textual","robots":{"index":"index","follow":"follow","max-snippet":"max-snippet:-1","max-image-preview":"max-image-preview:large","max-video-preview":"max-video-preview:-1"},"canonical":"https:\/\/diariotextual.com\/inicio\/index.php\/2023\/05\/19\/activan-sistema-inteligente-para-la-provision-de-agua-potable-en-realico\/","og_locale":"es_ES","og_type":"article","og_title":"Activan sistema inteligente para la provisi\u00f3n de agua potable en Realic\u00f3 - Diario Textual","og_description":"La Cooperativa de Agua de Realic\u00f3 recibi\u00f3 un financiamiento del Gobierno de la Provincia para realizar la automatizaci\u00f3n remota del sistema de extracci\u00f3n, potabilizaci\u00f3n y distribuci\u00f3n de agua, que permitir\u00e1&hellip;","og_url":"https:\/\/diariotextual.com\/inicio\/index.php\/2023\/05\/19\/activan-sistema-inteligente-para-la-provision-de-agua-potable-en-realico\/","og_site_name":"Diario Textual","article_publisher":"https:\/\/www.facebook.com\/eltextual","article_published_time":"2023-05-19T22:21:55+00:00","article_modified_time":"2023-05-19T22:21:57+00:00","og_image":[{"width":844,"height":545,"url":"https:\/\/diariotextual.com\/inicio\/wp-content\/uploads\/2023\/05\/aguapotablerealico654646.jpg","type":"image\/jpeg"}],"author":"diario2","twitter_card":"summary_large_image","twitter_creator":"@eltextual","twitter_site":"@eltextual","twitter_misc":{"Escrito por":"diario2","Tiempo de lectura":"3 minutos"},"schema":{"@context":"https:\/\/schema.org","@graph":[{"@type":"Article","@id":"https:\/\/diariotextual.com\/inicio\/index.php\/2023\/05\/19\/activan-sistema-inteligente-para-la-provision-de-agua-potable-en-realico\/#article","isPartOf":{"@id":"https:\/\/diariotextual.com\/inicio\/index.php\/2023\/05\/19\/activan-sistema-inteligente-para-la-provision-de-agua-potable-en-realico\/"},"author":{"name":"diario2","@id":"https:\/\/diariotextual.com\/inicio\/#\/schema\/person\/694f60677f23c4a530867a98f22b3768"},"headline":"Activan sistema inteligente para la provisi\u00f3n de agua potable en Realic\u00f3","datePublished":"2023-05-19T22:21:55+00:00","dateModified":"2023-05-19T22:21:57+00:00","mainEntityOfPage":{"@id":"https:\/\/diariotextual.com\/inicio\/index.php\/2023\/05\/19\/activan-sistema-inteligente-para-la-provision-de-agua-potable-en-realico\/"},"wordCount":508,"publisher":{"@id":"https:\/\/diariotextual.com\/inicio\/#organization"},"image":{"@id":"https:\/\/diariotextual.com\/inicio\/index.php\/2023\/05\/19\/activan-sistema-inteligente-para-la-provision-de-agua-potable-en-realico\/#primaryimage"},"thumbnailUrl":"https:\/\/diariotextual.com\/inicio\/wp-content\/uploads\/2023\/05\/aguapotablerealico654646.jpg","articleSection":["A - ES NOTICIA (van abajo)","SOCIEDAD"],"inLanguage":"es"},{"@type":"WebPage","@id":"https:\/\/diariotextual.com\/inicio\/index.php\/2023\/05\/19\/activan-sistema-inteligente-para-la-provision-de-agua-potable-en-realico\/","url":"https:\/\/diariotextual.com\/inicio\/index.php\/2023\/05\/19\/activan-sistema-inteligente-para-la-provision-de-agua-potable-en-realico\/","name":"Activan sistema inteligente para la provisi\u00f3n de agua potable en Realic\u00f3 - Diario Textual","isPartOf":{"@id":"https:\/\/diariotextual.com\/inicio\/#website"},"primaryImageOfPage":{"@id":"https:\/\/diariotextual.com\/inicio\/index.php\/2023\/05\/19\/activan-sistema-inteligente-para-la-provision-de-agua-potable-en-realico\/#primaryimage"},"image":{"@id":"https:\/\/diariotextual.com\/inicio\/index.php\/2023\/05\/19\/activan-sistema-inteligente-para-la-provision-de-agua-potable-en-realico\/#primaryimage"},"thumbnailUrl":"https:\/\/diariotextual.com\/inicio\/wp-content\/uploads\/2023\/05\/aguapotablerealico654646.jpg","datePublished":"2023-05-19T22:21:55+00:00","dateModified":"2023-05-19T22:21:57+00:00","breadcrumb":{"@id":"https:\/\/diariotextual.com\/inicio\/index.php\/2023\/05\/19\/activan-sistema-inteligente-para-la-provision-de-agua-potable-en-realico\/#breadcrumb"},"inLanguage":"es","potentialAction":[{"@type":"ReadAction","target":["https:\/\/diariotextual.com\/inicio\/index.php\/2023\/05\/19\/activan-sistema-inteligente-para-la-provision-de-agua-potable-en-realico\/"]}]},{"@type":"ImageObject","inLanguage":"es","@id":"https:\/\/diariotextual.com\/inicio\/index.php\/2023\/05\/19\/activan-sistema-inteligente-para-la-provision-de-agua-potable-en-realico\/#primaryimage","url":"https:\/\/diariotextual.com\/inicio\/wp-content\/uploads\/2023\/05\/aguapotablerealico654646.jpg","contentUrl":"https:\/\/diariotextual.com\/inicio\/wp-content\/uploads\/2023\/05\/aguapotablerealico654646.jpg","width":844,"height":545},{"@type":"BreadcrumbList","@id":"https:\/\/diariotextual.com\/inicio\/index.php\/2023\/05\/19\/activan-sistema-inteligente-para-la-provision-de-agua-potable-en-realico\/#breadcrumb","itemListElement":[{"@type":"ListItem","position":1,"name":"Portada","item":"https:\/\/diariotextual.com\/inicio\/"},{"@type":"ListItem","position":2,"name":"Activan sistema inteligente para la provisi\u00f3n de agua potable en Realic\u00f3"}]},{"@type":"WebSite","@id":"https:\/\/diariotextual.com\/inicio\/#website","url":"https:\/\/diariotextual.com\/inicio\/","name":"Diario Textual","description":"","publisher":{"@id":"https:\/\/diariotextual.com\/inicio\/#organization"},"potentialAction":[{"@type":"SearchAction","target":{"@type":"EntryPoint","urlTemplate":"https:\/\/diariotextual.com\/inicio\/?s={search_term_string}"},"query-input":{"@type":"PropertyValueSpecification","valueRequired":true,"valueName":"search_term_string"}}],"inLanguage":"es"},{"@type":"Organization","@id":"https:\/\/diariotextual.com\/inicio\/#organization","name":"Diario Textual","url":"https:\/\/diariotextual.com\/inicio\/","logo":{"@type":"ImageObject","inLanguage":"es","@id":"https:\/\/diariotextual.com\/inicio\/#\/schema\/logo\/image\/","url":"https:\/\/diariotextual.com\/inicio\/wp-content\/uploads\/2023\/05\/logotextual1.jpg","contentUrl":"https:\/\/diariotextual.com\/inicio\/wp-content\/uploads\/2023\/05\/logotextual1.jpg","width":516,"height":76,"caption":"Diario Textual"},"image":{"@id":"https:\/\/diariotextual.com\/inicio\/#\/schema\/logo\/image\/"},"sameAs":["https:\/\/www.facebook.com\/eltextual","https:\/\/x.com\/eltextual","http:\/\/www.instagram.com\/eltextual"]},{"@type":"Person","@id":"https:\/\/diariotextual.com\/inicio\/#\/schema\/person\/694f60677f23c4a530867a98f22b3768","name":"diario2","image":{"@type":"ImageObject","inLanguage":"es","@id":"https:\/\/secure.gravatar.com\/avatar\/5a2567495ba16b852fcd8f1ed006a2e24fcace936018ed8237e95f488ad6e0a7?s=96&d=mm&r=g","url":"https:\/\/secure.gravatar.com\/avatar\/5a2567495ba16b852fcd8f1ed006a2e24fcace936018ed8237e95f488ad6e0a7?s=96&d=mm&r=g","contentUrl":"https:\/\/secure.gravatar.com\/avatar\/5a2567495ba16b852fcd8f1ed006a2e24fcace936018ed8237e95f488ad6e0a7?s=96&d=mm&r=g","caption":"diario2"},"url":"https:\/\/diariotextual.com\/inicio\/index.php\/author\/diario2\/"}]}},"_links":{"self":[{"href":"https:\/\/diariotextual.com\/inicio\/index.php\/wp-json\/wp\/v2\/posts\/226018","targetHints":{"allow":["GET"]}}],"collection":[{"href":"https:\/\/diariotextual.com\/inicio\/index.php\/wp-json\/wp\/v2\/posts"}],"about":[{"href":"https:\/\/diariotextual.com\/inicio\/index.php\/wp-json\/wp\/v2\/types\/post"}],"author":[{"embeddable":true,"href":"https:\/\/diariotextual.com\/inicio\/index.php\/wp-json\/wp\/v2\/users\/4"}],"replies":[{"embeddable":true,"href":"https:\/\/diariotextual.com\/inicio\/index.php\/wp-json\/wp\/v2\/comments?post=226018"}],"version-history":[{"count":2,"href":"https:\/\/diariotextual.com\/inicio\/index.php\/wp-json\/wp\/v2\/posts\/226018\/revisions"}],"predecessor-version":[{"id":226021,"href":"https:\/\/diariotextual.com\/inicio\/index.php\/wp-json\/wp\/v2\/posts\/226018\/revisions\/226021"}],"wp:featuredmedia":[{"embeddable":true,"href":"https:\/\/diariotextual.com\/inicio\/index.php\/wp-json\/wp\/v2\/media\/226020"}],"wp:attachment":[{"href":"https:\/\/diariotextual.com\/inicio\/index.php\/wp-json\/wp\/v2\/media?parent=226018"}],"wp:term":[{"taxonomy":"category","embeddable":true,"href":"https:\/\/diariotextual.com\/inicio\/index.php\/wp-json\/wp\/v2\/categories?post=226018"},{"taxonomy":"post_tag","embeddable":true,"href":"https:\/\/diariotextual.com\/inicio\/index.php\/wp-json\/wp\/v2\/tags?post=226018"}],"curies":[{"name":"wp","href":"https:\/\/api.w.org\/{rel}","templated":true}]}}