{"id":226271,"date":"2023-05-22T20:00:11","date_gmt":"2023-05-22T23:00:11","guid":{"rendered":"https:\/\/diariotextual.com\/inicio\/?p=226271"},"modified":"2023-05-23T18:18:55","modified_gmt":"2023-05-23T21:18:55","slug":"presentaron-el-programa-de-promocion-de-vocaciones-cientificas-en-la-pampa","status":"publish","type":"post","link":"https:\/\/diariotextual.com\/inicio\/index.php\/2023\/05\/22\/presentaron-el-programa-de-promocion-de-vocaciones-cientificas-en-la-pampa\/","title":{"rendered":"Presentaron el Programa de Promoci\u00f3n de Vocaciones Cient\u00edficas en La Pampa"},"content":{"rendered":"\n<p>Se present\u00f3 hoy el <strong>Programa de Promoci\u00f3n de Vocaciones Cient\u00edficas en La Pampa<\/strong>, un ciclo de actividades que est\u00e1 destinado a estudiantes de escuelas t\u00e9cnicas. La propuesta surge a partir de un trabajo articulado entre el Ministerio de Educaci\u00f3n Provincial, el Consejo Nacional de Investigaciones Cient\u00edficas y T\u00e9cnicas (CONICET) y la Universidad Nacional de La Pampa.<\/p>\n\n\n\n<p>La iniciativa da cuenta del impacto e importancia federal de la ciencia argentina y de la necesidad de tejer redes que permitan fortalecer acciones de comunicaci\u00f3n p\u00fablica de la ciencia.<\/p>\n\n\n\n<p>En la apertura estuvieron presentes (en forma presencial y virtual) el ministro de Educaci\u00f3n de La Pampa, Pablo Maccione, la integrante del directorio del CONICET y subsecretaria de Federalizaci\u00f3n de la Ciencia, Tecnolog\u00eda e Innovaci\u00f3n en Ministerio de Ciencia, Tecnolog\u00eda e Innovaci\u00f3n, Luz Lardone, el secretario de Investigaci\u00f3n y Posgrado de la UNLPam, Walter Bertotto, el director del Instituto de Ciencia de la Tierra y Ambientales de La Pampa, Javier Breccia, la coordinadora del programa VocAr, Bernadette Saunier Rebori, directores e investigadores de CONICET, autoridades y estudiantes de escuelas t\u00e9cnicas y agrot\u00e9cnicas de la Provincia.<\/p>\n\n\n\n<p>\u201cEl conocimiento tiene un rol central a la hora de pensar en nuestro futuro. Cuando hablamos de promover vocaciones cient\u00edficas nos referimos a fomentar el conocimiento, encontrar potencialidades que nos permitan visibilizar problem\u00e1ticas actuales y buscar soluciones para resolverlas. Siempre hablamos de brindar herramientas a j\u00f3venes secundarios para que puedan acercarse al mundo laboral, a partir de esto podemos garantizar desarrollo, crecimiento y cuidado del ambiente en la sociedad\u201d, expres\u00f3 Maccione a la Agencia Provincial de Noticias.<\/p>\n\n\n\n<p>Seguidamente, Lardone se refiri\u00f3 a los distintos roles que integran esta acci\u00f3n y la responsabilidad que mantienen por contribuir y acercar el conocimiento cient\u00edfico. \u201cA veces parece lejano, que es para bochos o dif\u00edcil, pero en realidad requiere de dedicaci\u00f3n al igual que cualquier otra actividad con la diferencia de que es un trabajo sumamente creativo porque como mencion\u00f3 el ministro transforma realidades para muchos y muchas. En el caso de La Pampa, la tem\u00e1tica e\u00f3lica es sumamente importante, el viento y lo que implica para el cuidado del ambiente, para el sistema productivo, etc\u00e9tera\u201d.<\/p>\n","protected":false},"excerpt":{"rendered":"<p>Se present\u00f3 hoy el Programa de Promoci\u00f3n de Vocaciones Cient\u00edficas en La Pampa, un ciclo de actividades que est\u00e1 destinado a estudiantes de escuelas t\u00e9cnicas. La propuesta surge a partir&hellip;<\/p>\n","protected":false},"author":4,"featured_media":226273,"comment_status":"closed","ping_status":"open","sticky":false,"template":"","format":"standard","meta":{"_acf_changed":false,"footnotes":""},"categories":[11,12],"tags":[],"class_list":["post-226271","post","type-post","status-publish","format-standard","has-post-thumbnail","hentry","category-que-pasa","category-sociedad"],"acf":[],"yoast_head":"<!-- This site is optimized with the Yoast SEO plugin v27.5 - https:\/\/yoast.com\/product\/yoast-seo-wordpress\/ -->\n<title>Presentaron el Programa de Promoci\u00f3n de Vocaciones Cient\u00edficas en La Pampa - Diario Textual<\/title>\n<meta name=\"robots\" content=\"index, follow, max-snippet:-1, max-image-preview:large, max-video-preview:-1\" \/>\n<link rel=\"canonical\" href=\"https:\/\/diariotextual.com\/inicio\/index.php\/2023\/05\/22\/presentaron-el-programa-de-promocion-de-vocaciones-cientificas-en-la-pampa\/\" \/>\n<meta property=\"og:locale\" content=\"es_ES\" \/>\n<meta property=\"og:type\" content=\"article\" \/>\n<meta property=\"og:title\" content=\"Presentaron el Programa de Promoci\u00f3n de Vocaciones Cient\u00edficas en La Pampa - Diario Textual\" \/>\n<meta property=\"og:description\" content=\"Se present\u00f3 hoy el Programa de Promoci\u00f3n de Vocaciones Cient\u00edficas en La Pampa, un ciclo de actividades que est\u00e1 destinado a estudiantes de escuelas t\u00e9cnicas. La propuesta surge a partir&hellip;\" \/>\n<meta property=\"og:url\" content=\"https:\/\/diariotextual.com\/inicio\/index.php\/2023\/05\/22\/presentaron-el-programa-de-promocion-de-vocaciones-cientificas-en-la-pampa\/\" \/>\n<meta property=\"og:site_name\" content=\"Diario Textual\" \/>\n<meta property=\"article:publisher\" content=\"https:\/\/www.facebook.com\/eltextual\" \/>\n<meta property=\"article:published_time\" content=\"2023-05-22T23:00:11+00:00\" \/>\n<meta property=\"article:modified_time\" content=\"2023-05-23T21:18:55+00:00\" \/>\n<meta property=\"og:image\" content=\"https:\/\/diariotextual.com\/inicio\/wp-content\/uploads\/2023\/05\/maccionelardone6745.jpg\" \/>\n\t<meta property=\"og:image:width\" content=\"900\" \/>\n\t<meta property=\"og:image:height\" content=\"507\" \/>\n\t<meta property=\"og:image:type\" content=\"image\/jpeg\" \/>\n<meta name=\"author\" content=\"diario2\" \/>\n<meta name=\"twitter:card\" content=\"summary_large_image\" \/>\n<meta name=\"twitter:creator\" content=\"@eltextual\" \/>\n<meta name=\"twitter:site\" content=\"@eltextual\" \/>\n<meta name=\"twitter:label1\" content=\"Escrito por\" \/>\n\t<meta name=\"twitter:data1\" content=\"diario2\" \/>\n\t<meta name=\"twitter:label2\" content=\"Tiempo de lectura\" \/>\n\t<meta name=\"twitter:data2\" content=\"2 minutos\" \/>\n<script type=\"application\/ld+json\" class=\"yoast-schema-graph\">{\"@context\":\"https:\\\/\\\/schema.org\",\"@graph\":[{\"@type\":\"Article\",\"@id\":\"https:\\\/\\\/diariotextual.com\\\/inicio\\\/index.php\\\/2023\\\/05\\\/22\\\/presentaron-el-programa-de-promocion-de-vocaciones-cientificas-en-la-pampa\\\/#article\",\"isPartOf\":{\"@id\":\"https:\\\/\\\/diariotextual.com\\\/inicio\\\/index.php\\\/2023\\\/05\\\/22\\\/presentaron-el-programa-de-promocion-de-vocaciones-cientificas-en-la-pampa\\\/\"},\"author\":{\"name\":\"diario2\",\"@id\":\"https:\\\/\\\/diariotextual.com\\\/inicio\\\/#\\\/schema\\\/person\\\/694f60677f23c4a530867a98f22b3768\"},\"headline\":\"Presentaron el Programa de Promoci\u00f3n de Vocaciones Cient\u00edficas en La Pampa\",\"datePublished\":\"2023-05-22T23:00:11+00:00\",\"dateModified\":\"2023-05-23T21:18:55+00:00\",\"mainEntityOfPage\":{\"@id\":\"https:\\\/\\\/diariotextual.com\\\/inicio\\\/index.php\\\/2023\\\/05\\\/22\\\/presentaron-el-programa-de-promocion-de-vocaciones-cientificas-en-la-pampa\\\/\"},\"wordCount\":393,\"publisher\":{\"@id\":\"https:\\\/\\\/diariotextual.com\\\/inicio\\\/#organization\"},\"image\":{\"@id\":\"https:\\\/\\\/diariotextual.com\\\/inicio\\\/index.php\\\/2023\\\/05\\\/22\\\/presentaron-el-programa-de-promocion-de-vocaciones-cientificas-en-la-pampa\\\/#primaryimage\"},\"thumbnailUrl\":\"https:\\\/\\\/diariotextual.com\\\/inicio\\\/wp-content\\\/uploads\\\/2023\\\/05\\\/maccionelardone6745.jpg\",\"articleSection\":[\"A - QUE PASA (al costado)\",\"SOCIEDAD\"],\"inLanguage\":\"es\"},{\"@type\":\"WebPage\",\"@id\":\"https:\\\/\\\/diariotextual.com\\\/inicio\\\/index.php\\\/2023\\\/05\\\/22\\\/presentaron-el-programa-de-promocion-de-vocaciones-cientificas-en-la-pampa\\\/\",\"url\":\"https:\\\/\\\/diariotextual.com\\\/inicio\\\/index.php\\\/2023\\\/05\\\/22\\\/presentaron-el-programa-de-promocion-de-vocaciones-cientificas-en-la-pampa\\\/\",\"name\":\"Presentaron el Programa de Promoci\u00f3n de Vocaciones Cient\u00edficas en La Pampa - Diario Textual\",\"isPartOf\":{\"@id\":\"https:\\\/\\\/diariotextual.com\\\/inicio\\\/#website\"},\"primaryImageOfPage\":{\"@id\":\"https:\\\/\\\/diariotextual.com\\\/inicio\\\/index.php\\\/2023\\\/05\\\/22\\\/presentaron-el-programa-de-promocion-de-vocaciones-cientificas-en-la-pampa\\\/#primaryimage\"},\"image\":{\"@id\":\"https:\\\/\\\/diariotextual.com\\\/inicio\\\/index.php\\\/2023\\\/05\\\/22\\\/presentaron-el-programa-de-promocion-de-vocaciones-cientificas-en-la-pampa\\\/#primaryimage\"},\"thumbnailUrl\":\"https:\\\/\\\/diariotextual.com\\\/inicio\\\/wp-content\\\/uploads\\\/2023\\\/05\\\/maccionelardone6745.jpg\",\"datePublished\":\"2023-05-22T23:00:11+00:00\",\"dateModified\":\"2023-05-23T21:18:55+00:00\",\"breadcrumb\":{\"@id\":\"https:\\\/\\\/diariotextual.com\\\/inicio\\\/index.php\\\/2023\\\/05\\\/22\\\/presentaron-el-programa-de-promocion-de-vocaciones-cientificas-en-la-pampa\\\/#breadcrumb\"},\"inLanguage\":\"es\",\"potentialAction\":[{\"@type\":\"ReadAction\",\"target\":[\"https:\\\/\\\/diariotextual.com\\\/inicio\\\/index.php\\\/2023\\\/05\\\/22\\\/presentaron-el-programa-de-promocion-de-vocaciones-cientificas-en-la-pampa\\\/\"]}]},{\"@type\":\"ImageObject\",\"inLanguage\":\"es\",\"@id\":\"https:\\\/\\\/diariotextual.com\\\/inicio\\\/index.php\\\/2023\\\/05\\\/22\\\/presentaron-el-programa-de-promocion-de-vocaciones-cientificas-en-la-pampa\\\/#primaryimage\",\"url\":\"https:\\\/\\\/diariotextual.com\\\/inicio\\\/wp-content\\\/uploads\\\/2023\\\/05\\\/maccionelardone6745.jpg\",\"contentUrl\":\"https:\\\/\\\/diariotextual.com\\\/inicio\\\/wp-content\\\/uploads\\\/2023\\\/05\\\/maccionelardone6745.jpg\",\"width\":900,\"height\":507},{\"@type\":\"BreadcrumbList\",\"@id\":\"https:\\\/\\\/diariotextual.com\\\/inicio\\\/index.php\\\/2023\\\/05\\\/22\\\/presentaron-el-programa-de-promocion-de-vocaciones-cientificas-en-la-pampa\\\/#breadcrumb\",\"itemListElement\":[{\"@type\":\"ListItem\",\"position\":1,\"name\":\"Portada\",\"item\":\"https:\\\/\\\/diariotextual.com\\\/inicio\\\/\"},{\"@type\":\"ListItem\",\"position\":2,\"name\":\"Presentaron el Programa de Promoci\u00f3n de Vocaciones Cient\u00edficas en La Pampa\"}]},{\"@type\":\"WebSite\",\"@id\":\"https:\\\/\\\/diariotextual.com\\\/inicio\\\/#website\",\"url\":\"https:\\\/\\\/diariotextual.com\\\/inicio\\\/\",\"name\":\"Diario Textual\",\"description\":\"\",\"publisher\":{\"@id\":\"https:\\\/\\\/diariotextual.com\\\/inicio\\\/#organization\"},\"potentialAction\":[{\"@type\":\"SearchAction\",\"target\":{\"@type\":\"EntryPoint\",\"urlTemplate\":\"https:\\\/\\\/diariotextual.com\\\/inicio\\\/?s={search_term_string}\"},\"query-input\":{\"@type\":\"PropertyValueSpecification\",\"valueRequired\":true,\"valueName\":\"search_term_string\"}}],\"inLanguage\":\"es\"},{\"@type\":\"Organization\",\"@id\":\"https:\\\/\\\/diariotextual.com\\\/inicio\\\/#organization\",\"name\":\"Diario Textual\",\"url\":\"https:\\\/\\\/diariotextual.com\\\/inicio\\\/\",\"logo\":{\"@type\":\"ImageObject\",\"inLanguage\":\"es\",\"@id\":\"https:\\\/\\\/diariotextual.com\\\/inicio\\\/#\\\/schema\\\/logo\\\/image\\\/\",\"url\":\"https:\\\/\\\/diariotextual.com\\\/inicio\\\/wp-content\\\/uploads\\\/2023\\\/05\\\/logotextual1.jpg\",\"contentUrl\":\"https:\\\/\\\/diariotextual.com\\\/inicio\\\/wp-content\\\/uploads\\\/2023\\\/05\\\/logotextual1.jpg\",\"width\":516,\"height\":76,\"caption\":\"Diario Textual\"},\"image\":{\"@id\":\"https:\\\/\\\/diariotextual.com\\\/inicio\\\/#\\\/schema\\\/logo\\\/image\\\/\"},\"sameAs\":[\"https:\\\/\\\/www.facebook.com\\\/eltextual\",\"https:\\\/\\\/x.com\\\/eltextual\",\"http:\\\/\\\/www.instagram.com\\\/eltextual\"]},{\"@type\":\"Person\",\"@id\":\"https:\\\/\\\/diariotextual.com\\\/inicio\\\/#\\\/schema\\\/person\\\/694f60677f23c4a530867a98f22b3768\",\"name\":\"diario2\",\"image\":{\"@type\":\"ImageObject\",\"inLanguage\":\"es\",\"@id\":\"https:\\\/\\\/secure.gravatar.com\\\/avatar\\\/5a2567495ba16b852fcd8f1ed006a2e24fcace936018ed8237e95f488ad6e0a7?s=96&d=mm&r=g\",\"url\":\"https:\\\/\\\/secure.gravatar.com\\\/avatar\\\/5a2567495ba16b852fcd8f1ed006a2e24fcace936018ed8237e95f488ad6e0a7?s=96&d=mm&r=g\",\"contentUrl\":\"https:\\\/\\\/secure.gravatar.com\\\/avatar\\\/5a2567495ba16b852fcd8f1ed006a2e24fcace936018ed8237e95f488ad6e0a7?s=96&d=mm&r=g\",\"caption\":\"diario2\"},\"url\":\"https:\\\/\\\/diariotextual.com\\\/inicio\\\/index.php\\\/author\\\/diario2\\\/\"}]}<\/script>\n<!-- \/ Yoast SEO plugin. -->","yoast_head_json":{"title":"Presentaron el Programa de Promoci\u00f3n de Vocaciones Cient\u00edficas en La Pampa - Diario Textual","robots":{"index":"index","follow":"follow","max-snippet":"max-snippet:-1","max-image-preview":"max-image-preview:large","max-video-preview":"max-video-preview:-1"},"canonical":"https:\/\/diariotextual.com\/inicio\/index.php\/2023\/05\/22\/presentaron-el-programa-de-promocion-de-vocaciones-cientificas-en-la-pampa\/","og_locale":"es_ES","og_type":"article","og_title":"Presentaron el Programa de Promoci\u00f3n de Vocaciones Cient\u00edficas en La Pampa - Diario Textual","og_description":"Se present\u00f3 hoy el Programa de Promoci\u00f3n de Vocaciones Cient\u00edficas en La Pampa, un ciclo de actividades que est\u00e1 destinado a estudiantes de escuelas t\u00e9cnicas. La propuesta surge a partir&hellip;","og_url":"https:\/\/diariotextual.com\/inicio\/index.php\/2023\/05\/22\/presentaron-el-programa-de-promocion-de-vocaciones-cientificas-en-la-pampa\/","og_site_name":"Diario Textual","article_publisher":"https:\/\/www.facebook.com\/eltextual","article_published_time":"2023-05-22T23:00:11+00:00","article_modified_time":"2023-05-23T21:18:55+00:00","og_image":[{"width":900,"height":507,"url":"https:\/\/diariotextual.com\/inicio\/wp-content\/uploads\/2023\/05\/maccionelardone6745.jpg","type":"image\/jpeg"}],"author":"diario2","twitter_card":"summary_large_image","twitter_creator":"@eltextual","twitter_site":"@eltextual","twitter_misc":{"Escrito por":"diario2","Tiempo de lectura":"2 minutos"},"schema":{"@context":"https:\/\/schema.org","@graph":[{"@type":"Article","@id":"https:\/\/diariotextual.com\/inicio\/index.php\/2023\/05\/22\/presentaron-el-programa-de-promocion-de-vocaciones-cientificas-en-la-pampa\/#article","isPartOf":{"@id":"https:\/\/diariotextual.com\/inicio\/index.php\/2023\/05\/22\/presentaron-el-programa-de-promocion-de-vocaciones-cientificas-en-la-pampa\/"},"author":{"name":"diario2","@id":"https:\/\/diariotextual.com\/inicio\/#\/schema\/person\/694f60677f23c4a530867a98f22b3768"},"headline":"Presentaron el Programa de Promoci\u00f3n de Vocaciones Cient\u00edficas en La Pampa","datePublished":"2023-05-22T23:00:11+00:00","dateModified":"2023-05-23T21:18:55+00:00","mainEntityOfPage":{"@id":"https:\/\/diariotextual.com\/inicio\/index.php\/2023\/05\/22\/presentaron-el-programa-de-promocion-de-vocaciones-cientificas-en-la-pampa\/"},"wordCount":393,"publisher":{"@id":"https:\/\/diariotextual.com\/inicio\/#organization"},"image":{"@id":"https:\/\/diariotextual.com\/inicio\/index.php\/2023\/05\/22\/presentaron-el-programa-de-promocion-de-vocaciones-cientificas-en-la-pampa\/#primaryimage"},"thumbnailUrl":"https:\/\/diariotextual.com\/inicio\/wp-content\/uploads\/2023\/05\/maccionelardone6745.jpg","articleSection":["A - QUE PASA (al costado)","SOCIEDAD"],"inLanguage":"es"},{"@type":"WebPage","@id":"https:\/\/diariotextual.com\/inicio\/index.php\/2023\/05\/22\/presentaron-el-programa-de-promocion-de-vocaciones-cientificas-en-la-pampa\/","url":"https:\/\/diariotextual.com\/inicio\/index.php\/2023\/05\/22\/presentaron-el-programa-de-promocion-de-vocaciones-cientificas-en-la-pampa\/","name":"Presentaron el Programa de Promoci\u00f3n de Vocaciones Cient\u00edficas en La Pampa - Diario Textual","isPartOf":{"@id":"https:\/\/diariotextual.com\/inicio\/#website"},"primaryImageOfPage":{"@id":"https:\/\/diariotextual.com\/inicio\/index.php\/2023\/05\/22\/presentaron-el-programa-de-promocion-de-vocaciones-cientificas-en-la-pampa\/#primaryimage"},"image":{"@id":"https:\/\/diariotextual.com\/inicio\/index.php\/2023\/05\/22\/presentaron-el-programa-de-promocion-de-vocaciones-cientificas-en-la-pampa\/#primaryimage"},"thumbnailUrl":"https:\/\/diariotextual.com\/inicio\/wp-content\/uploads\/2023\/05\/maccionelardone6745.jpg","datePublished":"2023-05-22T23:00:11+00:00","dateModified":"2023-05-23T21:18:55+00:00","breadcrumb":{"@id":"https:\/\/diariotextual.com\/inicio\/index.php\/2023\/05\/22\/presentaron-el-programa-de-promocion-de-vocaciones-cientificas-en-la-pampa\/#breadcrumb"},"inLanguage":"es","potentialAction":[{"@type":"ReadAction","target":["https:\/\/diariotextual.com\/inicio\/index.php\/2023\/05\/22\/presentaron-el-programa-de-promocion-de-vocaciones-cientificas-en-la-pampa\/"]}]},{"@type":"ImageObject","inLanguage":"es","@id":"https:\/\/diariotextual.com\/inicio\/index.php\/2023\/05\/22\/presentaron-el-programa-de-promocion-de-vocaciones-cientificas-en-la-pampa\/#primaryimage","url":"https:\/\/diariotextual.com\/inicio\/wp-content\/uploads\/2023\/05\/maccionelardone6745.jpg","contentUrl":"https:\/\/diariotextual.com\/inicio\/wp-content\/uploads\/2023\/05\/maccionelardone6745.jpg","width":900,"height":507},{"@type":"BreadcrumbList","@id":"https:\/\/diariotextual.com\/inicio\/index.php\/2023\/05\/22\/presentaron-el-programa-de-promocion-de-vocaciones-cientificas-en-la-pampa\/#breadcrumb","itemListElement":[{"@type":"ListItem","position":1,"name":"Portada","item":"https:\/\/diariotextual.com\/inicio\/"},{"@type":"ListItem","position":2,"name":"Presentaron el Programa de Promoci\u00f3n de Vocaciones Cient\u00edficas en La Pampa"}]},{"@type":"WebSite","@id":"https:\/\/diariotextual.com\/inicio\/#website","url":"https:\/\/diariotextual.com\/inicio\/","name":"Diario Textual","description":"","publisher":{"@id":"https:\/\/diariotextual.com\/inicio\/#organization"},"potentialAction":[{"@type":"SearchAction","target":{"@type":"EntryPoint","urlTemplate":"https:\/\/diariotextual.com\/inicio\/?s={search_term_string}"},"query-input":{"@type":"PropertyValueSpecification","valueRequired":true,"valueName":"search_term_string"}}],"inLanguage":"es"},{"@type":"Organization","@id":"https:\/\/diariotextual.com\/inicio\/#organization","name":"Diario Textual","url":"https:\/\/diariotextual.com\/inicio\/","logo":{"@type":"ImageObject","inLanguage":"es","@id":"https:\/\/diariotextual.com\/inicio\/#\/schema\/logo\/image\/","url":"https:\/\/diariotextual.com\/inicio\/wp-content\/uploads\/2023\/05\/logotextual1.jpg","contentUrl":"https:\/\/diariotextual.com\/inicio\/wp-content\/uploads\/2023\/05\/logotextual1.jpg","width":516,"height":76,"caption":"Diario Textual"},"image":{"@id":"https:\/\/diariotextual.com\/inicio\/#\/schema\/logo\/image\/"},"sameAs":["https:\/\/www.facebook.com\/eltextual","https:\/\/x.com\/eltextual","http:\/\/www.instagram.com\/eltextual"]},{"@type":"Person","@id":"https:\/\/diariotextual.com\/inicio\/#\/schema\/person\/694f60677f23c4a530867a98f22b3768","name":"diario2","image":{"@type":"ImageObject","inLanguage":"es","@id":"https:\/\/secure.gravatar.com\/avatar\/5a2567495ba16b852fcd8f1ed006a2e24fcace936018ed8237e95f488ad6e0a7?s=96&d=mm&r=g","url":"https:\/\/secure.gravatar.com\/avatar\/5a2567495ba16b852fcd8f1ed006a2e24fcace936018ed8237e95f488ad6e0a7?s=96&d=mm&r=g","contentUrl":"https:\/\/secure.gravatar.com\/avatar\/5a2567495ba16b852fcd8f1ed006a2e24fcace936018ed8237e95f488ad6e0a7?s=96&d=mm&r=g","caption":"diario2"},"url":"https:\/\/diariotextual.com\/inicio\/index.php\/author\/diario2\/"}]}},"_links":{"self":[{"href":"https:\/\/diariotextual.com\/inicio\/index.php\/wp-json\/wp\/v2\/posts\/226271","targetHints":{"allow":["GET"]}}],"collection":[{"href":"https:\/\/diariotextual.com\/inicio\/index.php\/wp-json\/wp\/v2\/posts"}],"about":[{"href":"https:\/\/diariotextual.com\/inicio\/index.php\/wp-json\/wp\/v2\/types\/post"}],"author":[{"embeddable":true,"href":"https:\/\/diariotextual.com\/inicio\/index.php\/wp-json\/wp\/v2\/users\/4"}],"replies":[{"embeddable":true,"href":"https:\/\/diariotextual.com\/inicio\/index.php\/wp-json\/wp\/v2\/comments?post=226271"}],"version-history":[{"count":2,"href":"https:\/\/diariotextual.com\/inicio\/index.php\/wp-json\/wp\/v2\/posts\/226271\/revisions"}],"predecessor-version":[{"id":226274,"href":"https:\/\/diariotextual.com\/inicio\/index.php\/wp-json\/wp\/v2\/posts\/226271\/revisions\/226274"}],"wp:featuredmedia":[{"embeddable":true,"href":"https:\/\/diariotextual.com\/inicio\/index.php\/wp-json\/wp\/v2\/media\/226273"}],"wp:attachment":[{"href":"https:\/\/diariotextual.com\/inicio\/index.php\/wp-json\/wp\/v2\/media?parent=226271"}],"wp:term":[{"taxonomy":"category","embeddable":true,"href":"https:\/\/diariotextual.com\/inicio\/index.php\/wp-json\/wp\/v2\/categories?post=226271"},{"taxonomy":"post_tag","embeddable":true,"href":"https:\/\/diariotextual.com\/inicio\/index.php\/wp-json\/wp\/v2\/tags?post=226271"}],"curies":[{"name":"wp","href":"https:\/\/api.w.org\/{rel}","templated":true}]}}