{"id":226332,"date":"2023-05-23T13:24:37","date_gmt":"2023-05-23T16:24:37","guid":{"rendered":"https:\/\/diariotextual.com\/inicio\/?p=226332"},"modified":"2023-05-23T13:24:39","modified_gmt":"2023-05-23T16:24:39","slug":"casi-el-70-de-las-consultas-pediatricas-por-infecciones-respiratorias-son-por-bronquiolitis","status":"publish","type":"post","link":"https:\/\/diariotextual.com\/inicio\/index.php\/2023\/05\/23\/casi-el-70-de-las-consultas-pediatricas-por-infecciones-respiratorias-son-por-bronquiolitis\/","title":{"rendered":"Casi el 70% de las consultas pedi\u00e1tricas por infecciones respiratorias son por bronquiolitis"},"content":{"rendered":"\n<p>Entre el 60 y el 70 por ciento de las infecciones respiratorias pedi\u00e1tricas que se consultan hoy en todos los centros de salud del pa\u00eds son<strong> bronquiolitis por el virus sincicial respiratorio,<\/strong> indic\u00f3 Patricia Garc\u00eda Arrigoni, Directora M\u00e9dica Ejecutiva del Hospital Garrahan sobre el aumento en las \u00faltimas semanas de esos cuadros que implicaron un adelantamiento respecto de los a\u00f1os anteriores.<br><br>\u201cLa contingencia que estamos viviendo por las infecciones respiratorias es algo particular si la comparamos con los a\u00f1os pre-pandemia. Estos cuadros estacionales de virosis y bronquiolitis se dan siempre, pero <strong>este a\u00f1o tenemos un adelantamiento de los casos ya que habitualmente el pico se da en la semana 24 (comienzos de junio) y nosotros ya superamos esos picos hace unas semanas\u201d<\/strong>, se\u00f1al\u00f3 a T\u00e9lam Garc\u00eda Arrigoni.<br><br>La especialista indic\u00f3 que tambi\u00e9n <strong>se ven consultas de beb\u00e9s m\u00e1s chiquitos<\/strong>, lo que puede vincularse \u201ccon que en los \u00faltimos a\u00f1os y a ra\u00edz de la pandemia las madres no tuvieron contacto con el virus y por lo tanto no generaron los anticuerpos que habitualmente son los que pasan a trav\u00e9s de la placenta y protegen a los m\u00e1s peque\u00f1os\u201d.<br><br><strong>\u201cLa bronquiolitis afecta a los menores de 2 a\u00f1os, es una enfermedad autolimitada, produce tos, catarro de v\u00edas a\u00e9reas superiores, y muchas veces en los m\u00e1s chiquititos genera dificultad para respirar que se puede observar porque el beb\u00e9 no quiere tomar el pecho o alimentarse, le cuesta dormirse y se puede ver que utilizan los m\u00fasculos del cuello o de la panza para poder respirar\u201d<\/strong>, describi\u00f3.<br><br>Adem\u00e1s, se\u00f1al\u00f3 que \u201cen el 97% de los casos es una <strong>enfermedad benigna. <\/strong>La tos puede persistir al cabo de d\u00edas, a veces semanas, y lo que se hace es controlar la hidrataci\u00f3n y alimentaci\u00f3n; pero en un 3% de los casos de los chicos sanos se requiere internaci\u00f3n\u201d.<br><br>La especialista sostuvo que frente a esos s\u00edntomas hay que consultar en el centro m\u00e1s cercano al domicilio para hacer una evaluaci\u00f3n y determinar si necesitan derivaci\u00f3n.<br><br>\u201cEn el caso que se requiera internaci\u00f3n no hay un remedio, antibi\u00f3tico o antiviral espec\u00edfico, sino que lo que se hace es darle ox\u00edgeno e hidrataci\u00f3n\u201d, detall\u00f3.<br><br>Sobre la situaci\u00f3n en el Garrahan, que es un hospital de referencia para pacientes con enfermedades complejas como oncol\u00f3gicas o con cardiopat\u00edas, se\u00f1al\u00f3 que en este momento \u201chay una sobre demanda porque se acercan a consultar por cuadros respiratorios ni\u00f1os sanos que podr\u00edan ser atendidos en lugares de menor complejidad\u201d.<br><br>Por su parte, desde Ministerio de Salud de la ciudad de Buenos Aires informaron que los casos de bronquiolitis son un 25% m\u00e1s que el mismo periodo del a\u00f1o pasado.<br><br>\u201cSe esperaba el pico para los primeros d\u00edas de junio, pero teniendo en cuenta las temperaturas elevadas para esta \u00e9poca del a\u00f1o, se anticip\u00f3\u201d, indicaron en un comunicado.<br><br>Desde la cartera sanitaria porte\u00f1a se\u00f1alaron que si bien \u201cno se puede adjudicar una causa concreta\u201d para este aumento, se sospecha que \u201cpuede responder a los aislamientos de a\u00f1os anteriores por Covid-19, en donde no hubo circulaci\u00f3n de casos por bronquiolitis\u201d.<br><br>Respecto de la prevenci\u00f3n, Dar\u00edo Barsotti, director M\u00e9dico Adjunto del Garrahan, dijo que \u201chay dos medidas fundamentales para prevenir las enfermedades respiratorias: por un lado, hacer los controles pedi\u00e1tricos y vacunar a los chicos, dos acciones que cayeron durante la pandemia; y por otro, ventilar ya que el fr\u00edo no enferma, lo que enferma es el hacinamiento; hay que ventilar, limpiar muy bien las superficies y no enviar a los chicos al jard\u00edn cuando est\u00e1n enfermos\u201d.<br><br>Finalmente, el m\u00e9dico record\u00f3 que para <strong>evitar las enfermedades respiratorias<\/strong> tambi\u00e9n hay que mantener la lactancia, aumentar la frecuencia del lavado de manos, evitar conglomerados de gente, no fumar en \u00e1reas cerradas ni exponer a ni\u00f1os, ni\u00f1as y adolescentes al humo del tabaco y usar barbijo cuando el adulto o cuidador presenta s\u00edntomas respiratorios.<br><br>Si bien no tiene incidencia sobre el virus sincicial respiratorio, la vacuna antigripal previene cuadros graves de influenza, otros virus respiratorio frecuente. Los grupos con indicaci\u00f3n de recibirla son ni\u00f1os y ni\u00f1as entre 6 y 24 meses, personas gestantes, pu\u00e9rperas, mayores de 65 a\u00f1os, personal de salud, y personas con factores de riesgo como enfermedades pulmonares, card\u00edacas y asma.<\/p>\n","protected":false},"excerpt":{"rendered":"<p>Entre el 60 y el 70 por ciento de las infecciones respiratorias pedi\u00e1tricas que se consultan hoy en todos los centros de salud del pa\u00eds son bronquiolitis por el virus&hellip;<\/p>\n","protected":false},"author":4,"featured_media":13354,"comment_status":"closed","ping_status":"open","sticky":false,"template":"","format":"standard","meta":{"_acf_changed":false,"footnotes":""},"categories":[1,12],"tags":[],"class_list":["post-226332","post","type-post","status-publish","format-standard","has-post-thumbnail","hentry","category-es-noticia","category-sociedad"],"acf":[],"yoast_head":"<!-- This site is optimized with the Yoast SEO plugin v27.5 - https:\/\/yoast.com\/product\/yoast-seo-wordpress\/ -->\n<title>Casi el 70% de las consultas pedi\u00e1tricas por infecciones respiratorias son por bronquiolitis - Diario Textual<\/title>\n<meta name=\"robots\" content=\"index, follow, max-snippet:-1, max-image-preview:large, max-video-preview:-1\" \/>\n<link rel=\"canonical\" href=\"https:\/\/diariotextual.com\/inicio\/index.php\/2023\/05\/23\/casi-el-70-de-las-consultas-pediatricas-por-infecciones-respiratorias-son-por-bronquiolitis\/\" \/>\n<meta property=\"og:locale\" content=\"es_ES\" \/>\n<meta property=\"og:type\" content=\"article\" \/>\n<meta property=\"og:title\" content=\"Casi el 70% de las consultas pedi\u00e1tricas por infecciones respiratorias son por bronquiolitis - Diario Textual\" \/>\n<meta property=\"og:description\" content=\"Entre el 60 y el 70 por ciento de las infecciones respiratorias pedi\u00e1tricas que se consultan hoy en todos los centros de salud del pa\u00eds son bronquiolitis por el virus&hellip;\" \/>\n<meta property=\"og:url\" content=\"https:\/\/diariotextual.com\/inicio\/index.php\/2023\/05\/23\/casi-el-70-de-las-consultas-pediatricas-por-infecciones-respiratorias-son-por-bronquiolitis\/\" \/>\n<meta property=\"og:site_name\" content=\"Diario Textual\" \/>\n<meta property=\"article:publisher\" content=\"https:\/\/www.facebook.com\/eltextual\" \/>\n<meta property=\"article:published_time\" content=\"2023-05-23T16:24:37+00:00\" \/>\n<meta property=\"article:modified_time\" content=\"2023-05-23T16:24:39+00:00\" \/>\n<meta property=\"og:image\" content=\"https:\/\/diariotextual.com\/inicio\/wp-content\/uploads\/2018\/07\/bronquilitisbebe9244.jpg\" \/>\n\t<meta property=\"og:image:width\" content=\"803\" \/>\n\t<meta property=\"og:image:height\" content=\"452\" \/>\n\t<meta property=\"og:image:type\" content=\"image\/jpeg\" \/>\n<meta name=\"author\" content=\"diario2\" \/>\n<meta name=\"twitter:card\" content=\"summary_large_image\" \/>\n<meta name=\"twitter:creator\" content=\"@eltextual\" \/>\n<meta name=\"twitter:site\" content=\"@eltextual\" \/>\n<meta name=\"twitter:label1\" content=\"Escrito por\" \/>\n\t<meta name=\"twitter:data1\" content=\"diario2\" \/>\n\t<meta name=\"twitter:label2\" content=\"Tiempo de lectura\" \/>\n\t<meta name=\"twitter:data2\" content=\"4 minutos\" \/>\n<script type=\"application\/ld+json\" class=\"yoast-schema-graph\">{\"@context\":\"https:\\\/\\\/schema.org\",\"@graph\":[{\"@type\":\"Article\",\"@id\":\"https:\\\/\\\/diariotextual.com\\\/inicio\\\/index.php\\\/2023\\\/05\\\/23\\\/casi-el-70-de-las-consultas-pediatricas-por-infecciones-respiratorias-son-por-bronquiolitis\\\/#article\",\"isPartOf\":{\"@id\":\"https:\\\/\\\/diariotextual.com\\\/inicio\\\/index.php\\\/2023\\\/05\\\/23\\\/casi-el-70-de-las-consultas-pediatricas-por-infecciones-respiratorias-son-por-bronquiolitis\\\/\"},\"author\":{\"name\":\"diario2\",\"@id\":\"https:\\\/\\\/diariotextual.com\\\/inicio\\\/#\\\/schema\\\/person\\\/694f60677f23c4a530867a98f22b3768\"},\"headline\":\"Casi el 70% de las consultas pedi\u00e1tricas por infecciones respiratorias son por bronquiolitis\",\"datePublished\":\"2023-05-23T16:24:37+00:00\",\"dateModified\":\"2023-05-23T16:24:39+00:00\",\"mainEntityOfPage\":{\"@id\":\"https:\\\/\\\/diariotextual.com\\\/inicio\\\/index.php\\\/2023\\\/05\\\/23\\\/casi-el-70-de-las-consultas-pediatricas-por-infecciones-respiratorias-son-por-bronquiolitis\\\/\"},\"wordCount\":768,\"publisher\":{\"@id\":\"https:\\\/\\\/diariotextual.com\\\/inicio\\\/#organization\"},\"image\":{\"@id\":\"https:\\\/\\\/diariotextual.com\\\/inicio\\\/index.php\\\/2023\\\/05\\\/23\\\/casi-el-70-de-las-consultas-pediatricas-por-infecciones-respiratorias-son-por-bronquiolitis\\\/#primaryimage\"},\"thumbnailUrl\":\"https:\\\/\\\/diariotextual.com\\\/inicio\\\/wp-content\\\/uploads\\\/2018\\\/07\\\/bronquilitisbebe9244.jpg\",\"articleSection\":[\"A - ES NOTICIA (van abajo)\",\"SOCIEDAD\"],\"inLanguage\":\"es\"},{\"@type\":\"WebPage\",\"@id\":\"https:\\\/\\\/diariotextual.com\\\/inicio\\\/index.php\\\/2023\\\/05\\\/23\\\/casi-el-70-de-las-consultas-pediatricas-por-infecciones-respiratorias-son-por-bronquiolitis\\\/\",\"url\":\"https:\\\/\\\/diariotextual.com\\\/inicio\\\/index.php\\\/2023\\\/05\\\/23\\\/casi-el-70-de-las-consultas-pediatricas-por-infecciones-respiratorias-son-por-bronquiolitis\\\/\",\"name\":\"Casi el 70% de las consultas pedi\u00e1tricas por infecciones respiratorias son por bronquiolitis - Diario Textual\",\"isPartOf\":{\"@id\":\"https:\\\/\\\/diariotextual.com\\\/inicio\\\/#website\"},\"primaryImageOfPage\":{\"@id\":\"https:\\\/\\\/diariotextual.com\\\/inicio\\\/index.php\\\/2023\\\/05\\\/23\\\/casi-el-70-de-las-consultas-pediatricas-por-infecciones-respiratorias-son-por-bronquiolitis\\\/#primaryimage\"},\"image\":{\"@id\":\"https:\\\/\\\/diariotextual.com\\\/inicio\\\/index.php\\\/2023\\\/05\\\/23\\\/casi-el-70-de-las-consultas-pediatricas-por-infecciones-respiratorias-son-por-bronquiolitis\\\/#primaryimage\"},\"thumbnailUrl\":\"https:\\\/\\\/diariotextual.com\\\/inicio\\\/wp-content\\\/uploads\\\/2018\\\/07\\\/bronquilitisbebe9244.jpg\",\"datePublished\":\"2023-05-23T16:24:37+00:00\",\"dateModified\":\"2023-05-23T16:24:39+00:00\",\"breadcrumb\":{\"@id\":\"https:\\\/\\\/diariotextual.com\\\/inicio\\\/index.php\\\/2023\\\/05\\\/23\\\/casi-el-70-de-las-consultas-pediatricas-por-infecciones-respiratorias-son-por-bronquiolitis\\\/#breadcrumb\"},\"inLanguage\":\"es\",\"potentialAction\":[{\"@type\":\"ReadAction\",\"target\":[\"https:\\\/\\\/diariotextual.com\\\/inicio\\\/index.php\\\/2023\\\/05\\\/23\\\/casi-el-70-de-las-consultas-pediatricas-por-infecciones-respiratorias-son-por-bronquiolitis\\\/\"]}]},{\"@type\":\"ImageObject\",\"inLanguage\":\"es\",\"@id\":\"https:\\\/\\\/diariotextual.com\\\/inicio\\\/index.php\\\/2023\\\/05\\\/23\\\/casi-el-70-de-las-consultas-pediatricas-por-infecciones-respiratorias-son-por-bronquiolitis\\\/#primaryimage\",\"url\":\"https:\\\/\\\/diariotextual.com\\\/inicio\\\/wp-content\\\/uploads\\\/2018\\\/07\\\/bronquilitisbebe9244.jpg\",\"contentUrl\":\"https:\\\/\\\/diariotextual.com\\\/inicio\\\/wp-content\\\/uploads\\\/2018\\\/07\\\/bronquilitisbebe9244.jpg\",\"width\":803,\"height\":452},{\"@type\":\"BreadcrumbList\",\"@id\":\"https:\\\/\\\/diariotextual.com\\\/inicio\\\/index.php\\\/2023\\\/05\\\/23\\\/casi-el-70-de-las-consultas-pediatricas-por-infecciones-respiratorias-son-por-bronquiolitis\\\/#breadcrumb\",\"itemListElement\":[{\"@type\":\"ListItem\",\"position\":1,\"name\":\"Portada\",\"item\":\"https:\\\/\\\/diariotextual.com\\\/inicio\\\/\"},{\"@type\":\"ListItem\",\"position\":2,\"name\":\"Casi el 70% de las consultas pedi\u00e1tricas por infecciones respiratorias son por bronquiolitis\"}]},{\"@type\":\"WebSite\",\"@id\":\"https:\\\/\\\/diariotextual.com\\\/inicio\\\/#website\",\"url\":\"https:\\\/\\\/diariotextual.com\\\/inicio\\\/\",\"name\":\"Diario Textual\",\"description\":\"\",\"publisher\":{\"@id\":\"https:\\\/\\\/diariotextual.com\\\/inicio\\\/#organization\"},\"potentialAction\":[{\"@type\":\"SearchAction\",\"target\":{\"@type\":\"EntryPoint\",\"urlTemplate\":\"https:\\\/\\\/diariotextual.com\\\/inicio\\\/?s={search_term_string}\"},\"query-input\":{\"@type\":\"PropertyValueSpecification\",\"valueRequired\":true,\"valueName\":\"search_term_string\"}}],\"inLanguage\":\"es\"},{\"@type\":\"Organization\",\"@id\":\"https:\\\/\\\/diariotextual.com\\\/inicio\\\/#organization\",\"name\":\"Diario Textual\",\"url\":\"https:\\\/\\\/diariotextual.com\\\/inicio\\\/\",\"logo\":{\"@type\":\"ImageObject\",\"inLanguage\":\"es\",\"@id\":\"https:\\\/\\\/diariotextual.com\\\/inicio\\\/#\\\/schema\\\/logo\\\/image\\\/\",\"url\":\"https:\\\/\\\/diariotextual.com\\\/inicio\\\/wp-content\\\/uploads\\\/2023\\\/05\\\/logotextual1.jpg\",\"contentUrl\":\"https:\\\/\\\/diariotextual.com\\\/inicio\\\/wp-content\\\/uploads\\\/2023\\\/05\\\/logotextual1.jpg\",\"width\":516,\"height\":76,\"caption\":\"Diario Textual\"},\"image\":{\"@id\":\"https:\\\/\\\/diariotextual.com\\\/inicio\\\/#\\\/schema\\\/logo\\\/image\\\/\"},\"sameAs\":[\"https:\\\/\\\/www.facebook.com\\\/eltextual\",\"https:\\\/\\\/x.com\\\/eltextual\",\"http:\\\/\\\/www.instagram.com\\\/eltextual\"]},{\"@type\":\"Person\",\"@id\":\"https:\\\/\\\/diariotextual.com\\\/inicio\\\/#\\\/schema\\\/person\\\/694f60677f23c4a530867a98f22b3768\",\"name\":\"diario2\",\"image\":{\"@type\":\"ImageObject\",\"inLanguage\":\"es\",\"@id\":\"https:\\\/\\\/secure.gravatar.com\\\/avatar\\\/5a2567495ba16b852fcd8f1ed006a2e24fcace936018ed8237e95f488ad6e0a7?s=96&d=mm&r=g\",\"url\":\"https:\\\/\\\/secure.gravatar.com\\\/avatar\\\/5a2567495ba16b852fcd8f1ed006a2e24fcace936018ed8237e95f488ad6e0a7?s=96&d=mm&r=g\",\"contentUrl\":\"https:\\\/\\\/secure.gravatar.com\\\/avatar\\\/5a2567495ba16b852fcd8f1ed006a2e24fcace936018ed8237e95f488ad6e0a7?s=96&d=mm&r=g\",\"caption\":\"diario2\"},\"url\":\"https:\\\/\\\/diariotextual.com\\\/inicio\\\/index.php\\\/author\\\/diario2\\\/\"}]}<\/script>\n<!-- \/ Yoast SEO plugin. -->","yoast_head_json":{"title":"Casi el 70% de las consultas pedi\u00e1tricas por infecciones respiratorias son por bronquiolitis - Diario Textual","robots":{"index":"index","follow":"follow","max-snippet":"max-snippet:-1","max-image-preview":"max-image-preview:large","max-video-preview":"max-video-preview:-1"},"canonical":"https:\/\/diariotextual.com\/inicio\/index.php\/2023\/05\/23\/casi-el-70-de-las-consultas-pediatricas-por-infecciones-respiratorias-son-por-bronquiolitis\/","og_locale":"es_ES","og_type":"article","og_title":"Casi el 70% de las consultas pedi\u00e1tricas por infecciones respiratorias son por bronquiolitis - Diario Textual","og_description":"Entre el 60 y el 70 por ciento de las infecciones respiratorias pedi\u00e1tricas que se consultan hoy en todos los centros de salud del pa\u00eds son bronquiolitis por el virus&hellip;","og_url":"https:\/\/diariotextual.com\/inicio\/index.php\/2023\/05\/23\/casi-el-70-de-las-consultas-pediatricas-por-infecciones-respiratorias-son-por-bronquiolitis\/","og_site_name":"Diario Textual","article_publisher":"https:\/\/www.facebook.com\/eltextual","article_published_time":"2023-05-23T16:24:37+00:00","article_modified_time":"2023-05-23T16:24:39+00:00","og_image":[{"width":803,"height":452,"url":"https:\/\/diariotextual.com\/inicio\/wp-content\/uploads\/2018\/07\/bronquilitisbebe9244.jpg","type":"image\/jpeg"}],"author":"diario2","twitter_card":"summary_large_image","twitter_creator":"@eltextual","twitter_site":"@eltextual","twitter_misc":{"Escrito por":"diario2","Tiempo de lectura":"4 minutos"},"schema":{"@context":"https:\/\/schema.org","@graph":[{"@type":"Article","@id":"https:\/\/diariotextual.com\/inicio\/index.php\/2023\/05\/23\/casi-el-70-de-las-consultas-pediatricas-por-infecciones-respiratorias-son-por-bronquiolitis\/#article","isPartOf":{"@id":"https:\/\/diariotextual.com\/inicio\/index.php\/2023\/05\/23\/casi-el-70-de-las-consultas-pediatricas-por-infecciones-respiratorias-son-por-bronquiolitis\/"},"author":{"name":"diario2","@id":"https:\/\/diariotextual.com\/inicio\/#\/schema\/person\/694f60677f23c4a530867a98f22b3768"},"headline":"Casi el 70% de las consultas pedi\u00e1tricas por infecciones respiratorias son por bronquiolitis","datePublished":"2023-05-23T16:24:37+00:00","dateModified":"2023-05-23T16:24:39+00:00","mainEntityOfPage":{"@id":"https:\/\/diariotextual.com\/inicio\/index.php\/2023\/05\/23\/casi-el-70-de-las-consultas-pediatricas-por-infecciones-respiratorias-son-por-bronquiolitis\/"},"wordCount":768,"publisher":{"@id":"https:\/\/diariotextual.com\/inicio\/#organization"},"image":{"@id":"https:\/\/diariotextual.com\/inicio\/index.php\/2023\/05\/23\/casi-el-70-de-las-consultas-pediatricas-por-infecciones-respiratorias-son-por-bronquiolitis\/#primaryimage"},"thumbnailUrl":"https:\/\/diariotextual.com\/inicio\/wp-content\/uploads\/2018\/07\/bronquilitisbebe9244.jpg","articleSection":["A - ES NOTICIA (van abajo)","SOCIEDAD"],"inLanguage":"es"},{"@type":"WebPage","@id":"https:\/\/diariotextual.com\/inicio\/index.php\/2023\/05\/23\/casi-el-70-de-las-consultas-pediatricas-por-infecciones-respiratorias-son-por-bronquiolitis\/","url":"https:\/\/diariotextual.com\/inicio\/index.php\/2023\/05\/23\/casi-el-70-de-las-consultas-pediatricas-por-infecciones-respiratorias-son-por-bronquiolitis\/","name":"Casi el 70% de las consultas pedi\u00e1tricas por infecciones respiratorias son por bronquiolitis - Diario Textual","isPartOf":{"@id":"https:\/\/diariotextual.com\/inicio\/#website"},"primaryImageOfPage":{"@id":"https:\/\/diariotextual.com\/inicio\/index.php\/2023\/05\/23\/casi-el-70-de-las-consultas-pediatricas-por-infecciones-respiratorias-son-por-bronquiolitis\/#primaryimage"},"image":{"@id":"https:\/\/diariotextual.com\/inicio\/index.php\/2023\/05\/23\/casi-el-70-de-las-consultas-pediatricas-por-infecciones-respiratorias-son-por-bronquiolitis\/#primaryimage"},"thumbnailUrl":"https:\/\/diariotextual.com\/inicio\/wp-content\/uploads\/2018\/07\/bronquilitisbebe9244.jpg","datePublished":"2023-05-23T16:24:37+00:00","dateModified":"2023-05-23T16:24:39+00:00","breadcrumb":{"@id":"https:\/\/diariotextual.com\/inicio\/index.php\/2023\/05\/23\/casi-el-70-de-las-consultas-pediatricas-por-infecciones-respiratorias-son-por-bronquiolitis\/#breadcrumb"},"inLanguage":"es","potentialAction":[{"@type":"ReadAction","target":["https:\/\/diariotextual.com\/inicio\/index.php\/2023\/05\/23\/casi-el-70-de-las-consultas-pediatricas-por-infecciones-respiratorias-son-por-bronquiolitis\/"]}]},{"@type":"ImageObject","inLanguage":"es","@id":"https:\/\/diariotextual.com\/inicio\/index.php\/2023\/05\/23\/casi-el-70-de-las-consultas-pediatricas-por-infecciones-respiratorias-son-por-bronquiolitis\/#primaryimage","url":"https:\/\/diariotextual.com\/inicio\/wp-content\/uploads\/2018\/07\/bronquilitisbebe9244.jpg","contentUrl":"https:\/\/diariotextual.com\/inicio\/wp-content\/uploads\/2018\/07\/bronquilitisbebe9244.jpg","width":803,"height":452},{"@type":"BreadcrumbList","@id":"https:\/\/diariotextual.com\/inicio\/index.php\/2023\/05\/23\/casi-el-70-de-las-consultas-pediatricas-por-infecciones-respiratorias-son-por-bronquiolitis\/#breadcrumb","itemListElement":[{"@type":"ListItem","position":1,"name":"Portada","item":"https:\/\/diariotextual.com\/inicio\/"},{"@type":"ListItem","position":2,"name":"Casi el 70% de las consultas pedi\u00e1tricas por infecciones respiratorias son por bronquiolitis"}]},{"@type":"WebSite","@id":"https:\/\/diariotextual.com\/inicio\/#website","url":"https:\/\/diariotextual.com\/inicio\/","name":"Diario Textual","description":"","publisher":{"@id":"https:\/\/diariotextual.com\/inicio\/#organization"},"potentialAction":[{"@type":"SearchAction","target":{"@type":"EntryPoint","urlTemplate":"https:\/\/diariotextual.com\/inicio\/?s={search_term_string}"},"query-input":{"@type":"PropertyValueSpecification","valueRequired":true,"valueName":"search_term_string"}}],"inLanguage":"es"},{"@type":"Organization","@id":"https:\/\/diariotextual.com\/inicio\/#organization","name":"Diario Textual","url":"https:\/\/diariotextual.com\/inicio\/","logo":{"@type":"ImageObject","inLanguage":"es","@id":"https:\/\/diariotextual.com\/inicio\/#\/schema\/logo\/image\/","url":"https:\/\/diariotextual.com\/inicio\/wp-content\/uploads\/2023\/05\/logotextual1.jpg","contentUrl":"https:\/\/diariotextual.com\/inicio\/wp-content\/uploads\/2023\/05\/logotextual1.jpg","width":516,"height":76,"caption":"Diario Textual"},"image":{"@id":"https:\/\/diariotextual.com\/inicio\/#\/schema\/logo\/image\/"},"sameAs":["https:\/\/www.facebook.com\/eltextual","https:\/\/x.com\/eltextual","http:\/\/www.instagram.com\/eltextual"]},{"@type":"Person","@id":"https:\/\/diariotextual.com\/inicio\/#\/schema\/person\/694f60677f23c4a530867a98f22b3768","name":"diario2","image":{"@type":"ImageObject","inLanguage":"es","@id":"https:\/\/secure.gravatar.com\/avatar\/5a2567495ba16b852fcd8f1ed006a2e24fcace936018ed8237e95f488ad6e0a7?s=96&d=mm&r=g","url":"https:\/\/secure.gravatar.com\/avatar\/5a2567495ba16b852fcd8f1ed006a2e24fcace936018ed8237e95f488ad6e0a7?s=96&d=mm&r=g","contentUrl":"https:\/\/secure.gravatar.com\/avatar\/5a2567495ba16b852fcd8f1ed006a2e24fcace936018ed8237e95f488ad6e0a7?s=96&d=mm&r=g","caption":"diario2"},"url":"https:\/\/diariotextual.com\/inicio\/index.php\/author\/diario2\/"}]}},"_links":{"self":[{"href":"https:\/\/diariotextual.com\/inicio\/index.php\/wp-json\/wp\/v2\/posts\/226332","targetHints":{"allow":["GET"]}}],"collection":[{"href":"https:\/\/diariotextual.com\/inicio\/index.php\/wp-json\/wp\/v2\/posts"}],"about":[{"href":"https:\/\/diariotextual.com\/inicio\/index.php\/wp-json\/wp\/v2\/types\/post"}],"author":[{"embeddable":true,"href":"https:\/\/diariotextual.com\/inicio\/index.php\/wp-json\/wp\/v2\/users\/4"}],"replies":[{"embeddable":true,"href":"https:\/\/diariotextual.com\/inicio\/index.php\/wp-json\/wp\/v2\/comments?post=226332"}],"version-history":[{"count":1,"href":"https:\/\/diariotextual.com\/inicio\/index.php\/wp-json\/wp\/v2\/posts\/226332\/revisions"}],"predecessor-version":[{"id":226333,"href":"https:\/\/diariotextual.com\/inicio\/index.php\/wp-json\/wp\/v2\/posts\/226332\/revisions\/226333"}],"wp:featuredmedia":[{"embeddable":true,"href":"https:\/\/diariotextual.com\/inicio\/index.php\/wp-json\/wp\/v2\/media\/13354"}],"wp:attachment":[{"href":"https:\/\/diariotextual.com\/inicio\/index.php\/wp-json\/wp\/v2\/media?parent=226332"}],"wp:term":[{"taxonomy":"category","embeddable":true,"href":"https:\/\/diariotextual.com\/inicio\/index.php\/wp-json\/wp\/v2\/categories?post=226332"},{"taxonomy":"post_tag","embeddable":true,"href":"https:\/\/diariotextual.com\/inicio\/index.php\/wp-json\/wp\/v2\/tags?post=226332"}],"curies":[{"name":"wp","href":"https:\/\/api.w.org\/{rel}","templated":true}]}}