{"id":226334,"date":"2023-05-23T13:34:07","date_gmt":"2023-05-23T16:34:07","guid":{"rendered":"https:\/\/diariotextual.com\/inicio\/?p=226334"},"modified":"2023-05-24T08:15:02","modified_gmt":"2023-05-24T11:15:02","slug":"la-cpe-confirmo-que-dara-luz-a-los-asentamientos-el-nuevo-salitral-y-micaela-garcia","status":"publish","type":"post","link":"https:\/\/diariotextual.com\/inicio\/index.php\/2023\/05\/23\/la-cpe-confirmo-que-dara-luz-a-los-asentamientos-el-nuevo-salitral-y-micaela-garcia\/","title":{"rendered":"La CPE confirm\u00f3 que dar\u00e1 luz a los asentamientos El Nuevo Salitral y Micaela Garc\u00eda"},"content":{"rendered":"\n<p class=\"wp-block-paragraph\">La CPE inform\u00f3 que viene trabajando en un proyecto para desarrollar las obras de tendido de redes el\u00e9ctricas en los asentamientos barriales de El Nuevo Salitral y Micaela Garc\u00eda. Autoridades del Consejo de Administraci\u00f3n, encabezadas por el presidente Alfredo Carrascal y la secretaria Agustina Manso, recibieron en la ma\u00f1ana de hoy a un grupo de vecinos de ambos asentamientos que llegaron hasta la sede de la cooperativa.<\/p>\n\n\n\n<p class=\"wp-block-paragraph\">Durante el encuentro las y los vecinos fueron informados sobre la recepci\u00f3n de los informes del relevamiento socio ambiental y la delimitaci\u00f3n de lotes que enviaran hace pocos d\u00edas, a la CPE, las autoridades de la Municipalidad de Santa Rosa.<\/p>\n\n\n\n<p class=\"wp-block-paragraph\">A partir de esa recepci\u00f3n formal, las oficinas t\u00e9cnicas del \u00e1rea de Energ\u00eda de la cooperativa comenzaron a planificar el proyecto ejecutivo para el tendido de las redes el\u00e9ctricas que permitan abastecer de energ\u00eda a los nuevos vecindarios.<\/p>\n\n\n\n<p class=\"wp-block-paragraph\">Se acord\u00f3 que las y los vecinos que vienen reclamando el abastecimiento de energ\u00eda ser\u00e1n informados sobre los avances del proyecto ejecutivo y tambi\u00e9n de los presupuestos que fueran surgiendo del mismo.<\/p>\n\n\n\n<p class=\"wp-block-paragraph\"><\/p>\n","protected":false},"excerpt":{"rendered":"<p>La CPE inform\u00f3 que viene trabajando en un proyecto para desarrollar las obras de tendido de redes el\u00e9ctricas en los asentamientos barriales de El Nuevo Salitral y Micaela Garc\u00eda. Autoridades&hellip;<\/p>\n","protected":false},"author":3,"featured_media":187826,"comment_status":"closed","ping_status":"open","sticky":false,"template":"","format":"standard","meta":{"_acf_changed":false,"footnotes":""},"categories":[1,11,12],"tags":[],"class_list":["post-226334","post","type-post","status-publish","format-standard","has-post-thumbnail","hentry","category-es-noticia","category-que-pasa","category-sociedad"],"acf":[],"yoast_head":"<!-- This site is optimized with the Yoast SEO plugin v28.4 - https:\/\/yoast.com\/product\/yoast-seo-wordpress\/ -->\n<title>La CPE confirm\u00f3 que dar\u00e1 luz a los asentamientos El Nuevo Salitral y Micaela Garc\u00eda - Diario Textual<\/title>\n<meta name=\"robots\" content=\"index, follow, max-snippet:-1, max-image-preview:large, max-video-preview:-1\" \/>\n<link rel=\"canonical\" href=\"https:\/\/diariotextual.com\/inicio\/index.php\/2023\/05\/23\/la-cpe-confirmo-que-dara-luz-a-los-asentamientos-el-nuevo-salitral-y-micaela-garcia\/\" \/>\n<meta property=\"og:locale\" content=\"es_ES\" \/>\n<meta property=\"og:type\" content=\"article\" \/>\n<meta property=\"og:title\" content=\"La CPE confirm\u00f3 que dar\u00e1 luz a los asentamientos El Nuevo Salitral y Micaela Garc\u00eda - Diario Textual\" \/>\n<meta property=\"og:description\" content=\"La CPE inform\u00f3 que viene trabajando en un proyecto para desarrollar las obras de tendido de redes el\u00e9ctricas en los asentamientos barriales de El Nuevo Salitral y Micaela Garc\u00eda. Autoridades&hellip;\" \/>\n<meta property=\"og:url\" content=\"https:\/\/diariotextual.com\/inicio\/index.php\/2023\/05\/23\/la-cpe-confirmo-que-dara-luz-a-los-asentamientos-el-nuevo-salitral-y-micaela-garcia\/\" \/>\n<meta property=\"og:site_name\" content=\"Diario Textual\" \/>\n<meta property=\"article:publisher\" content=\"https:\/\/www.facebook.com\/eltextual\" \/>\n<meta property=\"article:published_time\" content=\"2023-05-23T16:34:07+00:00\" \/>\n<meta property=\"article:modified_time\" content=\"2023-05-24T11:15:02+00:00\" \/>\n<meta property=\"og:image\" content=\"https:\/\/diariotextual.com\/inicio\/wp-content\/uploads\/2022\/05\/asentamientoelnuevosalitralmanifestacion2022-4.jpeg\" \/>\n\t<meta property=\"og:image:width\" content=\"1592\" \/>\n\t<meta property=\"og:image:height\" content=\"1073\" \/>\n\t<meta property=\"og:image:type\" content=\"image\/jpeg\" \/>\n<meta name=\"author\" content=\"Diario1 Diario1\" \/>\n<meta name=\"twitter:card\" content=\"summary_large_image\" \/>\n<meta name=\"twitter:creator\" content=\"@eltextual\" \/>\n<meta name=\"twitter:site\" content=\"@eltextual\" \/>\n<meta name=\"twitter:label1\" content=\"Escrito por\" \/>\n\t<meta name=\"twitter:data1\" content=\"Diario1 Diario1\" \/>\n\t<meta name=\"twitter:label2\" content=\"Tiempo de lectura\" \/>\n\t<meta name=\"twitter:data2\" content=\"1 minuto\" \/>\n<script type=\"application\/ld+json\" class=\"yoast-schema-graph\">{\"@context\":\"https:\\\/\\\/schema.org\",\"@graph\":[{\"@type\":\"Article\",\"@id\":\"https:\\\/\\\/diariotextual.com\\\/inicio\\\/index.php\\\/2023\\\/05\\\/23\\\/la-cpe-confirmo-que-dara-luz-a-los-asentamientos-el-nuevo-salitral-y-micaela-garcia\\\/#article\",\"isPartOf\":{\"@id\":\"https:\\\/\\\/diariotextual.com\\\/inicio\\\/index.php\\\/2023\\\/05\\\/23\\\/la-cpe-confirmo-que-dara-luz-a-los-asentamientos-el-nuevo-salitral-y-micaela-garcia\\\/\"},\"author\":{\"name\":\"Diario1 Diario1\",\"@id\":\"https:\\\/\\\/diariotextual.com\\\/inicio\\\/#\\\/schema\\\/person\\\/418fc4093c33e86ed41562db3508f958\"},\"headline\":\"La CPE confirm\u00f3 que dar\u00e1 luz a los asentamientos El Nuevo Salitral y Micaela Garc\u00eda\",\"datePublished\":\"2023-05-23T16:34:07+00:00\",\"dateModified\":\"2023-05-24T11:15:02+00:00\",\"mainEntityOfPage\":{\"@id\":\"https:\\\/\\\/diariotextual.com\\\/inicio\\\/index.php\\\/2023\\\/05\\\/23\\\/la-cpe-confirmo-que-dara-luz-a-los-asentamientos-el-nuevo-salitral-y-micaela-garcia\\\/\"},\"wordCount\":208,\"publisher\":{\"@id\":\"https:\\\/\\\/diariotextual.com\\\/inicio\\\/#organization\"},\"image\":{\"@id\":\"https:\\\/\\\/diariotextual.com\\\/inicio\\\/index.php\\\/2023\\\/05\\\/23\\\/la-cpe-confirmo-que-dara-luz-a-los-asentamientos-el-nuevo-salitral-y-micaela-garcia\\\/#primaryimage\"},\"thumbnailUrl\":\"https:\\\/\\\/diariotextual.com\\\/inicio\\\/wp-content\\\/uploads\\\/2022\\\/05\\\/asentamientoelnuevosalitralmanifestacion2022-4.jpeg\",\"articleSection\":[\"A - ES NOTICIA (van abajo)\",\"A - QUE PASA (al costado)\",\"SOCIEDAD\"],\"inLanguage\":\"es\"},{\"@type\":\"WebPage\",\"@id\":\"https:\\\/\\\/diariotextual.com\\\/inicio\\\/index.php\\\/2023\\\/05\\\/23\\\/la-cpe-confirmo-que-dara-luz-a-los-asentamientos-el-nuevo-salitral-y-micaela-garcia\\\/\",\"url\":\"https:\\\/\\\/diariotextual.com\\\/inicio\\\/index.php\\\/2023\\\/05\\\/23\\\/la-cpe-confirmo-que-dara-luz-a-los-asentamientos-el-nuevo-salitral-y-micaela-garcia\\\/\",\"name\":\"La CPE confirm\u00f3 que dar\u00e1 luz a los asentamientos El Nuevo Salitral y Micaela Garc\u00eda - Diario Textual\",\"isPartOf\":{\"@id\":\"https:\\\/\\\/diariotextual.com\\\/inicio\\\/#website\"},\"primaryImageOfPage\":{\"@id\":\"https:\\\/\\\/diariotextual.com\\\/inicio\\\/index.php\\\/2023\\\/05\\\/23\\\/la-cpe-confirmo-que-dara-luz-a-los-asentamientos-el-nuevo-salitral-y-micaela-garcia\\\/#primaryimage\"},\"image\":{\"@id\":\"https:\\\/\\\/diariotextual.com\\\/inicio\\\/index.php\\\/2023\\\/05\\\/23\\\/la-cpe-confirmo-que-dara-luz-a-los-asentamientos-el-nuevo-salitral-y-micaela-garcia\\\/#primaryimage\"},\"thumbnailUrl\":\"https:\\\/\\\/diariotextual.com\\\/inicio\\\/wp-content\\\/uploads\\\/2022\\\/05\\\/asentamientoelnuevosalitralmanifestacion2022-4.jpeg\",\"datePublished\":\"2023-05-23T16:34:07+00:00\",\"dateModified\":\"2023-05-24T11:15:02+00:00\",\"breadcrumb\":{\"@id\":\"https:\\\/\\\/diariotextual.com\\\/inicio\\\/index.php\\\/2023\\\/05\\\/23\\\/la-cpe-confirmo-que-dara-luz-a-los-asentamientos-el-nuevo-salitral-y-micaela-garcia\\\/#breadcrumb\"},\"inLanguage\":\"es\",\"potentialAction\":[{\"@type\":\"ReadAction\",\"target\":[\"https:\\\/\\\/diariotextual.com\\\/inicio\\\/index.php\\\/2023\\\/05\\\/23\\\/la-cpe-confirmo-que-dara-luz-a-los-asentamientos-el-nuevo-salitral-y-micaela-garcia\\\/\"]}]},{\"@type\":\"ImageObject\",\"inLanguage\":\"es\",\"@id\":\"https:\\\/\\\/diariotextual.com\\\/inicio\\\/index.php\\\/2023\\\/05\\\/23\\\/la-cpe-confirmo-que-dara-luz-a-los-asentamientos-el-nuevo-salitral-y-micaela-garcia\\\/#primaryimage\",\"url\":\"https:\\\/\\\/diariotextual.com\\\/inicio\\\/wp-content\\\/uploads\\\/2022\\\/05\\\/asentamientoelnuevosalitralmanifestacion2022-4.jpeg\",\"contentUrl\":\"https:\\\/\\\/diariotextual.com\\\/inicio\\\/wp-content\\\/uploads\\\/2022\\\/05\\\/asentamientoelnuevosalitralmanifestacion2022-4.jpeg\",\"width\":1592,\"height\":1073},{\"@type\":\"BreadcrumbList\",\"@id\":\"https:\\\/\\\/diariotextual.com\\\/inicio\\\/index.php\\\/2023\\\/05\\\/23\\\/la-cpe-confirmo-que-dara-luz-a-los-asentamientos-el-nuevo-salitral-y-micaela-garcia\\\/#breadcrumb\",\"itemListElement\":[{\"@type\":\"ListItem\",\"position\":1,\"name\":\"Portada\",\"item\":\"https:\\\/\\\/diariotextual.com\\\/inicio\\\/\"},{\"@type\":\"ListItem\",\"position\":2,\"name\":\"La CPE confirm\u00f3 que dar\u00e1 luz a los asentamientos El Nuevo Salitral y Micaela Garc\u00eda\"}]},{\"@type\":\"WebSite\",\"@id\":\"https:\\\/\\\/diariotextual.com\\\/inicio\\\/#website\",\"url\":\"https:\\\/\\\/diariotextual.com\\\/inicio\\\/\",\"name\":\"Diario Textual\",\"description\":\"\",\"publisher\":{\"@id\":\"https:\\\/\\\/diariotextual.com\\\/inicio\\\/#organization\"},\"potentialAction\":[{\"@type\":\"SearchAction\",\"target\":{\"@type\":\"EntryPoint\",\"urlTemplate\":\"https:\\\/\\\/diariotextual.com\\\/inicio\\\/?s={search_term_string}\"},\"query-input\":{\"@type\":\"PropertyValueSpecification\",\"valueRequired\":true,\"valueName\":\"search_term_string\"}}],\"inLanguage\":\"es\"},{\"@type\":\"Organization\",\"@id\":\"https:\\\/\\\/diariotextual.com\\\/inicio\\\/#organization\",\"name\":\"Diario Textual\",\"url\":\"https:\\\/\\\/diariotextual.com\\\/inicio\\\/\",\"logo\":{\"@type\":\"ImageObject\",\"inLanguage\":\"es\",\"@id\":\"https:\\\/\\\/diariotextual.com\\\/inicio\\\/#\\\/schema\\\/logo\\\/image\\\/\",\"url\":\"https:\\\/\\\/diariotextual.com\\\/inicio\\\/wp-content\\\/uploads\\\/2023\\\/05\\\/logotextual1.jpg\",\"contentUrl\":\"https:\\\/\\\/diariotextual.com\\\/inicio\\\/wp-content\\\/uploads\\\/2023\\\/05\\\/logotextual1.jpg\",\"width\":516,\"height\":76,\"caption\":\"Diario Textual\"},\"image\":{\"@id\":\"https:\\\/\\\/diariotextual.com\\\/inicio\\\/#\\\/schema\\\/logo\\\/image\\\/\"},\"sameAs\":[\"https:\\\/\\\/www.facebook.com\\\/eltextual\",\"https:\\\/\\\/x.com\\\/eltextual\",\"http:\\\/\\\/www.instagram.com\\\/eltextual\"]},{\"@type\":\"Person\",\"@id\":\"https:\\\/\\\/diariotextual.com\\\/inicio\\\/#\\\/schema\\\/person\\\/418fc4093c33e86ed41562db3508f958\",\"name\":\"Diario1 Diario1\",\"image\":{\"@type\":\"ImageObject\",\"inLanguage\":\"es\",\"@id\":\"https:\\\/\\\/secure.gravatar.com\\\/avatar\\\/9167d280179c85bc18be67aa7eda765854300033af4896dd779b608640f2ef7a?s=96&d=mm&r=g\",\"url\":\"https:\\\/\\\/secure.gravatar.com\\\/avatar\\\/9167d280179c85bc18be67aa7eda765854300033af4896dd779b608640f2ef7a?s=96&d=mm&r=g\",\"contentUrl\":\"https:\\\/\\\/secure.gravatar.com\\\/avatar\\\/9167d280179c85bc18be67aa7eda765854300033af4896dd779b608640f2ef7a?s=96&d=mm&r=g\",\"caption\":\"Diario1 Diario1\"},\"url\":\"https:\\\/\\\/diariotextual.com\\\/inicio\\\/index.php\\\/author\\\/diario1\\\/\"}]}<\/script>\n<!-- \/ Yoast SEO plugin. -->","yoast_head_json":{"title":"La CPE confirm\u00f3 que dar\u00e1 luz a los asentamientos El Nuevo Salitral y Micaela Garc\u00eda - Diario Textual","robots":{"index":"index","follow":"follow","max-snippet":"max-snippet:-1","max-image-preview":"max-image-preview:large","max-video-preview":"max-video-preview:-1"},"canonical":"https:\/\/diariotextual.com\/inicio\/index.php\/2023\/05\/23\/la-cpe-confirmo-que-dara-luz-a-los-asentamientos-el-nuevo-salitral-y-micaela-garcia\/","og_locale":"es_ES","og_type":"article","og_title":"La CPE confirm\u00f3 que dar\u00e1 luz a los asentamientos El Nuevo Salitral y Micaela Garc\u00eda - Diario Textual","og_description":"La CPE inform\u00f3 que viene trabajando en un proyecto para desarrollar las obras de tendido de redes el\u00e9ctricas en los asentamientos barriales de El Nuevo Salitral y Micaela Garc\u00eda. Autoridades&hellip;","og_url":"https:\/\/diariotextual.com\/inicio\/index.php\/2023\/05\/23\/la-cpe-confirmo-que-dara-luz-a-los-asentamientos-el-nuevo-salitral-y-micaela-garcia\/","og_site_name":"Diario Textual","article_publisher":"https:\/\/www.facebook.com\/eltextual","article_published_time":"2023-05-23T16:34:07+00:00","article_modified_time":"2023-05-24T11:15:02+00:00","og_image":[{"width":1592,"height":1073,"url":"https:\/\/diariotextual.com\/inicio\/wp-content\/uploads\/2022\/05\/asentamientoelnuevosalitralmanifestacion2022-4.jpeg","type":"image\/jpeg"}],"author":"Diario1 Diario1","twitter_card":"summary_large_image","twitter_creator":"@eltextual","twitter_site":"@eltextual","twitter_misc":{"Escrito por":"Diario1 Diario1","Tiempo de lectura":"1 minuto"},"schema":{"@context":"https:\/\/schema.org","@graph":[{"@type":"Article","@id":"https:\/\/diariotextual.com\/inicio\/index.php\/2023\/05\/23\/la-cpe-confirmo-que-dara-luz-a-los-asentamientos-el-nuevo-salitral-y-micaela-garcia\/#article","isPartOf":{"@id":"https:\/\/diariotextual.com\/inicio\/index.php\/2023\/05\/23\/la-cpe-confirmo-que-dara-luz-a-los-asentamientos-el-nuevo-salitral-y-micaela-garcia\/"},"author":{"name":"Diario1 Diario1","@id":"https:\/\/diariotextual.com\/inicio\/#\/schema\/person\/418fc4093c33e86ed41562db3508f958"},"headline":"La CPE confirm\u00f3 que dar\u00e1 luz a los asentamientos El Nuevo Salitral y Micaela Garc\u00eda","datePublished":"2023-05-23T16:34:07+00:00","dateModified":"2023-05-24T11:15:02+00:00","mainEntityOfPage":{"@id":"https:\/\/diariotextual.com\/inicio\/index.php\/2023\/05\/23\/la-cpe-confirmo-que-dara-luz-a-los-asentamientos-el-nuevo-salitral-y-micaela-garcia\/"},"wordCount":208,"publisher":{"@id":"https:\/\/diariotextual.com\/inicio\/#organization"},"image":{"@id":"https:\/\/diariotextual.com\/inicio\/index.php\/2023\/05\/23\/la-cpe-confirmo-que-dara-luz-a-los-asentamientos-el-nuevo-salitral-y-micaela-garcia\/#primaryimage"},"thumbnailUrl":"https:\/\/diariotextual.com\/inicio\/wp-content\/uploads\/2022\/05\/asentamientoelnuevosalitralmanifestacion2022-4.jpeg","articleSection":["A - ES NOTICIA (van abajo)","A - QUE PASA (al costado)","SOCIEDAD"],"inLanguage":"es"},{"@type":"WebPage","@id":"https:\/\/diariotextual.com\/inicio\/index.php\/2023\/05\/23\/la-cpe-confirmo-que-dara-luz-a-los-asentamientos-el-nuevo-salitral-y-micaela-garcia\/","url":"https:\/\/diariotextual.com\/inicio\/index.php\/2023\/05\/23\/la-cpe-confirmo-que-dara-luz-a-los-asentamientos-el-nuevo-salitral-y-micaela-garcia\/","name":"La CPE confirm\u00f3 que dar\u00e1 luz a los asentamientos El Nuevo Salitral y Micaela Garc\u00eda - Diario Textual","isPartOf":{"@id":"https:\/\/diariotextual.com\/inicio\/#website"},"primaryImageOfPage":{"@id":"https:\/\/diariotextual.com\/inicio\/index.php\/2023\/05\/23\/la-cpe-confirmo-que-dara-luz-a-los-asentamientos-el-nuevo-salitral-y-micaela-garcia\/#primaryimage"},"image":{"@id":"https:\/\/diariotextual.com\/inicio\/index.php\/2023\/05\/23\/la-cpe-confirmo-que-dara-luz-a-los-asentamientos-el-nuevo-salitral-y-micaela-garcia\/#primaryimage"},"thumbnailUrl":"https:\/\/diariotextual.com\/inicio\/wp-content\/uploads\/2022\/05\/asentamientoelnuevosalitralmanifestacion2022-4.jpeg","datePublished":"2023-05-23T16:34:07+00:00","dateModified":"2023-05-24T11:15:02+00:00","breadcrumb":{"@id":"https:\/\/diariotextual.com\/inicio\/index.php\/2023\/05\/23\/la-cpe-confirmo-que-dara-luz-a-los-asentamientos-el-nuevo-salitral-y-micaela-garcia\/#breadcrumb"},"inLanguage":"es","potentialAction":[{"@type":"ReadAction","target":["https:\/\/diariotextual.com\/inicio\/index.php\/2023\/05\/23\/la-cpe-confirmo-que-dara-luz-a-los-asentamientos-el-nuevo-salitral-y-micaela-garcia\/"]}]},{"@type":"ImageObject","inLanguage":"es","@id":"https:\/\/diariotextual.com\/inicio\/index.php\/2023\/05\/23\/la-cpe-confirmo-que-dara-luz-a-los-asentamientos-el-nuevo-salitral-y-micaela-garcia\/#primaryimage","url":"https:\/\/diariotextual.com\/inicio\/wp-content\/uploads\/2022\/05\/asentamientoelnuevosalitralmanifestacion2022-4.jpeg","contentUrl":"https:\/\/diariotextual.com\/inicio\/wp-content\/uploads\/2022\/05\/asentamientoelnuevosalitralmanifestacion2022-4.jpeg","width":1592,"height":1073},{"@type":"BreadcrumbList","@id":"https:\/\/diariotextual.com\/inicio\/index.php\/2023\/05\/23\/la-cpe-confirmo-que-dara-luz-a-los-asentamientos-el-nuevo-salitral-y-micaela-garcia\/#breadcrumb","itemListElement":[{"@type":"ListItem","position":1,"name":"Portada","item":"https:\/\/diariotextual.com\/inicio\/"},{"@type":"ListItem","position":2,"name":"La CPE confirm\u00f3 que dar\u00e1 luz a los asentamientos El Nuevo Salitral y Micaela Garc\u00eda"}]},{"@type":"WebSite","@id":"https:\/\/diariotextual.com\/inicio\/#website","url":"https:\/\/diariotextual.com\/inicio\/","name":"Diario Textual","description":"","publisher":{"@id":"https:\/\/diariotextual.com\/inicio\/#organization"},"potentialAction":[{"@type":"SearchAction","target":{"@type":"EntryPoint","urlTemplate":"https:\/\/diariotextual.com\/inicio\/?s={search_term_string}"},"query-input":{"@type":"PropertyValueSpecification","valueRequired":true,"valueName":"search_term_string"}}],"inLanguage":"es"},{"@type":"Organization","@id":"https:\/\/diariotextual.com\/inicio\/#organization","name":"Diario Textual","url":"https:\/\/diariotextual.com\/inicio\/","logo":{"@type":"ImageObject","inLanguage":"es","@id":"https:\/\/diariotextual.com\/inicio\/#\/schema\/logo\/image\/","url":"https:\/\/diariotextual.com\/inicio\/wp-content\/uploads\/2023\/05\/logotextual1.jpg","contentUrl":"https:\/\/diariotextual.com\/inicio\/wp-content\/uploads\/2023\/05\/logotextual1.jpg","width":516,"height":76,"caption":"Diario Textual"},"image":{"@id":"https:\/\/diariotextual.com\/inicio\/#\/schema\/logo\/image\/"},"sameAs":["https:\/\/www.facebook.com\/eltextual","https:\/\/x.com\/eltextual","http:\/\/www.instagram.com\/eltextual"]},{"@type":"Person","@id":"https:\/\/diariotextual.com\/inicio\/#\/schema\/person\/418fc4093c33e86ed41562db3508f958","name":"Diario1 Diario1","image":{"@type":"ImageObject","inLanguage":"es","@id":"https:\/\/secure.gravatar.com\/avatar\/9167d280179c85bc18be67aa7eda765854300033af4896dd779b608640f2ef7a?s=96&d=mm&r=g","url":"https:\/\/secure.gravatar.com\/avatar\/9167d280179c85bc18be67aa7eda765854300033af4896dd779b608640f2ef7a?s=96&d=mm&r=g","contentUrl":"https:\/\/secure.gravatar.com\/avatar\/9167d280179c85bc18be67aa7eda765854300033af4896dd779b608640f2ef7a?s=96&d=mm&r=g","caption":"Diario1 Diario1"},"url":"https:\/\/diariotextual.com\/inicio\/index.php\/author\/diario1\/"}]}},"_links":{"self":[{"href":"https:\/\/diariotextual.com\/inicio\/index.php\/wp-json\/wp\/v2\/posts\/226334","targetHints":{"allow":["GET"]}}],"collection":[{"href":"https:\/\/diariotextual.com\/inicio\/index.php\/wp-json\/wp\/v2\/posts"}],"about":[{"href":"https:\/\/diariotextual.com\/inicio\/index.php\/wp-json\/wp\/v2\/types\/post"}],"author":[{"embeddable":true,"href":"https:\/\/diariotextual.com\/inicio\/index.php\/wp-json\/wp\/v2\/users\/3"}],"replies":[{"embeddable":true,"href":"https:\/\/diariotextual.com\/inicio\/index.php\/wp-json\/wp\/v2\/comments?post=226334"}],"version-history":[{"count":2,"href":"https:\/\/diariotextual.com\/inicio\/index.php\/wp-json\/wp\/v2\/posts\/226334\/revisions"}],"predecessor-version":[{"id":226337,"href":"https:\/\/diariotextual.com\/inicio\/index.php\/wp-json\/wp\/v2\/posts\/226334\/revisions\/226337"}],"wp:featuredmedia":[{"embeddable":true,"href":"https:\/\/diariotextual.com\/inicio\/index.php\/wp-json\/wp\/v2\/media\/187826"}],"wp:attachment":[{"href":"https:\/\/diariotextual.com\/inicio\/index.php\/wp-json\/wp\/v2\/media?parent=226334"}],"wp:term":[{"taxonomy":"category","embeddable":true,"href":"https:\/\/diariotextual.com\/inicio\/index.php\/wp-json\/wp\/v2\/categories?post=226334"},{"taxonomy":"post_tag","embeddable":true,"href":"https:\/\/diariotextual.com\/inicio\/index.php\/wp-json\/wp\/v2\/tags?post=226334"}],"curies":[{"name":"wp","href":"https:\/\/api.w.org\/{rel}","templated":true}]}}