{"id":226359,"date":"2023-05-24T07:06:58","date_gmt":"2023-05-24T10:06:58","guid":{"rendered":"https:\/\/diariotextual.com\/inicio\/?p=226359"},"modified":"2023-05-24T07:07:00","modified_gmt":"2023-05-24T10:07:00","slug":"comision-de-diputados-debaten-proyecto-de-pension-reparatoria-para-personas-travestis-trans","status":"publish","type":"post","link":"https:\/\/diariotextual.com\/inicio\/index.php\/2023\/05\/24\/comision-de-diputados-debaten-proyecto-de-pension-reparatoria-para-personas-travestis-trans\/","title":{"rendered":"Comisi\u00f3n de Diputados debaten proyecto de pensi\u00f3n reparatoria para personas travestis trans"},"content":{"rendered":"\n<p>La comisi\u00f3n de Mujeres y Diversidad de la C\u00e1mara de Diputados abordar\u00e1 ma\u00f1ana el tratamiento del proyecto de <strong>\u201ccreaci\u00f3n de una pensi\u00f3n reparatoria para personas travestis trans\u201d,<\/strong> en el marco de una jornada en la que disertar\u00e1n funcionarios y especialistas en la materia.<\/p>\n\n\n\n<p>La convocatoria de la comisi\u00f3n, que preside la oficialista M\u00f3nica Macha, est\u00e1 prevista para las 11 en la Sala 1 del Anexo A de la C\u00e1mara baja.<\/p>\n\n\n\n<p>Fueron invitadas a participar la Representante Especial de Argentina sobre Orientaci\u00f3n Sexual e Identidad de G\u00e9nero del Ministerio de Relaciones Exteriores, Comercio Internacional y Culto, Alba Rueda, y la subsecretaria de Pol\u00edticas de Diversidad del Ministerio de Mujeres, G\u00e9neros y Diversidad de la Naci\u00f3n, Agustina Ponce.<\/p>\n\n\n\n<p>Tambi\u00e9n se convoc\u00f3 a la interventora del Instituto Nacional Contra la Discriminaci\u00f3n, la Xenofobia y el Racismo (Inadi), Greta Pena; a la subsecretaria de Diversidad de Tierra del Fuego, Ant\u00e1rtida e Islas del Atl\u00e1ntico Sur, Victoria Travieres; a la directora de Pol\u00edticas de Diversidad de la provincia de Buenos Aires, Daniela Castro, y a la directora de Diversidad del Chaco, \u00darsula Sabarece.<\/p>\n\n\n\n<p>En la jornada se realizar\u00e1 un primer abordaje sobre un proyecto en la materia presentado en marzo pasado por la diputada Gabriela Est\u00e9vez (Frente de Todos-C\u00f3rdoba), en base a otro texto propio elaborado en 2021 y que hab\u00eda perdido estado parlamentario en febrero \u00faltimo.<\/p>\n\n\n\n<p>Favorecer la <strong>inclusi\u00f3n de las personas travestis y trans mayores de 40 a\u00f1os en el sistema de la seguridad social <\/strong>para garantizarles la percepci\u00f3n de ingresos \u201creparatorios\u201d, equivalentes al menos a la Pensi\u00f3n Universal para Adultos Mayores, es el objetivo del proyecto de ley.<\/p>\n\n\n\n<p>Denominado \u201cPensi\u00f3n Reparatoria para Personas Mayores Travestis y Trans\u201d, plantea el otorgamiento en <strong>car\u00e1cter vitalicio<\/strong> de una percepci\u00f3n a todas las personas travestis y transexuales de m\u00e1s de 40 a\u00f1os, hayan o no realizado la rectificaci\u00f3n registral del acta de nacimiento y DNI.<\/p>\n\n\n\n<p>En sus considerandos, la iniciativa, impulsada por la Liga LGBTIQ+ de las Provincias y la Convocatoria Federal Trans y Travesti Argentina (Convocatoria), junto a la diputada Est\u00e9vez, se\u00f1ala que \u201cbusca reparar la violaci\u00f3n de derechos humanos b\u00e1sicos que implica una expectativa de vida de 35 a 40 a\u00f1os (entre las personas que integran esos colectivos); normas que criminalizaban y \u2018patologizaban\u2019 esas identidades; la sistem\u00e1tica violencia institucional y la falta de acceso a la salud, educaci\u00f3n, vivienda y trabajo registrado\u201d.<\/p>\n\n\n\n<p>\u201cEl proyecto profundiza el reconocimiento e inclusi\u00f3n del colectivo travesti trans que iniciamos con la Ley de Identidad de G\u00e9nero en 2012 y que continuamos con los decretos de cupo e inclusi\u00f3n laboral el a\u00f1o pasado\u201d, dijo Est\u00e9vez, en el momento que dio curso legal al texto.<\/p>\n\n\n\n<p>Por su parte, la referente del colectivo, Claudia V\u00e1zquez Haro, explic\u00f3: \u201cLlegamos a la vejez m\u00e1s empobrecidas y con un mayor deterioro f\u00edsico y emocional que las personas mayores cis (cisg\u00e9nero), como consecuencia de la vulneraci\u00f3n sistem\u00e1tica de nuestros derechos fundamentales a lo largo de nuestra vida\u201d.<\/p>\n\n\n\n<p>\u201cPor ello consideramos necesario y urgente que exista una pol\u00edtica p\u00fablica concreta de inclusi\u00f3n de las personas travestis y trans mayores en el sistema de seguridad social\u201d, concluy\u00f3.<\/p>\n","protected":false},"excerpt":{"rendered":"<p>La comisi\u00f3n de Mujeres y Diversidad de la C\u00e1mara de Diputados abordar\u00e1 ma\u00f1ana el tratamiento del proyecto de \u201ccreaci\u00f3n de una pensi\u00f3n reparatoria para personas travestis trans\u201d, en el marco&hellip;<\/p>\n","protected":false},"author":4,"featured_media":189483,"comment_status":"closed","ping_status":"open","sticky":false,"template":"","format":"standard","meta":{"_acf_changed":false,"footnotes":""},"categories":[1,12],"tags":[],"class_list":["post-226359","post","type-post","status-publish","format-standard","has-post-thumbnail","hentry","category-es-noticia","category-sociedad"],"acf":[],"yoast_head":"<!-- This site is optimized with the Yoast SEO plugin v27.5 - https:\/\/yoast.com\/product\/yoast-seo-wordpress\/ -->\n<title>Comisi\u00f3n de Diputados debaten proyecto de pensi\u00f3n reparatoria para personas travestis trans - Diario Textual<\/title>\n<meta name=\"robots\" content=\"index, follow, max-snippet:-1, max-image-preview:large, max-video-preview:-1\" \/>\n<link rel=\"canonical\" href=\"https:\/\/diariotextual.com\/inicio\/index.php\/2023\/05\/24\/comision-de-diputados-debaten-proyecto-de-pension-reparatoria-para-personas-travestis-trans\/\" \/>\n<meta property=\"og:locale\" content=\"es_ES\" \/>\n<meta property=\"og:type\" content=\"article\" \/>\n<meta property=\"og:title\" content=\"Comisi\u00f3n de Diputados debaten proyecto de pensi\u00f3n reparatoria para personas travestis trans - Diario Textual\" \/>\n<meta property=\"og:description\" content=\"La comisi\u00f3n de Mujeres y Diversidad de la C\u00e1mara de Diputados abordar\u00e1 ma\u00f1ana el tratamiento del proyecto de \u201ccreaci\u00f3n de una pensi\u00f3n reparatoria para personas travestis trans\u201d, en el marco&hellip;\" \/>\n<meta property=\"og:url\" content=\"https:\/\/diariotextual.com\/inicio\/index.php\/2023\/05\/24\/comision-de-diputados-debaten-proyecto-de-pension-reparatoria-para-personas-travestis-trans\/\" \/>\n<meta property=\"og:site_name\" content=\"Diario Textual\" \/>\n<meta property=\"article:publisher\" content=\"https:\/\/www.facebook.com\/eltextual\" \/>\n<meta property=\"article:published_time\" content=\"2023-05-24T10:06:58+00:00\" \/>\n<meta property=\"article:modified_time\" content=\"2023-05-24T10:07:00+00:00\" \/>\n<meta property=\"og:image\" content=\"https:\/\/diariotextual.com\/inicio\/wp-content\/uploads\/2022\/05\/diputadoscomisiones748556.jpg\" \/>\n\t<meta property=\"og:image:width\" content=\"1280\" \/>\n\t<meta property=\"og:image:height\" content=\"854\" \/>\n\t<meta property=\"og:image:type\" content=\"image\/jpeg\" \/>\n<meta name=\"author\" content=\"diario2\" \/>\n<meta name=\"twitter:card\" content=\"summary_large_image\" \/>\n<meta name=\"twitter:creator\" content=\"@eltextual\" \/>\n<meta name=\"twitter:site\" content=\"@eltextual\" \/>\n<meta name=\"twitter:label1\" content=\"Escrito por\" \/>\n\t<meta name=\"twitter:data1\" content=\"diario2\" \/>\n\t<meta name=\"twitter:label2\" content=\"Tiempo de lectura\" \/>\n\t<meta name=\"twitter:data2\" content=\"3 minutos\" \/>\n<script type=\"application\/ld+json\" class=\"yoast-schema-graph\">{\"@context\":\"https:\\\/\\\/schema.org\",\"@graph\":[{\"@type\":\"Article\",\"@id\":\"https:\\\/\\\/diariotextual.com\\\/inicio\\\/index.php\\\/2023\\\/05\\\/24\\\/comision-de-diputados-debaten-proyecto-de-pension-reparatoria-para-personas-travestis-trans\\\/#article\",\"isPartOf\":{\"@id\":\"https:\\\/\\\/diariotextual.com\\\/inicio\\\/index.php\\\/2023\\\/05\\\/24\\\/comision-de-diputados-debaten-proyecto-de-pension-reparatoria-para-personas-travestis-trans\\\/\"},\"author\":{\"name\":\"diario2\",\"@id\":\"https:\\\/\\\/diariotextual.com\\\/inicio\\\/#\\\/schema\\\/person\\\/694f60677f23c4a530867a98f22b3768\"},\"headline\":\"Comisi\u00f3n de Diputados debaten proyecto de pensi\u00f3n reparatoria para personas travestis trans\",\"datePublished\":\"2023-05-24T10:06:58+00:00\",\"dateModified\":\"2023-05-24T10:07:00+00:00\",\"mainEntityOfPage\":{\"@id\":\"https:\\\/\\\/diariotextual.com\\\/inicio\\\/index.php\\\/2023\\\/05\\\/24\\\/comision-de-diputados-debaten-proyecto-de-pension-reparatoria-para-personas-travestis-trans\\\/\"},\"wordCount\":569,\"publisher\":{\"@id\":\"https:\\\/\\\/diariotextual.com\\\/inicio\\\/#organization\"},\"image\":{\"@id\":\"https:\\\/\\\/diariotextual.com\\\/inicio\\\/index.php\\\/2023\\\/05\\\/24\\\/comision-de-diputados-debaten-proyecto-de-pension-reparatoria-para-personas-travestis-trans\\\/#primaryimage\"},\"thumbnailUrl\":\"https:\\\/\\\/diariotextual.com\\\/inicio\\\/wp-content\\\/uploads\\\/2022\\\/05\\\/diputadoscomisiones748556.jpg\",\"articleSection\":[\"A - ES NOTICIA (van abajo)\",\"SOCIEDAD\"],\"inLanguage\":\"es\"},{\"@type\":\"WebPage\",\"@id\":\"https:\\\/\\\/diariotextual.com\\\/inicio\\\/index.php\\\/2023\\\/05\\\/24\\\/comision-de-diputados-debaten-proyecto-de-pension-reparatoria-para-personas-travestis-trans\\\/\",\"url\":\"https:\\\/\\\/diariotextual.com\\\/inicio\\\/index.php\\\/2023\\\/05\\\/24\\\/comision-de-diputados-debaten-proyecto-de-pension-reparatoria-para-personas-travestis-trans\\\/\",\"name\":\"Comisi\u00f3n de Diputados debaten proyecto de pensi\u00f3n reparatoria para personas travestis trans - Diario Textual\",\"isPartOf\":{\"@id\":\"https:\\\/\\\/diariotextual.com\\\/inicio\\\/#website\"},\"primaryImageOfPage\":{\"@id\":\"https:\\\/\\\/diariotextual.com\\\/inicio\\\/index.php\\\/2023\\\/05\\\/24\\\/comision-de-diputados-debaten-proyecto-de-pension-reparatoria-para-personas-travestis-trans\\\/#primaryimage\"},\"image\":{\"@id\":\"https:\\\/\\\/diariotextual.com\\\/inicio\\\/index.php\\\/2023\\\/05\\\/24\\\/comision-de-diputados-debaten-proyecto-de-pension-reparatoria-para-personas-travestis-trans\\\/#primaryimage\"},\"thumbnailUrl\":\"https:\\\/\\\/diariotextual.com\\\/inicio\\\/wp-content\\\/uploads\\\/2022\\\/05\\\/diputadoscomisiones748556.jpg\",\"datePublished\":\"2023-05-24T10:06:58+00:00\",\"dateModified\":\"2023-05-24T10:07:00+00:00\",\"breadcrumb\":{\"@id\":\"https:\\\/\\\/diariotextual.com\\\/inicio\\\/index.php\\\/2023\\\/05\\\/24\\\/comision-de-diputados-debaten-proyecto-de-pension-reparatoria-para-personas-travestis-trans\\\/#breadcrumb\"},\"inLanguage\":\"es\",\"potentialAction\":[{\"@type\":\"ReadAction\",\"target\":[\"https:\\\/\\\/diariotextual.com\\\/inicio\\\/index.php\\\/2023\\\/05\\\/24\\\/comision-de-diputados-debaten-proyecto-de-pension-reparatoria-para-personas-travestis-trans\\\/\"]}]},{\"@type\":\"ImageObject\",\"inLanguage\":\"es\",\"@id\":\"https:\\\/\\\/diariotextual.com\\\/inicio\\\/index.php\\\/2023\\\/05\\\/24\\\/comision-de-diputados-debaten-proyecto-de-pension-reparatoria-para-personas-travestis-trans\\\/#primaryimage\",\"url\":\"https:\\\/\\\/diariotextual.com\\\/inicio\\\/wp-content\\\/uploads\\\/2022\\\/05\\\/diputadoscomisiones748556.jpg\",\"contentUrl\":\"https:\\\/\\\/diariotextual.com\\\/inicio\\\/wp-content\\\/uploads\\\/2022\\\/05\\\/diputadoscomisiones748556.jpg\",\"width\":1280,\"height\":854},{\"@type\":\"BreadcrumbList\",\"@id\":\"https:\\\/\\\/diariotextual.com\\\/inicio\\\/index.php\\\/2023\\\/05\\\/24\\\/comision-de-diputados-debaten-proyecto-de-pension-reparatoria-para-personas-travestis-trans\\\/#breadcrumb\",\"itemListElement\":[{\"@type\":\"ListItem\",\"position\":1,\"name\":\"Portada\",\"item\":\"https:\\\/\\\/diariotextual.com\\\/inicio\\\/\"},{\"@type\":\"ListItem\",\"position\":2,\"name\":\"Comisi\u00f3n de Diputados debaten proyecto de pensi\u00f3n reparatoria para personas travestis trans\"}]},{\"@type\":\"WebSite\",\"@id\":\"https:\\\/\\\/diariotextual.com\\\/inicio\\\/#website\",\"url\":\"https:\\\/\\\/diariotextual.com\\\/inicio\\\/\",\"name\":\"Diario Textual\",\"description\":\"\",\"publisher\":{\"@id\":\"https:\\\/\\\/diariotextual.com\\\/inicio\\\/#organization\"},\"potentialAction\":[{\"@type\":\"SearchAction\",\"target\":{\"@type\":\"EntryPoint\",\"urlTemplate\":\"https:\\\/\\\/diariotextual.com\\\/inicio\\\/?s={search_term_string}\"},\"query-input\":{\"@type\":\"PropertyValueSpecification\",\"valueRequired\":true,\"valueName\":\"search_term_string\"}}],\"inLanguage\":\"es\"},{\"@type\":\"Organization\",\"@id\":\"https:\\\/\\\/diariotextual.com\\\/inicio\\\/#organization\",\"name\":\"Diario Textual\",\"url\":\"https:\\\/\\\/diariotextual.com\\\/inicio\\\/\",\"logo\":{\"@type\":\"ImageObject\",\"inLanguage\":\"es\",\"@id\":\"https:\\\/\\\/diariotextual.com\\\/inicio\\\/#\\\/schema\\\/logo\\\/image\\\/\",\"url\":\"https:\\\/\\\/diariotextual.com\\\/inicio\\\/wp-content\\\/uploads\\\/2023\\\/05\\\/logotextual1.jpg\",\"contentUrl\":\"https:\\\/\\\/diariotextual.com\\\/inicio\\\/wp-content\\\/uploads\\\/2023\\\/05\\\/logotextual1.jpg\",\"width\":516,\"height\":76,\"caption\":\"Diario Textual\"},\"image\":{\"@id\":\"https:\\\/\\\/diariotextual.com\\\/inicio\\\/#\\\/schema\\\/logo\\\/image\\\/\"},\"sameAs\":[\"https:\\\/\\\/www.facebook.com\\\/eltextual\",\"https:\\\/\\\/x.com\\\/eltextual\",\"http:\\\/\\\/www.instagram.com\\\/eltextual\"]},{\"@type\":\"Person\",\"@id\":\"https:\\\/\\\/diariotextual.com\\\/inicio\\\/#\\\/schema\\\/person\\\/694f60677f23c4a530867a98f22b3768\",\"name\":\"diario2\",\"image\":{\"@type\":\"ImageObject\",\"inLanguage\":\"es\",\"@id\":\"https:\\\/\\\/secure.gravatar.com\\\/avatar\\\/5a2567495ba16b852fcd8f1ed006a2e24fcace936018ed8237e95f488ad6e0a7?s=96&d=mm&r=g\",\"url\":\"https:\\\/\\\/secure.gravatar.com\\\/avatar\\\/5a2567495ba16b852fcd8f1ed006a2e24fcace936018ed8237e95f488ad6e0a7?s=96&d=mm&r=g\",\"contentUrl\":\"https:\\\/\\\/secure.gravatar.com\\\/avatar\\\/5a2567495ba16b852fcd8f1ed006a2e24fcace936018ed8237e95f488ad6e0a7?s=96&d=mm&r=g\",\"caption\":\"diario2\"},\"url\":\"https:\\\/\\\/diariotextual.com\\\/inicio\\\/index.php\\\/author\\\/diario2\\\/\"}]}<\/script>\n<!-- \/ Yoast SEO plugin. -->","yoast_head_json":{"title":"Comisi\u00f3n de Diputados debaten proyecto de pensi\u00f3n reparatoria para personas travestis trans - Diario Textual","robots":{"index":"index","follow":"follow","max-snippet":"max-snippet:-1","max-image-preview":"max-image-preview:large","max-video-preview":"max-video-preview:-1"},"canonical":"https:\/\/diariotextual.com\/inicio\/index.php\/2023\/05\/24\/comision-de-diputados-debaten-proyecto-de-pension-reparatoria-para-personas-travestis-trans\/","og_locale":"es_ES","og_type":"article","og_title":"Comisi\u00f3n de Diputados debaten proyecto de pensi\u00f3n reparatoria para personas travestis trans - Diario Textual","og_description":"La comisi\u00f3n de Mujeres y Diversidad de la C\u00e1mara de Diputados abordar\u00e1 ma\u00f1ana el tratamiento del proyecto de \u201ccreaci\u00f3n de una pensi\u00f3n reparatoria para personas travestis trans\u201d, en el marco&hellip;","og_url":"https:\/\/diariotextual.com\/inicio\/index.php\/2023\/05\/24\/comision-de-diputados-debaten-proyecto-de-pension-reparatoria-para-personas-travestis-trans\/","og_site_name":"Diario Textual","article_publisher":"https:\/\/www.facebook.com\/eltextual","article_published_time":"2023-05-24T10:06:58+00:00","article_modified_time":"2023-05-24T10:07:00+00:00","og_image":[{"width":1280,"height":854,"url":"https:\/\/diariotextual.com\/inicio\/wp-content\/uploads\/2022\/05\/diputadoscomisiones748556.jpg","type":"image\/jpeg"}],"author":"diario2","twitter_card":"summary_large_image","twitter_creator":"@eltextual","twitter_site":"@eltextual","twitter_misc":{"Escrito por":"diario2","Tiempo de lectura":"3 minutos"},"schema":{"@context":"https:\/\/schema.org","@graph":[{"@type":"Article","@id":"https:\/\/diariotextual.com\/inicio\/index.php\/2023\/05\/24\/comision-de-diputados-debaten-proyecto-de-pension-reparatoria-para-personas-travestis-trans\/#article","isPartOf":{"@id":"https:\/\/diariotextual.com\/inicio\/index.php\/2023\/05\/24\/comision-de-diputados-debaten-proyecto-de-pension-reparatoria-para-personas-travestis-trans\/"},"author":{"name":"diario2","@id":"https:\/\/diariotextual.com\/inicio\/#\/schema\/person\/694f60677f23c4a530867a98f22b3768"},"headline":"Comisi\u00f3n de Diputados debaten proyecto de pensi\u00f3n reparatoria para personas travestis trans","datePublished":"2023-05-24T10:06:58+00:00","dateModified":"2023-05-24T10:07:00+00:00","mainEntityOfPage":{"@id":"https:\/\/diariotextual.com\/inicio\/index.php\/2023\/05\/24\/comision-de-diputados-debaten-proyecto-de-pension-reparatoria-para-personas-travestis-trans\/"},"wordCount":569,"publisher":{"@id":"https:\/\/diariotextual.com\/inicio\/#organization"},"image":{"@id":"https:\/\/diariotextual.com\/inicio\/index.php\/2023\/05\/24\/comision-de-diputados-debaten-proyecto-de-pension-reparatoria-para-personas-travestis-trans\/#primaryimage"},"thumbnailUrl":"https:\/\/diariotextual.com\/inicio\/wp-content\/uploads\/2022\/05\/diputadoscomisiones748556.jpg","articleSection":["A - ES NOTICIA (van abajo)","SOCIEDAD"],"inLanguage":"es"},{"@type":"WebPage","@id":"https:\/\/diariotextual.com\/inicio\/index.php\/2023\/05\/24\/comision-de-diputados-debaten-proyecto-de-pension-reparatoria-para-personas-travestis-trans\/","url":"https:\/\/diariotextual.com\/inicio\/index.php\/2023\/05\/24\/comision-de-diputados-debaten-proyecto-de-pension-reparatoria-para-personas-travestis-trans\/","name":"Comisi\u00f3n de Diputados debaten proyecto de pensi\u00f3n reparatoria para personas travestis trans - Diario Textual","isPartOf":{"@id":"https:\/\/diariotextual.com\/inicio\/#website"},"primaryImageOfPage":{"@id":"https:\/\/diariotextual.com\/inicio\/index.php\/2023\/05\/24\/comision-de-diputados-debaten-proyecto-de-pension-reparatoria-para-personas-travestis-trans\/#primaryimage"},"image":{"@id":"https:\/\/diariotextual.com\/inicio\/index.php\/2023\/05\/24\/comision-de-diputados-debaten-proyecto-de-pension-reparatoria-para-personas-travestis-trans\/#primaryimage"},"thumbnailUrl":"https:\/\/diariotextual.com\/inicio\/wp-content\/uploads\/2022\/05\/diputadoscomisiones748556.jpg","datePublished":"2023-05-24T10:06:58+00:00","dateModified":"2023-05-24T10:07:00+00:00","breadcrumb":{"@id":"https:\/\/diariotextual.com\/inicio\/index.php\/2023\/05\/24\/comision-de-diputados-debaten-proyecto-de-pension-reparatoria-para-personas-travestis-trans\/#breadcrumb"},"inLanguage":"es","potentialAction":[{"@type":"ReadAction","target":["https:\/\/diariotextual.com\/inicio\/index.php\/2023\/05\/24\/comision-de-diputados-debaten-proyecto-de-pension-reparatoria-para-personas-travestis-trans\/"]}]},{"@type":"ImageObject","inLanguage":"es","@id":"https:\/\/diariotextual.com\/inicio\/index.php\/2023\/05\/24\/comision-de-diputados-debaten-proyecto-de-pension-reparatoria-para-personas-travestis-trans\/#primaryimage","url":"https:\/\/diariotextual.com\/inicio\/wp-content\/uploads\/2022\/05\/diputadoscomisiones748556.jpg","contentUrl":"https:\/\/diariotextual.com\/inicio\/wp-content\/uploads\/2022\/05\/diputadoscomisiones748556.jpg","width":1280,"height":854},{"@type":"BreadcrumbList","@id":"https:\/\/diariotextual.com\/inicio\/index.php\/2023\/05\/24\/comision-de-diputados-debaten-proyecto-de-pension-reparatoria-para-personas-travestis-trans\/#breadcrumb","itemListElement":[{"@type":"ListItem","position":1,"name":"Portada","item":"https:\/\/diariotextual.com\/inicio\/"},{"@type":"ListItem","position":2,"name":"Comisi\u00f3n de Diputados debaten proyecto de pensi\u00f3n reparatoria para personas travestis trans"}]},{"@type":"WebSite","@id":"https:\/\/diariotextual.com\/inicio\/#website","url":"https:\/\/diariotextual.com\/inicio\/","name":"Diario Textual","description":"","publisher":{"@id":"https:\/\/diariotextual.com\/inicio\/#organization"},"potentialAction":[{"@type":"SearchAction","target":{"@type":"EntryPoint","urlTemplate":"https:\/\/diariotextual.com\/inicio\/?s={search_term_string}"},"query-input":{"@type":"PropertyValueSpecification","valueRequired":true,"valueName":"search_term_string"}}],"inLanguage":"es"},{"@type":"Organization","@id":"https:\/\/diariotextual.com\/inicio\/#organization","name":"Diario Textual","url":"https:\/\/diariotextual.com\/inicio\/","logo":{"@type":"ImageObject","inLanguage":"es","@id":"https:\/\/diariotextual.com\/inicio\/#\/schema\/logo\/image\/","url":"https:\/\/diariotextual.com\/inicio\/wp-content\/uploads\/2023\/05\/logotextual1.jpg","contentUrl":"https:\/\/diariotextual.com\/inicio\/wp-content\/uploads\/2023\/05\/logotextual1.jpg","width":516,"height":76,"caption":"Diario Textual"},"image":{"@id":"https:\/\/diariotextual.com\/inicio\/#\/schema\/logo\/image\/"},"sameAs":["https:\/\/www.facebook.com\/eltextual","https:\/\/x.com\/eltextual","http:\/\/www.instagram.com\/eltextual"]},{"@type":"Person","@id":"https:\/\/diariotextual.com\/inicio\/#\/schema\/person\/694f60677f23c4a530867a98f22b3768","name":"diario2","image":{"@type":"ImageObject","inLanguage":"es","@id":"https:\/\/secure.gravatar.com\/avatar\/5a2567495ba16b852fcd8f1ed006a2e24fcace936018ed8237e95f488ad6e0a7?s=96&d=mm&r=g","url":"https:\/\/secure.gravatar.com\/avatar\/5a2567495ba16b852fcd8f1ed006a2e24fcace936018ed8237e95f488ad6e0a7?s=96&d=mm&r=g","contentUrl":"https:\/\/secure.gravatar.com\/avatar\/5a2567495ba16b852fcd8f1ed006a2e24fcace936018ed8237e95f488ad6e0a7?s=96&d=mm&r=g","caption":"diario2"},"url":"https:\/\/diariotextual.com\/inicio\/index.php\/author\/diario2\/"}]}},"_links":{"self":[{"href":"https:\/\/diariotextual.com\/inicio\/index.php\/wp-json\/wp\/v2\/posts\/226359","targetHints":{"allow":["GET"]}}],"collection":[{"href":"https:\/\/diariotextual.com\/inicio\/index.php\/wp-json\/wp\/v2\/posts"}],"about":[{"href":"https:\/\/diariotextual.com\/inicio\/index.php\/wp-json\/wp\/v2\/types\/post"}],"author":[{"embeddable":true,"href":"https:\/\/diariotextual.com\/inicio\/index.php\/wp-json\/wp\/v2\/users\/4"}],"replies":[{"embeddable":true,"href":"https:\/\/diariotextual.com\/inicio\/index.php\/wp-json\/wp\/v2\/comments?post=226359"}],"version-history":[{"count":1,"href":"https:\/\/diariotextual.com\/inicio\/index.php\/wp-json\/wp\/v2\/posts\/226359\/revisions"}],"predecessor-version":[{"id":226361,"href":"https:\/\/diariotextual.com\/inicio\/index.php\/wp-json\/wp\/v2\/posts\/226359\/revisions\/226361"}],"wp:featuredmedia":[{"embeddable":true,"href":"https:\/\/diariotextual.com\/inicio\/index.php\/wp-json\/wp\/v2\/media\/189483"}],"wp:attachment":[{"href":"https:\/\/diariotextual.com\/inicio\/index.php\/wp-json\/wp\/v2\/media?parent=226359"}],"wp:term":[{"taxonomy":"category","embeddable":true,"href":"https:\/\/diariotextual.com\/inicio\/index.php\/wp-json\/wp\/v2\/categories?post=226359"},{"taxonomy":"post_tag","embeddable":true,"href":"https:\/\/diariotextual.com\/inicio\/index.php\/wp-json\/wp\/v2\/tags?post=226359"}],"curies":[{"name":"wp","href":"https:\/\/api.w.org\/{rel}","templated":true}]}}