{"id":226412,"date":"2023-05-24T12:31:42","date_gmt":"2023-05-24T15:31:42","guid":{"rendered":"https:\/\/diariotextual.com\/inicio\/?p=226412"},"modified":"2023-05-24T17:22:36","modified_gmt":"2023-05-24T20:22:36","slug":"ocho-anos-a-un-empleado-publico-por-abusos-sexuales","status":"publish","type":"post","link":"https:\/\/diariotextual.com\/inicio\/index.php\/2023\/05\/24\/ocho-anos-a-un-empleado-publico-por-abusos-sexuales\/","title":{"rendered":"Ocho a\u00f1os a un empleado p\u00fablico por abusos sexuales"},"content":{"rendered":"\n<p>La Audiencia de Juicio de Santa Rosa le impuso hoy a un empleado p\u00fablico una pena de ocho a\u00f1os de prisi\u00f3n por ser autor de los delitos de abuso sexual simple de una menor de 13 a\u00f1os, agravado por la convivencia preexistente, todo como delito continuado; en concurso real con abuso sexual con acceso carnal mediando violencia y amenazas. Las v\u00edctimas fueron una hija de su expareja y una prima de esta \u00faltima. Adem\u00e1s se le mantuvo el arresto domiciliario hasta la finalizaci\u00f3n del proceso.<\/p>\n\n\n\n<p>La resoluci\u00f3n fue dispuesta por los jueces Gast\u00f3n Boulenaz, Carlos Besi y Andr\u00e9s Oli\u00e9, tras la realizaci\u00f3n el martes 15 de la audiencia de cesura 15. El Tribunal ya hab\u00eda dictado, el 5 de mayo, la sentencia declarando la autor\u00eda y responsabilidad penal del imputado por ambos hechos.<\/p>\n\n\n\n<p>Durante los alegatos de la cesura, la fiscala Ver\u00f3nica Ferrero solicit\u00f3 una pena de 12 a\u00f1os de prisi\u00f3n; los apoderados de la querella, Rodrigo Villa y Seila Dom\u00ednguez Ardohain \u2013en representaci\u00f3n de la madre de la ni\u00f1a\u2013 seis a\u00f1os solamente por la primera agresi\u00f3n; y la defensora particular, Vanessa Ranocchia Ongaro, el m\u00ednimo de seis a\u00f1os.<\/p>\n\n\n\n<p>Durante el juicio oral qued\u00f3 probado que el acusado, de 42 a\u00f1os, le efectu\u00f3 tocamientos a la ni\u00f1a, en reiteradas ocasiones, y a lo largo de un a\u00f1o, desde que ten\u00eda 12. Los hechos ocurrieron en el domicilio donde viv\u00eda el grupo familiar.<\/p>\n\n\n\n<p>Tambi\u00e9n se acredit\u00f3 que, bajo el argumento de que \u201cten\u00eda que acompa\u00f1arlo al IPAV\u201d, traslad\u00f3 a la prima de su expareja hasta un departamento y all\u00ed abus\u00f3 de ella. En esas circunstancias le dijo: \u201cm\u00e1s vale que no digas nada porque tengo contactos, no te olvides que ten\u00e9s hijos. Te voy a mandar a prender fuego la casa, a que te maten a palos, y nadie te va a creer\u201d.<\/p>\n\n\n\n<p>Los jueces, al ponderar la imposici\u00f3n de la pena, consideraron a favor del acusado que algunos testigos dijeron tener un buen concepto de \u00e9l, manifestando que es \u201cuna buena persona, trabajadora y solidaria\u201d.<\/p>\n\n\n\n<p>Con respecto a otro grupo de testigos, que tambi\u00e9n declararon a favor del imputado, la Audiencia de Juicio sostuvo que entre ellos \u201cexisten lazos de amistad, parentesco y gratitud\u201d porque, en su calidad de dirigente barrial, el acusado \u201crepart\u00eda bienes que proven\u00edan del erario p\u00fablico\u201d y se val\u00eda \u201cde una imagen de benefactor que tambi\u00e9n usufructuaba a t\u00edtulo personal\u201d. Por eso relativiz\u00f3 esas opiniones.<\/p>\n\n\n\n<p>Acerca de los agravantes, Boulenaz \u2013autor del voto inicial, al que adhirieron Besi y Oli\u00e9\u2013 enumer\u00f3 la \u201creiteraci\u00f3n de los acometimientos sexuales\u201d en perjuicio de la menor; \u201cel grado de autodeterminaci\u00f3n\u201d del agresor a pesar de ser un hombre \u201ccon trabajo estable \u2013empleado del Estado\u2013, con arraigos afectivos y familiares e incluido socialmente\u201d; las consecuencia y efectos causados a la prima de su expareja; y \u201cla premeditaci\u00f3n y planificaci\u00f3n\u201d en el segundo hecho, \u201cbajo el amparo de la vulnerabilidad que presentaba\u201d la v\u00edctima.<\/p>\n\n\n\n<p>Finalmente, el Tribunal remarc\u00f3 que los ataques sexuales se produjeron en un \u201ccontexto de violencia de g\u00e9nero\u201d y que el imputado dej\u00f3 en claro con su conducta \u201cel desprecio y cosificaci\u00f3n por el g\u00e9nero femenino\u201d.\u200b<\/p>\n","protected":false},"excerpt":{"rendered":"<p>La Audiencia de Juicio de Santa Rosa le impuso hoy a un empleado p\u00fablico una pena de ocho a\u00f1os de prisi\u00f3n por ser autor de los delitos de abuso sexual&hellip;<\/p>\n","protected":false},"author":4,"featured_media":182244,"comment_status":"closed","ping_status":"open","sticky":false,"template":"","format":"standard","meta":{"_acf_changed":false,"footnotes":""},"categories":[1,12],"tags":[],"class_list":["post-226412","post","type-post","status-publish","format-standard","has-post-thumbnail","hentry","category-es-noticia","category-sociedad"],"acf":[],"yoast_head":"<!-- This site is optimized with the Yoast SEO plugin v27.5 - https:\/\/yoast.com\/product\/yoast-seo-wordpress\/ -->\n<title>Ocho a\u00f1os a un empleado p\u00fablico por abusos sexuales - Diario Textual<\/title>\n<meta name=\"robots\" content=\"index, follow, max-snippet:-1, max-image-preview:large, max-video-preview:-1\" \/>\n<link rel=\"canonical\" href=\"https:\/\/diariotextual.com\/inicio\/index.php\/2023\/05\/24\/ocho-anos-a-un-empleado-publico-por-abusos-sexuales\/\" \/>\n<meta property=\"og:locale\" content=\"es_ES\" \/>\n<meta property=\"og:type\" content=\"article\" \/>\n<meta property=\"og:title\" content=\"Ocho a\u00f1os a un empleado p\u00fablico por abusos sexuales - Diario Textual\" \/>\n<meta property=\"og:description\" content=\"La Audiencia de Juicio de Santa Rosa le impuso hoy a un empleado p\u00fablico una pena de ocho a\u00f1os de prisi\u00f3n por ser autor de los delitos de abuso sexual&hellip;\" \/>\n<meta property=\"og:url\" content=\"https:\/\/diariotextual.com\/inicio\/index.php\/2023\/05\/24\/ocho-anos-a-un-empleado-publico-por-abusos-sexuales\/\" \/>\n<meta property=\"og:site_name\" content=\"Diario Textual\" \/>\n<meta property=\"article:publisher\" content=\"https:\/\/www.facebook.com\/eltextual\" \/>\n<meta property=\"article:published_time\" content=\"2023-05-24T15:31:42+00:00\" \/>\n<meta property=\"article:modified_time\" content=\"2023-05-24T20:22:36+00:00\" \/>\n<meta property=\"og:image\" content=\"https:\/\/diariotextual.com\/inicio\/wp-content\/uploads\/2022\/03\/abusosjardin.jpg\" \/>\n\t<meta property=\"og:image:width\" content=\"700\" \/>\n\t<meta property=\"og:image:height\" content=\"395\" \/>\n\t<meta property=\"og:image:type\" content=\"image\/jpeg\" \/>\n<meta name=\"author\" content=\"diario2\" \/>\n<meta name=\"twitter:card\" content=\"summary_large_image\" \/>\n<meta name=\"twitter:creator\" content=\"@eltextual\" \/>\n<meta name=\"twitter:site\" content=\"@eltextual\" \/>\n<meta name=\"twitter:label1\" content=\"Escrito por\" \/>\n\t<meta name=\"twitter:data1\" content=\"diario2\" \/>\n\t<meta name=\"twitter:label2\" content=\"Tiempo de lectura\" \/>\n\t<meta name=\"twitter:data2\" content=\"3 minutos\" \/>\n<script type=\"application\/ld+json\" class=\"yoast-schema-graph\">{\"@context\":\"https:\\\/\\\/schema.org\",\"@graph\":[{\"@type\":\"Article\",\"@id\":\"https:\\\/\\\/diariotextual.com\\\/inicio\\\/index.php\\\/2023\\\/05\\\/24\\\/ocho-anos-a-un-empleado-publico-por-abusos-sexuales\\\/#article\",\"isPartOf\":{\"@id\":\"https:\\\/\\\/diariotextual.com\\\/inicio\\\/index.php\\\/2023\\\/05\\\/24\\\/ocho-anos-a-un-empleado-publico-por-abusos-sexuales\\\/\"},\"author\":{\"name\":\"diario2\",\"@id\":\"https:\\\/\\\/diariotextual.com\\\/inicio\\\/#\\\/schema\\\/person\\\/694f60677f23c4a530867a98f22b3768\"},\"headline\":\"Ocho a\u00f1os a un empleado p\u00fablico por abusos sexuales\",\"datePublished\":\"2023-05-24T15:31:42+00:00\",\"dateModified\":\"2023-05-24T20:22:36+00:00\",\"mainEntityOfPage\":{\"@id\":\"https:\\\/\\\/diariotextual.com\\\/inicio\\\/index.php\\\/2023\\\/05\\\/24\\\/ocho-anos-a-un-empleado-publico-por-abusos-sexuales\\\/\"},\"wordCount\":570,\"publisher\":{\"@id\":\"https:\\\/\\\/diariotextual.com\\\/inicio\\\/#organization\"},\"image\":{\"@id\":\"https:\\\/\\\/diariotextual.com\\\/inicio\\\/index.php\\\/2023\\\/05\\\/24\\\/ocho-anos-a-un-empleado-publico-por-abusos-sexuales\\\/#primaryimage\"},\"thumbnailUrl\":\"https:\\\/\\\/diariotextual.com\\\/inicio\\\/wp-content\\\/uploads\\\/2022\\\/03\\\/abusosjardin.jpg\",\"articleSection\":[\"A - ES NOTICIA (van abajo)\",\"SOCIEDAD\"],\"inLanguage\":\"es\"},{\"@type\":\"WebPage\",\"@id\":\"https:\\\/\\\/diariotextual.com\\\/inicio\\\/index.php\\\/2023\\\/05\\\/24\\\/ocho-anos-a-un-empleado-publico-por-abusos-sexuales\\\/\",\"url\":\"https:\\\/\\\/diariotextual.com\\\/inicio\\\/index.php\\\/2023\\\/05\\\/24\\\/ocho-anos-a-un-empleado-publico-por-abusos-sexuales\\\/\",\"name\":\"Ocho a\u00f1os a un empleado p\u00fablico por abusos sexuales - Diario Textual\",\"isPartOf\":{\"@id\":\"https:\\\/\\\/diariotextual.com\\\/inicio\\\/#website\"},\"primaryImageOfPage\":{\"@id\":\"https:\\\/\\\/diariotextual.com\\\/inicio\\\/index.php\\\/2023\\\/05\\\/24\\\/ocho-anos-a-un-empleado-publico-por-abusos-sexuales\\\/#primaryimage\"},\"image\":{\"@id\":\"https:\\\/\\\/diariotextual.com\\\/inicio\\\/index.php\\\/2023\\\/05\\\/24\\\/ocho-anos-a-un-empleado-publico-por-abusos-sexuales\\\/#primaryimage\"},\"thumbnailUrl\":\"https:\\\/\\\/diariotextual.com\\\/inicio\\\/wp-content\\\/uploads\\\/2022\\\/03\\\/abusosjardin.jpg\",\"datePublished\":\"2023-05-24T15:31:42+00:00\",\"dateModified\":\"2023-05-24T20:22:36+00:00\",\"breadcrumb\":{\"@id\":\"https:\\\/\\\/diariotextual.com\\\/inicio\\\/index.php\\\/2023\\\/05\\\/24\\\/ocho-anos-a-un-empleado-publico-por-abusos-sexuales\\\/#breadcrumb\"},\"inLanguage\":\"es\",\"potentialAction\":[{\"@type\":\"ReadAction\",\"target\":[\"https:\\\/\\\/diariotextual.com\\\/inicio\\\/index.php\\\/2023\\\/05\\\/24\\\/ocho-anos-a-un-empleado-publico-por-abusos-sexuales\\\/\"]}]},{\"@type\":\"ImageObject\",\"inLanguage\":\"es\",\"@id\":\"https:\\\/\\\/diariotextual.com\\\/inicio\\\/index.php\\\/2023\\\/05\\\/24\\\/ocho-anos-a-un-empleado-publico-por-abusos-sexuales\\\/#primaryimage\",\"url\":\"https:\\\/\\\/diariotextual.com\\\/inicio\\\/wp-content\\\/uploads\\\/2022\\\/03\\\/abusosjardin.jpg\",\"contentUrl\":\"https:\\\/\\\/diariotextual.com\\\/inicio\\\/wp-content\\\/uploads\\\/2022\\\/03\\\/abusosjardin.jpg\",\"width\":700,\"height\":395},{\"@type\":\"BreadcrumbList\",\"@id\":\"https:\\\/\\\/diariotextual.com\\\/inicio\\\/index.php\\\/2023\\\/05\\\/24\\\/ocho-anos-a-un-empleado-publico-por-abusos-sexuales\\\/#breadcrumb\",\"itemListElement\":[{\"@type\":\"ListItem\",\"position\":1,\"name\":\"Portada\",\"item\":\"https:\\\/\\\/diariotextual.com\\\/inicio\\\/\"},{\"@type\":\"ListItem\",\"position\":2,\"name\":\"Ocho a\u00f1os a un empleado p\u00fablico por abusos sexuales\"}]},{\"@type\":\"WebSite\",\"@id\":\"https:\\\/\\\/diariotextual.com\\\/inicio\\\/#website\",\"url\":\"https:\\\/\\\/diariotextual.com\\\/inicio\\\/\",\"name\":\"Diario Textual\",\"description\":\"\",\"publisher\":{\"@id\":\"https:\\\/\\\/diariotextual.com\\\/inicio\\\/#organization\"},\"potentialAction\":[{\"@type\":\"SearchAction\",\"target\":{\"@type\":\"EntryPoint\",\"urlTemplate\":\"https:\\\/\\\/diariotextual.com\\\/inicio\\\/?s={search_term_string}\"},\"query-input\":{\"@type\":\"PropertyValueSpecification\",\"valueRequired\":true,\"valueName\":\"search_term_string\"}}],\"inLanguage\":\"es\"},{\"@type\":\"Organization\",\"@id\":\"https:\\\/\\\/diariotextual.com\\\/inicio\\\/#organization\",\"name\":\"Diario Textual\",\"url\":\"https:\\\/\\\/diariotextual.com\\\/inicio\\\/\",\"logo\":{\"@type\":\"ImageObject\",\"inLanguage\":\"es\",\"@id\":\"https:\\\/\\\/diariotextual.com\\\/inicio\\\/#\\\/schema\\\/logo\\\/image\\\/\",\"url\":\"https:\\\/\\\/diariotextual.com\\\/inicio\\\/wp-content\\\/uploads\\\/2023\\\/05\\\/logotextual1.jpg\",\"contentUrl\":\"https:\\\/\\\/diariotextual.com\\\/inicio\\\/wp-content\\\/uploads\\\/2023\\\/05\\\/logotextual1.jpg\",\"width\":516,\"height\":76,\"caption\":\"Diario Textual\"},\"image\":{\"@id\":\"https:\\\/\\\/diariotextual.com\\\/inicio\\\/#\\\/schema\\\/logo\\\/image\\\/\"},\"sameAs\":[\"https:\\\/\\\/www.facebook.com\\\/eltextual\",\"https:\\\/\\\/x.com\\\/eltextual\",\"http:\\\/\\\/www.instagram.com\\\/eltextual\"]},{\"@type\":\"Person\",\"@id\":\"https:\\\/\\\/diariotextual.com\\\/inicio\\\/#\\\/schema\\\/person\\\/694f60677f23c4a530867a98f22b3768\",\"name\":\"diario2\",\"image\":{\"@type\":\"ImageObject\",\"inLanguage\":\"es\",\"@id\":\"https:\\\/\\\/secure.gravatar.com\\\/avatar\\\/5a2567495ba16b852fcd8f1ed006a2e24fcace936018ed8237e95f488ad6e0a7?s=96&d=mm&r=g\",\"url\":\"https:\\\/\\\/secure.gravatar.com\\\/avatar\\\/5a2567495ba16b852fcd8f1ed006a2e24fcace936018ed8237e95f488ad6e0a7?s=96&d=mm&r=g\",\"contentUrl\":\"https:\\\/\\\/secure.gravatar.com\\\/avatar\\\/5a2567495ba16b852fcd8f1ed006a2e24fcace936018ed8237e95f488ad6e0a7?s=96&d=mm&r=g\",\"caption\":\"diario2\"},\"url\":\"https:\\\/\\\/diariotextual.com\\\/inicio\\\/index.php\\\/author\\\/diario2\\\/\"}]}<\/script>\n<!-- \/ Yoast SEO plugin. -->","yoast_head_json":{"title":"Ocho a\u00f1os a un empleado p\u00fablico por abusos sexuales - Diario Textual","robots":{"index":"index","follow":"follow","max-snippet":"max-snippet:-1","max-image-preview":"max-image-preview:large","max-video-preview":"max-video-preview:-1"},"canonical":"https:\/\/diariotextual.com\/inicio\/index.php\/2023\/05\/24\/ocho-anos-a-un-empleado-publico-por-abusos-sexuales\/","og_locale":"es_ES","og_type":"article","og_title":"Ocho a\u00f1os a un empleado p\u00fablico por abusos sexuales - Diario Textual","og_description":"La Audiencia de Juicio de Santa Rosa le impuso hoy a un empleado p\u00fablico una pena de ocho a\u00f1os de prisi\u00f3n por ser autor de los delitos de abuso sexual&hellip;","og_url":"https:\/\/diariotextual.com\/inicio\/index.php\/2023\/05\/24\/ocho-anos-a-un-empleado-publico-por-abusos-sexuales\/","og_site_name":"Diario Textual","article_publisher":"https:\/\/www.facebook.com\/eltextual","article_published_time":"2023-05-24T15:31:42+00:00","article_modified_time":"2023-05-24T20:22:36+00:00","og_image":[{"width":700,"height":395,"url":"https:\/\/diariotextual.com\/inicio\/wp-content\/uploads\/2022\/03\/abusosjardin.jpg","type":"image\/jpeg"}],"author":"diario2","twitter_card":"summary_large_image","twitter_creator":"@eltextual","twitter_site":"@eltextual","twitter_misc":{"Escrito por":"diario2","Tiempo de lectura":"3 minutos"},"schema":{"@context":"https:\/\/schema.org","@graph":[{"@type":"Article","@id":"https:\/\/diariotextual.com\/inicio\/index.php\/2023\/05\/24\/ocho-anos-a-un-empleado-publico-por-abusos-sexuales\/#article","isPartOf":{"@id":"https:\/\/diariotextual.com\/inicio\/index.php\/2023\/05\/24\/ocho-anos-a-un-empleado-publico-por-abusos-sexuales\/"},"author":{"name":"diario2","@id":"https:\/\/diariotextual.com\/inicio\/#\/schema\/person\/694f60677f23c4a530867a98f22b3768"},"headline":"Ocho a\u00f1os a un empleado p\u00fablico por abusos sexuales","datePublished":"2023-05-24T15:31:42+00:00","dateModified":"2023-05-24T20:22:36+00:00","mainEntityOfPage":{"@id":"https:\/\/diariotextual.com\/inicio\/index.php\/2023\/05\/24\/ocho-anos-a-un-empleado-publico-por-abusos-sexuales\/"},"wordCount":570,"publisher":{"@id":"https:\/\/diariotextual.com\/inicio\/#organization"},"image":{"@id":"https:\/\/diariotextual.com\/inicio\/index.php\/2023\/05\/24\/ocho-anos-a-un-empleado-publico-por-abusos-sexuales\/#primaryimage"},"thumbnailUrl":"https:\/\/diariotextual.com\/inicio\/wp-content\/uploads\/2022\/03\/abusosjardin.jpg","articleSection":["A - ES NOTICIA (van abajo)","SOCIEDAD"],"inLanguage":"es"},{"@type":"WebPage","@id":"https:\/\/diariotextual.com\/inicio\/index.php\/2023\/05\/24\/ocho-anos-a-un-empleado-publico-por-abusos-sexuales\/","url":"https:\/\/diariotextual.com\/inicio\/index.php\/2023\/05\/24\/ocho-anos-a-un-empleado-publico-por-abusos-sexuales\/","name":"Ocho a\u00f1os a un empleado p\u00fablico por abusos sexuales - Diario Textual","isPartOf":{"@id":"https:\/\/diariotextual.com\/inicio\/#website"},"primaryImageOfPage":{"@id":"https:\/\/diariotextual.com\/inicio\/index.php\/2023\/05\/24\/ocho-anos-a-un-empleado-publico-por-abusos-sexuales\/#primaryimage"},"image":{"@id":"https:\/\/diariotextual.com\/inicio\/index.php\/2023\/05\/24\/ocho-anos-a-un-empleado-publico-por-abusos-sexuales\/#primaryimage"},"thumbnailUrl":"https:\/\/diariotextual.com\/inicio\/wp-content\/uploads\/2022\/03\/abusosjardin.jpg","datePublished":"2023-05-24T15:31:42+00:00","dateModified":"2023-05-24T20:22:36+00:00","breadcrumb":{"@id":"https:\/\/diariotextual.com\/inicio\/index.php\/2023\/05\/24\/ocho-anos-a-un-empleado-publico-por-abusos-sexuales\/#breadcrumb"},"inLanguage":"es","potentialAction":[{"@type":"ReadAction","target":["https:\/\/diariotextual.com\/inicio\/index.php\/2023\/05\/24\/ocho-anos-a-un-empleado-publico-por-abusos-sexuales\/"]}]},{"@type":"ImageObject","inLanguage":"es","@id":"https:\/\/diariotextual.com\/inicio\/index.php\/2023\/05\/24\/ocho-anos-a-un-empleado-publico-por-abusos-sexuales\/#primaryimage","url":"https:\/\/diariotextual.com\/inicio\/wp-content\/uploads\/2022\/03\/abusosjardin.jpg","contentUrl":"https:\/\/diariotextual.com\/inicio\/wp-content\/uploads\/2022\/03\/abusosjardin.jpg","width":700,"height":395},{"@type":"BreadcrumbList","@id":"https:\/\/diariotextual.com\/inicio\/index.php\/2023\/05\/24\/ocho-anos-a-un-empleado-publico-por-abusos-sexuales\/#breadcrumb","itemListElement":[{"@type":"ListItem","position":1,"name":"Portada","item":"https:\/\/diariotextual.com\/inicio\/"},{"@type":"ListItem","position":2,"name":"Ocho a\u00f1os a un empleado p\u00fablico por abusos sexuales"}]},{"@type":"WebSite","@id":"https:\/\/diariotextual.com\/inicio\/#website","url":"https:\/\/diariotextual.com\/inicio\/","name":"Diario Textual","description":"","publisher":{"@id":"https:\/\/diariotextual.com\/inicio\/#organization"},"potentialAction":[{"@type":"SearchAction","target":{"@type":"EntryPoint","urlTemplate":"https:\/\/diariotextual.com\/inicio\/?s={search_term_string}"},"query-input":{"@type":"PropertyValueSpecification","valueRequired":true,"valueName":"search_term_string"}}],"inLanguage":"es"},{"@type":"Organization","@id":"https:\/\/diariotextual.com\/inicio\/#organization","name":"Diario Textual","url":"https:\/\/diariotextual.com\/inicio\/","logo":{"@type":"ImageObject","inLanguage":"es","@id":"https:\/\/diariotextual.com\/inicio\/#\/schema\/logo\/image\/","url":"https:\/\/diariotextual.com\/inicio\/wp-content\/uploads\/2023\/05\/logotextual1.jpg","contentUrl":"https:\/\/diariotextual.com\/inicio\/wp-content\/uploads\/2023\/05\/logotextual1.jpg","width":516,"height":76,"caption":"Diario Textual"},"image":{"@id":"https:\/\/diariotextual.com\/inicio\/#\/schema\/logo\/image\/"},"sameAs":["https:\/\/www.facebook.com\/eltextual","https:\/\/x.com\/eltextual","http:\/\/www.instagram.com\/eltextual"]},{"@type":"Person","@id":"https:\/\/diariotextual.com\/inicio\/#\/schema\/person\/694f60677f23c4a530867a98f22b3768","name":"diario2","image":{"@type":"ImageObject","inLanguage":"es","@id":"https:\/\/secure.gravatar.com\/avatar\/5a2567495ba16b852fcd8f1ed006a2e24fcace936018ed8237e95f488ad6e0a7?s=96&d=mm&r=g","url":"https:\/\/secure.gravatar.com\/avatar\/5a2567495ba16b852fcd8f1ed006a2e24fcace936018ed8237e95f488ad6e0a7?s=96&d=mm&r=g","contentUrl":"https:\/\/secure.gravatar.com\/avatar\/5a2567495ba16b852fcd8f1ed006a2e24fcace936018ed8237e95f488ad6e0a7?s=96&d=mm&r=g","caption":"diario2"},"url":"https:\/\/diariotextual.com\/inicio\/index.php\/author\/diario2\/"}]}},"_links":{"self":[{"href":"https:\/\/diariotextual.com\/inicio\/index.php\/wp-json\/wp\/v2\/posts\/226412","targetHints":{"allow":["GET"]}}],"collection":[{"href":"https:\/\/diariotextual.com\/inicio\/index.php\/wp-json\/wp\/v2\/posts"}],"about":[{"href":"https:\/\/diariotextual.com\/inicio\/index.php\/wp-json\/wp\/v2\/types\/post"}],"author":[{"embeddable":true,"href":"https:\/\/diariotextual.com\/inicio\/index.php\/wp-json\/wp\/v2\/users\/4"}],"replies":[{"embeddable":true,"href":"https:\/\/diariotextual.com\/inicio\/index.php\/wp-json\/wp\/v2\/comments?post=226412"}],"version-history":[{"count":2,"href":"https:\/\/diariotextual.com\/inicio\/index.php\/wp-json\/wp\/v2\/posts\/226412\/revisions"}],"predecessor-version":[{"id":226414,"href":"https:\/\/diariotextual.com\/inicio\/index.php\/wp-json\/wp\/v2\/posts\/226412\/revisions\/226414"}],"wp:featuredmedia":[{"embeddable":true,"href":"https:\/\/diariotextual.com\/inicio\/index.php\/wp-json\/wp\/v2\/media\/182244"}],"wp:attachment":[{"href":"https:\/\/diariotextual.com\/inicio\/index.php\/wp-json\/wp\/v2\/media?parent=226412"}],"wp:term":[{"taxonomy":"category","embeddable":true,"href":"https:\/\/diariotextual.com\/inicio\/index.php\/wp-json\/wp\/v2\/categories?post=226412"},{"taxonomy":"post_tag","embeddable":true,"href":"https:\/\/diariotextual.com\/inicio\/index.php\/wp-json\/wp\/v2\/tags?post=226412"}],"curies":[{"name":"wp","href":"https:\/\/api.w.org\/{rel}","templated":true}]}}