{"id":226458,"date":"2023-05-24T21:13:04","date_gmt":"2023-05-25T00:13:04","guid":{"rendered":"https:\/\/diariotextual.com\/inicio\/?p=226458"},"modified":"2023-05-25T10:52:04","modified_gmt":"2023-05-25T13:52:04","slug":"conadu-historica-acepto-la-oferta-salarial-y-levanto-el-paro","status":"publish","type":"post","link":"https:\/\/diariotextual.com\/inicio\/index.php\/2023\/05\/24\/conadu-historica-acepto-la-oferta-salarial-y-levanto-el-paro\/","title":{"rendered":"Conadu Hist\u00f3rica acept\u00f3 la oferta salarial y levant\u00f3 el paro"},"content":{"rendered":"\n<p class=\"wp-block-paragraph\">Con 52 votos a favor y 45 en contra, la mayor\u00eda del Congreso de la<strong> Conadu Hist\u00f3rica<\/strong> resolvi\u00f3 este mi\u00e9rcoles la aceptaci\u00f3n de la \u00faltima oferta salarial del 3% de aumento (no incluida para los que cobran garant\u00eda salarial), y levantar el paro de 48 hs del 30 y 31 de mayo.<\/p>\n\n\n\n<p class=\"wp-block-paragraph\">Este gremio, que est\u00e1 enfrentado al Gobierno, puso a votaci\u00f3n lo firmado en en la paritaria entre otros gremios con el ministro de Educaci\u00f3n de la Naci\u00f3n, <strong>Jaime Perczyk<\/strong>, y el secretario de Pol\u00edticas Universitarias, <strong>Oscar Alpa.<\/strong><\/p>\n\n\n\n<p class=\"wp-block-paragraph\">El acuerdo fue firmado en la sede de la cartera de Educaci\u00f3n de la Naci\u00f3n. <strong>Contempla un incremento del tres por ciento en mayo, a partir de la cl\u00e1usula de revisi\u00f3n prevista en el acuerdo paritario de abril.<\/strong><\/p>\n\n\n\n<p class=\"wp-block-paragraph\">En ese momento, se acord\u00f3 con los gremios adelantar los aumentos que estaban previstos para mayo y junio y otorgar un incremento del 8% en abril y del 6% en mayo.<\/p>\n\n\n\n<p class=\"wp-block-paragraph\">La propuesta del Gobierno nacional fue aceptada por los representantes de CONADU, FEDUN, FAGDUT, UDA y CTERA. <strong>Quedaba la respuesta de la Conadu Hist\u00f3rica, que hoy acept\u00f3.<\/strong><\/p>\n\n\n\n<p class=\"wp-block-paragraph\">El acuerdo fue firmado tambi\u00e9n por la Federaci\u00f3n Argentina del Trabajador de las Universidades Nacionales (FATUN) que agrupa al personal no docente.<\/p>\n\n\n\n<p class=\"wp-block-paragraph\">Asimismo, se acord\u00f3 realizar una nueva reuni\u00f3n el 9 de junio pr\u00f3ximo.<\/p>\n","protected":false},"excerpt":{"rendered":"<p>Con 52 votos a favor y 45 en contra, la mayor\u00eda del Congreso de la Conadu Hist\u00f3rica resolvi\u00f3 este mi\u00e9rcoles la aceptaci\u00f3n de la \u00faltima oferta salarial del 3% de&hellip;<\/p>\n","protected":false},"author":3,"featured_media":226460,"comment_status":"closed","ping_status":"open","sticky":false,"template":"","format":"standard","meta":{"_acf_changed":false,"footnotes":""},"categories":[1,12],"tags":[],"class_list":["post-226458","post","type-post","status-publish","format-standard","has-post-thumbnail","hentry","category-es-noticia","category-sociedad"],"acf":[],"yoast_head":"<!-- This site is optimized with the Yoast SEO plugin v28.4 - https:\/\/yoast.com\/product\/yoast-seo-wordpress\/ -->\n<title>Conadu Hist\u00f3rica acept\u00f3 la oferta salarial y levant\u00f3 el paro - Diario Textual<\/title>\n<meta name=\"robots\" content=\"index, follow, max-snippet:-1, max-image-preview:large, max-video-preview:-1\" \/>\n<link rel=\"canonical\" href=\"https:\/\/diariotextual.com\/inicio\/index.php\/2023\/05\/24\/conadu-historica-acepto-la-oferta-salarial-y-levanto-el-paro\/\" \/>\n<meta property=\"og:locale\" content=\"es_ES\" \/>\n<meta property=\"og:type\" content=\"article\" \/>\n<meta property=\"og:title\" content=\"Conadu Hist\u00f3rica acept\u00f3 la oferta salarial y levant\u00f3 el paro - Diario Textual\" \/>\n<meta property=\"og:description\" content=\"Con 52 votos a favor y 45 en contra, la mayor\u00eda del Congreso de la Conadu Hist\u00f3rica resolvi\u00f3 este mi\u00e9rcoles la aceptaci\u00f3n de la \u00faltima oferta salarial del 3% de&hellip;\" \/>\n<meta property=\"og:url\" content=\"https:\/\/diariotextual.com\/inicio\/index.php\/2023\/05\/24\/conadu-historica-acepto-la-oferta-salarial-y-levanto-el-paro\/\" \/>\n<meta property=\"og:site_name\" content=\"Diario Textual\" \/>\n<meta property=\"article:publisher\" content=\"https:\/\/www.facebook.com\/eltextual\" \/>\n<meta property=\"article:published_time\" content=\"2023-05-25T00:13:04+00:00\" \/>\n<meta property=\"article:modified_time\" content=\"2023-05-25T13:52:04+00:00\" \/>\n<meta property=\"og:image\" content=\"https:\/\/diariotextual.com\/inicio\/wp-content\/uploads\/2023\/05\/conaduhistoricaasamblea2023-1.jpg\" \/>\n\t<meta property=\"og:image:width\" content=\"1080\" \/>\n\t<meta property=\"og:image:height\" content=\"720\" \/>\n\t<meta property=\"og:image:type\" content=\"image\/jpeg\" \/>\n<meta name=\"author\" content=\"Diario1 Diario1\" \/>\n<meta name=\"twitter:card\" content=\"summary_large_image\" \/>\n<meta name=\"twitter:creator\" content=\"@eltextual\" \/>\n<meta name=\"twitter:site\" content=\"@eltextual\" \/>\n<meta name=\"twitter:label1\" content=\"Escrito por\" \/>\n\t<meta name=\"twitter:data1\" content=\"Diario1 Diario1\" \/>\n\t<meta name=\"twitter:label2\" content=\"Tiempo de lectura\" \/>\n\t<meta name=\"twitter:data2\" content=\"2 minutos\" \/>\n<script type=\"application\/ld+json\" class=\"yoast-schema-graph\">{\"@context\":\"https:\\\/\\\/schema.org\",\"@graph\":[{\"@type\":\"Article\",\"@id\":\"https:\\\/\\\/diariotextual.com\\\/inicio\\\/index.php\\\/2023\\\/05\\\/24\\\/conadu-historica-acepto-la-oferta-salarial-y-levanto-el-paro\\\/#article\",\"isPartOf\":{\"@id\":\"https:\\\/\\\/diariotextual.com\\\/inicio\\\/index.php\\\/2023\\\/05\\\/24\\\/conadu-historica-acepto-la-oferta-salarial-y-levanto-el-paro\\\/\"},\"author\":{\"name\":\"Diario1 Diario1\",\"@id\":\"https:\\\/\\\/diariotextual.com\\\/inicio\\\/#\\\/schema\\\/person\\\/418fc4093c33e86ed41562db3508f958\"},\"headline\":\"Conadu Hist\u00f3rica acept\u00f3 la oferta salarial y levant\u00f3 el paro\",\"datePublished\":\"2023-05-25T00:13:04+00:00\",\"dateModified\":\"2023-05-25T13:52:04+00:00\",\"mainEntityOfPage\":{\"@id\":\"https:\\\/\\\/diariotextual.com\\\/inicio\\\/index.php\\\/2023\\\/05\\\/24\\\/conadu-historica-acepto-la-oferta-salarial-y-levanto-el-paro\\\/\"},\"wordCount\":239,\"publisher\":{\"@id\":\"https:\\\/\\\/diariotextual.com\\\/inicio\\\/#organization\"},\"image\":{\"@id\":\"https:\\\/\\\/diariotextual.com\\\/inicio\\\/index.php\\\/2023\\\/05\\\/24\\\/conadu-historica-acepto-la-oferta-salarial-y-levanto-el-paro\\\/#primaryimage\"},\"thumbnailUrl\":\"https:\\\/\\\/diariotextual.com\\\/inicio\\\/wp-content\\\/uploads\\\/2023\\\/05\\\/conaduhistoricaasamblea2023-1.jpg\",\"articleSection\":[\"A - ES NOTICIA (van abajo)\",\"SOCIEDAD\"],\"inLanguage\":\"es\"},{\"@type\":\"WebPage\",\"@id\":\"https:\\\/\\\/diariotextual.com\\\/inicio\\\/index.php\\\/2023\\\/05\\\/24\\\/conadu-historica-acepto-la-oferta-salarial-y-levanto-el-paro\\\/\",\"url\":\"https:\\\/\\\/diariotextual.com\\\/inicio\\\/index.php\\\/2023\\\/05\\\/24\\\/conadu-historica-acepto-la-oferta-salarial-y-levanto-el-paro\\\/\",\"name\":\"Conadu Hist\u00f3rica acept\u00f3 la oferta salarial y levant\u00f3 el paro - Diario Textual\",\"isPartOf\":{\"@id\":\"https:\\\/\\\/diariotextual.com\\\/inicio\\\/#website\"},\"primaryImageOfPage\":{\"@id\":\"https:\\\/\\\/diariotextual.com\\\/inicio\\\/index.php\\\/2023\\\/05\\\/24\\\/conadu-historica-acepto-la-oferta-salarial-y-levanto-el-paro\\\/#primaryimage\"},\"image\":{\"@id\":\"https:\\\/\\\/diariotextual.com\\\/inicio\\\/index.php\\\/2023\\\/05\\\/24\\\/conadu-historica-acepto-la-oferta-salarial-y-levanto-el-paro\\\/#primaryimage\"},\"thumbnailUrl\":\"https:\\\/\\\/diariotextual.com\\\/inicio\\\/wp-content\\\/uploads\\\/2023\\\/05\\\/conaduhistoricaasamblea2023-1.jpg\",\"datePublished\":\"2023-05-25T00:13:04+00:00\",\"dateModified\":\"2023-05-25T13:52:04+00:00\",\"breadcrumb\":{\"@id\":\"https:\\\/\\\/diariotextual.com\\\/inicio\\\/index.php\\\/2023\\\/05\\\/24\\\/conadu-historica-acepto-la-oferta-salarial-y-levanto-el-paro\\\/#breadcrumb\"},\"inLanguage\":\"es\",\"potentialAction\":[{\"@type\":\"ReadAction\",\"target\":[\"https:\\\/\\\/diariotextual.com\\\/inicio\\\/index.php\\\/2023\\\/05\\\/24\\\/conadu-historica-acepto-la-oferta-salarial-y-levanto-el-paro\\\/\"]}]},{\"@type\":\"ImageObject\",\"inLanguage\":\"es\",\"@id\":\"https:\\\/\\\/diariotextual.com\\\/inicio\\\/index.php\\\/2023\\\/05\\\/24\\\/conadu-historica-acepto-la-oferta-salarial-y-levanto-el-paro\\\/#primaryimage\",\"url\":\"https:\\\/\\\/diariotextual.com\\\/inicio\\\/wp-content\\\/uploads\\\/2023\\\/05\\\/conaduhistoricaasamblea2023-1.jpg\",\"contentUrl\":\"https:\\\/\\\/diariotextual.com\\\/inicio\\\/wp-content\\\/uploads\\\/2023\\\/05\\\/conaduhistoricaasamblea2023-1.jpg\",\"width\":1080,\"height\":720},{\"@type\":\"BreadcrumbList\",\"@id\":\"https:\\\/\\\/diariotextual.com\\\/inicio\\\/index.php\\\/2023\\\/05\\\/24\\\/conadu-historica-acepto-la-oferta-salarial-y-levanto-el-paro\\\/#breadcrumb\",\"itemListElement\":[{\"@type\":\"ListItem\",\"position\":1,\"name\":\"Portada\",\"item\":\"https:\\\/\\\/diariotextual.com\\\/inicio\\\/\"},{\"@type\":\"ListItem\",\"position\":2,\"name\":\"Conadu Hist\u00f3rica acept\u00f3 la oferta salarial y levant\u00f3 el paro\"}]},{\"@type\":\"WebSite\",\"@id\":\"https:\\\/\\\/diariotextual.com\\\/inicio\\\/#website\",\"url\":\"https:\\\/\\\/diariotextual.com\\\/inicio\\\/\",\"name\":\"Diario Textual\",\"description\":\"\",\"publisher\":{\"@id\":\"https:\\\/\\\/diariotextual.com\\\/inicio\\\/#organization\"},\"potentialAction\":[{\"@type\":\"SearchAction\",\"target\":{\"@type\":\"EntryPoint\",\"urlTemplate\":\"https:\\\/\\\/diariotextual.com\\\/inicio\\\/?s={search_term_string}\"},\"query-input\":{\"@type\":\"PropertyValueSpecification\",\"valueRequired\":true,\"valueName\":\"search_term_string\"}}],\"inLanguage\":\"es\"},{\"@type\":\"Organization\",\"@id\":\"https:\\\/\\\/diariotextual.com\\\/inicio\\\/#organization\",\"name\":\"Diario Textual\",\"url\":\"https:\\\/\\\/diariotextual.com\\\/inicio\\\/\",\"logo\":{\"@type\":\"ImageObject\",\"inLanguage\":\"es\",\"@id\":\"https:\\\/\\\/diariotextual.com\\\/inicio\\\/#\\\/schema\\\/logo\\\/image\\\/\",\"url\":\"https:\\\/\\\/diariotextual.com\\\/inicio\\\/wp-content\\\/uploads\\\/2023\\\/05\\\/logotextual1.jpg\",\"contentUrl\":\"https:\\\/\\\/diariotextual.com\\\/inicio\\\/wp-content\\\/uploads\\\/2023\\\/05\\\/logotextual1.jpg\",\"width\":516,\"height\":76,\"caption\":\"Diario Textual\"},\"image\":{\"@id\":\"https:\\\/\\\/diariotextual.com\\\/inicio\\\/#\\\/schema\\\/logo\\\/image\\\/\"},\"sameAs\":[\"https:\\\/\\\/www.facebook.com\\\/eltextual\",\"https:\\\/\\\/x.com\\\/eltextual\",\"http:\\\/\\\/www.instagram.com\\\/eltextual\"]},{\"@type\":\"Person\",\"@id\":\"https:\\\/\\\/diariotextual.com\\\/inicio\\\/#\\\/schema\\\/person\\\/418fc4093c33e86ed41562db3508f958\",\"name\":\"Diario1 Diario1\",\"image\":{\"@type\":\"ImageObject\",\"inLanguage\":\"es\",\"@id\":\"https:\\\/\\\/secure.gravatar.com\\\/avatar\\\/9167d280179c85bc18be67aa7eda765854300033af4896dd779b608640f2ef7a?s=96&d=mm&r=g\",\"url\":\"https:\\\/\\\/secure.gravatar.com\\\/avatar\\\/9167d280179c85bc18be67aa7eda765854300033af4896dd779b608640f2ef7a?s=96&d=mm&r=g\",\"contentUrl\":\"https:\\\/\\\/secure.gravatar.com\\\/avatar\\\/9167d280179c85bc18be67aa7eda765854300033af4896dd779b608640f2ef7a?s=96&d=mm&r=g\",\"caption\":\"Diario1 Diario1\"},\"url\":\"https:\\\/\\\/diariotextual.com\\\/inicio\\\/index.php\\\/author\\\/diario1\\\/\"}]}<\/script>\n<!-- \/ Yoast SEO plugin. -->","yoast_head_json":{"title":"Conadu Hist\u00f3rica acept\u00f3 la oferta salarial y levant\u00f3 el paro - Diario Textual","robots":{"index":"index","follow":"follow","max-snippet":"max-snippet:-1","max-image-preview":"max-image-preview:large","max-video-preview":"max-video-preview:-1"},"canonical":"https:\/\/diariotextual.com\/inicio\/index.php\/2023\/05\/24\/conadu-historica-acepto-la-oferta-salarial-y-levanto-el-paro\/","og_locale":"es_ES","og_type":"article","og_title":"Conadu Hist\u00f3rica acept\u00f3 la oferta salarial y levant\u00f3 el paro - Diario Textual","og_description":"Con 52 votos a favor y 45 en contra, la mayor\u00eda del Congreso de la Conadu Hist\u00f3rica resolvi\u00f3 este mi\u00e9rcoles la aceptaci\u00f3n de la \u00faltima oferta salarial del 3% de&hellip;","og_url":"https:\/\/diariotextual.com\/inicio\/index.php\/2023\/05\/24\/conadu-historica-acepto-la-oferta-salarial-y-levanto-el-paro\/","og_site_name":"Diario Textual","article_publisher":"https:\/\/www.facebook.com\/eltextual","article_published_time":"2023-05-25T00:13:04+00:00","article_modified_time":"2023-05-25T13:52:04+00:00","og_image":[{"width":1080,"height":720,"url":"https:\/\/diariotextual.com\/inicio\/wp-content\/uploads\/2023\/05\/conaduhistoricaasamblea2023-1.jpg","type":"image\/jpeg"}],"author":"Diario1 Diario1","twitter_card":"summary_large_image","twitter_creator":"@eltextual","twitter_site":"@eltextual","twitter_misc":{"Escrito por":"Diario1 Diario1","Tiempo de lectura":"2 minutos"},"schema":{"@context":"https:\/\/schema.org","@graph":[{"@type":"Article","@id":"https:\/\/diariotextual.com\/inicio\/index.php\/2023\/05\/24\/conadu-historica-acepto-la-oferta-salarial-y-levanto-el-paro\/#article","isPartOf":{"@id":"https:\/\/diariotextual.com\/inicio\/index.php\/2023\/05\/24\/conadu-historica-acepto-la-oferta-salarial-y-levanto-el-paro\/"},"author":{"name":"Diario1 Diario1","@id":"https:\/\/diariotextual.com\/inicio\/#\/schema\/person\/418fc4093c33e86ed41562db3508f958"},"headline":"Conadu Hist\u00f3rica acept\u00f3 la oferta salarial y levant\u00f3 el paro","datePublished":"2023-05-25T00:13:04+00:00","dateModified":"2023-05-25T13:52:04+00:00","mainEntityOfPage":{"@id":"https:\/\/diariotextual.com\/inicio\/index.php\/2023\/05\/24\/conadu-historica-acepto-la-oferta-salarial-y-levanto-el-paro\/"},"wordCount":239,"publisher":{"@id":"https:\/\/diariotextual.com\/inicio\/#organization"},"image":{"@id":"https:\/\/diariotextual.com\/inicio\/index.php\/2023\/05\/24\/conadu-historica-acepto-la-oferta-salarial-y-levanto-el-paro\/#primaryimage"},"thumbnailUrl":"https:\/\/diariotextual.com\/inicio\/wp-content\/uploads\/2023\/05\/conaduhistoricaasamblea2023-1.jpg","articleSection":["A - ES NOTICIA (van abajo)","SOCIEDAD"],"inLanguage":"es"},{"@type":"WebPage","@id":"https:\/\/diariotextual.com\/inicio\/index.php\/2023\/05\/24\/conadu-historica-acepto-la-oferta-salarial-y-levanto-el-paro\/","url":"https:\/\/diariotextual.com\/inicio\/index.php\/2023\/05\/24\/conadu-historica-acepto-la-oferta-salarial-y-levanto-el-paro\/","name":"Conadu Hist\u00f3rica acept\u00f3 la oferta salarial y levant\u00f3 el paro - Diario Textual","isPartOf":{"@id":"https:\/\/diariotextual.com\/inicio\/#website"},"primaryImageOfPage":{"@id":"https:\/\/diariotextual.com\/inicio\/index.php\/2023\/05\/24\/conadu-historica-acepto-la-oferta-salarial-y-levanto-el-paro\/#primaryimage"},"image":{"@id":"https:\/\/diariotextual.com\/inicio\/index.php\/2023\/05\/24\/conadu-historica-acepto-la-oferta-salarial-y-levanto-el-paro\/#primaryimage"},"thumbnailUrl":"https:\/\/diariotextual.com\/inicio\/wp-content\/uploads\/2023\/05\/conaduhistoricaasamblea2023-1.jpg","datePublished":"2023-05-25T00:13:04+00:00","dateModified":"2023-05-25T13:52:04+00:00","breadcrumb":{"@id":"https:\/\/diariotextual.com\/inicio\/index.php\/2023\/05\/24\/conadu-historica-acepto-la-oferta-salarial-y-levanto-el-paro\/#breadcrumb"},"inLanguage":"es","potentialAction":[{"@type":"ReadAction","target":["https:\/\/diariotextual.com\/inicio\/index.php\/2023\/05\/24\/conadu-historica-acepto-la-oferta-salarial-y-levanto-el-paro\/"]}]},{"@type":"ImageObject","inLanguage":"es","@id":"https:\/\/diariotextual.com\/inicio\/index.php\/2023\/05\/24\/conadu-historica-acepto-la-oferta-salarial-y-levanto-el-paro\/#primaryimage","url":"https:\/\/diariotextual.com\/inicio\/wp-content\/uploads\/2023\/05\/conaduhistoricaasamblea2023-1.jpg","contentUrl":"https:\/\/diariotextual.com\/inicio\/wp-content\/uploads\/2023\/05\/conaduhistoricaasamblea2023-1.jpg","width":1080,"height":720},{"@type":"BreadcrumbList","@id":"https:\/\/diariotextual.com\/inicio\/index.php\/2023\/05\/24\/conadu-historica-acepto-la-oferta-salarial-y-levanto-el-paro\/#breadcrumb","itemListElement":[{"@type":"ListItem","position":1,"name":"Portada","item":"https:\/\/diariotextual.com\/inicio\/"},{"@type":"ListItem","position":2,"name":"Conadu Hist\u00f3rica acept\u00f3 la oferta salarial y levant\u00f3 el paro"}]},{"@type":"WebSite","@id":"https:\/\/diariotextual.com\/inicio\/#website","url":"https:\/\/diariotextual.com\/inicio\/","name":"Diario Textual","description":"","publisher":{"@id":"https:\/\/diariotextual.com\/inicio\/#organization"},"potentialAction":[{"@type":"SearchAction","target":{"@type":"EntryPoint","urlTemplate":"https:\/\/diariotextual.com\/inicio\/?s={search_term_string}"},"query-input":{"@type":"PropertyValueSpecification","valueRequired":true,"valueName":"search_term_string"}}],"inLanguage":"es"},{"@type":"Organization","@id":"https:\/\/diariotextual.com\/inicio\/#organization","name":"Diario Textual","url":"https:\/\/diariotextual.com\/inicio\/","logo":{"@type":"ImageObject","inLanguage":"es","@id":"https:\/\/diariotextual.com\/inicio\/#\/schema\/logo\/image\/","url":"https:\/\/diariotextual.com\/inicio\/wp-content\/uploads\/2023\/05\/logotextual1.jpg","contentUrl":"https:\/\/diariotextual.com\/inicio\/wp-content\/uploads\/2023\/05\/logotextual1.jpg","width":516,"height":76,"caption":"Diario Textual"},"image":{"@id":"https:\/\/diariotextual.com\/inicio\/#\/schema\/logo\/image\/"},"sameAs":["https:\/\/www.facebook.com\/eltextual","https:\/\/x.com\/eltextual","http:\/\/www.instagram.com\/eltextual"]},{"@type":"Person","@id":"https:\/\/diariotextual.com\/inicio\/#\/schema\/person\/418fc4093c33e86ed41562db3508f958","name":"Diario1 Diario1","image":{"@type":"ImageObject","inLanguage":"es","@id":"https:\/\/secure.gravatar.com\/avatar\/9167d280179c85bc18be67aa7eda765854300033af4896dd779b608640f2ef7a?s=96&d=mm&r=g","url":"https:\/\/secure.gravatar.com\/avatar\/9167d280179c85bc18be67aa7eda765854300033af4896dd779b608640f2ef7a?s=96&d=mm&r=g","contentUrl":"https:\/\/secure.gravatar.com\/avatar\/9167d280179c85bc18be67aa7eda765854300033af4896dd779b608640f2ef7a?s=96&d=mm&r=g","caption":"Diario1 Diario1"},"url":"https:\/\/diariotextual.com\/inicio\/index.php\/author\/diario1\/"}]}},"_links":{"self":[{"href":"https:\/\/diariotextual.com\/inicio\/index.php\/wp-json\/wp\/v2\/posts\/226458","targetHints":{"allow":["GET"]}}],"collection":[{"href":"https:\/\/diariotextual.com\/inicio\/index.php\/wp-json\/wp\/v2\/posts"}],"about":[{"href":"https:\/\/diariotextual.com\/inicio\/index.php\/wp-json\/wp\/v2\/types\/post"}],"author":[{"embeddable":true,"href":"https:\/\/diariotextual.com\/inicio\/index.php\/wp-json\/wp\/v2\/users\/3"}],"replies":[{"embeddable":true,"href":"https:\/\/diariotextual.com\/inicio\/index.php\/wp-json\/wp\/v2\/comments?post=226458"}],"version-history":[{"count":5,"href":"https:\/\/diariotextual.com\/inicio\/index.php\/wp-json\/wp\/v2\/posts\/226458\/revisions"}],"predecessor-version":[{"id":226468,"href":"https:\/\/diariotextual.com\/inicio\/index.php\/wp-json\/wp\/v2\/posts\/226458\/revisions\/226468"}],"wp:featuredmedia":[{"embeddable":true,"href":"https:\/\/diariotextual.com\/inicio\/index.php\/wp-json\/wp\/v2\/media\/226460"}],"wp:attachment":[{"href":"https:\/\/diariotextual.com\/inicio\/index.php\/wp-json\/wp\/v2\/media?parent=226458"}],"wp:term":[{"taxonomy":"category","embeddable":true,"href":"https:\/\/diariotextual.com\/inicio\/index.php\/wp-json\/wp\/v2\/categories?post=226458"},{"taxonomy":"post_tag","embeddable":true,"href":"https:\/\/diariotextual.com\/inicio\/index.php\/wp-json\/wp\/v2\/tags?post=226458"}],"curies":[{"name":"wp","href":"https:\/\/api.w.org\/{rel}","templated":true}]}}