{"id":226584,"date":"2023-05-26T19:29:32","date_gmt":"2023-05-26T22:29:32","guid":{"rendered":"https:\/\/diariotextual.com\/inicio\/?p=226584"},"modified":"2023-05-29T07:27:07","modified_gmt":"2023-05-29T10:27:07","slug":"las-piquenses-carla-gerbaudo-y-valeria-gaccio-ganaron-el-mundial-de-cesto","status":"publish","type":"post","link":"https:\/\/diariotextual.com\/inicio\/index.php\/2023\/05\/26\/las-piquenses-carla-gerbaudo-y-valeria-gaccio-ganaron-el-mundial-de-cesto\/","title":{"rendered":"Las piquenses Carla Gerbaudo y Valeria Gaccio ganaron el Mundial de Cesto"},"content":{"rendered":"\n<p>Las piquenses <strong>Carla Gerbaudo<\/strong> y<strong> Valeria Gaccio<\/strong> se proclamaron campeonas del Mundial de Cesto, con el seleccionado argentino, en India.<\/p>\n\n\n\n<p>El elenco femenino consigui\u00f3 la medalla de oro al batir con contundencia a\u00a0<strong>India\u00a0<\/strong>en la final por<strong>\u00a083-56<\/strong>.<\/p>\n\n\n\n<p>La delegaci\u00f3n del seleccionado femenin que comand\u00f3\u00a0<strong>Manuela Ledo<\/strong>, fue conformado por Candela Cicchinelli, Caterina Cicchinelli, Sol D\u00e9bole, Paula Ferraro, Carla Gerbaudo, Valeria Gaccio, Chichi Labake, Bel\u00e9n Ladogana, Clara Ladogana, Juliana Mi\u00f1o, Micaela Oreiro y Emilia Sabio.<\/p>\n\n\n\n<p>Tambi\u00e9n el seleccionado masculino se qued\u00f3 con el Mundial de Cesto. El combinado varonil tambi\u00e9n derrot\u00f3 a los anfitriones por 75-61.<\/p>\n\n\n\n<p><\/p>\n","protected":false},"excerpt":{"rendered":"<p>Las piquenses Carla Gerbaudo y Valeria Gaccio se proclamaron campeonas del Mundial de Cesto, con el seleccionado argentino, en India. El elenco femenino consigui\u00f3 la medalla de oro al batir&hellip;<\/p>\n","protected":false},"author":3,"featured_media":226586,"comment_status":"closed","ping_status":"open","sticky":false,"template":"","format":"standard","meta":{"_acf_changed":false,"footnotes":""},"categories":[11,3],"tags":[],"class_list":["post-226584","post","type-post","status-publish","format-standard","has-post-thumbnail","hentry","category-que-pasa","category-deportes"],"acf":[],"yoast_head":"<!-- This site is optimized with the Yoast SEO plugin v27.5 - https:\/\/yoast.com\/product\/yoast-seo-wordpress\/ -->\n<title>Las piquenses Carla Gerbaudo y Valeria Gaccio ganaron el Mundial de Cesto - Diario Textual<\/title>\n<meta name=\"robots\" content=\"index, follow, max-snippet:-1, max-image-preview:large, max-video-preview:-1\" \/>\n<link rel=\"canonical\" href=\"https:\/\/diariotextual.com\/inicio\/index.php\/2023\/05\/26\/las-piquenses-carla-gerbaudo-y-valeria-gaccio-ganaron-el-mundial-de-cesto\/\" \/>\n<meta property=\"og:locale\" content=\"es_ES\" \/>\n<meta property=\"og:type\" content=\"article\" \/>\n<meta property=\"og:title\" content=\"Las piquenses Carla Gerbaudo y Valeria Gaccio ganaron el Mundial de Cesto - Diario Textual\" \/>\n<meta property=\"og:description\" content=\"Las piquenses Carla Gerbaudo y Valeria Gaccio se proclamaron campeonas del Mundial de Cesto, con el seleccionado argentino, en India. El elenco femenino consigui\u00f3 la medalla de oro al batir&hellip;\" \/>\n<meta property=\"og:url\" content=\"https:\/\/diariotextual.com\/inicio\/index.php\/2023\/05\/26\/las-piquenses-carla-gerbaudo-y-valeria-gaccio-ganaron-el-mundial-de-cesto\/\" \/>\n<meta property=\"og:site_name\" content=\"Diario Textual\" \/>\n<meta property=\"article:publisher\" content=\"https:\/\/www.facebook.com\/eltextual\" \/>\n<meta property=\"article:published_time\" content=\"2023-05-26T22:29:32+00:00\" \/>\n<meta property=\"article:modified_time\" content=\"2023-05-29T10:27:07+00:00\" \/>\n<meta property=\"og:image\" content=\"https:\/\/diariotextual.com\/inicio\/wp-content\/uploads\/2023\/05\/cestoseleccionmundialenindia2023-1.jpg\" \/>\n\t<meta property=\"og:image:width\" content=\"2048\" \/>\n\t<meta property=\"og:image:height\" content=\"1536\" \/>\n\t<meta property=\"og:image:type\" content=\"image\/jpeg\" \/>\n<meta name=\"author\" content=\"Diario1 Diario1\" \/>\n<meta name=\"twitter:card\" content=\"summary_large_image\" \/>\n<meta name=\"twitter:creator\" content=\"@eltextual\" \/>\n<meta name=\"twitter:site\" content=\"@eltextual\" \/>\n<meta name=\"twitter:label1\" content=\"Escrito por\" \/>\n\t<meta name=\"twitter:data1\" content=\"Diario1 Diario1\" \/>\n\t<meta name=\"twitter:label2\" content=\"Tiempo de lectura\" \/>\n\t<meta name=\"twitter:data2\" content=\"1 minuto\" \/>\n<script type=\"application\/ld+json\" class=\"yoast-schema-graph\">{\"@context\":\"https:\\\/\\\/schema.org\",\"@graph\":[{\"@type\":\"Article\",\"@id\":\"https:\\\/\\\/diariotextual.com\\\/inicio\\\/index.php\\\/2023\\\/05\\\/26\\\/las-piquenses-carla-gerbaudo-y-valeria-gaccio-ganaron-el-mundial-de-cesto\\\/#article\",\"isPartOf\":{\"@id\":\"https:\\\/\\\/diariotextual.com\\\/inicio\\\/index.php\\\/2023\\\/05\\\/26\\\/las-piquenses-carla-gerbaudo-y-valeria-gaccio-ganaron-el-mundial-de-cesto\\\/\"},\"author\":{\"name\":\"Diario1 Diario1\",\"@id\":\"https:\\\/\\\/diariotextual.com\\\/inicio\\\/#\\\/schema\\\/person\\\/418fc4093c33e86ed41562db3508f958\"},\"headline\":\"Las piquenses Carla Gerbaudo y Valeria Gaccio ganaron el Mundial de Cesto\",\"datePublished\":\"2023-05-26T22:29:32+00:00\",\"dateModified\":\"2023-05-29T10:27:07+00:00\",\"mainEntityOfPage\":{\"@id\":\"https:\\\/\\\/diariotextual.com\\\/inicio\\\/index.php\\\/2023\\\/05\\\/26\\\/las-piquenses-carla-gerbaudo-y-valeria-gaccio-ganaron-el-mundial-de-cesto\\\/\"},\"wordCount\":115,\"publisher\":{\"@id\":\"https:\\\/\\\/diariotextual.com\\\/inicio\\\/#organization\"},\"image\":{\"@id\":\"https:\\\/\\\/diariotextual.com\\\/inicio\\\/index.php\\\/2023\\\/05\\\/26\\\/las-piquenses-carla-gerbaudo-y-valeria-gaccio-ganaron-el-mundial-de-cesto\\\/#primaryimage\"},\"thumbnailUrl\":\"https:\\\/\\\/diariotextual.com\\\/inicio\\\/wp-content\\\/uploads\\\/2023\\\/05\\\/cestoseleccionmundialenindia2023-1.jpg\",\"articleSection\":[\"A - QUE PASA (al costado)\",\"DEPORTES\"],\"inLanguage\":\"es\"},{\"@type\":\"WebPage\",\"@id\":\"https:\\\/\\\/diariotextual.com\\\/inicio\\\/index.php\\\/2023\\\/05\\\/26\\\/las-piquenses-carla-gerbaudo-y-valeria-gaccio-ganaron-el-mundial-de-cesto\\\/\",\"url\":\"https:\\\/\\\/diariotextual.com\\\/inicio\\\/index.php\\\/2023\\\/05\\\/26\\\/las-piquenses-carla-gerbaudo-y-valeria-gaccio-ganaron-el-mundial-de-cesto\\\/\",\"name\":\"Las piquenses Carla Gerbaudo y Valeria Gaccio ganaron el Mundial de Cesto - Diario Textual\",\"isPartOf\":{\"@id\":\"https:\\\/\\\/diariotextual.com\\\/inicio\\\/#website\"},\"primaryImageOfPage\":{\"@id\":\"https:\\\/\\\/diariotextual.com\\\/inicio\\\/index.php\\\/2023\\\/05\\\/26\\\/las-piquenses-carla-gerbaudo-y-valeria-gaccio-ganaron-el-mundial-de-cesto\\\/#primaryimage\"},\"image\":{\"@id\":\"https:\\\/\\\/diariotextual.com\\\/inicio\\\/index.php\\\/2023\\\/05\\\/26\\\/las-piquenses-carla-gerbaudo-y-valeria-gaccio-ganaron-el-mundial-de-cesto\\\/#primaryimage\"},\"thumbnailUrl\":\"https:\\\/\\\/diariotextual.com\\\/inicio\\\/wp-content\\\/uploads\\\/2023\\\/05\\\/cestoseleccionmundialenindia2023-1.jpg\",\"datePublished\":\"2023-05-26T22:29:32+00:00\",\"dateModified\":\"2023-05-29T10:27:07+00:00\",\"breadcrumb\":{\"@id\":\"https:\\\/\\\/diariotextual.com\\\/inicio\\\/index.php\\\/2023\\\/05\\\/26\\\/las-piquenses-carla-gerbaudo-y-valeria-gaccio-ganaron-el-mundial-de-cesto\\\/#breadcrumb\"},\"inLanguage\":\"es\",\"potentialAction\":[{\"@type\":\"ReadAction\",\"target\":[\"https:\\\/\\\/diariotextual.com\\\/inicio\\\/index.php\\\/2023\\\/05\\\/26\\\/las-piquenses-carla-gerbaudo-y-valeria-gaccio-ganaron-el-mundial-de-cesto\\\/\"]}]},{\"@type\":\"ImageObject\",\"inLanguage\":\"es\",\"@id\":\"https:\\\/\\\/diariotextual.com\\\/inicio\\\/index.php\\\/2023\\\/05\\\/26\\\/las-piquenses-carla-gerbaudo-y-valeria-gaccio-ganaron-el-mundial-de-cesto\\\/#primaryimage\",\"url\":\"https:\\\/\\\/diariotextual.com\\\/inicio\\\/wp-content\\\/uploads\\\/2023\\\/05\\\/cestoseleccionmundialenindia2023-1.jpg\",\"contentUrl\":\"https:\\\/\\\/diariotextual.com\\\/inicio\\\/wp-content\\\/uploads\\\/2023\\\/05\\\/cestoseleccionmundialenindia2023-1.jpg\",\"width\":2048,\"height\":1536},{\"@type\":\"BreadcrumbList\",\"@id\":\"https:\\\/\\\/diariotextual.com\\\/inicio\\\/index.php\\\/2023\\\/05\\\/26\\\/las-piquenses-carla-gerbaudo-y-valeria-gaccio-ganaron-el-mundial-de-cesto\\\/#breadcrumb\",\"itemListElement\":[{\"@type\":\"ListItem\",\"position\":1,\"name\":\"Portada\",\"item\":\"https:\\\/\\\/diariotextual.com\\\/inicio\\\/\"},{\"@type\":\"ListItem\",\"position\":2,\"name\":\"Las piquenses Carla Gerbaudo y Valeria Gaccio ganaron el Mundial de Cesto\"}]},{\"@type\":\"WebSite\",\"@id\":\"https:\\\/\\\/diariotextual.com\\\/inicio\\\/#website\",\"url\":\"https:\\\/\\\/diariotextual.com\\\/inicio\\\/\",\"name\":\"Diario Textual\",\"description\":\"\",\"publisher\":{\"@id\":\"https:\\\/\\\/diariotextual.com\\\/inicio\\\/#organization\"},\"potentialAction\":[{\"@type\":\"SearchAction\",\"target\":{\"@type\":\"EntryPoint\",\"urlTemplate\":\"https:\\\/\\\/diariotextual.com\\\/inicio\\\/?s={search_term_string}\"},\"query-input\":{\"@type\":\"PropertyValueSpecification\",\"valueRequired\":true,\"valueName\":\"search_term_string\"}}],\"inLanguage\":\"es\"},{\"@type\":\"Organization\",\"@id\":\"https:\\\/\\\/diariotextual.com\\\/inicio\\\/#organization\",\"name\":\"Diario Textual\",\"url\":\"https:\\\/\\\/diariotextual.com\\\/inicio\\\/\",\"logo\":{\"@type\":\"ImageObject\",\"inLanguage\":\"es\",\"@id\":\"https:\\\/\\\/diariotextual.com\\\/inicio\\\/#\\\/schema\\\/logo\\\/image\\\/\",\"url\":\"https:\\\/\\\/diariotextual.com\\\/inicio\\\/wp-content\\\/uploads\\\/2023\\\/05\\\/logotextual1.jpg\",\"contentUrl\":\"https:\\\/\\\/diariotextual.com\\\/inicio\\\/wp-content\\\/uploads\\\/2023\\\/05\\\/logotextual1.jpg\",\"width\":516,\"height\":76,\"caption\":\"Diario Textual\"},\"image\":{\"@id\":\"https:\\\/\\\/diariotextual.com\\\/inicio\\\/#\\\/schema\\\/logo\\\/image\\\/\"},\"sameAs\":[\"https:\\\/\\\/www.facebook.com\\\/eltextual\",\"https:\\\/\\\/x.com\\\/eltextual\",\"http:\\\/\\\/www.instagram.com\\\/eltextual\"]},{\"@type\":\"Person\",\"@id\":\"https:\\\/\\\/diariotextual.com\\\/inicio\\\/#\\\/schema\\\/person\\\/418fc4093c33e86ed41562db3508f958\",\"name\":\"Diario1 Diario1\",\"image\":{\"@type\":\"ImageObject\",\"inLanguage\":\"es\",\"@id\":\"https:\\\/\\\/secure.gravatar.com\\\/avatar\\\/9167d280179c85bc18be67aa7eda765854300033af4896dd779b608640f2ef7a?s=96&d=mm&r=g\",\"url\":\"https:\\\/\\\/secure.gravatar.com\\\/avatar\\\/9167d280179c85bc18be67aa7eda765854300033af4896dd779b608640f2ef7a?s=96&d=mm&r=g\",\"contentUrl\":\"https:\\\/\\\/secure.gravatar.com\\\/avatar\\\/9167d280179c85bc18be67aa7eda765854300033af4896dd779b608640f2ef7a?s=96&d=mm&r=g\",\"caption\":\"Diario1 Diario1\"},\"url\":\"https:\\\/\\\/diariotextual.com\\\/inicio\\\/index.php\\\/author\\\/diario1\\\/\"}]}<\/script>\n<!-- \/ Yoast SEO plugin. -->","yoast_head_json":{"title":"Las piquenses Carla Gerbaudo y Valeria Gaccio ganaron el Mundial de Cesto - Diario Textual","robots":{"index":"index","follow":"follow","max-snippet":"max-snippet:-1","max-image-preview":"max-image-preview:large","max-video-preview":"max-video-preview:-1"},"canonical":"https:\/\/diariotextual.com\/inicio\/index.php\/2023\/05\/26\/las-piquenses-carla-gerbaudo-y-valeria-gaccio-ganaron-el-mundial-de-cesto\/","og_locale":"es_ES","og_type":"article","og_title":"Las piquenses Carla Gerbaudo y Valeria Gaccio ganaron el Mundial de Cesto - Diario Textual","og_description":"Las piquenses Carla Gerbaudo y Valeria Gaccio se proclamaron campeonas del Mundial de Cesto, con el seleccionado argentino, en India. El elenco femenino consigui\u00f3 la medalla de oro al batir&hellip;","og_url":"https:\/\/diariotextual.com\/inicio\/index.php\/2023\/05\/26\/las-piquenses-carla-gerbaudo-y-valeria-gaccio-ganaron-el-mundial-de-cesto\/","og_site_name":"Diario Textual","article_publisher":"https:\/\/www.facebook.com\/eltextual","article_published_time":"2023-05-26T22:29:32+00:00","article_modified_time":"2023-05-29T10:27:07+00:00","og_image":[{"width":2048,"height":1536,"url":"https:\/\/diariotextual.com\/inicio\/wp-content\/uploads\/2023\/05\/cestoseleccionmundialenindia2023-1.jpg","type":"image\/jpeg"}],"author":"Diario1 Diario1","twitter_card":"summary_large_image","twitter_creator":"@eltextual","twitter_site":"@eltextual","twitter_misc":{"Escrito por":"Diario1 Diario1","Tiempo de lectura":"1 minuto"},"schema":{"@context":"https:\/\/schema.org","@graph":[{"@type":"Article","@id":"https:\/\/diariotextual.com\/inicio\/index.php\/2023\/05\/26\/las-piquenses-carla-gerbaudo-y-valeria-gaccio-ganaron-el-mundial-de-cesto\/#article","isPartOf":{"@id":"https:\/\/diariotextual.com\/inicio\/index.php\/2023\/05\/26\/las-piquenses-carla-gerbaudo-y-valeria-gaccio-ganaron-el-mundial-de-cesto\/"},"author":{"name":"Diario1 Diario1","@id":"https:\/\/diariotextual.com\/inicio\/#\/schema\/person\/418fc4093c33e86ed41562db3508f958"},"headline":"Las piquenses Carla Gerbaudo y Valeria Gaccio ganaron el Mundial de Cesto","datePublished":"2023-05-26T22:29:32+00:00","dateModified":"2023-05-29T10:27:07+00:00","mainEntityOfPage":{"@id":"https:\/\/diariotextual.com\/inicio\/index.php\/2023\/05\/26\/las-piquenses-carla-gerbaudo-y-valeria-gaccio-ganaron-el-mundial-de-cesto\/"},"wordCount":115,"publisher":{"@id":"https:\/\/diariotextual.com\/inicio\/#organization"},"image":{"@id":"https:\/\/diariotextual.com\/inicio\/index.php\/2023\/05\/26\/las-piquenses-carla-gerbaudo-y-valeria-gaccio-ganaron-el-mundial-de-cesto\/#primaryimage"},"thumbnailUrl":"https:\/\/diariotextual.com\/inicio\/wp-content\/uploads\/2023\/05\/cestoseleccionmundialenindia2023-1.jpg","articleSection":["A - QUE PASA (al costado)","DEPORTES"],"inLanguage":"es"},{"@type":"WebPage","@id":"https:\/\/diariotextual.com\/inicio\/index.php\/2023\/05\/26\/las-piquenses-carla-gerbaudo-y-valeria-gaccio-ganaron-el-mundial-de-cesto\/","url":"https:\/\/diariotextual.com\/inicio\/index.php\/2023\/05\/26\/las-piquenses-carla-gerbaudo-y-valeria-gaccio-ganaron-el-mundial-de-cesto\/","name":"Las piquenses Carla Gerbaudo y Valeria Gaccio ganaron el Mundial de Cesto - Diario Textual","isPartOf":{"@id":"https:\/\/diariotextual.com\/inicio\/#website"},"primaryImageOfPage":{"@id":"https:\/\/diariotextual.com\/inicio\/index.php\/2023\/05\/26\/las-piquenses-carla-gerbaudo-y-valeria-gaccio-ganaron-el-mundial-de-cesto\/#primaryimage"},"image":{"@id":"https:\/\/diariotextual.com\/inicio\/index.php\/2023\/05\/26\/las-piquenses-carla-gerbaudo-y-valeria-gaccio-ganaron-el-mundial-de-cesto\/#primaryimage"},"thumbnailUrl":"https:\/\/diariotextual.com\/inicio\/wp-content\/uploads\/2023\/05\/cestoseleccionmundialenindia2023-1.jpg","datePublished":"2023-05-26T22:29:32+00:00","dateModified":"2023-05-29T10:27:07+00:00","breadcrumb":{"@id":"https:\/\/diariotextual.com\/inicio\/index.php\/2023\/05\/26\/las-piquenses-carla-gerbaudo-y-valeria-gaccio-ganaron-el-mundial-de-cesto\/#breadcrumb"},"inLanguage":"es","potentialAction":[{"@type":"ReadAction","target":["https:\/\/diariotextual.com\/inicio\/index.php\/2023\/05\/26\/las-piquenses-carla-gerbaudo-y-valeria-gaccio-ganaron-el-mundial-de-cesto\/"]}]},{"@type":"ImageObject","inLanguage":"es","@id":"https:\/\/diariotextual.com\/inicio\/index.php\/2023\/05\/26\/las-piquenses-carla-gerbaudo-y-valeria-gaccio-ganaron-el-mundial-de-cesto\/#primaryimage","url":"https:\/\/diariotextual.com\/inicio\/wp-content\/uploads\/2023\/05\/cestoseleccionmundialenindia2023-1.jpg","contentUrl":"https:\/\/diariotextual.com\/inicio\/wp-content\/uploads\/2023\/05\/cestoseleccionmundialenindia2023-1.jpg","width":2048,"height":1536},{"@type":"BreadcrumbList","@id":"https:\/\/diariotextual.com\/inicio\/index.php\/2023\/05\/26\/las-piquenses-carla-gerbaudo-y-valeria-gaccio-ganaron-el-mundial-de-cesto\/#breadcrumb","itemListElement":[{"@type":"ListItem","position":1,"name":"Portada","item":"https:\/\/diariotextual.com\/inicio\/"},{"@type":"ListItem","position":2,"name":"Las piquenses Carla Gerbaudo y Valeria Gaccio ganaron el Mundial de Cesto"}]},{"@type":"WebSite","@id":"https:\/\/diariotextual.com\/inicio\/#website","url":"https:\/\/diariotextual.com\/inicio\/","name":"Diario Textual","description":"","publisher":{"@id":"https:\/\/diariotextual.com\/inicio\/#organization"},"potentialAction":[{"@type":"SearchAction","target":{"@type":"EntryPoint","urlTemplate":"https:\/\/diariotextual.com\/inicio\/?s={search_term_string}"},"query-input":{"@type":"PropertyValueSpecification","valueRequired":true,"valueName":"search_term_string"}}],"inLanguage":"es"},{"@type":"Organization","@id":"https:\/\/diariotextual.com\/inicio\/#organization","name":"Diario Textual","url":"https:\/\/diariotextual.com\/inicio\/","logo":{"@type":"ImageObject","inLanguage":"es","@id":"https:\/\/diariotextual.com\/inicio\/#\/schema\/logo\/image\/","url":"https:\/\/diariotextual.com\/inicio\/wp-content\/uploads\/2023\/05\/logotextual1.jpg","contentUrl":"https:\/\/diariotextual.com\/inicio\/wp-content\/uploads\/2023\/05\/logotextual1.jpg","width":516,"height":76,"caption":"Diario Textual"},"image":{"@id":"https:\/\/diariotextual.com\/inicio\/#\/schema\/logo\/image\/"},"sameAs":["https:\/\/www.facebook.com\/eltextual","https:\/\/x.com\/eltextual","http:\/\/www.instagram.com\/eltextual"]},{"@type":"Person","@id":"https:\/\/diariotextual.com\/inicio\/#\/schema\/person\/418fc4093c33e86ed41562db3508f958","name":"Diario1 Diario1","image":{"@type":"ImageObject","inLanguage":"es","@id":"https:\/\/secure.gravatar.com\/avatar\/9167d280179c85bc18be67aa7eda765854300033af4896dd779b608640f2ef7a?s=96&d=mm&r=g","url":"https:\/\/secure.gravatar.com\/avatar\/9167d280179c85bc18be67aa7eda765854300033af4896dd779b608640f2ef7a?s=96&d=mm&r=g","contentUrl":"https:\/\/secure.gravatar.com\/avatar\/9167d280179c85bc18be67aa7eda765854300033af4896dd779b608640f2ef7a?s=96&d=mm&r=g","caption":"Diario1 Diario1"},"url":"https:\/\/diariotextual.com\/inicio\/index.php\/author\/diario1\/"}]}},"_links":{"self":[{"href":"https:\/\/diariotextual.com\/inicio\/index.php\/wp-json\/wp\/v2\/posts\/226584","targetHints":{"allow":["GET"]}}],"collection":[{"href":"https:\/\/diariotextual.com\/inicio\/index.php\/wp-json\/wp\/v2\/posts"}],"about":[{"href":"https:\/\/diariotextual.com\/inicio\/index.php\/wp-json\/wp\/v2\/types\/post"}],"author":[{"embeddable":true,"href":"https:\/\/diariotextual.com\/inicio\/index.php\/wp-json\/wp\/v2\/users\/3"}],"replies":[{"embeddable":true,"href":"https:\/\/diariotextual.com\/inicio\/index.php\/wp-json\/wp\/v2\/comments?post=226584"}],"version-history":[{"count":4,"href":"https:\/\/diariotextual.com\/inicio\/index.php\/wp-json\/wp\/v2\/posts\/226584\/revisions"}],"predecessor-version":[{"id":226589,"href":"https:\/\/diariotextual.com\/inicio\/index.php\/wp-json\/wp\/v2\/posts\/226584\/revisions\/226589"}],"wp:featuredmedia":[{"embeddable":true,"href":"https:\/\/diariotextual.com\/inicio\/index.php\/wp-json\/wp\/v2\/media\/226586"}],"wp:attachment":[{"href":"https:\/\/diariotextual.com\/inicio\/index.php\/wp-json\/wp\/v2\/media?parent=226584"}],"wp:term":[{"taxonomy":"category","embeddable":true,"href":"https:\/\/diariotextual.com\/inicio\/index.php\/wp-json\/wp\/v2\/categories?post=226584"},{"taxonomy":"post_tag","embeddable":true,"href":"https:\/\/diariotextual.com\/inicio\/index.php\/wp-json\/wp\/v2\/tags?post=226584"}],"curies":[{"name":"wp","href":"https:\/\/api.w.org\/{rel}","templated":true}]}}