{"id":226627,"date":"2023-05-27T17:01:07","date_gmt":"2023-05-27T20:01:07","guid":{"rendered":"https:\/\/diariotextual.com\/inicio\/?p=226627"},"modified":"2023-05-27T17:01:37","modified_gmt":"2023-05-27T20:01:37","slug":"scaloni-confirmo-la-lista-de-convocados-para-los-amistosos-de-la-seleccion","status":"publish","type":"post","link":"https:\/\/diariotextual.com\/inicio\/index.php\/2023\/05\/27\/scaloni-confirmo-la-lista-de-convocados-para-los-amistosos-de-la-seleccion\/","title":{"rendered":"Scaloni confirm\u00f3 la lista de convocados para los amistosos de la selecci\u00f3n"},"content":{"rendered":"\n<p>Lionel Scaloni present\u00f3 una lista de 27 convocados de la selecci\u00f3n argentina para la gira por Asia del mes que viene. Hace algunos d\u00edas la AFA anunci\u00f3 en las redes sociales cu\u00e1les ser\u00e1n los rivales y las sedes de cada test, que ser\u00e1n los \u00faltimos como preparaci\u00f3n para las Eliminatorias de cara al Mundial de Estados Unidos, M\u00e9xico y Canad\u00e1 2026 que comenzar\u00e1n en septiembre. El primer compromiso, pautado en Beijing (China) el 15 de junio, ser\u00e1 ante\u00a0<strong>Australia<\/strong>. Y el segundo, planificado cuatro d\u00edas despu\u00e9s (19\/6) en Yakarta, tendr\u00e1 al local\u00a0<strong>Indonesia\u00a0<\/strong>como contendiente.\u00a0<strong>Hay varias sorpresas.<\/strong><\/p>\n\n\n\n<p>Entre los citados llamaron la atenci\u00f3n el ex arquero de Quilmes\u00a0<strong>Walter Ben\u00edtez<\/strong>\u00a0(PSV Eindhoven), el ex defensor de Boca\u00a0<strong>Leonardo Balerdi<\/strong>\u00a0(Olympique de Marsella) y la reaparici\u00f3n del ex River<strong>\u00a0Lucas Ocampos<\/strong>\u00a0(Sevilla), quien hab\u00eda estado en consideraci\u00f3n de Scaloni en el inicio de su ciclo y luego fue quedando rezagado. Adem\u00e1s,\u00a0<strong>Alejandro Garnacho<\/strong>\u00a0jugar\u00e1 con la Mayor luego de que Manchester United se negara a cederlo para que disputara el Mundial Sub 20 con el equipo de Javier Mascherano. Cabe recordar que la joya nacida en Espa\u00f1a y nacionalizada argentina hab\u00eda recibido el llamado del DT en la convocatoria anterior pero una lesi\u00f3n lo priv\u00f3 de presentarse en territorio\u00a0<em>albiceleste\u00a0<\/em>en los amistosos de marzo ante Curazao y Panam\u00e1.<\/p>\n\n\n\n<p>Entre las principales ausencias figuran el defensor del Manchester United\u00a0<strong>Lisandro Mart\u00ednez<\/strong>\u00a0(una lesi\u00f3n le impidi\u00f3 terminar la temporada con normalidad), el delantero de la Roma\u00a0<strong>Paulo Dybala\u00a0<\/strong>(tambi\u00e9n con recurrentes problemas f\u00edsicos en el \u00faltimo tiempo),\u00a0<strong>Alejandro\u00a0<\/strong><em><strong>Papu\u00a0<\/strong><\/em><strong>G\u00f3mez<\/strong>, quien volvi\u00f3 a tener rodaje en Sevilla pero sigue fuera de la \u00f3rbita argentina, y\u00a0<strong>Lautaro Mart\u00ednez<\/strong>, quien disputar\u00e1 la final de la Champions League con el Inter de Mil\u00e1n y luego se someter\u00e1 a una operaci\u00f3n de tobillo que le demandar\u00e1 varias semanas de recuperaci\u00f3n. Adem\u00e1s, tampoco est\u00e1n los campeones mundiales Franco Armani (River), Juan Foyth (Villarreal) y \u00c1ngel Correa (Atl\u00e9tico Madrid).<\/p>\n\n\n\n<p>El final de las competencias en Europa le permitir\u00e1 al cuerpo t\u00e9cnico\u00a0<strong>contar con los futbolistas a partir del 10 de junio<\/strong>, por lo que Scaloni y compa\u00f1\u00eda dispondr\u00e1n de cinco d\u00edas para reforzar conceptos y preparar a los nuevos citados de cara a los objetivos en el horizonte: la clasificaci\u00f3n a la Copa del Mundo y la Copa Am\u00e9rica 2024.<\/p>\n\n\n\n<p>El primer adversario,&nbsp;<strong>Australia<\/strong>, ya supo poner en apuros a la&nbsp;<em>Albiceleste&nbsp;<\/em>en Qatar: fue triunfo del campe\u00f3n por 2 a 1 en octavos de final. El desarrollo fue claramente favorable para el elenco capitaneado por Lionel Messi, que se impuso con goles de la Pulga y Juli\u00e1n \u00c1lvarez. El gol en contra de Enzo Fern\u00e1ndez gener\u00f3 el asedio oce\u00e1nico, que pudo terminar en empate de no haber sido por un cruce fundamental de Lisandro Mart\u00ednez frente a Aziz Behich y una tapada de Dibu Mart\u00ednez ante Garang Kuol.<\/p>\n\n\n\n<p>El segundo ensayo ser\u00e1 frente a\u00a0<strong>Indonesia<\/strong>, que contaba con la organizaci\u00f3n del Mundial Sub 20, pero la FIFA se lo retir\u00f3 luego de las hostilidades hacia Israel, uno de los participantes del certamen. Y hoy es Argentina el que recibe la Copa del Mundo, con La Plata, Mendoza, San Juan y Santiago del Estero como sedes. No obstante, el seleccionado local tendr\u00e1 la posibilidad de ser anfitri\u00f3n y medirse con el mejor combinado de Qatar 2022.<\/p>\n\n\n\n<p>Esta es la lista:<\/p>\n\n\n\n<p><strong>ARQUEROS:\u00a0<\/strong>Emiliano Mart\u00ednez (Aston Villa), Ger\u00f3nimo Rulli (Villarreal) y Walter Ben\u00edtez (PSV Eindhoven)<\/p>\n\n\n\n<p><strong>DEFENSORES:<\/strong>&nbsp;Nahuel Molina (Atl\u00e9tico Madrid), Gonzalo Montiel (Sevilla), Germ\u00e1n Pezzella (Betis), Cristian Romero (Tottenham), Leonardo Balerdi (Olympique de Marsella), Nicol\u00e1s Otamendi (Benfica), Facundo Medina (Lens), Nicol\u00e1s Tagliafico (Olympique de Lyon) y Marcos Acu\u00f1a (Sevilla)<\/p>\n\n\n\n<p><strong>MEDIOCAMPISTAS:&nbsp;<\/strong>Leandro Paredes (Juventus), Enzo Fern\u00e1ndez (Chelsea), Guido Rodr\u00edguez (Betis), Rodrigo De Paul (Atl\u00e9tico Madrid), Exequiel Palacios (Bayer Leverkusen), Alexis Mac Allister (Brighton), Thiago Almada (Atlanta United), Giovani Lo Celso (Villarreal) y Lucas Ocampos (Sevilla)<\/p>\n\n\n\n<p><strong>DELANTEROS:<\/strong>&nbsp;\u00c1ngel Di Mar\u00eda (Juventus), Lionel Messi (PSG), Juli\u00e1n \u00c1lvarez (Manchester City), Giovanni Simeone (Napoli), Alejandro Garnacho (Manchester City) y Nicol\u00e1s Gonz\u00e1lez (Fiorentina)<\/p>\n","protected":false},"excerpt":{"rendered":"<p>Lionel Scaloni present\u00f3 una lista de 27 convocados de la selecci\u00f3n argentina para la gira por Asia del mes que viene. Hace algunos d\u00edas la AFA anunci\u00f3 en las redes&hellip;<\/p>\n","protected":false},"author":3,"featured_media":209981,"comment_status":"closed","ping_status":"open","sticky":false,"template":"","format":"standard","meta":{"_acf_changed":false,"footnotes":""},"categories":[4,3],"tags":[],"class_list":["post-226627","post","type-post","status-publish","format-standard","has-post-thumbnail","hentry","category-destacadas","category-deportes"],"acf":[],"yoast_head":"<!-- This site is optimized with the Yoast SEO plugin v27.5 - https:\/\/yoast.com\/product\/yoast-seo-wordpress\/ -->\n<title>Scaloni confirm\u00f3 la lista de convocados para los amistosos de la selecci\u00f3n - Diario Textual<\/title>\n<meta name=\"robots\" content=\"index, follow, max-snippet:-1, max-image-preview:large, max-video-preview:-1\" \/>\n<link rel=\"canonical\" href=\"https:\/\/diariotextual.com\/inicio\/index.php\/2023\/05\/27\/scaloni-confirmo-la-lista-de-convocados-para-los-amistosos-de-la-seleccion\/\" \/>\n<meta property=\"og:locale\" content=\"es_ES\" \/>\n<meta property=\"og:type\" content=\"article\" \/>\n<meta property=\"og:title\" content=\"Scaloni confirm\u00f3 la lista de convocados para los amistosos de la selecci\u00f3n - Diario Textual\" \/>\n<meta property=\"og:description\" content=\"Lionel Scaloni present\u00f3 una lista de 27 convocados de la selecci\u00f3n argentina para la gira por Asia del mes que viene. Hace algunos d\u00edas la AFA anunci\u00f3 en las redes&hellip;\" \/>\n<meta property=\"og:url\" content=\"https:\/\/diariotextual.com\/inicio\/index.php\/2023\/05\/27\/scaloni-confirmo-la-lista-de-convocados-para-los-amistosos-de-la-seleccion\/\" \/>\n<meta property=\"og:site_name\" content=\"Diario Textual\" \/>\n<meta property=\"article:publisher\" content=\"https:\/\/www.facebook.com\/eltextual\" \/>\n<meta property=\"article:published_time\" content=\"2023-05-27T20:01:07+00:00\" \/>\n<meta property=\"article:modified_time\" content=\"2023-05-27T20:01:37+00:00\" \/>\n<meta property=\"og:image\" content=\"https:\/\/diariotextual.com\/inicio\/wp-content\/uploads\/2022\/12\/scalonilionel2022-012.jpg\" \/>\n\t<meta property=\"og:image:width\" content=\"1200\" \/>\n\t<meta property=\"og:image:height\" content=\"675\" \/>\n\t<meta property=\"og:image:type\" content=\"image\/jpeg\" \/>\n<meta name=\"author\" content=\"Diario1 Diario1\" \/>\n<meta name=\"twitter:card\" content=\"summary_large_image\" \/>\n<meta name=\"twitter:creator\" content=\"@eltextual\" \/>\n<meta name=\"twitter:site\" content=\"@eltextual\" \/>\n<meta name=\"twitter:label1\" content=\"Escrito por\" \/>\n\t<meta name=\"twitter:data1\" content=\"Diario1 Diario1\" \/>\n\t<meta name=\"twitter:label2\" content=\"Tiempo de lectura\" \/>\n\t<meta name=\"twitter:data2\" content=\"4 minutos\" \/>\n<script type=\"application\/ld+json\" class=\"yoast-schema-graph\">{\"@context\":\"https:\\\/\\\/schema.org\",\"@graph\":[{\"@type\":\"Article\",\"@id\":\"https:\\\/\\\/diariotextual.com\\\/inicio\\\/index.php\\\/2023\\\/05\\\/27\\\/scaloni-confirmo-la-lista-de-convocados-para-los-amistosos-de-la-seleccion\\\/#article\",\"isPartOf\":{\"@id\":\"https:\\\/\\\/diariotextual.com\\\/inicio\\\/index.php\\\/2023\\\/05\\\/27\\\/scaloni-confirmo-la-lista-de-convocados-para-los-amistosos-de-la-seleccion\\\/\"},\"author\":{\"name\":\"Diario1 Diario1\",\"@id\":\"https:\\\/\\\/diariotextual.com\\\/inicio\\\/#\\\/schema\\\/person\\\/418fc4093c33e86ed41562db3508f958\"},\"headline\":\"Scaloni confirm\u00f3 la lista de convocados para los amistosos de la selecci\u00f3n\",\"datePublished\":\"2023-05-27T20:01:07+00:00\",\"dateModified\":\"2023-05-27T20:01:37+00:00\",\"mainEntityOfPage\":{\"@id\":\"https:\\\/\\\/diariotextual.com\\\/inicio\\\/index.php\\\/2023\\\/05\\\/27\\\/scaloni-confirmo-la-lista-de-convocados-para-los-amistosos-de-la-seleccion\\\/\"},\"wordCount\":726,\"publisher\":{\"@id\":\"https:\\\/\\\/diariotextual.com\\\/inicio\\\/#organization\"},\"image\":{\"@id\":\"https:\\\/\\\/diariotextual.com\\\/inicio\\\/index.php\\\/2023\\\/05\\\/27\\\/scaloni-confirmo-la-lista-de-convocados-para-los-amistosos-de-la-seleccion\\\/#primaryimage\"},\"thumbnailUrl\":\"https:\\\/\\\/diariotextual.com\\\/inicio\\\/wp-content\\\/uploads\\\/2022\\\/12\\\/scalonilionel2022-012.jpg\",\"articleSection\":[\"A - DESTACADAS (mod 16)\",\"DEPORTES\"],\"inLanguage\":\"es\"},{\"@type\":\"WebPage\",\"@id\":\"https:\\\/\\\/diariotextual.com\\\/inicio\\\/index.php\\\/2023\\\/05\\\/27\\\/scaloni-confirmo-la-lista-de-convocados-para-los-amistosos-de-la-seleccion\\\/\",\"url\":\"https:\\\/\\\/diariotextual.com\\\/inicio\\\/index.php\\\/2023\\\/05\\\/27\\\/scaloni-confirmo-la-lista-de-convocados-para-los-amistosos-de-la-seleccion\\\/\",\"name\":\"Scaloni confirm\u00f3 la lista de convocados para los amistosos de la selecci\u00f3n - Diario Textual\",\"isPartOf\":{\"@id\":\"https:\\\/\\\/diariotextual.com\\\/inicio\\\/#website\"},\"primaryImageOfPage\":{\"@id\":\"https:\\\/\\\/diariotextual.com\\\/inicio\\\/index.php\\\/2023\\\/05\\\/27\\\/scaloni-confirmo-la-lista-de-convocados-para-los-amistosos-de-la-seleccion\\\/#primaryimage\"},\"image\":{\"@id\":\"https:\\\/\\\/diariotextual.com\\\/inicio\\\/index.php\\\/2023\\\/05\\\/27\\\/scaloni-confirmo-la-lista-de-convocados-para-los-amistosos-de-la-seleccion\\\/#primaryimage\"},\"thumbnailUrl\":\"https:\\\/\\\/diariotextual.com\\\/inicio\\\/wp-content\\\/uploads\\\/2022\\\/12\\\/scalonilionel2022-012.jpg\",\"datePublished\":\"2023-05-27T20:01:07+00:00\",\"dateModified\":\"2023-05-27T20:01:37+00:00\",\"breadcrumb\":{\"@id\":\"https:\\\/\\\/diariotextual.com\\\/inicio\\\/index.php\\\/2023\\\/05\\\/27\\\/scaloni-confirmo-la-lista-de-convocados-para-los-amistosos-de-la-seleccion\\\/#breadcrumb\"},\"inLanguage\":\"es\",\"potentialAction\":[{\"@type\":\"ReadAction\",\"target\":[\"https:\\\/\\\/diariotextual.com\\\/inicio\\\/index.php\\\/2023\\\/05\\\/27\\\/scaloni-confirmo-la-lista-de-convocados-para-los-amistosos-de-la-seleccion\\\/\"]}]},{\"@type\":\"ImageObject\",\"inLanguage\":\"es\",\"@id\":\"https:\\\/\\\/diariotextual.com\\\/inicio\\\/index.php\\\/2023\\\/05\\\/27\\\/scaloni-confirmo-la-lista-de-convocados-para-los-amistosos-de-la-seleccion\\\/#primaryimage\",\"url\":\"https:\\\/\\\/diariotextual.com\\\/inicio\\\/wp-content\\\/uploads\\\/2022\\\/12\\\/scalonilionel2022-012.jpg\",\"contentUrl\":\"https:\\\/\\\/diariotextual.com\\\/inicio\\\/wp-content\\\/uploads\\\/2022\\\/12\\\/scalonilionel2022-012.jpg\",\"width\":1200,\"height\":675},{\"@type\":\"BreadcrumbList\",\"@id\":\"https:\\\/\\\/diariotextual.com\\\/inicio\\\/index.php\\\/2023\\\/05\\\/27\\\/scaloni-confirmo-la-lista-de-convocados-para-los-amistosos-de-la-seleccion\\\/#breadcrumb\",\"itemListElement\":[{\"@type\":\"ListItem\",\"position\":1,\"name\":\"Portada\",\"item\":\"https:\\\/\\\/diariotextual.com\\\/inicio\\\/\"},{\"@type\":\"ListItem\",\"position\":2,\"name\":\"Scaloni confirm\u00f3 la lista de convocados para los amistosos de la selecci\u00f3n\"}]},{\"@type\":\"WebSite\",\"@id\":\"https:\\\/\\\/diariotextual.com\\\/inicio\\\/#website\",\"url\":\"https:\\\/\\\/diariotextual.com\\\/inicio\\\/\",\"name\":\"Diario Textual\",\"description\":\"\",\"publisher\":{\"@id\":\"https:\\\/\\\/diariotextual.com\\\/inicio\\\/#organization\"},\"potentialAction\":[{\"@type\":\"SearchAction\",\"target\":{\"@type\":\"EntryPoint\",\"urlTemplate\":\"https:\\\/\\\/diariotextual.com\\\/inicio\\\/?s={search_term_string}\"},\"query-input\":{\"@type\":\"PropertyValueSpecification\",\"valueRequired\":true,\"valueName\":\"search_term_string\"}}],\"inLanguage\":\"es\"},{\"@type\":\"Organization\",\"@id\":\"https:\\\/\\\/diariotextual.com\\\/inicio\\\/#organization\",\"name\":\"Diario Textual\",\"url\":\"https:\\\/\\\/diariotextual.com\\\/inicio\\\/\",\"logo\":{\"@type\":\"ImageObject\",\"inLanguage\":\"es\",\"@id\":\"https:\\\/\\\/diariotextual.com\\\/inicio\\\/#\\\/schema\\\/logo\\\/image\\\/\",\"url\":\"https:\\\/\\\/diariotextual.com\\\/inicio\\\/wp-content\\\/uploads\\\/2023\\\/05\\\/logotextual1.jpg\",\"contentUrl\":\"https:\\\/\\\/diariotextual.com\\\/inicio\\\/wp-content\\\/uploads\\\/2023\\\/05\\\/logotextual1.jpg\",\"width\":516,\"height\":76,\"caption\":\"Diario Textual\"},\"image\":{\"@id\":\"https:\\\/\\\/diariotextual.com\\\/inicio\\\/#\\\/schema\\\/logo\\\/image\\\/\"},\"sameAs\":[\"https:\\\/\\\/www.facebook.com\\\/eltextual\",\"https:\\\/\\\/x.com\\\/eltextual\",\"http:\\\/\\\/www.instagram.com\\\/eltextual\"]},{\"@type\":\"Person\",\"@id\":\"https:\\\/\\\/diariotextual.com\\\/inicio\\\/#\\\/schema\\\/person\\\/418fc4093c33e86ed41562db3508f958\",\"name\":\"Diario1 Diario1\",\"image\":{\"@type\":\"ImageObject\",\"inLanguage\":\"es\",\"@id\":\"https:\\\/\\\/secure.gravatar.com\\\/avatar\\\/9167d280179c85bc18be67aa7eda765854300033af4896dd779b608640f2ef7a?s=96&d=mm&r=g\",\"url\":\"https:\\\/\\\/secure.gravatar.com\\\/avatar\\\/9167d280179c85bc18be67aa7eda765854300033af4896dd779b608640f2ef7a?s=96&d=mm&r=g\",\"contentUrl\":\"https:\\\/\\\/secure.gravatar.com\\\/avatar\\\/9167d280179c85bc18be67aa7eda765854300033af4896dd779b608640f2ef7a?s=96&d=mm&r=g\",\"caption\":\"Diario1 Diario1\"},\"url\":\"https:\\\/\\\/diariotextual.com\\\/inicio\\\/index.php\\\/author\\\/diario1\\\/\"}]}<\/script>\n<!-- \/ Yoast SEO plugin. -->","yoast_head_json":{"title":"Scaloni confirm\u00f3 la lista de convocados para los amistosos de la selecci\u00f3n - Diario Textual","robots":{"index":"index","follow":"follow","max-snippet":"max-snippet:-1","max-image-preview":"max-image-preview:large","max-video-preview":"max-video-preview:-1"},"canonical":"https:\/\/diariotextual.com\/inicio\/index.php\/2023\/05\/27\/scaloni-confirmo-la-lista-de-convocados-para-los-amistosos-de-la-seleccion\/","og_locale":"es_ES","og_type":"article","og_title":"Scaloni confirm\u00f3 la lista de convocados para los amistosos de la selecci\u00f3n - Diario Textual","og_description":"Lionel Scaloni present\u00f3 una lista de 27 convocados de la selecci\u00f3n argentina para la gira por Asia del mes que viene. Hace algunos d\u00edas la AFA anunci\u00f3 en las redes&hellip;","og_url":"https:\/\/diariotextual.com\/inicio\/index.php\/2023\/05\/27\/scaloni-confirmo-la-lista-de-convocados-para-los-amistosos-de-la-seleccion\/","og_site_name":"Diario Textual","article_publisher":"https:\/\/www.facebook.com\/eltextual","article_published_time":"2023-05-27T20:01:07+00:00","article_modified_time":"2023-05-27T20:01:37+00:00","og_image":[{"width":1200,"height":675,"url":"https:\/\/diariotextual.com\/inicio\/wp-content\/uploads\/2022\/12\/scalonilionel2022-012.jpg","type":"image\/jpeg"}],"author":"Diario1 Diario1","twitter_card":"summary_large_image","twitter_creator":"@eltextual","twitter_site":"@eltextual","twitter_misc":{"Escrito por":"Diario1 Diario1","Tiempo de lectura":"4 minutos"},"schema":{"@context":"https:\/\/schema.org","@graph":[{"@type":"Article","@id":"https:\/\/diariotextual.com\/inicio\/index.php\/2023\/05\/27\/scaloni-confirmo-la-lista-de-convocados-para-los-amistosos-de-la-seleccion\/#article","isPartOf":{"@id":"https:\/\/diariotextual.com\/inicio\/index.php\/2023\/05\/27\/scaloni-confirmo-la-lista-de-convocados-para-los-amistosos-de-la-seleccion\/"},"author":{"name":"Diario1 Diario1","@id":"https:\/\/diariotextual.com\/inicio\/#\/schema\/person\/418fc4093c33e86ed41562db3508f958"},"headline":"Scaloni confirm\u00f3 la lista de convocados para los amistosos de la selecci\u00f3n","datePublished":"2023-05-27T20:01:07+00:00","dateModified":"2023-05-27T20:01:37+00:00","mainEntityOfPage":{"@id":"https:\/\/diariotextual.com\/inicio\/index.php\/2023\/05\/27\/scaloni-confirmo-la-lista-de-convocados-para-los-amistosos-de-la-seleccion\/"},"wordCount":726,"publisher":{"@id":"https:\/\/diariotextual.com\/inicio\/#organization"},"image":{"@id":"https:\/\/diariotextual.com\/inicio\/index.php\/2023\/05\/27\/scaloni-confirmo-la-lista-de-convocados-para-los-amistosos-de-la-seleccion\/#primaryimage"},"thumbnailUrl":"https:\/\/diariotextual.com\/inicio\/wp-content\/uploads\/2022\/12\/scalonilionel2022-012.jpg","articleSection":["A - DESTACADAS (mod 16)","DEPORTES"],"inLanguage":"es"},{"@type":"WebPage","@id":"https:\/\/diariotextual.com\/inicio\/index.php\/2023\/05\/27\/scaloni-confirmo-la-lista-de-convocados-para-los-amistosos-de-la-seleccion\/","url":"https:\/\/diariotextual.com\/inicio\/index.php\/2023\/05\/27\/scaloni-confirmo-la-lista-de-convocados-para-los-amistosos-de-la-seleccion\/","name":"Scaloni confirm\u00f3 la lista de convocados para los amistosos de la selecci\u00f3n - Diario Textual","isPartOf":{"@id":"https:\/\/diariotextual.com\/inicio\/#website"},"primaryImageOfPage":{"@id":"https:\/\/diariotextual.com\/inicio\/index.php\/2023\/05\/27\/scaloni-confirmo-la-lista-de-convocados-para-los-amistosos-de-la-seleccion\/#primaryimage"},"image":{"@id":"https:\/\/diariotextual.com\/inicio\/index.php\/2023\/05\/27\/scaloni-confirmo-la-lista-de-convocados-para-los-amistosos-de-la-seleccion\/#primaryimage"},"thumbnailUrl":"https:\/\/diariotextual.com\/inicio\/wp-content\/uploads\/2022\/12\/scalonilionel2022-012.jpg","datePublished":"2023-05-27T20:01:07+00:00","dateModified":"2023-05-27T20:01:37+00:00","breadcrumb":{"@id":"https:\/\/diariotextual.com\/inicio\/index.php\/2023\/05\/27\/scaloni-confirmo-la-lista-de-convocados-para-los-amistosos-de-la-seleccion\/#breadcrumb"},"inLanguage":"es","potentialAction":[{"@type":"ReadAction","target":["https:\/\/diariotextual.com\/inicio\/index.php\/2023\/05\/27\/scaloni-confirmo-la-lista-de-convocados-para-los-amistosos-de-la-seleccion\/"]}]},{"@type":"ImageObject","inLanguage":"es","@id":"https:\/\/diariotextual.com\/inicio\/index.php\/2023\/05\/27\/scaloni-confirmo-la-lista-de-convocados-para-los-amistosos-de-la-seleccion\/#primaryimage","url":"https:\/\/diariotextual.com\/inicio\/wp-content\/uploads\/2022\/12\/scalonilionel2022-012.jpg","contentUrl":"https:\/\/diariotextual.com\/inicio\/wp-content\/uploads\/2022\/12\/scalonilionel2022-012.jpg","width":1200,"height":675},{"@type":"BreadcrumbList","@id":"https:\/\/diariotextual.com\/inicio\/index.php\/2023\/05\/27\/scaloni-confirmo-la-lista-de-convocados-para-los-amistosos-de-la-seleccion\/#breadcrumb","itemListElement":[{"@type":"ListItem","position":1,"name":"Portada","item":"https:\/\/diariotextual.com\/inicio\/"},{"@type":"ListItem","position":2,"name":"Scaloni confirm\u00f3 la lista de convocados para los amistosos de la selecci\u00f3n"}]},{"@type":"WebSite","@id":"https:\/\/diariotextual.com\/inicio\/#website","url":"https:\/\/diariotextual.com\/inicio\/","name":"Diario Textual","description":"","publisher":{"@id":"https:\/\/diariotextual.com\/inicio\/#organization"},"potentialAction":[{"@type":"SearchAction","target":{"@type":"EntryPoint","urlTemplate":"https:\/\/diariotextual.com\/inicio\/?s={search_term_string}"},"query-input":{"@type":"PropertyValueSpecification","valueRequired":true,"valueName":"search_term_string"}}],"inLanguage":"es"},{"@type":"Organization","@id":"https:\/\/diariotextual.com\/inicio\/#organization","name":"Diario Textual","url":"https:\/\/diariotextual.com\/inicio\/","logo":{"@type":"ImageObject","inLanguage":"es","@id":"https:\/\/diariotextual.com\/inicio\/#\/schema\/logo\/image\/","url":"https:\/\/diariotextual.com\/inicio\/wp-content\/uploads\/2023\/05\/logotextual1.jpg","contentUrl":"https:\/\/diariotextual.com\/inicio\/wp-content\/uploads\/2023\/05\/logotextual1.jpg","width":516,"height":76,"caption":"Diario Textual"},"image":{"@id":"https:\/\/diariotextual.com\/inicio\/#\/schema\/logo\/image\/"},"sameAs":["https:\/\/www.facebook.com\/eltextual","https:\/\/x.com\/eltextual","http:\/\/www.instagram.com\/eltextual"]},{"@type":"Person","@id":"https:\/\/diariotextual.com\/inicio\/#\/schema\/person\/418fc4093c33e86ed41562db3508f958","name":"Diario1 Diario1","image":{"@type":"ImageObject","inLanguage":"es","@id":"https:\/\/secure.gravatar.com\/avatar\/9167d280179c85bc18be67aa7eda765854300033af4896dd779b608640f2ef7a?s=96&d=mm&r=g","url":"https:\/\/secure.gravatar.com\/avatar\/9167d280179c85bc18be67aa7eda765854300033af4896dd779b608640f2ef7a?s=96&d=mm&r=g","contentUrl":"https:\/\/secure.gravatar.com\/avatar\/9167d280179c85bc18be67aa7eda765854300033af4896dd779b608640f2ef7a?s=96&d=mm&r=g","caption":"Diario1 Diario1"},"url":"https:\/\/diariotextual.com\/inicio\/index.php\/author\/diario1\/"}]}},"_links":{"self":[{"href":"https:\/\/diariotextual.com\/inicio\/index.php\/wp-json\/wp\/v2\/posts\/226627","targetHints":{"allow":["GET"]}}],"collection":[{"href":"https:\/\/diariotextual.com\/inicio\/index.php\/wp-json\/wp\/v2\/posts"}],"about":[{"href":"https:\/\/diariotextual.com\/inicio\/index.php\/wp-json\/wp\/v2\/types\/post"}],"author":[{"embeddable":true,"href":"https:\/\/diariotextual.com\/inicio\/index.php\/wp-json\/wp\/v2\/users\/3"}],"replies":[{"embeddable":true,"href":"https:\/\/diariotextual.com\/inicio\/index.php\/wp-json\/wp\/v2\/comments?post=226627"}],"version-history":[{"count":5,"href":"https:\/\/diariotextual.com\/inicio\/index.php\/wp-json\/wp\/v2\/posts\/226627\/revisions"}],"predecessor-version":[{"id":226633,"href":"https:\/\/diariotextual.com\/inicio\/index.php\/wp-json\/wp\/v2\/posts\/226627\/revisions\/226633"}],"wp:featuredmedia":[{"embeddable":true,"href":"https:\/\/diariotextual.com\/inicio\/index.php\/wp-json\/wp\/v2\/media\/209981"}],"wp:attachment":[{"href":"https:\/\/diariotextual.com\/inicio\/index.php\/wp-json\/wp\/v2\/media?parent=226627"}],"wp:term":[{"taxonomy":"category","embeddable":true,"href":"https:\/\/diariotextual.com\/inicio\/index.php\/wp-json\/wp\/v2\/categories?post=226627"},{"taxonomy":"post_tag","embeddable":true,"href":"https:\/\/diariotextual.com\/inicio\/index.php\/wp-json\/wp\/v2\/tags?post=226627"}],"curies":[{"name":"wp","href":"https:\/\/api.w.org\/{rel}","templated":true}]}}