{"id":226732,"date":"2023-05-29T10:48:00","date_gmt":"2023-05-29T13:48:00","guid":{"rendered":"https:\/\/diariotextual.com\/inicio\/?p=226732"},"modified":"2023-05-29T12:32:50","modified_gmt":"2023-05-29T15:32:50","slug":"legislativas-verna-confirma-que-la-plural-no-pondra-candidatos","status":"publish","type":"post","link":"https:\/\/diariotextual.com\/inicio\/index.php\/2023\/05\/29\/legislativas-verna-confirma-que-la-plural-no-pondra-candidatos\/","title":{"rendered":"\u201cPerdimos la provincia\u201d: Verna confirm\u00f3 que no lleva candidatos a las legislativas"},"content":{"rendered":"\n<p>Un escenario complicad\u00edsimo para el peronismo, que <strong>puede terminar en derrota<\/strong>, convenci\u00f3 a <strong>Carlos Verna<\/strong>: su l\u00ednea <strong>Plural<\/strong>, que tambi\u00e9n integra el gobernador<strong> Sergio Ziliotto, no tendr\u00e1 candidatos a diputados nacionales.<\/strong><\/p>\n\n\n\n<p>El dos veces gobernador<strong> pareci\u00f3 tirar la toalla al menos para la nueva -e inminente- contienda<\/strong>: argument\u00f3 que hay que hacer un an\u00e1lisis de por qu\u00e9<strong> el peronismo viene perdiendo espacios en los \u00faltimos a\u00f1os<\/strong>, sostuvo que<strong> hay que darles lugar a los nuevos dirigentes<\/strong> y manifest\u00f3 <strong>sentir  \u201cfrustraci\u00f3n\u201d por el Gobierno de Alberto Fern\u00e1ndez. <\/strong><\/p>\n\n\n\n<p><strong><a href=\"https:\/\/diariotextual.com\/inicio\/index.php\/2023\/05\/21\/en-el-pj-crece-la-idea-de-liberar-las-paso-para-diputados\/\" target=\"_blank\" rel=\"noreferrer noopener\">Diario Textual, la semana pasada, ya hab\u00eda adelantado en exclusiva la posibilidad de que el gobernador Sergio Ziliotto diera \u201clibertad de acci\u00f3n\u201d <\/a><\/strong>en estos comicios. Ahora se supo que es una decisi\u00f3n de Verna.<\/p>\n\n\n\n<p>\u201cDesde la Plural, que yo encabezo, hemos dado libertad de acci\u00f3n a los compa\u00f1eros, nosotros no vamos a llevar un precandidato a diputado nacional. Vamos a esperar que transcurra la PASO de agosto. El compa\u00f1ero que quiera competir tendr\u00e1 todo el derecho de hacerlo, pero no lo podr\u00e1 hacer en nombre de la Plural\u201d, dijo Verna en declaraciones al diario <strong>La Reforma.<\/strong><\/p>\n\n\n\n<figure class=\"wp-block-embed is-type-wp-embed is-provider-diario-textual wp-block-embed-diario-textual\"><div class=\"wp-block-embed__wrapper\">\n<blockquote class=\"wp-embedded-content\" data-secret=\"338zA2Jhxe\"><a href=\"https:\/\/diariotextual.com\/inicio\/index.php\/2023\/05\/29\/legislativas-ziliotto-convoco-a-intendentes-y-al-partido-para-dar-libertad-de-accion\/\">Legislativas: Ziliotto convoc\u00f3 a intendentes y al partido para dar \u201clibertad de acci\u00f3n\u201d<\/a><\/blockquote><iframe class=\"wp-embedded-content\" sandbox=\"allow-scripts\" security=\"restricted\" style=\"position: absolute; clip: rect(1px, 1px, 1px, 1px);\" title=\"\u00abLegislativas: Ziliotto convoc\u00f3 a intendentes y al partido para dar \u201clibertad de acci\u00f3n\u201d\u00bb \u2014 Diario Textual\" src=\"https:\/\/diariotextual.com\/inicio\/index.php\/2023\/05\/29\/legislativas-ziliotto-convoco-a-intendentes-y-al-partido-para-dar-libertad-de-accion\/embed\/#?secret=zk5yXWrdyK#?secret=338zA2Jhxe\" data-secret=\"338zA2Jhxe\" width=\"600\" height=\"338\" frameborder=\"0\" marginwidth=\"0\" marginheight=\"0\" scrolling=\"no\"><\/iframe>\n<\/div><\/figure>\n\n\n\n<p>\u201c<strong>Ganamos la gobernaci\u00f3n pero perdimos la provincia. Yo creo que a ning\u00fan dirigente importante del peronismo se le puede pasar que desde 2019 a la fecha hemos perdido un senador nacional, un diputado nacional, dos diputados provinciales, 19 pueblos y 12 mil votos\u201d<\/strong>, dijo. \u201cEsto implica que debemos hacer un an\u00e1lisis sobre lo que est\u00e1 pasando, lo he conversado con el Gobernador y coincide con esta necesidad, tambi\u00e9n lo he hablado con el doctor (Rub\u00e9n) Mar\u00edn&#8230; tenemos cuatro a\u00f1os por delante y lo vamos a solucionar\u201d, expres\u00f3.<\/p>\n\n\n\n<p>\u201c\u00bfQu\u00e9 hay que hacer? Hay que darles paso a los nuevos dirigentes, hay que empezar a formar dirigentes, hacer una planificaci\u00f3n prospectiva de la Provincia, hacer proyectos para llegar a los objetivos y concretarlos. Tenemos que convencer nuevamente a la gente en cuanto a que el peronismo no es solamente una idea, sino que es una fuerza que desarrolla acciones de Gobierno y seguramente ser\u00e1 eso lo que en los cuatro a\u00f1os que vienen se va a producir durante el gobierno de Sergio\u201d, expres\u00f3.<\/p>\n\n\n\n<p>En estos comicios, La Pampa elige dos diputados nacionales. Se descuenta que, independientemente de qui\u00e9n gane, Juntos por el Cambio se quedar\u00e1 con un legislador y el peronismo con otro.<\/p>\n\n\n\n<p>En otro tramo, le peg\u00f3 al Gabinete y reclam\u00f3 a Ziliotto tomar cartas en el asunto.&nbsp;<strong>\u201cEn este gobierno provincial, hay mucha obra y mucha gesti\u00f3n, como le gusta decir a Sergio, pero tambi\u00e9n hay que hacer pol\u00edtica. Me parece que faltan funcionarios que tengan m\u00e1s presencia en el territorio, que vayan m\u00e1s a ver a los intendentes, que haya una mayor comuni\u00f3n entre los intendentes y los funcionarios provinciales. Sigo creyendo que hay funcionarios que no funcionan y en un problema que seguramente el gobernador se encargar\u00e1 de corregirlo durante esta segunda gesti\u00f3n\u201d, expres\u00f3.<\/strong><\/p>\n\n\n\n<p><\/p>\n\n\n\n<figure class=\"wp-block-embed is-type-wp-embed is-provider-diario-textual wp-block-embed-diario-textual\"><div class=\"wp-block-embed__wrapper\">\n<blockquote class=\"wp-embedded-content\" data-secret=\"dV7UBCoMWJ\"><a href=\"https:\/\/diariotextual.com\/inicio\/index.php\/2023\/05\/29\/verna-pide-a-ziliotto-que-eche-a-los-funcionarios-que-no-funcionan\/\">Verna pide a Ziliotto que eche a los \u201cfuncionarios que no funcionan\u201d<\/a><\/blockquote><iframe class=\"wp-embedded-content\" sandbox=\"allow-scripts\" security=\"restricted\" style=\"position: absolute; clip: rect(1px, 1px, 1px, 1px);\" title=\"\u00abVerna pide a Ziliotto que eche a los \u201cfuncionarios que no funcionan\u201d\u00bb \u2014 Diario Textual\" src=\"https:\/\/diariotextual.com\/inicio\/index.php\/2023\/05\/29\/verna-pide-a-ziliotto-que-eche-a-los-funcionarios-que-no-funcionan\/embed\/#?secret=kGINfBzOCG#?secret=dV7UBCoMWJ\" data-secret=\"dV7UBCoMWJ\" width=\"600\" height=\"338\" frameborder=\"0\" marginwidth=\"0\" marginheight=\"0\" scrolling=\"no\"><\/iframe>\n<\/div><\/figure>\n\n\n\n<p>\u201cS\u00ed creo que el Partido (Justicialista) deber\u00eda darle a todos aquellos que quieran presentarse, la posibilidad de imprimir la boleta, pagar los gastos de fiscalizaci\u00f3n del proceso electoral y dejar que compitan eligiendo a qu\u00e9 candidato se suman, habida cuenta que dadas como est\u00e1n las cosas, todo indica que en el peronismo nacional no vamos hacia una f\u00f3rmula de consenso, sino que vamos a competir en las PASO\u201d, explic\u00f3.<\/p>\n\n\n\n<p>\u201cEl aclarar que no tenemos candidatos a diputados nacionales implica dejar por sentado las operaciones medi\u00e1ticas que han hecho con Daniel Lovera\u201d, sostuvo. \u201cEl fue elegido como diputado provincial por el pueblo de la Provincia y va a cumplir con esa responsabilidad; nunca ha sido ni ser\u00e1 un candidato testimonial, y tampoco ser\u00e1 un diputado \u2018levantamanos\u2019. Daniel va a apoyar al Gobierno provincial, va a apoyar a Sergio, pero los proyectos de ley que lleguen a la C\u00e1mara seguramente van a tener que ser explicados por parte de los funcionarios del Ejecutivo. Creo que hay varios funcionarios que prefieren a los \u2018levantamanos\u2019 en lugar de los legisladores que leen los proyectos y plantean opiniones propias\u201d.<\/p>\n\n\n\n<p><\/p>\n\n\n\n<figure class=\"wp-block-embed is-type-wp-embed is-provider-diario-textual wp-block-embed-diario-textual\"><div class=\"wp-block-embed__wrapper\">\n<blockquote class=\"wp-embedded-content\" data-secret=\"U9filpymv5\"><a href=\"https:\/\/diariotextual.com\/inicio\/index.php\/2023\/05\/29\/legislativas-verna-ziliotto-y-los-intendentes-los-tres-avales-que-esperan-los-candidatos\/\">Legislativas: Verna, Ziliotto y los intendentes, los tres \u201cavales\u201d que esperan los candidatos<\/a><\/blockquote><iframe class=\"wp-embedded-content\" sandbox=\"allow-scripts\" security=\"restricted\" style=\"position: absolute; clip: rect(1px, 1px, 1px, 1px);\" title=\"\u00abLegislativas: Verna, Ziliotto y los intendentes, los tres \u201cavales\u201d que esperan los candidatos\u00bb \u2014 Diario Textual\" src=\"https:\/\/diariotextual.com\/inicio\/index.php\/2023\/05\/29\/legislativas-verna-ziliotto-y-los-intendentes-los-tres-avales-que-esperan-los-candidatos\/embed\/#?secret=lQ9UPiVfeJ#?secret=U9filpymv5\" data-secret=\"U9filpymv5\" width=\"600\" height=\"338\" frameborder=\"0\" marginwidth=\"0\" marginheight=\"0\" scrolling=\"no\"><\/iframe>\n<\/div><\/figure>\n\n\n\n<p><\/p>\n\n\n\n<p>Tambi\u00e9n, en otro tramo de la entrevista con La Reforma, dijo que <strong>siente \u201cfrustraci\u00f3n\u201d por el Gobierno de Alberto Fern\u00e1ndez. <\/strong>\u201cNosotros le prometimos a la gente cosas que no se cumplieron. Cuando me reun\u00ed con la militancia de Pico les dije que a la gente, antes de pedirle el voto, hab\u00eda que pedirle disculpas. Nosotros les hab\u00edamos prometido que los sueldos le iban a ganar a la inflaci\u00f3n, que las jubilaciones le iban a ganar a la inflaci\u00f3n, y eso no sucedi\u00f3\u201d, dijo.<\/p>\n\n\n\n<p>\u201cPrometimos eso porque es lo que nos dijeron quienes hoy est\u00e1n en el Gobierno nacional y no ocurri\u00f3, no s\u00e9 si porque no supieron, no pudieron o no quisieron. Le prometimos a la gente que la heladera iba a estar llena, y est\u00e1 llena de calcoman\u00edas, no de deliverys, sino con los n\u00fameros de la Polic\u00eda, los bomberos o la ambulancia, o alg\u00fan sostenedor magn\u00e9tico donde est\u00e1n las boletas de Corpico o Camuzzi que la gente tiene dificultades para pagar. Los que est\u00e1n hoy en el Gobierno nacional nos hab\u00edan dicho que la heladera iba a estar llena, por eso lo prometimos. Le dijimos a la gente que iba a poder comer asado todos los domingos y hoy est\u00e1 a dos mil pesos el kilo\u2019\u201d remarc\u00f3.<\/p>\n\n\n\n<p>\u201cSiento frustraci\u00f3n con el Gobierno de Alberto Fern\u00e1ndez, porque no logr\u00f3 los objetivos propuestos. Debimos haber discutido mejor con el FMI, no llegando a la instancia final donde las \u00fanicas alternativas eran el default o pagar&#8230;, antes hubo tiempo y espacio teniendo en cuenta que el cr\u00e9dito era ilegal. A la Argentina le dieron un pr\u00e9stamo que exced\u00eda largamente la capacidad de cr\u00e9dito que tiene el Fondo, y eso es una responsabilidad pol\u00edtica de los funcionarios de ese organismo, que dieron un cr\u00e9dito pol\u00edtico, por lo tanto, la soluci\u00f3n debi\u00f3 ser pol\u00edtica. Pese a eso ganamos en La Pampa ganamos una elecci\u00f3n sumamente dif\u00edcil, porque hay una inflaci\u00f3n que supera el 100 por ciento anual y en la \u00faltima semana antes se publicaron los n\u00fameros del INDEC, del 8,4 por ciento. Es cierto que creci\u00f3 el trabajo, pero el salario est\u00e1 en una situaci\u00f3n hist\u00f3ricamente muy baja, algunos dirigentes de la coalici\u00f3n que gobierna la Argentina han dicho, con raz\u00f3n, que es la primera vez que el peronismo gobierna y los trabajadores registrados, en blanco, tienen salarios por debajo de la l\u00ednea de pobreza, eso no hab\u00eda pasado nunca\u201d, manifest\u00f3.<\/p>\n","protected":false},"excerpt":{"rendered":"<p>Un escenario complicad\u00edsimo para el peronismo, que puede terminar en derrota, convenci\u00f3 a Carlos Verna: su l\u00ednea Plural, que tambi\u00e9n integra el gobernador Sergio Ziliotto, no tendr\u00e1 candidatos a diputados&hellip;<\/p>\n","protected":false},"author":3,"featured_media":166380,"comment_status":"closed","ping_status":"open","sticky":false,"template":"","format":"standard","meta":{"_acf_changed":false,"footnotes":""},"categories":[10,8],"tags":[],"class_list":["post-226732","post","type-post","status-publish","format-standard","has-post-thumbnail","hentry","category-portada-2","category-politica"],"acf":[],"yoast_head":"<!-- This site is optimized with the Yoast SEO plugin v27.5 - https:\/\/yoast.com\/product\/yoast-seo-wordpress\/ -->\n<title>\u201cPerdimos la provincia\u201d: Verna confirm\u00f3 que no lleva candidatos a las legislativas - Diario Textual<\/title>\n<meta name=\"robots\" content=\"index, follow, max-snippet:-1, max-image-preview:large, max-video-preview:-1\" \/>\n<link rel=\"canonical\" href=\"https:\/\/diariotextual.com\/inicio\/index.php\/2023\/05\/29\/legislativas-verna-confirma-que-la-plural-no-pondra-candidatos\/\" \/>\n<meta property=\"og:locale\" content=\"es_ES\" \/>\n<meta property=\"og:type\" content=\"article\" \/>\n<meta property=\"og:title\" content=\"\u201cPerdimos la provincia\u201d: Verna confirm\u00f3 que no lleva candidatos a las legislativas - Diario Textual\" \/>\n<meta property=\"og:description\" content=\"Un escenario complicad\u00edsimo para el peronismo, que puede terminar en derrota, convenci\u00f3 a Carlos Verna: su l\u00ednea Plural, que tambi\u00e9n integra el gobernador Sergio Ziliotto, no tendr\u00e1 candidatos a diputados&hellip;\" \/>\n<meta property=\"og:url\" content=\"https:\/\/diariotextual.com\/inicio\/index.php\/2023\/05\/29\/legislativas-verna-confirma-que-la-plural-no-pondra-candidatos\/\" \/>\n<meta property=\"og:site_name\" content=\"Diario Textual\" \/>\n<meta property=\"article:publisher\" content=\"https:\/\/www.facebook.com\/eltextual\" \/>\n<meta property=\"article:published_time\" content=\"2023-05-29T13:48:00+00:00\" \/>\n<meta property=\"article:modified_time\" content=\"2023-05-29T15:32:50+00:00\" \/>\n<meta property=\"og:image\" content=\"https:\/\/diariotextual.com\/inicio\/wp-content\/uploads\/2021\/10\/vernacarlos0006.jpg\" \/>\n\t<meta property=\"og:image:width\" content=\"865\" \/>\n\t<meta property=\"og:image:height\" content=\"571\" \/>\n\t<meta property=\"og:image:type\" content=\"image\/jpeg\" \/>\n<meta name=\"author\" content=\"Diario1 Diario1\" \/>\n<meta name=\"twitter:card\" content=\"summary_large_image\" \/>\n<meta name=\"twitter:creator\" content=\"@eltextual\" \/>\n<meta name=\"twitter:site\" content=\"@eltextual\" \/>\n<meta name=\"twitter:label1\" content=\"Escrito por\" \/>\n\t<meta name=\"twitter:data1\" content=\"Diario1 Diario1\" \/>\n\t<meta name=\"twitter:label2\" content=\"Tiempo de lectura\" \/>\n\t<meta name=\"twitter:data2\" content=\"5 minutos\" \/>\n<script type=\"application\/ld+json\" class=\"yoast-schema-graph\">{\"@context\":\"https:\\\/\\\/schema.org\",\"@graph\":[{\"@type\":\"Article\",\"@id\":\"https:\\\/\\\/diariotextual.com\\\/inicio\\\/index.php\\\/2023\\\/05\\\/29\\\/legislativas-verna-confirma-que-la-plural-no-pondra-candidatos\\\/#article\",\"isPartOf\":{\"@id\":\"https:\\\/\\\/diariotextual.com\\\/inicio\\\/index.php\\\/2023\\\/05\\\/29\\\/legislativas-verna-confirma-que-la-plural-no-pondra-candidatos\\\/\"},\"author\":{\"name\":\"Diario1 Diario1\",\"@id\":\"https:\\\/\\\/diariotextual.com\\\/inicio\\\/#\\\/schema\\\/person\\\/418fc4093c33e86ed41562db3508f958\"},\"headline\":\"\u201cPerdimos la provincia\u201d: Verna confirm\u00f3 que no lleva candidatos a las legislativas\",\"datePublished\":\"2023-05-29T13:48:00+00:00\",\"dateModified\":\"2023-05-29T15:32:50+00:00\",\"mainEntityOfPage\":{\"@id\":\"https:\\\/\\\/diariotextual.com\\\/inicio\\\/index.php\\\/2023\\\/05\\\/29\\\/legislativas-verna-confirma-que-la-plural-no-pondra-candidatos\\\/\"},\"wordCount\":1163,\"publisher\":{\"@id\":\"https:\\\/\\\/diariotextual.com\\\/inicio\\\/#organization\"},\"image\":{\"@id\":\"https:\\\/\\\/diariotextual.com\\\/inicio\\\/index.php\\\/2023\\\/05\\\/29\\\/legislativas-verna-confirma-que-la-plural-no-pondra-candidatos\\\/#primaryimage\"},\"thumbnailUrl\":\"https:\\\/\\\/diariotextual.com\\\/inicio\\\/wp-content\\\/uploads\\\/2021\\\/10\\\/vernacarlos0006.jpg\",\"articleSection\":[\"A - PORTADA2\",\"POLITICA\"],\"inLanguage\":\"es\"},{\"@type\":\"WebPage\",\"@id\":\"https:\\\/\\\/diariotextual.com\\\/inicio\\\/index.php\\\/2023\\\/05\\\/29\\\/legislativas-verna-confirma-que-la-plural-no-pondra-candidatos\\\/\",\"url\":\"https:\\\/\\\/diariotextual.com\\\/inicio\\\/index.php\\\/2023\\\/05\\\/29\\\/legislativas-verna-confirma-que-la-plural-no-pondra-candidatos\\\/\",\"name\":\"\u201cPerdimos la provincia\u201d: Verna confirm\u00f3 que no lleva candidatos a las legislativas - Diario Textual\",\"isPartOf\":{\"@id\":\"https:\\\/\\\/diariotextual.com\\\/inicio\\\/#website\"},\"primaryImageOfPage\":{\"@id\":\"https:\\\/\\\/diariotextual.com\\\/inicio\\\/index.php\\\/2023\\\/05\\\/29\\\/legislativas-verna-confirma-que-la-plural-no-pondra-candidatos\\\/#primaryimage\"},\"image\":{\"@id\":\"https:\\\/\\\/diariotextual.com\\\/inicio\\\/index.php\\\/2023\\\/05\\\/29\\\/legislativas-verna-confirma-que-la-plural-no-pondra-candidatos\\\/#primaryimage\"},\"thumbnailUrl\":\"https:\\\/\\\/diariotextual.com\\\/inicio\\\/wp-content\\\/uploads\\\/2021\\\/10\\\/vernacarlos0006.jpg\",\"datePublished\":\"2023-05-29T13:48:00+00:00\",\"dateModified\":\"2023-05-29T15:32:50+00:00\",\"breadcrumb\":{\"@id\":\"https:\\\/\\\/diariotextual.com\\\/inicio\\\/index.php\\\/2023\\\/05\\\/29\\\/legislativas-verna-confirma-que-la-plural-no-pondra-candidatos\\\/#breadcrumb\"},\"inLanguage\":\"es\",\"potentialAction\":[{\"@type\":\"ReadAction\",\"target\":[\"https:\\\/\\\/diariotextual.com\\\/inicio\\\/index.php\\\/2023\\\/05\\\/29\\\/legislativas-verna-confirma-que-la-plural-no-pondra-candidatos\\\/\"]}]},{\"@type\":\"ImageObject\",\"inLanguage\":\"es\",\"@id\":\"https:\\\/\\\/diariotextual.com\\\/inicio\\\/index.php\\\/2023\\\/05\\\/29\\\/legislativas-verna-confirma-que-la-plural-no-pondra-candidatos\\\/#primaryimage\",\"url\":\"https:\\\/\\\/diariotextual.com\\\/inicio\\\/wp-content\\\/uploads\\\/2021\\\/10\\\/vernacarlos0006.jpg\",\"contentUrl\":\"https:\\\/\\\/diariotextual.com\\\/inicio\\\/wp-content\\\/uploads\\\/2021\\\/10\\\/vernacarlos0006.jpg\",\"width\":865,\"height\":571},{\"@type\":\"BreadcrumbList\",\"@id\":\"https:\\\/\\\/diariotextual.com\\\/inicio\\\/index.php\\\/2023\\\/05\\\/29\\\/legislativas-verna-confirma-que-la-plural-no-pondra-candidatos\\\/#breadcrumb\",\"itemListElement\":[{\"@type\":\"ListItem\",\"position\":1,\"name\":\"Portada\",\"item\":\"https:\\\/\\\/diariotextual.com\\\/inicio\\\/\"},{\"@type\":\"ListItem\",\"position\":2,\"name\":\"\u201cPerdimos la provincia\u201d: Verna confirm\u00f3 que no lleva candidatos a las legislativas\"}]},{\"@type\":\"WebSite\",\"@id\":\"https:\\\/\\\/diariotextual.com\\\/inicio\\\/#website\",\"url\":\"https:\\\/\\\/diariotextual.com\\\/inicio\\\/\",\"name\":\"Diario Textual\",\"description\":\"\",\"publisher\":{\"@id\":\"https:\\\/\\\/diariotextual.com\\\/inicio\\\/#organization\"},\"potentialAction\":[{\"@type\":\"SearchAction\",\"target\":{\"@type\":\"EntryPoint\",\"urlTemplate\":\"https:\\\/\\\/diariotextual.com\\\/inicio\\\/?s={search_term_string}\"},\"query-input\":{\"@type\":\"PropertyValueSpecification\",\"valueRequired\":true,\"valueName\":\"search_term_string\"}}],\"inLanguage\":\"es\"},{\"@type\":\"Organization\",\"@id\":\"https:\\\/\\\/diariotextual.com\\\/inicio\\\/#organization\",\"name\":\"Diario Textual\",\"url\":\"https:\\\/\\\/diariotextual.com\\\/inicio\\\/\",\"logo\":{\"@type\":\"ImageObject\",\"inLanguage\":\"es\",\"@id\":\"https:\\\/\\\/diariotextual.com\\\/inicio\\\/#\\\/schema\\\/logo\\\/image\\\/\",\"url\":\"https:\\\/\\\/diariotextual.com\\\/inicio\\\/wp-content\\\/uploads\\\/2023\\\/05\\\/logotextual1.jpg\",\"contentUrl\":\"https:\\\/\\\/diariotextual.com\\\/inicio\\\/wp-content\\\/uploads\\\/2023\\\/05\\\/logotextual1.jpg\",\"width\":516,\"height\":76,\"caption\":\"Diario Textual\"},\"image\":{\"@id\":\"https:\\\/\\\/diariotextual.com\\\/inicio\\\/#\\\/schema\\\/logo\\\/image\\\/\"},\"sameAs\":[\"https:\\\/\\\/www.facebook.com\\\/eltextual\",\"https:\\\/\\\/x.com\\\/eltextual\",\"http:\\\/\\\/www.instagram.com\\\/eltextual\"]},{\"@type\":\"Person\",\"@id\":\"https:\\\/\\\/diariotextual.com\\\/inicio\\\/#\\\/schema\\\/person\\\/418fc4093c33e86ed41562db3508f958\",\"name\":\"Diario1 Diario1\",\"image\":{\"@type\":\"ImageObject\",\"inLanguage\":\"es\",\"@id\":\"https:\\\/\\\/secure.gravatar.com\\\/avatar\\\/9167d280179c85bc18be67aa7eda765854300033af4896dd779b608640f2ef7a?s=96&d=mm&r=g\",\"url\":\"https:\\\/\\\/secure.gravatar.com\\\/avatar\\\/9167d280179c85bc18be67aa7eda765854300033af4896dd779b608640f2ef7a?s=96&d=mm&r=g\",\"contentUrl\":\"https:\\\/\\\/secure.gravatar.com\\\/avatar\\\/9167d280179c85bc18be67aa7eda765854300033af4896dd779b608640f2ef7a?s=96&d=mm&r=g\",\"caption\":\"Diario1 Diario1\"},\"url\":\"https:\\\/\\\/diariotextual.com\\\/inicio\\\/index.php\\\/author\\\/diario1\\\/\"}]}<\/script>\n<!-- \/ Yoast SEO plugin. -->","yoast_head_json":{"title":"\u201cPerdimos la provincia\u201d: Verna confirm\u00f3 que no lleva candidatos a las legislativas - Diario Textual","robots":{"index":"index","follow":"follow","max-snippet":"max-snippet:-1","max-image-preview":"max-image-preview:large","max-video-preview":"max-video-preview:-1"},"canonical":"https:\/\/diariotextual.com\/inicio\/index.php\/2023\/05\/29\/legislativas-verna-confirma-que-la-plural-no-pondra-candidatos\/","og_locale":"es_ES","og_type":"article","og_title":"\u201cPerdimos la provincia\u201d: Verna confirm\u00f3 que no lleva candidatos a las legislativas - Diario Textual","og_description":"Un escenario complicad\u00edsimo para el peronismo, que puede terminar en derrota, convenci\u00f3 a Carlos Verna: su l\u00ednea Plural, que tambi\u00e9n integra el gobernador Sergio Ziliotto, no tendr\u00e1 candidatos a diputados&hellip;","og_url":"https:\/\/diariotextual.com\/inicio\/index.php\/2023\/05\/29\/legislativas-verna-confirma-que-la-plural-no-pondra-candidatos\/","og_site_name":"Diario Textual","article_publisher":"https:\/\/www.facebook.com\/eltextual","article_published_time":"2023-05-29T13:48:00+00:00","article_modified_time":"2023-05-29T15:32:50+00:00","og_image":[{"width":865,"height":571,"url":"https:\/\/diariotextual.com\/inicio\/wp-content\/uploads\/2021\/10\/vernacarlos0006.jpg","type":"image\/jpeg"}],"author":"Diario1 Diario1","twitter_card":"summary_large_image","twitter_creator":"@eltextual","twitter_site":"@eltextual","twitter_misc":{"Escrito por":"Diario1 Diario1","Tiempo de lectura":"5 minutos"},"schema":{"@context":"https:\/\/schema.org","@graph":[{"@type":"Article","@id":"https:\/\/diariotextual.com\/inicio\/index.php\/2023\/05\/29\/legislativas-verna-confirma-que-la-plural-no-pondra-candidatos\/#article","isPartOf":{"@id":"https:\/\/diariotextual.com\/inicio\/index.php\/2023\/05\/29\/legislativas-verna-confirma-que-la-plural-no-pondra-candidatos\/"},"author":{"name":"Diario1 Diario1","@id":"https:\/\/diariotextual.com\/inicio\/#\/schema\/person\/418fc4093c33e86ed41562db3508f958"},"headline":"\u201cPerdimos la provincia\u201d: Verna confirm\u00f3 que no lleva candidatos a las legislativas","datePublished":"2023-05-29T13:48:00+00:00","dateModified":"2023-05-29T15:32:50+00:00","mainEntityOfPage":{"@id":"https:\/\/diariotextual.com\/inicio\/index.php\/2023\/05\/29\/legislativas-verna-confirma-que-la-plural-no-pondra-candidatos\/"},"wordCount":1163,"publisher":{"@id":"https:\/\/diariotextual.com\/inicio\/#organization"},"image":{"@id":"https:\/\/diariotextual.com\/inicio\/index.php\/2023\/05\/29\/legislativas-verna-confirma-que-la-plural-no-pondra-candidatos\/#primaryimage"},"thumbnailUrl":"https:\/\/diariotextual.com\/inicio\/wp-content\/uploads\/2021\/10\/vernacarlos0006.jpg","articleSection":["A - PORTADA2","POLITICA"],"inLanguage":"es"},{"@type":"WebPage","@id":"https:\/\/diariotextual.com\/inicio\/index.php\/2023\/05\/29\/legislativas-verna-confirma-que-la-plural-no-pondra-candidatos\/","url":"https:\/\/diariotextual.com\/inicio\/index.php\/2023\/05\/29\/legislativas-verna-confirma-que-la-plural-no-pondra-candidatos\/","name":"\u201cPerdimos la provincia\u201d: Verna confirm\u00f3 que no lleva candidatos a las legislativas - Diario Textual","isPartOf":{"@id":"https:\/\/diariotextual.com\/inicio\/#website"},"primaryImageOfPage":{"@id":"https:\/\/diariotextual.com\/inicio\/index.php\/2023\/05\/29\/legislativas-verna-confirma-que-la-plural-no-pondra-candidatos\/#primaryimage"},"image":{"@id":"https:\/\/diariotextual.com\/inicio\/index.php\/2023\/05\/29\/legislativas-verna-confirma-que-la-plural-no-pondra-candidatos\/#primaryimage"},"thumbnailUrl":"https:\/\/diariotextual.com\/inicio\/wp-content\/uploads\/2021\/10\/vernacarlos0006.jpg","datePublished":"2023-05-29T13:48:00+00:00","dateModified":"2023-05-29T15:32:50+00:00","breadcrumb":{"@id":"https:\/\/diariotextual.com\/inicio\/index.php\/2023\/05\/29\/legislativas-verna-confirma-que-la-plural-no-pondra-candidatos\/#breadcrumb"},"inLanguage":"es","potentialAction":[{"@type":"ReadAction","target":["https:\/\/diariotextual.com\/inicio\/index.php\/2023\/05\/29\/legislativas-verna-confirma-que-la-plural-no-pondra-candidatos\/"]}]},{"@type":"ImageObject","inLanguage":"es","@id":"https:\/\/diariotextual.com\/inicio\/index.php\/2023\/05\/29\/legislativas-verna-confirma-que-la-plural-no-pondra-candidatos\/#primaryimage","url":"https:\/\/diariotextual.com\/inicio\/wp-content\/uploads\/2021\/10\/vernacarlos0006.jpg","contentUrl":"https:\/\/diariotextual.com\/inicio\/wp-content\/uploads\/2021\/10\/vernacarlos0006.jpg","width":865,"height":571},{"@type":"BreadcrumbList","@id":"https:\/\/diariotextual.com\/inicio\/index.php\/2023\/05\/29\/legislativas-verna-confirma-que-la-plural-no-pondra-candidatos\/#breadcrumb","itemListElement":[{"@type":"ListItem","position":1,"name":"Portada","item":"https:\/\/diariotextual.com\/inicio\/"},{"@type":"ListItem","position":2,"name":"\u201cPerdimos la provincia\u201d: Verna confirm\u00f3 que no lleva candidatos a las legislativas"}]},{"@type":"WebSite","@id":"https:\/\/diariotextual.com\/inicio\/#website","url":"https:\/\/diariotextual.com\/inicio\/","name":"Diario Textual","description":"","publisher":{"@id":"https:\/\/diariotextual.com\/inicio\/#organization"},"potentialAction":[{"@type":"SearchAction","target":{"@type":"EntryPoint","urlTemplate":"https:\/\/diariotextual.com\/inicio\/?s={search_term_string}"},"query-input":{"@type":"PropertyValueSpecification","valueRequired":true,"valueName":"search_term_string"}}],"inLanguage":"es"},{"@type":"Organization","@id":"https:\/\/diariotextual.com\/inicio\/#organization","name":"Diario Textual","url":"https:\/\/diariotextual.com\/inicio\/","logo":{"@type":"ImageObject","inLanguage":"es","@id":"https:\/\/diariotextual.com\/inicio\/#\/schema\/logo\/image\/","url":"https:\/\/diariotextual.com\/inicio\/wp-content\/uploads\/2023\/05\/logotextual1.jpg","contentUrl":"https:\/\/diariotextual.com\/inicio\/wp-content\/uploads\/2023\/05\/logotextual1.jpg","width":516,"height":76,"caption":"Diario Textual"},"image":{"@id":"https:\/\/diariotextual.com\/inicio\/#\/schema\/logo\/image\/"},"sameAs":["https:\/\/www.facebook.com\/eltextual","https:\/\/x.com\/eltextual","http:\/\/www.instagram.com\/eltextual"]},{"@type":"Person","@id":"https:\/\/diariotextual.com\/inicio\/#\/schema\/person\/418fc4093c33e86ed41562db3508f958","name":"Diario1 Diario1","image":{"@type":"ImageObject","inLanguage":"es","@id":"https:\/\/secure.gravatar.com\/avatar\/9167d280179c85bc18be67aa7eda765854300033af4896dd779b608640f2ef7a?s=96&d=mm&r=g","url":"https:\/\/secure.gravatar.com\/avatar\/9167d280179c85bc18be67aa7eda765854300033af4896dd779b608640f2ef7a?s=96&d=mm&r=g","contentUrl":"https:\/\/secure.gravatar.com\/avatar\/9167d280179c85bc18be67aa7eda765854300033af4896dd779b608640f2ef7a?s=96&d=mm&r=g","caption":"Diario1 Diario1"},"url":"https:\/\/diariotextual.com\/inicio\/index.php\/author\/diario1\/"}]}},"_links":{"self":[{"href":"https:\/\/diariotextual.com\/inicio\/index.php\/wp-json\/wp\/v2\/posts\/226732","targetHints":{"allow":["GET"]}}],"collection":[{"href":"https:\/\/diariotextual.com\/inicio\/index.php\/wp-json\/wp\/v2\/posts"}],"about":[{"href":"https:\/\/diariotextual.com\/inicio\/index.php\/wp-json\/wp\/v2\/types\/post"}],"author":[{"embeddable":true,"href":"https:\/\/diariotextual.com\/inicio\/index.php\/wp-json\/wp\/v2\/users\/3"}],"replies":[{"embeddable":true,"href":"https:\/\/diariotextual.com\/inicio\/index.php\/wp-json\/wp\/v2\/comments?post=226732"}],"version-history":[{"count":23,"href":"https:\/\/diariotextual.com\/inicio\/index.php\/wp-json\/wp\/v2\/posts\/226732\/revisions"}],"predecessor-version":[{"id":226790,"href":"https:\/\/diariotextual.com\/inicio\/index.php\/wp-json\/wp\/v2\/posts\/226732\/revisions\/226790"}],"wp:featuredmedia":[{"embeddable":true,"href":"https:\/\/diariotextual.com\/inicio\/index.php\/wp-json\/wp\/v2\/media\/166380"}],"wp:attachment":[{"href":"https:\/\/diariotextual.com\/inicio\/index.php\/wp-json\/wp\/v2\/media?parent=226732"}],"wp:term":[{"taxonomy":"category","embeddable":true,"href":"https:\/\/diariotextual.com\/inicio\/index.php\/wp-json\/wp\/v2\/categories?post=226732"},{"taxonomy":"post_tag","embeddable":true,"href":"https:\/\/diariotextual.com\/inicio\/index.php\/wp-json\/wp\/v2\/tags?post=226732"}],"curies":[{"name":"wp","href":"https:\/\/api.w.org\/{rel}","templated":true}]}}