{"id":226801,"date":"2023-05-29T12:28:10","date_gmt":"2023-05-29T15:28:10","guid":{"rendered":"https:\/\/diariotextual.com\/inicio\/?p=226801"},"modified":"2023-05-29T12:28:13","modified_gmt":"2023-05-29T15:28:13","slug":"intento-de-asesinato-a-cristina-kirchner-un-fiscal-pide-enviar-a-juicio-a-los-detenidos","status":"publish","type":"post","link":"https:\/\/diariotextual.com\/inicio\/index.php\/2023\/05\/29\/intento-de-asesinato-a-cristina-kirchner-un-fiscal-pide-enviar-a-juicio-a-los-detenidos\/","title":{"rendered":"Intento de asesinato a Cristina Kirchner: un fiscal pide enviar a juicio a los detenidos"},"content":{"rendered":"\n<p>El fiscal federal Carlos R\u00edvolo pidi\u00f3 enviar a juicio a <strong>Fernando Sabag Montiel y a su novia Brenda Uliarte <\/strong>como coautores del<strong> intento de asesinato <\/strong>de la vicepresidenta de la Naci\u00f3n, Cristina kirchner, el pasado 1 de septiembre en inmediaciones de su departamento de Recoleta.<\/p>\n\n\n\n<p>Tambi\u00e9n insisti\u00f3 en que vaya a juicio el denominado \u201cjefe de los copitos\u201d, Nicol\u00e1s Carrizo, como part\u00edcipe secundario<\/p>\n\n\n\n<p>La fiscal\u00eda, la cual tiene delegada la investigaci\u00f3n, es quien hizo el pedido en momentos en que la Vicepresidenta quien es querellante en la causa solicita m\u00e1s medidas de prueba y vincula a sectores de la oposici\u00f3n como ser el diputado de Juntos por el Cambio Gerardo Milman.<\/p>\n\n\n\n<p>Es que 48 horas antes del atentado, un asesor legislativo del bloque de Frente de Todos declar\u00f3 que en un caf\u00e9 cercano al Congreso hubo una reuni\u00f3n entre Milman y dos asesoras suyas, y en el que el legislador le dijo que ten\u00eda previsto irse a la Costa Atl\u00e1ntica \u201ccuando la maten\u201d a la vicepresidenta.<\/p>\n\n\n\n<p>Si bien Milman no fue imputado s\u00ed se est\u00e1 investigando a sus secretarias sobre si dijeron o no la verdad respecto a que eso que se le atribuye a Milman es falso.<\/p>\n\n\n\n<p>En el pedido hecho ante la jueza federal Mar\u00eda Eugenia Capuchetti, el fiscal asegur\u00f3 que los acusados actuaron de forma \u201cpremeditada\u201d esto es que \u201chab\u00edan ideado un plan para llevar a cabo el asesinato\u201d de Cristina Kirchner.<\/p>\n\n\n\n<p>\u201cAprovech\u00e1ndose de la confusi\u00f3n y desprolijidad que generaba la multitud de personas, Sabag Montiel extiende su brazo para pasar la primera l\u00ednea de individuos que conformaban un cord\u00f3n humano frente a la vicepresidenta, apunta el arma de fuego que portaba en direcci\u00f3n a su rostro, la acerca a escasos cent\u00edmetros y acciona el gatillo, al menos en una oportunidad, lleg\u00e1ndose a escuchar incluso el click\u201d, detall\u00f3 la fiscal\u00eda.<\/p>\n\n\n\n<p>La acci\u00f3n de Sabag Montiel fue interrumpida primero por los militantes que aguardaban saludar a la vicepresidenta en la puerta de su casa, y luego por los custodios de la Polic\u00eda Federal a cargo del cuidado de Cristina Kirchner.<\/p>\n\n\n\n<p>Adem\u00e1s de contar con las im\u00e1genes de las c\u00e1maras de seguridad y de las tantas que ese d\u00eda estaban presentes en el departamento de la vicepresidenta, el fiscal se vali\u00f3 de otra gran cantidad de pruebas. Entre ellas de los mensajes entre Sabag Montiel y Uliarte se mandaron planificando el hecho desde muchos d\u00edas antes, incluso con la idea de llevarlo a cabo antes, y de los que ellos tuvieron con terceras personas.<\/p>\n\n\n\n<p>Tal fue la planificaci\u00f3n que hasta idearon alquilar un inmueble cercano a la vivienda de la vicepresidenta y desde un balc\u00f3n atentar con un arma de fuego, algo que finalmente desistieron seg\u00fan surge de esas conversaciones.<\/p>\n\n\n\n<p>Respeto a Carrizo, detenido semanas despu\u00e9s del hecho, la fiscal\u00eda valor\u00f3 una conversaci\u00f3n minutos despu\u00e9s del fallido atentado entre \u00e9l y Uliarte, donde \u00e9l pensaba que Sabag Montiel hab\u00eda utilizado un arma de fuego provista por \u00e9l.<\/p>\n\n\n\n<p>\u201cEstamos decididos a matarla a la puta esa\u201d, dijo Carrizo quien adem\u00e1s mantuvo una conversaci\u00f3n con otras personas donde les hac\u00eda saber que \u00e9l hab\u00eda participado en la planificaci\u00f3n del hecho.<\/p>\n\n\n\n<p>\u201cCorresponde mencionar que, durante la instrucci\u00f3n, al menos hasta este momento y luego de haberse producido numerosas medidas tanto por esta Fiscal\u00eda como por la Procuradur\u00eda de Criminalidad Econ\u00f3mica y Lavado de Activos (PROCELAC), no se ha podido corroborar, tanto que el ataque investigado haya requerido de una financiaci\u00f3n espec\u00edfica, como que los imputados hubieren recibido financiaci\u00f3n externa o pago alguno para llevarlo adelante\u201d, concluy\u00f3 la fiscal\u00eda.<\/p>\n\n\n\n<p>\u201cRespecto a la financiaci\u00f3n del ataque, resulta objetivo e incontrastable que la log\u00edstica y la materialidad del acto en s\u00ed, no requiri\u00f3 de una gran inversi\u00f3n de dinero u otros recursos, dijo el fiscal y tuvo en cuenta que el arma utilizada incluso pudo llegar de forma gratuita a Sabag Montiel ya que la misma pertenec\u00eda a un amigo suyo que hab\u00eda fallecido tiempo atr\u00e1s y con el cual el ahora acusado hab\u00eda convivido.<\/p>\n\n\n\n<p>\u201cEn cuanto a una posible financiaci\u00f3n o pago directo a los imputados, la prueba incorporada tambi\u00e9n permite, por el momento, descartarlos. Sobre ello, indic\u00f3 que Sabag Montiel apenas ten\u00eda ingresos de dinero por trabajar con una aplicaci\u00f3n de traslados y ella contaba con un plan asistencial de la ANSES. Carrizo era quien les hab\u00eda cedido a ellos la maquina de hacer copitos de az\u00facar para poder trabajar en venta ambulante en la v\u00eda p\u00fablica.<\/p>\n\n\n\n<p>\u201cLos nombrados no recibieron durante los dos a\u00f1os previos al atentado ninguna suma de dinero que hiciera presumir que hubiesen sido financiados para llevar adelante un hecho como el aqu\u00ed investigado, pues todas las transferencias e ingresos analizados guardan absoluta correlaci\u00f3n con las actividades informales que los nombrados realizaban para subsistir\u201d, indic\u00f3 la fiscal\u00eda.<\/p>\n\n\n\n<p>Tambi\u00e9n R\u00edvolo se refiri\u00f3 a la posible vinculaci\u00f3n de los imputados con alg\u00fan partido pol\u00edtico o agrupaci\u00f3n. \u201cNo surgi\u00f3 v\u00ednculo alguno de los nombrados con ninguna agrupaci\u00f3n o persona que a esta altura permitiera siquiera sospechar sobre la posibilidad de que se les hubiese brindado asistencia para el suceso\u201d, dijo.<\/p>\n\n\n\n<p>\u201cTampoco lo dicho por los testigos apunt\u00f3 en direcci\u00f3n a terceras personas, o a la relaci\u00f3n de los imputados con agrupaciones o partidos pol\u00edticos, etc. Toda la prueba reunida hasta aqu\u00ed revela que los imputados llevaron a cabo el acto por s\u00ed solos\u201d, sostuvo.<\/p>\n\n\n\n<p>Ahora la jueza correr\u00e1 vista a las partes, defensas y querella para que opinen, y luego definir\u00e1 si la causa pasa a instancias de juicio oral para juzgar a los 3 detenidos. No obstante, un tramo de la causa podr\u00eda seguir bajo investigaci\u00f3n si faltan medidas de prueba por delante.<\/p>\n","protected":false},"excerpt":{"rendered":"<p>El fiscal federal Carlos R\u00edvolo pidi\u00f3 enviar a juicio a Fernando Sabag Montiel y a su novia Brenda Uliarte como coautores del intento de asesinato de la vicepresidenta de la&hellip;<\/p>\n","protected":false},"author":4,"featured_media":199150,"comment_status":"closed","ping_status":"open","sticky":false,"template":"","format":"standard","meta":{"_acf_changed":false,"footnotes":""},"categories":[1,8],"tags":[],"class_list":["post-226801","post","type-post","status-publish","format-standard","has-post-thumbnail","hentry","category-es-noticia","category-politica"],"acf":[],"yoast_head":"<!-- This site is optimized with the Yoast SEO plugin v27.5 - https:\/\/yoast.com\/product\/yoast-seo-wordpress\/ -->\n<title>Intento de asesinato a Cristina Kirchner: un fiscal pide enviar a juicio a los detenidos - Diario Textual<\/title>\n<meta name=\"robots\" content=\"index, follow, max-snippet:-1, max-image-preview:large, max-video-preview:-1\" \/>\n<link rel=\"canonical\" href=\"https:\/\/diariotextual.com\/inicio\/index.php\/2023\/05\/29\/intento-de-asesinato-a-cristina-kirchner-un-fiscal-pide-enviar-a-juicio-a-los-detenidos\/\" \/>\n<meta property=\"og:locale\" content=\"es_ES\" \/>\n<meta property=\"og:type\" content=\"article\" \/>\n<meta property=\"og:title\" content=\"Intento de asesinato a Cristina Kirchner: un fiscal pide enviar a juicio a los detenidos - Diario Textual\" \/>\n<meta property=\"og:description\" content=\"El fiscal federal Carlos R\u00edvolo pidi\u00f3 enviar a juicio a Fernando Sabag Montiel y a su novia Brenda Uliarte como coautores del intento de asesinato de la vicepresidenta de la&hellip;\" \/>\n<meta property=\"og:url\" content=\"https:\/\/diariotextual.com\/inicio\/index.php\/2023\/05\/29\/intento-de-asesinato-a-cristina-kirchner-un-fiscal-pide-enviar-a-juicio-a-los-detenidos\/\" \/>\n<meta property=\"og:site_name\" content=\"Diario Textual\" \/>\n<meta property=\"article:publisher\" content=\"https:\/\/www.facebook.com\/eltextual\" \/>\n<meta property=\"article:published_time\" content=\"2023-05-29T15:28:10+00:00\" \/>\n<meta property=\"article:modified_time\" content=\"2023-05-29T15:28:13+00:00\" \/>\n<meta property=\"og:image\" content=\"https:\/\/diariotextual.com\/inicio\/wp-content\/uploads\/2022\/09\/uliartebrendadetencionintentomagnicidiocristina2022-1.jpg\" \/>\n\t<meta property=\"og:image:width\" content=\"900\" \/>\n\t<meta property=\"og:image:height\" content=\"506\" \/>\n\t<meta property=\"og:image:type\" content=\"image\/jpeg\" \/>\n<meta name=\"author\" content=\"diario2\" \/>\n<meta name=\"twitter:card\" content=\"summary_large_image\" \/>\n<meta name=\"twitter:creator\" content=\"@eltextual\" \/>\n<meta name=\"twitter:site\" content=\"@eltextual\" \/>\n<meta name=\"twitter:label1\" content=\"Escrito por\" \/>\n\t<meta name=\"twitter:data1\" content=\"diario2\" \/>\n\t<meta name=\"twitter:label2\" content=\"Tiempo de lectura\" \/>\n\t<meta name=\"twitter:data2\" content=\"5 minutos\" \/>\n<script type=\"application\/ld+json\" class=\"yoast-schema-graph\">{\"@context\":\"https:\\\/\\\/schema.org\",\"@graph\":[{\"@type\":\"Article\",\"@id\":\"https:\\\/\\\/diariotextual.com\\\/inicio\\\/index.php\\\/2023\\\/05\\\/29\\\/intento-de-asesinato-a-cristina-kirchner-un-fiscal-pide-enviar-a-juicio-a-los-detenidos\\\/#article\",\"isPartOf\":{\"@id\":\"https:\\\/\\\/diariotextual.com\\\/inicio\\\/index.php\\\/2023\\\/05\\\/29\\\/intento-de-asesinato-a-cristina-kirchner-un-fiscal-pide-enviar-a-juicio-a-los-detenidos\\\/\"},\"author\":{\"name\":\"diario2\",\"@id\":\"https:\\\/\\\/diariotextual.com\\\/inicio\\\/#\\\/schema\\\/person\\\/694f60677f23c4a530867a98f22b3768\"},\"headline\":\"Intento de asesinato a Cristina Kirchner: un fiscal pide enviar a juicio a los detenidos\",\"datePublished\":\"2023-05-29T15:28:10+00:00\",\"dateModified\":\"2023-05-29T15:28:13+00:00\",\"mainEntityOfPage\":{\"@id\":\"https:\\\/\\\/diariotextual.com\\\/inicio\\\/index.php\\\/2023\\\/05\\\/29\\\/intento-de-asesinato-a-cristina-kirchner-un-fiscal-pide-enviar-a-juicio-a-los-detenidos\\\/\"},\"wordCount\":1025,\"publisher\":{\"@id\":\"https:\\\/\\\/diariotextual.com\\\/inicio\\\/#organization\"},\"image\":{\"@id\":\"https:\\\/\\\/diariotextual.com\\\/inicio\\\/index.php\\\/2023\\\/05\\\/29\\\/intento-de-asesinato-a-cristina-kirchner-un-fiscal-pide-enviar-a-juicio-a-los-detenidos\\\/#primaryimage\"},\"thumbnailUrl\":\"https:\\\/\\\/diariotextual.com\\\/inicio\\\/wp-content\\\/uploads\\\/2022\\\/09\\\/uliartebrendadetencionintentomagnicidiocristina2022-1.jpg\",\"articleSection\":[\"A - ES NOTICIA (van abajo)\",\"POLITICA\"],\"inLanguage\":\"es\"},{\"@type\":\"WebPage\",\"@id\":\"https:\\\/\\\/diariotextual.com\\\/inicio\\\/index.php\\\/2023\\\/05\\\/29\\\/intento-de-asesinato-a-cristina-kirchner-un-fiscal-pide-enviar-a-juicio-a-los-detenidos\\\/\",\"url\":\"https:\\\/\\\/diariotextual.com\\\/inicio\\\/index.php\\\/2023\\\/05\\\/29\\\/intento-de-asesinato-a-cristina-kirchner-un-fiscal-pide-enviar-a-juicio-a-los-detenidos\\\/\",\"name\":\"Intento de asesinato a Cristina Kirchner: un fiscal pide enviar a juicio a los detenidos - Diario Textual\",\"isPartOf\":{\"@id\":\"https:\\\/\\\/diariotextual.com\\\/inicio\\\/#website\"},\"primaryImageOfPage\":{\"@id\":\"https:\\\/\\\/diariotextual.com\\\/inicio\\\/index.php\\\/2023\\\/05\\\/29\\\/intento-de-asesinato-a-cristina-kirchner-un-fiscal-pide-enviar-a-juicio-a-los-detenidos\\\/#primaryimage\"},\"image\":{\"@id\":\"https:\\\/\\\/diariotextual.com\\\/inicio\\\/index.php\\\/2023\\\/05\\\/29\\\/intento-de-asesinato-a-cristina-kirchner-un-fiscal-pide-enviar-a-juicio-a-los-detenidos\\\/#primaryimage\"},\"thumbnailUrl\":\"https:\\\/\\\/diariotextual.com\\\/inicio\\\/wp-content\\\/uploads\\\/2022\\\/09\\\/uliartebrendadetencionintentomagnicidiocristina2022-1.jpg\",\"datePublished\":\"2023-05-29T15:28:10+00:00\",\"dateModified\":\"2023-05-29T15:28:13+00:00\",\"breadcrumb\":{\"@id\":\"https:\\\/\\\/diariotextual.com\\\/inicio\\\/index.php\\\/2023\\\/05\\\/29\\\/intento-de-asesinato-a-cristina-kirchner-un-fiscal-pide-enviar-a-juicio-a-los-detenidos\\\/#breadcrumb\"},\"inLanguage\":\"es\",\"potentialAction\":[{\"@type\":\"ReadAction\",\"target\":[\"https:\\\/\\\/diariotextual.com\\\/inicio\\\/index.php\\\/2023\\\/05\\\/29\\\/intento-de-asesinato-a-cristina-kirchner-un-fiscal-pide-enviar-a-juicio-a-los-detenidos\\\/\"]}]},{\"@type\":\"ImageObject\",\"inLanguage\":\"es\",\"@id\":\"https:\\\/\\\/diariotextual.com\\\/inicio\\\/index.php\\\/2023\\\/05\\\/29\\\/intento-de-asesinato-a-cristina-kirchner-un-fiscal-pide-enviar-a-juicio-a-los-detenidos\\\/#primaryimage\",\"url\":\"https:\\\/\\\/diariotextual.com\\\/inicio\\\/wp-content\\\/uploads\\\/2022\\\/09\\\/uliartebrendadetencionintentomagnicidiocristina2022-1.jpg\",\"contentUrl\":\"https:\\\/\\\/diariotextual.com\\\/inicio\\\/wp-content\\\/uploads\\\/2022\\\/09\\\/uliartebrendadetencionintentomagnicidiocristina2022-1.jpg\",\"width\":900,\"height\":506},{\"@type\":\"BreadcrumbList\",\"@id\":\"https:\\\/\\\/diariotextual.com\\\/inicio\\\/index.php\\\/2023\\\/05\\\/29\\\/intento-de-asesinato-a-cristina-kirchner-un-fiscal-pide-enviar-a-juicio-a-los-detenidos\\\/#breadcrumb\",\"itemListElement\":[{\"@type\":\"ListItem\",\"position\":1,\"name\":\"Portada\",\"item\":\"https:\\\/\\\/diariotextual.com\\\/inicio\\\/\"},{\"@type\":\"ListItem\",\"position\":2,\"name\":\"Intento de asesinato a Cristina Kirchner: un fiscal pide enviar a juicio a los detenidos\"}]},{\"@type\":\"WebSite\",\"@id\":\"https:\\\/\\\/diariotextual.com\\\/inicio\\\/#website\",\"url\":\"https:\\\/\\\/diariotextual.com\\\/inicio\\\/\",\"name\":\"Diario Textual\",\"description\":\"\",\"publisher\":{\"@id\":\"https:\\\/\\\/diariotextual.com\\\/inicio\\\/#organization\"},\"potentialAction\":[{\"@type\":\"SearchAction\",\"target\":{\"@type\":\"EntryPoint\",\"urlTemplate\":\"https:\\\/\\\/diariotextual.com\\\/inicio\\\/?s={search_term_string}\"},\"query-input\":{\"@type\":\"PropertyValueSpecification\",\"valueRequired\":true,\"valueName\":\"search_term_string\"}}],\"inLanguage\":\"es\"},{\"@type\":\"Organization\",\"@id\":\"https:\\\/\\\/diariotextual.com\\\/inicio\\\/#organization\",\"name\":\"Diario Textual\",\"url\":\"https:\\\/\\\/diariotextual.com\\\/inicio\\\/\",\"logo\":{\"@type\":\"ImageObject\",\"inLanguage\":\"es\",\"@id\":\"https:\\\/\\\/diariotextual.com\\\/inicio\\\/#\\\/schema\\\/logo\\\/image\\\/\",\"url\":\"https:\\\/\\\/diariotextual.com\\\/inicio\\\/wp-content\\\/uploads\\\/2023\\\/05\\\/logotextual1.jpg\",\"contentUrl\":\"https:\\\/\\\/diariotextual.com\\\/inicio\\\/wp-content\\\/uploads\\\/2023\\\/05\\\/logotextual1.jpg\",\"width\":516,\"height\":76,\"caption\":\"Diario Textual\"},\"image\":{\"@id\":\"https:\\\/\\\/diariotextual.com\\\/inicio\\\/#\\\/schema\\\/logo\\\/image\\\/\"},\"sameAs\":[\"https:\\\/\\\/www.facebook.com\\\/eltextual\",\"https:\\\/\\\/x.com\\\/eltextual\",\"http:\\\/\\\/www.instagram.com\\\/eltextual\"]},{\"@type\":\"Person\",\"@id\":\"https:\\\/\\\/diariotextual.com\\\/inicio\\\/#\\\/schema\\\/person\\\/694f60677f23c4a530867a98f22b3768\",\"name\":\"diario2\",\"image\":{\"@type\":\"ImageObject\",\"inLanguage\":\"es\",\"@id\":\"https:\\\/\\\/secure.gravatar.com\\\/avatar\\\/5a2567495ba16b852fcd8f1ed006a2e24fcace936018ed8237e95f488ad6e0a7?s=96&d=mm&r=g\",\"url\":\"https:\\\/\\\/secure.gravatar.com\\\/avatar\\\/5a2567495ba16b852fcd8f1ed006a2e24fcace936018ed8237e95f488ad6e0a7?s=96&d=mm&r=g\",\"contentUrl\":\"https:\\\/\\\/secure.gravatar.com\\\/avatar\\\/5a2567495ba16b852fcd8f1ed006a2e24fcace936018ed8237e95f488ad6e0a7?s=96&d=mm&r=g\",\"caption\":\"diario2\"},\"url\":\"https:\\\/\\\/diariotextual.com\\\/inicio\\\/index.php\\\/author\\\/diario2\\\/\"}]}<\/script>\n<!-- \/ Yoast SEO plugin. -->","yoast_head_json":{"title":"Intento de asesinato a Cristina Kirchner: un fiscal pide enviar a juicio a los detenidos - Diario Textual","robots":{"index":"index","follow":"follow","max-snippet":"max-snippet:-1","max-image-preview":"max-image-preview:large","max-video-preview":"max-video-preview:-1"},"canonical":"https:\/\/diariotextual.com\/inicio\/index.php\/2023\/05\/29\/intento-de-asesinato-a-cristina-kirchner-un-fiscal-pide-enviar-a-juicio-a-los-detenidos\/","og_locale":"es_ES","og_type":"article","og_title":"Intento de asesinato a Cristina Kirchner: un fiscal pide enviar a juicio a los detenidos - Diario Textual","og_description":"El fiscal federal Carlos R\u00edvolo pidi\u00f3 enviar a juicio a Fernando Sabag Montiel y a su novia Brenda Uliarte como coautores del intento de asesinato de la vicepresidenta de la&hellip;","og_url":"https:\/\/diariotextual.com\/inicio\/index.php\/2023\/05\/29\/intento-de-asesinato-a-cristina-kirchner-un-fiscal-pide-enviar-a-juicio-a-los-detenidos\/","og_site_name":"Diario Textual","article_publisher":"https:\/\/www.facebook.com\/eltextual","article_published_time":"2023-05-29T15:28:10+00:00","article_modified_time":"2023-05-29T15:28:13+00:00","og_image":[{"width":900,"height":506,"url":"https:\/\/diariotextual.com\/inicio\/wp-content\/uploads\/2022\/09\/uliartebrendadetencionintentomagnicidiocristina2022-1.jpg","type":"image\/jpeg"}],"author":"diario2","twitter_card":"summary_large_image","twitter_creator":"@eltextual","twitter_site":"@eltextual","twitter_misc":{"Escrito por":"diario2","Tiempo de lectura":"5 minutos"},"schema":{"@context":"https:\/\/schema.org","@graph":[{"@type":"Article","@id":"https:\/\/diariotextual.com\/inicio\/index.php\/2023\/05\/29\/intento-de-asesinato-a-cristina-kirchner-un-fiscal-pide-enviar-a-juicio-a-los-detenidos\/#article","isPartOf":{"@id":"https:\/\/diariotextual.com\/inicio\/index.php\/2023\/05\/29\/intento-de-asesinato-a-cristina-kirchner-un-fiscal-pide-enviar-a-juicio-a-los-detenidos\/"},"author":{"name":"diario2","@id":"https:\/\/diariotextual.com\/inicio\/#\/schema\/person\/694f60677f23c4a530867a98f22b3768"},"headline":"Intento de asesinato a Cristina Kirchner: un fiscal pide enviar a juicio a los detenidos","datePublished":"2023-05-29T15:28:10+00:00","dateModified":"2023-05-29T15:28:13+00:00","mainEntityOfPage":{"@id":"https:\/\/diariotextual.com\/inicio\/index.php\/2023\/05\/29\/intento-de-asesinato-a-cristina-kirchner-un-fiscal-pide-enviar-a-juicio-a-los-detenidos\/"},"wordCount":1025,"publisher":{"@id":"https:\/\/diariotextual.com\/inicio\/#organization"},"image":{"@id":"https:\/\/diariotextual.com\/inicio\/index.php\/2023\/05\/29\/intento-de-asesinato-a-cristina-kirchner-un-fiscal-pide-enviar-a-juicio-a-los-detenidos\/#primaryimage"},"thumbnailUrl":"https:\/\/diariotextual.com\/inicio\/wp-content\/uploads\/2022\/09\/uliartebrendadetencionintentomagnicidiocristina2022-1.jpg","articleSection":["A - ES NOTICIA (van abajo)","POLITICA"],"inLanguage":"es"},{"@type":"WebPage","@id":"https:\/\/diariotextual.com\/inicio\/index.php\/2023\/05\/29\/intento-de-asesinato-a-cristina-kirchner-un-fiscal-pide-enviar-a-juicio-a-los-detenidos\/","url":"https:\/\/diariotextual.com\/inicio\/index.php\/2023\/05\/29\/intento-de-asesinato-a-cristina-kirchner-un-fiscal-pide-enviar-a-juicio-a-los-detenidos\/","name":"Intento de asesinato a Cristina Kirchner: un fiscal pide enviar a juicio a los detenidos - Diario Textual","isPartOf":{"@id":"https:\/\/diariotextual.com\/inicio\/#website"},"primaryImageOfPage":{"@id":"https:\/\/diariotextual.com\/inicio\/index.php\/2023\/05\/29\/intento-de-asesinato-a-cristina-kirchner-un-fiscal-pide-enviar-a-juicio-a-los-detenidos\/#primaryimage"},"image":{"@id":"https:\/\/diariotextual.com\/inicio\/index.php\/2023\/05\/29\/intento-de-asesinato-a-cristina-kirchner-un-fiscal-pide-enviar-a-juicio-a-los-detenidos\/#primaryimage"},"thumbnailUrl":"https:\/\/diariotextual.com\/inicio\/wp-content\/uploads\/2022\/09\/uliartebrendadetencionintentomagnicidiocristina2022-1.jpg","datePublished":"2023-05-29T15:28:10+00:00","dateModified":"2023-05-29T15:28:13+00:00","breadcrumb":{"@id":"https:\/\/diariotextual.com\/inicio\/index.php\/2023\/05\/29\/intento-de-asesinato-a-cristina-kirchner-un-fiscal-pide-enviar-a-juicio-a-los-detenidos\/#breadcrumb"},"inLanguage":"es","potentialAction":[{"@type":"ReadAction","target":["https:\/\/diariotextual.com\/inicio\/index.php\/2023\/05\/29\/intento-de-asesinato-a-cristina-kirchner-un-fiscal-pide-enviar-a-juicio-a-los-detenidos\/"]}]},{"@type":"ImageObject","inLanguage":"es","@id":"https:\/\/diariotextual.com\/inicio\/index.php\/2023\/05\/29\/intento-de-asesinato-a-cristina-kirchner-un-fiscal-pide-enviar-a-juicio-a-los-detenidos\/#primaryimage","url":"https:\/\/diariotextual.com\/inicio\/wp-content\/uploads\/2022\/09\/uliartebrendadetencionintentomagnicidiocristina2022-1.jpg","contentUrl":"https:\/\/diariotextual.com\/inicio\/wp-content\/uploads\/2022\/09\/uliartebrendadetencionintentomagnicidiocristina2022-1.jpg","width":900,"height":506},{"@type":"BreadcrumbList","@id":"https:\/\/diariotextual.com\/inicio\/index.php\/2023\/05\/29\/intento-de-asesinato-a-cristina-kirchner-un-fiscal-pide-enviar-a-juicio-a-los-detenidos\/#breadcrumb","itemListElement":[{"@type":"ListItem","position":1,"name":"Portada","item":"https:\/\/diariotextual.com\/inicio\/"},{"@type":"ListItem","position":2,"name":"Intento de asesinato a Cristina Kirchner: un fiscal pide enviar a juicio a los detenidos"}]},{"@type":"WebSite","@id":"https:\/\/diariotextual.com\/inicio\/#website","url":"https:\/\/diariotextual.com\/inicio\/","name":"Diario Textual","description":"","publisher":{"@id":"https:\/\/diariotextual.com\/inicio\/#organization"},"potentialAction":[{"@type":"SearchAction","target":{"@type":"EntryPoint","urlTemplate":"https:\/\/diariotextual.com\/inicio\/?s={search_term_string}"},"query-input":{"@type":"PropertyValueSpecification","valueRequired":true,"valueName":"search_term_string"}}],"inLanguage":"es"},{"@type":"Organization","@id":"https:\/\/diariotextual.com\/inicio\/#organization","name":"Diario Textual","url":"https:\/\/diariotextual.com\/inicio\/","logo":{"@type":"ImageObject","inLanguage":"es","@id":"https:\/\/diariotextual.com\/inicio\/#\/schema\/logo\/image\/","url":"https:\/\/diariotextual.com\/inicio\/wp-content\/uploads\/2023\/05\/logotextual1.jpg","contentUrl":"https:\/\/diariotextual.com\/inicio\/wp-content\/uploads\/2023\/05\/logotextual1.jpg","width":516,"height":76,"caption":"Diario Textual"},"image":{"@id":"https:\/\/diariotextual.com\/inicio\/#\/schema\/logo\/image\/"},"sameAs":["https:\/\/www.facebook.com\/eltextual","https:\/\/x.com\/eltextual","http:\/\/www.instagram.com\/eltextual"]},{"@type":"Person","@id":"https:\/\/diariotextual.com\/inicio\/#\/schema\/person\/694f60677f23c4a530867a98f22b3768","name":"diario2","image":{"@type":"ImageObject","inLanguage":"es","@id":"https:\/\/secure.gravatar.com\/avatar\/5a2567495ba16b852fcd8f1ed006a2e24fcace936018ed8237e95f488ad6e0a7?s=96&d=mm&r=g","url":"https:\/\/secure.gravatar.com\/avatar\/5a2567495ba16b852fcd8f1ed006a2e24fcace936018ed8237e95f488ad6e0a7?s=96&d=mm&r=g","contentUrl":"https:\/\/secure.gravatar.com\/avatar\/5a2567495ba16b852fcd8f1ed006a2e24fcace936018ed8237e95f488ad6e0a7?s=96&d=mm&r=g","caption":"diario2"},"url":"https:\/\/diariotextual.com\/inicio\/index.php\/author\/diario2\/"}]}},"_links":{"self":[{"href":"https:\/\/diariotextual.com\/inicio\/index.php\/wp-json\/wp\/v2\/posts\/226801","targetHints":{"allow":["GET"]}}],"collection":[{"href":"https:\/\/diariotextual.com\/inicio\/index.php\/wp-json\/wp\/v2\/posts"}],"about":[{"href":"https:\/\/diariotextual.com\/inicio\/index.php\/wp-json\/wp\/v2\/types\/post"}],"author":[{"embeddable":true,"href":"https:\/\/diariotextual.com\/inicio\/index.php\/wp-json\/wp\/v2\/users\/4"}],"replies":[{"embeddable":true,"href":"https:\/\/diariotextual.com\/inicio\/index.php\/wp-json\/wp\/v2\/comments?post=226801"}],"version-history":[{"count":2,"href":"https:\/\/diariotextual.com\/inicio\/index.php\/wp-json\/wp\/v2\/posts\/226801\/revisions"}],"predecessor-version":[{"id":226803,"href":"https:\/\/diariotextual.com\/inicio\/index.php\/wp-json\/wp\/v2\/posts\/226801\/revisions\/226803"}],"wp:featuredmedia":[{"embeddable":true,"href":"https:\/\/diariotextual.com\/inicio\/index.php\/wp-json\/wp\/v2\/media\/199150"}],"wp:attachment":[{"href":"https:\/\/diariotextual.com\/inicio\/index.php\/wp-json\/wp\/v2\/media?parent=226801"}],"wp:term":[{"taxonomy":"category","embeddable":true,"href":"https:\/\/diariotextual.com\/inicio\/index.php\/wp-json\/wp\/v2\/categories?post=226801"},{"taxonomy":"post_tag","embeddable":true,"href":"https:\/\/diariotextual.com\/inicio\/index.php\/wp-json\/wp\/v2\/tags?post=226801"}],"curies":[{"name":"wp","href":"https:\/\/api.w.org\/{rel}","templated":true}]}}