{"id":226845,"date":"2023-05-29T21:22:44","date_gmt":"2023-05-30T00:22:44","guid":{"rendered":"https:\/\/diariotextual.com\/inicio\/?p=226845"},"modified":"2023-05-29T21:22:47","modified_gmt":"2023-05-30T00:22:47","slug":"el-presidente-firmo-el-decreto-que-otorga-la-quinta-jerarquizacion-salarial-a-cientificos-del-conicet","status":"publish","type":"post","link":"https:\/\/diariotextual.com\/inicio\/index.php\/2023\/05\/29\/el-presidente-firmo-el-decreto-que-otorga-la-quinta-jerarquizacion-salarial-a-cientificos-del-conicet\/","title":{"rendered":"El presidente firm\u00f3 el decreto que otorga la quinta jerarquizaci\u00f3n salarial a cient\u00edficos del Conicet"},"content":{"rendered":"\n<p>El presidente Alberto Fern\u00e1ndez firm\u00f3 hoy el decreto correspondiente a la<strong> quinta jerarquizaci\u00f3n salarial para investigadores del Conicet<\/strong>, que implica una nueva mejora para los sueldos del 10%.<\/p>\n\n\n\n<p>La medida impactar\u00e1 a partir del 1\u00b0 de junio en <strong>15.000 integrantes de las carreras de Investigador Cient\u00edfico y Tecnol\u00f3gico y de Profesional y T\u00e9cnico de Apoyo, y en m\u00e1s de 12.000 becarias y becarios doctorales y postdoctorales.<\/strong><\/p>\n\n\n\n<p>En Casa de Gobierno, el ministro de Ciencia, Tecnolog\u00eda e Innovaci\u00f3n, Daniel Filmus, fue recibido por Fern\u00e1ndez, junto con el jefe de Gabinete, Agust\u00edn Rossi.<\/p>\n\n\n\n<p>Esto se suma al acuerdo paritario para el sector acordado el a\u00f1o pasado, <strong>\u201clo que permitir\u00e1 recuperar los niveles de 2015 tras la p\u00e9rdida de 28,5% que sufrieron los montos reales de los salarios de la Carrera del Investigador Cient\u00edfico (CIC) y las becas del Conicet durante la gesti\u00f3n de Mauricio Macri\u201d<\/strong>, se inform\u00f3.<\/p>\n\n\n\n<p>Filmus expres\u00f3 que \u00abeste compromiso asumido en la gesti\u00f3n hoy podemos decir que lo hemos cumplido\u00bb, ya que se logr\u00f3 \u00abcon mucho esfuerzo recuperar y recomponer los salarios de nuestras y nuestros cient\u00edficos, y atravesar muchas dificultades que nos dejaron mientras quer\u00edamos cumplir nuevas metas\u00bb.<\/p>\n\n\n\n<p>\u201cMe hace reflexionar cuando las pol\u00edticas p\u00fablicas no se sostienen y lo que cuesta retomarlas. En un a\u00f1o clave para la Argentina, deseo que esto sea un aprendizaje para hacer valer el compromiso que se toma y las voluntades que se expresan en las campa\u00f1as porque definen u obstaculizan el desarrollo de un pa\u00eds\u201d, agreg\u00f3.<\/p>\n\n\n\n<p>Desde 2019 el Gobierno otorg\u00f3 cinco jerarquizaciones de 10% cada una: en noviembre de 2020, abril y noviembre de 2021, agosto de 2022 y junio de 2023.<\/p>\n\n\n\n<p>De esta manera, comenz\u00f3 un proceso de recuperaci\u00f3n del poder adquisitivo de los salarios del sector, que en junio alcanzar\u00e1n el nivel que ten\u00edan en 2015. De igual manera, las becas fueron recuper\u00e1ndose de la ca\u00edda hasta situarse en la actualidad por encima de 2015.<\/p>\n","protected":false},"excerpt":{"rendered":"<p>El presidente Alberto Fern\u00e1ndez firm\u00f3 hoy el decreto correspondiente a la quinta jerarquizaci\u00f3n salarial para investigadores del Conicet, que implica una nueva mejora para los sueldos del 10%. La medida&hellip;<\/p>\n","protected":false},"author":4,"featured_media":76638,"comment_status":"closed","ping_status":"open","sticky":false,"template":"","format":"standard","meta":{"_acf_changed":false,"footnotes":""},"categories":[1,12],"tags":[861],"class_list":["post-226845","post","type-post","status-publish","format-standard","has-post-thumbnail","hentry","category-es-noticia","category-sociedad","tag-conicet"],"acf":[],"yoast_head":"<!-- This site is optimized with the Yoast SEO plugin v27.5 - https:\/\/yoast.com\/product\/yoast-seo-wordpress\/ -->\n<title>El presidente firm\u00f3 el decreto que otorga la quinta jerarquizaci\u00f3n salarial a cient\u00edficos del Conicet - Diario Textual<\/title>\n<meta name=\"robots\" content=\"index, follow, max-snippet:-1, max-image-preview:large, max-video-preview:-1\" \/>\n<link rel=\"canonical\" href=\"https:\/\/diariotextual.com\/inicio\/index.php\/2023\/05\/29\/el-presidente-firmo-el-decreto-que-otorga-la-quinta-jerarquizacion-salarial-a-cientificos-del-conicet\/\" \/>\n<meta property=\"og:locale\" content=\"es_ES\" \/>\n<meta property=\"og:type\" content=\"article\" \/>\n<meta property=\"og:title\" content=\"El presidente firm\u00f3 el decreto que otorga la quinta jerarquizaci\u00f3n salarial a cient\u00edficos del Conicet - Diario Textual\" \/>\n<meta property=\"og:description\" content=\"El presidente Alberto Fern\u00e1ndez firm\u00f3 hoy el decreto correspondiente a la quinta jerarquizaci\u00f3n salarial para investigadores del Conicet, que implica una nueva mejora para los sueldos del 10%. La medida&hellip;\" \/>\n<meta property=\"og:url\" content=\"https:\/\/diariotextual.com\/inicio\/index.php\/2023\/05\/29\/el-presidente-firmo-el-decreto-que-otorga-la-quinta-jerarquizacion-salarial-a-cientificos-del-conicet\/\" \/>\n<meta property=\"og:site_name\" content=\"Diario Textual\" \/>\n<meta property=\"article:publisher\" content=\"https:\/\/www.facebook.com\/eltextual\" \/>\n<meta property=\"article:published_time\" content=\"2023-05-30T00:22:44+00:00\" \/>\n<meta property=\"article:modified_time\" content=\"2023-05-30T00:22:47+00:00\" \/>\n<meta property=\"og:image\" content=\"https:\/\/diariotextual.com\/inicio\/wp-content\/uploads\/2020\/01\/conicet567.jpg\" \/>\n\t<meta property=\"og:image:width\" content=\"810\" \/>\n\t<meta property=\"og:image:height\" content=\"498\" \/>\n\t<meta property=\"og:image:type\" content=\"image\/jpeg\" \/>\n<meta name=\"author\" content=\"diario2\" \/>\n<meta name=\"twitter:card\" content=\"summary_large_image\" \/>\n<meta name=\"twitter:creator\" content=\"@eltextual\" \/>\n<meta name=\"twitter:site\" content=\"@eltextual\" \/>\n<meta name=\"twitter:label1\" content=\"Escrito por\" \/>\n\t<meta name=\"twitter:data1\" content=\"diario2\" \/>\n\t<meta name=\"twitter:label2\" content=\"Tiempo de lectura\" \/>\n\t<meta name=\"twitter:data2\" content=\"2 minutos\" \/>\n<script type=\"application\/ld+json\" class=\"yoast-schema-graph\">{\"@context\":\"https:\\\/\\\/schema.org\",\"@graph\":[{\"@type\":\"Article\",\"@id\":\"https:\\\/\\\/diariotextual.com\\\/inicio\\\/index.php\\\/2023\\\/05\\\/29\\\/el-presidente-firmo-el-decreto-que-otorga-la-quinta-jerarquizacion-salarial-a-cientificos-del-conicet\\\/#article\",\"isPartOf\":{\"@id\":\"https:\\\/\\\/diariotextual.com\\\/inicio\\\/index.php\\\/2023\\\/05\\\/29\\\/el-presidente-firmo-el-decreto-que-otorga-la-quinta-jerarquizacion-salarial-a-cientificos-del-conicet\\\/\"},\"author\":{\"name\":\"diario2\",\"@id\":\"https:\\\/\\\/diariotextual.com\\\/inicio\\\/#\\\/schema\\\/person\\\/694f60677f23c4a530867a98f22b3768\"},\"headline\":\"El presidente firm\u00f3 el decreto que otorga la quinta jerarquizaci\u00f3n salarial a cient\u00edficos del Conicet\",\"datePublished\":\"2023-05-30T00:22:44+00:00\",\"dateModified\":\"2023-05-30T00:22:47+00:00\",\"mainEntityOfPage\":{\"@id\":\"https:\\\/\\\/diariotextual.com\\\/inicio\\\/index.php\\\/2023\\\/05\\\/29\\\/el-presidente-firmo-el-decreto-que-otorga-la-quinta-jerarquizacion-salarial-a-cientificos-del-conicet\\\/\"},\"wordCount\":347,\"publisher\":{\"@id\":\"https:\\\/\\\/diariotextual.com\\\/inicio\\\/#organization\"},\"image\":{\"@id\":\"https:\\\/\\\/diariotextual.com\\\/inicio\\\/index.php\\\/2023\\\/05\\\/29\\\/el-presidente-firmo-el-decreto-que-otorga-la-quinta-jerarquizacion-salarial-a-cientificos-del-conicet\\\/#primaryimage\"},\"thumbnailUrl\":\"https:\\\/\\\/diariotextual.com\\\/inicio\\\/wp-content\\\/uploads\\\/2020\\\/01\\\/conicet567.jpg\",\"keywords\":[\"conicet\"],\"articleSection\":[\"A - ES NOTICIA (van abajo)\",\"SOCIEDAD\"],\"inLanguage\":\"es\"},{\"@type\":\"WebPage\",\"@id\":\"https:\\\/\\\/diariotextual.com\\\/inicio\\\/index.php\\\/2023\\\/05\\\/29\\\/el-presidente-firmo-el-decreto-que-otorga-la-quinta-jerarquizacion-salarial-a-cientificos-del-conicet\\\/\",\"url\":\"https:\\\/\\\/diariotextual.com\\\/inicio\\\/index.php\\\/2023\\\/05\\\/29\\\/el-presidente-firmo-el-decreto-que-otorga-la-quinta-jerarquizacion-salarial-a-cientificos-del-conicet\\\/\",\"name\":\"El presidente firm\u00f3 el decreto que otorga la quinta jerarquizaci\u00f3n salarial a cient\u00edficos del Conicet - Diario Textual\",\"isPartOf\":{\"@id\":\"https:\\\/\\\/diariotextual.com\\\/inicio\\\/#website\"},\"primaryImageOfPage\":{\"@id\":\"https:\\\/\\\/diariotextual.com\\\/inicio\\\/index.php\\\/2023\\\/05\\\/29\\\/el-presidente-firmo-el-decreto-que-otorga-la-quinta-jerarquizacion-salarial-a-cientificos-del-conicet\\\/#primaryimage\"},\"image\":{\"@id\":\"https:\\\/\\\/diariotextual.com\\\/inicio\\\/index.php\\\/2023\\\/05\\\/29\\\/el-presidente-firmo-el-decreto-que-otorga-la-quinta-jerarquizacion-salarial-a-cientificos-del-conicet\\\/#primaryimage\"},\"thumbnailUrl\":\"https:\\\/\\\/diariotextual.com\\\/inicio\\\/wp-content\\\/uploads\\\/2020\\\/01\\\/conicet567.jpg\",\"datePublished\":\"2023-05-30T00:22:44+00:00\",\"dateModified\":\"2023-05-30T00:22:47+00:00\",\"breadcrumb\":{\"@id\":\"https:\\\/\\\/diariotextual.com\\\/inicio\\\/index.php\\\/2023\\\/05\\\/29\\\/el-presidente-firmo-el-decreto-que-otorga-la-quinta-jerarquizacion-salarial-a-cientificos-del-conicet\\\/#breadcrumb\"},\"inLanguage\":\"es\",\"potentialAction\":[{\"@type\":\"ReadAction\",\"target\":[\"https:\\\/\\\/diariotextual.com\\\/inicio\\\/index.php\\\/2023\\\/05\\\/29\\\/el-presidente-firmo-el-decreto-que-otorga-la-quinta-jerarquizacion-salarial-a-cientificos-del-conicet\\\/\"]}]},{\"@type\":\"ImageObject\",\"inLanguage\":\"es\",\"@id\":\"https:\\\/\\\/diariotextual.com\\\/inicio\\\/index.php\\\/2023\\\/05\\\/29\\\/el-presidente-firmo-el-decreto-que-otorga-la-quinta-jerarquizacion-salarial-a-cientificos-del-conicet\\\/#primaryimage\",\"url\":\"https:\\\/\\\/diariotextual.com\\\/inicio\\\/wp-content\\\/uploads\\\/2020\\\/01\\\/conicet567.jpg\",\"contentUrl\":\"https:\\\/\\\/diariotextual.com\\\/inicio\\\/wp-content\\\/uploads\\\/2020\\\/01\\\/conicet567.jpg\",\"width\":810,\"height\":498},{\"@type\":\"BreadcrumbList\",\"@id\":\"https:\\\/\\\/diariotextual.com\\\/inicio\\\/index.php\\\/2023\\\/05\\\/29\\\/el-presidente-firmo-el-decreto-que-otorga-la-quinta-jerarquizacion-salarial-a-cientificos-del-conicet\\\/#breadcrumb\",\"itemListElement\":[{\"@type\":\"ListItem\",\"position\":1,\"name\":\"Portada\",\"item\":\"https:\\\/\\\/diariotextual.com\\\/inicio\\\/\"},{\"@type\":\"ListItem\",\"position\":2,\"name\":\"El presidente firm\u00f3 el decreto que otorga la quinta jerarquizaci\u00f3n salarial a cient\u00edficos del Conicet\"}]},{\"@type\":\"WebSite\",\"@id\":\"https:\\\/\\\/diariotextual.com\\\/inicio\\\/#website\",\"url\":\"https:\\\/\\\/diariotextual.com\\\/inicio\\\/\",\"name\":\"Diario Textual\",\"description\":\"\",\"publisher\":{\"@id\":\"https:\\\/\\\/diariotextual.com\\\/inicio\\\/#organization\"},\"potentialAction\":[{\"@type\":\"SearchAction\",\"target\":{\"@type\":\"EntryPoint\",\"urlTemplate\":\"https:\\\/\\\/diariotextual.com\\\/inicio\\\/?s={search_term_string}\"},\"query-input\":{\"@type\":\"PropertyValueSpecification\",\"valueRequired\":true,\"valueName\":\"search_term_string\"}}],\"inLanguage\":\"es\"},{\"@type\":\"Organization\",\"@id\":\"https:\\\/\\\/diariotextual.com\\\/inicio\\\/#organization\",\"name\":\"Diario Textual\",\"url\":\"https:\\\/\\\/diariotextual.com\\\/inicio\\\/\",\"logo\":{\"@type\":\"ImageObject\",\"inLanguage\":\"es\",\"@id\":\"https:\\\/\\\/diariotextual.com\\\/inicio\\\/#\\\/schema\\\/logo\\\/image\\\/\",\"url\":\"https:\\\/\\\/diariotextual.com\\\/inicio\\\/wp-content\\\/uploads\\\/2023\\\/05\\\/logotextual1.jpg\",\"contentUrl\":\"https:\\\/\\\/diariotextual.com\\\/inicio\\\/wp-content\\\/uploads\\\/2023\\\/05\\\/logotextual1.jpg\",\"width\":516,\"height\":76,\"caption\":\"Diario Textual\"},\"image\":{\"@id\":\"https:\\\/\\\/diariotextual.com\\\/inicio\\\/#\\\/schema\\\/logo\\\/image\\\/\"},\"sameAs\":[\"https:\\\/\\\/www.facebook.com\\\/eltextual\",\"https:\\\/\\\/x.com\\\/eltextual\",\"http:\\\/\\\/www.instagram.com\\\/eltextual\"]},{\"@type\":\"Person\",\"@id\":\"https:\\\/\\\/diariotextual.com\\\/inicio\\\/#\\\/schema\\\/person\\\/694f60677f23c4a530867a98f22b3768\",\"name\":\"diario2\",\"image\":{\"@type\":\"ImageObject\",\"inLanguage\":\"es\",\"@id\":\"https:\\\/\\\/secure.gravatar.com\\\/avatar\\\/5a2567495ba16b852fcd8f1ed006a2e24fcace936018ed8237e95f488ad6e0a7?s=96&d=mm&r=g\",\"url\":\"https:\\\/\\\/secure.gravatar.com\\\/avatar\\\/5a2567495ba16b852fcd8f1ed006a2e24fcace936018ed8237e95f488ad6e0a7?s=96&d=mm&r=g\",\"contentUrl\":\"https:\\\/\\\/secure.gravatar.com\\\/avatar\\\/5a2567495ba16b852fcd8f1ed006a2e24fcace936018ed8237e95f488ad6e0a7?s=96&d=mm&r=g\",\"caption\":\"diario2\"},\"url\":\"https:\\\/\\\/diariotextual.com\\\/inicio\\\/index.php\\\/author\\\/diario2\\\/\"}]}<\/script>\n<!-- \/ Yoast SEO plugin. -->","yoast_head_json":{"title":"El presidente firm\u00f3 el decreto que otorga la quinta jerarquizaci\u00f3n salarial a cient\u00edficos del Conicet - Diario Textual","robots":{"index":"index","follow":"follow","max-snippet":"max-snippet:-1","max-image-preview":"max-image-preview:large","max-video-preview":"max-video-preview:-1"},"canonical":"https:\/\/diariotextual.com\/inicio\/index.php\/2023\/05\/29\/el-presidente-firmo-el-decreto-que-otorga-la-quinta-jerarquizacion-salarial-a-cientificos-del-conicet\/","og_locale":"es_ES","og_type":"article","og_title":"El presidente firm\u00f3 el decreto que otorga la quinta jerarquizaci\u00f3n salarial a cient\u00edficos del Conicet - Diario Textual","og_description":"El presidente Alberto Fern\u00e1ndez firm\u00f3 hoy el decreto correspondiente a la quinta jerarquizaci\u00f3n salarial para investigadores del Conicet, que implica una nueva mejora para los sueldos del 10%. La medida&hellip;","og_url":"https:\/\/diariotextual.com\/inicio\/index.php\/2023\/05\/29\/el-presidente-firmo-el-decreto-que-otorga-la-quinta-jerarquizacion-salarial-a-cientificos-del-conicet\/","og_site_name":"Diario Textual","article_publisher":"https:\/\/www.facebook.com\/eltextual","article_published_time":"2023-05-30T00:22:44+00:00","article_modified_time":"2023-05-30T00:22:47+00:00","og_image":[{"width":810,"height":498,"url":"https:\/\/diariotextual.com\/inicio\/wp-content\/uploads\/2020\/01\/conicet567.jpg","type":"image\/jpeg"}],"author":"diario2","twitter_card":"summary_large_image","twitter_creator":"@eltextual","twitter_site":"@eltextual","twitter_misc":{"Escrito por":"diario2","Tiempo de lectura":"2 minutos"},"schema":{"@context":"https:\/\/schema.org","@graph":[{"@type":"Article","@id":"https:\/\/diariotextual.com\/inicio\/index.php\/2023\/05\/29\/el-presidente-firmo-el-decreto-que-otorga-la-quinta-jerarquizacion-salarial-a-cientificos-del-conicet\/#article","isPartOf":{"@id":"https:\/\/diariotextual.com\/inicio\/index.php\/2023\/05\/29\/el-presidente-firmo-el-decreto-que-otorga-la-quinta-jerarquizacion-salarial-a-cientificos-del-conicet\/"},"author":{"name":"diario2","@id":"https:\/\/diariotextual.com\/inicio\/#\/schema\/person\/694f60677f23c4a530867a98f22b3768"},"headline":"El presidente firm\u00f3 el decreto que otorga la quinta jerarquizaci\u00f3n salarial a cient\u00edficos del Conicet","datePublished":"2023-05-30T00:22:44+00:00","dateModified":"2023-05-30T00:22:47+00:00","mainEntityOfPage":{"@id":"https:\/\/diariotextual.com\/inicio\/index.php\/2023\/05\/29\/el-presidente-firmo-el-decreto-que-otorga-la-quinta-jerarquizacion-salarial-a-cientificos-del-conicet\/"},"wordCount":347,"publisher":{"@id":"https:\/\/diariotextual.com\/inicio\/#organization"},"image":{"@id":"https:\/\/diariotextual.com\/inicio\/index.php\/2023\/05\/29\/el-presidente-firmo-el-decreto-que-otorga-la-quinta-jerarquizacion-salarial-a-cientificos-del-conicet\/#primaryimage"},"thumbnailUrl":"https:\/\/diariotextual.com\/inicio\/wp-content\/uploads\/2020\/01\/conicet567.jpg","keywords":["conicet"],"articleSection":["A - ES NOTICIA (van abajo)","SOCIEDAD"],"inLanguage":"es"},{"@type":"WebPage","@id":"https:\/\/diariotextual.com\/inicio\/index.php\/2023\/05\/29\/el-presidente-firmo-el-decreto-que-otorga-la-quinta-jerarquizacion-salarial-a-cientificos-del-conicet\/","url":"https:\/\/diariotextual.com\/inicio\/index.php\/2023\/05\/29\/el-presidente-firmo-el-decreto-que-otorga-la-quinta-jerarquizacion-salarial-a-cientificos-del-conicet\/","name":"El presidente firm\u00f3 el decreto que otorga la quinta jerarquizaci\u00f3n salarial a cient\u00edficos del Conicet - Diario Textual","isPartOf":{"@id":"https:\/\/diariotextual.com\/inicio\/#website"},"primaryImageOfPage":{"@id":"https:\/\/diariotextual.com\/inicio\/index.php\/2023\/05\/29\/el-presidente-firmo-el-decreto-que-otorga-la-quinta-jerarquizacion-salarial-a-cientificos-del-conicet\/#primaryimage"},"image":{"@id":"https:\/\/diariotextual.com\/inicio\/index.php\/2023\/05\/29\/el-presidente-firmo-el-decreto-que-otorga-la-quinta-jerarquizacion-salarial-a-cientificos-del-conicet\/#primaryimage"},"thumbnailUrl":"https:\/\/diariotextual.com\/inicio\/wp-content\/uploads\/2020\/01\/conicet567.jpg","datePublished":"2023-05-30T00:22:44+00:00","dateModified":"2023-05-30T00:22:47+00:00","breadcrumb":{"@id":"https:\/\/diariotextual.com\/inicio\/index.php\/2023\/05\/29\/el-presidente-firmo-el-decreto-que-otorga-la-quinta-jerarquizacion-salarial-a-cientificos-del-conicet\/#breadcrumb"},"inLanguage":"es","potentialAction":[{"@type":"ReadAction","target":["https:\/\/diariotextual.com\/inicio\/index.php\/2023\/05\/29\/el-presidente-firmo-el-decreto-que-otorga-la-quinta-jerarquizacion-salarial-a-cientificos-del-conicet\/"]}]},{"@type":"ImageObject","inLanguage":"es","@id":"https:\/\/diariotextual.com\/inicio\/index.php\/2023\/05\/29\/el-presidente-firmo-el-decreto-que-otorga-la-quinta-jerarquizacion-salarial-a-cientificos-del-conicet\/#primaryimage","url":"https:\/\/diariotextual.com\/inicio\/wp-content\/uploads\/2020\/01\/conicet567.jpg","contentUrl":"https:\/\/diariotextual.com\/inicio\/wp-content\/uploads\/2020\/01\/conicet567.jpg","width":810,"height":498},{"@type":"BreadcrumbList","@id":"https:\/\/diariotextual.com\/inicio\/index.php\/2023\/05\/29\/el-presidente-firmo-el-decreto-que-otorga-la-quinta-jerarquizacion-salarial-a-cientificos-del-conicet\/#breadcrumb","itemListElement":[{"@type":"ListItem","position":1,"name":"Portada","item":"https:\/\/diariotextual.com\/inicio\/"},{"@type":"ListItem","position":2,"name":"El presidente firm\u00f3 el decreto que otorga la quinta jerarquizaci\u00f3n salarial a cient\u00edficos del Conicet"}]},{"@type":"WebSite","@id":"https:\/\/diariotextual.com\/inicio\/#website","url":"https:\/\/diariotextual.com\/inicio\/","name":"Diario Textual","description":"","publisher":{"@id":"https:\/\/diariotextual.com\/inicio\/#organization"},"potentialAction":[{"@type":"SearchAction","target":{"@type":"EntryPoint","urlTemplate":"https:\/\/diariotextual.com\/inicio\/?s={search_term_string}"},"query-input":{"@type":"PropertyValueSpecification","valueRequired":true,"valueName":"search_term_string"}}],"inLanguage":"es"},{"@type":"Organization","@id":"https:\/\/diariotextual.com\/inicio\/#organization","name":"Diario Textual","url":"https:\/\/diariotextual.com\/inicio\/","logo":{"@type":"ImageObject","inLanguage":"es","@id":"https:\/\/diariotextual.com\/inicio\/#\/schema\/logo\/image\/","url":"https:\/\/diariotextual.com\/inicio\/wp-content\/uploads\/2023\/05\/logotextual1.jpg","contentUrl":"https:\/\/diariotextual.com\/inicio\/wp-content\/uploads\/2023\/05\/logotextual1.jpg","width":516,"height":76,"caption":"Diario Textual"},"image":{"@id":"https:\/\/diariotextual.com\/inicio\/#\/schema\/logo\/image\/"},"sameAs":["https:\/\/www.facebook.com\/eltextual","https:\/\/x.com\/eltextual","http:\/\/www.instagram.com\/eltextual"]},{"@type":"Person","@id":"https:\/\/diariotextual.com\/inicio\/#\/schema\/person\/694f60677f23c4a530867a98f22b3768","name":"diario2","image":{"@type":"ImageObject","inLanguage":"es","@id":"https:\/\/secure.gravatar.com\/avatar\/5a2567495ba16b852fcd8f1ed006a2e24fcace936018ed8237e95f488ad6e0a7?s=96&d=mm&r=g","url":"https:\/\/secure.gravatar.com\/avatar\/5a2567495ba16b852fcd8f1ed006a2e24fcace936018ed8237e95f488ad6e0a7?s=96&d=mm&r=g","contentUrl":"https:\/\/secure.gravatar.com\/avatar\/5a2567495ba16b852fcd8f1ed006a2e24fcace936018ed8237e95f488ad6e0a7?s=96&d=mm&r=g","caption":"diario2"},"url":"https:\/\/diariotextual.com\/inicio\/index.php\/author\/diario2\/"}]}},"_links":{"self":[{"href":"https:\/\/diariotextual.com\/inicio\/index.php\/wp-json\/wp\/v2\/posts\/226845","targetHints":{"allow":["GET"]}}],"collection":[{"href":"https:\/\/diariotextual.com\/inicio\/index.php\/wp-json\/wp\/v2\/posts"}],"about":[{"href":"https:\/\/diariotextual.com\/inicio\/index.php\/wp-json\/wp\/v2\/types\/post"}],"author":[{"embeddable":true,"href":"https:\/\/diariotextual.com\/inicio\/index.php\/wp-json\/wp\/v2\/users\/4"}],"replies":[{"embeddable":true,"href":"https:\/\/diariotextual.com\/inicio\/index.php\/wp-json\/wp\/v2\/comments?post=226845"}],"version-history":[{"count":1,"href":"https:\/\/diariotextual.com\/inicio\/index.php\/wp-json\/wp\/v2\/posts\/226845\/revisions"}],"predecessor-version":[{"id":226846,"href":"https:\/\/diariotextual.com\/inicio\/index.php\/wp-json\/wp\/v2\/posts\/226845\/revisions\/226846"}],"wp:featuredmedia":[{"embeddable":true,"href":"https:\/\/diariotextual.com\/inicio\/index.php\/wp-json\/wp\/v2\/media\/76638"}],"wp:attachment":[{"href":"https:\/\/diariotextual.com\/inicio\/index.php\/wp-json\/wp\/v2\/media?parent=226845"}],"wp:term":[{"taxonomy":"category","embeddable":true,"href":"https:\/\/diariotextual.com\/inicio\/index.php\/wp-json\/wp\/v2\/categories?post=226845"},{"taxonomy":"post_tag","embeddable":true,"href":"https:\/\/diariotextual.com\/inicio\/index.php\/wp-json\/wp\/v2\/tags?post=226845"}],"curies":[{"name":"wp","href":"https:\/\/api.w.org\/{rel}","templated":true}]}}