{"id":226859,"date":"2023-05-30T06:57:48","date_gmt":"2023-05-30T09:57:48","guid":{"rendered":"https:\/\/diariotextual.com\/inicio\/?p=226859"},"modified":"2023-05-30T06:57:50","modified_gmt":"2023-05-30T09:57:50","slug":"victorica-ya-cuenta-con-su-puesto-digital-de-tramites-documentarios","status":"publish","type":"post","link":"https:\/\/diariotextual.com\/inicio\/index.php\/2023\/05\/30\/victorica-ya-cuenta-con-su-puesto-digital-de-tramites-documentarios\/","title":{"rendered":"Victorica ya cuenta con su puesto digital de tr\u00e1mites documentarios"},"content":{"rendered":"\n<p>El Ministerio de Gobierno, Justicia y Derechos Humanos de La Pampa incorpor\u00f3 un nuevo p<strong>uesto digital de toma de tr\u00e1mites de DNI y pasaportes en el Registro Civil de Victorica<\/strong>. Tambi\u00e9n se capacit\u00f3 al personal del Registro en la toma de tr\u00e1mites DNI y Pasaporte con el nuevo equipamiento.<\/p>\n\n\n\n<p>La incorporaci\u00f3n de este servicio representa un gran avance en el objetivo fijado desde el Gobierno provincial de que cada pampeano tenga acceso a gestionar su documentaci\u00f3n personal en el lugar de su residencia, sin tener que trasladarse a otra localidad para ello.<\/p>\n\n\n\n<p>El equipamiento consta de un CPU con acceso al sistema del Registro Nacional de las Personas, con las herramientas tecnol\u00f3gicas -esc\u00e1ner, c\u00e1mara digital e impresora l\u00e1ser- que permiten la toma de datos biom\u00e9tricos digitales, tales como firma electr\u00f3nica y huellas dactilosc\u00f3picas, las cuales de manera online se comunican a RENAPER para la prosecuci\u00f3n del tr\u00e1mite.<\/p>\n\n\n\n<p>Todo este equipamiento, adem\u00e1s, servir\u00e1 para el trabajo registral, en cuanto se podr\u00e1 acceder al sistema inform\u00e1tico de la Direcci\u00f3n General del Registro Civil para generar actas digitales de todo tipo.<\/p>\n\n\n\n<p>Esta decisi\u00f3n implica dotar a una nueva localidad de un servicio de car\u00e1cter esencial para el efectivo ejercicio del derecho a la identidad. Desde su puesta en marcha se podr\u00e1n solicitar todos los tr\u00e1mites habilitados por el Registro Nacional de las Personas (RENAPER): DNI 0 a\u00f1os, actualizaciones de ni\u00f1os, ni\u00f1as y adolescentes, reposiciones por deterioro, p\u00e9rdida, robo o hurto, rectificaciones de toda \u00edndole, Pasaportes y Certificados de Pre Identificaci\u00f3n.<\/p>\n\n\n\n<p>Siguiendo los lineamientos del gobernador Sergio Ziliotto, se reafirma de esta manera, el proceso de descentralizaci\u00f3n territorial, se revaloriza y jerarquizan las funciones de los Registro Civiles locales, transform\u00e1ndolos nuevamente en centros integrales de atenci\u00f3n, generando v\u00ednculos de pertenencia y arraigo en las comunidades locales.<\/p>\n","protected":false},"excerpt":{"rendered":"<p>El Ministerio de Gobierno, Justicia y Derechos Humanos de La Pampa incorpor\u00f3 un nuevo puesto digital de toma de tr\u00e1mites de DNI y pasaportes en el Registro Civil de Victorica.&hellip;<\/p>\n","protected":false},"author":4,"featured_media":226862,"comment_status":"closed","ping_status":"open","sticky":false,"template":"","format":"standard","meta":{"_acf_changed":false,"footnotes":""},"categories":[1,12],"tags":[],"class_list":["post-226859","post","type-post","status-publish","format-standard","has-post-thumbnail","hentry","category-es-noticia","category-sociedad"],"acf":[],"yoast_head":"<!-- This site is optimized with the Yoast SEO plugin v27.5 - https:\/\/yoast.com\/product\/yoast-seo-wordpress\/ -->\n<title>Victorica ya cuenta con su puesto digital de tr\u00e1mites documentarios - Diario Textual<\/title>\n<meta name=\"robots\" content=\"index, follow, max-snippet:-1, max-image-preview:large, max-video-preview:-1\" \/>\n<link rel=\"canonical\" href=\"https:\/\/diariotextual.com\/inicio\/index.php\/2023\/05\/30\/victorica-ya-cuenta-con-su-puesto-digital-de-tramites-documentarios\/\" \/>\n<meta property=\"og:locale\" content=\"es_ES\" \/>\n<meta property=\"og:type\" content=\"article\" \/>\n<meta property=\"og:title\" content=\"Victorica ya cuenta con su puesto digital de tr\u00e1mites documentarios - Diario Textual\" \/>\n<meta property=\"og:description\" content=\"El Ministerio de Gobierno, Justicia y Derechos Humanos de La Pampa incorpor\u00f3 un nuevo puesto digital de toma de tr\u00e1mites de DNI y pasaportes en el Registro Civil de Victorica.&hellip;\" \/>\n<meta property=\"og:url\" content=\"https:\/\/diariotextual.com\/inicio\/index.php\/2023\/05\/30\/victorica-ya-cuenta-con-su-puesto-digital-de-tramites-documentarios\/\" \/>\n<meta property=\"og:site_name\" content=\"Diario Textual\" \/>\n<meta property=\"article:publisher\" content=\"https:\/\/www.facebook.com\/eltextual\" \/>\n<meta property=\"article:published_time\" content=\"2023-05-30T09:57:48+00:00\" \/>\n<meta property=\"article:modified_time\" content=\"2023-05-30T09:57:50+00:00\" \/>\n<meta property=\"og:image\" content=\"https:\/\/diariotextual.com\/inicio\/wp-content\/uploads\/2023\/05\/victoricapuestodigital67436.jpg\" \/>\n\t<meta property=\"og:image:width\" content=\"900\" \/>\n\t<meta property=\"og:image:height\" content=\"650\" \/>\n\t<meta property=\"og:image:type\" content=\"image\/jpeg\" \/>\n<meta name=\"author\" content=\"diario2\" \/>\n<meta name=\"twitter:card\" content=\"summary_large_image\" \/>\n<meta name=\"twitter:creator\" content=\"@eltextual\" \/>\n<meta name=\"twitter:site\" content=\"@eltextual\" \/>\n<meta name=\"twitter:label1\" content=\"Escrito por\" \/>\n\t<meta name=\"twitter:data1\" content=\"diario2\" \/>\n\t<meta name=\"twitter:label2\" content=\"Tiempo de lectura\" \/>\n\t<meta name=\"twitter:data2\" content=\"2 minutos\" \/>\n<script type=\"application\/ld+json\" class=\"yoast-schema-graph\">{\"@context\":\"https:\\\/\\\/schema.org\",\"@graph\":[{\"@type\":\"Article\",\"@id\":\"https:\\\/\\\/diariotextual.com\\\/inicio\\\/index.php\\\/2023\\\/05\\\/30\\\/victorica-ya-cuenta-con-su-puesto-digital-de-tramites-documentarios\\\/#article\",\"isPartOf\":{\"@id\":\"https:\\\/\\\/diariotextual.com\\\/inicio\\\/index.php\\\/2023\\\/05\\\/30\\\/victorica-ya-cuenta-con-su-puesto-digital-de-tramites-documentarios\\\/\"},\"author\":{\"name\":\"diario2\",\"@id\":\"https:\\\/\\\/diariotextual.com\\\/inicio\\\/#\\\/schema\\\/person\\\/694f60677f23c4a530867a98f22b3768\"},\"headline\":\"Victorica ya cuenta con su puesto digital de tr\u00e1mites documentarios\",\"datePublished\":\"2023-05-30T09:57:48+00:00\",\"dateModified\":\"2023-05-30T09:57:50+00:00\",\"mainEntityOfPage\":{\"@id\":\"https:\\\/\\\/diariotextual.com\\\/inicio\\\/index.php\\\/2023\\\/05\\\/30\\\/victorica-ya-cuenta-con-su-puesto-digital-de-tramites-documentarios\\\/\"},\"wordCount\":332,\"publisher\":{\"@id\":\"https:\\\/\\\/diariotextual.com\\\/inicio\\\/#organization\"},\"image\":{\"@id\":\"https:\\\/\\\/diariotextual.com\\\/inicio\\\/index.php\\\/2023\\\/05\\\/30\\\/victorica-ya-cuenta-con-su-puesto-digital-de-tramites-documentarios\\\/#primaryimage\"},\"thumbnailUrl\":\"https:\\\/\\\/diariotextual.com\\\/inicio\\\/wp-content\\\/uploads\\\/2023\\\/05\\\/victoricapuestodigital67436.jpg\",\"articleSection\":[\"A - ES NOTICIA (van abajo)\",\"SOCIEDAD\"],\"inLanguage\":\"es\"},{\"@type\":\"WebPage\",\"@id\":\"https:\\\/\\\/diariotextual.com\\\/inicio\\\/index.php\\\/2023\\\/05\\\/30\\\/victorica-ya-cuenta-con-su-puesto-digital-de-tramites-documentarios\\\/\",\"url\":\"https:\\\/\\\/diariotextual.com\\\/inicio\\\/index.php\\\/2023\\\/05\\\/30\\\/victorica-ya-cuenta-con-su-puesto-digital-de-tramites-documentarios\\\/\",\"name\":\"Victorica ya cuenta con su puesto digital de tr\u00e1mites documentarios - Diario Textual\",\"isPartOf\":{\"@id\":\"https:\\\/\\\/diariotextual.com\\\/inicio\\\/#website\"},\"primaryImageOfPage\":{\"@id\":\"https:\\\/\\\/diariotextual.com\\\/inicio\\\/index.php\\\/2023\\\/05\\\/30\\\/victorica-ya-cuenta-con-su-puesto-digital-de-tramites-documentarios\\\/#primaryimage\"},\"image\":{\"@id\":\"https:\\\/\\\/diariotextual.com\\\/inicio\\\/index.php\\\/2023\\\/05\\\/30\\\/victorica-ya-cuenta-con-su-puesto-digital-de-tramites-documentarios\\\/#primaryimage\"},\"thumbnailUrl\":\"https:\\\/\\\/diariotextual.com\\\/inicio\\\/wp-content\\\/uploads\\\/2023\\\/05\\\/victoricapuestodigital67436.jpg\",\"datePublished\":\"2023-05-30T09:57:48+00:00\",\"dateModified\":\"2023-05-30T09:57:50+00:00\",\"breadcrumb\":{\"@id\":\"https:\\\/\\\/diariotextual.com\\\/inicio\\\/index.php\\\/2023\\\/05\\\/30\\\/victorica-ya-cuenta-con-su-puesto-digital-de-tramites-documentarios\\\/#breadcrumb\"},\"inLanguage\":\"es\",\"potentialAction\":[{\"@type\":\"ReadAction\",\"target\":[\"https:\\\/\\\/diariotextual.com\\\/inicio\\\/index.php\\\/2023\\\/05\\\/30\\\/victorica-ya-cuenta-con-su-puesto-digital-de-tramites-documentarios\\\/\"]}]},{\"@type\":\"ImageObject\",\"inLanguage\":\"es\",\"@id\":\"https:\\\/\\\/diariotextual.com\\\/inicio\\\/index.php\\\/2023\\\/05\\\/30\\\/victorica-ya-cuenta-con-su-puesto-digital-de-tramites-documentarios\\\/#primaryimage\",\"url\":\"https:\\\/\\\/diariotextual.com\\\/inicio\\\/wp-content\\\/uploads\\\/2023\\\/05\\\/victoricapuestodigital67436.jpg\",\"contentUrl\":\"https:\\\/\\\/diariotextual.com\\\/inicio\\\/wp-content\\\/uploads\\\/2023\\\/05\\\/victoricapuestodigital67436.jpg\",\"width\":900,\"height\":650},{\"@type\":\"BreadcrumbList\",\"@id\":\"https:\\\/\\\/diariotextual.com\\\/inicio\\\/index.php\\\/2023\\\/05\\\/30\\\/victorica-ya-cuenta-con-su-puesto-digital-de-tramites-documentarios\\\/#breadcrumb\",\"itemListElement\":[{\"@type\":\"ListItem\",\"position\":1,\"name\":\"Portada\",\"item\":\"https:\\\/\\\/diariotextual.com\\\/inicio\\\/\"},{\"@type\":\"ListItem\",\"position\":2,\"name\":\"Victorica ya cuenta con su puesto digital de tr\u00e1mites documentarios\"}]},{\"@type\":\"WebSite\",\"@id\":\"https:\\\/\\\/diariotextual.com\\\/inicio\\\/#website\",\"url\":\"https:\\\/\\\/diariotextual.com\\\/inicio\\\/\",\"name\":\"Diario Textual\",\"description\":\"\",\"publisher\":{\"@id\":\"https:\\\/\\\/diariotextual.com\\\/inicio\\\/#organization\"},\"potentialAction\":[{\"@type\":\"SearchAction\",\"target\":{\"@type\":\"EntryPoint\",\"urlTemplate\":\"https:\\\/\\\/diariotextual.com\\\/inicio\\\/?s={search_term_string}\"},\"query-input\":{\"@type\":\"PropertyValueSpecification\",\"valueRequired\":true,\"valueName\":\"search_term_string\"}}],\"inLanguage\":\"es\"},{\"@type\":\"Organization\",\"@id\":\"https:\\\/\\\/diariotextual.com\\\/inicio\\\/#organization\",\"name\":\"Diario Textual\",\"url\":\"https:\\\/\\\/diariotextual.com\\\/inicio\\\/\",\"logo\":{\"@type\":\"ImageObject\",\"inLanguage\":\"es\",\"@id\":\"https:\\\/\\\/diariotextual.com\\\/inicio\\\/#\\\/schema\\\/logo\\\/image\\\/\",\"url\":\"https:\\\/\\\/diariotextual.com\\\/inicio\\\/wp-content\\\/uploads\\\/2023\\\/05\\\/logotextual1.jpg\",\"contentUrl\":\"https:\\\/\\\/diariotextual.com\\\/inicio\\\/wp-content\\\/uploads\\\/2023\\\/05\\\/logotextual1.jpg\",\"width\":516,\"height\":76,\"caption\":\"Diario Textual\"},\"image\":{\"@id\":\"https:\\\/\\\/diariotextual.com\\\/inicio\\\/#\\\/schema\\\/logo\\\/image\\\/\"},\"sameAs\":[\"https:\\\/\\\/www.facebook.com\\\/eltextual\",\"https:\\\/\\\/x.com\\\/eltextual\",\"http:\\\/\\\/www.instagram.com\\\/eltextual\"]},{\"@type\":\"Person\",\"@id\":\"https:\\\/\\\/diariotextual.com\\\/inicio\\\/#\\\/schema\\\/person\\\/694f60677f23c4a530867a98f22b3768\",\"name\":\"diario2\",\"image\":{\"@type\":\"ImageObject\",\"inLanguage\":\"es\",\"@id\":\"https:\\\/\\\/secure.gravatar.com\\\/avatar\\\/5a2567495ba16b852fcd8f1ed006a2e24fcace936018ed8237e95f488ad6e0a7?s=96&d=mm&r=g\",\"url\":\"https:\\\/\\\/secure.gravatar.com\\\/avatar\\\/5a2567495ba16b852fcd8f1ed006a2e24fcace936018ed8237e95f488ad6e0a7?s=96&d=mm&r=g\",\"contentUrl\":\"https:\\\/\\\/secure.gravatar.com\\\/avatar\\\/5a2567495ba16b852fcd8f1ed006a2e24fcace936018ed8237e95f488ad6e0a7?s=96&d=mm&r=g\",\"caption\":\"diario2\"},\"url\":\"https:\\\/\\\/diariotextual.com\\\/inicio\\\/index.php\\\/author\\\/diario2\\\/\"}]}<\/script>\n<!-- \/ Yoast SEO plugin. -->","yoast_head_json":{"title":"Victorica ya cuenta con su puesto digital de tr\u00e1mites documentarios - Diario Textual","robots":{"index":"index","follow":"follow","max-snippet":"max-snippet:-1","max-image-preview":"max-image-preview:large","max-video-preview":"max-video-preview:-1"},"canonical":"https:\/\/diariotextual.com\/inicio\/index.php\/2023\/05\/30\/victorica-ya-cuenta-con-su-puesto-digital-de-tramites-documentarios\/","og_locale":"es_ES","og_type":"article","og_title":"Victorica ya cuenta con su puesto digital de tr\u00e1mites documentarios - Diario Textual","og_description":"El Ministerio de Gobierno, Justicia y Derechos Humanos de La Pampa incorpor\u00f3 un nuevo puesto digital de toma de tr\u00e1mites de DNI y pasaportes en el Registro Civil de Victorica.&hellip;","og_url":"https:\/\/diariotextual.com\/inicio\/index.php\/2023\/05\/30\/victorica-ya-cuenta-con-su-puesto-digital-de-tramites-documentarios\/","og_site_name":"Diario Textual","article_publisher":"https:\/\/www.facebook.com\/eltextual","article_published_time":"2023-05-30T09:57:48+00:00","article_modified_time":"2023-05-30T09:57:50+00:00","og_image":[{"width":900,"height":650,"url":"https:\/\/diariotextual.com\/inicio\/wp-content\/uploads\/2023\/05\/victoricapuestodigital67436.jpg","type":"image\/jpeg"}],"author":"diario2","twitter_card":"summary_large_image","twitter_creator":"@eltextual","twitter_site":"@eltextual","twitter_misc":{"Escrito por":"diario2","Tiempo de lectura":"2 minutos"},"schema":{"@context":"https:\/\/schema.org","@graph":[{"@type":"Article","@id":"https:\/\/diariotextual.com\/inicio\/index.php\/2023\/05\/30\/victorica-ya-cuenta-con-su-puesto-digital-de-tramites-documentarios\/#article","isPartOf":{"@id":"https:\/\/diariotextual.com\/inicio\/index.php\/2023\/05\/30\/victorica-ya-cuenta-con-su-puesto-digital-de-tramites-documentarios\/"},"author":{"name":"diario2","@id":"https:\/\/diariotextual.com\/inicio\/#\/schema\/person\/694f60677f23c4a530867a98f22b3768"},"headline":"Victorica ya cuenta con su puesto digital de tr\u00e1mites documentarios","datePublished":"2023-05-30T09:57:48+00:00","dateModified":"2023-05-30T09:57:50+00:00","mainEntityOfPage":{"@id":"https:\/\/diariotextual.com\/inicio\/index.php\/2023\/05\/30\/victorica-ya-cuenta-con-su-puesto-digital-de-tramites-documentarios\/"},"wordCount":332,"publisher":{"@id":"https:\/\/diariotextual.com\/inicio\/#organization"},"image":{"@id":"https:\/\/diariotextual.com\/inicio\/index.php\/2023\/05\/30\/victorica-ya-cuenta-con-su-puesto-digital-de-tramites-documentarios\/#primaryimage"},"thumbnailUrl":"https:\/\/diariotextual.com\/inicio\/wp-content\/uploads\/2023\/05\/victoricapuestodigital67436.jpg","articleSection":["A - ES NOTICIA (van abajo)","SOCIEDAD"],"inLanguage":"es"},{"@type":"WebPage","@id":"https:\/\/diariotextual.com\/inicio\/index.php\/2023\/05\/30\/victorica-ya-cuenta-con-su-puesto-digital-de-tramites-documentarios\/","url":"https:\/\/diariotextual.com\/inicio\/index.php\/2023\/05\/30\/victorica-ya-cuenta-con-su-puesto-digital-de-tramites-documentarios\/","name":"Victorica ya cuenta con su puesto digital de tr\u00e1mites documentarios - Diario Textual","isPartOf":{"@id":"https:\/\/diariotextual.com\/inicio\/#website"},"primaryImageOfPage":{"@id":"https:\/\/diariotextual.com\/inicio\/index.php\/2023\/05\/30\/victorica-ya-cuenta-con-su-puesto-digital-de-tramites-documentarios\/#primaryimage"},"image":{"@id":"https:\/\/diariotextual.com\/inicio\/index.php\/2023\/05\/30\/victorica-ya-cuenta-con-su-puesto-digital-de-tramites-documentarios\/#primaryimage"},"thumbnailUrl":"https:\/\/diariotextual.com\/inicio\/wp-content\/uploads\/2023\/05\/victoricapuestodigital67436.jpg","datePublished":"2023-05-30T09:57:48+00:00","dateModified":"2023-05-30T09:57:50+00:00","breadcrumb":{"@id":"https:\/\/diariotextual.com\/inicio\/index.php\/2023\/05\/30\/victorica-ya-cuenta-con-su-puesto-digital-de-tramites-documentarios\/#breadcrumb"},"inLanguage":"es","potentialAction":[{"@type":"ReadAction","target":["https:\/\/diariotextual.com\/inicio\/index.php\/2023\/05\/30\/victorica-ya-cuenta-con-su-puesto-digital-de-tramites-documentarios\/"]}]},{"@type":"ImageObject","inLanguage":"es","@id":"https:\/\/diariotextual.com\/inicio\/index.php\/2023\/05\/30\/victorica-ya-cuenta-con-su-puesto-digital-de-tramites-documentarios\/#primaryimage","url":"https:\/\/diariotextual.com\/inicio\/wp-content\/uploads\/2023\/05\/victoricapuestodigital67436.jpg","contentUrl":"https:\/\/diariotextual.com\/inicio\/wp-content\/uploads\/2023\/05\/victoricapuestodigital67436.jpg","width":900,"height":650},{"@type":"BreadcrumbList","@id":"https:\/\/diariotextual.com\/inicio\/index.php\/2023\/05\/30\/victorica-ya-cuenta-con-su-puesto-digital-de-tramites-documentarios\/#breadcrumb","itemListElement":[{"@type":"ListItem","position":1,"name":"Portada","item":"https:\/\/diariotextual.com\/inicio\/"},{"@type":"ListItem","position":2,"name":"Victorica ya cuenta con su puesto digital de tr\u00e1mites documentarios"}]},{"@type":"WebSite","@id":"https:\/\/diariotextual.com\/inicio\/#website","url":"https:\/\/diariotextual.com\/inicio\/","name":"Diario Textual","description":"","publisher":{"@id":"https:\/\/diariotextual.com\/inicio\/#organization"},"potentialAction":[{"@type":"SearchAction","target":{"@type":"EntryPoint","urlTemplate":"https:\/\/diariotextual.com\/inicio\/?s={search_term_string}"},"query-input":{"@type":"PropertyValueSpecification","valueRequired":true,"valueName":"search_term_string"}}],"inLanguage":"es"},{"@type":"Organization","@id":"https:\/\/diariotextual.com\/inicio\/#organization","name":"Diario Textual","url":"https:\/\/diariotextual.com\/inicio\/","logo":{"@type":"ImageObject","inLanguage":"es","@id":"https:\/\/diariotextual.com\/inicio\/#\/schema\/logo\/image\/","url":"https:\/\/diariotextual.com\/inicio\/wp-content\/uploads\/2023\/05\/logotextual1.jpg","contentUrl":"https:\/\/diariotextual.com\/inicio\/wp-content\/uploads\/2023\/05\/logotextual1.jpg","width":516,"height":76,"caption":"Diario Textual"},"image":{"@id":"https:\/\/diariotextual.com\/inicio\/#\/schema\/logo\/image\/"},"sameAs":["https:\/\/www.facebook.com\/eltextual","https:\/\/x.com\/eltextual","http:\/\/www.instagram.com\/eltextual"]},{"@type":"Person","@id":"https:\/\/diariotextual.com\/inicio\/#\/schema\/person\/694f60677f23c4a530867a98f22b3768","name":"diario2","image":{"@type":"ImageObject","inLanguage":"es","@id":"https:\/\/secure.gravatar.com\/avatar\/5a2567495ba16b852fcd8f1ed006a2e24fcace936018ed8237e95f488ad6e0a7?s=96&d=mm&r=g","url":"https:\/\/secure.gravatar.com\/avatar\/5a2567495ba16b852fcd8f1ed006a2e24fcace936018ed8237e95f488ad6e0a7?s=96&d=mm&r=g","contentUrl":"https:\/\/secure.gravatar.com\/avatar\/5a2567495ba16b852fcd8f1ed006a2e24fcace936018ed8237e95f488ad6e0a7?s=96&d=mm&r=g","caption":"diario2"},"url":"https:\/\/diariotextual.com\/inicio\/index.php\/author\/diario2\/"}]}},"_links":{"self":[{"href":"https:\/\/diariotextual.com\/inicio\/index.php\/wp-json\/wp\/v2\/posts\/226859","targetHints":{"allow":["GET"]}}],"collection":[{"href":"https:\/\/diariotextual.com\/inicio\/index.php\/wp-json\/wp\/v2\/posts"}],"about":[{"href":"https:\/\/diariotextual.com\/inicio\/index.php\/wp-json\/wp\/v2\/types\/post"}],"author":[{"embeddable":true,"href":"https:\/\/diariotextual.com\/inicio\/index.php\/wp-json\/wp\/v2\/users\/4"}],"replies":[{"embeddable":true,"href":"https:\/\/diariotextual.com\/inicio\/index.php\/wp-json\/wp\/v2\/comments?post=226859"}],"version-history":[{"count":2,"href":"https:\/\/diariotextual.com\/inicio\/index.php\/wp-json\/wp\/v2\/posts\/226859\/revisions"}],"predecessor-version":[{"id":226863,"href":"https:\/\/diariotextual.com\/inicio\/index.php\/wp-json\/wp\/v2\/posts\/226859\/revisions\/226863"}],"wp:featuredmedia":[{"embeddable":true,"href":"https:\/\/diariotextual.com\/inicio\/index.php\/wp-json\/wp\/v2\/media\/226862"}],"wp:attachment":[{"href":"https:\/\/diariotextual.com\/inicio\/index.php\/wp-json\/wp\/v2\/media?parent=226859"}],"wp:term":[{"taxonomy":"category","embeddable":true,"href":"https:\/\/diariotextual.com\/inicio\/index.php\/wp-json\/wp\/v2\/categories?post=226859"},{"taxonomy":"post_tag","embeddable":true,"href":"https:\/\/diariotextual.com\/inicio\/index.php\/wp-json\/wp\/v2\/tags?post=226859"}],"curies":[{"name":"wp","href":"https:\/\/api.w.org\/{rel}","templated":true}]}}