{"id":226934,"date":"2023-05-30T13:56:59","date_gmt":"2023-05-30T16:56:59","guid":{"rendered":"https:\/\/diariotextual.com\/inicio\/?p=226934"},"modified":"2023-05-30T13:57:00","modified_gmt":"2023-05-30T16:57:00","slug":"inauguran-la-muestra-retrospectiva-20-anos-con-la-cultura-en-la-galeria-alfredo-olivo","status":"publish","type":"post","link":"https:\/\/diariotextual.com\/inicio\/index.php\/2023\/05\/30\/inauguran-la-muestra-retrospectiva-20-anos-con-la-cultura-en-la-galeria-alfredo-olivo\/","title":{"rendered":"Inauguran la muestra \u201cRetrospectiva: 20 a\u00f1os con la cultura\u201d en la Galer\u00eda Alfredo Olivo"},"content":{"rendered":"\n<p>Este viernes 2 de junio a las 19.30 horas se inaugurar\u00e1 la muestra multidisciplinaria<strong> \u201cRetrospectiva: 20 a\u00f1os con la cultura\u201d organizada por la Asociaci\u00f3n Cultural Pampa,\u00a0 en la Galer\u00eda Alfredo Olivo del concejo deliberante de Santa Rosa<\/strong>, en San Mart\u00edn 50, primer piso.<\/p>\n\n\n\n<p>El evento ser\u00e1 acompa\u00f1ado por autoridades del cuerpo deliberativo, que recientemente declar\u00f3 de inter\u00e9s municipal la Programaci\u00f3n Cultural Educativa 2023 organizada por la Asociaci\u00f3n.<\/p>\n\n\n\n<p>La muestra ser\u00e1 inaugurada en el marco de la celebraci\u00f3n del vig\u00e9simo aniversario de la instituci\u00f3n y <strong>exhibir\u00e1 fotograf\u00edas, vestuario, utiler\u00eda y registro de audios y videos<\/strong> de la labor cultural realizada por la Asociaci\u00f3n a lo largo de sus veinte a\u00f1os.<\/p>\n\n\n\n<p>Las fotograf\u00edas que la componen son en su mayor\u00eda producciones del victoriense Fabi\u00e1n Mu\u00f1\u00f3z Docampo, y otras cedidas gentilmente por el Archivo Gr\u00e1fico del diario La Arena. Asimismo, parte del vestuario y accesorios que ser\u00e1n exhibidos fueron dise\u00f1ados y confeccionados especialmente por la vestuarista Ruth Furst para cada una de las sesenta y nueve producciones realizadas por la Asociaci\u00f3n.<\/p>\n\n\n\n<p>&nbsp;Tambi\u00e9n se presentar\u00e1n registros de audio y video de algunas de las \u00f3peras presentadas.<\/p>\n\n\n\n<p>La ceremonia de inauguraci\u00f3n iniciar\u00e1 con un video institucional a cargo de la realizadora visual Anah\u00ed C\u00e9spedez, donde se podr\u00e1 conocer el origen de la instituci\u00f3n, seguida de una breve participaci\u00f3n art\u00edstica de los cantantes l\u00edricos del Teatro Col\u00f3n de Buenos Aires, Cristian Karim Taleb (tenor), Norberto Crespi (bar\u00edtono) y Cecyn\u00e9s Peralta (soprano), acompa\u00f1ados por el Coro \u00d3pera de La Pampa. Los cantantes ser\u00e1n acompa\u00f1ados al piano por Mar\u00eda In\u00e9s Natalucci, maestra preparadora de \u00f3pera del Teatro Col\u00f3n de Buenos Aires y la profesora Ver\u00f3nica Baraybar, pianista del coro.<\/p>\n","protected":false},"excerpt":{"rendered":"<p>Este viernes 2 de junio a las 19.30 horas se inaugurar\u00e1 la muestra multidisciplinaria \u201cRetrospectiva: 20 a\u00f1os con la cultura\u201d organizada por la Asociaci\u00f3n Cultural Pampa,\u00a0 en la Galer\u00eda Alfredo&hellip;<\/p>\n","protected":false},"author":4,"featured_media":226937,"comment_status":"closed","ping_status":"open","sticky":false,"template":"","format":"standard","meta":{"_acf_changed":false,"footnotes":""},"categories":[1,2],"tags":[],"class_list":["post-226934","post","type-post","status-publish","format-standard","has-post-thumbnail","hentry","category-es-noticia","category-cultura"],"acf":[],"yoast_head":"<!-- This site is optimized with the Yoast SEO plugin v27.5 - https:\/\/yoast.com\/product\/yoast-seo-wordpress\/ -->\n<title>Inauguran la muestra \u201cRetrospectiva: 20 a\u00f1os con la cultura\u201d en la Galer\u00eda Alfredo Olivo - Diario Textual<\/title>\n<meta name=\"robots\" content=\"index, follow, max-snippet:-1, max-image-preview:large, max-video-preview:-1\" \/>\n<link rel=\"canonical\" href=\"https:\/\/diariotextual.com\/inicio\/index.php\/2023\/05\/30\/inauguran-la-muestra-retrospectiva-20-anos-con-la-cultura-en-la-galeria-alfredo-olivo\/\" \/>\n<meta property=\"og:locale\" content=\"es_ES\" \/>\n<meta property=\"og:type\" content=\"article\" \/>\n<meta property=\"og:title\" content=\"Inauguran la muestra \u201cRetrospectiva: 20 a\u00f1os con la cultura\u201d en la Galer\u00eda Alfredo Olivo - Diario Textual\" \/>\n<meta property=\"og:description\" content=\"Este viernes 2 de junio a las 19.30 horas se inaugurar\u00e1 la muestra multidisciplinaria \u201cRetrospectiva: 20 a\u00f1os con la cultura\u201d organizada por la Asociaci\u00f3n Cultural Pampa,\u00a0 en la Galer\u00eda Alfredo&hellip;\" \/>\n<meta property=\"og:url\" content=\"https:\/\/diariotextual.com\/inicio\/index.php\/2023\/05\/30\/inauguran-la-muestra-retrospectiva-20-anos-con-la-cultura-en-la-galeria-alfredo-olivo\/\" \/>\n<meta property=\"og:site_name\" content=\"Diario Textual\" \/>\n<meta property=\"article:publisher\" content=\"https:\/\/www.facebook.com\/eltextual\" \/>\n<meta property=\"article:published_time\" content=\"2023-05-30T16:56:59+00:00\" \/>\n<meta property=\"article:modified_time\" content=\"2023-05-30T16:57:00+00:00\" \/>\n<meta property=\"og:image\" content=\"https:\/\/diariotextual.com\/inicio\/wp-content\/uploads\/2023\/05\/muestraolivo6432754.jpg\" \/>\n\t<meta property=\"og:image:width\" content=\"900\" \/>\n\t<meta property=\"og:image:height\" content=\"600\" \/>\n\t<meta property=\"og:image:type\" content=\"image\/jpeg\" \/>\n<meta name=\"author\" content=\"diario2\" \/>\n<meta name=\"twitter:card\" content=\"summary_large_image\" \/>\n<meta name=\"twitter:creator\" content=\"@eltextual\" \/>\n<meta name=\"twitter:site\" content=\"@eltextual\" \/>\n<meta name=\"twitter:label1\" content=\"Escrito por\" \/>\n\t<meta name=\"twitter:data1\" content=\"diario2\" \/>\n\t<meta name=\"twitter:label2\" content=\"Tiempo de lectura\" \/>\n\t<meta name=\"twitter:data2\" content=\"2 minutos\" \/>\n<script type=\"application\/ld+json\" class=\"yoast-schema-graph\">{\"@context\":\"https:\\\/\\\/schema.org\",\"@graph\":[{\"@type\":\"Article\",\"@id\":\"https:\\\/\\\/diariotextual.com\\\/inicio\\\/index.php\\\/2023\\\/05\\\/30\\\/inauguran-la-muestra-retrospectiva-20-anos-con-la-cultura-en-la-galeria-alfredo-olivo\\\/#article\",\"isPartOf\":{\"@id\":\"https:\\\/\\\/diariotextual.com\\\/inicio\\\/index.php\\\/2023\\\/05\\\/30\\\/inauguran-la-muestra-retrospectiva-20-anos-con-la-cultura-en-la-galeria-alfredo-olivo\\\/\"},\"author\":{\"name\":\"diario2\",\"@id\":\"https:\\\/\\\/diariotextual.com\\\/inicio\\\/#\\\/schema\\\/person\\\/694f60677f23c4a530867a98f22b3768\"},\"headline\":\"Inauguran la muestra \u201cRetrospectiva: 20 a\u00f1os con la cultura\u201d en la Galer\u00eda Alfredo Olivo\",\"datePublished\":\"2023-05-30T16:56:59+00:00\",\"dateModified\":\"2023-05-30T16:57:00+00:00\",\"mainEntityOfPage\":{\"@id\":\"https:\\\/\\\/diariotextual.com\\\/inicio\\\/index.php\\\/2023\\\/05\\\/30\\\/inauguran-la-muestra-retrospectiva-20-anos-con-la-cultura-en-la-galeria-alfredo-olivo\\\/\"},\"wordCount\":323,\"publisher\":{\"@id\":\"https:\\\/\\\/diariotextual.com\\\/inicio\\\/#organization\"},\"image\":{\"@id\":\"https:\\\/\\\/diariotextual.com\\\/inicio\\\/index.php\\\/2023\\\/05\\\/30\\\/inauguran-la-muestra-retrospectiva-20-anos-con-la-cultura-en-la-galeria-alfredo-olivo\\\/#primaryimage\"},\"thumbnailUrl\":\"https:\\\/\\\/diariotextual.com\\\/inicio\\\/wp-content\\\/uploads\\\/2023\\\/05\\\/muestraolivo6432754.jpg\",\"articleSection\":[\"A - ES NOTICIA (van abajo)\",\"CULTURA\"],\"inLanguage\":\"es\"},{\"@type\":\"WebPage\",\"@id\":\"https:\\\/\\\/diariotextual.com\\\/inicio\\\/index.php\\\/2023\\\/05\\\/30\\\/inauguran-la-muestra-retrospectiva-20-anos-con-la-cultura-en-la-galeria-alfredo-olivo\\\/\",\"url\":\"https:\\\/\\\/diariotextual.com\\\/inicio\\\/index.php\\\/2023\\\/05\\\/30\\\/inauguran-la-muestra-retrospectiva-20-anos-con-la-cultura-en-la-galeria-alfredo-olivo\\\/\",\"name\":\"Inauguran la muestra \u201cRetrospectiva: 20 a\u00f1os con la cultura\u201d en la Galer\u00eda Alfredo Olivo - Diario Textual\",\"isPartOf\":{\"@id\":\"https:\\\/\\\/diariotextual.com\\\/inicio\\\/#website\"},\"primaryImageOfPage\":{\"@id\":\"https:\\\/\\\/diariotextual.com\\\/inicio\\\/index.php\\\/2023\\\/05\\\/30\\\/inauguran-la-muestra-retrospectiva-20-anos-con-la-cultura-en-la-galeria-alfredo-olivo\\\/#primaryimage\"},\"image\":{\"@id\":\"https:\\\/\\\/diariotextual.com\\\/inicio\\\/index.php\\\/2023\\\/05\\\/30\\\/inauguran-la-muestra-retrospectiva-20-anos-con-la-cultura-en-la-galeria-alfredo-olivo\\\/#primaryimage\"},\"thumbnailUrl\":\"https:\\\/\\\/diariotextual.com\\\/inicio\\\/wp-content\\\/uploads\\\/2023\\\/05\\\/muestraolivo6432754.jpg\",\"datePublished\":\"2023-05-30T16:56:59+00:00\",\"dateModified\":\"2023-05-30T16:57:00+00:00\",\"breadcrumb\":{\"@id\":\"https:\\\/\\\/diariotextual.com\\\/inicio\\\/index.php\\\/2023\\\/05\\\/30\\\/inauguran-la-muestra-retrospectiva-20-anos-con-la-cultura-en-la-galeria-alfredo-olivo\\\/#breadcrumb\"},\"inLanguage\":\"es\",\"potentialAction\":[{\"@type\":\"ReadAction\",\"target\":[\"https:\\\/\\\/diariotextual.com\\\/inicio\\\/index.php\\\/2023\\\/05\\\/30\\\/inauguran-la-muestra-retrospectiva-20-anos-con-la-cultura-en-la-galeria-alfredo-olivo\\\/\"]}]},{\"@type\":\"ImageObject\",\"inLanguage\":\"es\",\"@id\":\"https:\\\/\\\/diariotextual.com\\\/inicio\\\/index.php\\\/2023\\\/05\\\/30\\\/inauguran-la-muestra-retrospectiva-20-anos-con-la-cultura-en-la-galeria-alfredo-olivo\\\/#primaryimage\",\"url\":\"https:\\\/\\\/diariotextual.com\\\/inicio\\\/wp-content\\\/uploads\\\/2023\\\/05\\\/muestraolivo6432754.jpg\",\"contentUrl\":\"https:\\\/\\\/diariotextual.com\\\/inicio\\\/wp-content\\\/uploads\\\/2023\\\/05\\\/muestraolivo6432754.jpg\",\"width\":900,\"height\":600},{\"@type\":\"BreadcrumbList\",\"@id\":\"https:\\\/\\\/diariotextual.com\\\/inicio\\\/index.php\\\/2023\\\/05\\\/30\\\/inauguran-la-muestra-retrospectiva-20-anos-con-la-cultura-en-la-galeria-alfredo-olivo\\\/#breadcrumb\",\"itemListElement\":[{\"@type\":\"ListItem\",\"position\":1,\"name\":\"Portada\",\"item\":\"https:\\\/\\\/diariotextual.com\\\/inicio\\\/\"},{\"@type\":\"ListItem\",\"position\":2,\"name\":\"Inauguran la muestra \u201cRetrospectiva: 20 a\u00f1os con la cultura\u201d en la Galer\u00eda Alfredo Olivo\"}]},{\"@type\":\"WebSite\",\"@id\":\"https:\\\/\\\/diariotextual.com\\\/inicio\\\/#website\",\"url\":\"https:\\\/\\\/diariotextual.com\\\/inicio\\\/\",\"name\":\"Diario Textual\",\"description\":\"\",\"publisher\":{\"@id\":\"https:\\\/\\\/diariotextual.com\\\/inicio\\\/#organization\"},\"potentialAction\":[{\"@type\":\"SearchAction\",\"target\":{\"@type\":\"EntryPoint\",\"urlTemplate\":\"https:\\\/\\\/diariotextual.com\\\/inicio\\\/?s={search_term_string}\"},\"query-input\":{\"@type\":\"PropertyValueSpecification\",\"valueRequired\":true,\"valueName\":\"search_term_string\"}}],\"inLanguage\":\"es\"},{\"@type\":\"Organization\",\"@id\":\"https:\\\/\\\/diariotextual.com\\\/inicio\\\/#organization\",\"name\":\"Diario Textual\",\"url\":\"https:\\\/\\\/diariotextual.com\\\/inicio\\\/\",\"logo\":{\"@type\":\"ImageObject\",\"inLanguage\":\"es\",\"@id\":\"https:\\\/\\\/diariotextual.com\\\/inicio\\\/#\\\/schema\\\/logo\\\/image\\\/\",\"url\":\"https:\\\/\\\/diariotextual.com\\\/inicio\\\/wp-content\\\/uploads\\\/2023\\\/05\\\/logotextual1.jpg\",\"contentUrl\":\"https:\\\/\\\/diariotextual.com\\\/inicio\\\/wp-content\\\/uploads\\\/2023\\\/05\\\/logotextual1.jpg\",\"width\":516,\"height\":76,\"caption\":\"Diario Textual\"},\"image\":{\"@id\":\"https:\\\/\\\/diariotextual.com\\\/inicio\\\/#\\\/schema\\\/logo\\\/image\\\/\"},\"sameAs\":[\"https:\\\/\\\/www.facebook.com\\\/eltextual\",\"https:\\\/\\\/x.com\\\/eltextual\",\"http:\\\/\\\/www.instagram.com\\\/eltextual\"]},{\"@type\":\"Person\",\"@id\":\"https:\\\/\\\/diariotextual.com\\\/inicio\\\/#\\\/schema\\\/person\\\/694f60677f23c4a530867a98f22b3768\",\"name\":\"diario2\",\"image\":{\"@type\":\"ImageObject\",\"inLanguage\":\"es\",\"@id\":\"https:\\\/\\\/secure.gravatar.com\\\/avatar\\\/5a2567495ba16b852fcd8f1ed006a2e24fcace936018ed8237e95f488ad6e0a7?s=96&d=mm&r=g\",\"url\":\"https:\\\/\\\/secure.gravatar.com\\\/avatar\\\/5a2567495ba16b852fcd8f1ed006a2e24fcace936018ed8237e95f488ad6e0a7?s=96&d=mm&r=g\",\"contentUrl\":\"https:\\\/\\\/secure.gravatar.com\\\/avatar\\\/5a2567495ba16b852fcd8f1ed006a2e24fcace936018ed8237e95f488ad6e0a7?s=96&d=mm&r=g\",\"caption\":\"diario2\"},\"url\":\"https:\\\/\\\/diariotextual.com\\\/inicio\\\/index.php\\\/author\\\/diario2\\\/\"}]}<\/script>\n<!-- \/ Yoast SEO plugin. -->","yoast_head_json":{"title":"Inauguran la muestra \u201cRetrospectiva: 20 a\u00f1os con la cultura\u201d en la Galer\u00eda Alfredo Olivo - Diario Textual","robots":{"index":"index","follow":"follow","max-snippet":"max-snippet:-1","max-image-preview":"max-image-preview:large","max-video-preview":"max-video-preview:-1"},"canonical":"https:\/\/diariotextual.com\/inicio\/index.php\/2023\/05\/30\/inauguran-la-muestra-retrospectiva-20-anos-con-la-cultura-en-la-galeria-alfredo-olivo\/","og_locale":"es_ES","og_type":"article","og_title":"Inauguran la muestra \u201cRetrospectiva: 20 a\u00f1os con la cultura\u201d en la Galer\u00eda Alfredo Olivo - Diario Textual","og_description":"Este viernes 2 de junio a las 19.30 horas se inaugurar\u00e1 la muestra multidisciplinaria \u201cRetrospectiva: 20 a\u00f1os con la cultura\u201d organizada por la Asociaci\u00f3n Cultural Pampa,\u00a0 en la Galer\u00eda Alfredo&hellip;","og_url":"https:\/\/diariotextual.com\/inicio\/index.php\/2023\/05\/30\/inauguran-la-muestra-retrospectiva-20-anos-con-la-cultura-en-la-galeria-alfredo-olivo\/","og_site_name":"Diario Textual","article_publisher":"https:\/\/www.facebook.com\/eltextual","article_published_time":"2023-05-30T16:56:59+00:00","article_modified_time":"2023-05-30T16:57:00+00:00","og_image":[{"width":900,"height":600,"url":"https:\/\/diariotextual.com\/inicio\/wp-content\/uploads\/2023\/05\/muestraolivo6432754.jpg","type":"image\/jpeg"}],"author":"diario2","twitter_card":"summary_large_image","twitter_creator":"@eltextual","twitter_site":"@eltextual","twitter_misc":{"Escrito por":"diario2","Tiempo de lectura":"2 minutos"},"schema":{"@context":"https:\/\/schema.org","@graph":[{"@type":"Article","@id":"https:\/\/diariotextual.com\/inicio\/index.php\/2023\/05\/30\/inauguran-la-muestra-retrospectiva-20-anos-con-la-cultura-en-la-galeria-alfredo-olivo\/#article","isPartOf":{"@id":"https:\/\/diariotextual.com\/inicio\/index.php\/2023\/05\/30\/inauguran-la-muestra-retrospectiva-20-anos-con-la-cultura-en-la-galeria-alfredo-olivo\/"},"author":{"name":"diario2","@id":"https:\/\/diariotextual.com\/inicio\/#\/schema\/person\/694f60677f23c4a530867a98f22b3768"},"headline":"Inauguran la muestra \u201cRetrospectiva: 20 a\u00f1os con la cultura\u201d en la Galer\u00eda Alfredo Olivo","datePublished":"2023-05-30T16:56:59+00:00","dateModified":"2023-05-30T16:57:00+00:00","mainEntityOfPage":{"@id":"https:\/\/diariotextual.com\/inicio\/index.php\/2023\/05\/30\/inauguran-la-muestra-retrospectiva-20-anos-con-la-cultura-en-la-galeria-alfredo-olivo\/"},"wordCount":323,"publisher":{"@id":"https:\/\/diariotextual.com\/inicio\/#organization"},"image":{"@id":"https:\/\/diariotextual.com\/inicio\/index.php\/2023\/05\/30\/inauguran-la-muestra-retrospectiva-20-anos-con-la-cultura-en-la-galeria-alfredo-olivo\/#primaryimage"},"thumbnailUrl":"https:\/\/diariotextual.com\/inicio\/wp-content\/uploads\/2023\/05\/muestraolivo6432754.jpg","articleSection":["A - ES NOTICIA (van abajo)","CULTURA"],"inLanguage":"es"},{"@type":"WebPage","@id":"https:\/\/diariotextual.com\/inicio\/index.php\/2023\/05\/30\/inauguran-la-muestra-retrospectiva-20-anos-con-la-cultura-en-la-galeria-alfredo-olivo\/","url":"https:\/\/diariotextual.com\/inicio\/index.php\/2023\/05\/30\/inauguran-la-muestra-retrospectiva-20-anos-con-la-cultura-en-la-galeria-alfredo-olivo\/","name":"Inauguran la muestra \u201cRetrospectiva: 20 a\u00f1os con la cultura\u201d en la Galer\u00eda Alfredo Olivo - Diario Textual","isPartOf":{"@id":"https:\/\/diariotextual.com\/inicio\/#website"},"primaryImageOfPage":{"@id":"https:\/\/diariotextual.com\/inicio\/index.php\/2023\/05\/30\/inauguran-la-muestra-retrospectiva-20-anos-con-la-cultura-en-la-galeria-alfredo-olivo\/#primaryimage"},"image":{"@id":"https:\/\/diariotextual.com\/inicio\/index.php\/2023\/05\/30\/inauguran-la-muestra-retrospectiva-20-anos-con-la-cultura-en-la-galeria-alfredo-olivo\/#primaryimage"},"thumbnailUrl":"https:\/\/diariotextual.com\/inicio\/wp-content\/uploads\/2023\/05\/muestraolivo6432754.jpg","datePublished":"2023-05-30T16:56:59+00:00","dateModified":"2023-05-30T16:57:00+00:00","breadcrumb":{"@id":"https:\/\/diariotextual.com\/inicio\/index.php\/2023\/05\/30\/inauguran-la-muestra-retrospectiva-20-anos-con-la-cultura-en-la-galeria-alfredo-olivo\/#breadcrumb"},"inLanguage":"es","potentialAction":[{"@type":"ReadAction","target":["https:\/\/diariotextual.com\/inicio\/index.php\/2023\/05\/30\/inauguran-la-muestra-retrospectiva-20-anos-con-la-cultura-en-la-galeria-alfredo-olivo\/"]}]},{"@type":"ImageObject","inLanguage":"es","@id":"https:\/\/diariotextual.com\/inicio\/index.php\/2023\/05\/30\/inauguran-la-muestra-retrospectiva-20-anos-con-la-cultura-en-la-galeria-alfredo-olivo\/#primaryimage","url":"https:\/\/diariotextual.com\/inicio\/wp-content\/uploads\/2023\/05\/muestraolivo6432754.jpg","contentUrl":"https:\/\/diariotextual.com\/inicio\/wp-content\/uploads\/2023\/05\/muestraolivo6432754.jpg","width":900,"height":600},{"@type":"BreadcrumbList","@id":"https:\/\/diariotextual.com\/inicio\/index.php\/2023\/05\/30\/inauguran-la-muestra-retrospectiva-20-anos-con-la-cultura-en-la-galeria-alfredo-olivo\/#breadcrumb","itemListElement":[{"@type":"ListItem","position":1,"name":"Portada","item":"https:\/\/diariotextual.com\/inicio\/"},{"@type":"ListItem","position":2,"name":"Inauguran la muestra \u201cRetrospectiva: 20 a\u00f1os con la cultura\u201d en la Galer\u00eda Alfredo Olivo"}]},{"@type":"WebSite","@id":"https:\/\/diariotextual.com\/inicio\/#website","url":"https:\/\/diariotextual.com\/inicio\/","name":"Diario Textual","description":"","publisher":{"@id":"https:\/\/diariotextual.com\/inicio\/#organization"},"potentialAction":[{"@type":"SearchAction","target":{"@type":"EntryPoint","urlTemplate":"https:\/\/diariotextual.com\/inicio\/?s={search_term_string}"},"query-input":{"@type":"PropertyValueSpecification","valueRequired":true,"valueName":"search_term_string"}}],"inLanguage":"es"},{"@type":"Organization","@id":"https:\/\/diariotextual.com\/inicio\/#organization","name":"Diario Textual","url":"https:\/\/diariotextual.com\/inicio\/","logo":{"@type":"ImageObject","inLanguage":"es","@id":"https:\/\/diariotextual.com\/inicio\/#\/schema\/logo\/image\/","url":"https:\/\/diariotextual.com\/inicio\/wp-content\/uploads\/2023\/05\/logotextual1.jpg","contentUrl":"https:\/\/diariotextual.com\/inicio\/wp-content\/uploads\/2023\/05\/logotextual1.jpg","width":516,"height":76,"caption":"Diario Textual"},"image":{"@id":"https:\/\/diariotextual.com\/inicio\/#\/schema\/logo\/image\/"},"sameAs":["https:\/\/www.facebook.com\/eltextual","https:\/\/x.com\/eltextual","http:\/\/www.instagram.com\/eltextual"]},{"@type":"Person","@id":"https:\/\/diariotextual.com\/inicio\/#\/schema\/person\/694f60677f23c4a530867a98f22b3768","name":"diario2","image":{"@type":"ImageObject","inLanguage":"es","@id":"https:\/\/secure.gravatar.com\/avatar\/5a2567495ba16b852fcd8f1ed006a2e24fcace936018ed8237e95f488ad6e0a7?s=96&d=mm&r=g","url":"https:\/\/secure.gravatar.com\/avatar\/5a2567495ba16b852fcd8f1ed006a2e24fcace936018ed8237e95f488ad6e0a7?s=96&d=mm&r=g","contentUrl":"https:\/\/secure.gravatar.com\/avatar\/5a2567495ba16b852fcd8f1ed006a2e24fcace936018ed8237e95f488ad6e0a7?s=96&d=mm&r=g","caption":"diario2"},"url":"https:\/\/diariotextual.com\/inicio\/index.php\/author\/diario2\/"}]}},"_links":{"self":[{"href":"https:\/\/diariotextual.com\/inicio\/index.php\/wp-json\/wp\/v2\/posts\/226934","targetHints":{"allow":["GET"]}}],"collection":[{"href":"https:\/\/diariotextual.com\/inicio\/index.php\/wp-json\/wp\/v2\/posts"}],"about":[{"href":"https:\/\/diariotextual.com\/inicio\/index.php\/wp-json\/wp\/v2\/types\/post"}],"author":[{"embeddable":true,"href":"https:\/\/diariotextual.com\/inicio\/index.php\/wp-json\/wp\/v2\/users\/4"}],"replies":[{"embeddable":true,"href":"https:\/\/diariotextual.com\/inicio\/index.php\/wp-json\/wp\/v2\/comments?post=226934"}],"version-history":[{"count":2,"href":"https:\/\/diariotextual.com\/inicio\/index.php\/wp-json\/wp\/v2\/posts\/226934\/revisions"}],"predecessor-version":[{"id":226938,"href":"https:\/\/diariotextual.com\/inicio\/index.php\/wp-json\/wp\/v2\/posts\/226934\/revisions\/226938"}],"wp:featuredmedia":[{"embeddable":true,"href":"https:\/\/diariotextual.com\/inicio\/index.php\/wp-json\/wp\/v2\/media\/226937"}],"wp:attachment":[{"href":"https:\/\/diariotextual.com\/inicio\/index.php\/wp-json\/wp\/v2\/media?parent=226934"}],"wp:term":[{"taxonomy":"category","embeddable":true,"href":"https:\/\/diariotextual.com\/inicio\/index.php\/wp-json\/wp\/v2\/categories?post=226934"},{"taxonomy":"post_tag","embeddable":true,"href":"https:\/\/diariotextual.com\/inicio\/index.php\/wp-json\/wp\/v2\/tags?post=226934"}],"curies":[{"name":"wp","href":"https:\/\/api.w.org\/{rel}","templated":true}]}}