{"id":226971,"date":"2023-05-30T17:33:34","date_gmt":"2023-05-30T20:33:34","guid":{"rendered":"https:\/\/diariotextual.com\/inicio\/?p=226971"},"modified":"2023-05-31T11:09:16","modified_gmt":"2023-05-31T14:09:16","slug":"ziliotto-y-los-funcionarios-que-no-funcionan-que-aludio-verna-no-comento","status":"publish","type":"post","link":"https:\/\/diariotextual.com\/inicio\/index.php\/2023\/05\/30\/ziliotto-y-los-funcionarios-que-no-funcionan-que-aludio-verna-no-comento\/","title":{"rendered":"Ziliotto: \u201cse viene una etapa de mayor horizontalidad en el peronismo\u201d"},"content":{"rendered":"\n<p>El gobernador<strong> Sergio Ziliotto<\/strong> prefiri\u00f3 no contestar las explosivas declaraciones de <strong>Carlos Verna <\/strong>y dijo que se viene un periodo de <strong>\u201cmayor horizontalidad\u201d <\/strong>en el peronismo pampeano.<\/p>\n\n\n\n<p>Ziliotto dialog\u00f3 con la prensa antes de ingresar al encuentro del Consejo Provincial del PJ. \u201cYo quiero agradecer a todos los intendentes, a todos los dirigentes del peronismo por haber logrado que la provincia de La Pampa nuevamente sea gobernada a partir de diciembre por un gobernador peronista en una gran elecci\u00f3n a pesar de casi una tormenta perfecta\u201d, dijo.<\/p>\n\n\n\n<p><strong>-\u00bfQu\u00e9 opini\u00f3n tiene de lo que dijo el exgobernador Carlos Verna de que se gan\u00f3 la gobernaci\u00f3n pero se perdi\u00f3 la provincia?<\/strong><\/p>\n\n\n\n<p>&#8211;No comento. Respeto, pero no comento la posici\u00f3n de otros dirigentes. Sinceramente respeto absolutamente todo. Mi rol hoy ac\u00e1 es repetir el esquema de unidad, de estar todos juntos, porque hemos triunfado una gran elecci\u00f3n el 14 de mayo. Pero tambi\u00e9n lo dije el mismo d\u00eda que ganamos ac\u00e1: creo que el gran desaf\u00edo que tenemos todos los peronistas de la provincia de La Pampa es contribuir desde el peronismo de La Pampa que el 10 de diciembre siga habiendo un gobierno peronista a nivel nacional. Lo necesitamos porque para desarrollar una provincia como la venimos desarrollando desde el justicialismo desde hace mucho tiempo. Necesitamos un gobierno que mire el pa\u00eds en forma federal, que mire los argentinos de la misma manera y creo que ese es el rol que tengo hoy como gobernador, como presidente del partido y teniendo muy bien claro que el principal rol que tengo hoy es seguir gobernando la provincia de La Pampa y dando respuestas d\u00eda tras d\u00eda.<\/p>\n\n\n\n<figure class=\"wp-block-embed is-type-wp-embed is-provider-diario-textual wp-block-embed-diario-textual\"><div class=\"wp-block-embed__wrapper\">\n<blockquote class=\"wp-embedded-content\" data-secret=\"MAsZwuLIeV\"><a href=\"https:\/\/diariotextual.com\/inicio\/index.php\/2023\/05\/30\/contrapuntos-y-pases-de-facturas-en-la-reunion-del-pj\/\">Contrapuntos y pases de facturas en la reuni\u00f3n del PJ<\/a><\/blockquote><iframe class=\"wp-embedded-content\" sandbox=\"allow-scripts\" security=\"restricted\" style=\"position: absolute; clip: rect(1px, 1px, 1px, 1px);\" title=\"\u00abContrapuntos y pases de facturas en la reuni\u00f3n del PJ\u00bb \u2014 Diario Textual\" src=\"https:\/\/diariotextual.com\/inicio\/index.php\/2023\/05\/30\/contrapuntos-y-pases-de-facturas-en-la-reunion-del-pj\/embed\/#?secret=S3biaYjKC2#?secret=MAsZwuLIeV\" data-secret=\"MAsZwuLIeV\" width=\"600\" height=\"338\" frameborder=\"0\" marginwidth=\"0\" marginheight=\"0\" scrolling=\"no\"><\/iframe>\n<\/div><\/figure>\n\n\n\n<p><\/p>\n\n\n\n<p><strong>-\u00bfHablaron hoy con los intendentes de la estrategia para la elecci\u00f3n nacional?<\/strong><\/p>\n\n\n\n<p>-S\u00ed, hemos hablado, hemos escuchado y bueno, hoy tambi\u00e9n seguramente hablaremos con los dirigentes del peronismo de toda la geograf\u00eda provincia. Creo que tenemos que empezar a transitar un camino de un nuevo peronismo. Hoy creo que hay una generaci\u00f3n de dirigentes que tiene que empezar a pensar en hacerse cargo del peronismo, de seguir gobernando la provincia de La Pampa y que, as\u00ed como cada uno hemos contribuido de que haya 44 a\u00f1os de peronismo, haya muchos m\u00e1s a\u00f1os de peronismo en la provincia de La Pampa. Creo que es el rol de los que vienen y creo que, en ese sentido, quienes hoy por hoy tenemos otras responsabilidades, tenemos que hacer lo posible para que todos los dirigentes, hombres y mujeres, tengan las mismas herramientas para crecer pol\u00edticamente. Y bueno, no hay nada mejor que un proceso eleccionario donde la gente vota, donde merit\u00faa, donde castiga, donde premia, para que cada uno de los dirigentes empiece a armar su patrimonio pol\u00edtico.<\/p>\n\n\n\n<figure class=\"wp-block-embed is-type-wp-embed is-provider-diario-textual wp-block-embed-diario-textual\"><div class=\"wp-block-embed__wrapper\">\n<blockquote class=\"wp-embedded-content\" data-secret=\"zBylMlYArT\"><a href=\"https:\/\/diariotextual.com\/inicio\/index.php\/2023\/05\/31\/kelo-schanton-de-villano-a-reivindicado-por-los-intendentes\/\">\u201cKelo\u201d Schanton, de \u201cvillano\u201d a reivindicado por los intendentes<\/a><\/blockquote><iframe class=\"wp-embedded-content\" sandbox=\"allow-scripts\" security=\"restricted\" style=\"position: absolute; clip: rect(1px, 1px, 1px, 1px);\" title=\"\u00ab\u201cKelo\u201d Schanton, de \u201cvillano\u201d a reivindicado por los intendentes\u00bb \u2014 Diario Textual\" src=\"https:\/\/diariotextual.com\/inicio\/index.php\/2023\/05\/31\/kelo-schanton-de-villano-a-reivindicado-por-los-intendentes\/embed\/#?secret=SmehOOCA9a#?secret=zBylMlYArT\" data-secret=\"zBylMlYArT\" width=\"600\" height=\"338\" frameborder=\"0\" marginwidth=\"0\" marginheight=\"0\" scrolling=\"no\"><\/iframe>\n<\/div><\/figure>\n\n\n\n<p><strong>-\u00bfSe va a tratar, entre todas las l\u00edneas, de elegir los candidatos a diputados? \u00bfC\u00f3mo van a manejar eso?<\/strong><\/p>\n\n\n\n<p>-Como siempre, lo charlaremos. Pero creo que hoy hay un escenario que hay una demanda, una demanda de la sociedad, no solo de los dirigentes del peronismo, de mayor participaci\u00f3n, de mayor consenso, de mayor debate de ideas, y creo que en el peronismo estamos en condiciones de estar a la altura de las oportunidades.<\/p>\n\n\n\n<p><strong>-\u00bfSe va a dar libertad de acci\u00f3n?<\/strong><\/p>\n\n\n\n<p>-Siempre hubo libertad de acci\u00f3n, nunca se cercen\u00f3 la oportunidad de nadie se presentar en la elecci\u00f3n. Ahora hay alguna lista que ya&#8230; Una lista mayoritaria, una lista de la mayor\u00eda. Lo decidir\u00e1n los compa\u00f1eros.  Creo que<strong> comienza una etapa de mayor horizontalidad en el PJ de la provincia de La Pampa.<\/strong> Muchas veces se ha planteado que el peronismo necesitaba un adelanto doctrinario, una actualizaci\u00f3n doctrinaria, y bueno, creo que hoy, leyendo cu\u00e1les son las necesidades de la gente, la evoluci\u00f3n del mundo y la evoluci\u00f3n de los distintos partidos pol\u00edticos, hoy<em> aggiornarse <\/em>a la demanda de la sociedad es darle mayor horizontalidad a nuestros dirigentes.<\/p>\n\n\n\n<figure class=\"wp-block-embed is-type-wp-embed is-provider-diario-textual wp-block-embed-diario-textual\"><div class=\"wp-block-embed__wrapper\">\n<blockquote class=\"wp-embedded-content\" data-secret=\"IheTdf87mK\"><a href=\"https:\/\/diariotextual.com\/inicio\/index.php\/2023\/05\/30\/intendentes-a-ziliotto-cuestionamientos-en-areas-de-produccion-desarrollo-social-salud-y-educacion\/\">Intendentes a Ziliotto, entre ciertos puntos a mejorar y respaldo<\/a><\/blockquote><iframe class=\"wp-embedded-content\" sandbox=\"allow-scripts\" security=\"restricted\" style=\"position: absolute; clip: rect(1px, 1px, 1px, 1px);\" title=\"\u00abIntendentes a Ziliotto, entre ciertos puntos a mejorar y respaldo\u00bb \u2014 Diario Textual\" src=\"https:\/\/diariotextual.com\/inicio\/index.php\/2023\/05\/30\/intendentes-a-ziliotto-cuestionamientos-en-areas-de-produccion-desarrollo-social-salud-y-educacion\/embed\/#?secret=sDJKEPfsdE#?secret=IheTdf87mK\" data-secret=\"IheTdf87mK\" width=\"600\" height=\"338\" frameborder=\"0\" marginwidth=\"0\" marginheight=\"0\" scrolling=\"no\"><\/iframe>\n<\/div><\/figure>\n","protected":false},"excerpt":{"rendered":"<p>El gobernador Sergio Ziliotto prefiri\u00f3 no contestar las explosivas declaraciones de Carlos Verna y dijo que se viene un periodo de \u201cmayor horizontalidad\u201d en el peronismo pampeano. Ziliotto dialog\u00f3 con&hellip;<\/p>\n","protected":false},"author":3,"featured_media":217612,"comment_status":"closed","ping_status":"open","sticky":false,"template":"","format":"standard","meta":{"_acf_changed":false,"footnotes":""},"categories":[11,8],"tags":[],"class_list":["post-226971","post","type-post","status-publish","format-standard","has-post-thumbnail","hentry","category-que-pasa","category-politica"],"acf":[],"yoast_head":"<!-- This site is optimized with the Yoast SEO plugin v27.5 - https:\/\/yoast.com\/product\/yoast-seo-wordpress\/ -->\n<title>Ziliotto: \u201cse viene una etapa de mayor horizontalidad en el peronismo\u201d - Diario Textual<\/title>\n<meta name=\"robots\" content=\"index, follow, max-snippet:-1, max-image-preview:large, max-video-preview:-1\" \/>\n<link rel=\"canonical\" href=\"https:\/\/diariotextual.com\/inicio\/index.php\/2023\/05\/30\/ziliotto-y-los-funcionarios-que-no-funcionan-que-aludio-verna-no-comento\/\" \/>\n<meta property=\"og:locale\" content=\"es_ES\" \/>\n<meta property=\"og:type\" content=\"article\" \/>\n<meta property=\"og:title\" content=\"Ziliotto: \u201cse viene una etapa de mayor horizontalidad en el peronismo\u201d - Diario Textual\" \/>\n<meta property=\"og:description\" content=\"El gobernador Sergio Ziliotto prefiri\u00f3 no contestar las explosivas declaraciones de Carlos Verna y dijo que se viene un periodo de \u201cmayor horizontalidad\u201d en el peronismo pampeano. Ziliotto dialog\u00f3 con&hellip;\" \/>\n<meta property=\"og:url\" content=\"https:\/\/diariotextual.com\/inicio\/index.php\/2023\/05\/30\/ziliotto-y-los-funcionarios-que-no-funcionan-que-aludio-verna-no-comento\/\" \/>\n<meta property=\"og:site_name\" content=\"Diario Textual\" \/>\n<meta property=\"article:publisher\" content=\"https:\/\/www.facebook.com\/eltextual\" \/>\n<meta property=\"article:published_time\" content=\"2023-05-30T20:33:34+00:00\" \/>\n<meta property=\"article:modified_time\" content=\"2023-05-31T14:09:16+00:00\" \/>\n<meta property=\"og:image\" content=\"https:\/\/diariotextual.com\/inicio\/wp-content\/uploads\/2023\/03\/ziliottosergiodiputadossesiones2023-3.jpg\" \/>\n\t<meta property=\"og:image:width\" content=\"1599\" \/>\n\t<meta property=\"og:image:height\" content=\"1200\" \/>\n\t<meta property=\"og:image:type\" content=\"image\/jpeg\" \/>\n<meta name=\"author\" content=\"Diario1 Diario1\" \/>\n<meta name=\"twitter:card\" content=\"summary_large_image\" \/>\n<meta name=\"twitter:creator\" content=\"@eltextual\" \/>\n<meta name=\"twitter:site\" content=\"@eltextual\" \/>\n<meta name=\"twitter:label1\" content=\"Escrito por\" \/>\n\t<meta name=\"twitter:data1\" content=\"Diario1 Diario1\" \/>\n\t<meta name=\"twitter:label2\" content=\"Tiempo de lectura\" \/>\n\t<meta name=\"twitter:data2\" content=\"3 minutos\" \/>\n<script type=\"application\/ld+json\" class=\"yoast-schema-graph\">{\"@context\":\"https:\\\/\\\/schema.org\",\"@graph\":[{\"@type\":\"Article\",\"@id\":\"https:\\\/\\\/diariotextual.com\\\/inicio\\\/index.php\\\/2023\\\/05\\\/30\\\/ziliotto-y-los-funcionarios-que-no-funcionan-que-aludio-verna-no-comento\\\/#article\",\"isPartOf\":{\"@id\":\"https:\\\/\\\/diariotextual.com\\\/inicio\\\/index.php\\\/2023\\\/05\\\/30\\\/ziliotto-y-los-funcionarios-que-no-funcionan-que-aludio-verna-no-comento\\\/\"},\"author\":{\"name\":\"Diario1 Diario1\",\"@id\":\"https:\\\/\\\/diariotextual.com\\\/inicio\\\/#\\\/schema\\\/person\\\/418fc4093c33e86ed41562db3508f958\"},\"headline\":\"Ziliotto: \u201cse viene una etapa de mayor horizontalidad en el peronismo\u201d\",\"datePublished\":\"2023-05-30T20:33:34+00:00\",\"dateModified\":\"2023-05-31T14:09:16+00:00\",\"mainEntityOfPage\":{\"@id\":\"https:\\\/\\\/diariotextual.com\\\/inicio\\\/index.php\\\/2023\\\/05\\\/30\\\/ziliotto-y-los-funcionarios-que-no-funcionan-que-aludio-verna-no-comento\\\/\"},\"wordCount\":704,\"publisher\":{\"@id\":\"https:\\\/\\\/diariotextual.com\\\/inicio\\\/#organization\"},\"image\":{\"@id\":\"https:\\\/\\\/diariotextual.com\\\/inicio\\\/index.php\\\/2023\\\/05\\\/30\\\/ziliotto-y-los-funcionarios-que-no-funcionan-que-aludio-verna-no-comento\\\/#primaryimage\"},\"thumbnailUrl\":\"https:\\\/\\\/diariotextual.com\\\/inicio\\\/wp-content\\\/uploads\\\/2023\\\/03\\\/ziliottosergiodiputadossesiones2023-3.jpg\",\"articleSection\":[\"A - QUE PASA (al costado)\",\"POLITICA\"],\"inLanguage\":\"es\"},{\"@type\":\"WebPage\",\"@id\":\"https:\\\/\\\/diariotextual.com\\\/inicio\\\/index.php\\\/2023\\\/05\\\/30\\\/ziliotto-y-los-funcionarios-que-no-funcionan-que-aludio-verna-no-comento\\\/\",\"url\":\"https:\\\/\\\/diariotextual.com\\\/inicio\\\/index.php\\\/2023\\\/05\\\/30\\\/ziliotto-y-los-funcionarios-que-no-funcionan-que-aludio-verna-no-comento\\\/\",\"name\":\"Ziliotto: \u201cse viene una etapa de mayor horizontalidad en el peronismo\u201d - Diario Textual\",\"isPartOf\":{\"@id\":\"https:\\\/\\\/diariotextual.com\\\/inicio\\\/#website\"},\"primaryImageOfPage\":{\"@id\":\"https:\\\/\\\/diariotextual.com\\\/inicio\\\/index.php\\\/2023\\\/05\\\/30\\\/ziliotto-y-los-funcionarios-que-no-funcionan-que-aludio-verna-no-comento\\\/#primaryimage\"},\"image\":{\"@id\":\"https:\\\/\\\/diariotextual.com\\\/inicio\\\/index.php\\\/2023\\\/05\\\/30\\\/ziliotto-y-los-funcionarios-que-no-funcionan-que-aludio-verna-no-comento\\\/#primaryimage\"},\"thumbnailUrl\":\"https:\\\/\\\/diariotextual.com\\\/inicio\\\/wp-content\\\/uploads\\\/2023\\\/03\\\/ziliottosergiodiputadossesiones2023-3.jpg\",\"datePublished\":\"2023-05-30T20:33:34+00:00\",\"dateModified\":\"2023-05-31T14:09:16+00:00\",\"breadcrumb\":{\"@id\":\"https:\\\/\\\/diariotextual.com\\\/inicio\\\/index.php\\\/2023\\\/05\\\/30\\\/ziliotto-y-los-funcionarios-que-no-funcionan-que-aludio-verna-no-comento\\\/#breadcrumb\"},\"inLanguage\":\"es\",\"potentialAction\":[{\"@type\":\"ReadAction\",\"target\":[\"https:\\\/\\\/diariotextual.com\\\/inicio\\\/index.php\\\/2023\\\/05\\\/30\\\/ziliotto-y-los-funcionarios-que-no-funcionan-que-aludio-verna-no-comento\\\/\"]}]},{\"@type\":\"ImageObject\",\"inLanguage\":\"es\",\"@id\":\"https:\\\/\\\/diariotextual.com\\\/inicio\\\/index.php\\\/2023\\\/05\\\/30\\\/ziliotto-y-los-funcionarios-que-no-funcionan-que-aludio-verna-no-comento\\\/#primaryimage\",\"url\":\"https:\\\/\\\/diariotextual.com\\\/inicio\\\/wp-content\\\/uploads\\\/2023\\\/03\\\/ziliottosergiodiputadossesiones2023-3.jpg\",\"contentUrl\":\"https:\\\/\\\/diariotextual.com\\\/inicio\\\/wp-content\\\/uploads\\\/2023\\\/03\\\/ziliottosergiodiputadossesiones2023-3.jpg\",\"width\":1599,\"height\":1200},{\"@type\":\"BreadcrumbList\",\"@id\":\"https:\\\/\\\/diariotextual.com\\\/inicio\\\/index.php\\\/2023\\\/05\\\/30\\\/ziliotto-y-los-funcionarios-que-no-funcionan-que-aludio-verna-no-comento\\\/#breadcrumb\",\"itemListElement\":[{\"@type\":\"ListItem\",\"position\":1,\"name\":\"Portada\",\"item\":\"https:\\\/\\\/diariotextual.com\\\/inicio\\\/\"},{\"@type\":\"ListItem\",\"position\":2,\"name\":\"Ziliotto: \u201cse viene una etapa de mayor horizontalidad en el peronismo\u201d\"}]},{\"@type\":\"WebSite\",\"@id\":\"https:\\\/\\\/diariotextual.com\\\/inicio\\\/#website\",\"url\":\"https:\\\/\\\/diariotextual.com\\\/inicio\\\/\",\"name\":\"Diario Textual\",\"description\":\"\",\"publisher\":{\"@id\":\"https:\\\/\\\/diariotextual.com\\\/inicio\\\/#organization\"},\"potentialAction\":[{\"@type\":\"SearchAction\",\"target\":{\"@type\":\"EntryPoint\",\"urlTemplate\":\"https:\\\/\\\/diariotextual.com\\\/inicio\\\/?s={search_term_string}\"},\"query-input\":{\"@type\":\"PropertyValueSpecification\",\"valueRequired\":true,\"valueName\":\"search_term_string\"}}],\"inLanguage\":\"es\"},{\"@type\":\"Organization\",\"@id\":\"https:\\\/\\\/diariotextual.com\\\/inicio\\\/#organization\",\"name\":\"Diario Textual\",\"url\":\"https:\\\/\\\/diariotextual.com\\\/inicio\\\/\",\"logo\":{\"@type\":\"ImageObject\",\"inLanguage\":\"es\",\"@id\":\"https:\\\/\\\/diariotextual.com\\\/inicio\\\/#\\\/schema\\\/logo\\\/image\\\/\",\"url\":\"https:\\\/\\\/diariotextual.com\\\/inicio\\\/wp-content\\\/uploads\\\/2023\\\/05\\\/logotextual1.jpg\",\"contentUrl\":\"https:\\\/\\\/diariotextual.com\\\/inicio\\\/wp-content\\\/uploads\\\/2023\\\/05\\\/logotextual1.jpg\",\"width\":516,\"height\":76,\"caption\":\"Diario Textual\"},\"image\":{\"@id\":\"https:\\\/\\\/diariotextual.com\\\/inicio\\\/#\\\/schema\\\/logo\\\/image\\\/\"},\"sameAs\":[\"https:\\\/\\\/www.facebook.com\\\/eltextual\",\"https:\\\/\\\/x.com\\\/eltextual\",\"http:\\\/\\\/www.instagram.com\\\/eltextual\"]},{\"@type\":\"Person\",\"@id\":\"https:\\\/\\\/diariotextual.com\\\/inicio\\\/#\\\/schema\\\/person\\\/418fc4093c33e86ed41562db3508f958\",\"name\":\"Diario1 Diario1\",\"image\":{\"@type\":\"ImageObject\",\"inLanguage\":\"es\",\"@id\":\"https:\\\/\\\/secure.gravatar.com\\\/avatar\\\/9167d280179c85bc18be67aa7eda765854300033af4896dd779b608640f2ef7a?s=96&d=mm&r=g\",\"url\":\"https:\\\/\\\/secure.gravatar.com\\\/avatar\\\/9167d280179c85bc18be67aa7eda765854300033af4896dd779b608640f2ef7a?s=96&d=mm&r=g\",\"contentUrl\":\"https:\\\/\\\/secure.gravatar.com\\\/avatar\\\/9167d280179c85bc18be67aa7eda765854300033af4896dd779b608640f2ef7a?s=96&d=mm&r=g\",\"caption\":\"Diario1 Diario1\"},\"url\":\"https:\\\/\\\/diariotextual.com\\\/inicio\\\/index.php\\\/author\\\/diario1\\\/\"}]}<\/script>\n<!-- \/ Yoast SEO plugin. -->","yoast_head_json":{"title":"Ziliotto: \u201cse viene una etapa de mayor horizontalidad en el peronismo\u201d - Diario Textual","robots":{"index":"index","follow":"follow","max-snippet":"max-snippet:-1","max-image-preview":"max-image-preview:large","max-video-preview":"max-video-preview:-1"},"canonical":"https:\/\/diariotextual.com\/inicio\/index.php\/2023\/05\/30\/ziliotto-y-los-funcionarios-que-no-funcionan-que-aludio-verna-no-comento\/","og_locale":"es_ES","og_type":"article","og_title":"Ziliotto: \u201cse viene una etapa de mayor horizontalidad en el peronismo\u201d - Diario Textual","og_description":"El gobernador Sergio Ziliotto prefiri\u00f3 no contestar las explosivas declaraciones de Carlos Verna y dijo que se viene un periodo de \u201cmayor horizontalidad\u201d en el peronismo pampeano. Ziliotto dialog\u00f3 con&hellip;","og_url":"https:\/\/diariotextual.com\/inicio\/index.php\/2023\/05\/30\/ziliotto-y-los-funcionarios-que-no-funcionan-que-aludio-verna-no-comento\/","og_site_name":"Diario Textual","article_publisher":"https:\/\/www.facebook.com\/eltextual","article_published_time":"2023-05-30T20:33:34+00:00","article_modified_time":"2023-05-31T14:09:16+00:00","og_image":[{"width":1599,"height":1200,"url":"https:\/\/diariotextual.com\/inicio\/wp-content\/uploads\/2023\/03\/ziliottosergiodiputadossesiones2023-3.jpg","type":"image\/jpeg"}],"author":"Diario1 Diario1","twitter_card":"summary_large_image","twitter_creator":"@eltextual","twitter_site":"@eltextual","twitter_misc":{"Escrito por":"Diario1 Diario1","Tiempo de lectura":"3 minutos"},"schema":{"@context":"https:\/\/schema.org","@graph":[{"@type":"Article","@id":"https:\/\/diariotextual.com\/inicio\/index.php\/2023\/05\/30\/ziliotto-y-los-funcionarios-que-no-funcionan-que-aludio-verna-no-comento\/#article","isPartOf":{"@id":"https:\/\/diariotextual.com\/inicio\/index.php\/2023\/05\/30\/ziliotto-y-los-funcionarios-que-no-funcionan-que-aludio-verna-no-comento\/"},"author":{"name":"Diario1 Diario1","@id":"https:\/\/diariotextual.com\/inicio\/#\/schema\/person\/418fc4093c33e86ed41562db3508f958"},"headline":"Ziliotto: \u201cse viene una etapa de mayor horizontalidad en el peronismo\u201d","datePublished":"2023-05-30T20:33:34+00:00","dateModified":"2023-05-31T14:09:16+00:00","mainEntityOfPage":{"@id":"https:\/\/diariotextual.com\/inicio\/index.php\/2023\/05\/30\/ziliotto-y-los-funcionarios-que-no-funcionan-que-aludio-verna-no-comento\/"},"wordCount":704,"publisher":{"@id":"https:\/\/diariotextual.com\/inicio\/#organization"},"image":{"@id":"https:\/\/diariotextual.com\/inicio\/index.php\/2023\/05\/30\/ziliotto-y-los-funcionarios-que-no-funcionan-que-aludio-verna-no-comento\/#primaryimage"},"thumbnailUrl":"https:\/\/diariotextual.com\/inicio\/wp-content\/uploads\/2023\/03\/ziliottosergiodiputadossesiones2023-3.jpg","articleSection":["A - QUE PASA (al costado)","POLITICA"],"inLanguage":"es"},{"@type":"WebPage","@id":"https:\/\/diariotextual.com\/inicio\/index.php\/2023\/05\/30\/ziliotto-y-los-funcionarios-que-no-funcionan-que-aludio-verna-no-comento\/","url":"https:\/\/diariotextual.com\/inicio\/index.php\/2023\/05\/30\/ziliotto-y-los-funcionarios-que-no-funcionan-que-aludio-verna-no-comento\/","name":"Ziliotto: \u201cse viene una etapa de mayor horizontalidad en el peronismo\u201d - Diario Textual","isPartOf":{"@id":"https:\/\/diariotextual.com\/inicio\/#website"},"primaryImageOfPage":{"@id":"https:\/\/diariotextual.com\/inicio\/index.php\/2023\/05\/30\/ziliotto-y-los-funcionarios-que-no-funcionan-que-aludio-verna-no-comento\/#primaryimage"},"image":{"@id":"https:\/\/diariotextual.com\/inicio\/index.php\/2023\/05\/30\/ziliotto-y-los-funcionarios-que-no-funcionan-que-aludio-verna-no-comento\/#primaryimage"},"thumbnailUrl":"https:\/\/diariotextual.com\/inicio\/wp-content\/uploads\/2023\/03\/ziliottosergiodiputadossesiones2023-3.jpg","datePublished":"2023-05-30T20:33:34+00:00","dateModified":"2023-05-31T14:09:16+00:00","breadcrumb":{"@id":"https:\/\/diariotextual.com\/inicio\/index.php\/2023\/05\/30\/ziliotto-y-los-funcionarios-que-no-funcionan-que-aludio-verna-no-comento\/#breadcrumb"},"inLanguage":"es","potentialAction":[{"@type":"ReadAction","target":["https:\/\/diariotextual.com\/inicio\/index.php\/2023\/05\/30\/ziliotto-y-los-funcionarios-que-no-funcionan-que-aludio-verna-no-comento\/"]}]},{"@type":"ImageObject","inLanguage":"es","@id":"https:\/\/diariotextual.com\/inicio\/index.php\/2023\/05\/30\/ziliotto-y-los-funcionarios-que-no-funcionan-que-aludio-verna-no-comento\/#primaryimage","url":"https:\/\/diariotextual.com\/inicio\/wp-content\/uploads\/2023\/03\/ziliottosergiodiputadossesiones2023-3.jpg","contentUrl":"https:\/\/diariotextual.com\/inicio\/wp-content\/uploads\/2023\/03\/ziliottosergiodiputadossesiones2023-3.jpg","width":1599,"height":1200},{"@type":"BreadcrumbList","@id":"https:\/\/diariotextual.com\/inicio\/index.php\/2023\/05\/30\/ziliotto-y-los-funcionarios-que-no-funcionan-que-aludio-verna-no-comento\/#breadcrumb","itemListElement":[{"@type":"ListItem","position":1,"name":"Portada","item":"https:\/\/diariotextual.com\/inicio\/"},{"@type":"ListItem","position":2,"name":"Ziliotto: \u201cse viene una etapa de mayor horizontalidad en el peronismo\u201d"}]},{"@type":"WebSite","@id":"https:\/\/diariotextual.com\/inicio\/#website","url":"https:\/\/diariotextual.com\/inicio\/","name":"Diario Textual","description":"","publisher":{"@id":"https:\/\/diariotextual.com\/inicio\/#organization"},"potentialAction":[{"@type":"SearchAction","target":{"@type":"EntryPoint","urlTemplate":"https:\/\/diariotextual.com\/inicio\/?s={search_term_string}"},"query-input":{"@type":"PropertyValueSpecification","valueRequired":true,"valueName":"search_term_string"}}],"inLanguage":"es"},{"@type":"Organization","@id":"https:\/\/diariotextual.com\/inicio\/#organization","name":"Diario Textual","url":"https:\/\/diariotextual.com\/inicio\/","logo":{"@type":"ImageObject","inLanguage":"es","@id":"https:\/\/diariotextual.com\/inicio\/#\/schema\/logo\/image\/","url":"https:\/\/diariotextual.com\/inicio\/wp-content\/uploads\/2023\/05\/logotextual1.jpg","contentUrl":"https:\/\/diariotextual.com\/inicio\/wp-content\/uploads\/2023\/05\/logotextual1.jpg","width":516,"height":76,"caption":"Diario Textual"},"image":{"@id":"https:\/\/diariotextual.com\/inicio\/#\/schema\/logo\/image\/"},"sameAs":["https:\/\/www.facebook.com\/eltextual","https:\/\/x.com\/eltextual","http:\/\/www.instagram.com\/eltextual"]},{"@type":"Person","@id":"https:\/\/diariotextual.com\/inicio\/#\/schema\/person\/418fc4093c33e86ed41562db3508f958","name":"Diario1 Diario1","image":{"@type":"ImageObject","inLanguage":"es","@id":"https:\/\/secure.gravatar.com\/avatar\/9167d280179c85bc18be67aa7eda765854300033af4896dd779b608640f2ef7a?s=96&d=mm&r=g","url":"https:\/\/secure.gravatar.com\/avatar\/9167d280179c85bc18be67aa7eda765854300033af4896dd779b608640f2ef7a?s=96&d=mm&r=g","contentUrl":"https:\/\/secure.gravatar.com\/avatar\/9167d280179c85bc18be67aa7eda765854300033af4896dd779b608640f2ef7a?s=96&d=mm&r=g","caption":"Diario1 Diario1"},"url":"https:\/\/diariotextual.com\/inicio\/index.php\/author\/diario1\/"}]}},"_links":{"self":[{"href":"https:\/\/diariotextual.com\/inicio\/index.php\/wp-json\/wp\/v2\/posts\/226971","targetHints":{"allow":["GET"]}}],"collection":[{"href":"https:\/\/diariotextual.com\/inicio\/index.php\/wp-json\/wp\/v2\/posts"}],"about":[{"href":"https:\/\/diariotextual.com\/inicio\/index.php\/wp-json\/wp\/v2\/types\/post"}],"author":[{"embeddable":true,"href":"https:\/\/diariotextual.com\/inicio\/index.php\/wp-json\/wp\/v2\/users\/3"}],"replies":[{"embeddable":true,"href":"https:\/\/diariotextual.com\/inicio\/index.php\/wp-json\/wp\/v2\/comments?post=226971"}],"version-history":[{"count":10,"href":"https:\/\/diariotextual.com\/inicio\/index.php\/wp-json\/wp\/v2\/posts\/226971\/revisions"}],"predecessor-version":[{"id":227094,"href":"https:\/\/diariotextual.com\/inicio\/index.php\/wp-json\/wp\/v2\/posts\/226971\/revisions\/227094"}],"wp:featuredmedia":[{"embeddable":true,"href":"https:\/\/diariotextual.com\/inicio\/index.php\/wp-json\/wp\/v2\/media\/217612"}],"wp:attachment":[{"href":"https:\/\/diariotextual.com\/inicio\/index.php\/wp-json\/wp\/v2\/media?parent=226971"}],"wp:term":[{"taxonomy":"category","embeddable":true,"href":"https:\/\/diariotextual.com\/inicio\/index.php\/wp-json\/wp\/v2\/categories?post=226971"},{"taxonomy":"post_tag","embeddable":true,"href":"https:\/\/diariotextual.com\/inicio\/index.php\/wp-json\/wp\/v2\/tags?post=226971"}],"curies":[{"name":"wp","href":"https:\/\/api.w.org\/{rel}","templated":true}]}}