{"id":227169,"date":"2023-05-31T22:05:13","date_gmt":"2023-06-01T01:05:13","guid":{"rendered":"https:\/\/diariotextual.com\/inicio\/?p=227169"},"modified":"2023-05-31T22:05:15","modified_gmt":"2023-06-01T01:05:15","slug":"conduccion-segura-entregaron-cascos-y-chalecos-a-motociclistas-de-trenel","status":"publish","type":"post","link":"https:\/\/diariotextual.com\/inicio\/index.php\/2023\/05\/31\/conduccion-segura-entregaron-cascos-y-chalecos-a-motociclistas-de-trenel\/","title":{"rendered":"Conducci\u00f3n segura: entregaron cascos y chalecos a motociclistas de Trenel"},"content":{"rendered":"\n<p>El Ministerio de Seguridad, a trav\u00e9s de la Direcci\u00f3n General de Seguridad Vial, llev\u00f3 a cabo una capacitaci\u00f3n en conducci\u00f3n segura y entreg\u00f3 cascos y chalecos de alta visibilidad a motociclistas de la localidad de Trenel.&nbsp;<\/p>\n\n\n\n<p>Esta iniciativa forma parte del Programa Federal de Entrega de Cascos y Equipamiento Reflectivo, enmarcado en un convenio colaborativo entre la Agencia Nacional de Seguridad Vial (ANSV) y el Gobierno provincial.<\/p>\n\n\n\n<p>La capacitaci\u00f3n se centr\u00f3 en los aspectos fundamentales para la conducci\u00f3n segura de motocicletas, como la correcta posici\u00f3n de manejo, los factores de riesgo en siniestros viales, la percepci\u00f3n del peligro y las t\u00e9cnicas de frenado, entre otros. El objetivo de esta charla informativa es generar conciencia entre los conductores de motos, quienes representan el 48% de las v\u00edctimas de accidentes de tr\u00e1nsito, seg\u00fan estad\u00edsticas nacionales.<\/p>\n\n\n\n<p>El programa federal busca sensibilizar, educar y fomentar el uso de elementos de protecci\u00f3n entre los usuarios de motos.<\/p>\n\n\n\n<p>Hasta el momento, se han recorrido 13 localidades en la provincia, entregando m\u00e1s de 260 cascos y chalecos a trabajadores de diversas \u00e1reas. Entre las localidades beneficiadas se encuentran Toay, Speluzzi, V\u00e9rtiz, Luan Toro, Tel\u00e9n, General Acha, Realic\u00f3, Ataliva Roca, Alpachiri, Arata, Catril\u00f3 e Ingeniero Luiggi.<\/p>\n\n\n\n<p>De acuerdo con la Organizaci\u00f3n Mundial de la Salud, el casco es el elemento de seguridad m\u00e1s importante para los motociclistas. Su uso adecuado reduce en un 72% los traumatismos craneales y la gravedad de las lesiones sufridas, tanto para los conductores como para los acompa\u00f1antes, y disminuye en un 39% la probabilidad de muerte, dependiendo de la velocidad a la que se desplace la motocicleta.<\/p>\n\n\n\n<p>Asimismo, se recomienda el uso de chalecos fluorescentes con cintas retrorreflectivas para aumentar la visibilidad de los motociclistas, ya que reflejan la luz de otros conductores, mejorando as\u00ed su luminosidad y seguridad en la v\u00eda p\u00fablica. Estas jornadas de capacitaci\u00f3n y entrega de equipamiento buscan reforzar la seguridad vial en conformidad con las leyes y normativas vigentes, como la Ley N\u00ba 24.449 y la Ley N\u00ba 26.363, y sus respectivas reglamentaciones.<\/p>\n\n\n\n<p>Con estas acciones, se promueve una conducci\u00f3n m\u00e1s segura y se contribuye a la protecci\u00f3n de los motociclistas y de todos los actores viales en Trenel y sus alrededores.<\/p>\n","protected":false},"excerpt":{"rendered":"<p>El Ministerio de Seguridad, a trav\u00e9s de la Direcci\u00f3n General de Seguridad Vial, llev\u00f3 a cabo una capacitaci\u00f3n en conducci\u00f3n segura y entreg\u00f3 cascos y chalecos de alta visibilidad a&hellip;<\/p>\n","protected":false},"author":4,"featured_media":227170,"comment_status":"closed","ping_status":"open","sticky":false,"template":"","format":"standard","meta":{"_acf_changed":false,"footnotes":""},"categories":[1,12],"tags":[],"class_list":["post-227169","post","type-post","status-publish","format-standard","has-post-thumbnail","hentry","category-es-noticia","category-sociedad"],"acf":[],"yoast_head":"<!-- This site is optimized with the Yoast SEO plugin v27.5 - https:\/\/yoast.com\/product\/yoast-seo-wordpress\/ -->\n<title>Conducci\u00f3n segura: entregaron cascos y chalecos a motociclistas de Trenel - Diario Textual<\/title>\n<meta name=\"robots\" content=\"index, follow, max-snippet:-1, max-image-preview:large, max-video-preview:-1\" \/>\n<link rel=\"canonical\" href=\"https:\/\/diariotextual.com\/inicio\/index.php\/2023\/05\/31\/conduccion-segura-entregaron-cascos-y-chalecos-a-motociclistas-de-trenel\/\" \/>\n<meta property=\"og:locale\" content=\"es_ES\" \/>\n<meta property=\"og:type\" content=\"article\" \/>\n<meta property=\"og:title\" content=\"Conducci\u00f3n segura: entregaron cascos y chalecos a motociclistas de Trenel - Diario Textual\" \/>\n<meta property=\"og:description\" content=\"El Ministerio de Seguridad, a trav\u00e9s de la Direcci\u00f3n General de Seguridad Vial, llev\u00f3 a cabo una capacitaci\u00f3n en conducci\u00f3n segura y entreg\u00f3 cascos y chalecos de alta visibilidad a&hellip;\" \/>\n<meta property=\"og:url\" content=\"https:\/\/diariotextual.com\/inicio\/index.php\/2023\/05\/31\/conduccion-segura-entregaron-cascos-y-chalecos-a-motociclistas-de-trenel\/\" \/>\n<meta property=\"og:site_name\" content=\"Diario Textual\" \/>\n<meta property=\"article:publisher\" content=\"https:\/\/www.facebook.com\/eltextual\" \/>\n<meta property=\"article:published_time\" content=\"2023-06-01T01:05:13+00:00\" \/>\n<meta property=\"article:modified_time\" content=\"2023-06-01T01:05:15+00:00\" \/>\n<meta property=\"og:image\" content=\"https:\/\/diariotextual.com\/inicio\/wp-content\/uploads\/2023\/05\/cascosmotostrenel64325.jpeg\" \/>\n\t<meta property=\"og:image:width\" content=\"1599\" \/>\n\t<meta property=\"og:image:height\" content=\"1098\" \/>\n\t<meta property=\"og:image:type\" content=\"image\/jpeg\" \/>\n<meta name=\"author\" content=\"diario2\" \/>\n<meta name=\"twitter:card\" content=\"summary_large_image\" \/>\n<meta name=\"twitter:creator\" content=\"@eltextual\" \/>\n<meta name=\"twitter:site\" content=\"@eltextual\" \/>\n<meta name=\"twitter:label1\" content=\"Escrito por\" \/>\n\t<meta name=\"twitter:data1\" content=\"diario2\" \/>\n\t<meta name=\"twitter:label2\" content=\"Tiempo de lectura\" \/>\n\t<meta name=\"twitter:data2\" content=\"2 minutos\" \/>\n<script type=\"application\/ld+json\" class=\"yoast-schema-graph\">{\"@context\":\"https:\\\/\\\/schema.org\",\"@graph\":[{\"@type\":\"Article\",\"@id\":\"https:\\\/\\\/diariotextual.com\\\/inicio\\\/index.php\\\/2023\\\/05\\\/31\\\/conduccion-segura-entregaron-cascos-y-chalecos-a-motociclistas-de-trenel\\\/#article\",\"isPartOf\":{\"@id\":\"https:\\\/\\\/diariotextual.com\\\/inicio\\\/index.php\\\/2023\\\/05\\\/31\\\/conduccion-segura-entregaron-cascos-y-chalecos-a-motociclistas-de-trenel\\\/\"},\"author\":{\"name\":\"diario2\",\"@id\":\"https:\\\/\\\/diariotextual.com\\\/inicio\\\/#\\\/schema\\\/person\\\/694f60677f23c4a530867a98f22b3768\"},\"headline\":\"Conducci\u00f3n segura: entregaron cascos y chalecos a motociclistas de Trenel\",\"datePublished\":\"2023-06-01T01:05:13+00:00\",\"dateModified\":\"2023-06-01T01:05:15+00:00\",\"mainEntityOfPage\":{\"@id\":\"https:\\\/\\\/diariotextual.com\\\/inicio\\\/index.php\\\/2023\\\/05\\\/31\\\/conduccion-segura-entregaron-cascos-y-chalecos-a-motociclistas-de-trenel\\\/\"},\"wordCount\":395,\"publisher\":{\"@id\":\"https:\\\/\\\/diariotextual.com\\\/inicio\\\/#organization\"},\"image\":{\"@id\":\"https:\\\/\\\/diariotextual.com\\\/inicio\\\/index.php\\\/2023\\\/05\\\/31\\\/conduccion-segura-entregaron-cascos-y-chalecos-a-motociclistas-de-trenel\\\/#primaryimage\"},\"thumbnailUrl\":\"https:\\\/\\\/diariotextual.com\\\/inicio\\\/wp-content\\\/uploads\\\/2023\\\/05\\\/cascosmotostrenel64325.jpeg\",\"articleSection\":[\"A - ES NOTICIA (van abajo)\",\"SOCIEDAD\"],\"inLanguage\":\"es\"},{\"@type\":\"WebPage\",\"@id\":\"https:\\\/\\\/diariotextual.com\\\/inicio\\\/index.php\\\/2023\\\/05\\\/31\\\/conduccion-segura-entregaron-cascos-y-chalecos-a-motociclistas-de-trenel\\\/\",\"url\":\"https:\\\/\\\/diariotextual.com\\\/inicio\\\/index.php\\\/2023\\\/05\\\/31\\\/conduccion-segura-entregaron-cascos-y-chalecos-a-motociclistas-de-trenel\\\/\",\"name\":\"Conducci\u00f3n segura: entregaron cascos y chalecos a motociclistas de Trenel - Diario Textual\",\"isPartOf\":{\"@id\":\"https:\\\/\\\/diariotextual.com\\\/inicio\\\/#website\"},\"primaryImageOfPage\":{\"@id\":\"https:\\\/\\\/diariotextual.com\\\/inicio\\\/index.php\\\/2023\\\/05\\\/31\\\/conduccion-segura-entregaron-cascos-y-chalecos-a-motociclistas-de-trenel\\\/#primaryimage\"},\"image\":{\"@id\":\"https:\\\/\\\/diariotextual.com\\\/inicio\\\/index.php\\\/2023\\\/05\\\/31\\\/conduccion-segura-entregaron-cascos-y-chalecos-a-motociclistas-de-trenel\\\/#primaryimage\"},\"thumbnailUrl\":\"https:\\\/\\\/diariotextual.com\\\/inicio\\\/wp-content\\\/uploads\\\/2023\\\/05\\\/cascosmotostrenel64325.jpeg\",\"datePublished\":\"2023-06-01T01:05:13+00:00\",\"dateModified\":\"2023-06-01T01:05:15+00:00\",\"breadcrumb\":{\"@id\":\"https:\\\/\\\/diariotextual.com\\\/inicio\\\/index.php\\\/2023\\\/05\\\/31\\\/conduccion-segura-entregaron-cascos-y-chalecos-a-motociclistas-de-trenel\\\/#breadcrumb\"},\"inLanguage\":\"es\",\"potentialAction\":[{\"@type\":\"ReadAction\",\"target\":[\"https:\\\/\\\/diariotextual.com\\\/inicio\\\/index.php\\\/2023\\\/05\\\/31\\\/conduccion-segura-entregaron-cascos-y-chalecos-a-motociclistas-de-trenel\\\/\"]}]},{\"@type\":\"ImageObject\",\"inLanguage\":\"es\",\"@id\":\"https:\\\/\\\/diariotextual.com\\\/inicio\\\/index.php\\\/2023\\\/05\\\/31\\\/conduccion-segura-entregaron-cascos-y-chalecos-a-motociclistas-de-trenel\\\/#primaryimage\",\"url\":\"https:\\\/\\\/diariotextual.com\\\/inicio\\\/wp-content\\\/uploads\\\/2023\\\/05\\\/cascosmotostrenel64325.jpeg\",\"contentUrl\":\"https:\\\/\\\/diariotextual.com\\\/inicio\\\/wp-content\\\/uploads\\\/2023\\\/05\\\/cascosmotostrenel64325.jpeg\",\"width\":1599,\"height\":1098},{\"@type\":\"BreadcrumbList\",\"@id\":\"https:\\\/\\\/diariotextual.com\\\/inicio\\\/index.php\\\/2023\\\/05\\\/31\\\/conduccion-segura-entregaron-cascos-y-chalecos-a-motociclistas-de-trenel\\\/#breadcrumb\",\"itemListElement\":[{\"@type\":\"ListItem\",\"position\":1,\"name\":\"Portada\",\"item\":\"https:\\\/\\\/diariotextual.com\\\/inicio\\\/\"},{\"@type\":\"ListItem\",\"position\":2,\"name\":\"Conducci\u00f3n segura: entregaron cascos y chalecos a motociclistas de Trenel\"}]},{\"@type\":\"WebSite\",\"@id\":\"https:\\\/\\\/diariotextual.com\\\/inicio\\\/#website\",\"url\":\"https:\\\/\\\/diariotextual.com\\\/inicio\\\/\",\"name\":\"Diario Textual\",\"description\":\"\",\"publisher\":{\"@id\":\"https:\\\/\\\/diariotextual.com\\\/inicio\\\/#organization\"},\"potentialAction\":[{\"@type\":\"SearchAction\",\"target\":{\"@type\":\"EntryPoint\",\"urlTemplate\":\"https:\\\/\\\/diariotextual.com\\\/inicio\\\/?s={search_term_string}\"},\"query-input\":{\"@type\":\"PropertyValueSpecification\",\"valueRequired\":true,\"valueName\":\"search_term_string\"}}],\"inLanguage\":\"es\"},{\"@type\":\"Organization\",\"@id\":\"https:\\\/\\\/diariotextual.com\\\/inicio\\\/#organization\",\"name\":\"Diario Textual\",\"url\":\"https:\\\/\\\/diariotextual.com\\\/inicio\\\/\",\"logo\":{\"@type\":\"ImageObject\",\"inLanguage\":\"es\",\"@id\":\"https:\\\/\\\/diariotextual.com\\\/inicio\\\/#\\\/schema\\\/logo\\\/image\\\/\",\"url\":\"https:\\\/\\\/diariotextual.com\\\/inicio\\\/wp-content\\\/uploads\\\/2023\\\/05\\\/logotextual1.jpg\",\"contentUrl\":\"https:\\\/\\\/diariotextual.com\\\/inicio\\\/wp-content\\\/uploads\\\/2023\\\/05\\\/logotextual1.jpg\",\"width\":516,\"height\":76,\"caption\":\"Diario Textual\"},\"image\":{\"@id\":\"https:\\\/\\\/diariotextual.com\\\/inicio\\\/#\\\/schema\\\/logo\\\/image\\\/\"},\"sameAs\":[\"https:\\\/\\\/www.facebook.com\\\/eltextual\",\"https:\\\/\\\/x.com\\\/eltextual\",\"http:\\\/\\\/www.instagram.com\\\/eltextual\"]},{\"@type\":\"Person\",\"@id\":\"https:\\\/\\\/diariotextual.com\\\/inicio\\\/#\\\/schema\\\/person\\\/694f60677f23c4a530867a98f22b3768\",\"name\":\"diario2\",\"image\":{\"@type\":\"ImageObject\",\"inLanguage\":\"es\",\"@id\":\"https:\\\/\\\/secure.gravatar.com\\\/avatar\\\/5a2567495ba16b852fcd8f1ed006a2e24fcace936018ed8237e95f488ad6e0a7?s=96&d=mm&r=g\",\"url\":\"https:\\\/\\\/secure.gravatar.com\\\/avatar\\\/5a2567495ba16b852fcd8f1ed006a2e24fcace936018ed8237e95f488ad6e0a7?s=96&d=mm&r=g\",\"contentUrl\":\"https:\\\/\\\/secure.gravatar.com\\\/avatar\\\/5a2567495ba16b852fcd8f1ed006a2e24fcace936018ed8237e95f488ad6e0a7?s=96&d=mm&r=g\",\"caption\":\"diario2\"},\"url\":\"https:\\\/\\\/diariotextual.com\\\/inicio\\\/index.php\\\/author\\\/diario2\\\/\"}]}<\/script>\n<!-- \/ Yoast SEO plugin. -->","yoast_head_json":{"title":"Conducci\u00f3n segura: entregaron cascos y chalecos a motociclistas de Trenel - Diario Textual","robots":{"index":"index","follow":"follow","max-snippet":"max-snippet:-1","max-image-preview":"max-image-preview:large","max-video-preview":"max-video-preview:-1"},"canonical":"https:\/\/diariotextual.com\/inicio\/index.php\/2023\/05\/31\/conduccion-segura-entregaron-cascos-y-chalecos-a-motociclistas-de-trenel\/","og_locale":"es_ES","og_type":"article","og_title":"Conducci\u00f3n segura: entregaron cascos y chalecos a motociclistas de Trenel - Diario Textual","og_description":"El Ministerio de Seguridad, a trav\u00e9s de la Direcci\u00f3n General de Seguridad Vial, llev\u00f3 a cabo una capacitaci\u00f3n en conducci\u00f3n segura y entreg\u00f3 cascos y chalecos de alta visibilidad a&hellip;","og_url":"https:\/\/diariotextual.com\/inicio\/index.php\/2023\/05\/31\/conduccion-segura-entregaron-cascos-y-chalecos-a-motociclistas-de-trenel\/","og_site_name":"Diario Textual","article_publisher":"https:\/\/www.facebook.com\/eltextual","article_published_time":"2023-06-01T01:05:13+00:00","article_modified_time":"2023-06-01T01:05:15+00:00","og_image":[{"width":1599,"height":1098,"url":"https:\/\/diariotextual.com\/inicio\/wp-content\/uploads\/2023\/05\/cascosmotostrenel64325.jpeg","type":"image\/jpeg"}],"author":"diario2","twitter_card":"summary_large_image","twitter_creator":"@eltextual","twitter_site":"@eltextual","twitter_misc":{"Escrito por":"diario2","Tiempo de lectura":"2 minutos"},"schema":{"@context":"https:\/\/schema.org","@graph":[{"@type":"Article","@id":"https:\/\/diariotextual.com\/inicio\/index.php\/2023\/05\/31\/conduccion-segura-entregaron-cascos-y-chalecos-a-motociclistas-de-trenel\/#article","isPartOf":{"@id":"https:\/\/diariotextual.com\/inicio\/index.php\/2023\/05\/31\/conduccion-segura-entregaron-cascos-y-chalecos-a-motociclistas-de-trenel\/"},"author":{"name":"diario2","@id":"https:\/\/diariotextual.com\/inicio\/#\/schema\/person\/694f60677f23c4a530867a98f22b3768"},"headline":"Conducci\u00f3n segura: entregaron cascos y chalecos a motociclistas de Trenel","datePublished":"2023-06-01T01:05:13+00:00","dateModified":"2023-06-01T01:05:15+00:00","mainEntityOfPage":{"@id":"https:\/\/diariotextual.com\/inicio\/index.php\/2023\/05\/31\/conduccion-segura-entregaron-cascos-y-chalecos-a-motociclistas-de-trenel\/"},"wordCount":395,"publisher":{"@id":"https:\/\/diariotextual.com\/inicio\/#organization"},"image":{"@id":"https:\/\/diariotextual.com\/inicio\/index.php\/2023\/05\/31\/conduccion-segura-entregaron-cascos-y-chalecos-a-motociclistas-de-trenel\/#primaryimage"},"thumbnailUrl":"https:\/\/diariotextual.com\/inicio\/wp-content\/uploads\/2023\/05\/cascosmotostrenel64325.jpeg","articleSection":["A - ES NOTICIA (van abajo)","SOCIEDAD"],"inLanguage":"es"},{"@type":"WebPage","@id":"https:\/\/diariotextual.com\/inicio\/index.php\/2023\/05\/31\/conduccion-segura-entregaron-cascos-y-chalecos-a-motociclistas-de-trenel\/","url":"https:\/\/diariotextual.com\/inicio\/index.php\/2023\/05\/31\/conduccion-segura-entregaron-cascos-y-chalecos-a-motociclistas-de-trenel\/","name":"Conducci\u00f3n segura: entregaron cascos y chalecos a motociclistas de Trenel - Diario Textual","isPartOf":{"@id":"https:\/\/diariotextual.com\/inicio\/#website"},"primaryImageOfPage":{"@id":"https:\/\/diariotextual.com\/inicio\/index.php\/2023\/05\/31\/conduccion-segura-entregaron-cascos-y-chalecos-a-motociclistas-de-trenel\/#primaryimage"},"image":{"@id":"https:\/\/diariotextual.com\/inicio\/index.php\/2023\/05\/31\/conduccion-segura-entregaron-cascos-y-chalecos-a-motociclistas-de-trenel\/#primaryimage"},"thumbnailUrl":"https:\/\/diariotextual.com\/inicio\/wp-content\/uploads\/2023\/05\/cascosmotostrenel64325.jpeg","datePublished":"2023-06-01T01:05:13+00:00","dateModified":"2023-06-01T01:05:15+00:00","breadcrumb":{"@id":"https:\/\/diariotextual.com\/inicio\/index.php\/2023\/05\/31\/conduccion-segura-entregaron-cascos-y-chalecos-a-motociclistas-de-trenel\/#breadcrumb"},"inLanguage":"es","potentialAction":[{"@type":"ReadAction","target":["https:\/\/diariotextual.com\/inicio\/index.php\/2023\/05\/31\/conduccion-segura-entregaron-cascos-y-chalecos-a-motociclistas-de-trenel\/"]}]},{"@type":"ImageObject","inLanguage":"es","@id":"https:\/\/diariotextual.com\/inicio\/index.php\/2023\/05\/31\/conduccion-segura-entregaron-cascos-y-chalecos-a-motociclistas-de-trenel\/#primaryimage","url":"https:\/\/diariotextual.com\/inicio\/wp-content\/uploads\/2023\/05\/cascosmotostrenel64325.jpeg","contentUrl":"https:\/\/diariotextual.com\/inicio\/wp-content\/uploads\/2023\/05\/cascosmotostrenel64325.jpeg","width":1599,"height":1098},{"@type":"BreadcrumbList","@id":"https:\/\/diariotextual.com\/inicio\/index.php\/2023\/05\/31\/conduccion-segura-entregaron-cascos-y-chalecos-a-motociclistas-de-trenel\/#breadcrumb","itemListElement":[{"@type":"ListItem","position":1,"name":"Portada","item":"https:\/\/diariotextual.com\/inicio\/"},{"@type":"ListItem","position":2,"name":"Conducci\u00f3n segura: entregaron cascos y chalecos a motociclistas de Trenel"}]},{"@type":"WebSite","@id":"https:\/\/diariotextual.com\/inicio\/#website","url":"https:\/\/diariotextual.com\/inicio\/","name":"Diario Textual","description":"","publisher":{"@id":"https:\/\/diariotextual.com\/inicio\/#organization"},"potentialAction":[{"@type":"SearchAction","target":{"@type":"EntryPoint","urlTemplate":"https:\/\/diariotextual.com\/inicio\/?s={search_term_string}"},"query-input":{"@type":"PropertyValueSpecification","valueRequired":true,"valueName":"search_term_string"}}],"inLanguage":"es"},{"@type":"Organization","@id":"https:\/\/diariotextual.com\/inicio\/#organization","name":"Diario Textual","url":"https:\/\/diariotextual.com\/inicio\/","logo":{"@type":"ImageObject","inLanguage":"es","@id":"https:\/\/diariotextual.com\/inicio\/#\/schema\/logo\/image\/","url":"https:\/\/diariotextual.com\/inicio\/wp-content\/uploads\/2023\/05\/logotextual1.jpg","contentUrl":"https:\/\/diariotextual.com\/inicio\/wp-content\/uploads\/2023\/05\/logotextual1.jpg","width":516,"height":76,"caption":"Diario Textual"},"image":{"@id":"https:\/\/diariotextual.com\/inicio\/#\/schema\/logo\/image\/"},"sameAs":["https:\/\/www.facebook.com\/eltextual","https:\/\/x.com\/eltextual","http:\/\/www.instagram.com\/eltextual"]},{"@type":"Person","@id":"https:\/\/diariotextual.com\/inicio\/#\/schema\/person\/694f60677f23c4a530867a98f22b3768","name":"diario2","image":{"@type":"ImageObject","inLanguage":"es","@id":"https:\/\/secure.gravatar.com\/avatar\/5a2567495ba16b852fcd8f1ed006a2e24fcace936018ed8237e95f488ad6e0a7?s=96&d=mm&r=g","url":"https:\/\/secure.gravatar.com\/avatar\/5a2567495ba16b852fcd8f1ed006a2e24fcace936018ed8237e95f488ad6e0a7?s=96&d=mm&r=g","contentUrl":"https:\/\/secure.gravatar.com\/avatar\/5a2567495ba16b852fcd8f1ed006a2e24fcace936018ed8237e95f488ad6e0a7?s=96&d=mm&r=g","caption":"diario2"},"url":"https:\/\/diariotextual.com\/inicio\/index.php\/author\/diario2\/"}]}},"_links":{"self":[{"href":"https:\/\/diariotextual.com\/inicio\/index.php\/wp-json\/wp\/v2\/posts\/227169","targetHints":{"allow":["GET"]}}],"collection":[{"href":"https:\/\/diariotextual.com\/inicio\/index.php\/wp-json\/wp\/v2\/posts"}],"about":[{"href":"https:\/\/diariotextual.com\/inicio\/index.php\/wp-json\/wp\/v2\/types\/post"}],"author":[{"embeddable":true,"href":"https:\/\/diariotextual.com\/inicio\/index.php\/wp-json\/wp\/v2\/users\/4"}],"replies":[{"embeddable":true,"href":"https:\/\/diariotextual.com\/inicio\/index.php\/wp-json\/wp\/v2\/comments?post=227169"}],"version-history":[{"count":1,"href":"https:\/\/diariotextual.com\/inicio\/index.php\/wp-json\/wp\/v2\/posts\/227169\/revisions"}],"predecessor-version":[{"id":227171,"href":"https:\/\/diariotextual.com\/inicio\/index.php\/wp-json\/wp\/v2\/posts\/227169\/revisions\/227171"}],"wp:featuredmedia":[{"embeddable":true,"href":"https:\/\/diariotextual.com\/inicio\/index.php\/wp-json\/wp\/v2\/media\/227170"}],"wp:attachment":[{"href":"https:\/\/diariotextual.com\/inicio\/index.php\/wp-json\/wp\/v2\/media?parent=227169"}],"wp:term":[{"taxonomy":"category","embeddable":true,"href":"https:\/\/diariotextual.com\/inicio\/index.php\/wp-json\/wp\/v2\/categories?post=227169"},{"taxonomy":"post_tag","embeddable":true,"href":"https:\/\/diariotextual.com\/inicio\/index.php\/wp-json\/wp\/v2\/tags?post=227169"}],"curies":[{"name":"wp","href":"https:\/\/api.w.org\/{rel}","templated":true}]}}