{"id":227218,"date":"2023-06-01T12:36:47","date_gmt":"2023-06-01T15:36:47","guid":{"rendered":"https:\/\/diariotextual.com\/inicio\/?p=227218"},"modified":"2023-06-01T12:36:49","modified_gmt":"2023-06-01T15:36:49","slug":"teresa-perez-presento-en-la-feria-del-libro-de-las-hachadas-de-editorial-voces","status":"publish","type":"post","link":"https:\/\/diariotextual.com\/inicio\/index.php\/2023\/06\/01\/teresa-perez-presento-en-la-feria-del-libro-de-las-hachadas-de-editorial-voces\/","title":{"rendered":"Teresa P\u00e9rez present\u00f3 en la Feria del Libro \u201cDe las Hachadas\u201d de Editorial Voces"},"content":{"rendered":"\n<p>El libro \u201cDe las Hachadas\u201d, de la<strong> escritora Teresa P\u00e9re<\/strong>z, fue presentado por la autora, hace pocos d\u00edas, en el stand institucional del Ente Cultural Patagonia, en el marco de la<strong> 47\u00b0 edici\u00f3n de la Feria Internacional del Libro<\/strong>, en la ciudad de Buenos Aires, donde la provincia de La Pampa comparti\u00f3 espacio con los entes culturales de todas las provincias patag\u00f3nicas.<\/p>\n\n\n\n<p>Durante la presentaci\u00f3n Teresa estuvo acompa\u00f1ada por el director de Editorial Voces y consejero titular de la CPE, Alberto Acosta, y por el escritor e investigador Omar Lobos.<\/p>\n\n\n\n<p>El libro, editado el a\u00f1o 2022, recoge buena parte de la <strong>creaci\u00f3n literaria de Teresa P\u00e9rez en tiempos de su adolescencia, donde retrata, en clave po\u00e9tica e intimista, las vivencias y sentimientos de su gente. <\/strong>Editorial Voces hab\u00eda presentado la obra a fines de octubre del a\u00f1o pasado en la sala Los Pioneros, en un emotivo acto, junto a Omar Lobos, su prologuista y la poeta pampeana \u00c1gueda Franco.<\/p>\n\n\n\n<p>La presentaci\u00f3n en la Feria Internacional del Libro permiti\u00f3 la interacci\u00f3n de los panelistas con referentes culturales de otras provincias patag\u00f3nicas tambi\u00e9n presentes en el stand. Entre los asistentes, la obra de Teresa despert\u00f3 un vivo inter\u00e9s, tanto por su escenario -el monte de cald\u00e9n pampeano, territorio m\u00edtico- como por la vivacidad de la alocuci\u00f3n de su autora.<\/p>\n\n\n\n<p>El encuentro con los co-patag\u00f3nicos tambi\u00e9n sirvi\u00f3 para comunicar y explicar el funcionamiento de Editorial Voces, que fue seguido con mucho inter\u00e9s, ya que, como es sabido, la edici\u00f3n de obras se ha encarecido sensiblemente, volvi\u00e9ndose prohibitivo el acceso al libro para autores y lectores. La experiencia cooperativa se muestra una vez m\u00e1s, como una salida -para usar una expresi\u00f3n borgeana- por arriba del laberinto.<\/p>\n\n\n\n<p>La poeta ha recibido numerosos premios y reconocimientos entre los que destacan: Vivir en Democracia con Justicia Social, el premio Alicia Moreau de Justo, el Premio Fortabat edici\u00f3n 1997 y el premio Testimonio a la trayectoria literaria del Gobierno de La Pampa en 2019. Su protagonismo cultural en nuestra provincia la ubica como parte de la fundaci\u00f3n del grupo Joven Poes\u00eda de La Pampa, de la Asociaci\u00f3n Pampeana de Escritores (APE) y de la biblioteca popular \u201cEdgar Morisoli\u201d. La Biblioteca Popular \u201cTeresa P\u00e9rez\u201d, del Barrio Escondido, lleva su nombre como sentido homenaje.<\/p>\n","protected":false},"excerpt":{"rendered":"<p>El libro \u201cDe las Hachadas\u201d, de la escritora Teresa P\u00e9rez, fue presentado por la autora, hace pocos d\u00edas, en el stand institucional del Ente Cultural Patagonia, en el marco de&hellip;<\/p>\n","protected":false},"author":4,"featured_media":227219,"comment_status":"closed","ping_status":"open","sticky":false,"template":"","format":"standard","meta":{"_acf_changed":false,"footnotes":""},"categories":[1,2],"tags":[],"class_list":["post-227218","post","type-post","status-publish","format-standard","has-post-thumbnail","hentry","category-es-noticia","category-cultura"],"acf":[],"yoast_head":"<!-- This site is optimized with the Yoast SEO plugin v27.5 - https:\/\/yoast.com\/product\/yoast-seo-wordpress\/ -->\n<title>Teresa P\u00e9rez present\u00f3 en la Feria del Libro \u201cDe las Hachadas\u201d de Editorial Voces - Diario Textual<\/title>\n<meta name=\"robots\" content=\"index, follow, max-snippet:-1, max-image-preview:large, max-video-preview:-1\" \/>\n<link rel=\"canonical\" href=\"https:\/\/diariotextual.com\/inicio\/index.php\/2023\/06\/01\/teresa-perez-presento-en-la-feria-del-libro-de-las-hachadas-de-editorial-voces\/\" \/>\n<meta property=\"og:locale\" content=\"es_ES\" \/>\n<meta property=\"og:type\" content=\"article\" \/>\n<meta property=\"og:title\" content=\"Teresa P\u00e9rez present\u00f3 en la Feria del Libro \u201cDe las Hachadas\u201d de Editorial Voces - Diario Textual\" \/>\n<meta property=\"og:description\" content=\"El libro \u201cDe las Hachadas\u201d, de la escritora Teresa P\u00e9rez, fue presentado por la autora, hace pocos d\u00edas, en el stand institucional del Ente Cultural Patagonia, en el marco de&hellip;\" \/>\n<meta property=\"og:url\" content=\"https:\/\/diariotextual.com\/inicio\/index.php\/2023\/06\/01\/teresa-perez-presento-en-la-feria-del-libro-de-las-hachadas-de-editorial-voces\/\" \/>\n<meta property=\"og:site_name\" content=\"Diario Textual\" \/>\n<meta property=\"article:publisher\" content=\"https:\/\/www.facebook.com\/eltextual\" \/>\n<meta property=\"article:published_time\" content=\"2023-06-01T15:36:47+00:00\" \/>\n<meta property=\"article:modified_time\" content=\"2023-06-01T15:36:49+00:00\" \/>\n<meta property=\"og:image\" content=\"https:\/\/diariotextual.com\/inicio\/wp-content\/uploads\/2023\/06\/teresaperezlibroferia64375.jpg\" \/>\n\t<meta property=\"og:image:width\" content=\"900\" \/>\n\t<meta property=\"og:image:height\" content=\"618\" \/>\n\t<meta property=\"og:image:type\" content=\"image\/jpeg\" \/>\n<meta name=\"author\" content=\"diario2\" \/>\n<meta name=\"twitter:card\" content=\"summary_large_image\" \/>\n<meta name=\"twitter:creator\" content=\"@eltextual\" \/>\n<meta name=\"twitter:site\" content=\"@eltextual\" \/>\n<meta name=\"twitter:label1\" content=\"Escrito por\" \/>\n\t<meta name=\"twitter:data1\" content=\"diario2\" \/>\n\t<meta name=\"twitter:label2\" content=\"Tiempo de lectura\" \/>\n\t<meta name=\"twitter:data2\" content=\"2 minutos\" \/>\n<script type=\"application\/ld+json\" class=\"yoast-schema-graph\">{\"@context\":\"https:\\\/\\\/schema.org\",\"@graph\":[{\"@type\":\"Article\",\"@id\":\"https:\\\/\\\/diariotextual.com\\\/inicio\\\/index.php\\\/2023\\\/06\\\/01\\\/teresa-perez-presento-en-la-feria-del-libro-de-las-hachadas-de-editorial-voces\\\/#article\",\"isPartOf\":{\"@id\":\"https:\\\/\\\/diariotextual.com\\\/inicio\\\/index.php\\\/2023\\\/06\\\/01\\\/teresa-perez-presento-en-la-feria-del-libro-de-las-hachadas-de-editorial-voces\\\/\"},\"author\":{\"name\":\"diario2\",\"@id\":\"https:\\\/\\\/diariotextual.com\\\/inicio\\\/#\\\/schema\\\/person\\\/694f60677f23c4a530867a98f22b3768\"},\"headline\":\"Teresa P\u00e9rez present\u00f3 en la Feria del Libro \u201cDe las Hachadas\u201d de Editorial Voces\",\"datePublished\":\"2023-06-01T15:36:47+00:00\",\"dateModified\":\"2023-06-01T15:36:49+00:00\",\"mainEntityOfPage\":{\"@id\":\"https:\\\/\\\/diariotextual.com\\\/inicio\\\/index.php\\\/2023\\\/06\\\/01\\\/teresa-perez-presento-en-la-feria-del-libro-de-las-hachadas-de-editorial-voces\\\/\"},\"wordCount\":417,\"publisher\":{\"@id\":\"https:\\\/\\\/diariotextual.com\\\/inicio\\\/#organization\"},\"image\":{\"@id\":\"https:\\\/\\\/diariotextual.com\\\/inicio\\\/index.php\\\/2023\\\/06\\\/01\\\/teresa-perez-presento-en-la-feria-del-libro-de-las-hachadas-de-editorial-voces\\\/#primaryimage\"},\"thumbnailUrl\":\"https:\\\/\\\/diariotextual.com\\\/inicio\\\/wp-content\\\/uploads\\\/2023\\\/06\\\/teresaperezlibroferia64375.jpg\",\"articleSection\":[\"A - ES NOTICIA (van abajo)\",\"CULTURA\"],\"inLanguage\":\"es\"},{\"@type\":\"WebPage\",\"@id\":\"https:\\\/\\\/diariotextual.com\\\/inicio\\\/index.php\\\/2023\\\/06\\\/01\\\/teresa-perez-presento-en-la-feria-del-libro-de-las-hachadas-de-editorial-voces\\\/\",\"url\":\"https:\\\/\\\/diariotextual.com\\\/inicio\\\/index.php\\\/2023\\\/06\\\/01\\\/teresa-perez-presento-en-la-feria-del-libro-de-las-hachadas-de-editorial-voces\\\/\",\"name\":\"Teresa P\u00e9rez present\u00f3 en la Feria del Libro \u201cDe las Hachadas\u201d de Editorial Voces - Diario Textual\",\"isPartOf\":{\"@id\":\"https:\\\/\\\/diariotextual.com\\\/inicio\\\/#website\"},\"primaryImageOfPage\":{\"@id\":\"https:\\\/\\\/diariotextual.com\\\/inicio\\\/index.php\\\/2023\\\/06\\\/01\\\/teresa-perez-presento-en-la-feria-del-libro-de-las-hachadas-de-editorial-voces\\\/#primaryimage\"},\"image\":{\"@id\":\"https:\\\/\\\/diariotextual.com\\\/inicio\\\/index.php\\\/2023\\\/06\\\/01\\\/teresa-perez-presento-en-la-feria-del-libro-de-las-hachadas-de-editorial-voces\\\/#primaryimage\"},\"thumbnailUrl\":\"https:\\\/\\\/diariotextual.com\\\/inicio\\\/wp-content\\\/uploads\\\/2023\\\/06\\\/teresaperezlibroferia64375.jpg\",\"datePublished\":\"2023-06-01T15:36:47+00:00\",\"dateModified\":\"2023-06-01T15:36:49+00:00\",\"breadcrumb\":{\"@id\":\"https:\\\/\\\/diariotextual.com\\\/inicio\\\/index.php\\\/2023\\\/06\\\/01\\\/teresa-perez-presento-en-la-feria-del-libro-de-las-hachadas-de-editorial-voces\\\/#breadcrumb\"},\"inLanguage\":\"es\",\"potentialAction\":[{\"@type\":\"ReadAction\",\"target\":[\"https:\\\/\\\/diariotextual.com\\\/inicio\\\/index.php\\\/2023\\\/06\\\/01\\\/teresa-perez-presento-en-la-feria-del-libro-de-las-hachadas-de-editorial-voces\\\/\"]}]},{\"@type\":\"ImageObject\",\"inLanguage\":\"es\",\"@id\":\"https:\\\/\\\/diariotextual.com\\\/inicio\\\/index.php\\\/2023\\\/06\\\/01\\\/teresa-perez-presento-en-la-feria-del-libro-de-las-hachadas-de-editorial-voces\\\/#primaryimage\",\"url\":\"https:\\\/\\\/diariotextual.com\\\/inicio\\\/wp-content\\\/uploads\\\/2023\\\/06\\\/teresaperezlibroferia64375.jpg\",\"contentUrl\":\"https:\\\/\\\/diariotextual.com\\\/inicio\\\/wp-content\\\/uploads\\\/2023\\\/06\\\/teresaperezlibroferia64375.jpg\",\"width\":900,\"height\":618},{\"@type\":\"BreadcrumbList\",\"@id\":\"https:\\\/\\\/diariotextual.com\\\/inicio\\\/index.php\\\/2023\\\/06\\\/01\\\/teresa-perez-presento-en-la-feria-del-libro-de-las-hachadas-de-editorial-voces\\\/#breadcrumb\",\"itemListElement\":[{\"@type\":\"ListItem\",\"position\":1,\"name\":\"Portada\",\"item\":\"https:\\\/\\\/diariotextual.com\\\/inicio\\\/\"},{\"@type\":\"ListItem\",\"position\":2,\"name\":\"Teresa P\u00e9rez present\u00f3 en la Feria del Libro \u201cDe las Hachadas\u201d de Editorial Voces\"}]},{\"@type\":\"WebSite\",\"@id\":\"https:\\\/\\\/diariotextual.com\\\/inicio\\\/#website\",\"url\":\"https:\\\/\\\/diariotextual.com\\\/inicio\\\/\",\"name\":\"Diario Textual\",\"description\":\"\",\"publisher\":{\"@id\":\"https:\\\/\\\/diariotextual.com\\\/inicio\\\/#organization\"},\"potentialAction\":[{\"@type\":\"SearchAction\",\"target\":{\"@type\":\"EntryPoint\",\"urlTemplate\":\"https:\\\/\\\/diariotextual.com\\\/inicio\\\/?s={search_term_string}\"},\"query-input\":{\"@type\":\"PropertyValueSpecification\",\"valueRequired\":true,\"valueName\":\"search_term_string\"}}],\"inLanguage\":\"es\"},{\"@type\":\"Organization\",\"@id\":\"https:\\\/\\\/diariotextual.com\\\/inicio\\\/#organization\",\"name\":\"Diario Textual\",\"url\":\"https:\\\/\\\/diariotextual.com\\\/inicio\\\/\",\"logo\":{\"@type\":\"ImageObject\",\"inLanguage\":\"es\",\"@id\":\"https:\\\/\\\/diariotextual.com\\\/inicio\\\/#\\\/schema\\\/logo\\\/image\\\/\",\"url\":\"https:\\\/\\\/diariotextual.com\\\/inicio\\\/wp-content\\\/uploads\\\/2023\\\/05\\\/logotextual1.jpg\",\"contentUrl\":\"https:\\\/\\\/diariotextual.com\\\/inicio\\\/wp-content\\\/uploads\\\/2023\\\/05\\\/logotextual1.jpg\",\"width\":516,\"height\":76,\"caption\":\"Diario Textual\"},\"image\":{\"@id\":\"https:\\\/\\\/diariotextual.com\\\/inicio\\\/#\\\/schema\\\/logo\\\/image\\\/\"},\"sameAs\":[\"https:\\\/\\\/www.facebook.com\\\/eltextual\",\"https:\\\/\\\/x.com\\\/eltextual\",\"http:\\\/\\\/www.instagram.com\\\/eltextual\"]},{\"@type\":\"Person\",\"@id\":\"https:\\\/\\\/diariotextual.com\\\/inicio\\\/#\\\/schema\\\/person\\\/694f60677f23c4a530867a98f22b3768\",\"name\":\"diario2\",\"image\":{\"@type\":\"ImageObject\",\"inLanguage\":\"es\",\"@id\":\"https:\\\/\\\/secure.gravatar.com\\\/avatar\\\/5a2567495ba16b852fcd8f1ed006a2e24fcace936018ed8237e95f488ad6e0a7?s=96&d=mm&r=g\",\"url\":\"https:\\\/\\\/secure.gravatar.com\\\/avatar\\\/5a2567495ba16b852fcd8f1ed006a2e24fcace936018ed8237e95f488ad6e0a7?s=96&d=mm&r=g\",\"contentUrl\":\"https:\\\/\\\/secure.gravatar.com\\\/avatar\\\/5a2567495ba16b852fcd8f1ed006a2e24fcace936018ed8237e95f488ad6e0a7?s=96&d=mm&r=g\",\"caption\":\"diario2\"},\"url\":\"https:\\\/\\\/diariotextual.com\\\/inicio\\\/index.php\\\/author\\\/diario2\\\/\"}]}<\/script>\n<!-- \/ Yoast SEO plugin. -->","yoast_head_json":{"title":"Teresa P\u00e9rez present\u00f3 en la Feria del Libro \u201cDe las Hachadas\u201d de Editorial Voces - Diario Textual","robots":{"index":"index","follow":"follow","max-snippet":"max-snippet:-1","max-image-preview":"max-image-preview:large","max-video-preview":"max-video-preview:-1"},"canonical":"https:\/\/diariotextual.com\/inicio\/index.php\/2023\/06\/01\/teresa-perez-presento-en-la-feria-del-libro-de-las-hachadas-de-editorial-voces\/","og_locale":"es_ES","og_type":"article","og_title":"Teresa P\u00e9rez present\u00f3 en la Feria del Libro \u201cDe las Hachadas\u201d de Editorial Voces - Diario Textual","og_description":"El libro \u201cDe las Hachadas\u201d, de la escritora Teresa P\u00e9rez, fue presentado por la autora, hace pocos d\u00edas, en el stand institucional del Ente Cultural Patagonia, en el marco de&hellip;","og_url":"https:\/\/diariotextual.com\/inicio\/index.php\/2023\/06\/01\/teresa-perez-presento-en-la-feria-del-libro-de-las-hachadas-de-editorial-voces\/","og_site_name":"Diario Textual","article_publisher":"https:\/\/www.facebook.com\/eltextual","article_published_time":"2023-06-01T15:36:47+00:00","article_modified_time":"2023-06-01T15:36:49+00:00","og_image":[{"width":900,"height":618,"url":"https:\/\/diariotextual.com\/inicio\/wp-content\/uploads\/2023\/06\/teresaperezlibroferia64375.jpg","type":"image\/jpeg"}],"author":"diario2","twitter_card":"summary_large_image","twitter_creator":"@eltextual","twitter_site":"@eltextual","twitter_misc":{"Escrito por":"diario2","Tiempo de lectura":"2 minutos"},"schema":{"@context":"https:\/\/schema.org","@graph":[{"@type":"Article","@id":"https:\/\/diariotextual.com\/inicio\/index.php\/2023\/06\/01\/teresa-perez-presento-en-la-feria-del-libro-de-las-hachadas-de-editorial-voces\/#article","isPartOf":{"@id":"https:\/\/diariotextual.com\/inicio\/index.php\/2023\/06\/01\/teresa-perez-presento-en-la-feria-del-libro-de-las-hachadas-de-editorial-voces\/"},"author":{"name":"diario2","@id":"https:\/\/diariotextual.com\/inicio\/#\/schema\/person\/694f60677f23c4a530867a98f22b3768"},"headline":"Teresa P\u00e9rez present\u00f3 en la Feria del Libro \u201cDe las Hachadas\u201d de Editorial Voces","datePublished":"2023-06-01T15:36:47+00:00","dateModified":"2023-06-01T15:36:49+00:00","mainEntityOfPage":{"@id":"https:\/\/diariotextual.com\/inicio\/index.php\/2023\/06\/01\/teresa-perez-presento-en-la-feria-del-libro-de-las-hachadas-de-editorial-voces\/"},"wordCount":417,"publisher":{"@id":"https:\/\/diariotextual.com\/inicio\/#organization"},"image":{"@id":"https:\/\/diariotextual.com\/inicio\/index.php\/2023\/06\/01\/teresa-perez-presento-en-la-feria-del-libro-de-las-hachadas-de-editorial-voces\/#primaryimage"},"thumbnailUrl":"https:\/\/diariotextual.com\/inicio\/wp-content\/uploads\/2023\/06\/teresaperezlibroferia64375.jpg","articleSection":["A - ES NOTICIA (van abajo)","CULTURA"],"inLanguage":"es"},{"@type":"WebPage","@id":"https:\/\/diariotextual.com\/inicio\/index.php\/2023\/06\/01\/teresa-perez-presento-en-la-feria-del-libro-de-las-hachadas-de-editorial-voces\/","url":"https:\/\/diariotextual.com\/inicio\/index.php\/2023\/06\/01\/teresa-perez-presento-en-la-feria-del-libro-de-las-hachadas-de-editorial-voces\/","name":"Teresa P\u00e9rez present\u00f3 en la Feria del Libro \u201cDe las Hachadas\u201d de Editorial Voces - Diario Textual","isPartOf":{"@id":"https:\/\/diariotextual.com\/inicio\/#website"},"primaryImageOfPage":{"@id":"https:\/\/diariotextual.com\/inicio\/index.php\/2023\/06\/01\/teresa-perez-presento-en-la-feria-del-libro-de-las-hachadas-de-editorial-voces\/#primaryimage"},"image":{"@id":"https:\/\/diariotextual.com\/inicio\/index.php\/2023\/06\/01\/teresa-perez-presento-en-la-feria-del-libro-de-las-hachadas-de-editorial-voces\/#primaryimage"},"thumbnailUrl":"https:\/\/diariotextual.com\/inicio\/wp-content\/uploads\/2023\/06\/teresaperezlibroferia64375.jpg","datePublished":"2023-06-01T15:36:47+00:00","dateModified":"2023-06-01T15:36:49+00:00","breadcrumb":{"@id":"https:\/\/diariotextual.com\/inicio\/index.php\/2023\/06\/01\/teresa-perez-presento-en-la-feria-del-libro-de-las-hachadas-de-editorial-voces\/#breadcrumb"},"inLanguage":"es","potentialAction":[{"@type":"ReadAction","target":["https:\/\/diariotextual.com\/inicio\/index.php\/2023\/06\/01\/teresa-perez-presento-en-la-feria-del-libro-de-las-hachadas-de-editorial-voces\/"]}]},{"@type":"ImageObject","inLanguage":"es","@id":"https:\/\/diariotextual.com\/inicio\/index.php\/2023\/06\/01\/teresa-perez-presento-en-la-feria-del-libro-de-las-hachadas-de-editorial-voces\/#primaryimage","url":"https:\/\/diariotextual.com\/inicio\/wp-content\/uploads\/2023\/06\/teresaperezlibroferia64375.jpg","contentUrl":"https:\/\/diariotextual.com\/inicio\/wp-content\/uploads\/2023\/06\/teresaperezlibroferia64375.jpg","width":900,"height":618},{"@type":"BreadcrumbList","@id":"https:\/\/diariotextual.com\/inicio\/index.php\/2023\/06\/01\/teresa-perez-presento-en-la-feria-del-libro-de-las-hachadas-de-editorial-voces\/#breadcrumb","itemListElement":[{"@type":"ListItem","position":1,"name":"Portada","item":"https:\/\/diariotextual.com\/inicio\/"},{"@type":"ListItem","position":2,"name":"Teresa P\u00e9rez present\u00f3 en la Feria del Libro \u201cDe las Hachadas\u201d de Editorial Voces"}]},{"@type":"WebSite","@id":"https:\/\/diariotextual.com\/inicio\/#website","url":"https:\/\/diariotextual.com\/inicio\/","name":"Diario Textual","description":"","publisher":{"@id":"https:\/\/diariotextual.com\/inicio\/#organization"},"potentialAction":[{"@type":"SearchAction","target":{"@type":"EntryPoint","urlTemplate":"https:\/\/diariotextual.com\/inicio\/?s={search_term_string}"},"query-input":{"@type":"PropertyValueSpecification","valueRequired":true,"valueName":"search_term_string"}}],"inLanguage":"es"},{"@type":"Organization","@id":"https:\/\/diariotextual.com\/inicio\/#organization","name":"Diario Textual","url":"https:\/\/diariotextual.com\/inicio\/","logo":{"@type":"ImageObject","inLanguage":"es","@id":"https:\/\/diariotextual.com\/inicio\/#\/schema\/logo\/image\/","url":"https:\/\/diariotextual.com\/inicio\/wp-content\/uploads\/2023\/05\/logotextual1.jpg","contentUrl":"https:\/\/diariotextual.com\/inicio\/wp-content\/uploads\/2023\/05\/logotextual1.jpg","width":516,"height":76,"caption":"Diario Textual"},"image":{"@id":"https:\/\/diariotextual.com\/inicio\/#\/schema\/logo\/image\/"},"sameAs":["https:\/\/www.facebook.com\/eltextual","https:\/\/x.com\/eltextual","http:\/\/www.instagram.com\/eltextual"]},{"@type":"Person","@id":"https:\/\/diariotextual.com\/inicio\/#\/schema\/person\/694f60677f23c4a530867a98f22b3768","name":"diario2","image":{"@type":"ImageObject","inLanguage":"es","@id":"https:\/\/secure.gravatar.com\/avatar\/5a2567495ba16b852fcd8f1ed006a2e24fcace936018ed8237e95f488ad6e0a7?s=96&d=mm&r=g","url":"https:\/\/secure.gravatar.com\/avatar\/5a2567495ba16b852fcd8f1ed006a2e24fcace936018ed8237e95f488ad6e0a7?s=96&d=mm&r=g","contentUrl":"https:\/\/secure.gravatar.com\/avatar\/5a2567495ba16b852fcd8f1ed006a2e24fcace936018ed8237e95f488ad6e0a7?s=96&d=mm&r=g","caption":"diario2"},"url":"https:\/\/diariotextual.com\/inicio\/index.php\/author\/diario2\/"}]}},"_links":{"self":[{"href":"https:\/\/diariotextual.com\/inicio\/index.php\/wp-json\/wp\/v2\/posts\/227218","targetHints":{"allow":["GET"]}}],"collection":[{"href":"https:\/\/diariotextual.com\/inicio\/index.php\/wp-json\/wp\/v2\/posts"}],"about":[{"href":"https:\/\/diariotextual.com\/inicio\/index.php\/wp-json\/wp\/v2\/types\/post"}],"author":[{"embeddable":true,"href":"https:\/\/diariotextual.com\/inicio\/index.php\/wp-json\/wp\/v2\/users\/4"}],"replies":[{"embeddable":true,"href":"https:\/\/diariotextual.com\/inicio\/index.php\/wp-json\/wp\/v2\/comments?post=227218"}],"version-history":[{"count":1,"href":"https:\/\/diariotextual.com\/inicio\/index.php\/wp-json\/wp\/v2\/posts\/227218\/revisions"}],"predecessor-version":[{"id":227220,"href":"https:\/\/diariotextual.com\/inicio\/index.php\/wp-json\/wp\/v2\/posts\/227218\/revisions\/227220"}],"wp:featuredmedia":[{"embeddable":true,"href":"https:\/\/diariotextual.com\/inicio\/index.php\/wp-json\/wp\/v2\/media\/227219"}],"wp:attachment":[{"href":"https:\/\/diariotextual.com\/inicio\/index.php\/wp-json\/wp\/v2\/media?parent=227218"}],"wp:term":[{"taxonomy":"category","embeddable":true,"href":"https:\/\/diariotextual.com\/inicio\/index.php\/wp-json\/wp\/v2\/categories?post=227218"},{"taxonomy":"post_tag","embeddable":true,"href":"https:\/\/diariotextual.com\/inicio\/index.php\/wp-json\/wp\/v2\/tags?post=227218"}],"curies":[{"name":"wp","href":"https:\/\/api.w.org\/{rel}","templated":true}]}}