{"id":227221,"date":"2023-06-01T13:18:08","date_gmt":"2023-06-01T16:18:08","guid":{"rendered":"https:\/\/diariotextual.com\/inicio\/?p=227221"},"modified":"2023-06-02T06:49:40","modified_gmt":"2023-06-02T09:49:40","slug":"condenado-por-cometer-cuatro-delitos-cuando-tenia-una-orden-de-restriccion","status":"publish","type":"post","link":"https:\/\/diariotextual.com\/inicio\/index.php\/2023\/06\/01\/condenado-por-cometer-cuatro-delitos-cuando-tenia-una-orden-de-restriccion\/","title":{"rendered":"Condenado por cometer cuatro delitos cuando ten\u00eda una orden de restricci\u00f3n"},"content":{"rendered":"\n<p>Un joven de 19 a\u00f1os fue condenado a dos a\u00f1os y seis meses de prisi\u00f3n en suspenso, por ser <strong>autor de los delitos de violaci\u00f3n de domicilio, amenazas simples y agravadas, da\u00f1o simple, desobediencia judicial y resistencia a la autoridad en concurso ideal y real, en un contexto de violencia de g\u00e9nero.<\/strong> Las v\u00edctimas fueron una expareja y otras personas.<\/p>\n\n\n\n<p>La sentencia contra Ad\u00e1n Nicol\u00e1s Vi\u00f1as fue dictada por el juez de control de Victorica, Carlos Esp\u00ednola, a partir de un acuerdo de juicio abreviado presentado por el fiscal Enzo Paolo Rangone, la defensora oficial Mar\u00eda Soledad Tr\u00edmboli y el propio imputado, quien admiti\u00f3 la autor\u00eda de los hechos.<\/p>\n\n\n\n<p>En el legajo penal qued\u00f3 probado que Vi\u00f1as <strong>ingres\u00f3 al domicilio de su expareja, desobedeciendo una prohibici\u00f3n de acercamiento<\/strong> dictada por el propio Esp\u00ednola cinco d\u00edas antes, en el marco de la ley 26485 de Protecci\u00f3n Integral contras las Mujeres.<\/p>\n\n\n\n<p>En esas circunstancias, y sin tener autorizaci\u00f3n de los morados y <strong>portando \u201cun cuchillo de gran tama\u00f1o\u201d en una mano, amenaz\u00f3 verbalmente a su expareja y a otras cuatro personas que estaban all\u00ed, expres\u00e1ndoles \u201clos voy a matar a todos, de ac\u00e1 no sale nadie vivo\u201d. <\/strong>A su vez, con la misma arma destruy\u00f3 el vidrio de una ventana y da\u00f1o una puerta, d\u00e1ndole varios cuchillazos.<\/p>\n\n\n\n<p>Posteriormente, con la cuchilla en la mano, sigui\u00f3 a uno de los hombres presentes en la vivienda hasta la comisar\u00eda de la localidad y, a pesar de que el comisario le hablara para que depusiera su actitud y le pidiera que dejara el arma, continu\u00f3 hasta el hospital, \u201cmovi\u00e9ndola de un lado a otro, mostr\u00e1ndose agresivo y manifestando verbalmente que matar\u00eda a toda la familia\u201d de su expareja. Finalmente fue reducido por la fuerza por la polic\u00eda.<\/p>\n\n\n\n<p>\u201cM\u00e1s all\u00e1 del reconocimiento realizado por el imputado, al suscribir el acuerdo de juicio abreviado, considero que el hecho qued\u00f3 debidamente probado, considerando que se incorpor\u00f3 como prueba de cargo la denuncia (de una de las v\u00edctimas), el parte de novedades del comisario, el acta de secuestro de la cuchilla, las declaraciones de cuatro testigos, el acta de constataci\u00f3n ocular y el croquis demostrativo del lugar y capturas de pantallas que corroboraron la vinculaci\u00f3n del acusados con los hechos\u201d, se\u00f1al\u00f3 el magistrado en el fallo.<\/p>\n\n\n\n<p>Tras aclarar que en este procedimiento de soluci\u00f3n alternativa al conflicto penal, el juez no puede imponer sanciones m\u00e1s gravosas que las requeridas por el Ministerio P\u00fablico Fiscal; Esp\u00ednola le impuso a Vi\u00f1as el cumplimiento de las siguientes reglas de conducta por dos a\u00f1os: fijar residencia, presentarse cada tres meses ante el Ente de Pol\u00edticas Socializadoras, cesar todo acto de perturbaci\u00f3n en perjuicio de su expareja y otra mujer, abstenerse de usar estupefacientes o abusa de bebidas alcoh\u00f3licas y realizar un tratamiento psicol\u00f3gico.<\/p>\n","protected":false},"excerpt":{"rendered":"<p>Un joven de 19 a\u00f1os fue condenado a dos a\u00f1os y seis meses de prisi\u00f3n en suspenso, por ser autor de los delitos de violaci\u00f3n de domicilio, amenazas simples y&hellip;<\/p>\n","protected":false},"author":4,"featured_media":180928,"comment_status":"closed","ping_status":"open","sticky":false,"template":"","format":"standard","meta":{"_acf_changed":false,"footnotes":""},"categories":[11,12],"tags":[],"class_list":["post-227221","post","type-post","status-publish","format-standard","has-post-thumbnail","hentry","category-que-pasa","category-sociedad"],"acf":[],"yoast_head":"<!-- This site is optimized with the Yoast SEO plugin v27.5 - https:\/\/yoast.com\/product\/yoast-seo-wordpress\/ -->\n<title>Condenado por cometer cuatro delitos cuando ten\u00eda una orden de restricci\u00f3n - Diario Textual<\/title>\n<meta name=\"robots\" content=\"index, follow, max-snippet:-1, max-image-preview:large, max-video-preview:-1\" \/>\n<link rel=\"canonical\" href=\"https:\/\/diariotextual.com\/inicio\/index.php\/2023\/06\/01\/condenado-por-cometer-cuatro-delitos-cuando-tenia-una-orden-de-restriccion\/\" \/>\n<meta property=\"og:locale\" content=\"es_ES\" \/>\n<meta property=\"og:type\" content=\"article\" \/>\n<meta property=\"og:title\" content=\"Condenado por cometer cuatro delitos cuando ten\u00eda una orden de restricci\u00f3n - Diario Textual\" \/>\n<meta property=\"og:description\" content=\"Un joven de 19 a\u00f1os fue condenado a dos a\u00f1os y seis meses de prisi\u00f3n en suspenso, por ser autor de los delitos de violaci\u00f3n de domicilio, amenazas simples y&hellip;\" \/>\n<meta property=\"og:url\" content=\"https:\/\/diariotextual.com\/inicio\/index.php\/2023\/06\/01\/condenado-por-cometer-cuatro-delitos-cuando-tenia-una-orden-de-restriccion\/\" \/>\n<meta property=\"og:site_name\" content=\"Diario Textual\" \/>\n<meta property=\"article:publisher\" content=\"https:\/\/www.facebook.com\/eltextual\" \/>\n<meta property=\"article:published_time\" content=\"2023-06-01T16:18:08+00:00\" \/>\n<meta property=\"article:modified_time\" content=\"2023-06-02T09:49:40+00:00\" \/>\n<meta property=\"og:image\" content=\"https:\/\/diariotextual.com\/inicio\/wp-content\/uploads\/2022\/03\/violenciadegenerono.jpg\" \/>\n\t<meta property=\"og:image:width\" content=\"700\" \/>\n\t<meta property=\"og:image:height\" content=\"393\" \/>\n\t<meta property=\"og:image:type\" content=\"image\/jpeg\" \/>\n<meta name=\"author\" content=\"diario2\" \/>\n<meta name=\"twitter:card\" content=\"summary_large_image\" \/>\n<meta name=\"twitter:creator\" content=\"@eltextual\" \/>\n<meta name=\"twitter:site\" content=\"@eltextual\" \/>\n<meta name=\"twitter:label1\" content=\"Escrito por\" \/>\n\t<meta name=\"twitter:data1\" content=\"diario2\" \/>\n\t<meta name=\"twitter:label2\" content=\"Tiempo de lectura\" \/>\n\t<meta name=\"twitter:data2\" content=\"3 minutos\" \/>\n<script type=\"application\/ld+json\" class=\"yoast-schema-graph\">{\"@context\":\"https:\\\/\\\/schema.org\",\"@graph\":[{\"@type\":\"Article\",\"@id\":\"https:\\\/\\\/diariotextual.com\\\/inicio\\\/index.php\\\/2023\\\/06\\\/01\\\/condenado-por-cometer-cuatro-delitos-cuando-tenia-una-orden-de-restriccion\\\/#article\",\"isPartOf\":{\"@id\":\"https:\\\/\\\/diariotextual.com\\\/inicio\\\/index.php\\\/2023\\\/06\\\/01\\\/condenado-por-cometer-cuatro-delitos-cuando-tenia-una-orden-de-restriccion\\\/\"},\"author\":{\"name\":\"diario2\",\"@id\":\"https:\\\/\\\/diariotextual.com\\\/inicio\\\/#\\\/schema\\\/person\\\/694f60677f23c4a530867a98f22b3768\"},\"headline\":\"Condenado por cometer cuatro delitos cuando ten\u00eda una orden de restricci\u00f3n\",\"datePublished\":\"2023-06-01T16:18:08+00:00\",\"dateModified\":\"2023-06-02T09:49:40+00:00\",\"mainEntityOfPage\":{\"@id\":\"https:\\\/\\\/diariotextual.com\\\/inicio\\\/index.php\\\/2023\\\/06\\\/01\\\/condenado-por-cometer-cuatro-delitos-cuando-tenia-una-orden-de-restriccion\\\/\"},\"wordCount\":515,\"publisher\":{\"@id\":\"https:\\\/\\\/diariotextual.com\\\/inicio\\\/#organization\"},\"image\":{\"@id\":\"https:\\\/\\\/diariotextual.com\\\/inicio\\\/index.php\\\/2023\\\/06\\\/01\\\/condenado-por-cometer-cuatro-delitos-cuando-tenia-una-orden-de-restriccion\\\/#primaryimage\"},\"thumbnailUrl\":\"https:\\\/\\\/diariotextual.com\\\/inicio\\\/wp-content\\\/uploads\\\/2022\\\/03\\\/violenciadegenerono.jpg\",\"articleSection\":[\"A - QUE PASA (al costado)\",\"SOCIEDAD\"],\"inLanguage\":\"es\"},{\"@type\":\"WebPage\",\"@id\":\"https:\\\/\\\/diariotextual.com\\\/inicio\\\/index.php\\\/2023\\\/06\\\/01\\\/condenado-por-cometer-cuatro-delitos-cuando-tenia-una-orden-de-restriccion\\\/\",\"url\":\"https:\\\/\\\/diariotextual.com\\\/inicio\\\/index.php\\\/2023\\\/06\\\/01\\\/condenado-por-cometer-cuatro-delitos-cuando-tenia-una-orden-de-restriccion\\\/\",\"name\":\"Condenado por cometer cuatro delitos cuando ten\u00eda una orden de restricci\u00f3n - Diario Textual\",\"isPartOf\":{\"@id\":\"https:\\\/\\\/diariotextual.com\\\/inicio\\\/#website\"},\"primaryImageOfPage\":{\"@id\":\"https:\\\/\\\/diariotextual.com\\\/inicio\\\/index.php\\\/2023\\\/06\\\/01\\\/condenado-por-cometer-cuatro-delitos-cuando-tenia-una-orden-de-restriccion\\\/#primaryimage\"},\"image\":{\"@id\":\"https:\\\/\\\/diariotextual.com\\\/inicio\\\/index.php\\\/2023\\\/06\\\/01\\\/condenado-por-cometer-cuatro-delitos-cuando-tenia-una-orden-de-restriccion\\\/#primaryimage\"},\"thumbnailUrl\":\"https:\\\/\\\/diariotextual.com\\\/inicio\\\/wp-content\\\/uploads\\\/2022\\\/03\\\/violenciadegenerono.jpg\",\"datePublished\":\"2023-06-01T16:18:08+00:00\",\"dateModified\":\"2023-06-02T09:49:40+00:00\",\"breadcrumb\":{\"@id\":\"https:\\\/\\\/diariotextual.com\\\/inicio\\\/index.php\\\/2023\\\/06\\\/01\\\/condenado-por-cometer-cuatro-delitos-cuando-tenia-una-orden-de-restriccion\\\/#breadcrumb\"},\"inLanguage\":\"es\",\"potentialAction\":[{\"@type\":\"ReadAction\",\"target\":[\"https:\\\/\\\/diariotextual.com\\\/inicio\\\/index.php\\\/2023\\\/06\\\/01\\\/condenado-por-cometer-cuatro-delitos-cuando-tenia-una-orden-de-restriccion\\\/\"]}]},{\"@type\":\"ImageObject\",\"inLanguage\":\"es\",\"@id\":\"https:\\\/\\\/diariotextual.com\\\/inicio\\\/index.php\\\/2023\\\/06\\\/01\\\/condenado-por-cometer-cuatro-delitos-cuando-tenia-una-orden-de-restriccion\\\/#primaryimage\",\"url\":\"https:\\\/\\\/diariotextual.com\\\/inicio\\\/wp-content\\\/uploads\\\/2022\\\/03\\\/violenciadegenerono.jpg\",\"contentUrl\":\"https:\\\/\\\/diariotextual.com\\\/inicio\\\/wp-content\\\/uploads\\\/2022\\\/03\\\/violenciadegenerono.jpg\",\"width\":700,\"height\":393},{\"@type\":\"BreadcrumbList\",\"@id\":\"https:\\\/\\\/diariotextual.com\\\/inicio\\\/index.php\\\/2023\\\/06\\\/01\\\/condenado-por-cometer-cuatro-delitos-cuando-tenia-una-orden-de-restriccion\\\/#breadcrumb\",\"itemListElement\":[{\"@type\":\"ListItem\",\"position\":1,\"name\":\"Portada\",\"item\":\"https:\\\/\\\/diariotextual.com\\\/inicio\\\/\"},{\"@type\":\"ListItem\",\"position\":2,\"name\":\"Condenado por cometer cuatro delitos cuando ten\u00eda una orden de restricci\u00f3n\"}]},{\"@type\":\"WebSite\",\"@id\":\"https:\\\/\\\/diariotextual.com\\\/inicio\\\/#website\",\"url\":\"https:\\\/\\\/diariotextual.com\\\/inicio\\\/\",\"name\":\"Diario Textual\",\"description\":\"\",\"publisher\":{\"@id\":\"https:\\\/\\\/diariotextual.com\\\/inicio\\\/#organization\"},\"potentialAction\":[{\"@type\":\"SearchAction\",\"target\":{\"@type\":\"EntryPoint\",\"urlTemplate\":\"https:\\\/\\\/diariotextual.com\\\/inicio\\\/?s={search_term_string}\"},\"query-input\":{\"@type\":\"PropertyValueSpecification\",\"valueRequired\":true,\"valueName\":\"search_term_string\"}}],\"inLanguage\":\"es\"},{\"@type\":\"Organization\",\"@id\":\"https:\\\/\\\/diariotextual.com\\\/inicio\\\/#organization\",\"name\":\"Diario Textual\",\"url\":\"https:\\\/\\\/diariotextual.com\\\/inicio\\\/\",\"logo\":{\"@type\":\"ImageObject\",\"inLanguage\":\"es\",\"@id\":\"https:\\\/\\\/diariotextual.com\\\/inicio\\\/#\\\/schema\\\/logo\\\/image\\\/\",\"url\":\"https:\\\/\\\/diariotextual.com\\\/inicio\\\/wp-content\\\/uploads\\\/2023\\\/05\\\/logotextual1.jpg\",\"contentUrl\":\"https:\\\/\\\/diariotextual.com\\\/inicio\\\/wp-content\\\/uploads\\\/2023\\\/05\\\/logotextual1.jpg\",\"width\":516,\"height\":76,\"caption\":\"Diario Textual\"},\"image\":{\"@id\":\"https:\\\/\\\/diariotextual.com\\\/inicio\\\/#\\\/schema\\\/logo\\\/image\\\/\"},\"sameAs\":[\"https:\\\/\\\/www.facebook.com\\\/eltextual\",\"https:\\\/\\\/x.com\\\/eltextual\",\"http:\\\/\\\/www.instagram.com\\\/eltextual\"]},{\"@type\":\"Person\",\"@id\":\"https:\\\/\\\/diariotextual.com\\\/inicio\\\/#\\\/schema\\\/person\\\/694f60677f23c4a530867a98f22b3768\",\"name\":\"diario2\",\"image\":{\"@type\":\"ImageObject\",\"inLanguage\":\"es\",\"@id\":\"https:\\\/\\\/secure.gravatar.com\\\/avatar\\\/5a2567495ba16b852fcd8f1ed006a2e24fcace936018ed8237e95f488ad6e0a7?s=96&d=mm&r=g\",\"url\":\"https:\\\/\\\/secure.gravatar.com\\\/avatar\\\/5a2567495ba16b852fcd8f1ed006a2e24fcace936018ed8237e95f488ad6e0a7?s=96&d=mm&r=g\",\"contentUrl\":\"https:\\\/\\\/secure.gravatar.com\\\/avatar\\\/5a2567495ba16b852fcd8f1ed006a2e24fcace936018ed8237e95f488ad6e0a7?s=96&d=mm&r=g\",\"caption\":\"diario2\"},\"url\":\"https:\\\/\\\/diariotextual.com\\\/inicio\\\/index.php\\\/author\\\/diario2\\\/\"}]}<\/script>\n<!-- \/ Yoast SEO plugin. -->","yoast_head_json":{"title":"Condenado por cometer cuatro delitos cuando ten\u00eda una orden de restricci\u00f3n - Diario Textual","robots":{"index":"index","follow":"follow","max-snippet":"max-snippet:-1","max-image-preview":"max-image-preview:large","max-video-preview":"max-video-preview:-1"},"canonical":"https:\/\/diariotextual.com\/inicio\/index.php\/2023\/06\/01\/condenado-por-cometer-cuatro-delitos-cuando-tenia-una-orden-de-restriccion\/","og_locale":"es_ES","og_type":"article","og_title":"Condenado por cometer cuatro delitos cuando ten\u00eda una orden de restricci\u00f3n - Diario Textual","og_description":"Un joven de 19 a\u00f1os fue condenado a dos a\u00f1os y seis meses de prisi\u00f3n en suspenso, por ser autor de los delitos de violaci\u00f3n de domicilio, amenazas simples y&hellip;","og_url":"https:\/\/diariotextual.com\/inicio\/index.php\/2023\/06\/01\/condenado-por-cometer-cuatro-delitos-cuando-tenia-una-orden-de-restriccion\/","og_site_name":"Diario Textual","article_publisher":"https:\/\/www.facebook.com\/eltextual","article_published_time":"2023-06-01T16:18:08+00:00","article_modified_time":"2023-06-02T09:49:40+00:00","og_image":[{"width":700,"height":393,"url":"https:\/\/diariotextual.com\/inicio\/wp-content\/uploads\/2022\/03\/violenciadegenerono.jpg","type":"image\/jpeg"}],"author":"diario2","twitter_card":"summary_large_image","twitter_creator":"@eltextual","twitter_site":"@eltextual","twitter_misc":{"Escrito por":"diario2","Tiempo de lectura":"3 minutos"},"schema":{"@context":"https:\/\/schema.org","@graph":[{"@type":"Article","@id":"https:\/\/diariotextual.com\/inicio\/index.php\/2023\/06\/01\/condenado-por-cometer-cuatro-delitos-cuando-tenia-una-orden-de-restriccion\/#article","isPartOf":{"@id":"https:\/\/diariotextual.com\/inicio\/index.php\/2023\/06\/01\/condenado-por-cometer-cuatro-delitos-cuando-tenia-una-orden-de-restriccion\/"},"author":{"name":"diario2","@id":"https:\/\/diariotextual.com\/inicio\/#\/schema\/person\/694f60677f23c4a530867a98f22b3768"},"headline":"Condenado por cometer cuatro delitos cuando ten\u00eda una orden de restricci\u00f3n","datePublished":"2023-06-01T16:18:08+00:00","dateModified":"2023-06-02T09:49:40+00:00","mainEntityOfPage":{"@id":"https:\/\/diariotextual.com\/inicio\/index.php\/2023\/06\/01\/condenado-por-cometer-cuatro-delitos-cuando-tenia-una-orden-de-restriccion\/"},"wordCount":515,"publisher":{"@id":"https:\/\/diariotextual.com\/inicio\/#organization"},"image":{"@id":"https:\/\/diariotextual.com\/inicio\/index.php\/2023\/06\/01\/condenado-por-cometer-cuatro-delitos-cuando-tenia-una-orden-de-restriccion\/#primaryimage"},"thumbnailUrl":"https:\/\/diariotextual.com\/inicio\/wp-content\/uploads\/2022\/03\/violenciadegenerono.jpg","articleSection":["A - QUE PASA (al costado)","SOCIEDAD"],"inLanguage":"es"},{"@type":"WebPage","@id":"https:\/\/diariotextual.com\/inicio\/index.php\/2023\/06\/01\/condenado-por-cometer-cuatro-delitos-cuando-tenia-una-orden-de-restriccion\/","url":"https:\/\/diariotextual.com\/inicio\/index.php\/2023\/06\/01\/condenado-por-cometer-cuatro-delitos-cuando-tenia-una-orden-de-restriccion\/","name":"Condenado por cometer cuatro delitos cuando ten\u00eda una orden de restricci\u00f3n - Diario Textual","isPartOf":{"@id":"https:\/\/diariotextual.com\/inicio\/#website"},"primaryImageOfPage":{"@id":"https:\/\/diariotextual.com\/inicio\/index.php\/2023\/06\/01\/condenado-por-cometer-cuatro-delitos-cuando-tenia-una-orden-de-restriccion\/#primaryimage"},"image":{"@id":"https:\/\/diariotextual.com\/inicio\/index.php\/2023\/06\/01\/condenado-por-cometer-cuatro-delitos-cuando-tenia-una-orden-de-restriccion\/#primaryimage"},"thumbnailUrl":"https:\/\/diariotextual.com\/inicio\/wp-content\/uploads\/2022\/03\/violenciadegenerono.jpg","datePublished":"2023-06-01T16:18:08+00:00","dateModified":"2023-06-02T09:49:40+00:00","breadcrumb":{"@id":"https:\/\/diariotextual.com\/inicio\/index.php\/2023\/06\/01\/condenado-por-cometer-cuatro-delitos-cuando-tenia-una-orden-de-restriccion\/#breadcrumb"},"inLanguage":"es","potentialAction":[{"@type":"ReadAction","target":["https:\/\/diariotextual.com\/inicio\/index.php\/2023\/06\/01\/condenado-por-cometer-cuatro-delitos-cuando-tenia-una-orden-de-restriccion\/"]}]},{"@type":"ImageObject","inLanguage":"es","@id":"https:\/\/diariotextual.com\/inicio\/index.php\/2023\/06\/01\/condenado-por-cometer-cuatro-delitos-cuando-tenia-una-orden-de-restriccion\/#primaryimage","url":"https:\/\/diariotextual.com\/inicio\/wp-content\/uploads\/2022\/03\/violenciadegenerono.jpg","contentUrl":"https:\/\/diariotextual.com\/inicio\/wp-content\/uploads\/2022\/03\/violenciadegenerono.jpg","width":700,"height":393},{"@type":"BreadcrumbList","@id":"https:\/\/diariotextual.com\/inicio\/index.php\/2023\/06\/01\/condenado-por-cometer-cuatro-delitos-cuando-tenia-una-orden-de-restriccion\/#breadcrumb","itemListElement":[{"@type":"ListItem","position":1,"name":"Portada","item":"https:\/\/diariotextual.com\/inicio\/"},{"@type":"ListItem","position":2,"name":"Condenado por cometer cuatro delitos cuando ten\u00eda una orden de restricci\u00f3n"}]},{"@type":"WebSite","@id":"https:\/\/diariotextual.com\/inicio\/#website","url":"https:\/\/diariotextual.com\/inicio\/","name":"Diario Textual","description":"","publisher":{"@id":"https:\/\/diariotextual.com\/inicio\/#organization"},"potentialAction":[{"@type":"SearchAction","target":{"@type":"EntryPoint","urlTemplate":"https:\/\/diariotextual.com\/inicio\/?s={search_term_string}"},"query-input":{"@type":"PropertyValueSpecification","valueRequired":true,"valueName":"search_term_string"}}],"inLanguage":"es"},{"@type":"Organization","@id":"https:\/\/diariotextual.com\/inicio\/#organization","name":"Diario Textual","url":"https:\/\/diariotextual.com\/inicio\/","logo":{"@type":"ImageObject","inLanguage":"es","@id":"https:\/\/diariotextual.com\/inicio\/#\/schema\/logo\/image\/","url":"https:\/\/diariotextual.com\/inicio\/wp-content\/uploads\/2023\/05\/logotextual1.jpg","contentUrl":"https:\/\/diariotextual.com\/inicio\/wp-content\/uploads\/2023\/05\/logotextual1.jpg","width":516,"height":76,"caption":"Diario Textual"},"image":{"@id":"https:\/\/diariotextual.com\/inicio\/#\/schema\/logo\/image\/"},"sameAs":["https:\/\/www.facebook.com\/eltextual","https:\/\/x.com\/eltextual","http:\/\/www.instagram.com\/eltextual"]},{"@type":"Person","@id":"https:\/\/diariotextual.com\/inicio\/#\/schema\/person\/694f60677f23c4a530867a98f22b3768","name":"diario2","image":{"@type":"ImageObject","inLanguage":"es","@id":"https:\/\/secure.gravatar.com\/avatar\/5a2567495ba16b852fcd8f1ed006a2e24fcace936018ed8237e95f488ad6e0a7?s=96&d=mm&r=g","url":"https:\/\/secure.gravatar.com\/avatar\/5a2567495ba16b852fcd8f1ed006a2e24fcace936018ed8237e95f488ad6e0a7?s=96&d=mm&r=g","contentUrl":"https:\/\/secure.gravatar.com\/avatar\/5a2567495ba16b852fcd8f1ed006a2e24fcace936018ed8237e95f488ad6e0a7?s=96&d=mm&r=g","caption":"diario2"},"url":"https:\/\/diariotextual.com\/inicio\/index.php\/author\/diario2\/"}]}},"_links":{"self":[{"href":"https:\/\/diariotextual.com\/inicio\/index.php\/wp-json\/wp\/v2\/posts\/227221","targetHints":{"allow":["GET"]}}],"collection":[{"href":"https:\/\/diariotextual.com\/inicio\/index.php\/wp-json\/wp\/v2\/posts"}],"about":[{"href":"https:\/\/diariotextual.com\/inicio\/index.php\/wp-json\/wp\/v2\/types\/post"}],"author":[{"embeddable":true,"href":"https:\/\/diariotextual.com\/inicio\/index.php\/wp-json\/wp\/v2\/users\/4"}],"replies":[{"embeddable":true,"href":"https:\/\/diariotextual.com\/inicio\/index.php\/wp-json\/wp\/v2\/comments?post=227221"}],"version-history":[{"count":1,"href":"https:\/\/diariotextual.com\/inicio\/index.php\/wp-json\/wp\/v2\/posts\/227221\/revisions"}],"predecessor-version":[{"id":227222,"href":"https:\/\/diariotextual.com\/inicio\/index.php\/wp-json\/wp\/v2\/posts\/227221\/revisions\/227222"}],"wp:featuredmedia":[{"embeddable":true,"href":"https:\/\/diariotextual.com\/inicio\/index.php\/wp-json\/wp\/v2\/media\/180928"}],"wp:attachment":[{"href":"https:\/\/diariotextual.com\/inicio\/index.php\/wp-json\/wp\/v2\/media?parent=227221"}],"wp:term":[{"taxonomy":"category","embeddable":true,"href":"https:\/\/diariotextual.com\/inicio\/index.php\/wp-json\/wp\/v2\/categories?post=227221"},{"taxonomy":"post_tag","embeddable":true,"href":"https:\/\/diariotextual.com\/inicio\/index.php\/wp-json\/wp\/v2\/tags?post=227221"}],"curies":[{"name":"wp","href":"https:\/\/api.w.org\/{rel}","templated":true}]}}