{"id":227282,"date":"2023-06-02T07:18:03","date_gmt":"2023-06-02T10:18:03","guid":{"rendered":"https:\/\/diariotextual.com\/inicio\/?p=227282"},"modified":"2023-06-02T07:18:04","modified_gmt":"2023-06-02T10:18:04","slug":"anunciaron-seminario-sobre-practicas-performaticas-en-santa-rosa","status":"publish","type":"post","link":"https:\/\/diariotextual.com\/inicio\/index.php\/2023\/06\/02\/anunciaron-seminario-sobre-practicas-performaticas-en-santa-rosa\/","title":{"rendered":"Anunciaron seminario sobre pr\u00e1cticas perform\u00e1ticas en Santa Rosa"},"content":{"rendered":"\n<p>El reconocido director esc\u00e9nico, investigador y docente Silvio Lang dictar\u00e1 el seminario \u201cDesorientaciones\u201d, sobre pr\u00e1cticas perform\u00e1ticas.<\/p>\n\n\n\n<p>Organizado por la Secretar\u00eda de Cultura de La Pampa y con el auspicio de la Universidad Nacional de La Pampa se desarrollar\u00e1 del 17 al 19 de junio de 16 a 20, en las instalaciones de la Casa del Bicentenario \u201cLaguna Don Tom\u00e1s\u201d, en avenida San Mart\u00edn Oeste acceso al Parque Don Tom\u00e1s.<\/p>\n\n\n\n<p>La actividad es libre y gratuita y est\u00e1 orientada a artistas disidentes y personas abiertas a experimentar un disloque en sus campos perceptivos \u00edntimos y f\u00edsicos relacionales.<\/p>\n\n\n\n<p>Para poder registrar la inscripci\u00f3n se solicita ingresar al link que se encuentra en la Bio @haciaunaemancipacionpractica<\/p>\n\n\n\n<p>Al referirse al seminario Gabriel Bergonzi (coordinador) explic\u00f3 que \u201cuna orientaci\u00f3n sexual es una orientaci\u00f3n social: el modo en que los cuerpos y las cosas aparecen, se perciben, se disponen, se aproximan, se agrupan, se relacionan y act\u00faan. Cruzar la l\u00ednea heterosexual es una desobediencia y una desorientaci\u00f3n. Desorientar(se) de la l\u00ednea recta que reproduce la cultura heterosexual hegem\u00f3nica. Deslizar una l\u00ednea oblicua en la l\u00ednea recta obligada. En el camino correcto, hacer un desv\u00edo. Abrirse espacio o extender el espacio. Quedar fuera de cuadro o estar fuera de l\u00ednea. Estar fuera de lugar o no tener cabida. Desorientarse y desorientar. Sentir la fragilidad de la intemperie social. \u2018Volverse queer\u2019, dice Sara Ahmed\u201d, cit\u00f3.<\/p>\n\n\n\n<p>\u201cDurante el encuentro trabajaremos colectivamente estas desorientaciones, a partir de lecturas de la Fenomenolog\u00eda Queer de la autora Ahmed, pr\u00e1cticas de escritura y pr\u00e1cticas corporales\u201d, inform\u00f3.<\/p>\n\n\n\n<p>Invitamos a Silvio Lang en el contexto de lo que percibimos como una crisis en los modos de existencias en com\u00fan. Creemos necesario dar lugar a experimentar y pensar nuevos planteos de poder inter-relacionales. Repensar nuestras subjetividades, las maneras de habitar el cuerpo y nuestro modo de percibir la realidad y el entorno, desde la experimentaci\u00f3n de una intimidad colectiva.<\/p>\n\n\n\n<p>\u201cEstamos felices de \u2018repatriar\u2019 por un fin de semana a Silvio Lang, oriundo de Santa Rosa, para \u2018desorientar\u2019 la llanura pampeana y producir encuentros reflexivos desde el cuerpo, en nuestra comunidad cultural\u201d, finaliz\u00f3 Bergonzi.<\/p>\n","protected":false},"excerpt":{"rendered":"<p>El reconocido director esc\u00e9nico, investigador y docente Silvio Lang dictar\u00e1 el seminario \u201cDesorientaciones\u201d, sobre pr\u00e1cticas perform\u00e1ticas. Organizado por la Secretar\u00eda de Cultura de La Pampa y con el auspicio de&hellip;<\/p>\n","protected":false},"author":4,"featured_media":0,"comment_status":"closed","ping_status":"open","sticky":false,"template":"","format":"standard","meta":{"_acf_changed":false,"footnotes":""},"categories":[1,2],"tags":[],"class_list":["post-227282","post","type-post","status-publish","format-standard","hentry","category-es-noticia","category-cultura"],"acf":[],"yoast_head":"<!-- This site is optimized with the Yoast SEO plugin v27.5 - https:\/\/yoast.com\/product\/yoast-seo-wordpress\/ -->\n<title>Anunciaron seminario sobre pr\u00e1cticas perform\u00e1ticas en Santa Rosa - Diario Textual<\/title>\n<meta name=\"robots\" content=\"index, follow, max-snippet:-1, max-image-preview:large, max-video-preview:-1\" \/>\n<link rel=\"canonical\" href=\"https:\/\/diariotextual.com\/inicio\/index.php\/2023\/06\/02\/anunciaron-seminario-sobre-practicas-performaticas-en-santa-rosa\/\" \/>\n<meta property=\"og:locale\" content=\"es_ES\" \/>\n<meta property=\"og:type\" content=\"article\" \/>\n<meta property=\"og:title\" content=\"Anunciaron seminario sobre pr\u00e1cticas perform\u00e1ticas en Santa Rosa - Diario Textual\" \/>\n<meta property=\"og:description\" content=\"El reconocido director esc\u00e9nico, investigador y docente Silvio Lang dictar\u00e1 el seminario \u201cDesorientaciones\u201d, sobre pr\u00e1cticas perform\u00e1ticas. Organizado por la Secretar\u00eda de Cultura de La Pampa y con el auspicio de&hellip;\" \/>\n<meta property=\"og:url\" content=\"https:\/\/diariotextual.com\/inicio\/index.php\/2023\/06\/02\/anunciaron-seminario-sobre-practicas-performaticas-en-santa-rosa\/\" \/>\n<meta property=\"og:site_name\" content=\"Diario Textual\" \/>\n<meta property=\"article:publisher\" content=\"https:\/\/www.facebook.com\/eltextual\" \/>\n<meta property=\"article:published_time\" content=\"2023-06-02T10:18:03+00:00\" \/>\n<meta property=\"article:modified_time\" content=\"2023-06-02T10:18:04+00:00\" \/>\n<meta name=\"author\" content=\"diario2\" \/>\n<meta name=\"twitter:card\" content=\"summary_large_image\" \/>\n<meta name=\"twitter:creator\" content=\"@eltextual\" \/>\n<meta name=\"twitter:site\" content=\"@eltextual\" \/>\n<meta name=\"twitter:label1\" content=\"Escrito por\" \/>\n\t<meta name=\"twitter:data1\" content=\"diario2\" \/>\n\t<meta name=\"twitter:label2\" content=\"Tiempo de lectura\" \/>\n\t<meta name=\"twitter:data2\" content=\"2 minutos\" \/>\n<script type=\"application\/ld+json\" class=\"yoast-schema-graph\">{\"@context\":\"https:\\\/\\\/schema.org\",\"@graph\":[{\"@type\":\"Article\",\"@id\":\"https:\\\/\\\/diariotextual.com\\\/inicio\\\/index.php\\\/2023\\\/06\\\/02\\\/anunciaron-seminario-sobre-practicas-performaticas-en-santa-rosa\\\/#article\",\"isPartOf\":{\"@id\":\"https:\\\/\\\/diariotextual.com\\\/inicio\\\/index.php\\\/2023\\\/06\\\/02\\\/anunciaron-seminario-sobre-practicas-performaticas-en-santa-rosa\\\/\"},\"author\":{\"name\":\"diario2\",\"@id\":\"https:\\\/\\\/diariotextual.com\\\/inicio\\\/#\\\/schema\\\/person\\\/694f60677f23c4a530867a98f22b3768\"},\"headline\":\"Anunciaron seminario sobre pr\u00e1cticas perform\u00e1ticas en Santa Rosa\",\"datePublished\":\"2023-06-02T10:18:03+00:00\",\"dateModified\":\"2023-06-02T10:18:04+00:00\",\"mainEntityOfPage\":{\"@id\":\"https:\\\/\\\/diariotextual.com\\\/inicio\\\/index.php\\\/2023\\\/06\\\/02\\\/anunciaron-seminario-sobre-practicas-performaticas-en-santa-rosa\\\/\"},\"wordCount\":379,\"publisher\":{\"@id\":\"https:\\\/\\\/diariotextual.com\\\/inicio\\\/#organization\"},\"articleSection\":[\"A - ES NOTICIA (van abajo)\",\"CULTURA\"],\"inLanguage\":\"es\"},{\"@type\":\"WebPage\",\"@id\":\"https:\\\/\\\/diariotextual.com\\\/inicio\\\/index.php\\\/2023\\\/06\\\/02\\\/anunciaron-seminario-sobre-practicas-performaticas-en-santa-rosa\\\/\",\"url\":\"https:\\\/\\\/diariotextual.com\\\/inicio\\\/index.php\\\/2023\\\/06\\\/02\\\/anunciaron-seminario-sobre-practicas-performaticas-en-santa-rosa\\\/\",\"name\":\"Anunciaron seminario sobre pr\u00e1cticas perform\u00e1ticas en Santa Rosa - Diario Textual\",\"isPartOf\":{\"@id\":\"https:\\\/\\\/diariotextual.com\\\/inicio\\\/#website\"},\"datePublished\":\"2023-06-02T10:18:03+00:00\",\"dateModified\":\"2023-06-02T10:18:04+00:00\",\"breadcrumb\":{\"@id\":\"https:\\\/\\\/diariotextual.com\\\/inicio\\\/index.php\\\/2023\\\/06\\\/02\\\/anunciaron-seminario-sobre-practicas-performaticas-en-santa-rosa\\\/#breadcrumb\"},\"inLanguage\":\"es\",\"potentialAction\":[{\"@type\":\"ReadAction\",\"target\":[\"https:\\\/\\\/diariotextual.com\\\/inicio\\\/index.php\\\/2023\\\/06\\\/02\\\/anunciaron-seminario-sobre-practicas-performaticas-en-santa-rosa\\\/\"]}]},{\"@type\":\"BreadcrumbList\",\"@id\":\"https:\\\/\\\/diariotextual.com\\\/inicio\\\/index.php\\\/2023\\\/06\\\/02\\\/anunciaron-seminario-sobre-practicas-performaticas-en-santa-rosa\\\/#breadcrumb\",\"itemListElement\":[{\"@type\":\"ListItem\",\"position\":1,\"name\":\"Portada\",\"item\":\"https:\\\/\\\/diariotextual.com\\\/inicio\\\/\"},{\"@type\":\"ListItem\",\"position\":2,\"name\":\"Anunciaron seminario sobre pr\u00e1cticas perform\u00e1ticas en Santa Rosa\"}]},{\"@type\":\"WebSite\",\"@id\":\"https:\\\/\\\/diariotextual.com\\\/inicio\\\/#website\",\"url\":\"https:\\\/\\\/diariotextual.com\\\/inicio\\\/\",\"name\":\"Diario Textual\",\"description\":\"\",\"publisher\":{\"@id\":\"https:\\\/\\\/diariotextual.com\\\/inicio\\\/#organization\"},\"potentialAction\":[{\"@type\":\"SearchAction\",\"target\":{\"@type\":\"EntryPoint\",\"urlTemplate\":\"https:\\\/\\\/diariotextual.com\\\/inicio\\\/?s={search_term_string}\"},\"query-input\":{\"@type\":\"PropertyValueSpecification\",\"valueRequired\":true,\"valueName\":\"search_term_string\"}}],\"inLanguage\":\"es\"},{\"@type\":\"Organization\",\"@id\":\"https:\\\/\\\/diariotextual.com\\\/inicio\\\/#organization\",\"name\":\"Diario Textual\",\"url\":\"https:\\\/\\\/diariotextual.com\\\/inicio\\\/\",\"logo\":{\"@type\":\"ImageObject\",\"inLanguage\":\"es\",\"@id\":\"https:\\\/\\\/diariotextual.com\\\/inicio\\\/#\\\/schema\\\/logo\\\/image\\\/\",\"url\":\"https:\\\/\\\/diariotextual.com\\\/inicio\\\/wp-content\\\/uploads\\\/2023\\\/05\\\/logotextual1.jpg\",\"contentUrl\":\"https:\\\/\\\/diariotextual.com\\\/inicio\\\/wp-content\\\/uploads\\\/2023\\\/05\\\/logotextual1.jpg\",\"width\":516,\"height\":76,\"caption\":\"Diario Textual\"},\"image\":{\"@id\":\"https:\\\/\\\/diariotextual.com\\\/inicio\\\/#\\\/schema\\\/logo\\\/image\\\/\"},\"sameAs\":[\"https:\\\/\\\/www.facebook.com\\\/eltextual\",\"https:\\\/\\\/x.com\\\/eltextual\",\"http:\\\/\\\/www.instagram.com\\\/eltextual\"]},{\"@type\":\"Person\",\"@id\":\"https:\\\/\\\/diariotextual.com\\\/inicio\\\/#\\\/schema\\\/person\\\/694f60677f23c4a530867a98f22b3768\",\"name\":\"diario2\",\"image\":{\"@type\":\"ImageObject\",\"inLanguage\":\"es\",\"@id\":\"https:\\\/\\\/secure.gravatar.com\\\/avatar\\\/5a2567495ba16b852fcd8f1ed006a2e24fcace936018ed8237e95f488ad6e0a7?s=96&d=mm&r=g\",\"url\":\"https:\\\/\\\/secure.gravatar.com\\\/avatar\\\/5a2567495ba16b852fcd8f1ed006a2e24fcace936018ed8237e95f488ad6e0a7?s=96&d=mm&r=g\",\"contentUrl\":\"https:\\\/\\\/secure.gravatar.com\\\/avatar\\\/5a2567495ba16b852fcd8f1ed006a2e24fcace936018ed8237e95f488ad6e0a7?s=96&d=mm&r=g\",\"caption\":\"diario2\"},\"url\":\"https:\\\/\\\/diariotextual.com\\\/inicio\\\/index.php\\\/author\\\/diario2\\\/\"}]}<\/script>\n<!-- \/ Yoast SEO plugin. -->","yoast_head_json":{"title":"Anunciaron seminario sobre pr\u00e1cticas perform\u00e1ticas en Santa Rosa - Diario Textual","robots":{"index":"index","follow":"follow","max-snippet":"max-snippet:-1","max-image-preview":"max-image-preview:large","max-video-preview":"max-video-preview:-1"},"canonical":"https:\/\/diariotextual.com\/inicio\/index.php\/2023\/06\/02\/anunciaron-seminario-sobre-practicas-performaticas-en-santa-rosa\/","og_locale":"es_ES","og_type":"article","og_title":"Anunciaron seminario sobre pr\u00e1cticas perform\u00e1ticas en Santa Rosa - Diario Textual","og_description":"El reconocido director esc\u00e9nico, investigador y docente Silvio Lang dictar\u00e1 el seminario \u201cDesorientaciones\u201d, sobre pr\u00e1cticas perform\u00e1ticas. Organizado por la Secretar\u00eda de Cultura de La Pampa y con el auspicio de&hellip;","og_url":"https:\/\/diariotextual.com\/inicio\/index.php\/2023\/06\/02\/anunciaron-seminario-sobre-practicas-performaticas-en-santa-rosa\/","og_site_name":"Diario Textual","article_publisher":"https:\/\/www.facebook.com\/eltextual","article_published_time":"2023-06-02T10:18:03+00:00","article_modified_time":"2023-06-02T10:18:04+00:00","author":"diario2","twitter_card":"summary_large_image","twitter_creator":"@eltextual","twitter_site":"@eltextual","twitter_misc":{"Escrito por":"diario2","Tiempo de lectura":"2 minutos"},"schema":{"@context":"https:\/\/schema.org","@graph":[{"@type":"Article","@id":"https:\/\/diariotextual.com\/inicio\/index.php\/2023\/06\/02\/anunciaron-seminario-sobre-practicas-performaticas-en-santa-rosa\/#article","isPartOf":{"@id":"https:\/\/diariotextual.com\/inicio\/index.php\/2023\/06\/02\/anunciaron-seminario-sobre-practicas-performaticas-en-santa-rosa\/"},"author":{"name":"diario2","@id":"https:\/\/diariotextual.com\/inicio\/#\/schema\/person\/694f60677f23c4a530867a98f22b3768"},"headline":"Anunciaron seminario sobre pr\u00e1cticas perform\u00e1ticas en Santa Rosa","datePublished":"2023-06-02T10:18:03+00:00","dateModified":"2023-06-02T10:18:04+00:00","mainEntityOfPage":{"@id":"https:\/\/diariotextual.com\/inicio\/index.php\/2023\/06\/02\/anunciaron-seminario-sobre-practicas-performaticas-en-santa-rosa\/"},"wordCount":379,"publisher":{"@id":"https:\/\/diariotextual.com\/inicio\/#organization"},"articleSection":["A - ES NOTICIA (van abajo)","CULTURA"],"inLanguage":"es"},{"@type":"WebPage","@id":"https:\/\/diariotextual.com\/inicio\/index.php\/2023\/06\/02\/anunciaron-seminario-sobre-practicas-performaticas-en-santa-rosa\/","url":"https:\/\/diariotextual.com\/inicio\/index.php\/2023\/06\/02\/anunciaron-seminario-sobre-practicas-performaticas-en-santa-rosa\/","name":"Anunciaron seminario sobre pr\u00e1cticas perform\u00e1ticas en Santa Rosa - Diario Textual","isPartOf":{"@id":"https:\/\/diariotextual.com\/inicio\/#website"},"datePublished":"2023-06-02T10:18:03+00:00","dateModified":"2023-06-02T10:18:04+00:00","breadcrumb":{"@id":"https:\/\/diariotextual.com\/inicio\/index.php\/2023\/06\/02\/anunciaron-seminario-sobre-practicas-performaticas-en-santa-rosa\/#breadcrumb"},"inLanguage":"es","potentialAction":[{"@type":"ReadAction","target":["https:\/\/diariotextual.com\/inicio\/index.php\/2023\/06\/02\/anunciaron-seminario-sobre-practicas-performaticas-en-santa-rosa\/"]}]},{"@type":"BreadcrumbList","@id":"https:\/\/diariotextual.com\/inicio\/index.php\/2023\/06\/02\/anunciaron-seminario-sobre-practicas-performaticas-en-santa-rosa\/#breadcrumb","itemListElement":[{"@type":"ListItem","position":1,"name":"Portada","item":"https:\/\/diariotextual.com\/inicio\/"},{"@type":"ListItem","position":2,"name":"Anunciaron seminario sobre pr\u00e1cticas perform\u00e1ticas en Santa Rosa"}]},{"@type":"WebSite","@id":"https:\/\/diariotextual.com\/inicio\/#website","url":"https:\/\/diariotextual.com\/inicio\/","name":"Diario Textual","description":"","publisher":{"@id":"https:\/\/diariotextual.com\/inicio\/#organization"},"potentialAction":[{"@type":"SearchAction","target":{"@type":"EntryPoint","urlTemplate":"https:\/\/diariotextual.com\/inicio\/?s={search_term_string}"},"query-input":{"@type":"PropertyValueSpecification","valueRequired":true,"valueName":"search_term_string"}}],"inLanguage":"es"},{"@type":"Organization","@id":"https:\/\/diariotextual.com\/inicio\/#organization","name":"Diario Textual","url":"https:\/\/diariotextual.com\/inicio\/","logo":{"@type":"ImageObject","inLanguage":"es","@id":"https:\/\/diariotextual.com\/inicio\/#\/schema\/logo\/image\/","url":"https:\/\/diariotextual.com\/inicio\/wp-content\/uploads\/2023\/05\/logotextual1.jpg","contentUrl":"https:\/\/diariotextual.com\/inicio\/wp-content\/uploads\/2023\/05\/logotextual1.jpg","width":516,"height":76,"caption":"Diario Textual"},"image":{"@id":"https:\/\/diariotextual.com\/inicio\/#\/schema\/logo\/image\/"},"sameAs":["https:\/\/www.facebook.com\/eltextual","https:\/\/x.com\/eltextual","http:\/\/www.instagram.com\/eltextual"]},{"@type":"Person","@id":"https:\/\/diariotextual.com\/inicio\/#\/schema\/person\/694f60677f23c4a530867a98f22b3768","name":"diario2","image":{"@type":"ImageObject","inLanguage":"es","@id":"https:\/\/secure.gravatar.com\/avatar\/5a2567495ba16b852fcd8f1ed006a2e24fcace936018ed8237e95f488ad6e0a7?s=96&d=mm&r=g","url":"https:\/\/secure.gravatar.com\/avatar\/5a2567495ba16b852fcd8f1ed006a2e24fcace936018ed8237e95f488ad6e0a7?s=96&d=mm&r=g","contentUrl":"https:\/\/secure.gravatar.com\/avatar\/5a2567495ba16b852fcd8f1ed006a2e24fcace936018ed8237e95f488ad6e0a7?s=96&d=mm&r=g","caption":"diario2"},"url":"https:\/\/diariotextual.com\/inicio\/index.php\/author\/diario2\/"}]}},"_links":{"self":[{"href":"https:\/\/diariotextual.com\/inicio\/index.php\/wp-json\/wp\/v2\/posts\/227282","targetHints":{"allow":["GET"]}}],"collection":[{"href":"https:\/\/diariotextual.com\/inicio\/index.php\/wp-json\/wp\/v2\/posts"}],"about":[{"href":"https:\/\/diariotextual.com\/inicio\/index.php\/wp-json\/wp\/v2\/types\/post"}],"author":[{"embeddable":true,"href":"https:\/\/diariotextual.com\/inicio\/index.php\/wp-json\/wp\/v2\/users\/4"}],"replies":[{"embeddable":true,"href":"https:\/\/diariotextual.com\/inicio\/index.php\/wp-json\/wp\/v2\/comments?post=227282"}],"version-history":[{"count":2,"href":"https:\/\/diariotextual.com\/inicio\/index.php\/wp-json\/wp\/v2\/posts\/227282\/revisions"}],"predecessor-version":[{"id":227286,"href":"https:\/\/diariotextual.com\/inicio\/index.php\/wp-json\/wp\/v2\/posts\/227282\/revisions\/227286"}],"wp:attachment":[{"href":"https:\/\/diariotextual.com\/inicio\/index.php\/wp-json\/wp\/v2\/media?parent=227282"}],"wp:term":[{"taxonomy":"category","embeddable":true,"href":"https:\/\/diariotextual.com\/inicio\/index.php\/wp-json\/wp\/v2\/categories?post=227282"},{"taxonomy":"post_tag","embeddable":true,"href":"https:\/\/diariotextual.com\/inicio\/index.php\/wp-json\/wp\/v2\/tags?post=227282"}],"curies":[{"name":"wp","href":"https:\/\/api.w.org\/{rel}","templated":true}]}}