{"id":227297,"date":"2023-06-02T08:30:03","date_gmt":"2023-06-02T11:30:03","guid":{"rendered":"https:\/\/diariotextual.com\/inicio\/?p=227297"},"modified":"2023-06-02T18:29:19","modified_gmt":"2023-06-02T21:29:19","slug":"el-juez-diaz-lacava-le-pidio-a-la-corte-que-eche-a-una-de-sus-denunciantes","status":"publish","type":"post","link":"https:\/\/diariotextual.com\/inicio\/index.php\/2023\/06\/02\/el-juez-diaz-lacava-le-pidio-a-la-corte-que-eche-a-una-de-sus-denunciantes\/","title":{"rendered":"El juez D\u00edaz Lacava le pidi\u00f3 a la Corte que eche a una de sus denunciantes"},"content":{"rendered":"\n<p>El juez del Tribunal Oral Federal de Santa Rosa <strong>Pablo D\u00edaz Lacava<\/strong>, denunciado por <strong><a href=\"https:\/\/diariotextual.com\/inicio\/index.php\/2023\/04\/20\/un-juez-del-tribunal-federal-de-santa-rosa-acusado-por-violencia\/\" target=\"_blank\" rel=\"noreferrer noopener\">maltrato laboral y violencia de g\u00e9nero<\/a><\/strong>, se present\u00f3 ante la <strong>Corte Suprema de Justicia<\/strong> y solicit\u00f3 echar a una de sus v\u00edctimas y denunciante, es decir, no renovarle el contrato. Adujo \u201cp\u00e9rdida de confianza\u201d a la trabajadora aludida. <\/p>\n\n\n\n<p>Simult\u00e1neamente a esta presentaci\u00f3n en la Corte, D\u00edaz Lacava propuso que el lugar de su denunciante sea ocupado por otra mujer que tiempo atr\u00e1s fue removida del Juzgado Federal luego de denunciar al juez federal Juan Jos\u00e9 Baric y a la fiscala federal Iara Silvestre, justamente los dos funcionarios judiciales que  investigan a D\u00edaz Lacava. <\/p>\n\n\n\n<p><strong>La solicitud del juez denunciado no prosper\u00f3, ya que los otros dos jueces que integran el TOF, Jos\u00e9 Triputti y Marcos Aguerrido, r\u00e1pidamente intervinieron para rechazar lo que dispuso D\u00edaz Lacava y confirmaron la pr\u00f3rroga de todos los contratos.<\/strong><\/p>\n\n\n\n<p>D\u00edaz Lacava fue denunciado por trabajadores y trabajadoras del TOF por maltrato laboral y violencia de g\u00e9nero. El juez federal Juan Jos\u00e9 Baric intervino en la denuncia penal y dispuso una orden de restricci\u00f3n de acercamiento y comunicaci\u00f3n que dice que el denunciado no puede acercarse a menos de 300 metros del edificio de la calle Ra\u00fal B. D\u00edaz, ni tener contacto de ning\u00fan tipo con el personal.<\/p>\n\n\n\n<p>El denunciado present\u00f3 una apelaci\u00f3n a la restricci\u00f3n y d\u00edas atr\u00e1s <strong><a href=\"https:\/\/diariotextual.com\/inicio\/index.php\/2023\/05\/19\/camara-federal-de-bahia-blanca-rechazo-apelacion-de-diaz-lacava-contra-medida-cautelar-que-impide-acercarse-al-tof\/\" target=\"_blank\" rel=\"noreferrer noopener\">la C\u00e1mara Federal de Bah\u00eda Blanca rechaz\u00f3 esa cautelar<\/a><\/strong>, pero redujo el impedimento de acercamiento a un m\u00ednimo de 50 metros y permiti\u00f3 al juez el ingreso al edificio judicial en horario de tarde, siempre que est\u00e9n realizado los arreglos que impidan su contacto personal con los denunciantes y el personal.<\/p>\n\n\n\n<p><\/p>\n","protected":false},"excerpt":{"rendered":"<p>El juez del Tribunal Oral Federal de Santa Rosa Pablo D\u00edaz Lacava, denunciado por maltrato laboral y violencia de g\u00e9nero, se present\u00f3 ante la Corte Suprema de Justicia y solicit\u00f3&hellip;<\/p>\n","protected":false},"author":7,"featured_media":224251,"comment_status":"closed","ping_status":"open","sticky":false,"template":"","format":"standard","meta":{"_acf_changed":false,"footnotes":""},"categories":[1,12],"tags":[],"class_list":["post-227297","post","type-post","status-publish","format-standard","has-post-thumbnail","hentry","category-es-noticia","category-sociedad"],"acf":[],"yoast_head":"<!-- This site is optimized with the Yoast SEO plugin v27.5 - https:\/\/yoast.com\/product\/yoast-seo-wordpress\/ -->\n<title>El juez D\u00edaz Lacava le pidi\u00f3 a la Corte que eche a una de sus denunciantes - Diario Textual<\/title>\n<meta name=\"robots\" content=\"index, follow, max-snippet:-1, max-image-preview:large, max-video-preview:-1\" \/>\n<link rel=\"canonical\" href=\"https:\/\/diariotextual.com\/inicio\/index.php\/2023\/06\/02\/el-juez-diaz-lacava-le-pidio-a-la-corte-que-eche-a-una-de-sus-denunciantes\/\" \/>\n<meta property=\"og:locale\" content=\"es_ES\" \/>\n<meta property=\"og:type\" content=\"article\" \/>\n<meta property=\"og:title\" content=\"El juez D\u00edaz Lacava le pidi\u00f3 a la Corte que eche a una de sus denunciantes - Diario Textual\" \/>\n<meta property=\"og:description\" content=\"El juez del Tribunal Oral Federal de Santa Rosa Pablo D\u00edaz Lacava, denunciado por maltrato laboral y violencia de g\u00e9nero, se present\u00f3 ante la Corte Suprema de Justicia y solicit\u00f3&hellip;\" \/>\n<meta property=\"og:url\" content=\"https:\/\/diariotextual.com\/inicio\/index.php\/2023\/06\/02\/el-juez-diaz-lacava-le-pidio-a-la-corte-que-eche-a-una-de-sus-denunciantes\/\" \/>\n<meta property=\"og:site_name\" content=\"Diario Textual\" \/>\n<meta property=\"article:publisher\" content=\"https:\/\/www.facebook.com\/eltextual\" \/>\n<meta property=\"article:published_time\" content=\"2023-06-02T11:30:03+00:00\" \/>\n<meta property=\"article:modified_time\" content=\"2023-06-02T21:29:19+00:00\" \/>\n<meta property=\"og:image\" content=\"https:\/\/diariotextual.com\/inicio\/wp-content\/uploads\/2023\/05\/diazlacava2023.jpg\" \/>\n\t<meta property=\"og:image:width\" content=\"670\" \/>\n\t<meta property=\"og:image:height\" content=\"425\" \/>\n\t<meta property=\"og:image:type\" content=\"image\/jpeg\" \/>\n<meta name=\"author\" content=\"diario5\" \/>\n<meta name=\"twitter:card\" content=\"summary_large_image\" \/>\n<meta name=\"twitter:creator\" content=\"@eltextual\" \/>\n<meta name=\"twitter:site\" content=\"@eltextual\" \/>\n<meta name=\"twitter:label1\" content=\"Escrito por\" \/>\n\t<meta name=\"twitter:data1\" content=\"diario5\" \/>\n\t<meta name=\"twitter:label2\" content=\"Tiempo de lectura\" \/>\n\t<meta name=\"twitter:data2\" content=\"2 minutos\" \/>\n<script type=\"application\/ld+json\" class=\"yoast-schema-graph\">{\"@context\":\"https:\\\/\\\/schema.org\",\"@graph\":[{\"@type\":\"Article\",\"@id\":\"https:\\\/\\\/diariotextual.com\\\/inicio\\\/index.php\\\/2023\\\/06\\\/02\\\/el-juez-diaz-lacava-le-pidio-a-la-corte-que-eche-a-una-de-sus-denunciantes\\\/#article\",\"isPartOf\":{\"@id\":\"https:\\\/\\\/diariotextual.com\\\/inicio\\\/index.php\\\/2023\\\/06\\\/02\\\/el-juez-diaz-lacava-le-pidio-a-la-corte-que-eche-a-una-de-sus-denunciantes\\\/\"},\"author\":{\"name\":\"diario5\",\"@id\":\"https:\\\/\\\/diariotextual.com\\\/inicio\\\/#\\\/schema\\\/person\\\/c7834961ad8b29b1d9cdbf4571299067\"},\"headline\":\"El juez D\u00edaz Lacava le pidi\u00f3 a la Corte que eche a una de sus denunciantes\",\"datePublished\":\"2023-06-02T11:30:03+00:00\",\"dateModified\":\"2023-06-02T21:29:19+00:00\",\"mainEntityOfPage\":{\"@id\":\"https:\\\/\\\/diariotextual.com\\\/inicio\\\/index.php\\\/2023\\\/06\\\/02\\\/el-juez-diaz-lacava-le-pidio-a-la-corte-que-eche-a-una-de-sus-denunciantes\\\/\"},\"wordCount\":318,\"publisher\":{\"@id\":\"https:\\\/\\\/diariotextual.com\\\/inicio\\\/#organization\"},\"image\":{\"@id\":\"https:\\\/\\\/diariotextual.com\\\/inicio\\\/index.php\\\/2023\\\/06\\\/02\\\/el-juez-diaz-lacava-le-pidio-a-la-corte-que-eche-a-una-de-sus-denunciantes\\\/#primaryimage\"},\"thumbnailUrl\":\"https:\\\/\\\/diariotextual.com\\\/inicio\\\/wp-content\\\/uploads\\\/2023\\\/05\\\/diazlacava2023.jpg\",\"articleSection\":[\"A - ES NOTICIA (van abajo)\",\"SOCIEDAD\"],\"inLanguage\":\"es\"},{\"@type\":\"WebPage\",\"@id\":\"https:\\\/\\\/diariotextual.com\\\/inicio\\\/index.php\\\/2023\\\/06\\\/02\\\/el-juez-diaz-lacava-le-pidio-a-la-corte-que-eche-a-una-de-sus-denunciantes\\\/\",\"url\":\"https:\\\/\\\/diariotextual.com\\\/inicio\\\/index.php\\\/2023\\\/06\\\/02\\\/el-juez-diaz-lacava-le-pidio-a-la-corte-que-eche-a-una-de-sus-denunciantes\\\/\",\"name\":\"El juez D\u00edaz Lacava le pidi\u00f3 a la Corte que eche a una de sus denunciantes - Diario Textual\",\"isPartOf\":{\"@id\":\"https:\\\/\\\/diariotextual.com\\\/inicio\\\/#website\"},\"primaryImageOfPage\":{\"@id\":\"https:\\\/\\\/diariotextual.com\\\/inicio\\\/index.php\\\/2023\\\/06\\\/02\\\/el-juez-diaz-lacava-le-pidio-a-la-corte-que-eche-a-una-de-sus-denunciantes\\\/#primaryimage\"},\"image\":{\"@id\":\"https:\\\/\\\/diariotextual.com\\\/inicio\\\/index.php\\\/2023\\\/06\\\/02\\\/el-juez-diaz-lacava-le-pidio-a-la-corte-que-eche-a-una-de-sus-denunciantes\\\/#primaryimage\"},\"thumbnailUrl\":\"https:\\\/\\\/diariotextual.com\\\/inicio\\\/wp-content\\\/uploads\\\/2023\\\/05\\\/diazlacava2023.jpg\",\"datePublished\":\"2023-06-02T11:30:03+00:00\",\"dateModified\":\"2023-06-02T21:29:19+00:00\",\"breadcrumb\":{\"@id\":\"https:\\\/\\\/diariotextual.com\\\/inicio\\\/index.php\\\/2023\\\/06\\\/02\\\/el-juez-diaz-lacava-le-pidio-a-la-corte-que-eche-a-una-de-sus-denunciantes\\\/#breadcrumb\"},\"inLanguage\":\"es\",\"potentialAction\":[{\"@type\":\"ReadAction\",\"target\":[\"https:\\\/\\\/diariotextual.com\\\/inicio\\\/index.php\\\/2023\\\/06\\\/02\\\/el-juez-diaz-lacava-le-pidio-a-la-corte-que-eche-a-una-de-sus-denunciantes\\\/\"]}]},{\"@type\":\"ImageObject\",\"inLanguage\":\"es\",\"@id\":\"https:\\\/\\\/diariotextual.com\\\/inicio\\\/index.php\\\/2023\\\/06\\\/02\\\/el-juez-diaz-lacava-le-pidio-a-la-corte-que-eche-a-una-de-sus-denunciantes\\\/#primaryimage\",\"url\":\"https:\\\/\\\/diariotextual.com\\\/inicio\\\/wp-content\\\/uploads\\\/2023\\\/05\\\/diazlacava2023.jpg\",\"contentUrl\":\"https:\\\/\\\/diariotextual.com\\\/inicio\\\/wp-content\\\/uploads\\\/2023\\\/05\\\/diazlacava2023.jpg\",\"width\":670,\"height\":425},{\"@type\":\"BreadcrumbList\",\"@id\":\"https:\\\/\\\/diariotextual.com\\\/inicio\\\/index.php\\\/2023\\\/06\\\/02\\\/el-juez-diaz-lacava-le-pidio-a-la-corte-que-eche-a-una-de-sus-denunciantes\\\/#breadcrumb\",\"itemListElement\":[{\"@type\":\"ListItem\",\"position\":1,\"name\":\"Portada\",\"item\":\"https:\\\/\\\/diariotextual.com\\\/inicio\\\/\"},{\"@type\":\"ListItem\",\"position\":2,\"name\":\"El juez D\u00edaz Lacava le pidi\u00f3 a la Corte que eche a una de sus denunciantes\"}]},{\"@type\":\"WebSite\",\"@id\":\"https:\\\/\\\/diariotextual.com\\\/inicio\\\/#website\",\"url\":\"https:\\\/\\\/diariotextual.com\\\/inicio\\\/\",\"name\":\"Diario Textual\",\"description\":\"\",\"publisher\":{\"@id\":\"https:\\\/\\\/diariotextual.com\\\/inicio\\\/#organization\"},\"potentialAction\":[{\"@type\":\"SearchAction\",\"target\":{\"@type\":\"EntryPoint\",\"urlTemplate\":\"https:\\\/\\\/diariotextual.com\\\/inicio\\\/?s={search_term_string}\"},\"query-input\":{\"@type\":\"PropertyValueSpecification\",\"valueRequired\":true,\"valueName\":\"search_term_string\"}}],\"inLanguage\":\"es\"},{\"@type\":\"Organization\",\"@id\":\"https:\\\/\\\/diariotextual.com\\\/inicio\\\/#organization\",\"name\":\"Diario Textual\",\"url\":\"https:\\\/\\\/diariotextual.com\\\/inicio\\\/\",\"logo\":{\"@type\":\"ImageObject\",\"inLanguage\":\"es\",\"@id\":\"https:\\\/\\\/diariotextual.com\\\/inicio\\\/#\\\/schema\\\/logo\\\/image\\\/\",\"url\":\"https:\\\/\\\/diariotextual.com\\\/inicio\\\/wp-content\\\/uploads\\\/2023\\\/05\\\/logotextual1.jpg\",\"contentUrl\":\"https:\\\/\\\/diariotextual.com\\\/inicio\\\/wp-content\\\/uploads\\\/2023\\\/05\\\/logotextual1.jpg\",\"width\":516,\"height\":76,\"caption\":\"Diario Textual\"},\"image\":{\"@id\":\"https:\\\/\\\/diariotextual.com\\\/inicio\\\/#\\\/schema\\\/logo\\\/image\\\/\"},\"sameAs\":[\"https:\\\/\\\/www.facebook.com\\\/eltextual\",\"https:\\\/\\\/x.com\\\/eltextual\",\"http:\\\/\\\/www.instagram.com\\\/eltextual\"]},{\"@type\":\"Person\",\"@id\":\"https:\\\/\\\/diariotextual.com\\\/inicio\\\/#\\\/schema\\\/person\\\/c7834961ad8b29b1d9cdbf4571299067\",\"name\":\"diario5\",\"image\":{\"@type\":\"ImageObject\",\"inLanguage\":\"es\",\"@id\":\"https:\\\/\\\/secure.gravatar.com\\\/avatar\\\/948c893b847ca6df68216ead81b63f363408ec9b0f600fefc0641ce78613b111?s=96&d=mm&r=g\",\"url\":\"https:\\\/\\\/secure.gravatar.com\\\/avatar\\\/948c893b847ca6df68216ead81b63f363408ec9b0f600fefc0641ce78613b111?s=96&d=mm&r=g\",\"contentUrl\":\"https:\\\/\\\/secure.gravatar.com\\\/avatar\\\/948c893b847ca6df68216ead81b63f363408ec9b0f600fefc0641ce78613b111?s=96&d=mm&r=g\",\"caption\":\"diario5\"},\"url\":\"https:\\\/\\\/diariotextual.com\\\/inicio\\\/index.php\\\/author\\\/diario5\\\/\"}]}<\/script>\n<!-- \/ Yoast SEO plugin. -->","yoast_head_json":{"title":"El juez D\u00edaz Lacava le pidi\u00f3 a la Corte que eche a una de sus denunciantes - Diario Textual","robots":{"index":"index","follow":"follow","max-snippet":"max-snippet:-1","max-image-preview":"max-image-preview:large","max-video-preview":"max-video-preview:-1"},"canonical":"https:\/\/diariotextual.com\/inicio\/index.php\/2023\/06\/02\/el-juez-diaz-lacava-le-pidio-a-la-corte-que-eche-a-una-de-sus-denunciantes\/","og_locale":"es_ES","og_type":"article","og_title":"El juez D\u00edaz Lacava le pidi\u00f3 a la Corte que eche a una de sus denunciantes - Diario Textual","og_description":"El juez del Tribunal Oral Federal de Santa Rosa Pablo D\u00edaz Lacava, denunciado por maltrato laboral y violencia de g\u00e9nero, se present\u00f3 ante la Corte Suprema de Justicia y solicit\u00f3&hellip;","og_url":"https:\/\/diariotextual.com\/inicio\/index.php\/2023\/06\/02\/el-juez-diaz-lacava-le-pidio-a-la-corte-que-eche-a-una-de-sus-denunciantes\/","og_site_name":"Diario Textual","article_publisher":"https:\/\/www.facebook.com\/eltextual","article_published_time":"2023-06-02T11:30:03+00:00","article_modified_time":"2023-06-02T21:29:19+00:00","og_image":[{"width":670,"height":425,"url":"https:\/\/diariotextual.com\/inicio\/wp-content\/uploads\/2023\/05\/diazlacava2023.jpg","type":"image\/jpeg"}],"author":"diario5","twitter_card":"summary_large_image","twitter_creator":"@eltextual","twitter_site":"@eltextual","twitter_misc":{"Escrito por":"diario5","Tiempo de lectura":"2 minutos"},"schema":{"@context":"https:\/\/schema.org","@graph":[{"@type":"Article","@id":"https:\/\/diariotextual.com\/inicio\/index.php\/2023\/06\/02\/el-juez-diaz-lacava-le-pidio-a-la-corte-que-eche-a-una-de-sus-denunciantes\/#article","isPartOf":{"@id":"https:\/\/diariotextual.com\/inicio\/index.php\/2023\/06\/02\/el-juez-diaz-lacava-le-pidio-a-la-corte-que-eche-a-una-de-sus-denunciantes\/"},"author":{"name":"diario5","@id":"https:\/\/diariotextual.com\/inicio\/#\/schema\/person\/c7834961ad8b29b1d9cdbf4571299067"},"headline":"El juez D\u00edaz Lacava le pidi\u00f3 a la Corte que eche a una de sus denunciantes","datePublished":"2023-06-02T11:30:03+00:00","dateModified":"2023-06-02T21:29:19+00:00","mainEntityOfPage":{"@id":"https:\/\/diariotextual.com\/inicio\/index.php\/2023\/06\/02\/el-juez-diaz-lacava-le-pidio-a-la-corte-que-eche-a-una-de-sus-denunciantes\/"},"wordCount":318,"publisher":{"@id":"https:\/\/diariotextual.com\/inicio\/#organization"},"image":{"@id":"https:\/\/diariotextual.com\/inicio\/index.php\/2023\/06\/02\/el-juez-diaz-lacava-le-pidio-a-la-corte-que-eche-a-una-de-sus-denunciantes\/#primaryimage"},"thumbnailUrl":"https:\/\/diariotextual.com\/inicio\/wp-content\/uploads\/2023\/05\/diazlacava2023.jpg","articleSection":["A - ES NOTICIA (van abajo)","SOCIEDAD"],"inLanguage":"es"},{"@type":"WebPage","@id":"https:\/\/diariotextual.com\/inicio\/index.php\/2023\/06\/02\/el-juez-diaz-lacava-le-pidio-a-la-corte-que-eche-a-una-de-sus-denunciantes\/","url":"https:\/\/diariotextual.com\/inicio\/index.php\/2023\/06\/02\/el-juez-diaz-lacava-le-pidio-a-la-corte-que-eche-a-una-de-sus-denunciantes\/","name":"El juez D\u00edaz Lacava le pidi\u00f3 a la Corte que eche a una de sus denunciantes - Diario Textual","isPartOf":{"@id":"https:\/\/diariotextual.com\/inicio\/#website"},"primaryImageOfPage":{"@id":"https:\/\/diariotextual.com\/inicio\/index.php\/2023\/06\/02\/el-juez-diaz-lacava-le-pidio-a-la-corte-que-eche-a-una-de-sus-denunciantes\/#primaryimage"},"image":{"@id":"https:\/\/diariotextual.com\/inicio\/index.php\/2023\/06\/02\/el-juez-diaz-lacava-le-pidio-a-la-corte-que-eche-a-una-de-sus-denunciantes\/#primaryimage"},"thumbnailUrl":"https:\/\/diariotextual.com\/inicio\/wp-content\/uploads\/2023\/05\/diazlacava2023.jpg","datePublished":"2023-06-02T11:30:03+00:00","dateModified":"2023-06-02T21:29:19+00:00","breadcrumb":{"@id":"https:\/\/diariotextual.com\/inicio\/index.php\/2023\/06\/02\/el-juez-diaz-lacava-le-pidio-a-la-corte-que-eche-a-una-de-sus-denunciantes\/#breadcrumb"},"inLanguage":"es","potentialAction":[{"@type":"ReadAction","target":["https:\/\/diariotextual.com\/inicio\/index.php\/2023\/06\/02\/el-juez-diaz-lacava-le-pidio-a-la-corte-que-eche-a-una-de-sus-denunciantes\/"]}]},{"@type":"ImageObject","inLanguage":"es","@id":"https:\/\/diariotextual.com\/inicio\/index.php\/2023\/06\/02\/el-juez-diaz-lacava-le-pidio-a-la-corte-que-eche-a-una-de-sus-denunciantes\/#primaryimage","url":"https:\/\/diariotextual.com\/inicio\/wp-content\/uploads\/2023\/05\/diazlacava2023.jpg","contentUrl":"https:\/\/diariotextual.com\/inicio\/wp-content\/uploads\/2023\/05\/diazlacava2023.jpg","width":670,"height":425},{"@type":"BreadcrumbList","@id":"https:\/\/diariotextual.com\/inicio\/index.php\/2023\/06\/02\/el-juez-diaz-lacava-le-pidio-a-la-corte-que-eche-a-una-de-sus-denunciantes\/#breadcrumb","itemListElement":[{"@type":"ListItem","position":1,"name":"Portada","item":"https:\/\/diariotextual.com\/inicio\/"},{"@type":"ListItem","position":2,"name":"El juez D\u00edaz Lacava le pidi\u00f3 a la Corte que eche a una de sus denunciantes"}]},{"@type":"WebSite","@id":"https:\/\/diariotextual.com\/inicio\/#website","url":"https:\/\/diariotextual.com\/inicio\/","name":"Diario Textual","description":"","publisher":{"@id":"https:\/\/diariotextual.com\/inicio\/#organization"},"potentialAction":[{"@type":"SearchAction","target":{"@type":"EntryPoint","urlTemplate":"https:\/\/diariotextual.com\/inicio\/?s={search_term_string}"},"query-input":{"@type":"PropertyValueSpecification","valueRequired":true,"valueName":"search_term_string"}}],"inLanguage":"es"},{"@type":"Organization","@id":"https:\/\/diariotextual.com\/inicio\/#organization","name":"Diario Textual","url":"https:\/\/diariotextual.com\/inicio\/","logo":{"@type":"ImageObject","inLanguage":"es","@id":"https:\/\/diariotextual.com\/inicio\/#\/schema\/logo\/image\/","url":"https:\/\/diariotextual.com\/inicio\/wp-content\/uploads\/2023\/05\/logotextual1.jpg","contentUrl":"https:\/\/diariotextual.com\/inicio\/wp-content\/uploads\/2023\/05\/logotextual1.jpg","width":516,"height":76,"caption":"Diario Textual"},"image":{"@id":"https:\/\/diariotextual.com\/inicio\/#\/schema\/logo\/image\/"},"sameAs":["https:\/\/www.facebook.com\/eltextual","https:\/\/x.com\/eltextual","http:\/\/www.instagram.com\/eltextual"]},{"@type":"Person","@id":"https:\/\/diariotextual.com\/inicio\/#\/schema\/person\/c7834961ad8b29b1d9cdbf4571299067","name":"diario5","image":{"@type":"ImageObject","inLanguage":"es","@id":"https:\/\/secure.gravatar.com\/avatar\/948c893b847ca6df68216ead81b63f363408ec9b0f600fefc0641ce78613b111?s=96&d=mm&r=g","url":"https:\/\/secure.gravatar.com\/avatar\/948c893b847ca6df68216ead81b63f363408ec9b0f600fefc0641ce78613b111?s=96&d=mm&r=g","contentUrl":"https:\/\/secure.gravatar.com\/avatar\/948c893b847ca6df68216ead81b63f363408ec9b0f600fefc0641ce78613b111?s=96&d=mm&r=g","caption":"diario5"},"url":"https:\/\/diariotextual.com\/inicio\/index.php\/author\/diario5\/"}]}},"_links":{"self":[{"href":"https:\/\/diariotextual.com\/inicio\/index.php\/wp-json\/wp\/v2\/posts\/227297","targetHints":{"allow":["GET"]}}],"collection":[{"href":"https:\/\/diariotextual.com\/inicio\/index.php\/wp-json\/wp\/v2\/posts"}],"about":[{"href":"https:\/\/diariotextual.com\/inicio\/index.php\/wp-json\/wp\/v2\/types\/post"}],"author":[{"embeddable":true,"href":"https:\/\/diariotextual.com\/inicio\/index.php\/wp-json\/wp\/v2\/users\/7"}],"replies":[{"embeddable":true,"href":"https:\/\/diariotextual.com\/inicio\/index.php\/wp-json\/wp\/v2\/comments?post=227297"}],"version-history":[{"count":1,"href":"https:\/\/diariotextual.com\/inicio\/index.php\/wp-json\/wp\/v2\/posts\/227297\/revisions"}],"predecessor-version":[{"id":227298,"href":"https:\/\/diariotextual.com\/inicio\/index.php\/wp-json\/wp\/v2\/posts\/227297\/revisions\/227298"}],"wp:featuredmedia":[{"embeddable":true,"href":"https:\/\/diariotextual.com\/inicio\/index.php\/wp-json\/wp\/v2\/media\/224251"}],"wp:attachment":[{"href":"https:\/\/diariotextual.com\/inicio\/index.php\/wp-json\/wp\/v2\/media?parent=227297"}],"wp:term":[{"taxonomy":"category","embeddable":true,"href":"https:\/\/diariotextual.com\/inicio\/index.php\/wp-json\/wp\/v2\/categories?post=227297"},{"taxonomy":"post_tag","embeddable":true,"href":"https:\/\/diariotextual.com\/inicio\/index.php\/wp-json\/wp\/v2\/tags?post=227297"}],"curies":[{"name":"wp","href":"https:\/\/api.w.org\/{rel}","templated":true}]}}