{"id":227317,"date":"2023-06-02T23:13:00","date_gmt":"2023-06-03T02:13:00","guid":{"rendered":"https:\/\/diariotextual.com\/inicio\/?p=227317"},"modified":"2023-06-03T18:59:17","modified_gmt":"2023-06-03T21:59:17","slug":"el-frente-peronista-barrial-tambien-presentara-candidatos-en-el-fdet","status":"publish","type":"post","link":"https:\/\/diariotextual.com\/inicio\/index.php\/2023\/06\/02\/el-frente-peronista-barrial-tambien-presentara-candidatos-en-el-fdet\/","title":{"rendered":"El Frente Barrial tambi\u00e9n va con precandidatos en el FdeT"},"content":{"rendered":"\n<p>El <strong>Frente Peronista Barrial<\/strong> confirm\u00f3 este viernes que <strong>presentar\u00e1 precandidatos y precandidatas<\/strong> dentro del Frente de Todos para las elecciones de este a\u00f1o en las que se renuevan dos bancas de diputados. Ayer, tal como adelant\u00f3 Diario Textual, los movimientos sociales con el Movimiento Evita y la CCC a la cabeza, picaron en punta y anunciaron que presentar\u00e1n lista.<\/p>\n\n\n\n<p><\/p>\n\n\n\n<p>\u201cHoy fuimos a retirar la informaci\u00f3n al partido (Justicialista) para que en asamblea decidamos qu\u00e9 compa\u00f1ero o compa\u00f1era vamos a llevar como candidato o candidata\u201d, dijo a Diario Textual Dami\u00e1n Busto, referente del Frente Peronista Barrial en Santa Rosa.<\/p>\n\n\n\n<p><\/p>\n\n\n\n<figure class=\"wp-block-embed is-type-wp-embed is-provider-diario-textual wp-block-embed-diario-textual\"><div class=\"wp-block-embed__wrapper\">\n<blockquote class=\"wp-embedded-content\" data-secret=\"PnwkxDBidM\"><a href=\"https:\/\/diariotextual.com\/inicio\/index.php\/2023\/06\/01\/los-movimientos-sociales-presentaran-lista-de-candidatos-en-el-frejupa\/\">Los movimientos sociales presentar\u00e1n lista de candidatos en el FdeT<\/a><\/blockquote><iframe class=\"wp-embedded-content\" sandbox=\"allow-scripts\" security=\"restricted\" style=\"position: absolute; clip: rect(1px, 1px, 1px, 1px);\" title=\"\u00abLos movimientos sociales presentar\u00e1n lista de candidatos en el FdeT\u00bb \u2014 Diario Textual\" src=\"https:\/\/diariotextual.com\/inicio\/index.php\/2023\/06\/01\/los-movimientos-sociales-presentaran-lista-de-candidatos-en-el-frejupa\/embed\/#?secret=EUTNVXTS7L#?secret=PnwkxDBidM\" data-secret=\"PnwkxDBidM\" width=\"600\" height=\"338\" frameborder=\"0\" marginwidth=\"0\" marginheight=\"0\" scrolling=\"no\"><\/iframe>\n<\/div><\/figure>\n\n\n\n<p>\u201cNosotros no somos un movimiento social, somos un frente pol\u00edtico. Ellos tienen su proyecto y por lo que tengo entendido van a presentarse tambi\u00e9n\u201d, agreg\u00f3.<\/p>\n\n\n\n<p>Luego de que&nbsp;<strong><a href=\"https:\/\/diariotextual.com\/inicio\/index.php\/2023\/05\/29\/legislativas-verna-confirma-que-la-plural-no-pondra-candidatos\/\" target=\"_blank\" rel=\"noreferrer noopener\">el jefe de la L\u00ednea Plural Carlos Verna anunciara que no presentar\u00e1 candidatos ni candidatas.<\/a><\/strong>y que <strong><a href=\"https:\/\/diariotextual.com\/inicio\/index.php\/2023\/05\/30\/ziliotto-y-los-funcionarios-que-no-funcionan-que-aludio-verna-no-comento\/\" target=\"_blank\" rel=\"noreferrer noopener\">el propio gobernador Sergio Ziliotto dijera que daba libertad de acci\u00f3n para que se presente quien lo desee<\/a><\/strong>, distintos sectores que integran el Frente de Todos salieron a anunciar que presentar\u00e1n listas y se espera que en los pr\u00f3ximos d\u00edas haya m\u00e1s anuncios. <\/p>\n\n\n\n<p>En estos comicios, La Pampa elige dos diputados nacionales. Se descuenta que, independientemente de qui\u00e9n gane, Juntos por el Cambio se quedar\u00e1 con un legislador y el peronismo con otro.<\/p>\n","protected":false},"excerpt":{"rendered":"<p>El Frente Peronista Barrial confirm\u00f3 este viernes que presentar\u00e1 precandidatos y precandidatas dentro del Frente de Todos para las elecciones de este a\u00f1o en las que se renuevan dos bancas&hellip;<\/p>\n","protected":false},"author":7,"featured_media":227320,"comment_status":"closed","ping_status":"open","sticky":false,"template":"","format":"standard","meta":{"_acf_changed":false,"footnotes":""},"categories":[1,12],"tags":[],"class_list":["post-227317","post","type-post","status-publish","format-standard","has-post-thumbnail","hentry","category-es-noticia","category-sociedad"],"acf":[],"yoast_head":"<!-- This site is optimized with the Yoast SEO plugin v27.5 - https:\/\/yoast.com\/product\/yoast-seo-wordpress\/ -->\n<title>El Frente Barrial tambi\u00e9n va con precandidatos en el FdeT - Diario Textual<\/title>\n<meta name=\"robots\" content=\"index, follow, max-snippet:-1, max-image-preview:large, max-video-preview:-1\" \/>\n<link rel=\"canonical\" href=\"https:\/\/diariotextual.com\/inicio\/index.php\/2023\/06\/02\/el-frente-peronista-barrial-tambien-presentara-candidatos-en-el-fdet\/\" \/>\n<meta property=\"og:locale\" content=\"es_ES\" \/>\n<meta property=\"og:type\" content=\"article\" \/>\n<meta property=\"og:title\" content=\"El Frente Barrial tambi\u00e9n va con precandidatos en el FdeT - Diario Textual\" \/>\n<meta property=\"og:description\" content=\"El Frente Peronista Barrial confirm\u00f3 este viernes que presentar\u00e1 precandidatos y precandidatas dentro del Frente de Todos para las elecciones de este a\u00f1o en las que se renuevan dos bancas&hellip;\" \/>\n<meta property=\"og:url\" content=\"https:\/\/diariotextual.com\/inicio\/index.php\/2023\/06\/02\/el-frente-peronista-barrial-tambien-presentara-candidatos-en-el-fdet\/\" \/>\n<meta property=\"og:site_name\" content=\"Diario Textual\" \/>\n<meta property=\"article:publisher\" content=\"https:\/\/www.facebook.com\/eltextual\" \/>\n<meta property=\"article:published_time\" content=\"2023-06-03T02:13:00+00:00\" \/>\n<meta property=\"article:modified_time\" content=\"2023-06-03T21:59:17+00:00\" \/>\n<meta property=\"og:image\" content=\"https:\/\/diariotextual.com\/inicio\/wp-content\/uploads\/2023\/06\/frenteperonistabarrial.jpg\" \/>\n\t<meta property=\"og:image:width\" content=\"1080\" \/>\n\t<meta property=\"og:image:height\" content=\"719\" \/>\n\t<meta property=\"og:image:type\" content=\"image\/jpeg\" \/>\n<meta name=\"author\" content=\"diario5\" \/>\n<meta name=\"twitter:card\" content=\"summary_large_image\" \/>\n<meta name=\"twitter:creator\" content=\"@eltextual\" \/>\n<meta name=\"twitter:site\" content=\"@eltextual\" \/>\n<meta name=\"twitter:label1\" content=\"Escrito por\" \/>\n\t<meta name=\"twitter:data1\" content=\"diario5\" \/>\n\t<meta name=\"twitter:label2\" content=\"Tiempo de lectura\" \/>\n\t<meta name=\"twitter:data2\" content=\"1 minuto\" \/>\n<script type=\"application\/ld+json\" class=\"yoast-schema-graph\">{\"@context\":\"https:\\\/\\\/schema.org\",\"@graph\":[{\"@type\":\"Article\",\"@id\":\"https:\\\/\\\/diariotextual.com\\\/inicio\\\/index.php\\\/2023\\\/06\\\/02\\\/el-frente-peronista-barrial-tambien-presentara-candidatos-en-el-fdet\\\/#article\",\"isPartOf\":{\"@id\":\"https:\\\/\\\/diariotextual.com\\\/inicio\\\/index.php\\\/2023\\\/06\\\/02\\\/el-frente-peronista-barrial-tambien-presentara-candidatos-en-el-fdet\\\/\"},\"author\":{\"name\":\"diario5\",\"@id\":\"https:\\\/\\\/diariotextual.com\\\/inicio\\\/#\\\/schema\\\/person\\\/c7834961ad8b29b1d9cdbf4571299067\"},\"headline\":\"El Frente Barrial tambi\u00e9n va con precandidatos en el FdeT\",\"datePublished\":\"2023-06-03T02:13:00+00:00\",\"dateModified\":\"2023-06-03T21:59:17+00:00\",\"mainEntityOfPage\":{\"@id\":\"https:\\\/\\\/diariotextual.com\\\/inicio\\\/index.php\\\/2023\\\/06\\\/02\\\/el-frente-peronista-barrial-tambien-presentara-candidatos-en-el-fdet\\\/\"},\"wordCount\":250,\"publisher\":{\"@id\":\"https:\\\/\\\/diariotextual.com\\\/inicio\\\/#organization\"},\"image\":{\"@id\":\"https:\\\/\\\/diariotextual.com\\\/inicio\\\/index.php\\\/2023\\\/06\\\/02\\\/el-frente-peronista-barrial-tambien-presentara-candidatos-en-el-fdet\\\/#primaryimage\"},\"thumbnailUrl\":\"https:\\\/\\\/diariotextual.com\\\/inicio\\\/wp-content\\\/uploads\\\/2023\\\/06\\\/frenteperonistabarrial.jpg\",\"articleSection\":[\"A - ES NOTICIA (van abajo)\",\"SOCIEDAD\"],\"inLanguage\":\"es\"},{\"@type\":\"WebPage\",\"@id\":\"https:\\\/\\\/diariotextual.com\\\/inicio\\\/index.php\\\/2023\\\/06\\\/02\\\/el-frente-peronista-barrial-tambien-presentara-candidatos-en-el-fdet\\\/\",\"url\":\"https:\\\/\\\/diariotextual.com\\\/inicio\\\/index.php\\\/2023\\\/06\\\/02\\\/el-frente-peronista-barrial-tambien-presentara-candidatos-en-el-fdet\\\/\",\"name\":\"El Frente Barrial tambi\u00e9n va con precandidatos en el FdeT - Diario Textual\",\"isPartOf\":{\"@id\":\"https:\\\/\\\/diariotextual.com\\\/inicio\\\/#website\"},\"primaryImageOfPage\":{\"@id\":\"https:\\\/\\\/diariotextual.com\\\/inicio\\\/index.php\\\/2023\\\/06\\\/02\\\/el-frente-peronista-barrial-tambien-presentara-candidatos-en-el-fdet\\\/#primaryimage\"},\"image\":{\"@id\":\"https:\\\/\\\/diariotextual.com\\\/inicio\\\/index.php\\\/2023\\\/06\\\/02\\\/el-frente-peronista-barrial-tambien-presentara-candidatos-en-el-fdet\\\/#primaryimage\"},\"thumbnailUrl\":\"https:\\\/\\\/diariotextual.com\\\/inicio\\\/wp-content\\\/uploads\\\/2023\\\/06\\\/frenteperonistabarrial.jpg\",\"datePublished\":\"2023-06-03T02:13:00+00:00\",\"dateModified\":\"2023-06-03T21:59:17+00:00\",\"breadcrumb\":{\"@id\":\"https:\\\/\\\/diariotextual.com\\\/inicio\\\/index.php\\\/2023\\\/06\\\/02\\\/el-frente-peronista-barrial-tambien-presentara-candidatos-en-el-fdet\\\/#breadcrumb\"},\"inLanguage\":\"es\",\"potentialAction\":[{\"@type\":\"ReadAction\",\"target\":[\"https:\\\/\\\/diariotextual.com\\\/inicio\\\/index.php\\\/2023\\\/06\\\/02\\\/el-frente-peronista-barrial-tambien-presentara-candidatos-en-el-fdet\\\/\"]}]},{\"@type\":\"ImageObject\",\"inLanguage\":\"es\",\"@id\":\"https:\\\/\\\/diariotextual.com\\\/inicio\\\/index.php\\\/2023\\\/06\\\/02\\\/el-frente-peronista-barrial-tambien-presentara-candidatos-en-el-fdet\\\/#primaryimage\",\"url\":\"https:\\\/\\\/diariotextual.com\\\/inicio\\\/wp-content\\\/uploads\\\/2023\\\/06\\\/frenteperonistabarrial.jpg\",\"contentUrl\":\"https:\\\/\\\/diariotextual.com\\\/inicio\\\/wp-content\\\/uploads\\\/2023\\\/06\\\/frenteperonistabarrial.jpg\",\"width\":1080,\"height\":719},{\"@type\":\"BreadcrumbList\",\"@id\":\"https:\\\/\\\/diariotextual.com\\\/inicio\\\/index.php\\\/2023\\\/06\\\/02\\\/el-frente-peronista-barrial-tambien-presentara-candidatos-en-el-fdet\\\/#breadcrumb\",\"itemListElement\":[{\"@type\":\"ListItem\",\"position\":1,\"name\":\"Portada\",\"item\":\"https:\\\/\\\/diariotextual.com\\\/inicio\\\/\"},{\"@type\":\"ListItem\",\"position\":2,\"name\":\"El Frente Barrial tambi\u00e9n va con precandidatos en el FdeT\"}]},{\"@type\":\"WebSite\",\"@id\":\"https:\\\/\\\/diariotextual.com\\\/inicio\\\/#website\",\"url\":\"https:\\\/\\\/diariotextual.com\\\/inicio\\\/\",\"name\":\"Diario Textual\",\"description\":\"\",\"publisher\":{\"@id\":\"https:\\\/\\\/diariotextual.com\\\/inicio\\\/#organization\"},\"potentialAction\":[{\"@type\":\"SearchAction\",\"target\":{\"@type\":\"EntryPoint\",\"urlTemplate\":\"https:\\\/\\\/diariotextual.com\\\/inicio\\\/?s={search_term_string}\"},\"query-input\":{\"@type\":\"PropertyValueSpecification\",\"valueRequired\":true,\"valueName\":\"search_term_string\"}}],\"inLanguage\":\"es\"},{\"@type\":\"Organization\",\"@id\":\"https:\\\/\\\/diariotextual.com\\\/inicio\\\/#organization\",\"name\":\"Diario Textual\",\"url\":\"https:\\\/\\\/diariotextual.com\\\/inicio\\\/\",\"logo\":{\"@type\":\"ImageObject\",\"inLanguage\":\"es\",\"@id\":\"https:\\\/\\\/diariotextual.com\\\/inicio\\\/#\\\/schema\\\/logo\\\/image\\\/\",\"url\":\"https:\\\/\\\/diariotextual.com\\\/inicio\\\/wp-content\\\/uploads\\\/2023\\\/05\\\/logotextual1.jpg\",\"contentUrl\":\"https:\\\/\\\/diariotextual.com\\\/inicio\\\/wp-content\\\/uploads\\\/2023\\\/05\\\/logotextual1.jpg\",\"width\":516,\"height\":76,\"caption\":\"Diario Textual\"},\"image\":{\"@id\":\"https:\\\/\\\/diariotextual.com\\\/inicio\\\/#\\\/schema\\\/logo\\\/image\\\/\"},\"sameAs\":[\"https:\\\/\\\/www.facebook.com\\\/eltextual\",\"https:\\\/\\\/x.com\\\/eltextual\",\"http:\\\/\\\/www.instagram.com\\\/eltextual\"]},{\"@type\":\"Person\",\"@id\":\"https:\\\/\\\/diariotextual.com\\\/inicio\\\/#\\\/schema\\\/person\\\/c7834961ad8b29b1d9cdbf4571299067\",\"name\":\"diario5\",\"image\":{\"@type\":\"ImageObject\",\"inLanguage\":\"es\",\"@id\":\"https:\\\/\\\/secure.gravatar.com\\\/avatar\\\/948c893b847ca6df68216ead81b63f363408ec9b0f600fefc0641ce78613b111?s=96&d=mm&r=g\",\"url\":\"https:\\\/\\\/secure.gravatar.com\\\/avatar\\\/948c893b847ca6df68216ead81b63f363408ec9b0f600fefc0641ce78613b111?s=96&d=mm&r=g\",\"contentUrl\":\"https:\\\/\\\/secure.gravatar.com\\\/avatar\\\/948c893b847ca6df68216ead81b63f363408ec9b0f600fefc0641ce78613b111?s=96&d=mm&r=g\",\"caption\":\"diario5\"},\"url\":\"https:\\\/\\\/diariotextual.com\\\/inicio\\\/index.php\\\/author\\\/diario5\\\/\"}]}<\/script>\n<!-- \/ Yoast SEO plugin. -->","yoast_head_json":{"title":"El Frente Barrial tambi\u00e9n va con precandidatos en el FdeT - Diario Textual","robots":{"index":"index","follow":"follow","max-snippet":"max-snippet:-1","max-image-preview":"max-image-preview:large","max-video-preview":"max-video-preview:-1"},"canonical":"https:\/\/diariotextual.com\/inicio\/index.php\/2023\/06\/02\/el-frente-peronista-barrial-tambien-presentara-candidatos-en-el-fdet\/","og_locale":"es_ES","og_type":"article","og_title":"El Frente Barrial tambi\u00e9n va con precandidatos en el FdeT - Diario Textual","og_description":"El Frente Peronista Barrial confirm\u00f3 este viernes que presentar\u00e1 precandidatos y precandidatas dentro del Frente de Todos para las elecciones de este a\u00f1o en las que se renuevan dos bancas&hellip;","og_url":"https:\/\/diariotextual.com\/inicio\/index.php\/2023\/06\/02\/el-frente-peronista-barrial-tambien-presentara-candidatos-en-el-fdet\/","og_site_name":"Diario Textual","article_publisher":"https:\/\/www.facebook.com\/eltextual","article_published_time":"2023-06-03T02:13:00+00:00","article_modified_time":"2023-06-03T21:59:17+00:00","og_image":[{"width":1080,"height":719,"url":"https:\/\/diariotextual.com\/inicio\/wp-content\/uploads\/2023\/06\/frenteperonistabarrial.jpg","type":"image\/jpeg"}],"author":"diario5","twitter_card":"summary_large_image","twitter_creator":"@eltextual","twitter_site":"@eltextual","twitter_misc":{"Escrito por":"diario5","Tiempo de lectura":"1 minuto"},"schema":{"@context":"https:\/\/schema.org","@graph":[{"@type":"Article","@id":"https:\/\/diariotextual.com\/inicio\/index.php\/2023\/06\/02\/el-frente-peronista-barrial-tambien-presentara-candidatos-en-el-fdet\/#article","isPartOf":{"@id":"https:\/\/diariotextual.com\/inicio\/index.php\/2023\/06\/02\/el-frente-peronista-barrial-tambien-presentara-candidatos-en-el-fdet\/"},"author":{"name":"diario5","@id":"https:\/\/diariotextual.com\/inicio\/#\/schema\/person\/c7834961ad8b29b1d9cdbf4571299067"},"headline":"El Frente Barrial tambi\u00e9n va con precandidatos en el FdeT","datePublished":"2023-06-03T02:13:00+00:00","dateModified":"2023-06-03T21:59:17+00:00","mainEntityOfPage":{"@id":"https:\/\/diariotextual.com\/inicio\/index.php\/2023\/06\/02\/el-frente-peronista-barrial-tambien-presentara-candidatos-en-el-fdet\/"},"wordCount":250,"publisher":{"@id":"https:\/\/diariotextual.com\/inicio\/#organization"},"image":{"@id":"https:\/\/diariotextual.com\/inicio\/index.php\/2023\/06\/02\/el-frente-peronista-barrial-tambien-presentara-candidatos-en-el-fdet\/#primaryimage"},"thumbnailUrl":"https:\/\/diariotextual.com\/inicio\/wp-content\/uploads\/2023\/06\/frenteperonistabarrial.jpg","articleSection":["A - ES NOTICIA (van abajo)","SOCIEDAD"],"inLanguage":"es"},{"@type":"WebPage","@id":"https:\/\/diariotextual.com\/inicio\/index.php\/2023\/06\/02\/el-frente-peronista-barrial-tambien-presentara-candidatos-en-el-fdet\/","url":"https:\/\/diariotextual.com\/inicio\/index.php\/2023\/06\/02\/el-frente-peronista-barrial-tambien-presentara-candidatos-en-el-fdet\/","name":"El Frente Barrial tambi\u00e9n va con precandidatos en el FdeT - Diario Textual","isPartOf":{"@id":"https:\/\/diariotextual.com\/inicio\/#website"},"primaryImageOfPage":{"@id":"https:\/\/diariotextual.com\/inicio\/index.php\/2023\/06\/02\/el-frente-peronista-barrial-tambien-presentara-candidatos-en-el-fdet\/#primaryimage"},"image":{"@id":"https:\/\/diariotextual.com\/inicio\/index.php\/2023\/06\/02\/el-frente-peronista-barrial-tambien-presentara-candidatos-en-el-fdet\/#primaryimage"},"thumbnailUrl":"https:\/\/diariotextual.com\/inicio\/wp-content\/uploads\/2023\/06\/frenteperonistabarrial.jpg","datePublished":"2023-06-03T02:13:00+00:00","dateModified":"2023-06-03T21:59:17+00:00","breadcrumb":{"@id":"https:\/\/diariotextual.com\/inicio\/index.php\/2023\/06\/02\/el-frente-peronista-barrial-tambien-presentara-candidatos-en-el-fdet\/#breadcrumb"},"inLanguage":"es","potentialAction":[{"@type":"ReadAction","target":["https:\/\/diariotextual.com\/inicio\/index.php\/2023\/06\/02\/el-frente-peronista-barrial-tambien-presentara-candidatos-en-el-fdet\/"]}]},{"@type":"ImageObject","inLanguage":"es","@id":"https:\/\/diariotextual.com\/inicio\/index.php\/2023\/06\/02\/el-frente-peronista-barrial-tambien-presentara-candidatos-en-el-fdet\/#primaryimage","url":"https:\/\/diariotextual.com\/inicio\/wp-content\/uploads\/2023\/06\/frenteperonistabarrial.jpg","contentUrl":"https:\/\/diariotextual.com\/inicio\/wp-content\/uploads\/2023\/06\/frenteperonistabarrial.jpg","width":1080,"height":719},{"@type":"BreadcrumbList","@id":"https:\/\/diariotextual.com\/inicio\/index.php\/2023\/06\/02\/el-frente-peronista-barrial-tambien-presentara-candidatos-en-el-fdet\/#breadcrumb","itemListElement":[{"@type":"ListItem","position":1,"name":"Portada","item":"https:\/\/diariotextual.com\/inicio\/"},{"@type":"ListItem","position":2,"name":"El Frente Barrial tambi\u00e9n va con precandidatos en el FdeT"}]},{"@type":"WebSite","@id":"https:\/\/diariotextual.com\/inicio\/#website","url":"https:\/\/diariotextual.com\/inicio\/","name":"Diario Textual","description":"","publisher":{"@id":"https:\/\/diariotextual.com\/inicio\/#organization"},"potentialAction":[{"@type":"SearchAction","target":{"@type":"EntryPoint","urlTemplate":"https:\/\/diariotextual.com\/inicio\/?s={search_term_string}"},"query-input":{"@type":"PropertyValueSpecification","valueRequired":true,"valueName":"search_term_string"}}],"inLanguage":"es"},{"@type":"Organization","@id":"https:\/\/diariotextual.com\/inicio\/#organization","name":"Diario Textual","url":"https:\/\/diariotextual.com\/inicio\/","logo":{"@type":"ImageObject","inLanguage":"es","@id":"https:\/\/diariotextual.com\/inicio\/#\/schema\/logo\/image\/","url":"https:\/\/diariotextual.com\/inicio\/wp-content\/uploads\/2023\/05\/logotextual1.jpg","contentUrl":"https:\/\/diariotextual.com\/inicio\/wp-content\/uploads\/2023\/05\/logotextual1.jpg","width":516,"height":76,"caption":"Diario Textual"},"image":{"@id":"https:\/\/diariotextual.com\/inicio\/#\/schema\/logo\/image\/"},"sameAs":["https:\/\/www.facebook.com\/eltextual","https:\/\/x.com\/eltextual","http:\/\/www.instagram.com\/eltextual"]},{"@type":"Person","@id":"https:\/\/diariotextual.com\/inicio\/#\/schema\/person\/c7834961ad8b29b1d9cdbf4571299067","name":"diario5","image":{"@type":"ImageObject","inLanguage":"es","@id":"https:\/\/secure.gravatar.com\/avatar\/948c893b847ca6df68216ead81b63f363408ec9b0f600fefc0641ce78613b111?s=96&d=mm&r=g","url":"https:\/\/secure.gravatar.com\/avatar\/948c893b847ca6df68216ead81b63f363408ec9b0f600fefc0641ce78613b111?s=96&d=mm&r=g","contentUrl":"https:\/\/secure.gravatar.com\/avatar\/948c893b847ca6df68216ead81b63f363408ec9b0f600fefc0641ce78613b111?s=96&d=mm&r=g","caption":"diario5"},"url":"https:\/\/diariotextual.com\/inicio\/index.php\/author\/diario5\/"}]}},"_links":{"self":[{"href":"https:\/\/diariotextual.com\/inicio\/index.php\/wp-json\/wp\/v2\/posts\/227317","targetHints":{"allow":["GET"]}}],"collection":[{"href":"https:\/\/diariotextual.com\/inicio\/index.php\/wp-json\/wp\/v2\/posts"}],"about":[{"href":"https:\/\/diariotextual.com\/inicio\/index.php\/wp-json\/wp\/v2\/types\/post"}],"author":[{"embeddable":true,"href":"https:\/\/diariotextual.com\/inicio\/index.php\/wp-json\/wp\/v2\/users\/7"}],"replies":[{"embeddable":true,"href":"https:\/\/diariotextual.com\/inicio\/index.php\/wp-json\/wp\/v2\/comments?post=227317"}],"version-history":[{"count":3,"href":"https:\/\/diariotextual.com\/inicio\/index.php\/wp-json\/wp\/v2\/posts\/227317\/revisions"}],"predecessor-version":[{"id":227336,"href":"https:\/\/diariotextual.com\/inicio\/index.php\/wp-json\/wp\/v2\/posts\/227317\/revisions\/227336"}],"wp:featuredmedia":[{"embeddable":true,"href":"https:\/\/diariotextual.com\/inicio\/index.php\/wp-json\/wp\/v2\/media\/227320"}],"wp:attachment":[{"href":"https:\/\/diariotextual.com\/inicio\/index.php\/wp-json\/wp\/v2\/media?parent=227317"}],"wp:term":[{"taxonomy":"category","embeddable":true,"href":"https:\/\/diariotextual.com\/inicio\/index.php\/wp-json\/wp\/v2\/categories?post=227317"},{"taxonomy":"post_tag","embeddable":true,"href":"https:\/\/diariotextual.com\/inicio\/index.php\/wp-json\/wp\/v2\/tags?post=227317"}],"curies":[{"name":"wp","href":"https:\/\/api.w.org\/{rel}","templated":true}]}}