{"id":227351,"date":"2023-06-02T14:21:41","date_gmt":"2023-06-02T17:21:41","guid":{"rendered":"https:\/\/diariotextual.com\/inicio\/?p=227351"},"modified":"2023-06-02T18:59:47","modified_gmt":"2023-06-02T21:59:47","slug":"por-primera-vez-en-la-historia-una-cientifica-argentina-liderara-la-organizacion-meteorologica-mundial","status":"publish","type":"post","link":"https:\/\/diariotextual.com\/inicio\/index.php\/2023\/06\/02\/por-primera-vez-en-la-historia-una-cientifica-argentina-liderara-la-organizacion-meteorologica-mundial\/","title":{"rendered":"Por primera vez en la historia, una cient\u00edfica argentina liderar\u00e1 la Organizaci\u00f3n Meteorol\u00f3gica Mundial"},"content":{"rendered":"\n<p>La cient\u00edfica argentina y directora del Servicio Meteorol\u00f3gico Nacional,<strong> Celeste Saulo<\/strong>, result\u00f3 electa para ocupar la posici\u00f3n m\u00e1s alta en la <strong>Organizaci\u00f3n Meteorol\u00f3gica Mundial<\/strong>, el organismo de Naciones Unidas dedicado al tiempo, el clima y el agua. Se convierte as\u00ed en la <strong>primera mujer en la historia en ocupar la Secretar\u00eda General y tambi\u00e9n la primera persona latinoamericana, lo que ubica al pa\u00eds y a la regi\u00f3n en un nuevo rol estrat\u00e9gico.<\/strong><br><br>\u201cMi ambici\u00f3n es conducir a la OMM hacia un escenario en el que la voz de todos los Miembros sea escuchada por igual, priorizando a aquellos m\u00e1s vulnerables y en el que las acciones que emprenda se encuentren alineadas con las necesidades y particularidades de cada uno de ellos. En momentos en que la inequidad y el cambio clim\u00e1tico son las mayores amenazas globales, la OMM debe contribuir a que los Servicios Meteorol\u00f3gicos e Hidrol\u00f3gicos se fortalezcan para proteger a las poblaciones y sus econom\u00edas, proveyendo servicios y alertas oportunos y eficaces\u201d, expres\u00f3.<br><br>La Organizaci\u00f3n Meteorol\u00f3gica Mundial es el Organismo de Naciones Unidas dedicado al tiempo, el clima y el agua. Est\u00e1 conformada por 193 Estados y territorios Miembros y act\u00faa en el desarrollo de conocimientos t\u00e9cnicos y en la cooperaci\u00f3n internacional en los \u00e1mbitos del tiempo, el clima, y el agua, as\u00ed como en otras cuestiones medioambientales, contribuyendo de ese modo a la seguridad y al bienestar de todos los pueblos del mundo y a la prosperidad econ\u00f3mica de las naciones.<\/p>\n","protected":false},"excerpt":{"rendered":"<p>La cient\u00edfica argentina y directora del Servicio Meteorol\u00f3gico Nacional, Celeste Saulo, result\u00f3 electa para ocupar la posici\u00f3n m\u00e1s alta en la Organizaci\u00f3n Meteorol\u00f3gica Mundial, el organismo de Naciones Unidas dedicado&hellip;<\/p>\n","protected":false},"author":4,"featured_media":227353,"comment_status":"closed","ping_status":"open","sticky":false,"template":"","format":"standard","meta":{"_acf_changed":false,"footnotes":""},"categories":[1,12],"tags":[],"class_list":["post-227351","post","type-post","status-publish","format-standard","has-post-thumbnail","hentry","category-es-noticia","category-sociedad"],"acf":[],"yoast_head":"<!-- This site is optimized with the Yoast SEO plugin v27.5 - https:\/\/yoast.com\/product\/yoast-seo-wordpress\/ -->\n<title>Por primera vez en la historia, una cient\u00edfica argentina liderar\u00e1 la Organizaci\u00f3n Meteorol\u00f3gica Mundial - Diario Textual<\/title>\n<meta name=\"robots\" content=\"index, follow, max-snippet:-1, max-image-preview:large, max-video-preview:-1\" \/>\n<link rel=\"canonical\" href=\"https:\/\/diariotextual.com\/inicio\/index.php\/2023\/06\/02\/por-primera-vez-en-la-historia-una-cientifica-argentina-liderara-la-organizacion-meteorologica-mundial\/\" \/>\n<meta property=\"og:locale\" content=\"es_ES\" \/>\n<meta property=\"og:type\" content=\"article\" \/>\n<meta property=\"og:title\" content=\"Por primera vez en la historia, una cient\u00edfica argentina liderar\u00e1 la Organizaci\u00f3n Meteorol\u00f3gica Mundial - Diario Textual\" \/>\n<meta property=\"og:description\" content=\"La cient\u00edfica argentina y directora del Servicio Meteorol\u00f3gico Nacional, Celeste Saulo, result\u00f3 electa para ocupar la posici\u00f3n m\u00e1s alta en la Organizaci\u00f3n Meteorol\u00f3gica Mundial, el organismo de Naciones Unidas dedicado&hellip;\" \/>\n<meta property=\"og:url\" content=\"https:\/\/diariotextual.com\/inicio\/index.php\/2023\/06\/02\/por-primera-vez-en-la-historia-una-cientifica-argentina-liderara-la-organizacion-meteorologica-mundial\/\" \/>\n<meta property=\"og:site_name\" content=\"Diario Textual\" \/>\n<meta property=\"article:publisher\" content=\"https:\/\/www.facebook.com\/eltextual\" \/>\n<meta property=\"article:published_time\" content=\"2023-06-02T17:21:41+00:00\" \/>\n<meta property=\"article:modified_time\" content=\"2023-06-02T21:59:47+00:00\" \/>\n<meta property=\"og:image\" content=\"https:\/\/diariotextual.com\/inicio\/wp-content\/uploads\/2023\/06\/saulocelestesmn20233.jpg\" \/>\n\t<meta property=\"og:image:width\" content=\"900\" \/>\n\t<meta property=\"og:image:height\" content=\"506\" \/>\n\t<meta property=\"og:image:type\" content=\"image\/jpeg\" \/>\n<meta name=\"author\" content=\"diario2\" \/>\n<meta name=\"twitter:card\" content=\"summary_large_image\" \/>\n<meta name=\"twitter:creator\" content=\"@eltextual\" \/>\n<meta name=\"twitter:site\" content=\"@eltextual\" \/>\n<meta name=\"twitter:label1\" content=\"Escrito por\" \/>\n\t<meta name=\"twitter:data1\" content=\"diario2\" \/>\n\t<meta name=\"twitter:label2\" content=\"Tiempo de lectura\" \/>\n\t<meta name=\"twitter:data2\" content=\"2 minutos\" \/>\n<script type=\"application\/ld+json\" class=\"yoast-schema-graph\">{\"@context\":\"https:\\\/\\\/schema.org\",\"@graph\":[{\"@type\":\"Article\",\"@id\":\"https:\\\/\\\/diariotextual.com\\\/inicio\\\/index.php\\\/2023\\\/06\\\/02\\\/por-primera-vez-en-la-historia-una-cientifica-argentina-liderara-la-organizacion-meteorologica-mundial\\\/#article\",\"isPartOf\":{\"@id\":\"https:\\\/\\\/diariotextual.com\\\/inicio\\\/index.php\\\/2023\\\/06\\\/02\\\/por-primera-vez-en-la-historia-una-cientifica-argentina-liderara-la-organizacion-meteorologica-mundial\\\/\"},\"author\":{\"name\":\"diario2\",\"@id\":\"https:\\\/\\\/diariotextual.com\\\/inicio\\\/#\\\/schema\\\/person\\\/694f60677f23c4a530867a98f22b3768\"},\"headline\":\"Por primera vez en la historia, una cient\u00edfica argentina liderar\u00e1 la Organizaci\u00f3n Meteorol\u00f3gica Mundial\",\"datePublished\":\"2023-06-02T17:21:41+00:00\",\"dateModified\":\"2023-06-02T21:59:47+00:00\",\"mainEntityOfPage\":{\"@id\":\"https:\\\/\\\/diariotextual.com\\\/inicio\\\/index.php\\\/2023\\\/06\\\/02\\\/por-primera-vez-en-la-historia-una-cientifica-argentina-liderara-la-organizacion-meteorologica-mundial\\\/\"},\"wordCount\":283,\"publisher\":{\"@id\":\"https:\\\/\\\/diariotextual.com\\\/inicio\\\/#organization\"},\"image\":{\"@id\":\"https:\\\/\\\/diariotextual.com\\\/inicio\\\/index.php\\\/2023\\\/06\\\/02\\\/por-primera-vez-en-la-historia-una-cientifica-argentina-liderara-la-organizacion-meteorologica-mundial\\\/#primaryimage\"},\"thumbnailUrl\":\"https:\\\/\\\/diariotextual.com\\\/inicio\\\/wp-content\\\/uploads\\\/2023\\\/06\\\/saulocelestesmn20233.jpg\",\"articleSection\":[\"A - ES NOTICIA (van abajo)\",\"SOCIEDAD\"],\"inLanguage\":\"es\"},{\"@type\":\"WebPage\",\"@id\":\"https:\\\/\\\/diariotextual.com\\\/inicio\\\/index.php\\\/2023\\\/06\\\/02\\\/por-primera-vez-en-la-historia-una-cientifica-argentina-liderara-la-organizacion-meteorologica-mundial\\\/\",\"url\":\"https:\\\/\\\/diariotextual.com\\\/inicio\\\/index.php\\\/2023\\\/06\\\/02\\\/por-primera-vez-en-la-historia-una-cientifica-argentina-liderara-la-organizacion-meteorologica-mundial\\\/\",\"name\":\"Por primera vez en la historia, una cient\u00edfica argentina liderar\u00e1 la Organizaci\u00f3n Meteorol\u00f3gica Mundial - Diario Textual\",\"isPartOf\":{\"@id\":\"https:\\\/\\\/diariotextual.com\\\/inicio\\\/#website\"},\"primaryImageOfPage\":{\"@id\":\"https:\\\/\\\/diariotextual.com\\\/inicio\\\/index.php\\\/2023\\\/06\\\/02\\\/por-primera-vez-en-la-historia-una-cientifica-argentina-liderara-la-organizacion-meteorologica-mundial\\\/#primaryimage\"},\"image\":{\"@id\":\"https:\\\/\\\/diariotextual.com\\\/inicio\\\/index.php\\\/2023\\\/06\\\/02\\\/por-primera-vez-en-la-historia-una-cientifica-argentina-liderara-la-organizacion-meteorologica-mundial\\\/#primaryimage\"},\"thumbnailUrl\":\"https:\\\/\\\/diariotextual.com\\\/inicio\\\/wp-content\\\/uploads\\\/2023\\\/06\\\/saulocelestesmn20233.jpg\",\"datePublished\":\"2023-06-02T17:21:41+00:00\",\"dateModified\":\"2023-06-02T21:59:47+00:00\",\"breadcrumb\":{\"@id\":\"https:\\\/\\\/diariotextual.com\\\/inicio\\\/index.php\\\/2023\\\/06\\\/02\\\/por-primera-vez-en-la-historia-una-cientifica-argentina-liderara-la-organizacion-meteorologica-mundial\\\/#breadcrumb\"},\"inLanguage\":\"es\",\"potentialAction\":[{\"@type\":\"ReadAction\",\"target\":[\"https:\\\/\\\/diariotextual.com\\\/inicio\\\/index.php\\\/2023\\\/06\\\/02\\\/por-primera-vez-en-la-historia-una-cientifica-argentina-liderara-la-organizacion-meteorologica-mundial\\\/\"]}]},{\"@type\":\"ImageObject\",\"inLanguage\":\"es\",\"@id\":\"https:\\\/\\\/diariotextual.com\\\/inicio\\\/index.php\\\/2023\\\/06\\\/02\\\/por-primera-vez-en-la-historia-una-cientifica-argentina-liderara-la-organizacion-meteorologica-mundial\\\/#primaryimage\",\"url\":\"https:\\\/\\\/diariotextual.com\\\/inicio\\\/wp-content\\\/uploads\\\/2023\\\/06\\\/saulocelestesmn20233.jpg\",\"contentUrl\":\"https:\\\/\\\/diariotextual.com\\\/inicio\\\/wp-content\\\/uploads\\\/2023\\\/06\\\/saulocelestesmn20233.jpg\",\"width\":900,\"height\":506},{\"@type\":\"BreadcrumbList\",\"@id\":\"https:\\\/\\\/diariotextual.com\\\/inicio\\\/index.php\\\/2023\\\/06\\\/02\\\/por-primera-vez-en-la-historia-una-cientifica-argentina-liderara-la-organizacion-meteorologica-mundial\\\/#breadcrumb\",\"itemListElement\":[{\"@type\":\"ListItem\",\"position\":1,\"name\":\"Portada\",\"item\":\"https:\\\/\\\/diariotextual.com\\\/inicio\\\/\"},{\"@type\":\"ListItem\",\"position\":2,\"name\":\"Por primera vez en la historia, una cient\u00edfica argentina liderar\u00e1 la Organizaci\u00f3n Meteorol\u00f3gica Mundial\"}]},{\"@type\":\"WebSite\",\"@id\":\"https:\\\/\\\/diariotextual.com\\\/inicio\\\/#website\",\"url\":\"https:\\\/\\\/diariotextual.com\\\/inicio\\\/\",\"name\":\"Diario Textual\",\"description\":\"\",\"publisher\":{\"@id\":\"https:\\\/\\\/diariotextual.com\\\/inicio\\\/#organization\"},\"potentialAction\":[{\"@type\":\"SearchAction\",\"target\":{\"@type\":\"EntryPoint\",\"urlTemplate\":\"https:\\\/\\\/diariotextual.com\\\/inicio\\\/?s={search_term_string}\"},\"query-input\":{\"@type\":\"PropertyValueSpecification\",\"valueRequired\":true,\"valueName\":\"search_term_string\"}}],\"inLanguage\":\"es\"},{\"@type\":\"Organization\",\"@id\":\"https:\\\/\\\/diariotextual.com\\\/inicio\\\/#organization\",\"name\":\"Diario Textual\",\"url\":\"https:\\\/\\\/diariotextual.com\\\/inicio\\\/\",\"logo\":{\"@type\":\"ImageObject\",\"inLanguage\":\"es\",\"@id\":\"https:\\\/\\\/diariotextual.com\\\/inicio\\\/#\\\/schema\\\/logo\\\/image\\\/\",\"url\":\"https:\\\/\\\/diariotextual.com\\\/inicio\\\/wp-content\\\/uploads\\\/2023\\\/05\\\/logotextual1.jpg\",\"contentUrl\":\"https:\\\/\\\/diariotextual.com\\\/inicio\\\/wp-content\\\/uploads\\\/2023\\\/05\\\/logotextual1.jpg\",\"width\":516,\"height\":76,\"caption\":\"Diario Textual\"},\"image\":{\"@id\":\"https:\\\/\\\/diariotextual.com\\\/inicio\\\/#\\\/schema\\\/logo\\\/image\\\/\"},\"sameAs\":[\"https:\\\/\\\/www.facebook.com\\\/eltextual\",\"https:\\\/\\\/x.com\\\/eltextual\",\"http:\\\/\\\/www.instagram.com\\\/eltextual\"]},{\"@type\":\"Person\",\"@id\":\"https:\\\/\\\/diariotextual.com\\\/inicio\\\/#\\\/schema\\\/person\\\/694f60677f23c4a530867a98f22b3768\",\"name\":\"diario2\",\"image\":{\"@type\":\"ImageObject\",\"inLanguage\":\"es\",\"@id\":\"https:\\\/\\\/secure.gravatar.com\\\/avatar\\\/5a2567495ba16b852fcd8f1ed006a2e24fcace936018ed8237e95f488ad6e0a7?s=96&d=mm&r=g\",\"url\":\"https:\\\/\\\/secure.gravatar.com\\\/avatar\\\/5a2567495ba16b852fcd8f1ed006a2e24fcace936018ed8237e95f488ad6e0a7?s=96&d=mm&r=g\",\"contentUrl\":\"https:\\\/\\\/secure.gravatar.com\\\/avatar\\\/5a2567495ba16b852fcd8f1ed006a2e24fcace936018ed8237e95f488ad6e0a7?s=96&d=mm&r=g\",\"caption\":\"diario2\"},\"url\":\"https:\\\/\\\/diariotextual.com\\\/inicio\\\/index.php\\\/author\\\/diario2\\\/\"}]}<\/script>\n<!-- \/ Yoast SEO plugin. -->","yoast_head_json":{"title":"Por primera vez en la historia, una cient\u00edfica argentina liderar\u00e1 la Organizaci\u00f3n Meteorol\u00f3gica Mundial - Diario Textual","robots":{"index":"index","follow":"follow","max-snippet":"max-snippet:-1","max-image-preview":"max-image-preview:large","max-video-preview":"max-video-preview:-1"},"canonical":"https:\/\/diariotextual.com\/inicio\/index.php\/2023\/06\/02\/por-primera-vez-en-la-historia-una-cientifica-argentina-liderara-la-organizacion-meteorologica-mundial\/","og_locale":"es_ES","og_type":"article","og_title":"Por primera vez en la historia, una cient\u00edfica argentina liderar\u00e1 la Organizaci\u00f3n Meteorol\u00f3gica Mundial - Diario Textual","og_description":"La cient\u00edfica argentina y directora del Servicio Meteorol\u00f3gico Nacional, Celeste Saulo, result\u00f3 electa para ocupar la posici\u00f3n m\u00e1s alta en la Organizaci\u00f3n Meteorol\u00f3gica Mundial, el organismo de Naciones Unidas dedicado&hellip;","og_url":"https:\/\/diariotextual.com\/inicio\/index.php\/2023\/06\/02\/por-primera-vez-en-la-historia-una-cientifica-argentina-liderara-la-organizacion-meteorologica-mundial\/","og_site_name":"Diario Textual","article_publisher":"https:\/\/www.facebook.com\/eltextual","article_published_time":"2023-06-02T17:21:41+00:00","article_modified_time":"2023-06-02T21:59:47+00:00","og_image":[{"width":900,"height":506,"url":"https:\/\/diariotextual.com\/inicio\/wp-content\/uploads\/2023\/06\/saulocelestesmn20233.jpg","type":"image\/jpeg"}],"author":"diario2","twitter_card":"summary_large_image","twitter_creator":"@eltextual","twitter_site":"@eltextual","twitter_misc":{"Escrito por":"diario2","Tiempo de lectura":"2 minutos"},"schema":{"@context":"https:\/\/schema.org","@graph":[{"@type":"Article","@id":"https:\/\/diariotextual.com\/inicio\/index.php\/2023\/06\/02\/por-primera-vez-en-la-historia-una-cientifica-argentina-liderara-la-organizacion-meteorologica-mundial\/#article","isPartOf":{"@id":"https:\/\/diariotextual.com\/inicio\/index.php\/2023\/06\/02\/por-primera-vez-en-la-historia-una-cientifica-argentina-liderara-la-organizacion-meteorologica-mundial\/"},"author":{"name":"diario2","@id":"https:\/\/diariotextual.com\/inicio\/#\/schema\/person\/694f60677f23c4a530867a98f22b3768"},"headline":"Por primera vez en la historia, una cient\u00edfica argentina liderar\u00e1 la Organizaci\u00f3n Meteorol\u00f3gica Mundial","datePublished":"2023-06-02T17:21:41+00:00","dateModified":"2023-06-02T21:59:47+00:00","mainEntityOfPage":{"@id":"https:\/\/diariotextual.com\/inicio\/index.php\/2023\/06\/02\/por-primera-vez-en-la-historia-una-cientifica-argentina-liderara-la-organizacion-meteorologica-mundial\/"},"wordCount":283,"publisher":{"@id":"https:\/\/diariotextual.com\/inicio\/#organization"},"image":{"@id":"https:\/\/diariotextual.com\/inicio\/index.php\/2023\/06\/02\/por-primera-vez-en-la-historia-una-cientifica-argentina-liderara-la-organizacion-meteorologica-mundial\/#primaryimage"},"thumbnailUrl":"https:\/\/diariotextual.com\/inicio\/wp-content\/uploads\/2023\/06\/saulocelestesmn20233.jpg","articleSection":["A - ES NOTICIA (van abajo)","SOCIEDAD"],"inLanguage":"es"},{"@type":"WebPage","@id":"https:\/\/diariotextual.com\/inicio\/index.php\/2023\/06\/02\/por-primera-vez-en-la-historia-una-cientifica-argentina-liderara-la-organizacion-meteorologica-mundial\/","url":"https:\/\/diariotextual.com\/inicio\/index.php\/2023\/06\/02\/por-primera-vez-en-la-historia-una-cientifica-argentina-liderara-la-organizacion-meteorologica-mundial\/","name":"Por primera vez en la historia, una cient\u00edfica argentina liderar\u00e1 la Organizaci\u00f3n Meteorol\u00f3gica Mundial - Diario Textual","isPartOf":{"@id":"https:\/\/diariotextual.com\/inicio\/#website"},"primaryImageOfPage":{"@id":"https:\/\/diariotextual.com\/inicio\/index.php\/2023\/06\/02\/por-primera-vez-en-la-historia-una-cientifica-argentina-liderara-la-organizacion-meteorologica-mundial\/#primaryimage"},"image":{"@id":"https:\/\/diariotextual.com\/inicio\/index.php\/2023\/06\/02\/por-primera-vez-en-la-historia-una-cientifica-argentina-liderara-la-organizacion-meteorologica-mundial\/#primaryimage"},"thumbnailUrl":"https:\/\/diariotextual.com\/inicio\/wp-content\/uploads\/2023\/06\/saulocelestesmn20233.jpg","datePublished":"2023-06-02T17:21:41+00:00","dateModified":"2023-06-02T21:59:47+00:00","breadcrumb":{"@id":"https:\/\/diariotextual.com\/inicio\/index.php\/2023\/06\/02\/por-primera-vez-en-la-historia-una-cientifica-argentina-liderara-la-organizacion-meteorologica-mundial\/#breadcrumb"},"inLanguage":"es","potentialAction":[{"@type":"ReadAction","target":["https:\/\/diariotextual.com\/inicio\/index.php\/2023\/06\/02\/por-primera-vez-en-la-historia-una-cientifica-argentina-liderara-la-organizacion-meteorologica-mundial\/"]}]},{"@type":"ImageObject","inLanguage":"es","@id":"https:\/\/diariotextual.com\/inicio\/index.php\/2023\/06\/02\/por-primera-vez-en-la-historia-una-cientifica-argentina-liderara-la-organizacion-meteorologica-mundial\/#primaryimage","url":"https:\/\/diariotextual.com\/inicio\/wp-content\/uploads\/2023\/06\/saulocelestesmn20233.jpg","contentUrl":"https:\/\/diariotextual.com\/inicio\/wp-content\/uploads\/2023\/06\/saulocelestesmn20233.jpg","width":900,"height":506},{"@type":"BreadcrumbList","@id":"https:\/\/diariotextual.com\/inicio\/index.php\/2023\/06\/02\/por-primera-vez-en-la-historia-una-cientifica-argentina-liderara-la-organizacion-meteorologica-mundial\/#breadcrumb","itemListElement":[{"@type":"ListItem","position":1,"name":"Portada","item":"https:\/\/diariotextual.com\/inicio\/"},{"@type":"ListItem","position":2,"name":"Por primera vez en la historia, una cient\u00edfica argentina liderar\u00e1 la Organizaci\u00f3n Meteorol\u00f3gica Mundial"}]},{"@type":"WebSite","@id":"https:\/\/diariotextual.com\/inicio\/#website","url":"https:\/\/diariotextual.com\/inicio\/","name":"Diario Textual","description":"","publisher":{"@id":"https:\/\/diariotextual.com\/inicio\/#organization"},"potentialAction":[{"@type":"SearchAction","target":{"@type":"EntryPoint","urlTemplate":"https:\/\/diariotextual.com\/inicio\/?s={search_term_string}"},"query-input":{"@type":"PropertyValueSpecification","valueRequired":true,"valueName":"search_term_string"}}],"inLanguage":"es"},{"@type":"Organization","@id":"https:\/\/diariotextual.com\/inicio\/#organization","name":"Diario Textual","url":"https:\/\/diariotextual.com\/inicio\/","logo":{"@type":"ImageObject","inLanguage":"es","@id":"https:\/\/diariotextual.com\/inicio\/#\/schema\/logo\/image\/","url":"https:\/\/diariotextual.com\/inicio\/wp-content\/uploads\/2023\/05\/logotextual1.jpg","contentUrl":"https:\/\/diariotextual.com\/inicio\/wp-content\/uploads\/2023\/05\/logotextual1.jpg","width":516,"height":76,"caption":"Diario Textual"},"image":{"@id":"https:\/\/diariotextual.com\/inicio\/#\/schema\/logo\/image\/"},"sameAs":["https:\/\/www.facebook.com\/eltextual","https:\/\/x.com\/eltextual","http:\/\/www.instagram.com\/eltextual"]},{"@type":"Person","@id":"https:\/\/diariotextual.com\/inicio\/#\/schema\/person\/694f60677f23c4a530867a98f22b3768","name":"diario2","image":{"@type":"ImageObject","inLanguage":"es","@id":"https:\/\/secure.gravatar.com\/avatar\/5a2567495ba16b852fcd8f1ed006a2e24fcace936018ed8237e95f488ad6e0a7?s=96&d=mm&r=g","url":"https:\/\/secure.gravatar.com\/avatar\/5a2567495ba16b852fcd8f1ed006a2e24fcace936018ed8237e95f488ad6e0a7?s=96&d=mm&r=g","contentUrl":"https:\/\/secure.gravatar.com\/avatar\/5a2567495ba16b852fcd8f1ed006a2e24fcace936018ed8237e95f488ad6e0a7?s=96&d=mm&r=g","caption":"diario2"},"url":"https:\/\/diariotextual.com\/inicio\/index.php\/author\/diario2\/"}]}},"_links":{"self":[{"href":"https:\/\/diariotextual.com\/inicio\/index.php\/wp-json\/wp\/v2\/posts\/227351","targetHints":{"allow":["GET"]}}],"collection":[{"href":"https:\/\/diariotextual.com\/inicio\/index.php\/wp-json\/wp\/v2\/posts"}],"about":[{"href":"https:\/\/diariotextual.com\/inicio\/index.php\/wp-json\/wp\/v2\/types\/post"}],"author":[{"embeddable":true,"href":"https:\/\/diariotextual.com\/inicio\/index.php\/wp-json\/wp\/v2\/users\/4"}],"replies":[{"embeddable":true,"href":"https:\/\/diariotextual.com\/inicio\/index.php\/wp-json\/wp\/v2\/comments?post=227351"}],"version-history":[{"count":1,"href":"https:\/\/diariotextual.com\/inicio\/index.php\/wp-json\/wp\/v2\/posts\/227351\/revisions"}],"predecessor-version":[{"id":227352,"href":"https:\/\/diariotextual.com\/inicio\/index.php\/wp-json\/wp\/v2\/posts\/227351\/revisions\/227352"}],"wp:featuredmedia":[{"embeddable":true,"href":"https:\/\/diariotextual.com\/inicio\/index.php\/wp-json\/wp\/v2\/media\/227353"}],"wp:attachment":[{"href":"https:\/\/diariotextual.com\/inicio\/index.php\/wp-json\/wp\/v2\/media?parent=227351"}],"wp:term":[{"taxonomy":"category","embeddable":true,"href":"https:\/\/diariotextual.com\/inicio\/index.php\/wp-json\/wp\/v2\/categories?post=227351"},{"taxonomy":"post_tag","embeddable":true,"href":"https:\/\/diariotextual.com\/inicio\/index.php\/wp-json\/wp\/v2\/tags?post=227351"}],"curies":[{"name":"wp","href":"https:\/\/api.w.org\/{rel}","templated":true}]}}