{"id":227354,"date":"2023-06-02T14:47:33","date_gmt":"2023-06-02T17:47:33","guid":{"rendered":"https:\/\/diariotextual.com\/inicio\/?p=227354"},"modified":"2023-06-02T14:47:35","modified_gmt":"2023-06-02T17:47:35","slug":"con-actividades-en-todo-el-pais-se-realiza-la-9-edicion-de-niunamenos","status":"publish","type":"post","link":"https:\/\/diariotextual.com\/inicio\/index.php\/2023\/06\/02\/con-actividades-en-todo-el-pais-se-realiza-la-9-edicion-de-niunamenos\/","title":{"rendered":"Con actividades en todo el pa\u00eds se realiza la 9\u00b0 edici\u00f3n de NiUnaMenos"},"content":{"rendered":"\n<p>La novena edici\u00f3n de la movilizaci\u00f3n Ni una Menos se llevar\u00e1 a cabo este s\u00e1bado bajo el lema <strong>\u201cVivas, libres y desendeudadas nos queremos. Con este Poder Judicial no hay Ni Una Menos\u201d<\/strong>, en reclamo por los femicidios que siguen impunes, de una reforma judicial y para pronunciarse en contra de las violencias por cuestiones de g\u00e9nero.<br><br>En este marco, adem\u00e1s del acto central que tendr\u00e1 lugar en el Congreso Nacional se desarrollar\u00e1n actividades en todo el pa\u00eds.<br><br>En la ciudad de Buenos Aires, la jornada comenzar\u00e1 a las 10 en la Plaza Lavalle, en donde organizaciones que luchan por los derechos de las familias monomarentales llevar\u00e1n a cabo una intervenci\u00f3n para visibilizar la falta de cumplimiento de la cuota alimentaria.<br><br>Desde las 12 en Plaza de Mayo se concentrar\u00e1 la Asamblea de Familias Victimas de Femicidios y Desapariciones, haciendo hincapi\u00e9 en el pedido de justicia tras el asesinato de la periodista correntina Griselda Blanco.<br><br>En tanto, tambi\u00e9n desde las 10, frente al Congreso de la Naci\u00f3n Familiares Atravesados por el Femicidio realizar\u00e1n una performance y concentrar\u00e1n distintas organizaciones pol\u00edticas, sociales y colectivos feministas (en los alrededores) a la espera de la lectura del documento central, prevista para las 16, actividad seguida con el cierre de jornada a cargo de la banda Sudor Marika.<br><br>La actriz Thelma Fardin confirm\u00f3 a T\u00e9lam que acompa\u00f1ar\u00e1 las distintas actividades que se realizar\u00e1n durante la jornada.<br><br>Organizaciones como la Corriente Clasista y Combativa (CCC), Movimiento Evita, Marea Feminismo Popular y Somos Barrios de Pie concentrar\u00e1n a las 13 en Avenida de Mayo y Salta; mientras que el Frente Milagro Sala convoc\u00f3 a las 12 en avenida Belgrano y 9 de Julio, para movilizar hacia el Congreso.<br><br>En tanto, organizaciones de izquierda lo har\u00e1n a las 13.30 en Avenida de Mayo y 9 de julio, desde donde marchar\u00e1n hacia la Plaza de Mayo.<br><br>Este a\u00f1o, la consigna general de Ni Una Menos, consensuada a lo largo de tres jornadas que tuvieron lugar en la sede de la Central de Trabajadores de la Argentina (CTA), en el Barrio Padre Carlos Mugica (exVilla 31) y en Plaza Constituci\u00f3n, es \u201cVivas, libres y desendeudadas nos queremos. Con este Poder Judicial no hay Ni Una Menos\u201d.<br><br>\u201cPonemos de relieve que necesitamos autonom\u00eda econ\u00f3mica, que se est\u00e1 priorizando el pago de la deuda externa antes que nuestras demandas y que hay un eje muy importante en la violencia econ\u00f3mica que vienen denunciando las compa\u00f1eras\u201d, explic\u00f3 a T\u00e9lam Luci Caballero, integrante del colectivo.<br><br>Esta violencia se representa en \u201cel no reconocimiento del trabajo comunitario, la falta de acceso a la vivienda, las bajas compulsivas del Potenciar Trabajo, pero tambi\u00e9n en el incumplimiento de la cuota alimentaria que genera que quienes tienen que sostener la econom\u00eda dom\u00e9stica est\u00e9n endeudadas para vivir\u201d, ampli\u00f3.<br><br>\u201cPor eso tambi\u00e9n la consigna contra la deuda: tanto la externa, como el mandato de endeudarse para vivir\u201d, apunt\u00f3, y destac\u00f3 que a lo largo de las asambleas de cara al s\u00e1bado 3 de junio (3J), el reclamo por una \u201creforma judicial feminista\u201d tuvo una amplia adhesi\u00f3n.<br><br>\u201cResaltamos el car\u00e1cter patriarcal, racista y mis\u00f3gino del Poder Judicial que revictimiza a quienes denuncian violencia de g\u00e9nero y criminaliza la participaci\u00f3n pol\u00edtica de las mujeres, particularmente de las presas mapuche, presas por defender el territorio, y la no investigaci\u00f3n del intento de femimagnicidio de la vicepresidenta\u201d, indic\u00f3 Caballero.<\/p>\n","protected":false},"excerpt":{"rendered":"<p>La novena edici\u00f3n de la movilizaci\u00f3n Ni una Menos se llevar\u00e1 a cabo este s\u00e1bado bajo el lema \u201cVivas, libres y desendeudadas nos queremos. Con este Poder Judicial no hay&hellip;<\/p>\n","protected":false},"author":4,"featured_media":41880,"comment_status":"closed","ping_status":"open","sticky":false,"template":"","format":"standard","meta":{"_acf_changed":false,"footnotes":""},"categories":[1,12],"tags":[2154],"class_list":["post-227354","post","type-post","status-publish","format-standard","has-post-thumbnail","hentry","category-es-noticia","category-sociedad","tag-niunamenos"],"acf":[],"yoast_head":"<!-- This site is optimized with the Yoast SEO plugin v27.5 - https:\/\/yoast.com\/product\/yoast-seo-wordpress\/ -->\n<title>Con actividades en todo el pa\u00eds se realiza la 9\u00b0 edici\u00f3n de NiUnaMenos - Diario Textual<\/title>\n<meta name=\"robots\" content=\"index, follow, max-snippet:-1, max-image-preview:large, max-video-preview:-1\" \/>\n<link rel=\"canonical\" href=\"https:\/\/diariotextual.com\/inicio\/index.php\/2023\/06\/02\/con-actividades-en-todo-el-pais-se-realiza-la-9-edicion-de-niunamenos\/\" \/>\n<meta property=\"og:locale\" content=\"es_ES\" \/>\n<meta property=\"og:type\" content=\"article\" \/>\n<meta property=\"og:title\" content=\"Con actividades en todo el pa\u00eds se realiza la 9\u00b0 edici\u00f3n de NiUnaMenos - Diario Textual\" \/>\n<meta property=\"og:description\" content=\"La novena edici\u00f3n de la movilizaci\u00f3n Ni una Menos se llevar\u00e1 a cabo este s\u00e1bado bajo el lema \u201cVivas, libres y desendeudadas nos queremos. Con este Poder Judicial no hay&hellip;\" \/>\n<meta property=\"og:url\" content=\"https:\/\/diariotextual.com\/inicio\/index.php\/2023\/06\/02\/con-actividades-en-todo-el-pais-se-realiza-la-9-edicion-de-niunamenos\/\" \/>\n<meta property=\"og:site_name\" content=\"Diario Textual\" \/>\n<meta property=\"article:publisher\" content=\"https:\/\/www.facebook.com\/eltextual\" \/>\n<meta property=\"article:published_time\" content=\"2023-06-02T17:47:33+00:00\" \/>\n<meta property=\"article:modified_time\" content=\"2023-06-02T17:47:35+00:00\" \/>\n<meta property=\"og:image\" content=\"https:\/\/diariotextual.com\/inicio\/wp-content\/uploads\/2019\/03\/niunamenostelam0222.jpg\" \/>\n\t<meta property=\"og:image:width\" content=\"530\" \/>\n\t<meta property=\"og:image:height\" content=\"353\" \/>\n\t<meta property=\"og:image:type\" content=\"image\/jpeg\" \/>\n<meta name=\"author\" content=\"diario2\" \/>\n<meta name=\"twitter:card\" content=\"summary_large_image\" \/>\n<meta name=\"twitter:creator\" content=\"@eltextual\" \/>\n<meta name=\"twitter:site\" content=\"@eltextual\" \/>\n<meta name=\"twitter:label1\" content=\"Escrito por\" \/>\n\t<meta name=\"twitter:data1\" content=\"diario2\" \/>\n\t<meta name=\"twitter:label2\" content=\"Tiempo de lectura\" \/>\n\t<meta name=\"twitter:data2\" content=\"3 minutos\" \/>\n<script type=\"application\/ld+json\" class=\"yoast-schema-graph\">{\"@context\":\"https:\\\/\\\/schema.org\",\"@graph\":[{\"@type\":\"Article\",\"@id\":\"https:\\\/\\\/diariotextual.com\\\/inicio\\\/index.php\\\/2023\\\/06\\\/02\\\/con-actividades-en-todo-el-pais-se-realiza-la-9-edicion-de-niunamenos\\\/#article\",\"isPartOf\":{\"@id\":\"https:\\\/\\\/diariotextual.com\\\/inicio\\\/index.php\\\/2023\\\/06\\\/02\\\/con-actividades-en-todo-el-pais-se-realiza-la-9-edicion-de-niunamenos\\\/\"},\"author\":{\"name\":\"diario2\",\"@id\":\"https:\\\/\\\/diariotextual.com\\\/inicio\\\/#\\\/schema\\\/person\\\/694f60677f23c4a530867a98f22b3768\"},\"headline\":\"Con actividades en todo el pa\u00eds se realiza la 9\u00b0 edici\u00f3n de NiUnaMenos\",\"datePublished\":\"2023-06-02T17:47:33+00:00\",\"dateModified\":\"2023-06-02T17:47:35+00:00\",\"mainEntityOfPage\":{\"@id\":\"https:\\\/\\\/diariotextual.com\\\/inicio\\\/index.php\\\/2023\\\/06\\\/02\\\/con-actividades-en-todo-el-pais-se-realiza-la-9-edicion-de-niunamenos\\\/\"},\"wordCount\":599,\"publisher\":{\"@id\":\"https:\\\/\\\/diariotextual.com\\\/inicio\\\/#organization\"},\"image\":{\"@id\":\"https:\\\/\\\/diariotextual.com\\\/inicio\\\/index.php\\\/2023\\\/06\\\/02\\\/con-actividades-en-todo-el-pais-se-realiza-la-9-edicion-de-niunamenos\\\/#primaryimage\"},\"thumbnailUrl\":\"https:\\\/\\\/diariotextual.com\\\/inicio\\\/wp-content\\\/uploads\\\/2019\\\/03\\\/niunamenostelam0222.jpg\",\"keywords\":[\"niunamenos\"],\"articleSection\":[\"A - ES NOTICIA (van abajo)\",\"SOCIEDAD\"],\"inLanguage\":\"es\"},{\"@type\":\"WebPage\",\"@id\":\"https:\\\/\\\/diariotextual.com\\\/inicio\\\/index.php\\\/2023\\\/06\\\/02\\\/con-actividades-en-todo-el-pais-se-realiza-la-9-edicion-de-niunamenos\\\/\",\"url\":\"https:\\\/\\\/diariotextual.com\\\/inicio\\\/index.php\\\/2023\\\/06\\\/02\\\/con-actividades-en-todo-el-pais-se-realiza-la-9-edicion-de-niunamenos\\\/\",\"name\":\"Con actividades en todo el pa\u00eds se realiza la 9\u00b0 edici\u00f3n de NiUnaMenos - Diario Textual\",\"isPartOf\":{\"@id\":\"https:\\\/\\\/diariotextual.com\\\/inicio\\\/#website\"},\"primaryImageOfPage\":{\"@id\":\"https:\\\/\\\/diariotextual.com\\\/inicio\\\/index.php\\\/2023\\\/06\\\/02\\\/con-actividades-en-todo-el-pais-se-realiza-la-9-edicion-de-niunamenos\\\/#primaryimage\"},\"image\":{\"@id\":\"https:\\\/\\\/diariotextual.com\\\/inicio\\\/index.php\\\/2023\\\/06\\\/02\\\/con-actividades-en-todo-el-pais-se-realiza-la-9-edicion-de-niunamenos\\\/#primaryimage\"},\"thumbnailUrl\":\"https:\\\/\\\/diariotextual.com\\\/inicio\\\/wp-content\\\/uploads\\\/2019\\\/03\\\/niunamenostelam0222.jpg\",\"datePublished\":\"2023-06-02T17:47:33+00:00\",\"dateModified\":\"2023-06-02T17:47:35+00:00\",\"breadcrumb\":{\"@id\":\"https:\\\/\\\/diariotextual.com\\\/inicio\\\/index.php\\\/2023\\\/06\\\/02\\\/con-actividades-en-todo-el-pais-se-realiza-la-9-edicion-de-niunamenos\\\/#breadcrumb\"},\"inLanguage\":\"es\",\"potentialAction\":[{\"@type\":\"ReadAction\",\"target\":[\"https:\\\/\\\/diariotextual.com\\\/inicio\\\/index.php\\\/2023\\\/06\\\/02\\\/con-actividades-en-todo-el-pais-se-realiza-la-9-edicion-de-niunamenos\\\/\"]}]},{\"@type\":\"ImageObject\",\"inLanguage\":\"es\",\"@id\":\"https:\\\/\\\/diariotextual.com\\\/inicio\\\/index.php\\\/2023\\\/06\\\/02\\\/con-actividades-en-todo-el-pais-se-realiza-la-9-edicion-de-niunamenos\\\/#primaryimage\",\"url\":\"https:\\\/\\\/diariotextual.com\\\/inicio\\\/wp-content\\\/uploads\\\/2019\\\/03\\\/niunamenostelam0222.jpg\",\"contentUrl\":\"https:\\\/\\\/diariotextual.com\\\/inicio\\\/wp-content\\\/uploads\\\/2019\\\/03\\\/niunamenostelam0222.jpg\",\"width\":530,\"height\":353},{\"@type\":\"BreadcrumbList\",\"@id\":\"https:\\\/\\\/diariotextual.com\\\/inicio\\\/index.php\\\/2023\\\/06\\\/02\\\/con-actividades-en-todo-el-pais-se-realiza-la-9-edicion-de-niunamenos\\\/#breadcrumb\",\"itemListElement\":[{\"@type\":\"ListItem\",\"position\":1,\"name\":\"Portada\",\"item\":\"https:\\\/\\\/diariotextual.com\\\/inicio\\\/\"},{\"@type\":\"ListItem\",\"position\":2,\"name\":\"Con actividades en todo el pa\u00eds se realiza la 9\u00b0 edici\u00f3n de NiUnaMenos\"}]},{\"@type\":\"WebSite\",\"@id\":\"https:\\\/\\\/diariotextual.com\\\/inicio\\\/#website\",\"url\":\"https:\\\/\\\/diariotextual.com\\\/inicio\\\/\",\"name\":\"Diario Textual\",\"description\":\"\",\"publisher\":{\"@id\":\"https:\\\/\\\/diariotextual.com\\\/inicio\\\/#organization\"},\"potentialAction\":[{\"@type\":\"SearchAction\",\"target\":{\"@type\":\"EntryPoint\",\"urlTemplate\":\"https:\\\/\\\/diariotextual.com\\\/inicio\\\/?s={search_term_string}\"},\"query-input\":{\"@type\":\"PropertyValueSpecification\",\"valueRequired\":true,\"valueName\":\"search_term_string\"}}],\"inLanguage\":\"es\"},{\"@type\":\"Organization\",\"@id\":\"https:\\\/\\\/diariotextual.com\\\/inicio\\\/#organization\",\"name\":\"Diario Textual\",\"url\":\"https:\\\/\\\/diariotextual.com\\\/inicio\\\/\",\"logo\":{\"@type\":\"ImageObject\",\"inLanguage\":\"es\",\"@id\":\"https:\\\/\\\/diariotextual.com\\\/inicio\\\/#\\\/schema\\\/logo\\\/image\\\/\",\"url\":\"https:\\\/\\\/diariotextual.com\\\/inicio\\\/wp-content\\\/uploads\\\/2023\\\/05\\\/logotextual1.jpg\",\"contentUrl\":\"https:\\\/\\\/diariotextual.com\\\/inicio\\\/wp-content\\\/uploads\\\/2023\\\/05\\\/logotextual1.jpg\",\"width\":516,\"height\":76,\"caption\":\"Diario Textual\"},\"image\":{\"@id\":\"https:\\\/\\\/diariotextual.com\\\/inicio\\\/#\\\/schema\\\/logo\\\/image\\\/\"},\"sameAs\":[\"https:\\\/\\\/www.facebook.com\\\/eltextual\",\"https:\\\/\\\/x.com\\\/eltextual\",\"http:\\\/\\\/www.instagram.com\\\/eltextual\"]},{\"@type\":\"Person\",\"@id\":\"https:\\\/\\\/diariotextual.com\\\/inicio\\\/#\\\/schema\\\/person\\\/694f60677f23c4a530867a98f22b3768\",\"name\":\"diario2\",\"image\":{\"@type\":\"ImageObject\",\"inLanguage\":\"es\",\"@id\":\"https:\\\/\\\/secure.gravatar.com\\\/avatar\\\/5a2567495ba16b852fcd8f1ed006a2e24fcace936018ed8237e95f488ad6e0a7?s=96&d=mm&r=g\",\"url\":\"https:\\\/\\\/secure.gravatar.com\\\/avatar\\\/5a2567495ba16b852fcd8f1ed006a2e24fcace936018ed8237e95f488ad6e0a7?s=96&d=mm&r=g\",\"contentUrl\":\"https:\\\/\\\/secure.gravatar.com\\\/avatar\\\/5a2567495ba16b852fcd8f1ed006a2e24fcace936018ed8237e95f488ad6e0a7?s=96&d=mm&r=g\",\"caption\":\"diario2\"},\"url\":\"https:\\\/\\\/diariotextual.com\\\/inicio\\\/index.php\\\/author\\\/diario2\\\/\"}]}<\/script>\n<!-- \/ Yoast SEO plugin. -->","yoast_head_json":{"title":"Con actividades en todo el pa\u00eds se realiza la 9\u00b0 edici\u00f3n de NiUnaMenos - Diario Textual","robots":{"index":"index","follow":"follow","max-snippet":"max-snippet:-1","max-image-preview":"max-image-preview:large","max-video-preview":"max-video-preview:-1"},"canonical":"https:\/\/diariotextual.com\/inicio\/index.php\/2023\/06\/02\/con-actividades-en-todo-el-pais-se-realiza-la-9-edicion-de-niunamenos\/","og_locale":"es_ES","og_type":"article","og_title":"Con actividades en todo el pa\u00eds se realiza la 9\u00b0 edici\u00f3n de NiUnaMenos - Diario Textual","og_description":"La novena edici\u00f3n de la movilizaci\u00f3n Ni una Menos se llevar\u00e1 a cabo este s\u00e1bado bajo el lema \u201cVivas, libres y desendeudadas nos queremos. Con este Poder Judicial no hay&hellip;","og_url":"https:\/\/diariotextual.com\/inicio\/index.php\/2023\/06\/02\/con-actividades-en-todo-el-pais-se-realiza-la-9-edicion-de-niunamenos\/","og_site_name":"Diario Textual","article_publisher":"https:\/\/www.facebook.com\/eltextual","article_published_time":"2023-06-02T17:47:33+00:00","article_modified_time":"2023-06-02T17:47:35+00:00","og_image":[{"width":530,"height":353,"url":"https:\/\/diariotextual.com\/inicio\/wp-content\/uploads\/2019\/03\/niunamenostelam0222.jpg","type":"image\/jpeg"}],"author":"diario2","twitter_card":"summary_large_image","twitter_creator":"@eltextual","twitter_site":"@eltextual","twitter_misc":{"Escrito por":"diario2","Tiempo de lectura":"3 minutos"},"schema":{"@context":"https:\/\/schema.org","@graph":[{"@type":"Article","@id":"https:\/\/diariotextual.com\/inicio\/index.php\/2023\/06\/02\/con-actividades-en-todo-el-pais-se-realiza-la-9-edicion-de-niunamenos\/#article","isPartOf":{"@id":"https:\/\/diariotextual.com\/inicio\/index.php\/2023\/06\/02\/con-actividades-en-todo-el-pais-se-realiza-la-9-edicion-de-niunamenos\/"},"author":{"name":"diario2","@id":"https:\/\/diariotextual.com\/inicio\/#\/schema\/person\/694f60677f23c4a530867a98f22b3768"},"headline":"Con actividades en todo el pa\u00eds se realiza la 9\u00b0 edici\u00f3n de NiUnaMenos","datePublished":"2023-06-02T17:47:33+00:00","dateModified":"2023-06-02T17:47:35+00:00","mainEntityOfPage":{"@id":"https:\/\/diariotextual.com\/inicio\/index.php\/2023\/06\/02\/con-actividades-en-todo-el-pais-se-realiza-la-9-edicion-de-niunamenos\/"},"wordCount":599,"publisher":{"@id":"https:\/\/diariotextual.com\/inicio\/#organization"},"image":{"@id":"https:\/\/diariotextual.com\/inicio\/index.php\/2023\/06\/02\/con-actividades-en-todo-el-pais-se-realiza-la-9-edicion-de-niunamenos\/#primaryimage"},"thumbnailUrl":"https:\/\/diariotextual.com\/inicio\/wp-content\/uploads\/2019\/03\/niunamenostelam0222.jpg","keywords":["niunamenos"],"articleSection":["A - ES NOTICIA (van abajo)","SOCIEDAD"],"inLanguage":"es"},{"@type":"WebPage","@id":"https:\/\/diariotextual.com\/inicio\/index.php\/2023\/06\/02\/con-actividades-en-todo-el-pais-se-realiza-la-9-edicion-de-niunamenos\/","url":"https:\/\/diariotextual.com\/inicio\/index.php\/2023\/06\/02\/con-actividades-en-todo-el-pais-se-realiza-la-9-edicion-de-niunamenos\/","name":"Con actividades en todo el pa\u00eds se realiza la 9\u00b0 edici\u00f3n de NiUnaMenos - Diario Textual","isPartOf":{"@id":"https:\/\/diariotextual.com\/inicio\/#website"},"primaryImageOfPage":{"@id":"https:\/\/diariotextual.com\/inicio\/index.php\/2023\/06\/02\/con-actividades-en-todo-el-pais-se-realiza-la-9-edicion-de-niunamenos\/#primaryimage"},"image":{"@id":"https:\/\/diariotextual.com\/inicio\/index.php\/2023\/06\/02\/con-actividades-en-todo-el-pais-se-realiza-la-9-edicion-de-niunamenos\/#primaryimage"},"thumbnailUrl":"https:\/\/diariotextual.com\/inicio\/wp-content\/uploads\/2019\/03\/niunamenostelam0222.jpg","datePublished":"2023-06-02T17:47:33+00:00","dateModified":"2023-06-02T17:47:35+00:00","breadcrumb":{"@id":"https:\/\/diariotextual.com\/inicio\/index.php\/2023\/06\/02\/con-actividades-en-todo-el-pais-se-realiza-la-9-edicion-de-niunamenos\/#breadcrumb"},"inLanguage":"es","potentialAction":[{"@type":"ReadAction","target":["https:\/\/diariotextual.com\/inicio\/index.php\/2023\/06\/02\/con-actividades-en-todo-el-pais-se-realiza-la-9-edicion-de-niunamenos\/"]}]},{"@type":"ImageObject","inLanguage":"es","@id":"https:\/\/diariotextual.com\/inicio\/index.php\/2023\/06\/02\/con-actividades-en-todo-el-pais-se-realiza-la-9-edicion-de-niunamenos\/#primaryimage","url":"https:\/\/diariotextual.com\/inicio\/wp-content\/uploads\/2019\/03\/niunamenostelam0222.jpg","contentUrl":"https:\/\/diariotextual.com\/inicio\/wp-content\/uploads\/2019\/03\/niunamenostelam0222.jpg","width":530,"height":353},{"@type":"BreadcrumbList","@id":"https:\/\/diariotextual.com\/inicio\/index.php\/2023\/06\/02\/con-actividades-en-todo-el-pais-se-realiza-la-9-edicion-de-niunamenos\/#breadcrumb","itemListElement":[{"@type":"ListItem","position":1,"name":"Portada","item":"https:\/\/diariotextual.com\/inicio\/"},{"@type":"ListItem","position":2,"name":"Con actividades en todo el pa\u00eds se realiza la 9\u00b0 edici\u00f3n de NiUnaMenos"}]},{"@type":"WebSite","@id":"https:\/\/diariotextual.com\/inicio\/#website","url":"https:\/\/diariotextual.com\/inicio\/","name":"Diario Textual","description":"","publisher":{"@id":"https:\/\/diariotextual.com\/inicio\/#organization"},"potentialAction":[{"@type":"SearchAction","target":{"@type":"EntryPoint","urlTemplate":"https:\/\/diariotextual.com\/inicio\/?s={search_term_string}"},"query-input":{"@type":"PropertyValueSpecification","valueRequired":true,"valueName":"search_term_string"}}],"inLanguage":"es"},{"@type":"Organization","@id":"https:\/\/diariotextual.com\/inicio\/#organization","name":"Diario Textual","url":"https:\/\/diariotextual.com\/inicio\/","logo":{"@type":"ImageObject","inLanguage":"es","@id":"https:\/\/diariotextual.com\/inicio\/#\/schema\/logo\/image\/","url":"https:\/\/diariotextual.com\/inicio\/wp-content\/uploads\/2023\/05\/logotextual1.jpg","contentUrl":"https:\/\/diariotextual.com\/inicio\/wp-content\/uploads\/2023\/05\/logotextual1.jpg","width":516,"height":76,"caption":"Diario Textual"},"image":{"@id":"https:\/\/diariotextual.com\/inicio\/#\/schema\/logo\/image\/"},"sameAs":["https:\/\/www.facebook.com\/eltextual","https:\/\/x.com\/eltextual","http:\/\/www.instagram.com\/eltextual"]},{"@type":"Person","@id":"https:\/\/diariotextual.com\/inicio\/#\/schema\/person\/694f60677f23c4a530867a98f22b3768","name":"diario2","image":{"@type":"ImageObject","inLanguage":"es","@id":"https:\/\/secure.gravatar.com\/avatar\/5a2567495ba16b852fcd8f1ed006a2e24fcace936018ed8237e95f488ad6e0a7?s=96&d=mm&r=g","url":"https:\/\/secure.gravatar.com\/avatar\/5a2567495ba16b852fcd8f1ed006a2e24fcace936018ed8237e95f488ad6e0a7?s=96&d=mm&r=g","contentUrl":"https:\/\/secure.gravatar.com\/avatar\/5a2567495ba16b852fcd8f1ed006a2e24fcace936018ed8237e95f488ad6e0a7?s=96&d=mm&r=g","caption":"diario2"},"url":"https:\/\/diariotextual.com\/inicio\/index.php\/author\/diario2\/"}]}},"_links":{"self":[{"href":"https:\/\/diariotextual.com\/inicio\/index.php\/wp-json\/wp\/v2\/posts\/227354","targetHints":{"allow":["GET"]}}],"collection":[{"href":"https:\/\/diariotextual.com\/inicio\/index.php\/wp-json\/wp\/v2\/posts"}],"about":[{"href":"https:\/\/diariotextual.com\/inicio\/index.php\/wp-json\/wp\/v2\/types\/post"}],"author":[{"embeddable":true,"href":"https:\/\/diariotextual.com\/inicio\/index.php\/wp-json\/wp\/v2\/users\/4"}],"replies":[{"embeddable":true,"href":"https:\/\/diariotextual.com\/inicio\/index.php\/wp-json\/wp\/v2\/comments?post=227354"}],"version-history":[{"count":1,"href":"https:\/\/diariotextual.com\/inicio\/index.php\/wp-json\/wp\/v2\/posts\/227354\/revisions"}],"predecessor-version":[{"id":227355,"href":"https:\/\/diariotextual.com\/inicio\/index.php\/wp-json\/wp\/v2\/posts\/227354\/revisions\/227355"}],"wp:featuredmedia":[{"embeddable":true,"href":"https:\/\/diariotextual.com\/inicio\/index.php\/wp-json\/wp\/v2\/media\/41880"}],"wp:attachment":[{"href":"https:\/\/diariotextual.com\/inicio\/index.php\/wp-json\/wp\/v2\/media?parent=227354"}],"wp:term":[{"taxonomy":"category","embeddable":true,"href":"https:\/\/diariotextual.com\/inicio\/index.php\/wp-json\/wp\/v2\/categories?post=227354"},{"taxonomy":"post_tag","embeddable":true,"href":"https:\/\/diariotextual.com\/inicio\/index.php\/wp-json\/wp\/v2\/tags?post=227354"}],"curies":[{"name":"wp","href":"https:\/\/api.w.org\/{rel}","templated":true}]}}