{"id":227367,"date":"2023-06-02T19:20:00","date_gmt":"2023-06-02T22:20:00","guid":{"rendered":"https:\/\/diariotextual.com\/inicio\/?p=227367"},"modified":"2023-06-03T09:17:41","modified_gmt":"2023-06-03T12:17:41","slug":"comienza-la-obra-del-hospital-nivel-iv-en-la-adela","status":"publish","type":"post","link":"https:\/\/diariotextual.com\/inicio\/index.php\/2023\/06\/02\/comienza-la-obra-del-hospital-nivel-iv-en-la-adela\/","title":{"rendered":"Comienza la obra del Hospital Nivel IV en La Adela"},"content":{"rendered":"\n<p class=\"wp-block-paragraph\">Se firm\u00f3 hoy el contrato de inicio de obra para la Construcci\u00f3n Nuevo Hospital en La Adela, entre el Ministerio de Obras y Servicios P\u00fablicos de la Provincia, el municipio y las empresas constructoras, con una inversi\u00f3n de $3.323.864.786 -valor actualizados a mayo 2023- y un plazo de ejecuci\u00f3n de 730 d\u00edas.<\/p>\n\n\n\n<p class=\"wp-block-paragraph\">Hoy se firm\u00f3 el contrato para el inicio de la construcci\u00f3n en el Ministerio de Obras P\u00fablicas, con la presencia del titular del \u00e1rea, Julio Rojo, el intendente de La Adela, Juan Barrionuevo, y los representantes de la Uni\u00f3n Transitoria de Empresas (UTE), entre Innokonst S.A. y Edil.AR.<\/p>\n\n\n\n<p class=\"wp-block-paragraph\">Rojo explic\u00f3 que la licitaci\u00f3n p\u00fablica se realiz\u00f3 fines del 2022. \u201cEs una obra muy necesaria para la localidad y su zona de influencia\u201d, dijo. \u201cLa obra viene a resolver el tema de las necesidades que tiene el \u00e1rea de salud. Esa \u00e1rea es la que establece cuales son las prioridades y los requerimientos que debe tener un centro de esta magnitud. Estamos hablando de una obra de 4.300 m2, con una inversi\u00f3n de 3.300 millones de pesos, con lo cual se da la idea de la magnitud de esta obra\u201d.<\/p>\n\n\n\n<p class=\"wp-block-paragraph\">Por \u00faltimo, coment\u00f3 que una vez formalizado el contrato se realizar\u00e1n los tr\u00e1mites administrativos con sus respectivos plazos, y en el transcurso de este mes se dar\u00e1 inicio a la obra.<\/p>\n\n\n\n<figure class=\"wp-block-image size-large\"><img fetchpriority=\"high\" decoding=\"async\" width=\"1024\" height=\"602\" src=\"https:\/\/diariotextual.com\/inicio\/wp-content\/uploads\/2022\/09\/hospitallaadela6364-1024x602.jpg\" alt=\"\" class=\"wp-image-201967\" srcset=\"https:\/\/diariotextual.com\/inicio\/wp-content\/uploads\/2022\/09\/hospitallaadela6364-1024x602.jpg 1024w, https:\/\/diariotextual.com\/inicio\/wp-content\/uploads\/2022\/09\/hospitallaadela6364-300x176.jpg 300w, https:\/\/diariotextual.com\/inicio\/wp-content\/uploads\/2022\/09\/hospitallaadela6364-768x451.jpg 768w, https:\/\/diariotextual.com\/inicio\/wp-content\/uploads\/2022\/09\/hospitallaadela6364-1170x688.jpg 1170w, https:\/\/diariotextual.com\/inicio\/wp-content\/uploads\/2022\/09\/hospitallaadela6364-585x344.jpg 585w, https:\/\/diariotextual.com\/inicio\/wp-content\/uploads\/2022\/09\/hospitallaadela6364.jpg 1213w\" sizes=\"(max-width: 1024px) 100vw, 1024px\" \/><\/figure>\n\n\n\n<p class=\"wp-block-paragraph\">El intendente de La Adela, a su vez, remarc\u00f3 que esta obra como \u201cun antes y un despu\u00e9s\u201d para la localidad. \u201cEsta fue una decisi\u00f3n del actual gobernador Sergio Ziliotto, en su momento como candidato en 2019, y m\u00e1s all\u00e1 de todo, que vivimos la pandemia y todas las cuestiones en salud p\u00fablica, La Adela depende mucho de R\u00edo Colorado. Por ejemplo, si una mujer tienen que parir, lo hace en R\u00edo Colorado; una cuesti\u00f3n de adultos mayores es que est\u00e1n la mayor\u00eda con domicilio en R\u00edo Colorado, por sus temas m\u00e9dicos, si tienen que hacerse atender por una quebradura nos tenemos que trasladar a General Acha o Santa Rosa. Por eso, destac\u00f3 que esta obra, para nosotros es un antes y un despu\u00e9s\u201d, afirm\u00f3.<\/p>\n","protected":false},"excerpt":{"rendered":"<p>Se firm\u00f3 hoy el contrato de inicio de obra para la Construcci\u00f3n Nuevo Hospital en La Adela, entre el Ministerio de Obras y Servicios P\u00fablicos de la Provincia, el municipio&hellip;<\/p>\n","protected":false},"author":3,"featured_media":227369,"comment_status":"closed","ping_status":"open","sticky":false,"template":"","format":"standard","meta":{"_acf_changed":false,"footnotes":""},"categories":[1,12],"tags":[],"class_list":["post-227367","post","type-post","status-publish","format-standard","has-post-thumbnail","hentry","category-es-noticia","category-sociedad"],"acf":[],"yoast_head":"<!-- This site is optimized with the Yoast SEO plugin v28.4 - https:\/\/yoast.com\/product\/yoast-seo-wordpress\/ -->\n<title>Comienza la obra del Hospital Nivel IV en La Adela - Diario Textual<\/title>\n<meta name=\"robots\" content=\"index, follow, max-snippet:-1, max-image-preview:large, max-video-preview:-1\" \/>\n<link rel=\"canonical\" href=\"https:\/\/diariotextual.com\/inicio\/index.php\/2023\/06\/02\/comienza-la-obra-del-hospital-nivel-iv-en-la-adela\/\" \/>\n<meta property=\"og:locale\" content=\"es_ES\" \/>\n<meta property=\"og:type\" content=\"article\" \/>\n<meta property=\"og:title\" content=\"Comienza la obra del Hospital Nivel IV en La Adela - Diario Textual\" \/>\n<meta property=\"og:description\" content=\"Se firm\u00f3 hoy el contrato de inicio de obra para la Construcci\u00f3n Nuevo Hospital en La Adela, entre el Ministerio de Obras y Servicios P\u00fablicos de la Provincia, el municipio&hellip;\" \/>\n<meta property=\"og:url\" content=\"https:\/\/diariotextual.com\/inicio\/index.php\/2023\/06\/02\/comienza-la-obra-del-hospital-nivel-iv-en-la-adela\/\" \/>\n<meta property=\"og:site_name\" content=\"Diario Textual\" \/>\n<meta property=\"article:publisher\" content=\"https:\/\/www.facebook.com\/eltextual\" \/>\n<meta property=\"article:published_time\" content=\"2023-06-02T22:20:00+00:00\" \/>\n<meta property=\"article:modified_time\" content=\"2023-06-03T12:17:41+00:00\" \/>\n<meta property=\"og:image\" content=\"https:\/\/diariotextual.com\/inicio\/wp-content\/uploads\/2023\/06\/hospitallaadelafirmacontrato2023-1-scaled.jpg\" \/>\n\t<meta property=\"og:image:width\" content=\"2560\" \/>\n\t<meta property=\"og:image:height\" content=\"1707\" \/>\n\t<meta property=\"og:image:type\" content=\"image\/jpeg\" \/>\n<meta name=\"author\" content=\"Diario1 Diario1\" \/>\n<meta name=\"twitter:card\" content=\"summary_large_image\" \/>\n<meta name=\"twitter:creator\" content=\"@eltextual\" \/>\n<meta name=\"twitter:site\" content=\"@eltextual\" \/>\n<meta name=\"twitter:label1\" content=\"Escrito por\" \/>\n\t<meta name=\"twitter:data1\" content=\"Diario1 Diario1\" \/>\n\t<meta name=\"twitter:label2\" content=\"Tiempo de lectura\" \/>\n\t<meta name=\"twitter:data2\" content=\"2 minutos\" \/>\n<script type=\"application\/ld+json\" class=\"yoast-schema-graph\">{\"@context\":\"https:\\\/\\\/schema.org\",\"@graph\":[{\"@type\":\"Article\",\"@id\":\"https:\\\/\\\/diariotextual.com\\\/inicio\\\/index.php\\\/2023\\\/06\\\/02\\\/comienza-la-obra-del-hospital-nivel-iv-en-la-adela\\\/#article\",\"isPartOf\":{\"@id\":\"https:\\\/\\\/diariotextual.com\\\/inicio\\\/index.php\\\/2023\\\/06\\\/02\\\/comienza-la-obra-del-hospital-nivel-iv-en-la-adela\\\/\"},\"author\":{\"name\":\"Diario1 Diario1\",\"@id\":\"https:\\\/\\\/diariotextual.com\\\/inicio\\\/#\\\/schema\\\/person\\\/418fc4093c33e86ed41562db3508f958\"},\"headline\":\"Comienza la obra del Hospital Nivel IV en La Adela\",\"datePublished\":\"2023-06-02T22:20:00+00:00\",\"dateModified\":\"2023-06-03T12:17:41+00:00\",\"mainEntityOfPage\":{\"@id\":\"https:\\\/\\\/diariotextual.com\\\/inicio\\\/index.php\\\/2023\\\/06\\\/02\\\/comienza-la-obra-del-hospital-nivel-iv-en-la-adela\\\/\"},\"wordCount\":378,\"publisher\":{\"@id\":\"https:\\\/\\\/diariotextual.com\\\/inicio\\\/#organization\"},\"image\":{\"@id\":\"https:\\\/\\\/diariotextual.com\\\/inicio\\\/index.php\\\/2023\\\/06\\\/02\\\/comienza-la-obra-del-hospital-nivel-iv-en-la-adela\\\/#primaryimage\"},\"thumbnailUrl\":\"https:\\\/\\\/diariotextual.com\\\/inicio\\\/wp-content\\\/uploads\\\/2023\\\/06\\\/hospitallaadelafirmacontrato2023-1-scaled.jpg\",\"articleSection\":[\"A - ES NOTICIA (van abajo)\",\"SOCIEDAD\"],\"inLanguage\":\"es\"},{\"@type\":\"WebPage\",\"@id\":\"https:\\\/\\\/diariotextual.com\\\/inicio\\\/index.php\\\/2023\\\/06\\\/02\\\/comienza-la-obra-del-hospital-nivel-iv-en-la-adela\\\/\",\"url\":\"https:\\\/\\\/diariotextual.com\\\/inicio\\\/index.php\\\/2023\\\/06\\\/02\\\/comienza-la-obra-del-hospital-nivel-iv-en-la-adela\\\/\",\"name\":\"Comienza la obra del Hospital Nivel IV en La Adela - Diario Textual\",\"isPartOf\":{\"@id\":\"https:\\\/\\\/diariotextual.com\\\/inicio\\\/#website\"},\"primaryImageOfPage\":{\"@id\":\"https:\\\/\\\/diariotextual.com\\\/inicio\\\/index.php\\\/2023\\\/06\\\/02\\\/comienza-la-obra-del-hospital-nivel-iv-en-la-adela\\\/#primaryimage\"},\"image\":{\"@id\":\"https:\\\/\\\/diariotextual.com\\\/inicio\\\/index.php\\\/2023\\\/06\\\/02\\\/comienza-la-obra-del-hospital-nivel-iv-en-la-adela\\\/#primaryimage\"},\"thumbnailUrl\":\"https:\\\/\\\/diariotextual.com\\\/inicio\\\/wp-content\\\/uploads\\\/2023\\\/06\\\/hospitallaadelafirmacontrato2023-1-scaled.jpg\",\"datePublished\":\"2023-06-02T22:20:00+00:00\",\"dateModified\":\"2023-06-03T12:17:41+00:00\",\"breadcrumb\":{\"@id\":\"https:\\\/\\\/diariotextual.com\\\/inicio\\\/index.php\\\/2023\\\/06\\\/02\\\/comienza-la-obra-del-hospital-nivel-iv-en-la-adela\\\/#breadcrumb\"},\"inLanguage\":\"es\",\"potentialAction\":[{\"@type\":\"ReadAction\",\"target\":[\"https:\\\/\\\/diariotextual.com\\\/inicio\\\/index.php\\\/2023\\\/06\\\/02\\\/comienza-la-obra-del-hospital-nivel-iv-en-la-adela\\\/\"]}]},{\"@type\":\"ImageObject\",\"inLanguage\":\"es\",\"@id\":\"https:\\\/\\\/diariotextual.com\\\/inicio\\\/index.php\\\/2023\\\/06\\\/02\\\/comienza-la-obra-del-hospital-nivel-iv-en-la-adela\\\/#primaryimage\",\"url\":\"https:\\\/\\\/diariotextual.com\\\/inicio\\\/wp-content\\\/uploads\\\/2023\\\/06\\\/hospitallaadelafirmacontrato2023-1-scaled.jpg\",\"contentUrl\":\"https:\\\/\\\/diariotextual.com\\\/inicio\\\/wp-content\\\/uploads\\\/2023\\\/06\\\/hospitallaadelafirmacontrato2023-1-scaled.jpg\",\"width\":2560,\"height\":1707},{\"@type\":\"BreadcrumbList\",\"@id\":\"https:\\\/\\\/diariotextual.com\\\/inicio\\\/index.php\\\/2023\\\/06\\\/02\\\/comienza-la-obra-del-hospital-nivel-iv-en-la-adela\\\/#breadcrumb\",\"itemListElement\":[{\"@type\":\"ListItem\",\"position\":1,\"name\":\"Portada\",\"item\":\"https:\\\/\\\/diariotextual.com\\\/inicio\\\/\"},{\"@type\":\"ListItem\",\"position\":2,\"name\":\"Comienza la obra del Hospital Nivel IV en La Adela\"}]},{\"@type\":\"WebSite\",\"@id\":\"https:\\\/\\\/diariotextual.com\\\/inicio\\\/#website\",\"url\":\"https:\\\/\\\/diariotextual.com\\\/inicio\\\/\",\"name\":\"Diario Textual\",\"description\":\"\",\"publisher\":{\"@id\":\"https:\\\/\\\/diariotextual.com\\\/inicio\\\/#organization\"},\"potentialAction\":[{\"@type\":\"SearchAction\",\"target\":{\"@type\":\"EntryPoint\",\"urlTemplate\":\"https:\\\/\\\/diariotextual.com\\\/inicio\\\/?s={search_term_string}\"},\"query-input\":{\"@type\":\"PropertyValueSpecification\",\"valueRequired\":true,\"valueName\":\"search_term_string\"}}],\"inLanguage\":\"es\"},{\"@type\":\"Organization\",\"@id\":\"https:\\\/\\\/diariotextual.com\\\/inicio\\\/#organization\",\"name\":\"Diario Textual\",\"url\":\"https:\\\/\\\/diariotextual.com\\\/inicio\\\/\",\"logo\":{\"@type\":\"ImageObject\",\"inLanguage\":\"es\",\"@id\":\"https:\\\/\\\/diariotextual.com\\\/inicio\\\/#\\\/schema\\\/logo\\\/image\\\/\",\"url\":\"https:\\\/\\\/diariotextual.com\\\/inicio\\\/wp-content\\\/uploads\\\/2023\\\/05\\\/logotextual1.jpg\",\"contentUrl\":\"https:\\\/\\\/diariotextual.com\\\/inicio\\\/wp-content\\\/uploads\\\/2023\\\/05\\\/logotextual1.jpg\",\"width\":516,\"height\":76,\"caption\":\"Diario Textual\"},\"image\":{\"@id\":\"https:\\\/\\\/diariotextual.com\\\/inicio\\\/#\\\/schema\\\/logo\\\/image\\\/\"},\"sameAs\":[\"https:\\\/\\\/www.facebook.com\\\/eltextual\",\"https:\\\/\\\/x.com\\\/eltextual\",\"http:\\\/\\\/www.instagram.com\\\/eltextual\"]},{\"@type\":\"Person\",\"@id\":\"https:\\\/\\\/diariotextual.com\\\/inicio\\\/#\\\/schema\\\/person\\\/418fc4093c33e86ed41562db3508f958\",\"name\":\"Diario1 Diario1\",\"image\":{\"@type\":\"ImageObject\",\"inLanguage\":\"es\",\"@id\":\"https:\\\/\\\/secure.gravatar.com\\\/avatar\\\/9167d280179c85bc18be67aa7eda765854300033af4896dd779b608640f2ef7a?s=96&d=mm&r=g\",\"url\":\"https:\\\/\\\/secure.gravatar.com\\\/avatar\\\/9167d280179c85bc18be67aa7eda765854300033af4896dd779b608640f2ef7a?s=96&d=mm&r=g\",\"contentUrl\":\"https:\\\/\\\/secure.gravatar.com\\\/avatar\\\/9167d280179c85bc18be67aa7eda765854300033af4896dd779b608640f2ef7a?s=96&d=mm&r=g\",\"caption\":\"Diario1 Diario1\"},\"url\":\"https:\\\/\\\/diariotextual.com\\\/inicio\\\/index.php\\\/author\\\/diario1\\\/\"}]}<\/script>\n<!-- \/ Yoast SEO plugin. -->","yoast_head_json":{"title":"Comienza la obra del Hospital Nivel IV en La Adela - Diario Textual","robots":{"index":"index","follow":"follow","max-snippet":"max-snippet:-1","max-image-preview":"max-image-preview:large","max-video-preview":"max-video-preview:-1"},"canonical":"https:\/\/diariotextual.com\/inicio\/index.php\/2023\/06\/02\/comienza-la-obra-del-hospital-nivel-iv-en-la-adela\/","og_locale":"es_ES","og_type":"article","og_title":"Comienza la obra del Hospital Nivel IV en La Adela - Diario Textual","og_description":"Se firm\u00f3 hoy el contrato de inicio de obra para la Construcci\u00f3n Nuevo Hospital en La Adela, entre el Ministerio de Obras y Servicios P\u00fablicos de la Provincia, el municipio&hellip;","og_url":"https:\/\/diariotextual.com\/inicio\/index.php\/2023\/06\/02\/comienza-la-obra-del-hospital-nivel-iv-en-la-adela\/","og_site_name":"Diario Textual","article_publisher":"https:\/\/www.facebook.com\/eltextual","article_published_time":"2023-06-02T22:20:00+00:00","article_modified_time":"2023-06-03T12:17:41+00:00","og_image":[{"width":2560,"height":1707,"url":"https:\/\/diariotextual.com\/inicio\/wp-content\/uploads\/2023\/06\/hospitallaadelafirmacontrato2023-1-scaled.jpg","type":"image\/jpeg"}],"author":"Diario1 Diario1","twitter_card":"summary_large_image","twitter_creator":"@eltextual","twitter_site":"@eltextual","twitter_misc":{"Escrito por":"Diario1 Diario1","Tiempo de lectura":"2 minutos"},"schema":{"@context":"https:\/\/schema.org","@graph":[{"@type":"Article","@id":"https:\/\/diariotextual.com\/inicio\/index.php\/2023\/06\/02\/comienza-la-obra-del-hospital-nivel-iv-en-la-adela\/#article","isPartOf":{"@id":"https:\/\/diariotextual.com\/inicio\/index.php\/2023\/06\/02\/comienza-la-obra-del-hospital-nivel-iv-en-la-adela\/"},"author":{"name":"Diario1 Diario1","@id":"https:\/\/diariotextual.com\/inicio\/#\/schema\/person\/418fc4093c33e86ed41562db3508f958"},"headline":"Comienza la obra del Hospital Nivel IV en La Adela","datePublished":"2023-06-02T22:20:00+00:00","dateModified":"2023-06-03T12:17:41+00:00","mainEntityOfPage":{"@id":"https:\/\/diariotextual.com\/inicio\/index.php\/2023\/06\/02\/comienza-la-obra-del-hospital-nivel-iv-en-la-adela\/"},"wordCount":378,"publisher":{"@id":"https:\/\/diariotextual.com\/inicio\/#organization"},"image":{"@id":"https:\/\/diariotextual.com\/inicio\/index.php\/2023\/06\/02\/comienza-la-obra-del-hospital-nivel-iv-en-la-adela\/#primaryimage"},"thumbnailUrl":"https:\/\/diariotextual.com\/inicio\/wp-content\/uploads\/2023\/06\/hospitallaadelafirmacontrato2023-1-scaled.jpg","articleSection":["A - ES NOTICIA (van abajo)","SOCIEDAD"],"inLanguage":"es"},{"@type":"WebPage","@id":"https:\/\/diariotextual.com\/inicio\/index.php\/2023\/06\/02\/comienza-la-obra-del-hospital-nivel-iv-en-la-adela\/","url":"https:\/\/diariotextual.com\/inicio\/index.php\/2023\/06\/02\/comienza-la-obra-del-hospital-nivel-iv-en-la-adela\/","name":"Comienza la obra del Hospital Nivel IV en La Adela - Diario Textual","isPartOf":{"@id":"https:\/\/diariotextual.com\/inicio\/#website"},"primaryImageOfPage":{"@id":"https:\/\/diariotextual.com\/inicio\/index.php\/2023\/06\/02\/comienza-la-obra-del-hospital-nivel-iv-en-la-adela\/#primaryimage"},"image":{"@id":"https:\/\/diariotextual.com\/inicio\/index.php\/2023\/06\/02\/comienza-la-obra-del-hospital-nivel-iv-en-la-adela\/#primaryimage"},"thumbnailUrl":"https:\/\/diariotextual.com\/inicio\/wp-content\/uploads\/2023\/06\/hospitallaadelafirmacontrato2023-1-scaled.jpg","datePublished":"2023-06-02T22:20:00+00:00","dateModified":"2023-06-03T12:17:41+00:00","breadcrumb":{"@id":"https:\/\/diariotextual.com\/inicio\/index.php\/2023\/06\/02\/comienza-la-obra-del-hospital-nivel-iv-en-la-adela\/#breadcrumb"},"inLanguage":"es","potentialAction":[{"@type":"ReadAction","target":["https:\/\/diariotextual.com\/inicio\/index.php\/2023\/06\/02\/comienza-la-obra-del-hospital-nivel-iv-en-la-adela\/"]}]},{"@type":"ImageObject","inLanguage":"es","@id":"https:\/\/diariotextual.com\/inicio\/index.php\/2023\/06\/02\/comienza-la-obra-del-hospital-nivel-iv-en-la-adela\/#primaryimage","url":"https:\/\/diariotextual.com\/inicio\/wp-content\/uploads\/2023\/06\/hospitallaadelafirmacontrato2023-1-scaled.jpg","contentUrl":"https:\/\/diariotextual.com\/inicio\/wp-content\/uploads\/2023\/06\/hospitallaadelafirmacontrato2023-1-scaled.jpg","width":2560,"height":1707},{"@type":"BreadcrumbList","@id":"https:\/\/diariotextual.com\/inicio\/index.php\/2023\/06\/02\/comienza-la-obra-del-hospital-nivel-iv-en-la-adela\/#breadcrumb","itemListElement":[{"@type":"ListItem","position":1,"name":"Portada","item":"https:\/\/diariotextual.com\/inicio\/"},{"@type":"ListItem","position":2,"name":"Comienza la obra del Hospital Nivel IV en La Adela"}]},{"@type":"WebSite","@id":"https:\/\/diariotextual.com\/inicio\/#website","url":"https:\/\/diariotextual.com\/inicio\/","name":"Diario Textual","description":"","publisher":{"@id":"https:\/\/diariotextual.com\/inicio\/#organization"},"potentialAction":[{"@type":"SearchAction","target":{"@type":"EntryPoint","urlTemplate":"https:\/\/diariotextual.com\/inicio\/?s={search_term_string}"},"query-input":{"@type":"PropertyValueSpecification","valueRequired":true,"valueName":"search_term_string"}}],"inLanguage":"es"},{"@type":"Organization","@id":"https:\/\/diariotextual.com\/inicio\/#organization","name":"Diario Textual","url":"https:\/\/diariotextual.com\/inicio\/","logo":{"@type":"ImageObject","inLanguage":"es","@id":"https:\/\/diariotextual.com\/inicio\/#\/schema\/logo\/image\/","url":"https:\/\/diariotextual.com\/inicio\/wp-content\/uploads\/2023\/05\/logotextual1.jpg","contentUrl":"https:\/\/diariotextual.com\/inicio\/wp-content\/uploads\/2023\/05\/logotextual1.jpg","width":516,"height":76,"caption":"Diario Textual"},"image":{"@id":"https:\/\/diariotextual.com\/inicio\/#\/schema\/logo\/image\/"},"sameAs":["https:\/\/www.facebook.com\/eltextual","https:\/\/x.com\/eltextual","http:\/\/www.instagram.com\/eltextual"]},{"@type":"Person","@id":"https:\/\/diariotextual.com\/inicio\/#\/schema\/person\/418fc4093c33e86ed41562db3508f958","name":"Diario1 Diario1","image":{"@type":"ImageObject","inLanguage":"es","@id":"https:\/\/secure.gravatar.com\/avatar\/9167d280179c85bc18be67aa7eda765854300033af4896dd779b608640f2ef7a?s=96&d=mm&r=g","url":"https:\/\/secure.gravatar.com\/avatar\/9167d280179c85bc18be67aa7eda765854300033af4896dd779b608640f2ef7a?s=96&d=mm&r=g","contentUrl":"https:\/\/secure.gravatar.com\/avatar\/9167d280179c85bc18be67aa7eda765854300033af4896dd779b608640f2ef7a?s=96&d=mm&r=g","caption":"Diario1 Diario1"},"url":"https:\/\/diariotextual.com\/inicio\/index.php\/author\/diario1\/"}]}},"_links":{"self":[{"href":"https:\/\/diariotextual.com\/inicio\/index.php\/wp-json\/wp\/v2\/posts\/227367","targetHints":{"allow":["GET"]}}],"collection":[{"href":"https:\/\/diariotextual.com\/inicio\/index.php\/wp-json\/wp\/v2\/posts"}],"about":[{"href":"https:\/\/diariotextual.com\/inicio\/index.php\/wp-json\/wp\/v2\/types\/post"}],"author":[{"embeddable":true,"href":"https:\/\/diariotextual.com\/inicio\/index.php\/wp-json\/wp\/v2\/users\/3"}],"replies":[{"embeddable":true,"href":"https:\/\/diariotextual.com\/inicio\/index.php\/wp-json\/wp\/v2\/comments?post=227367"}],"version-history":[{"count":3,"href":"https:\/\/diariotextual.com\/inicio\/index.php\/wp-json\/wp\/v2\/posts\/227367\/revisions"}],"predecessor-version":[{"id":227372,"href":"https:\/\/diariotextual.com\/inicio\/index.php\/wp-json\/wp\/v2\/posts\/227367\/revisions\/227372"}],"wp:featuredmedia":[{"embeddable":true,"href":"https:\/\/diariotextual.com\/inicio\/index.php\/wp-json\/wp\/v2\/media\/227369"}],"wp:attachment":[{"href":"https:\/\/diariotextual.com\/inicio\/index.php\/wp-json\/wp\/v2\/media?parent=227367"}],"wp:term":[{"taxonomy":"category","embeddable":true,"href":"https:\/\/diariotextual.com\/inicio\/index.php\/wp-json\/wp\/v2\/categories?post=227367"},{"taxonomy":"post_tag","embeddable":true,"href":"https:\/\/diariotextual.com\/inicio\/index.php\/wp-json\/wp\/v2\/tags?post=227367"}],"curies":[{"name":"wp","href":"https:\/\/api.w.org\/{rel}","templated":true}]}}