{"id":227382,"date":"2023-06-02T19:51:54","date_gmt":"2023-06-02T22:51:54","guid":{"rendered":"https:\/\/diariotextual.com\/inicio\/?p=227382"},"modified":"2023-06-03T00:23:23","modified_gmt":"2023-06-03T03:23:23","slug":"con-actividades-en-todo-el-pais-se-viene-una-nueva-edicion-del-niunamenos","status":"publish","type":"post","link":"https:\/\/diariotextual.com\/inicio\/index.php\/2023\/06\/02\/con-actividades-en-todo-el-pais-se-viene-una-nueva-edicion-del-niunamenos\/","title":{"rendered":"Con actividades en todo el pa\u00eds se viene una nueva edici\u00f3n del #NiUnaMenos"},"content":{"rendered":"\n<p class=\"wp-block-paragraph\">Una nueva edici\u00f3n de la<strong> movilizaci\u00f3n Ni una Menos<\/strong> se llevar\u00e1 a cabo este s\u00e1bado <strong>bajo el lema \u00abVivas, libres y desendeudadas nos queremos. Con este Poder Judicial no hay Ni Una Menos<\/strong>\u00ab, en reclamo por los femicidios que siguen impunes, de una reforma judicial y para pronunciarse en contra de las violencias por cuestiones de g\u00e9nero.<\/p>\n\n\n\n<p class=\"wp-block-paragraph\">En <strong>Santa Rosa la convocatoria es a partir de las 16 horas en la plaza San Mart\u00edn <\/strong>y una de las organizaciones convocantes es la Mesa de Emergencia y la Multisectorial de Mujeres Sindicalistas.<\/p>\n\n\n\n<figure class=\"wp-block-image size-full\"><img fetchpriority=\"high\" decoding=\"async\" width=\"636\" height=\"900\" src=\"https:\/\/diariotextual.com\/inicio\/wp-content\/uploads\/2023\/06\/niunamenosflyerlapampa.jpg\" alt=\"\" class=\"wp-image-227383\" srcset=\"https:\/\/diariotextual.com\/inicio\/wp-content\/uploads\/2023\/06\/niunamenosflyerlapampa.jpg 636w, https:\/\/diariotextual.com\/inicio\/wp-content\/uploads\/2023\/06\/niunamenosflyerlapampa-212x300.jpg 212w, https:\/\/diariotextual.com\/inicio\/wp-content\/uploads\/2023\/06\/niunamenosflyerlapampa-585x828.jpg 585w\" sizes=\"(max-width: 636px) 100vw, 636px\" \/><\/figure>\n\n\n\n<p class=\"wp-block-paragraph\">En la ciudad de Buenos Aires, la jornada comenzar\u00e1 a las 10 en la Plaza Lavalle, en donde organizaciones que luchan por los derechos de las familias monomarentales llevar\u00e1n a cabo una intervenci\u00f3n para visibilizar la falta de cumplimiento de la cuota alimentaria.<\/p>\n\n\n\n<p class=\"wp-block-paragraph\">Desde las 12 en Plaza de Mayo se concentrar\u00e1 la Asamblea de Familias Victimas de Femicidios y Desapariciones, haciendo hincapi\u00e9 en el pedido de justicia tras el asesinato de la periodista correntina Griselda Blanco.<\/p>\n\n\n\n<p class=\"wp-block-paragraph\">Este a\u00f1o, la consigna general de Ni Una Menos, consensuada a lo largo de tres jornadas que tuvieron lugar en la sede de la Central de Trabajadores de la Argentina (CTA), en el Barrio Padre Carlos Mugica (exVilla 31) y en Plaza Constituci\u00f3n, es \u201cVivas, libres y desendeudadas nos queremos. Con este Poder Judicial no hay Ni Una Menos\u201d.<\/p>\n\n\n\n<p class=\"wp-block-paragraph\">\u201cPonemos de relieve que necesitamos autonom\u00eda econ\u00f3mica, que se est\u00e1 priorizando el pago de la deuda externa antes que nuestras demandas y que hay un eje muy importante en la violencia econ\u00f3mica que vienen denunciando las compa\u00f1eras\u201d, explic\u00f3 a T\u00e9lam Luci Caballero, integrante del colectivo.<\/p>\n\n\n\n<p class=\"wp-block-paragraph\">Esta violencia se representa en \u201cel no reconocimiento del trabajo comunitario, la falta de acceso a la vivienda, las bajas compulsivas del Potenciar Trabajo, pero tambi\u00e9n en el incumplimiento de la cuota alimentaria que genera que quienes tienen que sostener la econom\u00eda dom\u00e9stica est\u00e9n endeudadas para vivir\u201d, ampli\u00f3.<\/p>\n\n\n\n<p class=\"wp-block-paragraph\">\u201cPor eso tambi\u00e9n la consigna contra la deuda: tanto la externa, como el mandato de endeudarse para vivir\u201d, apunt\u00f3, y destac\u00f3 que a lo largo de las asambleas de cara al s\u00e1bado 3 de junio (3J), el reclamo por una \u201creforma judicial feminista\u201d tuvo una amplia adhesi\u00f3n.<\/p>\n\n\n\n<p class=\"wp-block-paragraph\">\u201cResaltamos el car\u00e1cter patriarcal, racista y mis\u00f3gino del Poder Judicial que revictimiza a quienes denuncian violencia de g\u00e9nero y criminaliza la participaci\u00f3n pol\u00edtica de las mujeres, particularmente de las presas mapuche, presas por defender el territorio, y la no investigaci\u00f3n del intento de femimagnicidio de la vicepresidenta\u201d, expres\u00f3 Caballero.<\/p>\n\n\n\n<p class=\"wp-block-paragraph\">En tanto, tambi\u00e9n desde las 10, frente al Congreso de la Naci\u00f3n Familiares Atravesados por el Femicidio realizar\u00e1n una performance y concentrar\u00e1n distintas organizaciones pol\u00edticas, sociales y colectivos feministas (en los alrededores) a la espera de la lectura del documento central, prevista para las 16, actividad seguida con el cierre de jornada a cargo de la banda Sudor Marika.<\/p>\n\n\n\n<p class=\"wp-block-paragraph\">Organizaciones como la Corriente Clasista y Combativa (CCC), Movimiento Evita, Marea Feminismo Popular y Somos Barrios de Pie concentrar\u00e1n a las 13 en Avenida de Mayo y Salta; mientras que el Frente Milagro Sala convoc\u00f3 a las 12 en avenida Belgrano y 9 de Julio, para movilizar hacia el Congreso.<\/p>\n\n\n\n<p class=\"wp-block-paragraph\">En tanto, organizaciones de izquierda lo har\u00e1n a las 13.30 en Avenida de Mayo y 9 de julio, desde donde marchar\u00e1n hacia la Plaza de Mayo.<\/p>\n\n\n\n<p class=\"wp-block-paragraph\">PROVINCIA DE BUENOS AIRES<\/p>\n\n\n\n<p class=\"wp-block-paragraph\">En La Plata, habr\u00e1 dos movilizaciones. La primera fue este viernes, encabezada por mujeres y disidencias de los partidos de izquierda con consignas que apuntan a pol\u00edticas econ\u00f3micas y sociales, mientras la segunda fue convocada por la asamblea feminista de La Plata, Berisso y Ensenada y respaldada por la administraci\u00f3n bonaerense, y se realizar\u00e1 el lunes desde el mismo parque con la consigna alineada con la convocatoria nacional \u00abVivas, libres, desendeudadas y en las calles nos queremos\u00bb.<\/p>\n\n\n\n<p class=\"wp-block-paragraph\">C\u00d3RDOBA<\/p>\n\n\n\n<p class=\"wp-block-paragraph\">En C\u00f3rdoba la Asamblea #NiUnaMenos convoc\u00f3 a marchar este viernes a las 18 desde la avenida Col\u00f3n y Ca\u00f1ada para luego desplazarse hacia V\u00e9lez Sarsfield y boulevar San Juan con la consigna de salir a las calles para dar un \u00abgrito masivo por Ni Una Menos, por los feminismos\u00bb y para \u00abseguir denunciando al Estado y los gobiernos, responsables de las violencias patriarcales que nos atraviesan\u00bb.<\/p>\n\n\n\n<p class=\"wp-block-paragraph\">SANTA FE<\/p>\n\n\n\n<p class=\"wp-block-paragraph\">En la ciudad de Santa Fe las actividades se desarrollar\u00e1n el s\u00e1bado desde las 14 en la plaza San Mart\u00edn con talleres sobre \u00abJusticia y Poder Judicial\u00bb, \u00abSalud: derechos sexuales, reproductivos y no reproductivos\u00bb, \u00abEducaci\u00f3n y ESI\u00bb, \u00abH\u00e1bitat y feminismo\u00bb, \u00abTrabajo y cuidados\u00bb y \u00abViolencia contra las mujeres y Diversidades\u00bb.<\/p>\n\n\n\n<p class=\"wp-block-paragraph\">La Asamblea Ni Una Menos local indic\u00f3 que a las 16 iniciar\u00e1 una marcha hasta la plaza 25 de Mayo, donde se realizar\u00e1 el acto central focalizado en el pedido de aparici\u00f3n con vida de M\u00f3nica Estefan\u00eda Aquino, de 29 a\u00f1os que es buscada desde el 5 de mayo y que motiv\u00f3 la apertura de una causa judicial en la que fueron detenidos su pareja, su cu\u00f1ado y la madre de ambos, investigados como coautores de explotaci\u00f3n de la prostituci\u00f3n ajena agravada.<\/p>\n\n\n\n<p class=\"wp-block-paragraph\">MENDOZA<\/p>\n\n\n\n<p class=\"wp-block-paragraph\">El colectivo Ni Una Menos de Mendoza marchar\u00e1 desde las 17 de la esquina de San Mart\u00edn y Col\u00f3n, con la consigna \u00aba ocho a\u00f1os del primer Ni Una Menos, seguimos de luto. Nos cuidamos luchando y volvemos a unirnos con fuerza en un grito colectivo\u00bb y agreg\u00f3 que \u00abel movimiento feminista de Argentina ya no va a retroceder y nuestras consignas son un tema insoslayable en todos los \u00e1mbitos.<\/p>\n\n\n\n<p class=\"wp-block-paragraph\">SANTIAGO DEL ESTERO<\/p>\n\n\n\n<p class=\"wp-block-paragraph\">En el norte del pa\u00eds, organizaciones feministas y sociales marchar\u00e1n en Santiago del Estero, este viernes, a las 17.30, desde el Ministerio P\u00fablico Fiscal hasta la plaza Libertad, donde habr\u00e1 intervenciones art\u00edsticas y lectura de documentos con \u00abdemandas que apuntan principalmente a una mayor inversi\u00f3n en materia presupuestaria pero tambi\u00e9n a la reorganizaci\u00f3n del modo de trabajo institucional\u00bb, dijo a T\u00e9lam la referente Natalia Gabellini.<\/p>\n\n\n\n<p class=\"wp-block-paragraph\">TUCUM\u00c1N<\/p>\n\n\n\n<p class=\"wp-block-paragraph\">Ni Una Menos Tucum\u00e1n convoc\u00f3 a una marcha en la Plaza Irigoyen, a las 17 del s\u00e1bado, donde habr\u00e1 una radio abierta con reclamos como \u00abfuera abusadores y violadores del poder pol\u00edtico\u00bb, \u00abBasta de femicidios, el Estado es responsable\u00bb y \u00abBasta de ajuste, fuera FMI\u00bb.<\/p>\n\n\n\n<p class=\"wp-block-paragraph\">SALTA<\/p>\n\n\n\n<p class=\"wp-block-paragraph\">El s\u00e1bado, a las 17, se har\u00e1 una concentraci\u00f3n en la plaza 9 de julio, frente al Cabildo, para marchar a las 18, por calles del centro de la ciudad con demandas, como justicia para v\u00edctimas de femicidio, basta de violencia institucional y revictimizaci\u00f3n, basta de cacer\u00eda a ni\u00f1as y mujeres en las comunidades ind\u00edgenas, entre otros reclamos.<\/p>\n\n\n\n<p class=\"wp-block-paragraph\">CHUBUT<\/p>\n\n\n\n<p class=\"wp-block-paragraph\">En la Patagonia tambi\u00e9n habr\u00e1 diversas actividades, que en el caso de Chubut se centrar\u00e1 en Comodoro Rivadavia donde la intendencia organiz\u00f3 el conversatorio \u00abJusticia, medios y redes feministas, avances y debates pendientes\u00bb y el s\u00e1bado, a las 18, se har\u00e1 una charla taller para asociaciones vecinales para el abordaje de casos de violencia de g\u00e9nero.<\/p>\n\n\n\n<p class=\"wp-block-paragraph\">TIERRA DEL FUEGO<\/p>\n\n\n\n<p class=\"wp-block-paragraph\">Las principales organizaciones feministas de Tierra del Fuego anunciaron marchas en Ushuaia y R\u00edo Grande para el s\u00e1bado en adhesi\u00f3n al movimiento Ni una menos.<\/p>\n\n\n\n<p class=\"wp-block-paragraph\">En la capital fueguina la concentraci\u00f3n se har\u00e1 a las 14.30 frente al Superior Tribunal de Justicia, con movilizaci\u00f3n hasta la esquina de las calles San Mart\u00edn y Juana Fadul, donde habr\u00e1 espect\u00e1culos art\u00edsticos, una muestra de emprendedoras y lectura de un documento.<\/p>\n\n\n\n<p class=\"wp-block-paragraph\">R\u00cdO NEGRO<\/p>\n\n\n\n<p class=\"wp-block-paragraph\">En la ciudad rionegrina de Bariloche, asociaciones feministas y autoconvocados marchar\u00e1n desde las 16 \u00abdesde la Ruca hasta el Centro C\u00edvico\u00bb, en el marco del 3J.<\/p>\n\n\n\n<p class=\"wp-block-paragraph\">NEUQU\u00c9N<\/p>\n\n\n\n<p class=\"wp-block-paragraph\">En Neuqu\u00e9n, las organizaciones feministas convocaron a marchar a las 17 desde el monumento a San Mart\u00edn \u00abcontra las violencias, el ajuste y la impunidad\u00bb.<\/p>\n\n\n\n<p class=\"wp-block-paragraph\">La referente de la agrupaci\u00f3n Pan y Rosas, Julieta Katcoff, precis\u00f3: \u201cEn los cinco meses de este a\u00f1o hubo cinco femicidios en Neuqu\u00e9n, un r\u00e9cord lamentable que pone otra vez el cuerpo de las mujeres como objeto de la falta de presupuesto por parte del Gobierno para prevenir y garantizar la atenci\u00f3n y el tratamiento de mujeres v\u00edctimas de violencia machista\u00bb.<\/p>\n\n\n\n<p class=\"wp-block-paragraph\">\u00abEstamos realmente en una situaci\u00f3n de emergencia y por eso presentamos &#8211; por segunda vez- en la Legislatura de Neuqu\u00e9n un proyecto de ley para crear un plan de emergencia contra la violencia hacia las mujeres\u00bb, sostuvo Katcoff.<\/p>\n\n\n\n<p class=\"wp-block-paragraph\">SANTA CRUZ<\/p>\n\n\n\n<p class=\"wp-block-paragraph\">En Santa Cruz, la marcha se realizar\u00e1 el s\u00e1bado a las 17:30 en R\u00edo Gallegos, donde las organizadoras dijeron que analizan la posibilidad de participar de una vigilia como en los a\u00f1os anteriores para concretar \u00abuna marcha de antorchas en la intersecci\u00f3n de Kirchner y San Mart\u00edn\u00bb en adhesi\u00f3n de \u00abun movimiento feminista de Argentina hacia el mundo\u00bb.<\/p>\n","protected":false},"excerpt":{"rendered":"<p>Una nueva edici\u00f3n de la movilizaci\u00f3n Ni una Menos se llevar\u00e1 a cabo este s\u00e1bado bajo el lema \u00abVivas, libres y desendeudadas nos queremos. Con este Poder Judicial no hay&hellip;<\/p>\n","protected":false},"author":5,"featured_media":26851,"comment_status":"closed","ping_status":"open","sticky":false,"template":"","format":"standard","meta":{"_acf_changed":false,"footnotes":""},"categories":[1,12],"tags":[490],"class_list":["post-227382","post","type-post","status-publish","format-standard","has-post-thumbnail","hentry","category-es-noticia","category-sociedad","tag-ni-una-menos"],"acf":[],"yoast_head":"<!-- This site is optimized with the Yoast SEO plugin v28.4 - https:\/\/yoast.com\/product\/yoast-seo-wordpress\/ -->\n<title>Con actividades en todo el pa\u00eds se viene una nueva edici\u00f3n del #NiUnaMenos - Diario Textual<\/title>\n<meta name=\"robots\" content=\"index, follow, max-snippet:-1, max-image-preview:large, max-video-preview:-1\" \/>\n<link rel=\"canonical\" href=\"https:\/\/diariotextual.com\/inicio\/index.php\/2023\/06\/02\/con-actividades-en-todo-el-pais-se-viene-una-nueva-edicion-del-niunamenos\/\" \/>\n<meta property=\"og:locale\" content=\"es_ES\" \/>\n<meta property=\"og:type\" content=\"article\" \/>\n<meta property=\"og:title\" content=\"Con actividades en todo el pa\u00eds se viene una nueva edici\u00f3n del #NiUnaMenos - Diario Textual\" \/>\n<meta property=\"og:description\" content=\"Una nueva edici\u00f3n de la movilizaci\u00f3n Ni una Menos se llevar\u00e1 a cabo este s\u00e1bado bajo el lema \u00abVivas, libres y desendeudadas nos queremos. Con este Poder Judicial no hay&hellip;\" \/>\n<meta property=\"og:url\" content=\"https:\/\/diariotextual.com\/inicio\/index.php\/2023\/06\/02\/con-actividades-en-todo-el-pais-se-viene-una-nueva-edicion-del-niunamenos\/\" \/>\n<meta property=\"og:site_name\" content=\"Diario Textual\" \/>\n<meta property=\"article:publisher\" content=\"https:\/\/www.facebook.com\/eltextual\" \/>\n<meta property=\"article:published_time\" content=\"2023-06-02T22:51:54+00:00\" \/>\n<meta property=\"article:modified_time\" content=\"2023-06-03T03:23:23+00:00\" \/>\n<meta property=\"og:image\" content=\"https:\/\/diariotextual.com\/inicio\/wp-content\/uploads\/2018\/11\/niunamenos9121111.jpg\" \/>\n\t<meta property=\"og:image:width\" content=\"580\" \/>\n\t<meta property=\"og:image:height\" content=\"350\" \/>\n\t<meta property=\"og:image:type\" content=\"image\/jpeg\" \/>\n<meta name=\"author\" content=\"diario3\" \/>\n<meta name=\"twitter:card\" content=\"summary_large_image\" \/>\n<meta name=\"twitter:creator\" content=\"@eltextual\" \/>\n<meta name=\"twitter:site\" content=\"@eltextual\" \/>\n<meta name=\"twitter:label1\" content=\"Escrito por\" \/>\n\t<meta name=\"twitter:data1\" content=\"diario3\" \/>\n\t<meta name=\"twitter:label2\" content=\"Tiempo de lectura\" \/>\n\t<meta name=\"twitter:data2\" content=\"7 minutos\" \/>\n<script type=\"application\/ld+json\" class=\"yoast-schema-graph\">{\"@context\":\"https:\\\/\\\/schema.org\",\"@graph\":[{\"@type\":\"Article\",\"@id\":\"https:\\\/\\\/diariotextual.com\\\/inicio\\\/index.php\\\/2023\\\/06\\\/02\\\/con-actividades-en-todo-el-pais-se-viene-una-nueva-edicion-del-niunamenos\\\/#article\",\"isPartOf\":{\"@id\":\"https:\\\/\\\/diariotextual.com\\\/inicio\\\/index.php\\\/2023\\\/06\\\/02\\\/con-actividades-en-todo-el-pais-se-viene-una-nueva-edicion-del-niunamenos\\\/\"},\"author\":{\"name\":\"diario3\",\"@id\":\"https:\\\/\\\/diariotextual.com\\\/inicio\\\/#\\\/schema\\\/person\\\/a1b6f563e0ee944c60f98119389a4d9f\"},\"headline\":\"Con actividades en todo el pa\u00eds se viene una nueva edici\u00f3n del #NiUnaMenos\",\"datePublished\":\"2023-06-02T22:51:54+00:00\",\"dateModified\":\"2023-06-03T03:23:23+00:00\",\"mainEntityOfPage\":{\"@id\":\"https:\\\/\\\/diariotextual.com\\\/inicio\\\/index.php\\\/2023\\\/06\\\/02\\\/con-actividades-en-todo-el-pais-se-viene-una-nueva-edicion-del-niunamenos\\\/\"},\"wordCount\":1512,\"publisher\":{\"@id\":\"https:\\\/\\\/diariotextual.com\\\/inicio\\\/#organization\"},\"image\":{\"@id\":\"https:\\\/\\\/diariotextual.com\\\/inicio\\\/index.php\\\/2023\\\/06\\\/02\\\/con-actividades-en-todo-el-pais-se-viene-una-nueva-edicion-del-niunamenos\\\/#primaryimage\"},\"thumbnailUrl\":\"https:\\\/\\\/diariotextual.com\\\/inicio\\\/wp-content\\\/uploads\\\/2018\\\/11\\\/niunamenos9121111.jpg\",\"keywords\":[\"ni una menos\"],\"articleSection\":[\"A - ES NOTICIA (van abajo)\",\"SOCIEDAD\"],\"inLanguage\":\"es\"},{\"@type\":\"WebPage\",\"@id\":\"https:\\\/\\\/diariotextual.com\\\/inicio\\\/index.php\\\/2023\\\/06\\\/02\\\/con-actividades-en-todo-el-pais-se-viene-una-nueva-edicion-del-niunamenos\\\/\",\"url\":\"https:\\\/\\\/diariotextual.com\\\/inicio\\\/index.php\\\/2023\\\/06\\\/02\\\/con-actividades-en-todo-el-pais-se-viene-una-nueva-edicion-del-niunamenos\\\/\",\"name\":\"Con actividades en todo el pa\u00eds se viene una nueva edici\u00f3n del #NiUnaMenos - Diario Textual\",\"isPartOf\":{\"@id\":\"https:\\\/\\\/diariotextual.com\\\/inicio\\\/#website\"},\"primaryImageOfPage\":{\"@id\":\"https:\\\/\\\/diariotextual.com\\\/inicio\\\/index.php\\\/2023\\\/06\\\/02\\\/con-actividades-en-todo-el-pais-se-viene-una-nueva-edicion-del-niunamenos\\\/#primaryimage\"},\"image\":{\"@id\":\"https:\\\/\\\/diariotextual.com\\\/inicio\\\/index.php\\\/2023\\\/06\\\/02\\\/con-actividades-en-todo-el-pais-se-viene-una-nueva-edicion-del-niunamenos\\\/#primaryimage\"},\"thumbnailUrl\":\"https:\\\/\\\/diariotextual.com\\\/inicio\\\/wp-content\\\/uploads\\\/2018\\\/11\\\/niunamenos9121111.jpg\",\"datePublished\":\"2023-06-02T22:51:54+00:00\",\"dateModified\":\"2023-06-03T03:23:23+00:00\",\"breadcrumb\":{\"@id\":\"https:\\\/\\\/diariotextual.com\\\/inicio\\\/index.php\\\/2023\\\/06\\\/02\\\/con-actividades-en-todo-el-pais-se-viene-una-nueva-edicion-del-niunamenos\\\/#breadcrumb\"},\"inLanguage\":\"es\",\"potentialAction\":[{\"@type\":\"ReadAction\",\"target\":[\"https:\\\/\\\/diariotextual.com\\\/inicio\\\/index.php\\\/2023\\\/06\\\/02\\\/con-actividades-en-todo-el-pais-se-viene-una-nueva-edicion-del-niunamenos\\\/\"]}]},{\"@type\":\"ImageObject\",\"inLanguage\":\"es\",\"@id\":\"https:\\\/\\\/diariotextual.com\\\/inicio\\\/index.php\\\/2023\\\/06\\\/02\\\/con-actividades-en-todo-el-pais-se-viene-una-nueva-edicion-del-niunamenos\\\/#primaryimage\",\"url\":\"https:\\\/\\\/diariotextual.com\\\/inicio\\\/wp-content\\\/uploads\\\/2018\\\/11\\\/niunamenos9121111.jpg\",\"contentUrl\":\"https:\\\/\\\/diariotextual.com\\\/inicio\\\/wp-content\\\/uploads\\\/2018\\\/11\\\/niunamenos9121111.jpg\",\"width\":580,\"height\":350},{\"@type\":\"BreadcrumbList\",\"@id\":\"https:\\\/\\\/diariotextual.com\\\/inicio\\\/index.php\\\/2023\\\/06\\\/02\\\/con-actividades-en-todo-el-pais-se-viene-una-nueva-edicion-del-niunamenos\\\/#breadcrumb\",\"itemListElement\":[{\"@type\":\"ListItem\",\"position\":1,\"name\":\"Portada\",\"item\":\"https:\\\/\\\/diariotextual.com\\\/inicio\\\/\"},{\"@type\":\"ListItem\",\"position\":2,\"name\":\"Con actividades en todo el pa\u00eds se viene una nueva edici\u00f3n del #NiUnaMenos\"}]},{\"@type\":\"WebSite\",\"@id\":\"https:\\\/\\\/diariotextual.com\\\/inicio\\\/#website\",\"url\":\"https:\\\/\\\/diariotextual.com\\\/inicio\\\/\",\"name\":\"Diario Textual\",\"description\":\"\",\"publisher\":{\"@id\":\"https:\\\/\\\/diariotextual.com\\\/inicio\\\/#organization\"},\"potentialAction\":[{\"@type\":\"SearchAction\",\"target\":{\"@type\":\"EntryPoint\",\"urlTemplate\":\"https:\\\/\\\/diariotextual.com\\\/inicio\\\/?s={search_term_string}\"},\"query-input\":{\"@type\":\"PropertyValueSpecification\",\"valueRequired\":true,\"valueName\":\"search_term_string\"}}],\"inLanguage\":\"es\"},{\"@type\":\"Organization\",\"@id\":\"https:\\\/\\\/diariotextual.com\\\/inicio\\\/#organization\",\"name\":\"Diario Textual\",\"url\":\"https:\\\/\\\/diariotextual.com\\\/inicio\\\/\",\"logo\":{\"@type\":\"ImageObject\",\"inLanguage\":\"es\",\"@id\":\"https:\\\/\\\/diariotextual.com\\\/inicio\\\/#\\\/schema\\\/logo\\\/image\\\/\",\"url\":\"https:\\\/\\\/diariotextual.com\\\/inicio\\\/wp-content\\\/uploads\\\/2023\\\/05\\\/logotextual1.jpg\",\"contentUrl\":\"https:\\\/\\\/diariotextual.com\\\/inicio\\\/wp-content\\\/uploads\\\/2023\\\/05\\\/logotextual1.jpg\",\"width\":516,\"height\":76,\"caption\":\"Diario Textual\"},\"image\":{\"@id\":\"https:\\\/\\\/diariotextual.com\\\/inicio\\\/#\\\/schema\\\/logo\\\/image\\\/\"},\"sameAs\":[\"https:\\\/\\\/www.facebook.com\\\/eltextual\",\"https:\\\/\\\/x.com\\\/eltextual\",\"http:\\\/\\\/www.instagram.com\\\/eltextual\"]},{\"@type\":\"Person\",\"@id\":\"https:\\\/\\\/diariotextual.com\\\/inicio\\\/#\\\/schema\\\/person\\\/a1b6f563e0ee944c60f98119389a4d9f\",\"name\":\"diario3\",\"image\":{\"@type\":\"ImageObject\",\"inLanguage\":\"es\",\"@id\":\"https:\\\/\\\/secure.gravatar.com\\\/avatar\\\/5e7ee62c82fc04d9dd79d746a390d93c69c43223e5faeeb3ea9461ef752bfc5d?s=96&d=mm&r=g\",\"url\":\"https:\\\/\\\/secure.gravatar.com\\\/avatar\\\/5e7ee62c82fc04d9dd79d746a390d93c69c43223e5faeeb3ea9461ef752bfc5d?s=96&d=mm&r=g\",\"contentUrl\":\"https:\\\/\\\/secure.gravatar.com\\\/avatar\\\/5e7ee62c82fc04d9dd79d746a390d93c69c43223e5faeeb3ea9461ef752bfc5d?s=96&d=mm&r=g\",\"caption\":\"diario3\"},\"url\":\"https:\\\/\\\/diariotextual.com\\\/inicio\\\/index.php\\\/author\\\/diario3\\\/\"}]}<\/script>\n<!-- \/ Yoast SEO plugin. -->","yoast_head_json":{"title":"Con actividades en todo el pa\u00eds se viene una nueva edici\u00f3n del #NiUnaMenos - Diario Textual","robots":{"index":"index","follow":"follow","max-snippet":"max-snippet:-1","max-image-preview":"max-image-preview:large","max-video-preview":"max-video-preview:-1"},"canonical":"https:\/\/diariotextual.com\/inicio\/index.php\/2023\/06\/02\/con-actividades-en-todo-el-pais-se-viene-una-nueva-edicion-del-niunamenos\/","og_locale":"es_ES","og_type":"article","og_title":"Con actividades en todo el pa\u00eds se viene una nueva edici\u00f3n del #NiUnaMenos - Diario Textual","og_description":"Una nueva edici\u00f3n de la movilizaci\u00f3n Ni una Menos se llevar\u00e1 a cabo este s\u00e1bado bajo el lema \u00abVivas, libres y desendeudadas nos queremos. Con este Poder Judicial no hay&hellip;","og_url":"https:\/\/diariotextual.com\/inicio\/index.php\/2023\/06\/02\/con-actividades-en-todo-el-pais-se-viene-una-nueva-edicion-del-niunamenos\/","og_site_name":"Diario Textual","article_publisher":"https:\/\/www.facebook.com\/eltextual","article_published_time":"2023-06-02T22:51:54+00:00","article_modified_time":"2023-06-03T03:23:23+00:00","og_image":[{"width":580,"height":350,"url":"https:\/\/diariotextual.com\/inicio\/wp-content\/uploads\/2018\/11\/niunamenos9121111.jpg","type":"image\/jpeg"}],"author":"diario3","twitter_card":"summary_large_image","twitter_creator":"@eltextual","twitter_site":"@eltextual","twitter_misc":{"Escrito por":"diario3","Tiempo de lectura":"7 minutos"},"schema":{"@context":"https:\/\/schema.org","@graph":[{"@type":"Article","@id":"https:\/\/diariotextual.com\/inicio\/index.php\/2023\/06\/02\/con-actividades-en-todo-el-pais-se-viene-una-nueva-edicion-del-niunamenos\/#article","isPartOf":{"@id":"https:\/\/diariotextual.com\/inicio\/index.php\/2023\/06\/02\/con-actividades-en-todo-el-pais-se-viene-una-nueva-edicion-del-niunamenos\/"},"author":{"name":"diario3","@id":"https:\/\/diariotextual.com\/inicio\/#\/schema\/person\/a1b6f563e0ee944c60f98119389a4d9f"},"headline":"Con actividades en todo el pa\u00eds se viene una nueva edici\u00f3n del #NiUnaMenos","datePublished":"2023-06-02T22:51:54+00:00","dateModified":"2023-06-03T03:23:23+00:00","mainEntityOfPage":{"@id":"https:\/\/diariotextual.com\/inicio\/index.php\/2023\/06\/02\/con-actividades-en-todo-el-pais-se-viene-una-nueva-edicion-del-niunamenos\/"},"wordCount":1512,"publisher":{"@id":"https:\/\/diariotextual.com\/inicio\/#organization"},"image":{"@id":"https:\/\/diariotextual.com\/inicio\/index.php\/2023\/06\/02\/con-actividades-en-todo-el-pais-se-viene-una-nueva-edicion-del-niunamenos\/#primaryimage"},"thumbnailUrl":"https:\/\/diariotextual.com\/inicio\/wp-content\/uploads\/2018\/11\/niunamenos9121111.jpg","keywords":["ni una menos"],"articleSection":["A - ES NOTICIA (van abajo)","SOCIEDAD"],"inLanguage":"es"},{"@type":"WebPage","@id":"https:\/\/diariotextual.com\/inicio\/index.php\/2023\/06\/02\/con-actividades-en-todo-el-pais-se-viene-una-nueva-edicion-del-niunamenos\/","url":"https:\/\/diariotextual.com\/inicio\/index.php\/2023\/06\/02\/con-actividades-en-todo-el-pais-se-viene-una-nueva-edicion-del-niunamenos\/","name":"Con actividades en todo el pa\u00eds se viene una nueva edici\u00f3n del #NiUnaMenos - Diario Textual","isPartOf":{"@id":"https:\/\/diariotextual.com\/inicio\/#website"},"primaryImageOfPage":{"@id":"https:\/\/diariotextual.com\/inicio\/index.php\/2023\/06\/02\/con-actividades-en-todo-el-pais-se-viene-una-nueva-edicion-del-niunamenos\/#primaryimage"},"image":{"@id":"https:\/\/diariotextual.com\/inicio\/index.php\/2023\/06\/02\/con-actividades-en-todo-el-pais-se-viene-una-nueva-edicion-del-niunamenos\/#primaryimage"},"thumbnailUrl":"https:\/\/diariotextual.com\/inicio\/wp-content\/uploads\/2018\/11\/niunamenos9121111.jpg","datePublished":"2023-06-02T22:51:54+00:00","dateModified":"2023-06-03T03:23:23+00:00","breadcrumb":{"@id":"https:\/\/diariotextual.com\/inicio\/index.php\/2023\/06\/02\/con-actividades-en-todo-el-pais-se-viene-una-nueva-edicion-del-niunamenos\/#breadcrumb"},"inLanguage":"es","potentialAction":[{"@type":"ReadAction","target":["https:\/\/diariotextual.com\/inicio\/index.php\/2023\/06\/02\/con-actividades-en-todo-el-pais-se-viene-una-nueva-edicion-del-niunamenos\/"]}]},{"@type":"ImageObject","inLanguage":"es","@id":"https:\/\/diariotextual.com\/inicio\/index.php\/2023\/06\/02\/con-actividades-en-todo-el-pais-se-viene-una-nueva-edicion-del-niunamenos\/#primaryimage","url":"https:\/\/diariotextual.com\/inicio\/wp-content\/uploads\/2018\/11\/niunamenos9121111.jpg","contentUrl":"https:\/\/diariotextual.com\/inicio\/wp-content\/uploads\/2018\/11\/niunamenos9121111.jpg","width":580,"height":350},{"@type":"BreadcrumbList","@id":"https:\/\/diariotextual.com\/inicio\/index.php\/2023\/06\/02\/con-actividades-en-todo-el-pais-se-viene-una-nueva-edicion-del-niunamenos\/#breadcrumb","itemListElement":[{"@type":"ListItem","position":1,"name":"Portada","item":"https:\/\/diariotextual.com\/inicio\/"},{"@type":"ListItem","position":2,"name":"Con actividades en todo el pa\u00eds se viene una nueva edici\u00f3n del #NiUnaMenos"}]},{"@type":"WebSite","@id":"https:\/\/diariotextual.com\/inicio\/#website","url":"https:\/\/diariotextual.com\/inicio\/","name":"Diario Textual","description":"","publisher":{"@id":"https:\/\/diariotextual.com\/inicio\/#organization"},"potentialAction":[{"@type":"SearchAction","target":{"@type":"EntryPoint","urlTemplate":"https:\/\/diariotextual.com\/inicio\/?s={search_term_string}"},"query-input":{"@type":"PropertyValueSpecification","valueRequired":true,"valueName":"search_term_string"}}],"inLanguage":"es"},{"@type":"Organization","@id":"https:\/\/diariotextual.com\/inicio\/#organization","name":"Diario Textual","url":"https:\/\/diariotextual.com\/inicio\/","logo":{"@type":"ImageObject","inLanguage":"es","@id":"https:\/\/diariotextual.com\/inicio\/#\/schema\/logo\/image\/","url":"https:\/\/diariotextual.com\/inicio\/wp-content\/uploads\/2023\/05\/logotextual1.jpg","contentUrl":"https:\/\/diariotextual.com\/inicio\/wp-content\/uploads\/2023\/05\/logotextual1.jpg","width":516,"height":76,"caption":"Diario Textual"},"image":{"@id":"https:\/\/diariotextual.com\/inicio\/#\/schema\/logo\/image\/"},"sameAs":["https:\/\/www.facebook.com\/eltextual","https:\/\/x.com\/eltextual","http:\/\/www.instagram.com\/eltextual"]},{"@type":"Person","@id":"https:\/\/diariotextual.com\/inicio\/#\/schema\/person\/a1b6f563e0ee944c60f98119389a4d9f","name":"diario3","image":{"@type":"ImageObject","inLanguage":"es","@id":"https:\/\/secure.gravatar.com\/avatar\/5e7ee62c82fc04d9dd79d746a390d93c69c43223e5faeeb3ea9461ef752bfc5d?s=96&d=mm&r=g","url":"https:\/\/secure.gravatar.com\/avatar\/5e7ee62c82fc04d9dd79d746a390d93c69c43223e5faeeb3ea9461ef752bfc5d?s=96&d=mm&r=g","contentUrl":"https:\/\/secure.gravatar.com\/avatar\/5e7ee62c82fc04d9dd79d746a390d93c69c43223e5faeeb3ea9461ef752bfc5d?s=96&d=mm&r=g","caption":"diario3"},"url":"https:\/\/diariotextual.com\/inicio\/index.php\/author\/diario3\/"}]}},"_links":{"self":[{"href":"https:\/\/diariotextual.com\/inicio\/index.php\/wp-json\/wp\/v2\/posts\/227382","targetHints":{"allow":["GET"]}}],"collection":[{"href":"https:\/\/diariotextual.com\/inicio\/index.php\/wp-json\/wp\/v2\/posts"}],"about":[{"href":"https:\/\/diariotextual.com\/inicio\/index.php\/wp-json\/wp\/v2\/types\/post"}],"author":[{"embeddable":true,"href":"https:\/\/diariotextual.com\/inicio\/index.php\/wp-json\/wp\/v2\/users\/5"}],"replies":[{"embeddable":true,"href":"https:\/\/diariotextual.com\/inicio\/index.php\/wp-json\/wp\/v2\/comments?post=227382"}],"version-history":[{"count":1,"href":"https:\/\/diariotextual.com\/inicio\/index.php\/wp-json\/wp\/v2\/posts\/227382\/revisions"}],"predecessor-version":[{"id":227384,"href":"https:\/\/diariotextual.com\/inicio\/index.php\/wp-json\/wp\/v2\/posts\/227382\/revisions\/227384"}],"wp:featuredmedia":[{"embeddable":true,"href":"https:\/\/diariotextual.com\/inicio\/index.php\/wp-json\/wp\/v2\/media\/26851"}],"wp:attachment":[{"href":"https:\/\/diariotextual.com\/inicio\/index.php\/wp-json\/wp\/v2\/media?parent=227382"}],"wp:term":[{"taxonomy":"category","embeddable":true,"href":"https:\/\/diariotextual.com\/inicio\/index.php\/wp-json\/wp\/v2\/categories?post=227382"},{"taxonomy":"post_tag","embeddable":true,"href":"https:\/\/diariotextual.com\/inicio\/index.php\/wp-json\/wp\/v2\/tags?post=227382"}],"curies":[{"name":"wp","href":"https:\/\/api.w.org\/{rel}","templated":true}]}}